{"id":2108,"date":"2012-12-24T08:38:17","date_gmt":"2012-12-24T13:08:17","guid":{"rendered":"https:\/\/seryhumano.com\/web\/?p=2108"},"modified":"2012-12-24T13:09:00","modified_gmt":"2012-12-24T17:39:00","slug":"el-ano-que-mama-noel-repartio-los-regalos-de-navidad","status":"publish","type":"post","link":"https:\/\/seryhumano.com\/web\/?p=2108","title":{"rendered":"El a\u00f1o que mam\u00e1 Noel reparti\u00f3 los regalos de navidad"},"content":{"rendered":"<p><a href=\"https:\/\/seryhumano.com\/web\/?attachment_id=2109\" rel=\"attachment wp-att-2109\"><img loading=\"lazy\" decoding=\"async\" class=\"alignleft size-thumbnail wp-image-2109\" alt=\"Laponia\" src=\"https:\/\/seryhumano.com\/web\/wp-content\/uploads\/2012\/12\/Laponia-150x150.jpg\" width=\"150\" height=\"150\" srcset=\"https:\/\/seryhumano.com\/web\/wp-content\/uploads\/2012\/12\/Laponia-150x150.jpg 150w, https:\/\/seryhumano.com\/web\/wp-content\/uploads\/2012\/12\/Laponia-50x50.jpg 50w\" sizes=\"auto, (max-width: 150px) 100vw, 150px\" \/><\/a>Podr\u00eda decir de este cuento que as\u00ed fue, porque as\u00ed me lo contaron, pero&#8230; a los hechos me remito. Como sabes en Laponia, donde vive Pap\u00e1 Noel, hace un fr\u00edo terrible, te casta\u00f1etean los dientes, algunos d\u00edas se te pegan las pesta\u00f1as, y de los techos de las casas cuelgan unas incisivas y largu\u00edsimas estalactitas.<\/p>\n<p>En fin, cabe imaginar que en lugar tan maravilloso como inh\u00f3spito, las ardillas usan guantes; los lobos, lustrosas botas de cuero; y los renos, unos graciosos gorros rojos con orlas blancas, que acaban en su punta con una gracioso pomp\u00f3n.<\/p>\n<p><a href=\"https:\/\/seryhumano.com\/web\/?attachment_id=2110\" rel=\"attachment wp-att-2110\"><img loading=\"lazy\" decoding=\"async\" class=\"alignleft size-thumbnail wp-image-2110\" alt=\"Laponia 1\" src=\"https:\/\/seryhumano.com\/web\/wp-content\/uploads\/2012\/12\/Laponia-1-150x150.jpg\" width=\"150\" height=\"150\" srcset=\"https:\/\/seryhumano.com\/web\/wp-content\/uploads\/2012\/12\/Laponia-1-150x150.jpg 150w, https:\/\/seryhumano.com\/web\/wp-content\/uploads\/2012\/12\/Laponia-1-50x50.jpg 50w, https:\/\/seryhumano.com\/web\/wp-content\/uploads\/2012\/12\/Laponia-1-205x207.jpg 205w\" sizes=\"auto, (max-width: 150px) 100vw, 150px\" \/><\/a>\u00a1Pero lo que les voy a contar que no sepas! O \u00bfno son de los primeros en salir hacia los bazares navide\u00f1os de las plazas de los pueblos y ciudades, y all\u00ed mir\u00e1s encantados las figuras de Bel\u00e9n, las zambombas, las bolsas de confeti, la nieve artificia, hasta que, lo inevitable, vuelves al hogar con uno de esos maravillosos gorros rojos y blancos sobre la cabeza.<\/p>\n<p>Pues a punto estaba de llegar a Laponia como a todo el mundo, el d\u00eda de Navidad y Pap\u00e1 Noel amaneci\u00f3 con tos y fiebre.<a href=\"https:\/\/seryhumano.com\/web\/?attachment_id=2111\" rel=\"attachment wp-att-2111\"><img loading=\"lazy\" decoding=\"async\" class=\"alignright size-thumbnail wp-image-2111\" alt=\"Santa\" src=\"https:\/\/seryhumano.com\/web\/wp-content\/uploads\/2012\/12\/Santa-150x150.jpg\" width=\"150\" height=\"150\" srcset=\"https:\/\/seryhumano.com\/web\/wp-content\/uploads\/2012\/12\/Santa-150x150.jpg 150w, https:\/\/seryhumano.com\/web\/wp-content\/uploads\/2012\/12\/Santa-50x50.jpg 50w\" sizes=\"auto, (max-width: 150px) 100vw, 150px\" \/><\/a><\/p>\n<p>-Es gripe -dec\u00eda, con los ojos llorosos. Y muy preocupado a\u00f1ad\u00eda &#8211; \u00a1Qu\u00e9 va a ser de mis ni\u00f1itas y ni\u00f1itos! \u00bfQui\u00e9n repartir\u00e1 las ilusiones y esperanzas, tantos regalos como ellos esperan?<\/p>\n<p>-\u00a1Yo! -grit\u00f3 una vocecita peque\u00f1a y delgada como un airecillo primaveral que llegaba de la cocina.<\/p>\n<p>Pap\u00e1 Noel, pens\u00f3 en un ratoncito. Lo hab\u00eda visto hac\u00eda tiempo protegi\u00e9ndose del fr\u00edo del invierno junto a la cocina de le\u00f1a.<\/p>\n<p><a href=\"https:\/\/seryhumano.com\/web\/?attachment_id=2112\" rel=\"attachment wp-att-2112\"><img loading=\"lazy\" decoding=\"async\" class=\"alignleft size-thumbnail wp-image-2112\" alt=\"mam\u00e1 Noel\" src=\"https:\/\/seryhumano.com\/web\/wp-content\/uploads\/2012\/12\/mam\u00e1-Noel-150x132.jpg\" width=\"150\" height=\"132\" \/><\/a>-\u00a1Yo! -repiti\u00f3 la vocecita&#8230; que acerc\u00e1ndose a Pap\u00e1 Noel, le trajo un gran vaso de leche con miel y un pastelillo. Yo lo har\u00e9.<\/p>\n<p>Pap\u00e1 Noel escuch\u00f3 sin decir nada. Y Mam\u00e1 Noel, repiti\u00f3:<\/p>\n<p>-Yo lo har\u00e9&#8230;<\/p>\n<p>Bueno, la verdad es que a Pap\u00e1 Noel ese cambio no le agrad\u00f3 mucho; \u00e9l, se llevaba los honores; \u00e9l, recib\u00eda las cartas de millones de ni\u00f1as y ni\u00f1os; de \u00e9l, se hablaba en todos los telediarios y peri\u00f3dicos del mundo&#8230;<\/p>\n<p>-Est\u00e1 bien -refunfu\u00f1\u00f3- est\u00e1 bien. Los tiempos han cambiado. Lo reconozco. He de reconocerlo. Me parece&#8230; justo.<\/p>\n<p>Entonces Mam\u00e1 Noel, consol\u00e1ndole, dijo:<a href=\"https:\/\/seryhumano.com\/web\/?attachment_id=2113\" rel=\"attachment wp-att-2113\"><img loading=\"lazy\" decoding=\"async\" class=\"alignright size-thumbnail wp-image-2113\" alt=\"mam\u00e1 Noel1\" src=\"https:\/\/seryhumano.com\/web\/wp-content\/uploads\/2012\/12\/mam\u00e1-Noel1-150x150.jpg\" width=\"150\" height=\"150\" srcset=\"https:\/\/seryhumano.com\/web\/wp-content\/uploads\/2012\/12\/mam\u00e1-Noel1-150x150.jpg 150w, https:\/\/seryhumano.com\/web\/wp-content\/uploads\/2012\/12\/mam\u00e1-Noel1-50x50.jpg 50w, https:\/\/seryhumano.com\/web\/wp-content\/uploads\/2012\/12\/mam\u00e1-Noel1.jpg 225w\" sizes=\"auto, (max-width: 150px) 100vw, 150px\" \/><\/a><\/p>\n<p>-No te preocupes, Papa. No lo notar\u00e1n. Llevar\u00e9 tu traje, me pondr\u00e9 un almohad\u00f3n para imitar tu barriga, y&#8230; y&#8230; hasta una barba postiza.<\/p>\n<p>Afuera, el trineo estaba preparado. Sonaban los cascabelillos de los arneses y los renos se mov\u00edan ansiosos y expectantes. Nevaba, y de los pinos ca\u00edan espont\u00e1neos pu\u00f1ados de nieve.<\/p>\n<p>-No, no es justo -reflexion\u00f3 Pap\u00e1 Noel-.No puedo permitirlo. T\u00fa eres t\u00fa.<\/p>\n<p>Entonces Mam\u00e1 Noel, dijo:<\/p>\n<p>-Bien, bien&#8230; Veo que los dos ya est\u00e1bamos preparados para este cambio.<\/p>\n<p>-\u00a1Atchiss! -contest\u00f3 Pap\u00e1 Noel.<\/p>\n<p><a href=\"https:\/\/seryhumano.com\/web\/?attachment_id=2114\" rel=\"attachment wp-att-2114\"><img loading=\"lazy\" decoding=\"async\" class=\"alignleft size-thumbnail wp-image-2114\" alt=\"mam\u00e1 Noel2\" src=\"https:\/\/seryhumano.com\/web\/wp-content\/uploads\/2012\/12\/mam\u00e1-Noel2-150x150.jpg\" width=\"150\" height=\"150\" srcset=\"https:\/\/seryhumano.com\/web\/wp-content\/uploads\/2012\/12\/mam\u00e1-Noel2-150x150.jpg 150w, https:\/\/seryhumano.com\/web\/wp-content\/uploads\/2012\/12\/mam\u00e1-Noel2-50x50.jpg 50w, https:\/\/seryhumano.com\/web\/wp-content\/uploads\/2012\/12\/mam\u00e1-Noel2.jpg 225w\" sizes=\"auto, (max-width: 150px) 100vw, 150px\" \/><\/a>Mam\u00e1 Noel comenz\u00f3 a vestir su propio traje. No se ajust\u00f3 barba, ni panza, ni carg\u00f3 un saco gigante lleno de juguetes sobre su espalda como para demostrar cu\u00e1n fuerte era para su edad. Se mir\u00f3 al espejo, no estaba mal. Era mayor, pero su rostro reflejaba serenidad. Entonces, mirando a Pap\u00e1 Noel, se despidi\u00f3:<\/p>\n<p>-Es hora de marchar.<\/p>\n<p>-S\u00ed -dijo \u00e9l.<\/p>\n<p>-Volver\u00e9 pronto -susurr\u00f3 ella- d\u00e1ndole un cari\u00f1oso beso en la mejilla.<\/p>\n<p>-Te estar\u00e9 esperando \u2013dijo Pap\u00e1 Noel<\/p>\n<p><a href=\"https:\/\/seryhumano.com\/web\/?attachment_id=2115\" rel=\"attachment wp-att-2115\"><img loading=\"lazy\" decoding=\"async\" class=\"alignleft size-thumbnail wp-image-2115\" alt=\"Navidad\" src=\"https:\/\/seryhumano.com\/web\/wp-content\/uploads\/2012\/12\/Navidad-150x150.jpg\" width=\"150\" height=\"150\" srcset=\"https:\/\/seryhumano.com\/web\/wp-content\/uploads\/2012\/12\/Navidad-150x150.jpg 150w, https:\/\/seryhumano.com\/web\/wp-content\/uploads\/2012\/12\/Navidad-50x50.jpg 50w\" sizes=\"auto, (max-width: 150px) 100vw, 150px\" \/><\/a>As\u00ed fue como Mam\u00e1 Noel, reparti\u00f3 los regalos de Navidad, pero\u2026 \u00a1siempre hay un pero!, s\u00f3lo algunas personas, las que esperaban el maravilloso acontecimiento de ver aparecer alg\u00fan d\u00eda a Mam\u00e1 Noel, la vieron, y fueron muy dichosos.<\/p>\n<p>Llamaron a la prensa, y al d\u00eda siguiente, la noticia que pod\u00eda o\u00edrse y leerse en la radio y en los peri\u00f3dicos, era: \u00abMam\u00e1 Noel, reparti\u00f3 los juguetes de este a\u00f1o\u00bb. \u00abMam\u00e1 Noel, hizo las delicias de los ni\u00f1os\u00bb. \u00abEl nuevo siglo nos ha tra\u00eddo a Mam\u00e1 Noel\u00bb.<\/p>\n<p>Pero Mam\u00e1 Noel no pensaba s\u00f3lo en esto, aunque la hac\u00eda muy feliz, sino en c\u00f3mo estar\u00eda Pap\u00e1 Noel recuper\u00e1ndose de su gripe.<\/p>\n<p>Cuando lleg\u00f3 a su casa de Laponia -y no les cuento cu\u00e1n cansados estaban los renos y Mam\u00e1 Noel- se encontr\u00f3 a Pap\u00e1 Noel cantando y amasando pastelillos en la cocina.<a href=\"https:\/\/seryhumano.com\/web\/?attachment_id=2116\" rel=\"attachment wp-att-2116\"><img loading=\"lazy\" decoding=\"async\" class=\"alignright size-thumbnail wp-image-2116\" alt=\"Santa1\" src=\"https:\/\/seryhumano.com\/web\/wp-content\/uploads\/2012\/12\/Santa1-150x150.jpg\" width=\"150\" height=\"150\" srcset=\"https:\/\/seryhumano.com\/web\/wp-content\/uploads\/2012\/12\/Santa1-150x150.jpg 150w, https:\/\/seryhumano.com\/web\/wp-content\/uploads\/2012\/12\/Santa1-50x50.jpg 50w\" sizes=\"auto, (max-width: 150px) 100vw, 150px\" \/><\/a><\/p>\n<p>-Hola cielo -dijo ella.<\/p>\n<p>-Hola, mi amor -contest\u00f3 \u00e9l.<\/p>\n<p>Era la primera vez que Pap\u00e1 Noel cocinaba. Adem\u00e1s, hab\u00eda lavado la ropa y ordenado la casa.<br \/>\nJuntos leyeron las noticias de los peri\u00f3dicos, y de todas ellas, la que m\u00e1s les gust\u00f3, fue una que dec\u00eda: \u00abEl a\u00f1o que viene, las ni\u00f1as y ni\u00f1os del mundo, podr\u00e1n escribir -indistintamente- a Mam\u00e1 y a Pap\u00e1 Noel\u00bb.<\/p>\n<p><a href=\"https:\/\/seryhumano.com\/web\/?attachment_id=2117\" rel=\"attachment wp-att-2117\"><img loading=\"lazy\" decoding=\"async\" class=\"alignleft size-thumbnail wp-image-2117\" alt=\"Navidad1\" src=\"https:\/\/seryhumano.com\/web\/wp-content\/uploads\/2012\/12\/Navidad1-150x150.jpg\" width=\"150\" height=\"150\" srcset=\"https:\/\/seryhumano.com\/web\/wp-content\/uploads\/2012\/12\/Navidad1-150x150.jpg 150w, https:\/\/seryhumano.com\/web\/wp-content\/uploads\/2012\/12\/Navidad1-50x50.jpg 50w\" sizes=\"auto, (max-width: 150px) 100vw, 150px\" \/><\/a>\u00a1Lo hab\u00edan conseguido entre todos! Los cambios en las personas y en las vidas, son as\u00ed, primero un deseo, un sue\u00f1o, una posibilidad; luego, una realidad, y cuando esto sucede&#8230;<\/p>\n<p>\u00a1Qu\u00e9 maravilloso el aire de fraternidad que respiran las personas, y qu\u00e9 maravillosa la luz que parece irradiar en el mundo!<\/p>\n<p>seryhumano.com \/ Pilar Alberdi<\/p>\n","protected":false},"excerpt":{"rendered":"<p>Podr\u00eda decir de este cuento que as\u00ed fue, porque as\u00ed me lo contaron, pero&#8230; a los hechos me remito. Como sabes en Laponia, donde vive Pap\u00e1 Noel, hace un fr\u00edo terrible, te casta\u00f1etean los dientes, algunos d\u00edas se te pegan las pesta\u00f1as, y de los techos de las casas cuelgan unas incisivas y largu\u00edsimas estalactitas.&hellip;<\/p>\n","protected":false},"author":2,"featured_media":2121,"comment_status":"closed","ping_status":"closed","sticky":false,"template":"","format":"standard","meta":{"footnotes":""},"categories":[119],"tags":[111],"class_list":["post-2108","post","type-post","status-publish","format-standard","has-post-thumbnail","hentry","category-el-ser-y-yo","tag-slider","category-119","description-off"],"yoast_head":"<!-- This site is optimized with the Yoast SEO plugin v25.4 - https:\/\/yoast.com\/wordpress\/plugins\/seo\/ -->\n<title>El a\u00f1o que mam\u00e1 Noel reparti\u00f3 los regalos de navidad &#187; SeryHumano.com<\/title>\n<meta name=\"robots\" content=\"index, follow, max-snippet:-1, max-image-preview:large, max-video-preview:-1\" \/>\n<link rel=\"canonical\" href=\"https:\/\/seryhumano.com\/web\/?p=2108\" \/>\n<meta property=\"og:locale\" content=\"es_ES\" \/>\n<meta property=\"og:type\" content=\"article\" \/>\n<meta property=\"og:title\" content=\"El a\u00f1o que mam\u00e1 Noel reparti\u00f3 los regalos de navidad &#187; SeryHumano.com\" \/>\n<meta property=\"og:description\" content=\"Podr\u00eda decir de este cuento que as\u00ed fue, porque as\u00ed me lo contaron, pero&#8230; a los hechos me remito. Como sabes en Laponia, donde vive Pap\u00e1 Noel, hace un fr\u00edo terrible, te casta\u00f1etean los dientes, algunos d\u00edas se te pegan las pesta\u00f1as, y de los techos de las casas cuelgan unas incisivas y largu\u00edsimas estalactitas.&hellip;\" \/>\n<meta property=\"og:url\" content=\"https:\/\/seryhumano.com\/web\/?p=2108\" \/>\n<meta property=\"og:site_name\" content=\"SeryHumano.com\" \/>\n<meta property=\"article:publisher\" content=\"https:\/\/www.facebook.com\/seryhumano\/\" \/>\n<meta property=\"article:published_time\" content=\"2012-12-24T13:08:17+00:00\" \/>\n<meta property=\"article:modified_time\" content=\"2012-12-24T17:39:00+00:00\" \/>\n<meta property=\"og:image\" content=\"https:\/\/seryhumano.com\/web\/wp-content\/uploads\/2012\/12\/featureslider_santa.jpg\" \/>\n\t<meta property=\"og:image:width\" content=\"910\" \/>\n\t<meta property=\"og:image:height\" content=\"227\" \/>\n\t<meta property=\"og:image:type\" content=\"image\/jpeg\" \/>\n<meta name=\"author\" content=\"@herrera_yosmar\" \/>\n<meta name=\"twitter:card\" content=\"summary_large_image\" \/>\n<meta name=\"twitter:creator\" content=\"@SeryHumano\" \/>\n<meta name=\"twitter:site\" content=\"@SeryHumano\" \/>\n<meta name=\"twitter:label1\" content=\"Escrito por\" \/>\n\t<meta name=\"twitter:data1\" content=\"@herrera_yosmar\" \/>\n\t<meta name=\"twitter:label2\" content=\"Tiempo de lectura\" \/>\n\t<meta name=\"twitter:data2\" content=\"4 minutos\" \/>\n<script type=\"application\/ld+json\" class=\"yoast-schema-graph\">{\"@context\":\"https:\/\/schema.org\",\"@graph\":[{\"@type\":\"Article\",\"@id\":\"https:\/\/seryhumano.com\/web\/?p=2108#article\",\"isPartOf\":{\"@id\":\"https:\/\/seryhumano.com\/web\/?p=2108\"},\"author\":{\"name\":\"@herrera_yosmar\",\"@id\":\"https:\/\/seryhumano.com\/web\/#\/schema\/person\/fd30e8e0b394a62344b44d9b0fe75795\"},\"headline\":\"El a\u00f1o que mam\u00e1 Noel reparti\u00f3 los regalos de navidad\",\"datePublished\":\"2012-12-24T13:08:17+00:00\",\"dateModified\":\"2012-12-24T17:39:00+00:00\",\"mainEntityOfPage\":{\"@id\":\"https:\/\/seryhumano.com\/web\/?p=2108\"},\"wordCount\":863,\"publisher\":{\"@id\":\"https:\/\/seryhumano.com\/web\/#organization\"},\"image\":{\"@id\":\"https:\/\/seryhumano.com\/web\/?p=2108#primaryimage\"},\"thumbnailUrl\":\"https:\/\/seryhumano.com\/web\/wp-content\/uploads\/2012\/12\/featureslider_santa.jpg\",\"keywords\":[\"Slider\"],\"articleSection\":[\"El Ser y YO\"],\"inLanguage\":\"es\"},{\"@type\":\"WebPage\",\"@id\":\"https:\/\/seryhumano.com\/web\/?p=2108\",\"url\":\"https:\/\/seryhumano.com\/web\/?p=2108\",\"name\":\"El a\u00f1o que mam\u00e1 Noel reparti\u00f3 los regalos de navidad &#187; SeryHumano.com\",\"isPartOf\":{\"@id\":\"https:\/\/seryhumano.com\/web\/#website\"},\"primaryImageOfPage\":{\"@id\":\"https:\/\/seryhumano.com\/web\/?p=2108#primaryimage\"},\"image\":{\"@id\":\"https:\/\/seryhumano.com\/web\/?p=2108#primaryimage\"},\"thumbnailUrl\":\"https:\/\/seryhumano.com\/web\/wp-content\/uploads\/2012\/12\/featureslider_santa.jpg\",\"datePublished\":\"2012-12-24T13:08:17+00:00\",\"dateModified\":\"2012-12-24T17:39:00+00:00\",\"breadcrumb\":{\"@id\":\"https:\/\/seryhumano.com\/web\/?p=2108#breadcrumb\"},\"inLanguage\":\"es\",\"potentialAction\":[{\"@type\":\"ReadAction\",\"target\":[\"https:\/\/seryhumano.com\/web\/?p=2108\"]}]},{\"@type\":\"ImageObject\",\"inLanguage\":\"es\",\"@id\":\"https:\/\/seryhumano.com\/web\/?p=2108#primaryimage\",\"url\":\"https:\/\/seryhumano.com\/web\/wp-content\/uploads\/2012\/12\/featureslider_santa.jpg\",\"contentUrl\":\"https:\/\/seryhumano.com\/web\/wp-content\/uploads\/2012\/12\/featureslider_santa.jpg\",\"width\":910,\"height\":227},{\"@type\":\"BreadcrumbList\",\"@id\":\"https:\/\/seryhumano.com\/web\/?p=2108#breadcrumb\",\"itemListElement\":[{\"@type\":\"ListItem\",\"position\":1,\"name\":\"Portada\",\"item\":\"https:\/\/seryhumano.com\/web\/\"},{\"@type\":\"ListItem\",\"position\":2,\"name\":\"El a\u00f1o que mam\u00e1 Noel reparti\u00f3 los regalos de navidad\"}]},{\"@type\":\"WebSite\",\"@id\":\"https:\/\/seryhumano.com\/web\/#website\",\"url\":\"https:\/\/seryhumano.com\/web\/\",\"name\":\"SeryHumano.com\",\"description\":\"Revista digital muy humana, donde lo mas importante es el Ser...\",\"publisher\":{\"@id\":\"https:\/\/seryhumano.com\/web\/#organization\"},\"potentialAction\":[{\"@type\":\"SearchAction\",\"target\":{\"@type\":\"EntryPoint\",\"urlTemplate\":\"https:\/\/seryhumano.com\/web\/?s={search_term_string}\"},\"query-input\":{\"@type\":\"PropertyValueSpecification\",\"valueRequired\":true,\"valueName\":\"search_term_string\"}}],\"inLanguage\":\"es\"},{\"@type\":\"Organization\",\"@id\":\"https:\/\/seryhumano.com\/web\/#organization\",\"name\":\"SeryHumano.com\",\"url\":\"https:\/\/seryhumano.com\/web\/\",\"logo\":{\"@type\":\"ImageObject\",\"inLanguage\":\"es\",\"@id\":\"https:\/\/seryhumano.com\/web\/#\/schema\/logo\/image\/\",\"url\":\"https:\/\/seryhumano.com\/web\/wp-content\/uploads\/2020\/02\/JNe5VRwH_400x400-2.jpg\",\"contentUrl\":\"https:\/\/seryhumano.com\/web\/wp-content\/uploads\/2020\/02\/JNe5VRwH_400x400-2.jpg\",\"width\":400,\"height\":400,\"caption\":\"SeryHumano.com\"},\"image\":{\"@id\":\"https:\/\/seryhumano.com\/web\/#\/schema\/logo\/image\/\"},\"sameAs\":[\"https:\/\/www.facebook.com\/seryhumano\/\",\"https:\/\/x.com\/SeryHumano\",\"https:\/\/www.instagram.com\/seryhumano\/\",\"https:\/\/www.linkedin.com\/company\/seryhumano-com\/\",\"https:\/\/www.youtube.com\/channel\/UCYfgIGSxygVnJAW0e9ZBZWg\"]},{\"@type\":\"Person\",\"@id\":\"https:\/\/seryhumano.com\/web\/#\/schema\/person\/fd30e8e0b394a62344b44d9b0fe75795\",\"name\":\"@herrera_yosmar\",\"description\":\"Eterna enamorada de la vida, comunicadora, mam\u00e1 de tres\",\"sameAs\":[\"http:\/\/seryhumano.com\"],\"url\":\"https:\/\/seryhumano.com\/web\/?author=2\"}]}<\/script>\n<!-- \/ Yoast SEO plugin. -->","yoast_head_json":{"title":"El a\u00f1o que mam\u00e1 Noel reparti\u00f3 los regalos de navidad &#187; SeryHumano.com","robots":{"index":"index","follow":"follow","max-snippet":"max-snippet:-1","max-image-preview":"max-image-preview:large","max-video-preview":"max-video-preview:-1"},"canonical":"https:\/\/seryhumano.com\/web\/?p=2108","og_locale":"es_ES","og_type":"article","og_title":"El a\u00f1o que mam\u00e1 Noel reparti\u00f3 los regalos de navidad &#187; SeryHumano.com","og_description":"Podr\u00eda decir de este cuento que as\u00ed fue, porque as\u00ed me lo contaron, pero&#8230; a los hechos me remito. Como sabes en Laponia, donde vive Pap\u00e1 Noel, hace un fr\u00edo terrible, te casta\u00f1etean los dientes, algunos d\u00edas se te pegan las pesta\u00f1as, y de los techos de las casas cuelgan unas incisivas y largu\u00edsimas estalactitas.&hellip;","og_url":"https:\/\/seryhumano.com\/web\/?p=2108","og_site_name":"SeryHumano.com","article_publisher":"https:\/\/www.facebook.com\/seryhumano\/","article_published_time":"2012-12-24T13:08:17+00:00","article_modified_time":"2012-12-24T17:39:00+00:00","og_image":[{"width":910,"height":227,"url":"https:\/\/seryhumano.com\/web\/wp-content\/uploads\/2012\/12\/featureslider_santa.jpg","type":"image\/jpeg"}],"author":"@herrera_yosmar","twitter_card":"summary_large_image","twitter_creator":"@SeryHumano","twitter_site":"@SeryHumano","twitter_misc":{"Escrito por":"@herrera_yosmar","Tiempo de lectura":"4 minutos"},"schema":{"@context":"https:\/\/schema.org","@graph":[{"@type":"Article","@id":"https:\/\/seryhumano.com\/web\/?p=2108#article","isPartOf":{"@id":"https:\/\/seryhumano.com\/web\/?p=2108"},"author":{"name":"@herrera_yosmar","@id":"https:\/\/seryhumano.com\/web\/#\/schema\/person\/fd30e8e0b394a62344b44d9b0fe75795"},"headline":"El a\u00f1o que mam\u00e1 Noel reparti\u00f3 los regalos de navidad","datePublished":"2012-12-24T13:08:17+00:00","dateModified":"2012-12-24T17:39:00+00:00","mainEntityOfPage":{"@id":"https:\/\/seryhumano.com\/web\/?p=2108"},"wordCount":863,"publisher":{"@id":"https:\/\/seryhumano.com\/web\/#organization"},"image":{"@id":"https:\/\/seryhumano.com\/web\/?p=2108#primaryimage"},"thumbnailUrl":"https:\/\/seryhumano.com\/web\/wp-content\/uploads\/2012\/12\/featureslider_santa.jpg","keywords":["Slider"],"articleSection":["El Ser y YO"],"inLanguage":"es"},{"@type":"WebPage","@id":"https:\/\/seryhumano.com\/web\/?p=2108","url":"https:\/\/seryhumano.com\/web\/?p=2108","name":"El a\u00f1o que mam\u00e1 Noel reparti\u00f3 los regalos de navidad &#187; SeryHumano.com","isPartOf":{"@id":"https:\/\/seryhumano.com\/web\/#website"},"primaryImageOfPage":{"@id":"https:\/\/seryhumano.com\/web\/?p=2108#primaryimage"},"image":{"@id":"https:\/\/seryhumano.com\/web\/?p=2108#primaryimage"},"thumbnailUrl":"https:\/\/seryhumano.com\/web\/wp-content\/uploads\/2012\/12\/featureslider_santa.jpg","datePublished":"2012-12-24T13:08:17+00:00","dateModified":"2012-12-24T17:39:00+00:00","breadcrumb":{"@id":"https:\/\/seryhumano.com\/web\/?p=2108#breadcrumb"},"inLanguage":"es","potentialAction":[{"@type":"ReadAction","target":["https:\/\/seryhumano.com\/web\/?p=2108"]}]},{"@type":"ImageObject","inLanguage":"es","@id":"https:\/\/seryhumano.com\/web\/?p=2108#primaryimage","url":"https:\/\/seryhumano.com\/web\/wp-content\/uploads\/2012\/12\/featureslider_santa.jpg","contentUrl":"https:\/\/seryhumano.com\/web\/wp-content\/uploads\/2012\/12\/featureslider_santa.jpg","width":910,"height":227},{"@type":"BreadcrumbList","@id":"https:\/\/seryhumano.com\/web\/?p=2108#breadcrumb","itemListElement":[{"@type":"ListItem","position":1,"name":"Portada","item":"https:\/\/seryhumano.com\/web\/"},{"@type":"ListItem","position":2,"name":"El a\u00f1o que mam\u00e1 Noel reparti\u00f3 los regalos de navidad"}]},{"@type":"WebSite","@id":"https:\/\/seryhumano.com\/web\/#website","url":"https:\/\/seryhumano.com\/web\/","name":"SeryHumano.com","description":"Revista digital muy humana, donde lo mas importante es el Ser...","publisher":{"@id":"https:\/\/seryhumano.com\/web\/#organization"},"potentialAction":[{"@type":"SearchAction","target":{"@type":"EntryPoint","urlTemplate":"https:\/\/seryhumano.com\/web\/?s={search_term_string}"},"query-input":{"@type":"PropertyValueSpecification","valueRequired":true,"valueName":"search_term_string"}}],"inLanguage":"es"},{"@type":"Organization","@id":"https:\/\/seryhumano.com\/web\/#organization","name":"SeryHumano.com","url":"https:\/\/seryhumano.com\/web\/","logo":{"@type":"ImageObject","inLanguage":"es","@id":"https:\/\/seryhumano.com\/web\/#\/schema\/logo\/image\/","url":"https:\/\/seryhumano.com\/web\/wp-content\/uploads\/2020\/02\/JNe5VRwH_400x400-2.jpg","contentUrl":"https:\/\/seryhumano.com\/web\/wp-content\/uploads\/2020\/02\/JNe5VRwH_400x400-2.jpg","width":400,"height":400,"caption":"SeryHumano.com"},"image":{"@id":"https:\/\/seryhumano.com\/web\/#\/schema\/logo\/image\/"},"sameAs":["https:\/\/www.facebook.com\/seryhumano\/","https:\/\/x.com\/SeryHumano","https:\/\/www.instagram.com\/seryhumano\/","https:\/\/www.linkedin.com\/company\/seryhumano-com\/","https:\/\/www.youtube.com\/channel\/UCYfgIGSxygVnJAW0e9ZBZWg"]},{"@type":"Person","@id":"https:\/\/seryhumano.com\/web\/#\/schema\/person\/fd30e8e0b394a62344b44d9b0fe75795","name":"@herrera_yosmar","description":"Eterna enamorada de la vida, comunicadora, mam\u00e1 de tres","sameAs":["http:\/\/seryhumano.com"],"url":"https:\/\/seryhumano.com\/web\/?author=2"}]}},"_links":{"self":[{"href":"https:\/\/seryhumano.com\/web\/index.php?rest_route=\/wp\/v2\/posts\/2108","targetHints":{"allow":["GET"]}}],"collection":[{"href":"https:\/\/seryhumano.com\/web\/index.php?rest_route=\/wp\/v2\/posts"}],"about":[{"href":"https:\/\/seryhumano.com\/web\/index.php?rest_route=\/wp\/v2\/types\/post"}],"author":[{"embeddable":true,"href":"https:\/\/seryhumano.com\/web\/index.php?rest_route=\/wp\/v2\/users\/2"}],"replies":[{"embeddable":true,"href":"https:\/\/seryhumano.com\/web\/index.php?rest_route=%2Fwp%2Fv2%2Fcomments&post=2108"}],"version-history":[{"count":0,"href":"https:\/\/seryhumano.com\/web\/index.php?rest_route=\/wp\/v2\/posts\/2108\/revisions"}],"wp:featuredmedia":[{"embeddable":true,"href":"https:\/\/seryhumano.com\/web\/index.php?rest_route=\/wp\/v2\/media\/2121"}],"wp:attachment":[{"href":"https:\/\/seryhumano.com\/web\/index.php?rest_route=%2Fwp%2Fv2%2Fmedia&parent=2108"}],"wp:term":[{"taxonomy":"category","embeddable":true,"href":"https:\/\/seryhumano.com\/web\/index.php?rest_route=%2Fwp%2Fv2%2Fcategories&post=2108"},{"taxonomy":"post_tag","embeddable":true,"href":"https:\/\/seryhumano.com\/web\/index.php?rest_route=%2Fwp%2Fv2%2Ftags&post=2108"}],"curies":[{"name":"wp","href":"https:\/\/api.w.org\/{rel}","templated":true}]}}