{"id":2180,"date":"2013-01-04T07:59:22","date_gmt":"2013-01-04T12:29:22","guid":{"rendered":"https:\/\/seryhumano.com\/web\/?p=2180"},"modified":"2013-01-04T09:43:25","modified_gmt":"2013-01-04T14:13:25","slug":"la-nanotecnologia-y-la-luz-solar","status":"publish","type":"post","link":"https:\/\/seryhumano.com\/web\/?p=2180","title":{"rendered":"La nanotecnolog\u00eda y la luz solar"},"content":{"rendered":"<p><a href=\"https:\/\/seryhumano.com\/web\/?attachment_id=2181\" rel=\"attachment wp-att-2181\"><img loading=\"lazy\" decoding=\"async\" class=\"alignleft size-thumbnail wp-image-2181\" alt=\"Nano\" src=\"https:\/\/seryhumano.com\/web\/wp-content\/uploads\/2013\/01\/Nano-150x150.jpg\" width=\"150\" height=\"150\" srcset=\"https:\/\/seryhumano.com\/web\/wp-content\/uploads\/2013\/01\/Nano-150x150.jpg 150w, https:\/\/seryhumano.com\/web\/wp-content\/uploads\/2013\/01\/Nano-50x50.jpg 50w\" sizes=\"auto, (max-width: 150px) 100vw, 150px\" \/><\/a>Investigadores de la Universitat Jaume I (Espa\u00f1a), dirigido por el catedr\u00e1tico Juan Bisquert, han desarrollado -empleando nanotecnolog\u00eda- un dispositivo con materiales semiconductores que en medio acuoso genera hidr\u00f3geno de forma aut\u00f3noma. Para ello se\u00a0emplea \u00fanicamente luz solar.<\/p>\n<p>Esta tecnolog\u00eda, que recibe el nombre de &#8216;fotos\u00edntesis artificial&#8217;, est\u00e1 inspirada en la fotos\u00edntesis que se produce en la naturaleza (proceso en el que las plantas aprovechan la energ\u00eda solar para transformar la materia org\u00e1nica en compuestos org\u00e1nicos, liberando la energ\u00eda qu\u00edmica almacenada en los enlaces de la mol\u00e9cula adenosina trifosfato-ATP, y obteniendo compuestos energ\u00e9ticos como az\u00facares y carbohidratos).<\/p>\n<p><a href=\"https:\/\/seryhumano.com\/web\/?attachment_id=2182\" rel=\"attachment wp-att-2182\"><img loading=\"lazy\" decoding=\"async\" class=\"alignleft size-thumbnail wp-image-2182\" alt=\"Hidr\u00f3geno\" src=\"https:\/\/seryhumano.com\/web\/wp-content\/uploads\/2013\/01\/Hidr\u00f3geno-150x150.jpg\" width=\"150\" height=\"150\" srcset=\"https:\/\/seryhumano.com\/web\/wp-content\/uploads\/2013\/01\/Hidr\u00f3geno-150x150.jpg 150w, https:\/\/seryhumano.com\/web\/wp-content\/uploads\/2013\/01\/Hidr\u00f3geno-50x50.jpg 50w\" sizes=\"auto, (max-width: 150px) 100vw, 150px\" \/><\/a>El hidr\u00f3geno es un elemento muy abundante en la superficie de la tierra, pero en su forma combinada con el ox\u00edgeno: el agua (H<sub>2<\/sub>O). La mol\u00e9cula de hidr\u00f3geno (H<sub>2<\/sub>) contiene mucha energ\u00eda que puede ser liberada cuando se quema debido a la reacci\u00f3n con el ox\u00edgeno atmosf\u00e9rico, dando como \u00fanico residuo del proceso de combusti\u00f3n agua. Para convertir el agua en combustible (H<sub>2<\/sub>) hay que romper la mol\u00e9cula H<sub>2<\/sub>O separando sus componentes, y para que el proceso se realice de forma renovable (sin utilizar reservas f\u00f3siles del subsuelo) es necesario utilizar un dispositivo que emplee la energ\u00eda de radiaci\u00f3n solar y, sin ninguna otra ayuda, realice las reacciones qu\u00edmicas de romper la agua y formar hidr\u00f3geno, de forma similar a como lo hacen las hojas de las plantas. Por eso estos dispositivos reciben la denominaci\u00f3n de hoja artificial.<a href=\"https:\/\/seryhumano.com\/web\/?attachment_id=2183\" rel=\"attachment wp-att-2183\"><img loading=\"lazy\" decoding=\"async\" class=\"alignright size-thumbnail wp-image-2183\" alt=\"Hidr\u00f3geno 1\" src=\"https:\/\/seryhumano.com\/web\/wp-content\/uploads\/2013\/01\/Hidr\u00f3geno-1-150x150.jpg\" width=\"150\" height=\"150\" srcset=\"https:\/\/seryhumano.com\/web\/wp-content\/uploads\/2013\/01\/Hidr\u00f3geno-1-150x150.jpg 150w, https:\/\/seryhumano.com\/web\/wp-content\/uploads\/2013\/01\/Hidr\u00f3geno-1-50x50.jpg 50w\" sizes=\"auto, (max-width: 150px) 100vw, 150px\" \/><\/a><\/p>\n<p>\u201cAunque el rendimiento energ\u00e9tico del dispositivo no es, en estos momentos, suficiente para pensar en su comercializaci\u00f3n, estamos explorando distintas v\u00edas para mejorar su eficiencia y demostrar que esta tecnolog\u00eda constituye una alternativa real para satisfacer la demanda energ\u00e9tica del siglo XXI\u201d, comenta Sixto Gim\u00e9nez, uno de los investigadores responsables del trabajo.<\/p>\n<p><span style=\"text-decoration: underline;\">Burbujas de gas hidr\u00f3geno<\/span><\/p>\n<p>El dispositivo se sumerge en la soluci\u00f3n acuosa y cuando se ilumina con una fuente de luz genera burbujas de gas hidr\u00f3geno. En un primer paso, el grupo de investigaci\u00f3n ha utilizado una disoluci\u00f3n con un agente oxidante\u00a0y estudia la evoluci\u00f3n del hidr\u00f3geno producido por los fotones. \u201cAhora el reto m\u00e1s importante -comenta Iv\u00e1n Mora, miembro del equipo que ha desarrollado el dispositivo- es comprender los procesos f\u00edsico-qu\u00edmicos que se producen en el material semiconductor y en su interface con el medio acuoso para racionalizar el proceso de optimizaci\u00f3n del dispositivo\u201d.<a href=\"https:\/\/seryhumano.com\/web\/?attachment_id=2184\" rel=\"attachment wp-att-2184\"><img loading=\"lazy\" decoding=\"async\" class=\"alignright size-thumbnail wp-image-2184\" alt=\"Burbujas de gas hidr\u00f3geno\" src=\"https:\/\/seryhumano.com\/web\/wp-content\/uploads\/2013\/01\/Burbujas-de-gas-hidr\u00f3geno-150x150.jpg\" width=\"150\" height=\"150\" srcset=\"https:\/\/seryhumano.com\/web\/wp-content\/uploads\/2013\/01\/Burbujas-de-gas-hidr\u00f3geno-150x150.jpg 150w, https:\/\/seryhumano.com\/web\/wp-content\/uploads\/2013\/01\/Burbujas-de-gas-hidr\u00f3geno-50x50.jpg 50w\" sizes=\"auto, (max-width: 150px) 100vw, 150px\" \/><\/a><\/p>\n<p>El desarrollo de la hoja artificial es un gran desaf\u00edo cient\u00edfico por la dificultad que supone la selecci\u00f3n de los materiales que intervendr\u00e1n en el proceso, de forma que funcionen de forma continuada y sin descomponerse. Actualmente, el Grupo de Dispositivos Fotovoltaicos y Optoelectr\u00f3nicos de la Universitat Jaume I es uno de los pocos grupos de investigaci\u00f3n a nivel mundial que han demostrado la viabilidad de un dispositivo de estas caracter\u00edsticas, junto a los laboratorios norteamericanos del MIT en Boston \u00a0o NREL en Denver (EEUU).<\/p>\n<p><a href=\"https:\/\/seryhumano.com\/web\/?attachment_id=2185\" rel=\"attachment wp-att-2185\"><img loading=\"lazy\" decoding=\"async\" class=\"alignleft size-thumbnail wp-image-2185\" alt=\"Juan Bisquert\" src=\"https:\/\/seryhumano.com\/web\/wp-content\/uploads\/2013\/01\/Juan-Bisquert-150x150.jpg\" width=\"150\" height=\"150\" srcset=\"https:\/\/seryhumano.com\/web\/wp-content\/uploads\/2013\/01\/Juan-Bisquert-150x150.jpg 150w, https:\/\/seryhumano.com\/web\/wp-content\/uploads\/2013\/01\/Juan-Bisquert-50x50.jpg 50w\" sizes=\"auto, (max-width: 150px) 100vw, 150px\" \/><\/a>El director del grupo de investigaci\u00f3n Juan Bisquert comenta que \u201cen comparaci\u00f3n con otros dispositivos, el desarrollado por la UJI presenta la ventaja de su bajo coste de producci\u00f3n y de una mayor recolecci\u00f3n de los fotones incidentes de la luz, utiliz\u00e1ndose para la producci\u00f3n de hidr\u00f3geno fotones incluso del espectro infrarrojo\u201d.<\/p>\n<p>La producci\u00f3n de hidr\u00f3geno de forma eficiente utilizando materiales semiconductores y luz solar constituye un reto crucial -seg\u00fan sus promotores- para hacer realidad un cambio de modelo energ\u00e9tico hasta una tecnolog\u00eda de conversi\u00f3n sostenible, basado en recursos inagotables y respetuosos con el medio ambiente.<\/p>\n<p>seryhumano.com \/ ecoticias.com<\/p>\n","protected":false},"excerpt":{"rendered":"<p>Investigadores de la Universitat Jaume I (Espa\u00f1a), dirigido por el catedr\u00e1tico Juan Bisquert, han desarrollado -empleando nanotecnolog\u00eda- un dispositivo con materiales semiconductores que en medio acuoso genera hidr\u00f3geno de forma aut\u00f3noma. Para ello se\u00a0emplea \u00fanicamente luz solar. Esta tecnolog\u00eda, que recibe el nombre de &#8216;fotos\u00edntesis artificial&#8217;, est\u00e1 inspirada en la fotos\u00edntesis que se produce en&hellip;<\/p>\n","protected":false},"author":2,"featured_media":2189,"comment_status":"closed","ping_status":"closed","sticky":false,"template":"","format":"standard","meta":{"footnotes":""},"categories":[110,116],"tags":[111],"class_list":["post-2180","post","type-post","status-publish","format-standard","has-post-thumbnail","hentry","category-noticias","category-ser-ecologico","tag-slider","category-110","category-116","description-off"],"yoast_head":"<!-- This site is optimized with the Yoast SEO plugin v25.4 - https:\/\/yoast.com\/wordpress\/plugins\/seo\/ -->\n<title>La nanotecnolog\u00eda y la luz solar &#187; SeryHumano.com<\/title>\n<meta name=\"robots\" content=\"index, follow, max-snippet:-1, max-image-preview:large, max-video-preview:-1\" \/>\n<link rel=\"canonical\" href=\"https:\/\/seryhumano.com\/web\/?p=2180\" \/>\n<meta property=\"og:locale\" content=\"es_ES\" \/>\n<meta property=\"og:type\" content=\"article\" \/>\n<meta property=\"og:title\" content=\"La nanotecnolog\u00eda y la luz solar &#187; SeryHumano.com\" \/>\n<meta property=\"og:description\" content=\"Investigadores de la Universitat Jaume I (Espa\u00f1a), dirigido por el catedr\u00e1tico Juan Bisquert, han desarrollado -empleando nanotecnolog\u00eda- un dispositivo con materiales semiconductores que en medio acuoso genera hidr\u00f3geno de forma aut\u00f3noma. Para ello se\u00a0emplea \u00fanicamente luz solar. Esta tecnolog\u00eda, que recibe el nombre de &#8216;fotos\u00edntesis artificial&#8217;, est\u00e1 inspirada en la fotos\u00edntesis que se produce en&hellip;\" \/>\n<meta property=\"og:url\" content=\"https:\/\/seryhumano.com\/web\/?p=2180\" \/>\n<meta property=\"og:site_name\" content=\"SeryHumano.com\" \/>\n<meta property=\"article:publisher\" content=\"https:\/\/www.facebook.com\/seryhumano\/\" \/>\n<meta property=\"article:published_time\" content=\"2013-01-04T12:29:22+00:00\" \/>\n<meta property=\"article:modified_time\" content=\"2013-01-04T14:13:25+00:00\" \/>\n<meta property=\"og:image\" content=\"https:\/\/seryhumano.com\/web\/wp-content\/uploads\/2013\/01\/featureslider_galaxia.jpg\" \/>\n\t<meta property=\"og:image:width\" content=\"910\" \/>\n\t<meta property=\"og:image:height\" content=\"227\" \/>\n\t<meta property=\"og:image:type\" content=\"image\/jpeg\" \/>\n<meta name=\"author\" content=\"@herrera_yosmar\" \/>\n<meta name=\"twitter:card\" content=\"summary_large_image\" \/>\n<meta name=\"twitter:creator\" content=\"@SeryHumano\" \/>\n<meta name=\"twitter:site\" content=\"@SeryHumano\" \/>\n<meta name=\"twitter:label1\" content=\"Escrito por\" \/>\n\t<meta name=\"twitter:data1\" content=\"@herrera_yosmar\" \/>\n\t<meta name=\"twitter:label2\" content=\"Tiempo de lectura\" \/>\n\t<meta name=\"twitter:data2\" content=\"3 minutos\" \/>\n<script type=\"application\/ld+json\" class=\"yoast-schema-graph\">{\"@context\":\"https:\/\/schema.org\",\"@graph\":[{\"@type\":\"Article\",\"@id\":\"https:\/\/seryhumano.com\/web\/?p=2180#article\",\"isPartOf\":{\"@id\":\"https:\/\/seryhumano.com\/web\/?p=2180\"},\"author\":{\"name\":\"@herrera_yosmar\",\"@id\":\"https:\/\/seryhumano.com\/web\/#\/schema\/person\/fd30e8e0b394a62344b44d9b0fe75795\"},\"headline\":\"La nanotecnolog\u00eda y la luz solar\",\"datePublished\":\"2013-01-04T12:29:22+00:00\",\"dateModified\":\"2013-01-04T14:13:25+00:00\",\"mainEntityOfPage\":{\"@id\":\"https:\/\/seryhumano.com\/web\/?p=2180\"},\"wordCount\":647,\"publisher\":{\"@id\":\"https:\/\/seryhumano.com\/web\/#organization\"},\"image\":{\"@id\":\"https:\/\/seryhumano.com\/web\/?p=2180#primaryimage\"},\"thumbnailUrl\":\"https:\/\/seryhumano.com\/web\/wp-content\/uploads\/2013\/01\/featureslider_galaxia.jpg\",\"keywords\":[\"Slider\"],\"articleSection\":[\"Noticias\",\"Ser Ecol\u00f3gico\"],\"inLanguage\":\"es\"},{\"@type\":\"WebPage\",\"@id\":\"https:\/\/seryhumano.com\/web\/?p=2180\",\"url\":\"https:\/\/seryhumano.com\/web\/?p=2180\",\"name\":\"La nanotecnolog\u00eda y la luz solar &#187; SeryHumano.com\",\"isPartOf\":{\"@id\":\"https:\/\/seryhumano.com\/web\/#website\"},\"primaryImageOfPage\":{\"@id\":\"https:\/\/seryhumano.com\/web\/?p=2180#primaryimage\"},\"image\":{\"@id\":\"https:\/\/seryhumano.com\/web\/?p=2180#primaryimage\"},\"thumbnailUrl\":\"https:\/\/seryhumano.com\/web\/wp-content\/uploads\/2013\/01\/featureslider_galaxia.jpg\",\"datePublished\":\"2013-01-04T12:29:22+00:00\",\"dateModified\":\"2013-01-04T14:13:25+00:00\",\"breadcrumb\":{\"@id\":\"https:\/\/seryhumano.com\/web\/?p=2180#breadcrumb\"},\"inLanguage\":\"es\",\"potentialAction\":[{\"@type\":\"ReadAction\",\"target\":[\"https:\/\/seryhumano.com\/web\/?p=2180\"]}]},{\"@type\":\"ImageObject\",\"inLanguage\":\"es\",\"@id\":\"https:\/\/seryhumano.com\/web\/?p=2180#primaryimage\",\"url\":\"https:\/\/seryhumano.com\/web\/wp-content\/uploads\/2013\/01\/featureslider_galaxia.jpg\",\"contentUrl\":\"https:\/\/seryhumano.com\/web\/wp-content\/uploads\/2013\/01\/featureslider_galaxia.jpg\",\"width\":910,\"height\":227},{\"@type\":\"BreadcrumbList\",\"@id\":\"https:\/\/seryhumano.com\/web\/?p=2180#breadcrumb\",\"itemListElement\":[{\"@type\":\"ListItem\",\"position\":1,\"name\":\"Portada\",\"item\":\"https:\/\/seryhumano.com\/web\/\"},{\"@type\":\"ListItem\",\"position\":2,\"name\":\"La nanotecnolog\u00eda y la luz solar\"}]},{\"@type\":\"WebSite\",\"@id\":\"https:\/\/seryhumano.com\/web\/#website\",\"url\":\"https:\/\/seryhumano.com\/web\/\",\"name\":\"SeryHumano.com\",\"description\":\"Revista digital muy humana, donde lo mas importante es el Ser...\",\"publisher\":{\"@id\":\"https:\/\/seryhumano.com\/web\/#organization\"},\"potentialAction\":[{\"@type\":\"SearchAction\",\"target\":{\"@type\":\"EntryPoint\",\"urlTemplate\":\"https:\/\/seryhumano.com\/web\/?s={search_term_string}\"},\"query-input\":{\"@type\":\"PropertyValueSpecification\",\"valueRequired\":true,\"valueName\":\"search_term_string\"}}],\"inLanguage\":\"es\"},{\"@type\":\"Organization\",\"@id\":\"https:\/\/seryhumano.com\/web\/#organization\",\"name\":\"SeryHumano.com\",\"url\":\"https:\/\/seryhumano.com\/web\/\",\"logo\":{\"@type\":\"ImageObject\",\"inLanguage\":\"es\",\"@id\":\"https:\/\/seryhumano.com\/web\/#\/schema\/logo\/image\/\",\"url\":\"https:\/\/seryhumano.com\/web\/wp-content\/uploads\/2020\/02\/JNe5VRwH_400x400-2.jpg\",\"contentUrl\":\"https:\/\/seryhumano.com\/web\/wp-content\/uploads\/2020\/02\/JNe5VRwH_400x400-2.jpg\",\"width\":400,\"height\":400,\"caption\":\"SeryHumano.com\"},\"image\":{\"@id\":\"https:\/\/seryhumano.com\/web\/#\/schema\/logo\/image\/\"},\"sameAs\":[\"https:\/\/www.facebook.com\/seryhumano\/\",\"https:\/\/x.com\/SeryHumano\",\"https:\/\/www.instagram.com\/seryhumano\/\",\"https:\/\/www.linkedin.com\/company\/seryhumano-com\/\",\"https:\/\/www.youtube.com\/channel\/UCYfgIGSxygVnJAW0e9ZBZWg\"]},{\"@type\":\"Person\",\"@id\":\"https:\/\/seryhumano.com\/web\/#\/schema\/person\/fd30e8e0b394a62344b44d9b0fe75795\",\"name\":\"@herrera_yosmar\",\"description\":\"Eterna enamorada de la vida, comunicadora, mam\u00e1 de tres\",\"sameAs\":[\"http:\/\/seryhumano.com\"],\"url\":\"https:\/\/seryhumano.com\/web\/?author=2\"}]}<\/script>\n<!-- \/ Yoast SEO plugin. -->","yoast_head_json":{"title":"La nanotecnolog\u00eda y la luz solar &#187; SeryHumano.com","robots":{"index":"index","follow":"follow","max-snippet":"max-snippet:-1","max-image-preview":"max-image-preview:large","max-video-preview":"max-video-preview:-1"},"canonical":"https:\/\/seryhumano.com\/web\/?p=2180","og_locale":"es_ES","og_type":"article","og_title":"La nanotecnolog\u00eda y la luz solar &#187; SeryHumano.com","og_description":"Investigadores de la Universitat Jaume I (Espa\u00f1a), dirigido por el catedr\u00e1tico Juan Bisquert, han desarrollado -empleando nanotecnolog\u00eda- un dispositivo con materiales semiconductores que en medio acuoso genera hidr\u00f3geno de forma aut\u00f3noma. Para ello se\u00a0emplea \u00fanicamente luz solar. Esta tecnolog\u00eda, que recibe el nombre de &#8216;fotos\u00edntesis artificial&#8217;, est\u00e1 inspirada en la fotos\u00edntesis que se produce en&hellip;","og_url":"https:\/\/seryhumano.com\/web\/?p=2180","og_site_name":"SeryHumano.com","article_publisher":"https:\/\/www.facebook.com\/seryhumano\/","article_published_time":"2013-01-04T12:29:22+00:00","article_modified_time":"2013-01-04T14:13:25+00:00","og_image":[{"width":910,"height":227,"url":"https:\/\/seryhumano.com\/web\/wp-content\/uploads\/2013\/01\/featureslider_galaxia.jpg","type":"image\/jpeg"}],"author":"@herrera_yosmar","twitter_card":"summary_large_image","twitter_creator":"@SeryHumano","twitter_site":"@SeryHumano","twitter_misc":{"Escrito por":"@herrera_yosmar","Tiempo de lectura":"3 minutos"},"schema":{"@context":"https:\/\/schema.org","@graph":[{"@type":"Article","@id":"https:\/\/seryhumano.com\/web\/?p=2180#article","isPartOf":{"@id":"https:\/\/seryhumano.com\/web\/?p=2180"},"author":{"name":"@herrera_yosmar","@id":"https:\/\/seryhumano.com\/web\/#\/schema\/person\/fd30e8e0b394a62344b44d9b0fe75795"},"headline":"La nanotecnolog\u00eda y la luz solar","datePublished":"2013-01-04T12:29:22+00:00","dateModified":"2013-01-04T14:13:25+00:00","mainEntityOfPage":{"@id":"https:\/\/seryhumano.com\/web\/?p=2180"},"wordCount":647,"publisher":{"@id":"https:\/\/seryhumano.com\/web\/#organization"},"image":{"@id":"https:\/\/seryhumano.com\/web\/?p=2180#primaryimage"},"thumbnailUrl":"https:\/\/seryhumano.com\/web\/wp-content\/uploads\/2013\/01\/featureslider_galaxia.jpg","keywords":["Slider"],"articleSection":["Noticias","Ser Ecol\u00f3gico"],"inLanguage":"es"},{"@type":"WebPage","@id":"https:\/\/seryhumano.com\/web\/?p=2180","url":"https:\/\/seryhumano.com\/web\/?p=2180","name":"La nanotecnolog\u00eda y la luz solar &#187; SeryHumano.com","isPartOf":{"@id":"https:\/\/seryhumano.com\/web\/#website"},"primaryImageOfPage":{"@id":"https:\/\/seryhumano.com\/web\/?p=2180#primaryimage"},"image":{"@id":"https:\/\/seryhumano.com\/web\/?p=2180#primaryimage"},"thumbnailUrl":"https:\/\/seryhumano.com\/web\/wp-content\/uploads\/2013\/01\/featureslider_galaxia.jpg","datePublished":"2013-01-04T12:29:22+00:00","dateModified":"2013-01-04T14:13:25+00:00","breadcrumb":{"@id":"https:\/\/seryhumano.com\/web\/?p=2180#breadcrumb"},"inLanguage":"es","potentialAction":[{"@type":"ReadAction","target":["https:\/\/seryhumano.com\/web\/?p=2180"]}]},{"@type":"ImageObject","inLanguage":"es","@id":"https:\/\/seryhumano.com\/web\/?p=2180#primaryimage","url":"https:\/\/seryhumano.com\/web\/wp-content\/uploads\/2013\/01\/featureslider_galaxia.jpg","contentUrl":"https:\/\/seryhumano.com\/web\/wp-content\/uploads\/2013\/01\/featureslider_galaxia.jpg","width":910,"height":227},{"@type":"BreadcrumbList","@id":"https:\/\/seryhumano.com\/web\/?p=2180#breadcrumb","itemListElement":[{"@type":"ListItem","position":1,"name":"Portada","item":"https:\/\/seryhumano.com\/web\/"},{"@type":"ListItem","position":2,"name":"La nanotecnolog\u00eda y la luz solar"}]},{"@type":"WebSite","@id":"https:\/\/seryhumano.com\/web\/#website","url":"https:\/\/seryhumano.com\/web\/","name":"SeryHumano.com","description":"Revista digital muy humana, donde lo mas importante es el Ser...","publisher":{"@id":"https:\/\/seryhumano.com\/web\/#organization"},"potentialAction":[{"@type":"SearchAction","target":{"@type":"EntryPoint","urlTemplate":"https:\/\/seryhumano.com\/web\/?s={search_term_string}"},"query-input":{"@type":"PropertyValueSpecification","valueRequired":true,"valueName":"search_term_string"}}],"inLanguage":"es"},{"@type":"Organization","@id":"https:\/\/seryhumano.com\/web\/#organization","name":"SeryHumano.com","url":"https:\/\/seryhumano.com\/web\/","logo":{"@type":"ImageObject","inLanguage":"es","@id":"https:\/\/seryhumano.com\/web\/#\/schema\/logo\/image\/","url":"https:\/\/seryhumano.com\/web\/wp-content\/uploads\/2020\/02\/JNe5VRwH_400x400-2.jpg","contentUrl":"https:\/\/seryhumano.com\/web\/wp-content\/uploads\/2020\/02\/JNe5VRwH_400x400-2.jpg","width":400,"height":400,"caption":"SeryHumano.com"},"image":{"@id":"https:\/\/seryhumano.com\/web\/#\/schema\/logo\/image\/"},"sameAs":["https:\/\/www.facebook.com\/seryhumano\/","https:\/\/x.com\/SeryHumano","https:\/\/www.instagram.com\/seryhumano\/","https:\/\/www.linkedin.com\/company\/seryhumano-com\/","https:\/\/www.youtube.com\/channel\/UCYfgIGSxygVnJAW0e9ZBZWg"]},{"@type":"Person","@id":"https:\/\/seryhumano.com\/web\/#\/schema\/person\/fd30e8e0b394a62344b44d9b0fe75795","name":"@herrera_yosmar","description":"Eterna enamorada de la vida, comunicadora, mam\u00e1 de tres","sameAs":["http:\/\/seryhumano.com"],"url":"https:\/\/seryhumano.com\/web\/?author=2"}]}},"_links":{"self":[{"href":"https:\/\/seryhumano.com\/web\/index.php?rest_route=\/wp\/v2\/posts\/2180","targetHints":{"allow":["GET"]}}],"collection":[{"href":"https:\/\/seryhumano.com\/web\/index.php?rest_route=\/wp\/v2\/posts"}],"about":[{"href":"https:\/\/seryhumano.com\/web\/index.php?rest_route=\/wp\/v2\/types\/post"}],"author":[{"embeddable":true,"href":"https:\/\/seryhumano.com\/web\/index.php?rest_route=\/wp\/v2\/users\/2"}],"replies":[{"embeddable":true,"href":"https:\/\/seryhumano.com\/web\/index.php?rest_route=%2Fwp%2Fv2%2Fcomments&post=2180"}],"version-history":[{"count":0,"href":"https:\/\/seryhumano.com\/web\/index.php?rest_route=\/wp\/v2\/posts\/2180\/revisions"}],"wp:featuredmedia":[{"embeddable":true,"href":"https:\/\/seryhumano.com\/web\/index.php?rest_route=\/wp\/v2\/media\/2189"}],"wp:attachment":[{"href":"https:\/\/seryhumano.com\/web\/index.php?rest_route=%2Fwp%2Fv2%2Fmedia&parent=2180"}],"wp:term":[{"taxonomy":"category","embeddable":true,"href":"https:\/\/seryhumano.com\/web\/index.php?rest_route=%2Fwp%2Fv2%2Fcategories&post=2180"},{"taxonomy":"post_tag","embeddable":true,"href":"https:\/\/seryhumano.com\/web\/index.php?rest_route=%2Fwp%2Fv2%2Ftags&post=2180"}],"curies":[{"name":"wp","href":"https:\/\/api.w.org\/{rel}","templated":true}]}}