{"id":22102,"date":"2016-03-25T12:44:27","date_gmt":"2016-03-25T17:14:27","guid":{"rendered":"https:\/\/seryhumano.com\/web\/?p=22102"},"modified":"2016-12-22T09:56:07","modified_gmt":"2016-12-22T14:26:07","slug":"el-papa-francisco-goza-de-popularidad-mundial","status":"publish","type":"post","link":"https:\/\/seryhumano.com\/web\/?p=22102","title":{"rendered":"El papa Francisco goza de popularidad mundial"},"content":{"rendered":"<p>El papa Francisco alcanza su mayor cota de popularidad en Am\u00e9rica Latina, donde casi ocho de cada diez ciudadanos tienen una buena opini\u00f3n suya, indica un sondeo efectuado en 68 pa\u00edses.<\/p>\n<p><a href=\"https:\/\/seryhumano.com\/web\/el-papa-francisco-goza-de-popularidad-mundial\/papa-alegre\/\" rel=\"attachment wp-att-22103\"><img loading=\"lazy\" decoding=\"async\" class=\"aligncenter size-full wp-image-22103\" src=\"https:\/\/seryhumano.com\/web\/wp-content\/uploads\/2016\/03\/papa-alegre-e1458925942587.jpg\" alt=\"papa-alegre\" width=\"500\" height=\"250\" \/><\/a><\/p>\n<p>La encuesta realizada por el instituto demosc\u00f3pico BVA entre los pasados octubre y diciembre, que interrog\u00f3 a 67.550 personas por internet, tel\u00e9fono o cara a cara, a\u00f1ade que Norteam\u00e9rica (63 %) y la Uni\u00f3n Europea (62 %) son las otras dos zonas donde recibe los mayores apoyos.<\/p>\n<p>En Europa, fuera de la UE, ese porcentaje baja el 47 %, cinco puntos m\u00e1s que en el \u00c1frica subsahariana, mientras que en Ocean\u00eda y Asia se sit\u00faa en el 37 % y en Oriente Medio y el norte de \u00c1frica en el 35 %.<\/p>\n<p>Independientemente de la religi\u00f3n de los encuestados, el pa\u00eds que le mostr\u00f3 mejor consideraci\u00f3n fue Portugal (94 %), seguido por Filipinas (93 %) y Argentina (89 %), su pa\u00eds natal.<\/p>\n<p><a href=\"https:\/\/seryhumano.com\/web\/el-papa-francisco-goza-de-popularidad-mundial\/papa-francisco2\/\" rel=\"attachment wp-att-22104\"><img loading=\"lazy\" decoding=\"async\" class=\"aligncenter size-full wp-image-22104\" src=\"https:\/\/seryhumano.com\/web\/wp-content\/uploads\/2016\/03\/papa-Francisco2-e1458926053900.jpg\" alt=\"papa Francisco2\" width=\"500\" height=\"275\" \/><\/a><\/p>\n<p>Espa\u00f1a, con un 80 % de opiniones favorables, el mismo porcentaje que en el L\u00edbano, se ubica en s\u00e9ptimo lugar, mientras que los \u00faltimos puestos los encabezan Azerbaiy\u00e1n (5 %), Argelia (9 %), Ir\u00e1n (10 %) y Turqu\u00eda (13 %).<\/p>\n<p>El bar\u00f3metro precisa que su popularidad var\u00eda fuertemente en funci\u00f3n de la religi\u00f3n y del sexo de los encuestados. El visto bueno a su figura pasa del 85 % entre los cat\u00f3licos al 53 % entre los protestantes, y del 49 % de los ortodoxos al 28 % de los musulmanes, mientras que entre los ateos y agn\u00f3sticos roza el aprobado (51 %).<\/p>\n<p>Asimismo, entre los menores de 35 a\u00f1os obtiene un respaldo del 48 %, que se eleva al 53 % entre aquellos de entre 35 y 54 a\u00f1os, y al 62 % entre los mayores de 55.<\/p>\n<p>seryhumano.com<\/p>\n<p>EFE<\/p>\n","protected":false},"excerpt":{"rendered":"<p>El papa Francisco alcanza su mayor cota de popularidad en Am\u00e9rica Latina, donde casi ocho de cada diez ciudadanos tienen una buena opini\u00f3n suya, indica un sondeo efectuado en 68 pa\u00edses. La encuesta realizada por el instituto demosc\u00f3pico BVA entre los pasados octubre y diciembre, que interrog\u00f3 a 67.550 personas por internet, tel\u00e9fono o cara&hellip;<\/p>\n","protected":false},"author":2,"featured_media":22103,"comment_status":"closed","ping_status":"closed","sticky":false,"template":"","format":"standard","meta":{"footnotes":""},"categories":[148],"tags":[143,1768,1113,206],"class_list":["post-22102","post","type-post","status-publish","format-standard","has-post-thumbnail","hentry","category-conociendo-a-un-humano","tag-concepto-del-proyecto","tag-conociendo-a-un-humano","tag-el-papa-francisco-goza-de-popularidad-mundial","tag-papa-francisco","category-148","description-off"],"yoast_head":"<!-- This site is optimized with the Yoast SEO plugin v25.4 - https:\/\/yoast.com\/wordpress\/plugins\/seo\/ -->\n<title>El papa Francisco goza de popularidad mundial &#187; SeryHumano.com<\/title>\n<meta name=\"robots\" content=\"index, follow, max-snippet:-1, max-image-preview:large, max-video-preview:-1\" \/>\n<link rel=\"canonical\" href=\"https:\/\/seryhumano.com\/web\/?p=22102\" \/>\n<meta property=\"og:locale\" content=\"es_ES\" \/>\n<meta property=\"og:type\" content=\"article\" \/>\n<meta property=\"og:title\" content=\"El papa Francisco goza de popularidad mundial &#187; SeryHumano.com\" \/>\n<meta property=\"og:description\" content=\"El papa Francisco alcanza su mayor cota de popularidad en Am\u00e9rica Latina, donde casi ocho de cada diez ciudadanos tienen una buena opini\u00f3n suya, indica un sondeo efectuado en 68 pa\u00edses. La encuesta realizada por el instituto demosc\u00f3pico BVA entre los pasados octubre y diciembre, que interrog\u00f3 a 67.550 personas por internet, tel\u00e9fono o cara&hellip;\" \/>\n<meta property=\"og:url\" content=\"https:\/\/seryhumano.com\/web\/?p=22102\" \/>\n<meta property=\"og:site_name\" content=\"SeryHumano.com\" \/>\n<meta property=\"article:publisher\" content=\"https:\/\/www.facebook.com\/seryhumano\/\" \/>\n<meta property=\"article:published_time\" content=\"2016-03-25T17:14:27+00:00\" \/>\n<meta property=\"article:modified_time\" content=\"2016-12-22T14:26:07+00:00\" \/>\n<meta property=\"og:image\" content=\"https:\/\/seryhumano.com\/web\/wp-content\/uploads\/2016\/03\/papa-alegre-e1458925942587.jpg\" \/>\n\t<meta property=\"og:image:width\" content=\"500\" \/>\n\t<meta property=\"og:image:height\" content=\"250\" \/>\n\t<meta property=\"og:image:type\" content=\"image\/jpeg\" \/>\n<meta name=\"author\" content=\"@herrera_yosmar\" \/>\n<meta name=\"twitter:card\" content=\"summary_large_image\" \/>\n<meta name=\"twitter:creator\" content=\"@SeryHumano\" \/>\n<meta name=\"twitter:site\" content=\"@SeryHumano\" \/>\n<meta name=\"twitter:label1\" content=\"Escrito por\" \/>\n\t<meta name=\"twitter:data1\" content=\"@herrera_yosmar\" \/>\n\t<meta name=\"twitter:label2\" content=\"Tiempo de lectura\" \/>\n\t<meta name=\"twitter:data2\" content=\"1 minuto\" \/>\n<script type=\"application\/ld+json\" class=\"yoast-schema-graph\">{\"@context\":\"https:\/\/schema.org\",\"@graph\":[{\"@type\":\"Article\",\"@id\":\"https:\/\/seryhumano.com\/web\/?p=22102#article\",\"isPartOf\":{\"@id\":\"https:\/\/seryhumano.com\/web\/?p=22102\"},\"author\":{\"name\":\"@herrera_yosmar\",\"@id\":\"https:\/\/seryhumano.com\/web\/#\/schema\/person\/fd30e8e0b394a62344b44d9b0fe75795\"},\"headline\":\"El papa Francisco goza de popularidad mundial\",\"datePublished\":\"2016-03-25T17:14:27+00:00\",\"dateModified\":\"2016-12-22T14:26:07+00:00\",\"mainEntityOfPage\":{\"@id\":\"https:\/\/seryhumano.com\/web\/?p=22102\"},\"wordCount\":283,\"publisher\":{\"@id\":\"https:\/\/seryhumano.com\/web\/#organization\"},\"image\":{\"@id\":\"https:\/\/seryhumano.com\/web\/?p=22102#primaryimage\"},\"thumbnailUrl\":\"https:\/\/seryhumano.com\/web\/wp-content\/uploads\/2016\/03\/papa-alegre-e1458925942587.jpg\",\"keywords\":[\"Concepto del Proyecto\",\"Conociendo a un Humano\",\"El papa Francisco goza de popularidad mundial\",\"papa Francisco\"],\"articleSection\":[\"Conociendo a un Humano\"],\"inLanguage\":\"es\"},{\"@type\":\"WebPage\",\"@id\":\"https:\/\/seryhumano.com\/web\/?p=22102\",\"url\":\"https:\/\/seryhumano.com\/web\/?p=22102\",\"name\":\"El papa Francisco goza de popularidad mundial &#187; SeryHumano.com\",\"isPartOf\":{\"@id\":\"https:\/\/seryhumano.com\/web\/#website\"},\"primaryImageOfPage\":{\"@id\":\"https:\/\/seryhumano.com\/web\/?p=22102#primaryimage\"},\"image\":{\"@id\":\"https:\/\/seryhumano.com\/web\/?p=22102#primaryimage\"},\"thumbnailUrl\":\"https:\/\/seryhumano.com\/web\/wp-content\/uploads\/2016\/03\/papa-alegre-e1458925942587.jpg\",\"datePublished\":\"2016-03-25T17:14:27+00:00\",\"dateModified\":\"2016-12-22T14:26:07+00:00\",\"breadcrumb\":{\"@id\":\"https:\/\/seryhumano.com\/web\/?p=22102#breadcrumb\"},\"inLanguage\":\"es\",\"potentialAction\":[{\"@type\":\"ReadAction\",\"target\":[\"https:\/\/seryhumano.com\/web\/?p=22102\"]}]},{\"@type\":\"ImageObject\",\"inLanguage\":\"es\",\"@id\":\"https:\/\/seryhumano.com\/web\/?p=22102#primaryimage\",\"url\":\"https:\/\/seryhumano.com\/web\/wp-content\/uploads\/2016\/03\/papa-alegre-e1458925942587.jpg\",\"contentUrl\":\"https:\/\/seryhumano.com\/web\/wp-content\/uploads\/2016\/03\/papa-alegre-e1458925942587.jpg\",\"width\":500,\"height\":250},{\"@type\":\"BreadcrumbList\",\"@id\":\"https:\/\/seryhumano.com\/web\/?p=22102#breadcrumb\",\"itemListElement\":[{\"@type\":\"ListItem\",\"position\":1,\"name\":\"Portada\",\"item\":\"https:\/\/seryhumano.com\/web\/\"},{\"@type\":\"ListItem\",\"position\":2,\"name\":\"El papa Francisco goza de popularidad mundial\"}]},{\"@type\":\"WebSite\",\"@id\":\"https:\/\/seryhumano.com\/web\/#website\",\"url\":\"https:\/\/seryhumano.com\/web\/\",\"name\":\"SeryHumano.com\",\"description\":\"Revista digital muy humana, donde lo mas importante es el Ser...\",\"publisher\":{\"@id\":\"https:\/\/seryhumano.com\/web\/#organization\"},\"potentialAction\":[{\"@type\":\"SearchAction\",\"target\":{\"@type\":\"EntryPoint\",\"urlTemplate\":\"https:\/\/seryhumano.com\/web\/?s={search_term_string}\"},\"query-input\":{\"@type\":\"PropertyValueSpecification\",\"valueRequired\":true,\"valueName\":\"search_term_string\"}}],\"inLanguage\":\"es\"},{\"@type\":\"Organization\",\"@id\":\"https:\/\/seryhumano.com\/web\/#organization\",\"name\":\"SeryHumano.com\",\"url\":\"https:\/\/seryhumano.com\/web\/\",\"logo\":{\"@type\":\"ImageObject\",\"inLanguage\":\"es\",\"@id\":\"https:\/\/seryhumano.com\/web\/#\/schema\/logo\/image\/\",\"url\":\"https:\/\/seryhumano.com\/web\/wp-content\/uploads\/2020\/02\/JNe5VRwH_400x400-2.jpg\",\"contentUrl\":\"https:\/\/seryhumano.com\/web\/wp-content\/uploads\/2020\/02\/JNe5VRwH_400x400-2.jpg\",\"width\":400,\"height\":400,\"caption\":\"SeryHumano.com\"},\"image\":{\"@id\":\"https:\/\/seryhumano.com\/web\/#\/schema\/logo\/image\/\"},\"sameAs\":[\"https:\/\/www.facebook.com\/seryhumano\/\",\"https:\/\/x.com\/SeryHumano\",\"https:\/\/www.instagram.com\/seryhumano\/\",\"https:\/\/www.linkedin.com\/company\/seryhumano-com\/\",\"https:\/\/www.youtube.com\/channel\/UCYfgIGSxygVnJAW0e9ZBZWg\"]},{\"@type\":\"Person\",\"@id\":\"https:\/\/seryhumano.com\/web\/#\/schema\/person\/fd30e8e0b394a62344b44d9b0fe75795\",\"name\":\"@herrera_yosmar\",\"description\":\"Eterna enamorada de la vida, comunicadora, mam\u00e1 de tres\",\"sameAs\":[\"http:\/\/seryhumano.com\"],\"url\":\"https:\/\/seryhumano.com\/web\/?author=2\"}]}<\/script>\n<!-- \/ Yoast SEO plugin. -->","yoast_head_json":{"title":"El papa Francisco goza de popularidad mundial &#187; SeryHumano.com","robots":{"index":"index","follow":"follow","max-snippet":"max-snippet:-1","max-image-preview":"max-image-preview:large","max-video-preview":"max-video-preview:-1"},"canonical":"https:\/\/seryhumano.com\/web\/?p=22102","og_locale":"es_ES","og_type":"article","og_title":"El papa Francisco goza de popularidad mundial &#187; SeryHumano.com","og_description":"El papa Francisco alcanza su mayor cota de popularidad en Am\u00e9rica Latina, donde casi ocho de cada diez ciudadanos tienen una buena opini\u00f3n suya, indica un sondeo efectuado en 68 pa\u00edses. La encuesta realizada por el instituto demosc\u00f3pico BVA entre los pasados octubre y diciembre, que interrog\u00f3 a 67.550 personas por internet, tel\u00e9fono o cara&hellip;","og_url":"https:\/\/seryhumano.com\/web\/?p=22102","og_site_name":"SeryHumano.com","article_publisher":"https:\/\/www.facebook.com\/seryhumano\/","article_published_time":"2016-03-25T17:14:27+00:00","article_modified_time":"2016-12-22T14:26:07+00:00","og_image":[{"width":500,"height":250,"url":"https:\/\/seryhumano.com\/web\/wp-content\/uploads\/2016\/03\/papa-alegre-e1458925942587.jpg","type":"image\/jpeg"}],"author":"@herrera_yosmar","twitter_card":"summary_large_image","twitter_creator":"@SeryHumano","twitter_site":"@SeryHumano","twitter_misc":{"Escrito por":"@herrera_yosmar","Tiempo de lectura":"1 minuto"},"schema":{"@context":"https:\/\/schema.org","@graph":[{"@type":"Article","@id":"https:\/\/seryhumano.com\/web\/?p=22102#article","isPartOf":{"@id":"https:\/\/seryhumano.com\/web\/?p=22102"},"author":{"name":"@herrera_yosmar","@id":"https:\/\/seryhumano.com\/web\/#\/schema\/person\/fd30e8e0b394a62344b44d9b0fe75795"},"headline":"El papa Francisco goza de popularidad mundial","datePublished":"2016-03-25T17:14:27+00:00","dateModified":"2016-12-22T14:26:07+00:00","mainEntityOfPage":{"@id":"https:\/\/seryhumano.com\/web\/?p=22102"},"wordCount":283,"publisher":{"@id":"https:\/\/seryhumano.com\/web\/#organization"},"image":{"@id":"https:\/\/seryhumano.com\/web\/?p=22102#primaryimage"},"thumbnailUrl":"https:\/\/seryhumano.com\/web\/wp-content\/uploads\/2016\/03\/papa-alegre-e1458925942587.jpg","keywords":["Concepto del Proyecto","Conociendo a un Humano","El papa Francisco goza de popularidad mundial","papa Francisco"],"articleSection":["Conociendo a un Humano"],"inLanguage":"es"},{"@type":"WebPage","@id":"https:\/\/seryhumano.com\/web\/?p=22102","url":"https:\/\/seryhumano.com\/web\/?p=22102","name":"El papa Francisco goza de popularidad mundial &#187; SeryHumano.com","isPartOf":{"@id":"https:\/\/seryhumano.com\/web\/#website"},"primaryImageOfPage":{"@id":"https:\/\/seryhumano.com\/web\/?p=22102#primaryimage"},"image":{"@id":"https:\/\/seryhumano.com\/web\/?p=22102#primaryimage"},"thumbnailUrl":"https:\/\/seryhumano.com\/web\/wp-content\/uploads\/2016\/03\/papa-alegre-e1458925942587.jpg","datePublished":"2016-03-25T17:14:27+00:00","dateModified":"2016-12-22T14:26:07+00:00","breadcrumb":{"@id":"https:\/\/seryhumano.com\/web\/?p=22102#breadcrumb"},"inLanguage":"es","potentialAction":[{"@type":"ReadAction","target":["https:\/\/seryhumano.com\/web\/?p=22102"]}]},{"@type":"ImageObject","inLanguage":"es","@id":"https:\/\/seryhumano.com\/web\/?p=22102#primaryimage","url":"https:\/\/seryhumano.com\/web\/wp-content\/uploads\/2016\/03\/papa-alegre-e1458925942587.jpg","contentUrl":"https:\/\/seryhumano.com\/web\/wp-content\/uploads\/2016\/03\/papa-alegre-e1458925942587.jpg","width":500,"height":250},{"@type":"BreadcrumbList","@id":"https:\/\/seryhumano.com\/web\/?p=22102#breadcrumb","itemListElement":[{"@type":"ListItem","position":1,"name":"Portada","item":"https:\/\/seryhumano.com\/web\/"},{"@type":"ListItem","position":2,"name":"El papa Francisco goza de popularidad mundial"}]},{"@type":"WebSite","@id":"https:\/\/seryhumano.com\/web\/#website","url":"https:\/\/seryhumano.com\/web\/","name":"SeryHumano.com","description":"Revista digital muy humana, donde lo mas importante es el Ser...","publisher":{"@id":"https:\/\/seryhumano.com\/web\/#organization"},"potentialAction":[{"@type":"SearchAction","target":{"@type":"EntryPoint","urlTemplate":"https:\/\/seryhumano.com\/web\/?s={search_term_string}"},"query-input":{"@type":"PropertyValueSpecification","valueRequired":true,"valueName":"search_term_string"}}],"inLanguage":"es"},{"@type":"Organization","@id":"https:\/\/seryhumano.com\/web\/#organization","name":"SeryHumano.com","url":"https:\/\/seryhumano.com\/web\/","logo":{"@type":"ImageObject","inLanguage":"es","@id":"https:\/\/seryhumano.com\/web\/#\/schema\/logo\/image\/","url":"https:\/\/seryhumano.com\/web\/wp-content\/uploads\/2020\/02\/JNe5VRwH_400x400-2.jpg","contentUrl":"https:\/\/seryhumano.com\/web\/wp-content\/uploads\/2020\/02\/JNe5VRwH_400x400-2.jpg","width":400,"height":400,"caption":"SeryHumano.com"},"image":{"@id":"https:\/\/seryhumano.com\/web\/#\/schema\/logo\/image\/"},"sameAs":["https:\/\/www.facebook.com\/seryhumano\/","https:\/\/x.com\/SeryHumano","https:\/\/www.instagram.com\/seryhumano\/","https:\/\/www.linkedin.com\/company\/seryhumano-com\/","https:\/\/www.youtube.com\/channel\/UCYfgIGSxygVnJAW0e9ZBZWg"]},{"@type":"Person","@id":"https:\/\/seryhumano.com\/web\/#\/schema\/person\/fd30e8e0b394a62344b44d9b0fe75795","name":"@herrera_yosmar","description":"Eterna enamorada de la vida, comunicadora, mam\u00e1 de tres","sameAs":["http:\/\/seryhumano.com"],"url":"https:\/\/seryhumano.com\/web\/?author=2"}]}},"_links":{"self":[{"href":"https:\/\/seryhumano.com\/web\/index.php?rest_route=\/wp\/v2\/posts\/22102","targetHints":{"allow":["GET"]}}],"collection":[{"href":"https:\/\/seryhumano.com\/web\/index.php?rest_route=\/wp\/v2\/posts"}],"about":[{"href":"https:\/\/seryhumano.com\/web\/index.php?rest_route=\/wp\/v2\/types\/post"}],"author":[{"embeddable":true,"href":"https:\/\/seryhumano.com\/web\/index.php?rest_route=\/wp\/v2\/users\/2"}],"replies":[{"embeddable":true,"href":"https:\/\/seryhumano.com\/web\/index.php?rest_route=%2Fwp%2Fv2%2Fcomments&post=22102"}],"version-history":[{"count":0,"href":"https:\/\/seryhumano.com\/web\/index.php?rest_route=\/wp\/v2\/posts\/22102\/revisions"}],"wp:featuredmedia":[{"embeddable":true,"href":"https:\/\/seryhumano.com\/web\/index.php?rest_route=\/wp\/v2\/media\/22103"}],"wp:attachment":[{"href":"https:\/\/seryhumano.com\/web\/index.php?rest_route=%2Fwp%2Fv2%2Fmedia&parent=22102"}],"wp:term":[{"taxonomy":"category","embeddable":true,"href":"https:\/\/seryhumano.com\/web\/index.php?rest_route=%2Fwp%2Fv2%2Fcategories&post=22102"},{"taxonomy":"post_tag","embeddable":true,"href":"https:\/\/seryhumano.com\/web\/index.php?rest_route=%2Fwp%2Fv2%2Ftags&post=22102"}],"curies":[{"name":"wp","href":"https:\/\/api.w.org\/{rel}","templated":true}]}}