{"id":2224,"date":"2013-01-06T19:56:57","date_gmt":"2013-01-07T00:26:57","guid":{"rendered":"https:\/\/seryhumano.com\/web\/?p=2224"},"modified":"2013-01-07T09:37:29","modified_gmt":"2013-01-07T14:07:29","slug":"la-sabiduria-olvidada-de-los-reyes-magos-parte-ii","status":"publish","type":"post","link":"https:\/\/seryhumano.com\/web\/?p=2224","title":{"rendered":"La sabidur\u00eda olvidada de los Reyes Magos (Parte II)"},"content":{"rendered":"<p><a href=\"https:\/\/seryhumano.com\/web\/?attachment_id=2258\" rel=\"attachment wp-att-2258\"><img decoding=\"async\" class=\"alignnone  wp-image-2258 aligncenter\" alt=\"foto1\" src=\"https:\/\/seryhumano.com\/web\/wp-content\/uploads\/2013\/01\/foto1.jpg\" width=\"80%\" srcset=\"https:\/\/seryhumano.com\/web\/wp-content\/uploads\/2013\/01\/foto1.jpg 1680w, https:\/\/seryhumano.com\/web\/wp-content\/uploads\/2013\/01\/foto1-300x187.jpg 300w, https:\/\/seryhumano.com\/web\/wp-content\/uploads\/2013\/01\/foto1-1024x640.jpg 1024w\" sizes=\"(max-width: 1680px) 100vw, 1680px\" \/><\/a><\/p>\n<p>La clave de toda la sabidur\u00eda de los Magos parte de los nombres de las estrellas. El nombre en la Biblia define lo m\u00e1s \u00edntimo del ser o el significado de una misi\u00f3n divina y con frecuencia se asigna de modo solemne. As\u00ed Yahv\u00e9 Elohim trajo ante Ad\u00e1n todos cuantos animales del campo y cuantas aves del cielo form\u00f3 de la tierra, para que viese c\u00f3mo los llamar\u00eda, y fuese el nombre de todos los vivientes el que \u00e9l les diera. Ad\u00e1n, con la ciencia que ten\u00eda antes del pecado original, dio nombre a todos los ganados y a todas las aves del cielo y a todas las bestias del campo. Son frecuentes los pasajes de la Sagrada Escritura que aclaran el significado profundo del nombre de sus protagonistas. El hombre llam\u00f3 a su mujer \u00abEva\u00bb, por ser ella la madre de todos los vivientes. Tu nombre ser\u00e1 Abraham, pues padre de muchedumbre de pueblos te he constituido. Le llam\u00f3 Mois\u00e9s, diciendo: De las aguas lo he sacado. Una virgen concebir\u00e1 y tendr\u00e1 un hijo, a quien pondr\u00e1n por nombre Emmanuel, que traducido significa Dios con nosotros. T\u00fa le pondr\u00e1s por nombre Jes\u00fas, porque \u00e9l salvar\u00e1 a su pueblo de sus pecados. T\u00fa eres Pedro, y sobre esta piedra edificar\u00e9 mi Iglesia. Al que venciere le dar\u00e9 (\u2026) una piedrecita blanca, y en ella escrito un nombre nuevo, que nadie conoce sino el que lo recibe.<\/p>\n<p><a href=\"https:\/\/seryhumano.com\/web\/?attachment_id=2226\" rel=\"attachment wp-att-2226\"><img loading=\"lazy\" decoding=\"async\" class=\"alignleft size-thumbnail wp-image-2226\" alt=\"Constelaciones 1\" src=\"https:\/\/seryhumano.com\/web\/wp-content\/uploads\/2013\/01\/Constelaciones-1-150x150.jpg\" width=\"150\" height=\"150\" srcset=\"https:\/\/seryhumano.com\/web\/wp-content\/uploads\/2013\/01\/Constelaciones-1-150x150.jpg 150w, https:\/\/seryhumano.com\/web\/wp-content\/uploads\/2013\/01\/Constelaciones-1-50x50.jpg 50w\" sizes=\"auto, (max-width: 150px) 100vw, 150px\" \/><\/a>Por ello, sorprende que los animales individuales no tengan nombre pero que Dios si llama a cada estrella por su nombre. A partir del siglo XIX y XX, los trabajos de Rolleston, Seiss y otros indagaron los nombres que ten\u00edan las estrellas en las culturas antiguas y su significado, as\u00ed como las figuras, significado y orden de las constelaciones. Poco a poco emergi\u00f3 de estos trabajos como el texto de tres grandes libros, compuestos cada uno por cuatro cap\u00edtulos de cuatro p\u00e1ginas cada uno, en los que se narraba la ca\u00edda del hombre, la promesa de un Redentor del g\u00e9nero humano que nacer\u00eda de una Virgen, sus sufrimientos, victoria y Reinado final, con multitud de detalles que aqu\u00ed no hay lugar suficiente para exponer. Este era el libro que meditaban los Magos.<\/p>\n<p>Nadie m\u00e1s que Dios puede ser el autor \u00faltimo de esta revelaci\u00f3n. \u00c9l la plasm\u00f3 a trav\u00e9s de im\u00e1genes para que el hombre, a\u00fan desconocedor de la escritura, no olvidara la promesa ni perdiera la esperanza de un Salvador, realizada a las puertas del Para\u00edso, porque sab\u00eda que el G\u00e9nesis no se escribir\u00eda hasta 2.500 a\u00f1os despu\u00e9s. Esta Revelaci\u00f3n sin duda la conocieron los patriarcas antiguos y pas\u00f3 con No\u00e9 a la \u00e9poca posterior al diluvio.\u00a0<a href=\"https:\/\/seryhumano.com\/web\/?attachment_id=2227\" rel=\"attachment wp-att-2227\"><img loading=\"lazy\" decoding=\"async\" class=\"alignright size-thumbnail wp-image-2227\" alt=\"Las puertas del Paraiso\" src=\"https:\/\/seryhumano.com\/web\/wp-content\/uploads\/2013\/01\/Las-puertas-del-Paraiso-150x150.jpg\" width=\"150\" height=\"150\" srcset=\"https:\/\/seryhumano.com\/web\/wp-content\/uploads\/2013\/01\/Las-puertas-del-Paraiso-150x150.jpg 150w, https:\/\/seryhumano.com\/web\/wp-content\/uploads\/2013\/01\/Las-puertas-del-Paraiso-50x50.jpg 50w\" sizes=\"auto, (max-width: 150px) 100vw, 150px\" \/><\/a><\/p>\n<p>Cuando los hombres volvieron a multiplicarse, en algunos lugares el diablo tergivers\u00f3 aquel conocimiento en lo que hoy conocemos como hor\u00f3scopo, de forma que Dios prohibi\u00f3 utilizar las estrellas como modo de adivinaci\u00f3n y estableci\u00f3 entonces la v\u00eda escrita de la Revelaci\u00f3n.<\/p>\n<p>Pero la historia de los Reyes Magos es prueba de que la revelaci\u00f3n divina original tambi\u00e9n pervivi\u00f3, y como dec\u00eda el Salmo 19, el mensaje se transmiti\u00f3 de noche en noche sin necesidad de una voz.<\/p>\n<p><a href=\"https:\/\/seryhumano.com\/web\/?attachment_id=2228\" rel=\"attachment wp-att-2228\"><img loading=\"lazy\" decoding=\"async\" class=\"alignleft size-thumbnail wp-image-2228\" alt=\"Constelaci\u00f3n de Sagitario\" src=\"https:\/\/seryhumano.com\/web\/wp-content\/uploads\/2013\/01\/Constelaci\u00f3n-de-Sagitario-150x150.jpg\" width=\"150\" height=\"150\" srcset=\"https:\/\/seryhumano.com\/web\/wp-content\/uploads\/2013\/01\/Constelaci\u00f3n-de-Sagitario-150x150.jpg 150w, https:\/\/seryhumano.com\/web\/wp-content\/uploads\/2013\/01\/Constelaci\u00f3n-de-Sagitario-50x50.jpg 50w\" sizes=\"auto, (max-width: 150px) 100vw, 150px\" \/><\/a>Desde nuestra situaci\u00f3n actual en la historia podemos ahora entender que el conocimiento de la doble naturaleza divina y humana que ten\u00edan los Reyes Magos sobre aquel Ni\u00f1o proced\u00eda de las figuras de Centauro y Sagitario, que muestran esa doble naturaleza en forma de hombre-caballo. Sab\u00edan de su concepci\u00f3n y parto virginal a trav\u00e9s del significado de las constelaciones de Virgo y Coma. Conoc\u00edan su lucha y sufrimientos redentores porque est\u00e1n descritos en las constelaciones de H\u00e9rcules y Ofiuco o en V\u00edctima (Lupus) y la Cruz del Sur (Crux).<\/p>\n<p>Por \u00faltimo, conoc\u00edan su victoria definitiva por Ori\u00f3n, su resurrecci\u00f3n por Perseo y el \u00c1guila y su realeza definitiva por Cefeo y Leo. Y estos s\u00f3lo son unos pocos de los muchos detalles de la historia de la Salvaci\u00f3n que Dios escribi\u00f3 en las estrellas.<a href=\"https:\/\/seryhumano.com\/web\/?attachment_id=2229\" rel=\"attachment wp-att-2229\"><img loading=\"lazy\" decoding=\"async\" class=\"alignright size-thumbnail wp-image-2229\" alt=\"Constelaci\u00f3n de Ori\u00f3n\" src=\"https:\/\/seryhumano.com\/web\/wp-content\/uploads\/2013\/01\/Constelaci\u00f3n-de-Ori\u00f3n-150x150.jpg\" width=\"150\" height=\"150\" srcset=\"https:\/\/seryhumano.com\/web\/wp-content\/uploads\/2013\/01\/Constelaci\u00f3n-de-Ori\u00f3n-150x150.jpg 150w, https:\/\/seryhumano.com\/web\/wp-content\/uploads\/2013\/01\/Constelaci\u00f3n-de-Ori\u00f3n-50x50.jpg 50w\" sizes=\"auto, (max-width: 150px) 100vw, 150px\" \/><\/a><\/p>\n<p>Una de las propiedades m\u00e1s chocantes de ambas v\u00edas de la \u00fanica Revelaci\u00f3n es la inmovilidad de su mensaje. En las estrellas, es evidente que nadie puede cambiar su posici\u00f3n. En el texto original de la Sagrada Escritura, los hebreos siempre tuvieron a gala su conservaci\u00f3n sin variaciones, hasta el punto que hoy se ha descubierto la existencia de marcas de agua o de autenticidad, pues cada N letras se forman palabras como Torah o Yahweh que descubrir\u00edan enseguida cualquier alteraci\u00f3n. Pero entonces, si ambas v\u00edas de transmisi\u00f3n son inalterables, \u00bfc\u00f3mo se puede dar a conocer mediante ellos un hecho aislado, no recurrente y de calendario inesperado, como ser\u00edan la primera o segunda venidas del Salvador?<\/p>\n<p><a href=\"https:\/\/seryhumano.com\/web\/?attachment_id=2230\" rel=\"attachment wp-att-2230\"><img loading=\"lazy\" decoding=\"async\" class=\"alignleft size-thumbnail wp-image-2230\" alt=\"Constelaciones 2\" src=\"https:\/\/seryhumano.com\/web\/wp-content\/uploads\/2013\/01\/Constelaciones-2-150x150.jpg\" width=\"150\" height=\"150\" srcset=\"https:\/\/seryhumano.com\/web\/wp-content\/uploads\/2013\/01\/Constelaciones-2-150x150.jpg 150w, https:\/\/seryhumano.com\/web\/wp-content\/uploads\/2013\/01\/Constelaciones-2-50x50.jpg 50w\" sizes=\"auto, (max-width: 150px) 100vw, 150px\" \/><\/a>En el caso de las estrellas, los \u00fanicos elementos variables luminosos que pueden aparecer sobre el fondo fijo estelar son los planetas, la luna o los cometas. Los dos primeros son los m\u00e1s frecuentes y se mueven en una estrecha franja alrededor de la l\u00ednea de la ecl\u00edptica, en las que est\u00e1n las 12 constelaciones principales del zodiaco y que en tiempo de los Magos no sab\u00edan predecir. La trayectoria de los cometas sobre el fondo celeste no tiene \u00e1rea determinada de aparici\u00f3n, pero su aparici\u00f3n es solo una peque\u00f1a fracci\u00f3n de las anteriores.<\/p>\n<p>A la hora de determinar cu\u00e1l fue la se\u00f1al o estrella que gui\u00f3 a los Magos se han realizado cientos de hip\u00f3tesis, muchas de ellas imposibles astron\u00f3micamente. Una vez analizadas de acuerdo con nueve caracter\u00edsticas que se\u00f1ala el Evangelio de San Mateo, nos inclinamos por escoger como se\u00f1al la conjunci\u00f3n triple de la estrella Regulus (el peque\u00f1o rey) y el planeta J\u00fapiter que ocurri\u00f3 a lo largo del a\u00f1o 2 antes de JC. Cualquier conjunci\u00f3n planeta-estrella produce un incremento de luminosidad importante para el ojo experto, pero poco resaltable para el inexperto. Esto explicar\u00eda el ambiente de indiferencia que encontraron los Magos en Judea. La posici\u00f3n de esta conjunci\u00f3n es acorde con las sucesivas orientaciones en que el fen\u00f3meno podr\u00eda servir de gu\u00eda al camino de los Magos en Oriente y en Jerusal\u00e9n.\u00a0<a href=\"https:\/\/seryhumano.com\/web\/?attachment_id=2231\" rel=\"attachment wp-att-2231\"><img loading=\"lazy\" decoding=\"async\" class=\"alignright size-thumbnail wp-image-2231\" alt=\"estrella Regulus (el peque\u00f1o rey)\" src=\"https:\/\/seryhumano.com\/web\/wp-content\/uploads\/2013\/01\/estrella-Regulus-el-peque\u00f1o-rey-150x150.jpg\" width=\"150\" height=\"150\" srcset=\"https:\/\/seryhumano.com\/web\/wp-content\/uploads\/2013\/01\/estrella-Regulus-el-peque\u00f1o-rey-150x150.jpg 150w, https:\/\/seryhumano.com\/web\/wp-content\/uploads\/2013\/01\/estrella-Regulus-el-peque\u00f1o-rey-50x50.jpg 50w\" sizes=\"auto, (max-width: 150px) 100vw, 150px\" \/><\/a><\/p>\n<p>Por \u00faltimo, el tercer movimiento retr\u00f3grado de J\u00fapiter en esta conjunci\u00f3n produce una parada aparente del astro de 6 d\u00edas, que se sit\u00faa sobre Bel\u00e9n al mirar desde Jerusal\u00e9n, comenzando el 25 de diciembre. Esta fecha encaja con los \u00faltimos datos sobre la muerte de Herodes el a\u00f1o 1 antes de JC y la muerte de JC en abril del a\u00f1o 33 a la edad de 33 a\u00f1os. Asimismo coincide con las fechas que Ana Catalina Emmerick tuvo en 1821 sus visiones sobre el viaje de los Reyes Magos y su llegada al portal.<\/p>\n<p><a href=\"https:\/\/seryhumano.com\/web\/?attachment_id=2232\" rel=\"attachment wp-att-2232\"><img loading=\"lazy\" decoding=\"async\" class=\"alignleft size-thumbnail wp-image-2232\" alt=\"signos en el sol\" src=\"https:\/\/seryhumano.com\/web\/wp-content\/uploads\/2013\/01\/signos-en-el-sol-150x150.jpg\" width=\"150\" height=\"150\" srcset=\"https:\/\/seryhumano.com\/web\/wp-content\/uploads\/2013\/01\/signos-en-el-sol-150x150.jpg 150w, https:\/\/seryhumano.com\/web\/wp-content\/uploads\/2013\/01\/signos-en-el-sol-50x50.jpg 50w\" sizes=\"auto, (max-width: 150px) 100vw, 150px\" \/><\/a>A partir de esta pauta de hallazgos, se puede establecer una sistem\u00e1tica vigilancia amorosa sobre posibles se\u00f1ales celestiales que apunten a la pr\u00f3xima Venida de Nuestro Se\u00f1or. El mismo Se\u00f1or anunci\u00f3 que poco antes de su Venida habr\u00eda signos en el sol, la luna y las estrellas, lo que se podr\u00eda considerar como una invitaci\u00f3n a comportarnos como los Magos, cuando ya otras se\u00f1ales indiquen la cercan\u00eda de su llegada. Como dijimos, en nuestros d\u00edas los programas inform\u00e1ticos es la herramienta que suple la dificultad de las observaciones directas.<\/p>\n<p>En mi opini\u00f3n, el plus de iluminaci\u00f3n que supone la conjunci\u00f3n planeta-estrella se podr\u00eda asemejar en la Revelaci\u00f3n escrita a la informaci\u00f3n que aportan las apariciones marianas para desentra\u00f1ar las profec\u00edas de la Sagrada Escritura. En el manto de la Virgen de Guadalupe aparecen 46 estrellas que el Instituto Astron\u00f3mico de M\u00e9xico identific\u00f3 con la posici\u00f3n de estrellas reales en el cielo de M\u00e9xico en el momento de la aparici\u00f3n de 1531. A su vez, la propia imagen de la Virgen en la milagrosa tilma de Guadalupe sigue la descripci\u00f3n que hace el Apocalipsis de una futura gran se\u00f1al que apareci\u00f3 en el Cielo. \u00bfPor qu\u00e9 no leer un mensaje en esas 46 estrellas, como lo har\u00edan los Magos pensando en la segunda Venida de Nuestro Se\u00f1or?\u00a0<a href=\"https:\/\/seryhumano.com\/web\/?attachment_id=2233\" rel=\"attachment wp-att-2233\"><img loading=\"lazy\" decoding=\"async\" class=\"alignright size-thumbnail wp-image-2233\" alt=\"el manto de la Virgen de Guadalupe\" src=\"https:\/\/seryhumano.com\/web\/wp-content\/uploads\/2013\/01\/el-manto-de-la-Virgen-de-Guadalupe-150x150.jpg\" width=\"150\" height=\"150\" srcset=\"https:\/\/seryhumano.com\/web\/wp-content\/uploads\/2013\/01\/el-manto-de-la-Virgen-de-Guadalupe-150x150.jpg 150w, https:\/\/seryhumano.com\/web\/wp-content\/uploads\/2013\/01\/el-manto-de-la-Virgen-de-Guadalupe-50x50.jpg 50w\" sizes=\"auto, (max-width: 150px) 100vw, 150px\" \/><\/a><\/p>\n<p>Asimismo en Garabandal, la Virgen habl\u00f3 de un pr\u00f3ximo gran Milagro, para convertir al mundo entero, que se ver\u00e1 en el cielo en las cercan\u00edas de la aldea monta\u00f1esa. \u00bfPodr\u00eda tambi\u00e9n ese hecho coincidir con el descrito por San Juan en el Apocalipsis como la se\u00f1al de la Mujer?<\/p>\n<p>No es aqu\u00ed el lugar para desentra\u00f1ar toda la profundidad que sugieren las preguntas anteriores y otras muchas semejantes. Espero alg\u00fan d\u00eda cercano escribir un libro que facilite en nuestro idioma las bases para todo el que desee trabajar en responderlas. Mientras tanto realizo avances en los sitios de internet que mantengo sobre estos temas.<\/p>\n<p><a href=\"https:\/\/seryhumano.com\/web\/?attachment_id=2234\" rel=\"attachment wp-att-2234\"><img loading=\"lazy\" decoding=\"async\" class=\"alignleft size-thumbnail wp-image-2234\" alt=\"Los 3 Reyes Magos 1\" src=\"https:\/\/seryhumano.com\/web\/wp-content\/uploads\/2013\/01\/Los-3-Reyes-Magos-1-150x150.jpg\" width=\"150\" height=\"150\" srcset=\"https:\/\/seryhumano.com\/web\/wp-content\/uploads\/2013\/01\/Los-3-Reyes-Magos-1-150x150.jpg 150w, https:\/\/seryhumano.com\/web\/wp-content\/uploads\/2013\/01\/Los-3-Reyes-Magos-1-50x50.jpg 50w\" sizes=\"auto, (max-width: 150px) 100vw, 150px\" \/><\/a>En cualquier caso todos estos datos y consideraciones llevan a considerar que ambas v\u00edas de la \u00fanica Revelaci\u00f3n, la estelar y la escrita, son sin duda complementarias. Y por ello tambi\u00e9n en nuestro tiempo, como ocurri\u00f3 en la historia de los Magos al consultar en Jerusal\u00e9n a los sumos sacerdotes y escribas del pueblo, s\u00f3lo cuando se junten ambos conocimientos se podr\u00e1 conseguir la respuesta que nuestro coraz\u00f3n busca.<\/p>\n<p>seryhumano.com \/ *Antonio Yag\u00fce<br \/>\n*Dr. en Ciencias Geol\u00f3gicas<\/p>\n<p>Fuente: religionenlibertad.com<\/p>\n<p>&nbsp;<\/p>\n","protected":false},"excerpt":{"rendered":"<p>La clave de toda la sabidur\u00eda de los Magos parte de los nombres de las estrellas. El nombre en la Biblia define lo m\u00e1s \u00edntimo del ser o el significado de una misi\u00f3n divina y con frecuencia se asigna de modo solemne. As\u00ed Yahv\u00e9 Elohim trajo ante Ad\u00e1n todos cuantos animales del campo y cuantas&hellip;<\/p>\n","protected":false},"author":2,"featured_media":2249,"comment_status":"closed","ping_status":"closed","sticky":false,"template":"","format":"standard","meta":{"footnotes":""},"categories":[122],"tags":[111],"class_list":["post-2224","post","type-post","status-publish","format-standard","has-post-thumbnail","hentry","category-cultura","tag-slider","category-122","description-off"],"yoast_head":"<!-- This site is optimized with the Yoast SEO plugin v25.4 - https:\/\/yoast.com\/wordpress\/plugins\/seo\/ -->\n<title>La sabidur\u00eda olvidada de los Reyes Magos (Parte II)  &#187; SeryHumano.com<\/title>\n<meta name=\"robots\" content=\"index, follow, max-snippet:-1, max-image-preview:large, max-video-preview:-1\" \/>\n<link rel=\"canonical\" href=\"https:\/\/seryhumano.com\/web\/?p=2224\" \/>\n<meta property=\"og:locale\" content=\"es_ES\" \/>\n<meta property=\"og:type\" content=\"article\" \/>\n<meta property=\"og:title\" content=\"La sabidur\u00eda olvidada de los Reyes Magos (Parte II)  &#187; SeryHumano.com\" \/>\n<meta property=\"og:description\" content=\"La clave de toda la sabidur\u00eda de los Magos parte de los nombres de las estrellas. El nombre en la Biblia define lo m\u00e1s \u00edntimo del ser o el significado de una misi\u00f3n divina y con frecuencia se asigna de modo solemne. As\u00ed Yahv\u00e9 Elohim trajo ante Ad\u00e1n todos cuantos animales del campo y cuantas&hellip;\" \/>\n<meta property=\"og:url\" content=\"https:\/\/seryhumano.com\/web\/?p=2224\" \/>\n<meta property=\"og:site_name\" content=\"SeryHumano.com\" \/>\n<meta property=\"article:publisher\" content=\"https:\/\/www.facebook.com\/seryhumano\/\" \/>\n<meta property=\"article:published_time\" content=\"2013-01-07T00:26:57+00:00\" \/>\n<meta property=\"article:modified_time\" content=\"2013-01-07T14:07:29+00:00\" \/>\n<meta property=\"og:image\" content=\"https:\/\/seryhumano.com\/web\/wp-content\/uploads\/2013\/01\/featureslider_reyes_a.jpg\" \/>\n\t<meta property=\"og:image:width\" content=\"910\" \/>\n\t<meta property=\"og:image:height\" content=\"227\" \/>\n\t<meta property=\"og:image:type\" content=\"image\/jpeg\" \/>\n<meta name=\"author\" content=\"@herrera_yosmar\" \/>\n<meta name=\"twitter:card\" content=\"summary_large_image\" \/>\n<meta name=\"twitter:creator\" content=\"@SeryHumano\" \/>\n<meta name=\"twitter:site\" content=\"@SeryHumano\" \/>\n<meta name=\"twitter:label1\" content=\"Escrito por\" \/>\n\t<meta name=\"twitter:data1\" content=\"@herrera_yosmar\" \/>\n\t<meta name=\"twitter:label2\" content=\"Tiempo de lectura\" \/>\n\t<meta name=\"twitter:data2\" content=\"8 minutos\" \/>\n<script type=\"application\/ld+json\" class=\"yoast-schema-graph\">{\"@context\":\"https:\/\/schema.org\",\"@graph\":[{\"@type\":\"Article\",\"@id\":\"https:\/\/seryhumano.com\/web\/?p=2224#article\",\"isPartOf\":{\"@id\":\"https:\/\/seryhumano.com\/web\/?p=2224\"},\"author\":{\"name\":\"@herrera_yosmar\",\"@id\":\"https:\/\/seryhumano.com\/web\/#\/schema\/person\/fd30e8e0b394a62344b44d9b0fe75795\"},\"headline\":\"La sabidur\u00eda olvidada de los Reyes Magos (Parte II)\",\"datePublished\":\"2013-01-07T00:26:57+00:00\",\"dateModified\":\"2013-01-07T14:07:29+00:00\",\"mainEntityOfPage\":{\"@id\":\"https:\/\/seryhumano.com\/web\/?p=2224\"},\"wordCount\":1638,\"publisher\":{\"@id\":\"https:\/\/seryhumano.com\/web\/#organization\"},\"image\":{\"@id\":\"https:\/\/seryhumano.com\/web\/?p=2224#primaryimage\"},\"thumbnailUrl\":\"https:\/\/seryhumano.com\/web\/wp-content\/uploads\/2013\/01\/featureslider_reyes_a.jpg\",\"keywords\":[\"Slider\"],\"articleSection\":[\"Cultura del Ser\"],\"inLanguage\":\"es\"},{\"@type\":\"WebPage\",\"@id\":\"https:\/\/seryhumano.com\/web\/?p=2224\",\"url\":\"https:\/\/seryhumano.com\/web\/?p=2224\",\"name\":\"La sabidur\u00eda olvidada de los Reyes Magos (Parte II) &#187; SeryHumano.com\",\"isPartOf\":{\"@id\":\"https:\/\/seryhumano.com\/web\/#website\"},\"primaryImageOfPage\":{\"@id\":\"https:\/\/seryhumano.com\/web\/?p=2224#primaryimage\"},\"image\":{\"@id\":\"https:\/\/seryhumano.com\/web\/?p=2224#primaryimage\"},\"thumbnailUrl\":\"https:\/\/seryhumano.com\/web\/wp-content\/uploads\/2013\/01\/featureslider_reyes_a.jpg\",\"datePublished\":\"2013-01-07T00:26:57+00:00\",\"dateModified\":\"2013-01-07T14:07:29+00:00\",\"breadcrumb\":{\"@id\":\"https:\/\/seryhumano.com\/web\/?p=2224#breadcrumb\"},\"inLanguage\":\"es\",\"potentialAction\":[{\"@type\":\"ReadAction\",\"target\":[\"https:\/\/seryhumano.com\/web\/?p=2224\"]}]},{\"@type\":\"ImageObject\",\"inLanguage\":\"es\",\"@id\":\"https:\/\/seryhumano.com\/web\/?p=2224#primaryimage\",\"url\":\"https:\/\/seryhumano.com\/web\/wp-content\/uploads\/2013\/01\/featureslider_reyes_a.jpg\",\"contentUrl\":\"https:\/\/seryhumano.com\/web\/wp-content\/uploads\/2013\/01\/featureslider_reyes_a.jpg\",\"width\":910,\"height\":227},{\"@type\":\"BreadcrumbList\",\"@id\":\"https:\/\/seryhumano.com\/web\/?p=2224#breadcrumb\",\"itemListElement\":[{\"@type\":\"ListItem\",\"position\":1,\"name\":\"Portada\",\"item\":\"https:\/\/seryhumano.com\/web\/\"},{\"@type\":\"ListItem\",\"position\":2,\"name\":\"La sabidur\u00eda olvidada de los Reyes Magos (Parte II)\"}]},{\"@type\":\"WebSite\",\"@id\":\"https:\/\/seryhumano.com\/web\/#website\",\"url\":\"https:\/\/seryhumano.com\/web\/\",\"name\":\"SeryHumano.com\",\"description\":\"Revista digital muy humana, donde lo mas importante es el Ser...\",\"publisher\":{\"@id\":\"https:\/\/seryhumano.com\/web\/#organization\"},\"potentialAction\":[{\"@type\":\"SearchAction\",\"target\":{\"@type\":\"EntryPoint\",\"urlTemplate\":\"https:\/\/seryhumano.com\/web\/?s={search_term_string}\"},\"query-input\":{\"@type\":\"PropertyValueSpecification\",\"valueRequired\":true,\"valueName\":\"search_term_string\"}}],\"inLanguage\":\"es\"},{\"@type\":\"Organization\",\"@id\":\"https:\/\/seryhumano.com\/web\/#organization\",\"name\":\"SeryHumano.com\",\"url\":\"https:\/\/seryhumano.com\/web\/\",\"logo\":{\"@type\":\"ImageObject\",\"inLanguage\":\"es\",\"@id\":\"https:\/\/seryhumano.com\/web\/#\/schema\/logo\/image\/\",\"url\":\"https:\/\/seryhumano.com\/web\/wp-content\/uploads\/2020\/02\/JNe5VRwH_400x400-2.jpg\",\"contentUrl\":\"https:\/\/seryhumano.com\/web\/wp-content\/uploads\/2020\/02\/JNe5VRwH_400x400-2.jpg\",\"width\":400,\"height\":400,\"caption\":\"SeryHumano.com\"},\"image\":{\"@id\":\"https:\/\/seryhumano.com\/web\/#\/schema\/logo\/image\/\"},\"sameAs\":[\"https:\/\/www.facebook.com\/seryhumano\/\",\"https:\/\/x.com\/SeryHumano\",\"https:\/\/www.instagram.com\/seryhumano\/\",\"https:\/\/www.linkedin.com\/company\/seryhumano-com\/\",\"https:\/\/www.youtube.com\/channel\/UCYfgIGSxygVnJAW0e9ZBZWg\"]},{\"@type\":\"Person\",\"@id\":\"https:\/\/seryhumano.com\/web\/#\/schema\/person\/fd30e8e0b394a62344b44d9b0fe75795\",\"name\":\"@herrera_yosmar\",\"description\":\"Eterna enamorada de la vida, comunicadora, mam\u00e1 de tres\",\"sameAs\":[\"http:\/\/seryhumano.com\"],\"url\":\"https:\/\/seryhumano.com\/web\/?author=2\"}]}<\/script>\n<!-- \/ Yoast SEO plugin. -->","yoast_head_json":{"title":"La sabidur\u00eda olvidada de los Reyes Magos (Parte II)  &#187; SeryHumano.com","robots":{"index":"index","follow":"follow","max-snippet":"max-snippet:-1","max-image-preview":"max-image-preview:large","max-video-preview":"max-video-preview:-1"},"canonical":"https:\/\/seryhumano.com\/web\/?p=2224","og_locale":"es_ES","og_type":"article","og_title":"La sabidur\u00eda olvidada de los Reyes Magos (Parte II)  &#187; SeryHumano.com","og_description":"La clave de toda la sabidur\u00eda de los Magos parte de los nombres de las estrellas. El nombre en la Biblia define lo m\u00e1s \u00edntimo del ser o el significado de una misi\u00f3n divina y con frecuencia se asigna de modo solemne. As\u00ed Yahv\u00e9 Elohim trajo ante Ad\u00e1n todos cuantos animales del campo y cuantas&hellip;","og_url":"https:\/\/seryhumano.com\/web\/?p=2224","og_site_name":"SeryHumano.com","article_publisher":"https:\/\/www.facebook.com\/seryhumano\/","article_published_time":"2013-01-07T00:26:57+00:00","article_modified_time":"2013-01-07T14:07:29+00:00","og_image":[{"width":910,"height":227,"url":"https:\/\/seryhumano.com\/web\/wp-content\/uploads\/2013\/01\/featureslider_reyes_a.jpg","type":"image\/jpeg"}],"author":"@herrera_yosmar","twitter_card":"summary_large_image","twitter_creator":"@SeryHumano","twitter_site":"@SeryHumano","twitter_misc":{"Escrito por":"@herrera_yosmar","Tiempo de lectura":"8 minutos"},"schema":{"@context":"https:\/\/schema.org","@graph":[{"@type":"Article","@id":"https:\/\/seryhumano.com\/web\/?p=2224#article","isPartOf":{"@id":"https:\/\/seryhumano.com\/web\/?p=2224"},"author":{"name":"@herrera_yosmar","@id":"https:\/\/seryhumano.com\/web\/#\/schema\/person\/fd30e8e0b394a62344b44d9b0fe75795"},"headline":"La sabidur\u00eda olvidada de los Reyes Magos (Parte II)","datePublished":"2013-01-07T00:26:57+00:00","dateModified":"2013-01-07T14:07:29+00:00","mainEntityOfPage":{"@id":"https:\/\/seryhumano.com\/web\/?p=2224"},"wordCount":1638,"publisher":{"@id":"https:\/\/seryhumano.com\/web\/#organization"},"image":{"@id":"https:\/\/seryhumano.com\/web\/?p=2224#primaryimage"},"thumbnailUrl":"https:\/\/seryhumano.com\/web\/wp-content\/uploads\/2013\/01\/featureslider_reyes_a.jpg","keywords":["Slider"],"articleSection":["Cultura del Ser"],"inLanguage":"es"},{"@type":"WebPage","@id":"https:\/\/seryhumano.com\/web\/?p=2224","url":"https:\/\/seryhumano.com\/web\/?p=2224","name":"La sabidur\u00eda olvidada de los Reyes Magos (Parte II) &#187; SeryHumano.com","isPartOf":{"@id":"https:\/\/seryhumano.com\/web\/#website"},"primaryImageOfPage":{"@id":"https:\/\/seryhumano.com\/web\/?p=2224#primaryimage"},"image":{"@id":"https:\/\/seryhumano.com\/web\/?p=2224#primaryimage"},"thumbnailUrl":"https:\/\/seryhumano.com\/web\/wp-content\/uploads\/2013\/01\/featureslider_reyes_a.jpg","datePublished":"2013-01-07T00:26:57+00:00","dateModified":"2013-01-07T14:07:29+00:00","breadcrumb":{"@id":"https:\/\/seryhumano.com\/web\/?p=2224#breadcrumb"},"inLanguage":"es","potentialAction":[{"@type":"ReadAction","target":["https:\/\/seryhumano.com\/web\/?p=2224"]}]},{"@type":"ImageObject","inLanguage":"es","@id":"https:\/\/seryhumano.com\/web\/?p=2224#primaryimage","url":"https:\/\/seryhumano.com\/web\/wp-content\/uploads\/2013\/01\/featureslider_reyes_a.jpg","contentUrl":"https:\/\/seryhumano.com\/web\/wp-content\/uploads\/2013\/01\/featureslider_reyes_a.jpg","width":910,"height":227},{"@type":"BreadcrumbList","@id":"https:\/\/seryhumano.com\/web\/?p=2224#breadcrumb","itemListElement":[{"@type":"ListItem","position":1,"name":"Portada","item":"https:\/\/seryhumano.com\/web\/"},{"@type":"ListItem","position":2,"name":"La sabidur\u00eda olvidada de los Reyes Magos (Parte II)"}]},{"@type":"WebSite","@id":"https:\/\/seryhumano.com\/web\/#website","url":"https:\/\/seryhumano.com\/web\/","name":"SeryHumano.com","description":"Revista digital muy humana, donde lo mas importante es el Ser...","publisher":{"@id":"https:\/\/seryhumano.com\/web\/#organization"},"potentialAction":[{"@type":"SearchAction","target":{"@type":"EntryPoint","urlTemplate":"https:\/\/seryhumano.com\/web\/?s={search_term_string}"},"query-input":{"@type":"PropertyValueSpecification","valueRequired":true,"valueName":"search_term_string"}}],"inLanguage":"es"},{"@type":"Organization","@id":"https:\/\/seryhumano.com\/web\/#organization","name":"SeryHumano.com","url":"https:\/\/seryhumano.com\/web\/","logo":{"@type":"ImageObject","inLanguage":"es","@id":"https:\/\/seryhumano.com\/web\/#\/schema\/logo\/image\/","url":"https:\/\/seryhumano.com\/web\/wp-content\/uploads\/2020\/02\/JNe5VRwH_400x400-2.jpg","contentUrl":"https:\/\/seryhumano.com\/web\/wp-content\/uploads\/2020\/02\/JNe5VRwH_400x400-2.jpg","width":400,"height":400,"caption":"SeryHumano.com"},"image":{"@id":"https:\/\/seryhumano.com\/web\/#\/schema\/logo\/image\/"},"sameAs":["https:\/\/www.facebook.com\/seryhumano\/","https:\/\/x.com\/SeryHumano","https:\/\/www.instagram.com\/seryhumano\/","https:\/\/www.linkedin.com\/company\/seryhumano-com\/","https:\/\/www.youtube.com\/channel\/UCYfgIGSxygVnJAW0e9ZBZWg"]},{"@type":"Person","@id":"https:\/\/seryhumano.com\/web\/#\/schema\/person\/fd30e8e0b394a62344b44d9b0fe75795","name":"@herrera_yosmar","description":"Eterna enamorada de la vida, comunicadora, mam\u00e1 de tres","sameAs":["http:\/\/seryhumano.com"],"url":"https:\/\/seryhumano.com\/web\/?author=2"}]}},"_links":{"self":[{"href":"https:\/\/seryhumano.com\/web\/index.php?rest_route=\/wp\/v2\/posts\/2224","targetHints":{"allow":["GET"]}}],"collection":[{"href":"https:\/\/seryhumano.com\/web\/index.php?rest_route=\/wp\/v2\/posts"}],"about":[{"href":"https:\/\/seryhumano.com\/web\/index.php?rest_route=\/wp\/v2\/types\/post"}],"author":[{"embeddable":true,"href":"https:\/\/seryhumano.com\/web\/index.php?rest_route=\/wp\/v2\/users\/2"}],"replies":[{"embeddable":true,"href":"https:\/\/seryhumano.com\/web\/index.php?rest_route=%2Fwp%2Fv2%2Fcomments&post=2224"}],"version-history":[{"count":0,"href":"https:\/\/seryhumano.com\/web\/index.php?rest_route=\/wp\/v2\/posts\/2224\/revisions"}],"wp:featuredmedia":[{"embeddable":true,"href":"https:\/\/seryhumano.com\/web\/index.php?rest_route=\/wp\/v2\/media\/2249"}],"wp:attachment":[{"href":"https:\/\/seryhumano.com\/web\/index.php?rest_route=%2Fwp%2Fv2%2Fmedia&parent=2224"}],"wp:term":[{"taxonomy":"category","embeddable":true,"href":"https:\/\/seryhumano.com\/web\/index.php?rest_route=%2Fwp%2Fv2%2Fcategories&post=2224"},{"taxonomy":"post_tag","embeddable":true,"href":"https:\/\/seryhumano.com\/web\/index.php?rest_route=%2Fwp%2Fv2%2Ftags&post=2224"}],"curies":[{"name":"wp","href":"https:\/\/api.w.org\/{rel}","templated":true}]}}