{"id":225,"date":"2012-08-20T11:44:37","date_gmt":"2012-08-20T16:14:37","guid":{"rendered":"https:\/\/seryhumano.com\/web\/?p=225"},"modified":"2012-08-20T19:50:53","modified_gmt":"2012-08-21T00:20:53","slug":"hacer-de-la-ilusion-un-mundo","status":"publish","type":"post","link":"https:\/\/seryhumano.com\/web\/?p=225","title":{"rendered":"Hacer de la Ilusi\u00f3n un Mundo"},"content":{"rendered":"<p><em>\u201cYo creo que la verdad es perfecta para las matem\u00e1ticas, la qu\u00edmica, la filosof\u00eda, pero no para la vida. En la vida, la ilusi\u00f3n, la imaginaci\u00f3n, el deseo, la esperanza cuentan m\u00e1s\u201d.<\/em><\/p>\n<p><strong>Ernesto S\u00e1bato<\/strong><\/p>\n<p>El mundo exterior \u00a0es todo lo que nos rodea, con el que entramos en contacto todos los d\u00edas de nuestro existir.<\/p>\n<p>Los seres humanos percibimos el mundo a trav\u00e9s de est\u00edmulos\u00a0 que a su vez recibimos a trav\u00e9s de los sentidos (vista, o\u00eddos, olfato y gusto). Pero \u00bfqu\u00e9 sucede cuando vemos algo que s\u00f3lo en nuestra imaginaci\u00f3n puede ser posible?; es probable que estemos en presencia de una ilusi\u00f3n \u00f3ptica.<a href=\"https:\/\/seryhumano.com\/web\/wp-content\/uploads\/2012\/08\/DSC_0093.jpg\"><img loading=\"lazy\" decoding=\"async\" class=\"alignright size-medium wp-image-232\" title=\"DSC_0093\" src=\"https:\/\/seryhumano.com\/web\/wp-content\/uploads\/2012\/08\/DSC_0093-199x300.jpg\" alt=\"\" width=\"199\" height=\"300\" srcset=\"https:\/\/seryhumano.com\/web\/wp-content\/uploads\/2012\/08\/DSC_0093-199x300.jpg 199w, https:\/\/seryhumano.com\/web\/wp-content\/uploads\/2012\/08\/DSC_0093-680x1024.jpg 680w\" sizes=\"auto, (max-width: 199px) 100vw, 199px\" \/><\/a><\/p>\n<p>Los datos que percibe la vista, pueden ser falseados por la conciencia, produci\u00e9ndose de \u00e9sta forma, errores de interpretaci\u00f3n que nos hacen ver las cosas como no son en la realidad: A esto le llamamos\u00a0ilusiones \u00f3pticas\u00a0y juegan un gran papel en la representaci\u00f3n gr\u00e1fica. As\u00ed mismo sirven para entretenerse y dudar de nuestra vista. (Fuente: http:\/\/mundovisual.galeon.com)<\/p>\n<p>Las ilusiones \u00f3pticas fisiol\u00f3gicamente ocurren durante la conexi\u00f3n del hemisferio derecho y el izquierdo, gracias a esto tenemos la capacidad de percepci\u00f3n.<\/p>\n<p><a href=\"https:\/\/seryhumano.com\/web\/wp-content\/uploads\/2012\/08\/ilusi\u00f3n-\u00f3ptica-jarr\u00f3n-o-caras1.jpg\"><img loading=\"lazy\" decoding=\"async\" class=\"alignleft size-full wp-image-227\" title=\"ilusi\u00f3n \u00f3ptica jarr\u00f3n o caras\" src=\"https:\/\/seryhumano.com\/web\/wp-content\/uploads\/2012\/08\/ilusi\u00f3n-\u00f3ptica-jarr\u00f3n-o-caras1.jpg\" alt=\"\" width=\"173\" height=\"201\" \/><\/a>Seg\u00fan la Enciclopedia Espasa, las ilusiones \u00f3pticas \u00a0pueden ser de car\u00e1cter fisiol\u00f3gico asociados a los efectos de una estimulaci\u00f3n excesiva en los ojos o el cerebro (brillo, color, movimiento, etc. como el encandilamiento tras ver una\u00a0luz\u00a0potente) o cognitivo en las que interviene nuestro conocimiento del mundo (como el Jarr\u00f3n Rubin en el que percibimos dos caras o un jarr\u00f3n indistintamente). Las ilusiones cognitivas se dividen habitualmente en ilusiones de ambig\u00fcedad, ilusiones de distorsi\u00f3n, ilusiones parad\u00f3jicas e ilusiones ficticias (alucinaciones).<\/p>\n<p>Muchos artistas han aprovechado las ilusiones \u00f3pticas para dar a sus obras un aspecto m\u00e1gico, de profundidad, de ambig\u00fcedad y contrastes<a href=\"https:\/\/seryhumano.com\/web\/wp-content\/uploads\/2012\/08\/DSC_00071.jpg\"><img loading=\"lazy\" decoding=\"async\" class=\"alignright size-medium wp-image-229\" title=\"DSC_0007\" src=\"https:\/\/seryhumano.com\/web\/wp-content\/uploads\/2012\/08\/DSC_00071-199x300.jpg\" alt=\"\" width=\"199\" height=\"300\" srcset=\"https:\/\/seryhumano.com\/web\/wp-content\/uploads\/2012\/08\/DSC_00071-199x300.jpg 199w, https:\/\/seryhumano.com\/web\/wp-content\/uploads\/2012\/08\/DSC_00071-680x1024.jpg 680w\" sizes=\"auto, (max-width: 199px) 100vw, 199px\" \/><\/a><\/p>\n<p>En d\u00edas pasados me encontr\u00e9 con lo que supuse en un principio una alucinaci\u00f3n, pero luego me di cuenta de que era m\u00e1gico, un espect\u00e1culo algo curioso y muy \u00a0peculiar. \u00a1Un hombre completamente suspendido en el aire que se le ve\u00eda apoyado c\u00f3modamente de una pared! Pude pasar debajo de sus pies, observarlo sonre\u00edr mientras contestaba una llamada de su celular con la otra mano para despu\u00e9s saludar\u00a0 a un p\u00fablico sorprendido y luego simplemente llevar esa mano al bolsillo del pantal\u00f3n como si\u00a0 su postura fuera lo m\u00e1s natural del mundo.<\/p>\n<p>Se trataba del se\u00f1or Johan\u00a0 Lorbeer,\u00a0 \u00a0_seg\u00fan informaci\u00f3n de Wikipedia _ es un\u00a0artista de origen alem\u00e1n preocupado por los fen\u00f3menos de la percepci\u00f3n.\u00a0Sus actuaciones est\u00e1n atrapadas en la frontera entre la imagen y la presentaci\u00f3n y nos perturban a trav\u00e9s de su aparente incompatibilidad con nuestras experiencias espaciales.\u00a0El artista desarrolla posiciones en el espacio que conducen a la alienaci\u00f3n surrealista de las situaciones cotidianas.\u00a0Estudi\u00f3 en la Academia de Bellas Artes de Nuremberg\u00a0y se hizo famoso en los \u00faltimos a\u00f1os debido a su \u00abnaturaleza muerta\u00bb actuaciones, que se han dado lugar en el \u00e1rea p\u00fablica.\u00a0Sus instalaciones incluyen \u00abWorking Class Heroe\u00bb y \u00abTarzan Standing Leg\u00bb, que son famosos en Alemania y en otras partes del mundo como Egipto, Francia, Espa\u00f1a, Italia, Estados Unidos, Rusia y B\u00e9lgica.<\/p>\n<p><a href=\"https:\/\/seryhumano.com\/web\/wp-content\/uploads\/2012\/08\/DSC_0075.jpg\"><img loading=\"lazy\" decoding=\"async\" class=\"alignleft size-medium wp-image-230\" title=\"DSC_0075\" src=\"https:\/\/seryhumano.com\/web\/wp-content\/uploads\/2012\/08\/DSC_0075-300x199.jpg\" alt=\"\" width=\"300\" height=\"199\" srcset=\"https:\/\/seryhumano.com\/web\/wp-content\/uploads\/2012\/08\/DSC_0075-300x199.jpg 300w, https:\/\/seryhumano.com\/web\/wp-content\/uploads\/2012\/08\/DSC_0075-1024x680.jpg 1024w\" sizes=\"auto, (max-width: 300px) 100vw, 300px\" \/><\/a>Este performance\u00a0es s\u00f3lo una de las actividades culturales, de las muchas que ha organizado la Alcald\u00eda de Chacao, Cultura Chacao y la Fundaci\u00f3n Pl\u00e1tanoverde en la 7ma Edici\u00f3n del Festival Por El Medio De La Calle, que culminar\u00e1n el 1\u00ba de septiembre con un circuito por las distintas plazas del Municipio Chacao, donde se ofrecer\u00e1 la presentaci\u00f3n simult\u00e1nea de diversos espect\u00e1culos y propuestas en las distintas \u00e1reas del quehacer art\u00edstico y adem\u00e1s, estar\u00e1 bajo el lema \u00abvive la experiencia cotidiana de una ciudad creativa\u00bb, en un formato acorde a las necesidades locales.<a href=\"https:\/\/seryhumano.com\/web\/wp-content\/uploads\/2012\/08\/DSC_0053.jpg\"><img loading=\"lazy\" decoding=\"async\" class=\"alignright size-medium wp-image-231\" title=\"DSC_0053\" src=\"https:\/\/seryhumano.com\/web\/wp-content\/uploads\/2012\/08\/DSC_0053-199x300.jpg\" alt=\"\" width=\"199\" height=\"300\" srcset=\"https:\/\/seryhumano.com\/web\/wp-content\/uploads\/2012\/08\/DSC_0053-199x300.jpg 199w, https:\/\/seryhumano.com\/web\/wp-content\/uploads\/2012\/08\/DSC_0053-680x1024.jpg 680w\" sizes=\"auto, (max-width: 199px) 100vw, 199px\" \/><\/a><\/p>\n<p>Las actividades ser\u00e1n presentadas durante los fines de semana y har\u00e1n de la m\u00fasica, el performance, la danza, y las intervenciones urbanas, parte de la cotidianidad urbana.<\/p>\n<p>Dice un viejo adagio popular que \u201cquien vive de ilusiones, muere de desenga\u00f1os\u201d, el cual no puede aplicarse a este original artista, ya que ha hecho de la ilusi\u00f3n un mundo en cada presentaci\u00f3n, donde nos hace plantearnos a cada uno de los que podemos observarlo, que cada quien puede obtener la verdad de la vida seg\u00fan su \u00f3ptica.<\/p>\n<p>Yosmar Herrera \/ Fotos: Yosmar Herrera<\/p>\n<div><\/div>\n","protected":false},"excerpt":{"rendered":"<p>\u201cYo creo que la verdad es perfecta para las matem\u00e1ticas, la qu\u00edmica, la filosof\u00eda, pero no para la vida. En la vida, la ilusi\u00f3n, la imaginaci\u00f3n, el deseo, la esperanza cuentan m\u00e1s\u201d. Ernesto S\u00e1bato El mundo exterior \u00a0es todo lo que nos rodea, con el que entramos en contacto todos los d\u00edas de nuestro existir.&hellip;<\/p>\n","protected":false},"author":2,"featured_media":237,"comment_status":"closed","ping_status":"closed","sticky":false,"template":"","format":"standard","meta":{"footnotes":""},"categories":[122,113],"tags":[111],"class_list":["post-225","post","type-post","status-publish","format-standard","has-post-thumbnail","hentry","category-cultura","category-gente","tag-slider","category-122","category-113","description-off"],"yoast_head":"<!-- This site is optimized with the Yoast SEO plugin v25.4 - https:\/\/yoast.com\/wordpress\/plugins\/seo\/ -->\n<title>Hacer de la Ilusi\u00f3n un Mundo &#187; SeryHumano.com<\/title>\n<meta name=\"robots\" content=\"index, follow, max-snippet:-1, max-image-preview:large, max-video-preview:-1\" \/>\n<link rel=\"canonical\" href=\"https:\/\/seryhumano.com\/web\/?p=225\" \/>\n<meta property=\"og:locale\" content=\"es_ES\" \/>\n<meta property=\"og:type\" content=\"article\" \/>\n<meta property=\"og:title\" content=\"Hacer de la Ilusi\u00f3n un Mundo &#187; SeryHumano.com\" \/>\n<meta property=\"og:description\" content=\"\u201cYo creo que la verdad es perfecta para las matem\u00e1ticas, la qu\u00edmica, la filosof\u00eda, pero no para la vida. En la vida, la ilusi\u00f3n, la imaginaci\u00f3n, el deseo, la esperanza cuentan m\u00e1s\u201d. Ernesto S\u00e1bato El mundo exterior \u00a0es todo lo que nos rodea, con el que entramos en contacto todos los d\u00edas de nuestro existir.&hellip;\" \/>\n<meta property=\"og:url\" content=\"https:\/\/seryhumano.com\/web\/?p=225\" \/>\n<meta property=\"og:site_name\" content=\"SeryHumano.com\" \/>\n<meta property=\"article:publisher\" content=\"https:\/\/www.facebook.com\/seryhumano\/\" \/>\n<meta property=\"article:published_time\" content=\"2012-08-20T16:14:37+00:00\" \/>\n<meta property=\"article:modified_time\" content=\"2012-08-21T00:20:53+00:00\" \/>\n<meta property=\"og:image\" content=\"https:\/\/seryhumano.com\/web\/wp-content\/uploads\/2012\/08\/DSC_0078.jpg\" \/>\n\t<meta property=\"og:image:width\" content=\"3216\" \/>\n\t<meta property=\"og:image:height\" content=\"2136\" \/>\n\t<meta property=\"og:image:type\" content=\"image\/jpeg\" \/>\n<meta name=\"author\" content=\"@herrera_yosmar\" \/>\n<meta name=\"twitter:card\" content=\"summary_large_image\" \/>\n<meta name=\"twitter:creator\" content=\"@SeryHumano\" \/>\n<meta name=\"twitter:site\" content=\"@SeryHumano\" \/>\n<meta name=\"twitter:label1\" content=\"Escrito por\" \/>\n\t<meta name=\"twitter:data1\" content=\"@herrera_yosmar\" \/>\n\t<meta name=\"twitter:label2\" content=\"Tiempo de lectura\" \/>\n\t<meta name=\"twitter:data2\" content=\"4 minutos\" \/>\n<script type=\"application\/ld+json\" class=\"yoast-schema-graph\">{\"@context\":\"https:\/\/schema.org\",\"@graph\":[{\"@type\":\"Article\",\"@id\":\"https:\/\/seryhumano.com\/web\/?p=225#article\",\"isPartOf\":{\"@id\":\"https:\/\/seryhumano.com\/web\/?p=225\"},\"author\":{\"name\":\"@herrera_yosmar\",\"@id\":\"https:\/\/seryhumano.com\/web\/#\/schema\/person\/fd30e8e0b394a62344b44d9b0fe75795\"},\"headline\":\"Hacer de la Ilusi\u00f3n un Mundo\",\"datePublished\":\"2012-08-20T16:14:37+00:00\",\"dateModified\":\"2012-08-21T00:20:53+00:00\",\"mainEntityOfPage\":{\"@id\":\"https:\/\/seryhumano.com\/web\/?p=225\"},\"wordCount\":776,\"publisher\":{\"@id\":\"https:\/\/seryhumano.com\/web\/#organization\"},\"image\":{\"@id\":\"https:\/\/seryhumano.com\/web\/?p=225#primaryimage\"},\"thumbnailUrl\":\"https:\/\/seryhumano.com\/web\/wp-content\/uploads\/2012\/08\/DSC_0078.jpg\",\"keywords\":[\"Slider\"],\"articleSection\":[\"Cultura del Ser\",\"Gente\"],\"inLanguage\":\"es\"},{\"@type\":\"WebPage\",\"@id\":\"https:\/\/seryhumano.com\/web\/?p=225\",\"url\":\"https:\/\/seryhumano.com\/web\/?p=225\",\"name\":\"Hacer de la Ilusi\u00f3n un Mundo &#187; SeryHumano.com\",\"isPartOf\":{\"@id\":\"https:\/\/seryhumano.com\/web\/#website\"},\"primaryImageOfPage\":{\"@id\":\"https:\/\/seryhumano.com\/web\/?p=225#primaryimage\"},\"image\":{\"@id\":\"https:\/\/seryhumano.com\/web\/?p=225#primaryimage\"},\"thumbnailUrl\":\"https:\/\/seryhumano.com\/web\/wp-content\/uploads\/2012\/08\/DSC_0078.jpg\",\"datePublished\":\"2012-08-20T16:14:37+00:00\",\"dateModified\":\"2012-08-21T00:20:53+00:00\",\"breadcrumb\":{\"@id\":\"https:\/\/seryhumano.com\/web\/?p=225#breadcrumb\"},\"inLanguage\":\"es\",\"potentialAction\":[{\"@type\":\"ReadAction\",\"target\":[\"https:\/\/seryhumano.com\/web\/?p=225\"]}]},{\"@type\":\"ImageObject\",\"inLanguage\":\"es\",\"@id\":\"https:\/\/seryhumano.com\/web\/?p=225#primaryimage\",\"url\":\"https:\/\/seryhumano.com\/web\/wp-content\/uploads\/2012\/08\/DSC_0078.jpg\",\"contentUrl\":\"https:\/\/seryhumano.com\/web\/wp-content\/uploads\/2012\/08\/DSC_0078.jpg\",\"width\":\"3216\",\"height\":\"2136\"},{\"@type\":\"BreadcrumbList\",\"@id\":\"https:\/\/seryhumano.com\/web\/?p=225#breadcrumb\",\"itemListElement\":[{\"@type\":\"ListItem\",\"position\":1,\"name\":\"Portada\",\"item\":\"https:\/\/seryhumano.com\/web\/\"},{\"@type\":\"ListItem\",\"position\":2,\"name\":\"Hacer de la Ilusi\u00f3n un Mundo\"}]},{\"@type\":\"WebSite\",\"@id\":\"https:\/\/seryhumano.com\/web\/#website\",\"url\":\"https:\/\/seryhumano.com\/web\/\",\"name\":\"SeryHumano.com\",\"description\":\"Revista digital muy humana, donde lo mas importante es el Ser...\",\"publisher\":{\"@id\":\"https:\/\/seryhumano.com\/web\/#organization\"},\"potentialAction\":[{\"@type\":\"SearchAction\",\"target\":{\"@type\":\"EntryPoint\",\"urlTemplate\":\"https:\/\/seryhumano.com\/web\/?s={search_term_string}\"},\"query-input\":{\"@type\":\"PropertyValueSpecification\",\"valueRequired\":true,\"valueName\":\"search_term_string\"}}],\"inLanguage\":\"es\"},{\"@type\":\"Organization\",\"@id\":\"https:\/\/seryhumano.com\/web\/#organization\",\"name\":\"SeryHumano.com\",\"url\":\"https:\/\/seryhumano.com\/web\/\",\"logo\":{\"@type\":\"ImageObject\",\"inLanguage\":\"es\",\"@id\":\"https:\/\/seryhumano.com\/web\/#\/schema\/logo\/image\/\",\"url\":\"https:\/\/seryhumano.com\/web\/wp-content\/uploads\/2020\/02\/JNe5VRwH_400x400-2.jpg\",\"contentUrl\":\"https:\/\/seryhumano.com\/web\/wp-content\/uploads\/2020\/02\/JNe5VRwH_400x400-2.jpg\",\"width\":400,\"height\":400,\"caption\":\"SeryHumano.com\"},\"image\":{\"@id\":\"https:\/\/seryhumano.com\/web\/#\/schema\/logo\/image\/\"},\"sameAs\":[\"https:\/\/www.facebook.com\/seryhumano\/\",\"https:\/\/x.com\/SeryHumano\",\"https:\/\/www.instagram.com\/seryhumano\/\",\"https:\/\/www.linkedin.com\/company\/seryhumano-com\/\",\"https:\/\/www.youtube.com\/channel\/UCYfgIGSxygVnJAW0e9ZBZWg\"]},{\"@type\":\"Person\",\"@id\":\"https:\/\/seryhumano.com\/web\/#\/schema\/person\/fd30e8e0b394a62344b44d9b0fe75795\",\"name\":\"@herrera_yosmar\",\"description\":\"Eterna enamorada de la vida, comunicadora, mam\u00e1 de tres\",\"sameAs\":[\"http:\/\/seryhumano.com\"],\"url\":\"https:\/\/seryhumano.com\/web\/?author=2\"}]}<\/script>\n<!-- \/ Yoast SEO plugin. -->","yoast_head_json":{"title":"Hacer de la Ilusi\u00f3n un Mundo &#187; SeryHumano.com","robots":{"index":"index","follow":"follow","max-snippet":"max-snippet:-1","max-image-preview":"max-image-preview:large","max-video-preview":"max-video-preview:-1"},"canonical":"https:\/\/seryhumano.com\/web\/?p=225","og_locale":"es_ES","og_type":"article","og_title":"Hacer de la Ilusi\u00f3n un Mundo &#187; SeryHumano.com","og_description":"\u201cYo creo que la verdad es perfecta para las matem\u00e1ticas, la qu\u00edmica, la filosof\u00eda, pero no para la vida. En la vida, la ilusi\u00f3n, la imaginaci\u00f3n, el deseo, la esperanza cuentan m\u00e1s\u201d. Ernesto S\u00e1bato El mundo exterior \u00a0es todo lo que nos rodea, con el que entramos en contacto todos los d\u00edas de nuestro existir.&hellip;","og_url":"https:\/\/seryhumano.com\/web\/?p=225","og_site_name":"SeryHumano.com","article_publisher":"https:\/\/www.facebook.com\/seryhumano\/","article_published_time":"2012-08-20T16:14:37+00:00","article_modified_time":"2012-08-21T00:20:53+00:00","og_image":[{"width":3216,"height":2136,"url":"https:\/\/seryhumano.com\/web\/wp-content\/uploads\/2012\/08\/DSC_0078.jpg","type":"image\/jpeg"}],"author":"@herrera_yosmar","twitter_card":"summary_large_image","twitter_creator":"@SeryHumano","twitter_site":"@SeryHumano","twitter_misc":{"Escrito por":"@herrera_yosmar","Tiempo de lectura":"4 minutos"},"schema":{"@context":"https:\/\/schema.org","@graph":[{"@type":"Article","@id":"https:\/\/seryhumano.com\/web\/?p=225#article","isPartOf":{"@id":"https:\/\/seryhumano.com\/web\/?p=225"},"author":{"name":"@herrera_yosmar","@id":"https:\/\/seryhumano.com\/web\/#\/schema\/person\/fd30e8e0b394a62344b44d9b0fe75795"},"headline":"Hacer de la Ilusi\u00f3n un Mundo","datePublished":"2012-08-20T16:14:37+00:00","dateModified":"2012-08-21T00:20:53+00:00","mainEntityOfPage":{"@id":"https:\/\/seryhumano.com\/web\/?p=225"},"wordCount":776,"publisher":{"@id":"https:\/\/seryhumano.com\/web\/#organization"},"image":{"@id":"https:\/\/seryhumano.com\/web\/?p=225#primaryimage"},"thumbnailUrl":"https:\/\/seryhumano.com\/web\/wp-content\/uploads\/2012\/08\/DSC_0078.jpg","keywords":["Slider"],"articleSection":["Cultura del Ser","Gente"],"inLanguage":"es"},{"@type":"WebPage","@id":"https:\/\/seryhumano.com\/web\/?p=225","url":"https:\/\/seryhumano.com\/web\/?p=225","name":"Hacer de la Ilusi\u00f3n un Mundo &#187; SeryHumano.com","isPartOf":{"@id":"https:\/\/seryhumano.com\/web\/#website"},"primaryImageOfPage":{"@id":"https:\/\/seryhumano.com\/web\/?p=225#primaryimage"},"image":{"@id":"https:\/\/seryhumano.com\/web\/?p=225#primaryimage"},"thumbnailUrl":"https:\/\/seryhumano.com\/web\/wp-content\/uploads\/2012\/08\/DSC_0078.jpg","datePublished":"2012-08-20T16:14:37+00:00","dateModified":"2012-08-21T00:20:53+00:00","breadcrumb":{"@id":"https:\/\/seryhumano.com\/web\/?p=225#breadcrumb"},"inLanguage":"es","potentialAction":[{"@type":"ReadAction","target":["https:\/\/seryhumano.com\/web\/?p=225"]}]},{"@type":"ImageObject","inLanguage":"es","@id":"https:\/\/seryhumano.com\/web\/?p=225#primaryimage","url":"https:\/\/seryhumano.com\/web\/wp-content\/uploads\/2012\/08\/DSC_0078.jpg","contentUrl":"https:\/\/seryhumano.com\/web\/wp-content\/uploads\/2012\/08\/DSC_0078.jpg","width":"3216","height":"2136"},{"@type":"BreadcrumbList","@id":"https:\/\/seryhumano.com\/web\/?p=225#breadcrumb","itemListElement":[{"@type":"ListItem","position":1,"name":"Portada","item":"https:\/\/seryhumano.com\/web\/"},{"@type":"ListItem","position":2,"name":"Hacer de la Ilusi\u00f3n un Mundo"}]},{"@type":"WebSite","@id":"https:\/\/seryhumano.com\/web\/#website","url":"https:\/\/seryhumano.com\/web\/","name":"SeryHumano.com","description":"Revista digital muy humana, donde lo mas importante es el Ser...","publisher":{"@id":"https:\/\/seryhumano.com\/web\/#organization"},"potentialAction":[{"@type":"SearchAction","target":{"@type":"EntryPoint","urlTemplate":"https:\/\/seryhumano.com\/web\/?s={search_term_string}"},"query-input":{"@type":"PropertyValueSpecification","valueRequired":true,"valueName":"search_term_string"}}],"inLanguage":"es"},{"@type":"Organization","@id":"https:\/\/seryhumano.com\/web\/#organization","name":"SeryHumano.com","url":"https:\/\/seryhumano.com\/web\/","logo":{"@type":"ImageObject","inLanguage":"es","@id":"https:\/\/seryhumano.com\/web\/#\/schema\/logo\/image\/","url":"https:\/\/seryhumano.com\/web\/wp-content\/uploads\/2020\/02\/JNe5VRwH_400x400-2.jpg","contentUrl":"https:\/\/seryhumano.com\/web\/wp-content\/uploads\/2020\/02\/JNe5VRwH_400x400-2.jpg","width":400,"height":400,"caption":"SeryHumano.com"},"image":{"@id":"https:\/\/seryhumano.com\/web\/#\/schema\/logo\/image\/"},"sameAs":["https:\/\/www.facebook.com\/seryhumano\/","https:\/\/x.com\/SeryHumano","https:\/\/www.instagram.com\/seryhumano\/","https:\/\/www.linkedin.com\/company\/seryhumano-com\/","https:\/\/www.youtube.com\/channel\/UCYfgIGSxygVnJAW0e9ZBZWg"]},{"@type":"Person","@id":"https:\/\/seryhumano.com\/web\/#\/schema\/person\/fd30e8e0b394a62344b44d9b0fe75795","name":"@herrera_yosmar","description":"Eterna enamorada de la vida, comunicadora, mam\u00e1 de tres","sameAs":["http:\/\/seryhumano.com"],"url":"https:\/\/seryhumano.com\/web\/?author=2"}]}},"_links":{"self":[{"href":"https:\/\/seryhumano.com\/web\/index.php?rest_route=\/wp\/v2\/posts\/225","targetHints":{"allow":["GET"]}}],"collection":[{"href":"https:\/\/seryhumano.com\/web\/index.php?rest_route=\/wp\/v2\/posts"}],"about":[{"href":"https:\/\/seryhumano.com\/web\/index.php?rest_route=\/wp\/v2\/types\/post"}],"author":[{"embeddable":true,"href":"https:\/\/seryhumano.com\/web\/index.php?rest_route=\/wp\/v2\/users\/2"}],"replies":[{"embeddable":true,"href":"https:\/\/seryhumano.com\/web\/index.php?rest_route=%2Fwp%2Fv2%2Fcomments&post=225"}],"version-history":[{"count":0,"href":"https:\/\/seryhumano.com\/web\/index.php?rest_route=\/wp\/v2\/posts\/225\/revisions"}],"wp:featuredmedia":[{"embeddable":true,"href":"https:\/\/seryhumano.com\/web\/index.php?rest_route=\/wp\/v2\/media\/237"}],"wp:attachment":[{"href":"https:\/\/seryhumano.com\/web\/index.php?rest_route=%2Fwp%2Fv2%2Fmedia&parent=225"}],"wp:term":[{"taxonomy":"category","embeddable":true,"href":"https:\/\/seryhumano.com\/web\/index.php?rest_route=%2Fwp%2Fv2%2Fcategories&post=225"},{"taxonomy":"post_tag","embeddable":true,"href":"https:\/\/seryhumano.com\/web\/index.php?rest_route=%2Fwp%2Fv2%2Ftags&post=225"}],"curies":[{"name":"wp","href":"https:\/\/api.w.org\/{rel}","templated":true}]}}