{"id":2297,"date":"2013-01-10T10:10:46","date_gmt":"2013-01-10T14:40:46","guid":{"rendered":"https:\/\/seryhumano.com\/web\/?p=2297"},"modified":"2013-01-10T11:02:22","modified_gmt":"2013-01-10T15:32:22","slug":"las-lanzas-coloradas-de-arturo-uslar-pietri","status":"publish","type":"post","link":"https:\/\/seryhumano.com\/web\/?p=2297","title":{"rendered":"Las lanzas coloradas de Arturo Uslar Pietri"},"content":{"rendered":"<p><a href=\"https:\/\/seryhumano.com\/web\/?attachment_id=2298\" rel=\"attachment wp-att-2298\"><img loading=\"lazy\" decoding=\"async\" class=\"alignleft size-full wp-image-2298\" alt=\"independencia venezolana, entre 1813 y 1814\" src=\"https:\/\/seryhumano.com\/web\/wp-content\/uploads\/2013\/01\/independencia-venezolana-entre-1813-y-1814.jpg\" width=\"259\" height=\"194\" \/><\/a>Para relatar los sucesos m\u00e1s sangrientos de la guerra de independencia venezolana, entre 1813 y 1814, y revisar la ideolog\u00eda subyacente al proceso, Uslar Pietri se centra en los avatares de los hermanos Fonta, Fernando e In\u00e9s, cuya genealog\u00eda\u00a0 se reconstruye mediante una \u00e1gil descripci\u00f3n de la vida colonial.<\/p>\n<p>En la figura de Fernando se representan los vaivenes ideol\u00f3gicos del sujeto en crisis: de la vida inconsciente en el palacio familiar a la confrontaci\u00f3n con una guerra cuyo sentido no se alcanza, pasando por la zozobra religiosa, el deslumbrado descubrimiento de la actividad intelectual y la inquietud pol\u00edtica. Su conciencia titubeante encuentra un contrapunto hipervitalista en Presentaci\u00f3n Campos, mulato rebelde que no asume su condici\u00f3n de esclavo y que, tras incendiar la hacienda de los Fonta y violar a In\u00e9s se une a las fuerzas realistas como medio de llevar a la pr\u00e1ctica su voluntad de poder\u00edo.<a href=\"https:\/\/seryhumano.com\/web\/?attachment_id=2299\" rel=\"attachment wp-att-2299\"><img loading=\"lazy\" decoding=\"async\" class=\"alignright size-full wp-image-2299\" alt=\"Arturo Uslar Pietri\" src=\"https:\/\/seryhumano.com\/web\/wp-content\/uploads\/2013\/01\/Arturo-Uslar-Pietri.jpg\" width=\"219\" height=\"211\" \/><\/a><\/p>\n<p>No hay, sin embargo, lecci\u00f3n: todos mueren al final salvo In\u00e9s, extraviada buscando una venganza que ya no podr\u00e1 obtener. Al lado de la confrontaci\u00f3n psicol\u00f3gica y moral, destacan\u00a0 en la novela las escenas b\u00e9licas, en un estilo cuasi cubista, y la presencia de algunos recursos narrativos (relatos insertos, t\u00edmidos flujos de conciencia, montajes paralelos, reiteraciones connotadas) que contribuyen a su modernidad.<\/p>\n<p><a href=\"https:\/\/seryhumano.com\/web\/?attachment_id=2301\" rel=\"attachment wp-att-2301\"><img loading=\"lazy\" decoding=\"async\" class=\"alignleft size-full wp-image-2301\" alt=\"Las lanzas coloradas 1\" src=\"https:\/\/seryhumano.com\/web\/wp-content\/uploads\/2013\/01\/Las-lanzas-coloradas-1.jpg\" width=\"116\" height=\"169\" \/><\/a>En su primera novela, Uslar Pietri logra renovar el g\u00e9nero hist\u00f3rico, anticipando una tendencia caracter\u00edstica de la narrativa hispanoamericana de los \u00faltimos tiempos.<\/p>\n<p>seryhumano.com \/ \u00a0Daniel Mesa Gancedo<\/p>\n","protected":false},"excerpt":{"rendered":"<p>Para relatar los sucesos m\u00e1s sangrientos de la guerra de independencia venezolana, entre 1813 y 1814, y revisar la ideolog\u00eda subyacente al proceso, Uslar Pietri se centra en los avatares de los hermanos Fonta, Fernando e In\u00e9s, cuya genealog\u00eda\u00a0 se reconstruye mediante una \u00e1gil descripci\u00f3n de la vida colonial. En la figura de Fernando se&hellip;<\/p>\n","protected":false},"author":2,"featured_media":2305,"comment_status":"closed","ping_status":"closed","sticky":false,"template":"","format":"standard","meta":{"footnotes":""},"categories":[118],"tags":[111],"class_list":["post-2297","post","type-post","status-publish","format-standard","has-post-thumbnail","hentry","category-un-instante-con-las-letras","tag-slider","category-118","description-off"],"yoast_head":"<!-- This site is optimized with the Yoast SEO plugin v25.4 - https:\/\/yoast.com\/wordpress\/plugins\/seo\/ -->\n<title>Las lanzas coloradas de Arturo Uslar Pietri &#187; SeryHumano.com<\/title>\n<meta name=\"robots\" content=\"index, follow, max-snippet:-1, max-image-preview:large, max-video-preview:-1\" \/>\n<link rel=\"canonical\" href=\"https:\/\/seryhumano.com\/web\/?p=2297\" \/>\n<meta property=\"og:locale\" content=\"es_ES\" \/>\n<meta property=\"og:type\" content=\"article\" \/>\n<meta property=\"og:title\" content=\"Las lanzas coloradas de Arturo Uslar Pietri &#187; SeryHumano.com\" \/>\n<meta property=\"og:description\" content=\"Para relatar los sucesos m\u00e1s sangrientos de la guerra de independencia venezolana, entre 1813 y 1814, y revisar la ideolog\u00eda subyacente al proceso, Uslar Pietri se centra en los avatares de los hermanos Fonta, Fernando e In\u00e9s, cuya genealog\u00eda\u00a0 se reconstruye mediante una \u00e1gil descripci\u00f3n de la vida colonial. En la figura de Fernando se&hellip;\" \/>\n<meta property=\"og:url\" content=\"https:\/\/seryhumano.com\/web\/?p=2297\" \/>\n<meta property=\"og:site_name\" content=\"SeryHumano.com\" \/>\n<meta property=\"article:publisher\" content=\"https:\/\/www.facebook.com\/seryhumano\/\" \/>\n<meta property=\"article:published_time\" content=\"2013-01-10T14:40:46+00:00\" \/>\n<meta property=\"article:modified_time\" content=\"2013-01-10T15:32:22+00:00\" \/>\n<meta property=\"og:image\" content=\"https:\/\/seryhumano.com\/web\/wp-content\/uploads\/2013\/01\/featureslider_batalla.jpg\" \/>\n\t<meta property=\"og:image:width\" content=\"910\" \/>\n\t<meta property=\"og:image:height\" content=\"227\" \/>\n\t<meta property=\"og:image:type\" content=\"image\/jpeg\" \/>\n<meta name=\"author\" content=\"@herrera_yosmar\" \/>\n<meta name=\"twitter:card\" content=\"summary_large_image\" \/>\n<meta name=\"twitter:creator\" content=\"@SeryHumano\" \/>\n<meta name=\"twitter:site\" content=\"@SeryHumano\" \/>\n<meta name=\"twitter:label1\" content=\"Escrito por\" \/>\n\t<meta name=\"twitter:data1\" content=\"@herrera_yosmar\" \/>\n\t<meta name=\"twitter:label2\" content=\"Tiempo de lectura\" \/>\n\t<meta name=\"twitter:data2\" content=\"1 minuto\" \/>\n<script type=\"application\/ld+json\" class=\"yoast-schema-graph\">{\"@context\":\"https:\/\/schema.org\",\"@graph\":[{\"@type\":\"Article\",\"@id\":\"https:\/\/seryhumano.com\/web\/?p=2297#article\",\"isPartOf\":{\"@id\":\"https:\/\/seryhumano.com\/web\/?p=2297\"},\"author\":{\"name\":\"@herrera_yosmar\",\"@id\":\"https:\/\/seryhumano.com\/web\/#\/schema\/person\/fd30e8e0b394a62344b44d9b0fe75795\"},\"headline\":\"Las lanzas coloradas de Arturo Uslar Pietri\",\"datePublished\":\"2013-01-10T14:40:46+00:00\",\"dateModified\":\"2013-01-10T15:32:22+00:00\",\"mainEntityOfPage\":{\"@id\":\"https:\/\/seryhumano.com\/web\/?p=2297\"},\"wordCount\":264,\"publisher\":{\"@id\":\"https:\/\/seryhumano.com\/web\/#organization\"},\"image\":{\"@id\":\"https:\/\/seryhumano.com\/web\/?p=2297#primaryimage\"},\"thumbnailUrl\":\"https:\/\/seryhumano.com\/web\/wp-content\/uploads\/2013\/01\/featureslider_batalla.jpg\",\"keywords\":[\"Slider\"],\"articleSection\":[\"Un Instante con las Letras\"],\"inLanguage\":\"es\"},{\"@type\":\"WebPage\",\"@id\":\"https:\/\/seryhumano.com\/web\/?p=2297\",\"url\":\"https:\/\/seryhumano.com\/web\/?p=2297\",\"name\":\"Las lanzas coloradas de Arturo Uslar Pietri &#187; SeryHumano.com\",\"isPartOf\":{\"@id\":\"https:\/\/seryhumano.com\/web\/#website\"},\"primaryImageOfPage\":{\"@id\":\"https:\/\/seryhumano.com\/web\/?p=2297#primaryimage\"},\"image\":{\"@id\":\"https:\/\/seryhumano.com\/web\/?p=2297#primaryimage\"},\"thumbnailUrl\":\"https:\/\/seryhumano.com\/web\/wp-content\/uploads\/2013\/01\/featureslider_batalla.jpg\",\"datePublished\":\"2013-01-10T14:40:46+00:00\",\"dateModified\":\"2013-01-10T15:32:22+00:00\",\"breadcrumb\":{\"@id\":\"https:\/\/seryhumano.com\/web\/?p=2297#breadcrumb\"},\"inLanguage\":\"es\",\"potentialAction\":[{\"@type\":\"ReadAction\",\"target\":[\"https:\/\/seryhumano.com\/web\/?p=2297\"]}]},{\"@type\":\"ImageObject\",\"inLanguage\":\"es\",\"@id\":\"https:\/\/seryhumano.com\/web\/?p=2297#primaryimage\",\"url\":\"https:\/\/seryhumano.com\/web\/wp-content\/uploads\/2013\/01\/featureslider_batalla.jpg\",\"contentUrl\":\"https:\/\/seryhumano.com\/web\/wp-content\/uploads\/2013\/01\/featureslider_batalla.jpg\",\"width\":910,\"height\":227},{\"@type\":\"BreadcrumbList\",\"@id\":\"https:\/\/seryhumano.com\/web\/?p=2297#breadcrumb\",\"itemListElement\":[{\"@type\":\"ListItem\",\"position\":1,\"name\":\"Portada\",\"item\":\"https:\/\/seryhumano.com\/web\/\"},{\"@type\":\"ListItem\",\"position\":2,\"name\":\"Las lanzas coloradas de Arturo Uslar Pietri\"}]},{\"@type\":\"WebSite\",\"@id\":\"https:\/\/seryhumano.com\/web\/#website\",\"url\":\"https:\/\/seryhumano.com\/web\/\",\"name\":\"SeryHumano.com\",\"description\":\"Revista digital muy humana, donde lo mas importante es el Ser...\",\"publisher\":{\"@id\":\"https:\/\/seryhumano.com\/web\/#organization\"},\"potentialAction\":[{\"@type\":\"SearchAction\",\"target\":{\"@type\":\"EntryPoint\",\"urlTemplate\":\"https:\/\/seryhumano.com\/web\/?s={search_term_string}\"},\"query-input\":{\"@type\":\"PropertyValueSpecification\",\"valueRequired\":true,\"valueName\":\"search_term_string\"}}],\"inLanguage\":\"es\"},{\"@type\":\"Organization\",\"@id\":\"https:\/\/seryhumano.com\/web\/#organization\",\"name\":\"SeryHumano.com\",\"url\":\"https:\/\/seryhumano.com\/web\/\",\"logo\":{\"@type\":\"ImageObject\",\"inLanguage\":\"es\",\"@id\":\"https:\/\/seryhumano.com\/web\/#\/schema\/logo\/image\/\",\"url\":\"https:\/\/seryhumano.com\/web\/wp-content\/uploads\/2020\/02\/JNe5VRwH_400x400-2.jpg\",\"contentUrl\":\"https:\/\/seryhumano.com\/web\/wp-content\/uploads\/2020\/02\/JNe5VRwH_400x400-2.jpg\",\"width\":400,\"height\":400,\"caption\":\"SeryHumano.com\"},\"image\":{\"@id\":\"https:\/\/seryhumano.com\/web\/#\/schema\/logo\/image\/\"},\"sameAs\":[\"https:\/\/www.facebook.com\/seryhumano\/\",\"https:\/\/x.com\/SeryHumano\",\"https:\/\/www.instagram.com\/seryhumano\/\",\"https:\/\/www.linkedin.com\/company\/seryhumano-com\/\",\"https:\/\/www.youtube.com\/channel\/UCYfgIGSxygVnJAW0e9ZBZWg\"]},{\"@type\":\"Person\",\"@id\":\"https:\/\/seryhumano.com\/web\/#\/schema\/person\/fd30e8e0b394a62344b44d9b0fe75795\",\"name\":\"@herrera_yosmar\",\"description\":\"Eterna enamorada de la vida, comunicadora, mam\u00e1 de tres\",\"sameAs\":[\"http:\/\/seryhumano.com\"],\"url\":\"https:\/\/seryhumano.com\/web\/?author=2\"}]}<\/script>\n<!-- \/ Yoast SEO plugin. -->","yoast_head_json":{"title":"Las lanzas coloradas de Arturo Uslar Pietri &#187; SeryHumano.com","robots":{"index":"index","follow":"follow","max-snippet":"max-snippet:-1","max-image-preview":"max-image-preview:large","max-video-preview":"max-video-preview:-1"},"canonical":"https:\/\/seryhumano.com\/web\/?p=2297","og_locale":"es_ES","og_type":"article","og_title":"Las lanzas coloradas de Arturo Uslar Pietri &#187; SeryHumano.com","og_description":"Para relatar los sucesos m\u00e1s sangrientos de la guerra de independencia venezolana, entre 1813 y 1814, y revisar la ideolog\u00eda subyacente al proceso, Uslar Pietri se centra en los avatares de los hermanos Fonta, Fernando e In\u00e9s, cuya genealog\u00eda\u00a0 se reconstruye mediante una \u00e1gil descripci\u00f3n de la vida colonial. En la figura de Fernando se&hellip;","og_url":"https:\/\/seryhumano.com\/web\/?p=2297","og_site_name":"SeryHumano.com","article_publisher":"https:\/\/www.facebook.com\/seryhumano\/","article_published_time":"2013-01-10T14:40:46+00:00","article_modified_time":"2013-01-10T15:32:22+00:00","og_image":[{"width":910,"height":227,"url":"https:\/\/seryhumano.com\/web\/wp-content\/uploads\/2013\/01\/featureslider_batalla.jpg","type":"image\/jpeg"}],"author":"@herrera_yosmar","twitter_card":"summary_large_image","twitter_creator":"@SeryHumano","twitter_site":"@SeryHumano","twitter_misc":{"Escrito por":"@herrera_yosmar","Tiempo de lectura":"1 minuto"},"schema":{"@context":"https:\/\/schema.org","@graph":[{"@type":"Article","@id":"https:\/\/seryhumano.com\/web\/?p=2297#article","isPartOf":{"@id":"https:\/\/seryhumano.com\/web\/?p=2297"},"author":{"name":"@herrera_yosmar","@id":"https:\/\/seryhumano.com\/web\/#\/schema\/person\/fd30e8e0b394a62344b44d9b0fe75795"},"headline":"Las lanzas coloradas de Arturo Uslar Pietri","datePublished":"2013-01-10T14:40:46+00:00","dateModified":"2013-01-10T15:32:22+00:00","mainEntityOfPage":{"@id":"https:\/\/seryhumano.com\/web\/?p=2297"},"wordCount":264,"publisher":{"@id":"https:\/\/seryhumano.com\/web\/#organization"},"image":{"@id":"https:\/\/seryhumano.com\/web\/?p=2297#primaryimage"},"thumbnailUrl":"https:\/\/seryhumano.com\/web\/wp-content\/uploads\/2013\/01\/featureslider_batalla.jpg","keywords":["Slider"],"articleSection":["Un Instante con las Letras"],"inLanguage":"es"},{"@type":"WebPage","@id":"https:\/\/seryhumano.com\/web\/?p=2297","url":"https:\/\/seryhumano.com\/web\/?p=2297","name":"Las lanzas coloradas de Arturo Uslar Pietri &#187; SeryHumano.com","isPartOf":{"@id":"https:\/\/seryhumano.com\/web\/#website"},"primaryImageOfPage":{"@id":"https:\/\/seryhumano.com\/web\/?p=2297#primaryimage"},"image":{"@id":"https:\/\/seryhumano.com\/web\/?p=2297#primaryimage"},"thumbnailUrl":"https:\/\/seryhumano.com\/web\/wp-content\/uploads\/2013\/01\/featureslider_batalla.jpg","datePublished":"2013-01-10T14:40:46+00:00","dateModified":"2013-01-10T15:32:22+00:00","breadcrumb":{"@id":"https:\/\/seryhumano.com\/web\/?p=2297#breadcrumb"},"inLanguage":"es","potentialAction":[{"@type":"ReadAction","target":["https:\/\/seryhumano.com\/web\/?p=2297"]}]},{"@type":"ImageObject","inLanguage":"es","@id":"https:\/\/seryhumano.com\/web\/?p=2297#primaryimage","url":"https:\/\/seryhumano.com\/web\/wp-content\/uploads\/2013\/01\/featureslider_batalla.jpg","contentUrl":"https:\/\/seryhumano.com\/web\/wp-content\/uploads\/2013\/01\/featureslider_batalla.jpg","width":910,"height":227},{"@type":"BreadcrumbList","@id":"https:\/\/seryhumano.com\/web\/?p=2297#breadcrumb","itemListElement":[{"@type":"ListItem","position":1,"name":"Portada","item":"https:\/\/seryhumano.com\/web\/"},{"@type":"ListItem","position":2,"name":"Las lanzas coloradas de Arturo Uslar Pietri"}]},{"@type":"WebSite","@id":"https:\/\/seryhumano.com\/web\/#website","url":"https:\/\/seryhumano.com\/web\/","name":"SeryHumano.com","description":"Revista digital muy humana, donde lo mas importante es el Ser...","publisher":{"@id":"https:\/\/seryhumano.com\/web\/#organization"},"potentialAction":[{"@type":"SearchAction","target":{"@type":"EntryPoint","urlTemplate":"https:\/\/seryhumano.com\/web\/?s={search_term_string}"},"query-input":{"@type":"PropertyValueSpecification","valueRequired":true,"valueName":"search_term_string"}}],"inLanguage":"es"},{"@type":"Organization","@id":"https:\/\/seryhumano.com\/web\/#organization","name":"SeryHumano.com","url":"https:\/\/seryhumano.com\/web\/","logo":{"@type":"ImageObject","inLanguage":"es","@id":"https:\/\/seryhumano.com\/web\/#\/schema\/logo\/image\/","url":"https:\/\/seryhumano.com\/web\/wp-content\/uploads\/2020\/02\/JNe5VRwH_400x400-2.jpg","contentUrl":"https:\/\/seryhumano.com\/web\/wp-content\/uploads\/2020\/02\/JNe5VRwH_400x400-2.jpg","width":400,"height":400,"caption":"SeryHumano.com"},"image":{"@id":"https:\/\/seryhumano.com\/web\/#\/schema\/logo\/image\/"},"sameAs":["https:\/\/www.facebook.com\/seryhumano\/","https:\/\/x.com\/SeryHumano","https:\/\/www.instagram.com\/seryhumano\/","https:\/\/www.linkedin.com\/company\/seryhumano-com\/","https:\/\/www.youtube.com\/channel\/UCYfgIGSxygVnJAW0e9ZBZWg"]},{"@type":"Person","@id":"https:\/\/seryhumano.com\/web\/#\/schema\/person\/fd30e8e0b394a62344b44d9b0fe75795","name":"@herrera_yosmar","description":"Eterna enamorada de la vida, comunicadora, mam\u00e1 de tres","sameAs":["http:\/\/seryhumano.com"],"url":"https:\/\/seryhumano.com\/web\/?author=2"}]}},"_links":{"self":[{"href":"https:\/\/seryhumano.com\/web\/index.php?rest_route=\/wp\/v2\/posts\/2297","targetHints":{"allow":["GET"]}}],"collection":[{"href":"https:\/\/seryhumano.com\/web\/index.php?rest_route=\/wp\/v2\/posts"}],"about":[{"href":"https:\/\/seryhumano.com\/web\/index.php?rest_route=\/wp\/v2\/types\/post"}],"author":[{"embeddable":true,"href":"https:\/\/seryhumano.com\/web\/index.php?rest_route=\/wp\/v2\/users\/2"}],"replies":[{"embeddable":true,"href":"https:\/\/seryhumano.com\/web\/index.php?rest_route=%2Fwp%2Fv2%2Fcomments&post=2297"}],"version-history":[{"count":0,"href":"https:\/\/seryhumano.com\/web\/index.php?rest_route=\/wp\/v2\/posts\/2297\/revisions"}],"wp:featuredmedia":[{"embeddable":true,"href":"https:\/\/seryhumano.com\/web\/index.php?rest_route=\/wp\/v2\/media\/2305"}],"wp:attachment":[{"href":"https:\/\/seryhumano.com\/web\/index.php?rest_route=%2Fwp%2Fv2%2Fmedia&parent=2297"}],"wp:term":[{"taxonomy":"category","embeddable":true,"href":"https:\/\/seryhumano.com\/web\/index.php?rest_route=%2Fwp%2Fv2%2Fcategories&post=2297"},{"taxonomy":"post_tag","embeddable":true,"href":"https:\/\/seryhumano.com\/web\/index.php?rest_route=%2Fwp%2Fv2%2Ftags&post=2297"}],"curies":[{"name":"wp","href":"https:\/\/api.w.org\/{rel}","templated":true}]}}