{"id":23573,"date":"2016-10-03T08:43:07","date_gmt":"2016-10-03T13:13:07","guid":{"rendered":"https:\/\/seryhumano.com\/web\/?p=23573"},"modified":"2016-10-03T09:09:12","modified_gmt":"2016-10-03T13:39:12","slug":"jornadas-latinoamericanas-genetica-forense","status":"publish","type":"post","link":"https:\/\/seryhumano.com\/web\/?p=23573","title":{"rendered":"Jornadas Latinoamericanas de Gen\u00e9tica Forense"},"content":{"rendered":"<p style=\"text-align: center;\"><strong>El evento estuvo organizado por la Sociedad Latinoamericana de Gen\u00e9tica Forense, la Procuradur\u00eda General de la Rep\u00fablica y la UASD, y cont\u00f3 con la participaci\u00f3n de destacados exponentes de Rep\u00fablica Dominicana, Argentina, M\u00e9xico, Colombia, Ecuador, Uruguay, Chile, Per\u00fa y Espa\u00f1a<\/strong><\/p>\n<p style=\"text-align: center;\"><a href=\"https:\/\/seryhumano.com\/web\/jornadas-latinoamericanas-genetica-forense\/adn1\/\" rel=\"attachment wp-att-23575\"><img loading=\"lazy\" decoding=\"async\" class=\"size-full wp-image-23575 aligncenter\" src=\"https:\/\/seryhumano.com\/web\/wp-content\/uploads\/2016\/10\/ADN1-e1475499793868.jpg\" alt=\"adn1\" width=\"500\" height=\"354\" \/><\/a><\/p>\n<p><strong>Santo Domingo<\/strong>. <a href=\"http:\/\/www.patriarivas.com.do\/\">Laboratorio Patria Rivas<\/a> form\u00f3 parte de la s\u00e9ptima versi\u00f3n de las Jornadas Latinoamericanas de Gen\u00e9tica Forense, que durante tres d\u00edas reuni\u00f3 a reconocidos expertos de la regi\u00f3n en la sede de la Universidad Aut\u00f3noma de Santo Domingo (UASD).<\/p>\n<p>El laboratorio estuvo representado por la Encargada de Resultados de ADN, Ana Luna, quien ofreci\u00f3 la conferencia <em>\u201cHistoria de las pruebas de paternidad en la Rep\u00fablica Dominicana\u201d<\/em>, en la que destac\u00f3 la evoluci\u00f3n que ha tenido este tipo de examen, que lleg\u00f3 al pa\u00eds de la mano de Patria Rivas y con el que se ha logrado realizar un gran aporte a la sociedad y a las labores de investigaci\u00f3n de las autoridades judiciales.<\/p>\n<p>El evento, que fue organizado por la <a href=\"http:\/\/slagf.org.ar\/a2\/\">Sociedad Latinoamericana de Gen\u00e9tica Forense<\/a>, la Procuradur\u00eda General de la Rep\u00fablica y la <a href=\"http:\/\/www.uasd.edu.do\/\">UASD<\/a>, cont\u00f3 adem\u00e1s con la participaci\u00f3n de destacados exponentes de Rep\u00fablica Dominicana, Argentina, M\u00e9xico, Colombia, Ecuador, Uruguay, Chile, Per\u00fa y Espa\u00f1a, quienes disertaron ante un p\u00fablico muy diverso que incluy\u00f3 a estudiantes de Medicina y Ciencias Jur\u00eddicas de distintas universidades.<a href=\"https:\/\/seryhumano.com\/web\/jornadas-latinoamericanas-genetica-forense\/slagf\/\" rel=\"attachment wp-att-23576\"><img loading=\"lazy\" decoding=\"async\" class=\"alignright size-full wp-image-23576\" src=\"https:\/\/seryhumano.com\/web\/wp-content\/uploads\/2016\/10\/slagf.jpg\" alt=\"slagf\" width=\"300\" height=\"200\" \/><\/a><\/p>\n<p>Patria Rivas particip\u00f3 en la realizaci\u00f3n de las primeras pruebas de exclusi\u00f3n de paternidad a partir de los grupos sangu\u00edneos que el Dr. \u00c1lvarez Perell\u00f3 introdujo al pa\u00eds en 1946, cuando a\u00fan en Espa\u00f1a y otros pa\u00edses no se realizaban, y que por varias d\u00e9cadas ser\u00eda la \u00fanica forma de determinaci\u00f3n de paternidad, hasta la implementaci\u00f3n de los estudios de marcadores gen\u00e9ticos por ADN en 1994.<\/p>\n<p>El laboratorio evolucion\u00f3 con los nuevos avances de la ciencia y se convirti\u00f3 en pionero en el establecimiento de pruebas de paternidad por ADN, incluyendo las primeras pruebas prenatales a partir del ADN del beb\u00e9 presente en el l\u00edquido amni\u00f3tico.<\/p>\n<div id=\"attachment_23577\" style=\"width: 510px\" class=\"wp-caption alignleft\"><a href=\"https:\/\/seryhumano.com\/web\/jornadas-latinoamericanas-genetica-forense\/img_3313\/\" rel=\"attachment wp-att-23577\"><img loading=\"lazy\" decoding=\"async\" aria-describedby=\"caption-attachment-23577\" class=\"size-full wp-image-23577\" src=\"https:\/\/seryhumano.com\/web\/wp-content\/uploads\/2016\/10\/IMG_3313-e1475500348396.jpg\" alt=\"Ana Luna- Encargada resultados de ADN- Laboratorio Patria Rivas\" width=\"500\" height=\"333\" \/><\/a><p id=\"caption-attachment-23577\" class=\"wp-caption-text\">Ana Luna- Encargada resultados de ADN- Laboratorio Patria Rivas<\/p><\/div>\n<p>Laboratorio Patria Rivas fue fundado en 1966 por la licenciada Patria Rivas y desde entonces ha hecho de la ciencia su norte, lo que le ha permitido mantenerse evolucionando acorde con los nuevos avances cient\u00edficos y tecnol\u00f3gicos en todo tipo de pruebas de laboratorio, incluyendo las m\u00e1s especializadas, as\u00ed como en las pruebas de paternidad y marcadores gen\u00e9ticos.<\/p>\n<p>seryhumano.com \/ Ibelca Samantha Mencia<\/p>\n<p>Nota de Prensa<\/p>\n","protected":false},"excerpt":{"rendered":"<p>El evento estuvo organizado por la Sociedad Latinoamericana de Gen\u00e9tica Forense, la Procuradur\u00eda General de la Rep\u00fablica y la UASD, y cont\u00f3 con la participaci\u00f3n de destacados exponentes de Rep\u00fablica Dominicana, Argentina, M\u00e9xico, Colombia, Ecuador, Uruguay, Chile, Per\u00fa y Espa\u00f1a Santo Domingo. Laboratorio Patria Rivas form\u00f3 parte de la s\u00e9ptima versi\u00f3n de las Jornadas Latinoamericanas&hellip;<\/p>\n","protected":false},"author":2,"featured_media":23574,"comment_status":"closed","ping_status":"closed","sticky":false,"template":"","format":"standard","meta":{"footnotes":""},"categories":[110],"tags":[247,1969,1970,210,1494,1495,1972,1971],"class_list":["post-23573","post","type-post","status-publish","format-standard","has-post-thumbnail","hentry","category-noticias","tag-adn","tag-jornadas-latinoamericanas-de-genetica-forense","tag-laboratorio-patria-rivas","tag-noticias","tag-republica-dominicana","tag-santo-domingo","tag-uasd","tag-universidad-autonoma-de-santo-domingo","category-110","description-off"],"yoast_head":"<!-- This site is optimized with the Yoast SEO plugin v25.4 - https:\/\/yoast.com\/wordpress\/plugins\/seo\/ -->\n<title>Jornadas Latinoamericanas de Gen\u00e9tica Forense &#187; SeryHumano.com<\/title>\n<meta name=\"robots\" content=\"index, follow, max-snippet:-1, max-image-preview:large, max-video-preview:-1\" \/>\n<link rel=\"canonical\" href=\"https:\/\/seryhumano.com\/web\/?p=23573\" \/>\n<meta property=\"og:locale\" content=\"es_ES\" \/>\n<meta property=\"og:type\" content=\"article\" \/>\n<meta property=\"og:title\" content=\"Jornadas Latinoamericanas de Gen\u00e9tica Forense &#187; SeryHumano.com\" \/>\n<meta property=\"og:description\" content=\"El evento estuvo organizado por la Sociedad Latinoamericana de Gen\u00e9tica Forense, la Procuradur\u00eda General de la Rep\u00fablica y la UASD, y cont\u00f3 con la participaci\u00f3n de destacados exponentes de Rep\u00fablica Dominicana, Argentina, M\u00e9xico, Colombia, Ecuador, Uruguay, Chile, Per\u00fa y Espa\u00f1a Santo Domingo. Laboratorio Patria Rivas form\u00f3 parte de la s\u00e9ptima versi\u00f3n de las Jornadas Latinoamericanas&hellip;\" \/>\n<meta property=\"og:url\" content=\"https:\/\/seryhumano.com\/web\/?p=23573\" \/>\n<meta property=\"og:site_name\" content=\"SeryHumano.com\" \/>\n<meta property=\"article:publisher\" content=\"https:\/\/www.facebook.com\/seryhumano\/\" \/>\n<meta property=\"article:published_time\" content=\"2016-10-03T13:13:07+00:00\" \/>\n<meta property=\"article:modified_time\" content=\"2016-10-03T13:39:12+00:00\" \/>\n<meta property=\"og:image\" content=\"https:\/\/seryhumano.com\/web\/wp-content\/uploads\/2016\/10\/ADN-e1475499638321.jpg\" \/>\n\t<meta property=\"og:image:width\" content=\"500\" \/>\n\t<meta property=\"og:image:height\" content=\"375\" \/>\n\t<meta property=\"og:image:type\" content=\"image\/jpeg\" \/>\n<meta name=\"author\" content=\"@herrera_yosmar\" \/>\n<meta name=\"twitter:card\" content=\"summary_large_image\" \/>\n<meta name=\"twitter:creator\" content=\"@SeryHumano\" \/>\n<meta name=\"twitter:site\" content=\"@SeryHumano\" \/>\n<meta name=\"twitter:label1\" content=\"Escrito por\" \/>\n\t<meta name=\"twitter:data1\" content=\"@herrera_yosmar\" \/>\n\t<meta name=\"twitter:label2\" content=\"Tiempo de lectura\" \/>\n\t<meta name=\"twitter:data2\" content=\"2 minutos\" \/>\n<script type=\"application\/ld+json\" class=\"yoast-schema-graph\">{\"@context\":\"https:\/\/schema.org\",\"@graph\":[{\"@type\":\"Article\",\"@id\":\"https:\/\/seryhumano.com\/web\/?p=23573#article\",\"isPartOf\":{\"@id\":\"https:\/\/seryhumano.com\/web\/?p=23573\"},\"author\":{\"name\":\"@herrera_yosmar\",\"@id\":\"https:\/\/seryhumano.com\/web\/#\/schema\/person\/fd30e8e0b394a62344b44d9b0fe75795\"},\"headline\":\"Jornadas Latinoamericanas de Gen\u00e9tica Forense\",\"datePublished\":\"2016-10-03T13:13:07+00:00\",\"dateModified\":\"2016-10-03T13:39:12+00:00\",\"mainEntityOfPage\":{\"@id\":\"https:\/\/seryhumano.com\/web\/?p=23573\"},\"wordCount\":450,\"publisher\":{\"@id\":\"https:\/\/seryhumano.com\/web\/#organization\"},\"image\":{\"@id\":\"https:\/\/seryhumano.com\/web\/?p=23573#primaryimage\"},\"thumbnailUrl\":\"https:\/\/seryhumano.com\/web\/wp-content\/uploads\/2016\/10\/ADN-e1475499638321.jpg\",\"keywords\":[\"ADN\",\"Jornadas Latinoamericanas de Gen\u00e9tica Forense\",\"Laboratorio Patria Rivas\",\"Noticias\",\"Rep\u00fablica Dominicana\",\"Santo Domingo\",\"UASD\",\"Universidad Aut\u00f3noma de Santo Domingo\"],\"articleSection\":[\"Noticias\"],\"inLanguage\":\"es\"},{\"@type\":\"WebPage\",\"@id\":\"https:\/\/seryhumano.com\/web\/?p=23573\",\"url\":\"https:\/\/seryhumano.com\/web\/?p=23573\",\"name\":\"Jornadas Latinoamericanas de Gen\u00e9tica Forense &#187; SeryHumano.com\",\"isPartOf\":{\"@id\":\"https:\/\/seryhumano.com\/web\/#website\"},\"primaryImageOfPage\":{\"@id\":\"https:\/\/seryhumano.com\/web\/?p=23573#primaryimage\"},\"image\":{\"@id\":\"https:\/\/seryhumano.com\/web\/?p=23573#primaryimage\"},\"thumbnailUrl\":\"https:\/\/seryhumano.com\/web\/wp-content\/uploads\/2016\/10\/ADN-e1475499638321.jpg\",\"datePublished\":\"2016-10-03T13:13:07+00:00\",\"dateModified\":\"2016-10-03T13:39:12+00:00\",\"breadcrumb\":{\"@id\":\"https:\/\/seryhumano.com\/web\/?p=23573#breadcrumb\"},\"inLanguage\":\"es\",\"potentialAction\":[{\"@type\":\"ReadAction\",\"target\":[\"https:\/\/seryhumano.com\/web\/?p=23573\"]}]},{\"@type\":\"ImageObject\",\"inLanguage\":\"es\",\"@id\":\"https:\/\/seryhumano.com\/web\/?p=23573#primaryimage\",\"url\":\"https:\/\/seryhumano.com\/web\/wp-content\/uploads\/2016\/10\/ADN-e1475499638321.jpg\",\"contentUrl\":\"https:\/\/seryhumano.com\/web\/wp-content\/uploads\/2016\/10\/ADN-e1475499638321.jpg\",\"width\":500,\"height\":375},{\"@type\":\"BreadcrumbList\",\"@id\":\"https:\/\/seryhumano.com\/web\/?p=23573#breadcrumb\",\"itemListElement\":[{\"@type\":\"ListItem\",\"position\":1,\"name\":\"Portada\",\"item\":\"https:\/\/seryhumano.com\/web\/\"},{\"@type\":\"ListItem\",\"position\":2,\"name\":\"Jornadas Latinoamericanas de Gen\u00e9tica Forense\"}]},{\"@type\":\"WebSite\",\"@id\":\"https:\/\/seryhumano.com\/web\/#website\",\"url\":\"https:\/\/seryhumano.com\/web\/\",\"name\":\"SeryHumano.com\",\"description\":\"Revista digital muy humana, donde lo mas importante es el Ser...\",\"publisher\":{\"@id\":\"https:\/\/seryhumano.com\/web\/#organization\"},\"potentialAction\":[{\"@type\":\"SearchAction\",\"target\":{\"@type\":\"EntryPoint\",\"urlTemplate\":\"https:\/\/seryhumano.com\/web\/?s={search_term_string}\"},\"query-input\":{\"@type\":\"PropertyValueSpecification\",\"valueRequired\":true,\"valueName\":\"search_term_string\"}}],\"inLanguage\":\"es\"},{\"@type\":\"Organization\",\"@id\":\"https:\/\/seryhumano.com\/web\/#organization\",\"name\":\"SeryHumano.com\",\"url\":\"https:\/\/seryhumano.com\/web\/\",\"logo\":{\"@type\":\"ImageObject\",\"inLanguage\":\"es\",\"@id\":\"https:\/\/seryhumano.com\/web\/#\/schema\/logo\/image\/\",\"url\":\"https:\/\/seryhumano.com\/web\/wp-content\/uploads\/2020\/02\/JNe5VRwH_400x400-2.jpg\",\"contentUrl\":\"https:\/\/seryhumano.com\/web\/wp-content\/uploads\/2020\/02\/JNe5VRwH_400x400-2.jpg\",\"width\":400,\"height\":400,\"caption\":\"SeryHumano.com\"},\"image\":{\"@id\":\"https:\/\/seryhumano.com\/web\/#\/schema\/logo\/image\/\"},\"sameAs\":[\"https:\/\/www.facebook.com\/seryhumano\/\",\"https:\/\/x.com\/SeryHumano\",\"https:\/\/www.instagram.com\/seryhumano\/\",\"https:\/\/www.linkedin.com\/company\/seryhumano-com\/\",\"https:\/\/www.youtube.com\/channel\/UCYfgIGSxygVnJAW0e9ZBZWg\"]},{\"@type\":\"Person\",\"@id\":\"https:\/\/seryhumano.com\/web\/#\/schema\/person\/fd30e8e0b394a62344b44d9b0fe75795\",\"name\":\"@herrera_yosmar\",\"description\":\"Eterna enamorada de la vida, comunicadora, mam\u00e1 de tres\",\"sameAs\":[\"http:\/\/seryhumano.com\"],\"url\":\"https:\/\/seryhumano.com\/web\/?author=2\"}]}<\/script>\n<!-- \/ Yoast SEO plugin. -->","yoast_head_json":{"title":"Jornadas Latinoamericanas de Gen\u00e9tica Forense &#187; SeryHumano.com","robots":{"index":"index","follow":"follow","max-snippet":"max-snippet:-1","max-image-preview":"max-image-preview:large","max-video-preview":"max-video-preview:-1"},"canonical":"https:\/\/seryhumano.com\/web\/?p=23573","og_locale":"es_ES","og_type":"article","og_title":"Jornadas Latinoamericanas de Gen\u00e9tica Forense &#187; SeryHumano.com","og_description":"El evento estuvo organizado por la Sociedad Latinoamericana de Gen\u00e9tica Forense, la Procuradur\u00eda General de la Rep\u00fablica y la UASD, y cont\u00f3 con la participaci\u00f3n de destacados exponentes de Rep\u00fablica Dominicana, Argentina, M\u00e9xico, Colombia, Ecuador, Uruguay, Chile, Per\u00fa y Espa\u00f1a Santo Domingo. Laboratorio Patria Rivas form\u00f3 parte de la s\u00e9ptima versi\u00f3n de las Jornadas Latinoamericanas&hellip;","og_url":"https:\/\/seryhumano.com\/web\/?p=23573","og_site_name":"SeryHumano.com","article_publisher":"https:\/\/www.facebook.com\/seryhumano\/","article_published_time":"2016-10-03T13:13:07+00:00","article_modified_time":"2016-10-03T13:39:12+00:00","og_image":[{"width":500,"height":375,"url":"https:\/\/seryhumano.com\/web\/wp-content\/uploads\/2016\/10\/ADN-e1475499638321.jpg","type":"image\/jpeg"}],"author":"@herrera_yosmar","twitter_card":"summary_large_image","twitter_creator":"@SeryHumano","twitter_site":"@SeryHumano","twitter_misc":{"Escrito por":"@herrera_yosmar","Tiempo de lectura":"2 minutos"},"schema":{"@context":"https:\/\/schema.org","@graph":[{"@type":"Article","@id":"https:\/\/seryhumano.com\/web\/?p=23573#article","isPartOf":{"@id":"https:\/\/seryhumano.com\/web\/?p=23573"},"author":{"name":"@herrera_yosmar","@id":"https:\/\/seryhumano.com\/web\/#\/schema\/person\/fd30e8e0b394a62344b44d9b0fe75795"},"headline":"Jornadas Latinoamericanas de Gen\u00e9tica Forense","datePublished":"2016-10-03T13:13:07+00:00","dateModified":"2016-10-03T13:39:12+00:00","mainEntityOfPage":{"@id":"https:\/\/seryhumano.com\/web\/?p=23573"},"wordCount":450,"publisher":{"@id":"https:\/\/seryhumano.com\/web\/#organization"},"image":{"@id":"https:\/\/seryhumano.com\/web\/?p=23573#primaryimage"},"thumbnailUrl":"https:\/\/seryhumano.com\/web\/wp-content\/uploads\/2016\/10\/ADN-e1475499638321.jpg","keywords":["ADN","Jornadas Latinoamericanas de Gen\u00e9tica Forense","Laboratorio Patria Rivas","Noticias","Rep\u00fablica Dominicana","Santo Domingo","UASD","Universidad Aut\u00f3noma de Santo Domingo"],"articleSection":["Noticias"],"inLanguage":"es"},{"@type":"WebPage","@id":"https:\/\/seryhumano.com\/web\/?p=23573","url":"https:\/\/seryhumano.com\/web\/?p=23573","name":"Jornadas Latinoamericanas de Gen\u00e9tica Forense &#187; SeryHumano.com","isPartOf":{"@id":"https:\/\/seryhumano.com\/web\/#website"},"primaryImageOfPage":{"@id":"https:\/\/seryhumano.com\/web\/?p=23573#primaryimage"},"image":{"@id":"https:\/\/seryhumano.com\/web\/?p=23573#primaryimage"},"thumbnailUrl":"https:\/\/seryhumano.com\/web\/wp-content\/uploads\/2016\/10\/ADN-e1475499638321.jpg","datePublished":"2016-10-03T13:13:07+00:00","dateModified":"2016-10-03T13:39:12+00:00","breadcrumb":{"@id":"https:\/\/seryhumano.com\/web\/?p=23573#breadcrumb"},"inLanguage":"es","potentialAction":[{"@type":"ReadAction","target":["https:\/\/seryhumano.com\/web\/?p=23573"]}]},{"@type":"ImageObject","inLanguage":"es","@id":"https:\/\/seryhumano.com\/web\/?p=23573#primaryimage","url":"https:\/\/seryhumano.com\/web\/wp-content\/uploads\/2016\/10\/ADN-e1475499638321.jpg","contentUrl":"https:\/\/seryhumano.com\/web\/wp-content\/uploads\/2016\/10\/ADN-e1475499638321.jpg","width":500,"height":375},{"@type":"BreadcrumbList","@id":"https:\/\/seryhumano.com\/web\/?p=23573#breadcrumb","itemListElement":[{"@type":"ListItem","position":1,"name":"Portada","item":"https:\/\/seryhumano.com\/web\/"},{"@type":"ListItem","position":2,"name":"Jornadas Latinoamericanas de Gen\u00e9tica Forense"}]},{"@type":"WebSite","@id":"https:\/\/seryhumano.com\/web\/#website","url":"https:\/\/seryhumano.com\/web\/","name":"SeryHumano.com","description":"Revista digital muy humana, donde lo mas importante es el Ser...","publisher":{"@id":"https:\/\/seryhumano.com\/web\/#organization"},"potentialAction":[{"@type":"SearchAction","target":{"@type":"EntryPoint","urlTemplate":"https:\/\/seryhumano.com\/web\/?s={search_term_string}"},"query-input":{"@type":"PropertyValueSpecification","valueRequired":true,"valueName":"search_term_string"}}],"inLanguage":"es"},{"@type":"Organization","@id":"https:\/\/seryhumano.com\/web\/#organization","name":"SeryHumano.com","url":"https:\/\/seryhumano.com\/web\/","logo":{"@type":"ImageObject","inLanguage":"es","@id":"https:\/\/seryhumano.com\/web\/#\/schema\/logo\/image\/","url":"https:\/\/seryhumano.com\/web\/wp-content\/uploads\/2020\/02\/JNe5VRwH_400x400-2.jpg","contentUrl":"https:\/\/seryhumano.com\/web\/wp-content\/uploads\/2020\/02\/JNe5VRwH_400x400-2.jpg","width":400,"height":400,"caption":"SeryHumano.com"},"image":{"@id":"https:\/\/seryhumano.com\/web\/#\/schema\/logo\/image\/"},"sameAs":["https:\/\/www.facebook.com\/seryhumano\/","https:\/\/x.com\/SeryHumano","https:\/\/www.instagram.com\/seryhumano\/","https:\/\/www.linkedin.com\/company\/seryhumano-com\/","https:\/\/www.youtube.com\/channel\/UCYfgIGSxygVnJAW0e9ZBZWg"]},{"@type":"Person","@id":"https:\/\/seryhumano.com\/web\/#\/schema\/person\/fd30e8e0b394a62344b44d9b0fe75795","name":"@herrera_yosmar","description":"Eterna enamorada de la vida, comunicadora, mam\u00e1 de tres","sameAs":["http:\/\/seryhumano.com"],"url":"https:\/\/seryhumano.com\/web\/?author=2"}]}},"_links":{"self":[{"href":"https:\/\/seryhumano.com\/web\/index.php?rest_route=\/wp\/v2\/posts\/23573","targetHints":{"allow":["GET"]}}],"collection":[{"href":"https:\/\/seryhumano.com\/web\/index.php?rest_route=\/wp\/v2\/posts"}],"about":[{"href":"https:\/\/seryhumano.com\/web\/index.php?rest_route=\/wp\/v2\/types\/post"}],"author":[{"embeddable":true,"href":"https:\/\/seryhumano.com\/web\/index.php?rest_route=\/wp\/v2\/users\/2"}],"replies":[{"embeddable":true,"href":"https:\/\/seryhumano.com\/web\/index.php?rest_route=%2Fwp%2Fv2%2Fcomments&post=23573"}],"version-history":[{"count":0,"href":"https:\/\/seryhumano.com\/web\/index.php?rest_route=\/wp\/v2\/posts\/23573\/revisions"}],"wp:featuredmedia":[{"embeddable":true,"href":"https:\/\/seryhumano.com\/web\/index.php?rest_route=\/wp\/v2\/media\/23574"}],"wp:attachment":[{"href":"https:\/\/seryhumano.com\/web\/index.php?rest_route=%2Fwp%2Fv2%2Fmedia&parent=23573"}],"wp:term":[{"taxonomy":"category","embeddable":true,"href":"https:\/\/seryhumano.com\/web\/index.php?rest_route=%2Fwp%2Fv2%2Fcategories&post=23573"},{"taxonomy":"post_tag","embeddable":true,"href":"https:\/\/seryhumano.com\/web\/index.php?rest_route=%2Fwp%2Fv2%2Ftags&post=23573"}],"curies":[{"name":"wp","href":"https:\/\/api.w.org\/{rel}","templated":true}]}}