{"id":23647,"date":"2016-10-05T15:40:59","date_gmt":"2016-10-05T20:10:59","guid":{"rendered":"https:\/\/seryhumano.com\/web\/?p=23647"},"modified":"2016-10-05T15:41:07","modified_gmt":"2016-10-05T20:11:07","slug":"nelson-mandela-mas-alla-nobel","status":"publish","type":"post","link":"https:\/\/seryhumano.com\/web\/?p=23647","title":{"rendered":"Nelson Mandela m\u00e1s all\u00e1 de un Nobel"},"content":{"rendered":"<p style=\"text-align: center;\"><strong>\u201cSoy el amo de mi destino: soy el capit\u00e1n de mi alma\u201d<\/strong><\/p>\n<p style=\"text-align: center;\"><a href=\"https:\/\/seryhumano.com\/web\/nelson-mandela-mas-alla-nobel\/nm\/\" rel=\"attachment wp-att-23648\"><img loading=\"lazy\" decoding=\"async\" class=\"size-full wp-image-23648 aligncenter\" src=\"https:\/\/seryhumano.com\/web\/wp-content\/uploads\/2016\/10\/NM-e1475697448900.jpeg\" alt=\"nm\" width=\"500\" height=\"333\" \/><\/a><\/p>\n<p style=\"text-align: center;\"><em>M\u00e1s all\u00e1 de la noche que me cubre<\/em><\/p>\n<p style=\"text-align: center;\"><em>negra como el abismo insondable,<\/em><\/p>\n<p style=\"text-align: center;\"><em>doy gracias a los dioses que pudieran existir<\/em><\/p>\n<p style=\"text-align: center;\"><em>por mi alma invicta.<\/em><\/p>\n<p style=\"text-align: center;\"><em>En las azarosas garras de las circunstancias<\/em><\/p>\n<p style=\"text-align: center;\"><em>nunca me he lamentado ni he pesta\u00f1eado.<\/em><\/p>\n<p style=\"text-align: center;\"><em>Sometido a los golpes del destino<\/em><\/p>\n<p style=\"text-align: center;\"><em>mi cabeza est\u00e1 ensangrentada, pero erguida.<\/em><\/p>\n<p style=\"text-align: center;\"><em>M\u00e1s all\u00e1 de este lugar de c\u00f3lera y l\u00e1grimas<\/em><\/p>\n<p style=\"text-align: center;\"><em>donde yace el horror de la sombra,<\/em><\/p>\n<p style=\"text-align: center;\"><em>la amenaza de los a\u00f1os<\/em><\/p>\n<p style=\"text-align: center;\"><em>me encuentra, y me encontrar\u00e1, sin miedo.<\/em><\/p>\n<p style=\"text-align: center;\"><em>No importa cu\u00e1n estrecho sea el portal,<\/em><\/p>\n<p style=\"text-align: center;\"><em>cu\u00e1n cargada de castigos la sentencia,<\/em><\/p>\n<p style=\"text-align: center;\"><em>soy el amo de mi destino:<\/em><\/p>\n<p style=\"text-align: center;\"><em>soy el capit\u00e1n de mi alma.<\/em><\/p>\n<p>&nbsp;<\/p>\n<p>(Nelson Rolihlahla Mandela; Mvezo, Transkei, 1918 &#8211; Johannesburgo, 2013) Activista y pol\u00edtico sudafricano que lider\u00f3 los movimientos contra el apartheid y que, tras una larga lucha y 27 a\u00f1os de c\u00e1rcel, presidi\u00f3 en 1994 el primer gobierno que pon\u00eda fin al r\u00e9gimen racista. El siglo XX dej\u00f3 dos guerras mundiales, los campos de exterminio y el terror at\u00f3mico, pero tambi\u00e9n grandes campeones de la lucha contra la injusticia, como Mahatma Gandhi o Martin Luther King. El \u00faltimo y m\u00e1s carism\u00e1tico de ellos fue Nelson Mandela.<\/p>\n<p>Como la de cualquier ni\u00f1o africano en las zonas rurales, la infancia de Nelson Mandela transcurri\u00f3 entre juegos y en estrecho contacto con las tradiciones de su pueblo. Hijo del jefe de una tribu, se le puso de nombre Rolihlahla, que significa revoltoso, pero a los siete a\u00f1os, con el fin de que pudiera asistir a la escuela metodista, fue bautizado con el nombre de Nelson en la iglesia de Transkei; ya famoso, sus compatriotas lo llamar\u00edan Madiba, por el nombre de su clan. Dos a\u00f1os despu\u00e9s, a causa del fallecimiento de su padre, el peque\u00f1o Nelson qued\u00f3 al cuidado de un primo suyo, el gran jefe Jongintaba; con \u00e9l que se aficion\u00f3 a escuchar a los jefes tribales y tom\u00f3 conciencia del sentido de la justicia.<\/p>\n<p>Cumplidos los diecis\u00e9is a\u00f1os, pas\u00f3 a formar parte del consejo tribal; tres a\u00f1os despu\u00e9s, en 1937, ingres\u00f3 en el internado para negros de Ford Hare para cursar estudios superiores. Pero cuando en 1941 supo que el jefe Jongintaba hab\u00eda concertado para \u00e9l un matrimonio, Mandela resolvi\u00f3 abandonar su aldea y parti\u00f3 a Johannesburgo. Pobremente establecido en el superpoblado suburbio de Alexandra, al poco de llegar conoci\u00f3 a Walter Sisulu, con quien trab\u00f3 una amistad que ser\u00eda determinante en todos los \u00e1mbitos: influy\u00f3 en sus ideas pol\u00edticas, le ayud\u00f3 a conseguir trabajo y a finalizar sus estudios de derecho y le present\u00f3 a su prima Evelyn Mase, con la que contraer\u00eda matrimonio en 1944.<a href=\"https:\/\/seryhumano.com\/web\/nelson-mandela-mas-alla-nobel\/mandela-evelyn\/\" rel=\"attachment wp-att-23649\"><img loading=\"lazy\" decoding=\"async\" class=\"alignright size-full wp-image-23649\" src=\"https:\/\/seryhumano.com\/web\/wp-content\/uploads\/2016\/10\/Mandela-Evelyn.jpg\" alt=\"mandela-evelyn\" width=\"500\" height=\"658\" srcset=\"https:\/\/seryhumano.com\/web\/wp-content\/uploads\/2016\/10\/Mandela-Evelyn.jpg 500w, https:\/\/seryhumano.com\/web\/wp-content\/uploads\/2016\/10\/Mandela-Evelyn-228x300.jpg 228w\" sizes=\"auto, (max-width: 500px) 100vw, 500px\" \/><\/a><\/p>\n<p><strong>Un l\u00edder nato<\/strong><\/p>\n<p>Tanto Walter Sisulu como la infinidad de personas que tuvieron contacto con Mandela a lo largo de su vida coinciden en se\u00f1alar su extraordinaria personalidad. El poder de seducci\u00f3n, la confianza en s\u00ed mismo, la capacidad de trabajo, la valent\u00eda y la integridad figuran entre las virtudes por las que brillaba all\u00e1 donde fuese. Sisulu capt\u00f3 de inmediato sus innatas dotes de l\u00edder y lo introdujo en el Congreso Nacional Africano (ANC), un movimiento de lucha contra la opresi\u00f3n que desde hac\u00eda d\u00e9cadas ven\u00edan padeciendo los negros sudafricanos. Pronto sus cualidades lo situar\u00edan en puestos prominentes de la organizaci\u00f3n. En 1944, Mandela fue uno de los l\u00edderes fundadores de la Liga de la Juventud del Congreso, que llegar\u00eda a constituir el grupo dominante del Congreso Nacional Africano; su ideolog\u00eda era un socialismo africano: nacionalista, antirracista y antiimperialista.<\/p>\n<p>En 1948 lleg\u00f3 al poder en Sud\u00e1frica el Partido Nacional, que institucionaliz\u00f3 la segregaci\u00f3n racial creando el r\u00e9gimen del apartheid. En realidad, el racismo institucional se remontaba en Sud\u00e1frica al menos a 1911, fecha de una disposici\u00f3n discriminatoria que prohib\u00eda a los negros ocupar puestos de trabajo cualificados. Numerosas medidas promulgadas en las d\u00e9cadas siguientes (treinta y seis en total) hab\u00edan llevado ya, por poner un solo ejemplo, a la exclusi\u00f3n de negros y mestizos del censo electoral.<\/p>\n<p>El triunfo del Partido Nacional de los Afrikaaners (blancos descendientes de los boers holandeses que colonizaron el pa\u00eds) vino a corroborar y a ampliar sin eufemismos lo ya existente: el gobierno de Daniel Malan (1948-1954) puso en pie un sistema completo de segregaci\u00f3n y discriminaci\u00f3n social, econ\u00f3mica, cultural, pol\u00edtica y territorial en perjuicio de la mayor\u00eda negra; era el llamado apartheid o \u00abdesarrollo separado de cada raza en la zona geogr\u00e1fica que le es asignada\u00bb, seg\u00fan la definici\u00f3n oficial. Los gobiernos siguientes, presididos por Strijdom y Verwoerd, continuaron id\u00e9ntica pol\u00edtica. Un decreto de 1949 prohibi\u00f3 los matrimonios mixtos; otras leyes y reglamentos posteriores acabaron de configurar el sistema segregacionista: reconocimiento oficial de las razas, segregaci\u00f3n a la hora de utilizar servicios (incluso el espacio de las playas) y separaci\u00f3n en las f\u00e1bricas y en los transportes p\u00fablicos.<\/p>\n<p>Bajo la inspiraci\u00f3n de Gandhi, el Congreso Nacional Africano propugnaba m\u00e9todos de lucha no violentos: la Liga de la Juventud del Congreso (presidida por Mandela en 1951-1952) organiz\u00f3 campa\u00f1as de desobediencia civil contra las leyes segregacionistas. En 1952 Mandela pas\u00f3 a presidir la federaci\u00f3n del Congreso Nacional Africano de la provincia sudafricana de Transvaal, al tiempo que dirig\u00eda a los voluntarios que desafiaban al r\u00e9gimen; se hab\u00eda convertido en el l\u00edder de hecho del movimiento.<\/p>\n<p>La represi\u00f3n produjo 8.000 detenciones, incluyendo la de Mandela, que fue confinado en Johannesburgo. All\u00ed estableci\u00f3 el primer bufete de abogados negros de Sud\u00e1frica. Paulatinamente hab\u00eda ido abandonando su postura africanista y adoptado la ideolog\u00eda del humanismo internacionalista que sostendr\u00eda durante toda su vida. En 1955, cumplidas sus condenas, reapareci\u00f3 en p\u00fablico, promoviendo la aprobaci\u00f3n de una Carta de la Libertad, en la que se plasmaba la aspiraci\u00f3n de un Estado multirracial, igualitario y democr\u00e1tico, una reforma agraria y una pol\u00edtica de justicia social en el reparto de la riqueza. Por aquellos a\u00f1os otra mujer irrumpi\u00f3 con fuerza en su vida: la asistente social Nomzano Winnie Madikizela, m\u00e1s conocida como Winnie Mandela, con la que se cas\u00f3 en 1958.<\/p>\n<p><strong>La exacerbaci\u00f3n del apartheid<a href=\"https:\/\/seryhumano.com\/web\/nelson-mandela-mas-alla-nobel\/m-5\/\" rel=\"attachment wp-att-23650\"><img loading=\"lazy\" decoding=\"async\" class=\"alignright size-full wp-image-23650\" src=\"https:\/\/seryhumano.com\/web\/wp-content\/uploads\/2016\/10\/M-e1475697750116.png\" alt=\"m\" width=\"500\" height=\"247\" \/><\/a><\/strong><\/p>\n<p>El endurecimiento del r\u00e9gimen racista lleg\u00f3 a su culminaci\u00f3n en 1956, con el plan del gobierno de crear siete reservas o bantustanes, territorios marginales supuestamente independientes en los que se pretend\u00eda confinar a la mayor\u00eda negra, que representaba m\u00e1s del setenta por ciento de la poblaci\u00f3n. Tal medida conllevaba condenar a los negros no s\u00f3lo a la marginaci\u00f3n, sino tambi\u00e9n a la miseria: aquellas tierras no pod\u00edan ofrecer un medio de vida porque estar\u00edan demasiado pobladas como para que su agricultura los pudiese alimentar, o para que sus industrias diesen trabajo a todos. Por lo dem\u00e1s, el poder blanco nunca estar\u00eda interesado en crear ninguna industria importante en tales reservas por el peligro de que fuesen competitivas respecto a las de las \u00e1reas blancas de la Rep\u00fablica.<\/p>\n<p>El Congreso Nacional Africano respondi\u00f3 con manifestaciones y boicoteos que condujeron a la detenci\u00f3n de la mayor parte de sus dirigentes; Mandela fue acusado de alta traici\u00f3n, juzgado y liberado por falta de pruebas en 1961. Durante el largo juicio tuvo lugar la matanza de Sharpeville, en la que la polic\u00eda abri\u00f3 fuego contra una multitud desarmada que protestaba contra las leyes racistas, matando a 69 manifestantes (1960). La matanza aconsej\u00f3 al gobierno declarar el estado de emergencia, en virtud del cual arrest\u00f3 a los l\u00edderes de la oposici\u00f3n negra: Mandela permaneci\u00f3 detenido varios meses sin juicio.<\/p>\n<p>Aquellos hechos terminaron de convencer a los l\u00edderes del Congreso Nacional Africano de la imposibilidad de seguir luchando por m\u00e9todos no violentos, que no debilitaban al r\u00e9gimen y que provocaban una represi\u00f3n igualmente sangrienta. En 1961 Mandela fue elegido secretario honorario del Congreso de Acci\u00f3n Nacional de Toda \u00c1frica, un nuevo movimiento clandestino que adopt\u00f3 el sabotaje como medio de lucha contra el r\u00e9gimen de la reci\u00e9n proclamada<\/p>\n<p>Rep\u00fablica Sudafricana; se encarg\u00f3 asimismo de dirigir el brazo armado del Congreso Nacional Africano (la Lanza de la Naci\u00f3n). Su estrategia se centr\u00f3 en atacar instalaciones de importancia econ\u00f3mica o de valor simb\u00f3lico, excluyendo atentar contra vidas humanas.<\/p>\n<p>En 1962 viaj\u00f3 por diversos pa\u00edses africanos recaudando fondos, recibiendo instrucci\u00f3n militar y haciendo propaganda de la causa sudafricana; a su regreso, Mandela fue detenido y condenado a cinco a\u00f1os de c\u00e1rcel. Mientras a\u00fan estaba en prisi\u00f3n, fue uno de los ocho dirigentes de la Lanza de la Naci\u00f3n declarados culpables de sabotaje, traici\u00f3n y conspiraci\u00f3n violenta para derrocar al gobierno en el juicio de Rivonia (1963-1964), a cuyo t\u00e9rmino dirigi\u00f3 a los jueces un c\u00e9lebre alegato final, lleno de firmeza y dramatismo, que no impidi\u00f3 que fuese condenado a cadena perpetua. Pese a hallarse en cautiverio, ese mismo a\u00f1o fue nombrado presidente del Congreso Nacional Africano.<\/p>\n<p><strong>De la c\u00e1rcel a la presidencia<a href=\"https:\/\/seryhumano.com\/web\/nelson-mandela-mas-alla-nobel\/nelson_mandela\/\" rel=\"attachment wp-att-23652\"><img loading=\"lazy\" decoding=\"async\" class=\"alignright size-full wp-image-23652\" src=\"https:\/\/seryhumano.com\/web\/wp-content\/uploads\/2016\/10\/Nelson_Mandela-e1475697885371.jpg\" alt=\"nelson_mandela\" width=\"500\" height=\"283\" \/><\/a><\/strong><\/p>\n<p>Prisionero durante 27 a\u00f1os (1963-1990) en penosas condiciones, el gobierno de Sud\u00e1frica rechaz\u00f3 todas las peticiones de que fuera puesto en libertad. Nelson Mandela se convirti\u00f3 en un s\u00edmbolo de la lucha contra el apartheid dentro y fuera del pa\u00eds, en una figura legendaria que representaba el sufrimiento y la falta de libertad de todos los negros sudafricanos.<\/p>\n<p>En 1984 el gobierno intent\u00f3 acabar con tan inc\u00f3modo mito, ofreci\u00e9ndole la libertad si aceptaba establecerse en uno de los bantustanes a los que el r\u00e9gimen hab\u00eda concedido una ficci\u00f3n de independencia; Mandela rechaz\u00f3 el ofrecimiento. Durante aquellos a\u00f1os su esposa Winnie simboliz\u00f3 la continuidad de la lucha, alcanzando importantes posiciones en el Congreso Nacional Africano. El ferviente activismo de Winnie no estuvo exento de esc\u00e1ndalos; a\u00f1os despu\u00e9s, ya en los 90, se ver\u00eda envuelta en un pol\u00e9mico juicio en el que fue acusada de asesinato, si bien sali\u00f3 absuelta.<\/p>\n<p>Finalmente, Frederik De Klerk, presidente de la Rep\u00fablica por el Partido Nacional, hubo de ceder ante la evidencia y abrir el camino para desmontar la segregaci\u00f3n racial. En febrero de 1990 legaliz\u00f3 el Congreso Nacional Africano y liber\u00f3 a Mandela, que se convirti\u00f3 en su principal interlocutor para negociar el desmantelamiento del apartheid y la transici\u00f3n a una democracia multirracial; pese a la complejidad del proceso, ambos supieron culminar exitosamente las negociaciones. Mandela y De Klerk compartieron el Premio Nobel de la Paz en 1993.<\/p>\n<p>Las elecciones de 1994 convirtieron a Mandela en el primer presidente negro de Sud\u00e1frica (1994-1999); desde ese cargo puso en marcha una pol\u00edtica de reconciliaci\u00f3n nacional, manteniendo a De Klerk como vicepresidente y tratando de atraer hacia la participaci\u00f3n democr\u00e1tica al d\u00edscolo partido Inkhata de mayor\u00eda zul\u00fa. Una pel\u00edcula del cineasta estadounidense Clint Eastwood, Invictus (2009), reflejar\u00eda con bastante fidelidad el Mandela de aquellos a\u00f1os; su apoyo a una selecci\u00f3n nacional formada por blancos durante la Copa Mundial de Rugby de 1995, celebrada en Sud\u00e1frica, muestra su empe\u00f1o en integrar la minor\u00eda blanca y la mayor\u00eda negra sirvi\u00e9ndose de aquel acontecimiento deportivo y su firme voluntad de construir una naci\u00f3n para todos los sudafricanos, sin distinci\u00f3n de raza.<\/p>\n<p>Mandela inici\u00f3 el Plan de Reconstrucci\u00f3n y Desarrollo, que destin\u00f3 grandes cantidades de dinero a mejorar el nivel de vida de los sudafricanos negros en cuestiones como la educaci\u00f3n, la vivienda, la sanidad o el empleo, e impuls\u00f3 asimismo la redacci\u00f3n de una nueva constituci\u00f3n para el pa\u00eds, que fue finalmente aprobada por el parlamento en 1996. Un a\u00f1o despu\u00e9s cedi\u00f3 la direcci\u00f3n del Congreso Nacional Africano a Thabo Mbeki, destinado a convertirse en su sucesor en la presidencia. En 1998, dos a\u00f1os despu\u00e9s de haberse divorciado de Winnie, contrajo matrimonio con Gra\u00e7a Machel, viuda del antiguo presidente de Mozambique, Samora Machel.<a href=\"https:\/\/seryhumano.com\/web\/nelson-mandela-mas-alla-nobel\/mandelaandgracamachel\/\" rel=\"attachment wp-att-23653\"><img loading=\"lazy\" decoding=\"async\" class=\"alignright size-full wp-image-23653\" src=\"https:\/\/seryhumano.com\/web\/wp-content\/uploads\/2016\/10\/MandelaandGracaMachel-e1475698233519.jpg\" alt=\"mandelaandgracamachel\" width=\"500\" height=\"317\" \/><\/a><\/p>\n<p>Junto con el arzobispo Desmond Tutu, que presid\u00eda la Comisi\u00f3n de la Verdad y la Reconciliaci\u00f3n, Nelson Mandela present\u00f3 en junio de 1998 el informe con las conclusiones de la Comisi\u00f3n. La talla del dirigente africano qued\u00f3 patente una vez m\u00e1s cuando, frente al parecer del Congreso Nacional Africano, aval\u00f3 las conclusiones del informe, que se\u00f1alaban no solamente los abusos y cr\u00edmenes del r\u00e9gimen segregacionista, sino tambi\u00e9n los cometidos por los diversos grupos de los movimientos de liberaci\u00f3n, incluido el Congreso Nacional Africano. Tres meses antes de finalizar su mandato, Mandela anunci\u00f3 que no pensaba presentarse a la reelecci\u00f3n. Le sucedi\u00f3 en la presidencia Thabo Mbeki, vencedor en las elecciones de junio de 1999.<\/p>\n<p>Apartado de la vida pol\u00edtica desde ese a\u00f1o, recibi\u00f3 m\u00faltiples reconocimientos, si bien sus problemas de salud hicieron cada vez m\u00e1s espor\u00e1dicas sus apariciones p\u00fablicas. Pese a su retirada, el fervor que Mandela despertaba en sus compatriotas sigui\u00f3 vivo: en 2010 estuvo presente en las ceremonias del Mundial de F\u00fatbol de Sud\u00e1frica, y recibi\u00f3 el caluroso apoyo de la multitud; en julio de 2013, estando el l\u00edder gravemente enfermo, la poblaci\u00f3n sudafricana se lanz\u00f3 a las calles para celebrar su 95\u00ba aniversario. Elevado a la categor\u00eda de uno de los personajes m\u00e1s carism\u00e1ticos e influyentes del siglo XX, su figura ha entrado en la historia como encarnaci\u00f3n de la lucha por la libertad y la justicia y como s\u00edmbolo de toda una naci\u00f3n.<\/p>\n<p>seryhumano.com<\/p>\n<p><a href=\"http:\/\/www.biografiasyvidas.com\/biografia\/m\/mandela.htm\">biografiasyvidas.com<\/a><\/p>\n","protected":false},"excerpt":{"rendered":"<p>\u201cSoy el amo de mi destino: soy el capit\u00e1n de mi alma\u201d M\u00e1s all\u00e1 de la noche que me cubre negra como el abismo insondable, doy gracias a los dioses que pudieran existir por mi alma invicta. En las azarosas garras de las circunstancias nunca me he lamentado ni he pesta\u00f1eado. Sometido a los golpes&hellip;<\/p>\n","protected":false},"author":2,"featured_media":23648,"comment_status":"closed","ping_status":"closed","sticky":false,"template":"","format":"standard","meta":{"footnotes":""},"categories":[148],"tags":[2020,1768,2019,2018],"class_list":["post-23647","post","type-post","status-publish","format-standard","has-post-thumbnail","hentry","category-conociendo-a-un-humano","tag-amo-de-mi-destino","tag-conociendo-a-un-humano","tag-nelson-mandela","tag-nelson-mandela-mas-alla-de-un-nobel","category-148","description-off"],"yoast_head":"<!-- This site is optimized with the Yoast SEO plugin v25.4 - https:\/\/yoast.com\/wordpress\/plugins\/seo\/ -->\n<title>Nelson Mandela m\u00e1s all\u00e1 de un Nobel &#187; SeryHumano.com<\/title>\n<meta name=\"robots\" content=\"index, follow, max-snippet:-1, max-image-preview:large, max-video-preview:-1\" \/>\n<link rel=\"canonical\" href=\"https:\/\/seryhumano.com\/web\/?p=23647\" \/>\n<meta property=\"og:locale\" content=\"es_ES\" \/>\n<meta property=\"og:type\" content=\"article\" \/>\n<meta property=\"og:title\" content=\"Nelson Mandela m\u00e1s all\u00e1 de un Nobel &#187; SeryHumano.com\" \/>\n<meta property=\"og:description\" content=\"\u201cSoy el amo de mi destino: soy el capit\u00e1n de mi alma\u201d M\u00e1s all\u00e1 de la noche que me cubre negra como el abismo insondable, doy gracias a los dioses que pudieran existir por mi alma invicta. En las azarosas garras de las circunstancias nunca me he lamentado ni he pesta\u00f1eado. Sometido a los golpes&hellip;\" \/>\n<meta property=\"og:url\" content=\"https:\/\/seryhumano.com\/web\/?p=23647\" \/>\n<meta property=\"og:site_name\" content=\"SeryHumano.com\" \/>\n<meta property=\"article:publisher\" content=\"https:\/\/www.facebook.com\/seryhumano\/\" \/>\n<meta property=\"article:published_time\" content=\"2016-10-05T20:10:59+00:00\" \/>\n<meta property=\"article:modified_time\" content=\"2016-10-05T20:11:07+00:00\" \/>\n<meta property=\"og:image\" content=\"https:\/\/seryhumano.com\/web\/wp-content\/uploads\/2016\/10\/NM-e1475697448900.jpeg\" \/>\n\t<meta property=\"og:image:width\" content=\"500\" \/>\n\t<meta property=\"og:image:height\" content=\"333\" \/>\n\t<meta property=\"og:image:type\" content=\"image\/jpeg\" \/>\n<meta name=\"author\" content=\"@herrera_yosmar\" \/>\n<meta name=\"twitter:card\" content=\"summary_large_image\" \/>\n<meta name=\"twitter:creator\" content=\"@SeryHumano\" \/>\n<meta name=\"twitter:site\" content=\"@SeryHumano\" \/>\n<meta name=\"twitter:label1\" content=\"Escrito por\" \/>\n\t<meta name=\"twitter:data1\" content=\"@herrera_yosmar\" \/>\n\t<meta name=\"twitter:label2\" content=\"Tiempo de lectura\" \/>\n\t<meta name=\"twitter:data2\" content=\"12 minutos\" \/>\n<script type=\"application\/ld+json\" class=\"yoast-schema-graph\">{\"@context\":\"https:\/\/schema.org\",\"@graph\":[{\"@type\":\"Article\",\"@id\":\"https:\/\/seryhumano.com\/web\/?p=23647#article\",\"isPartOf\":{\"@id\":\"https:\/\/seryhumano.com\/web\/?p=23647\"},\"author\":{\"name\":\"@herrera_yosmar\",\"@id\":\"https:\/\/seryhumano.com\/web\/#\/schema\/person\/fd30e8e0b394a62344b44d9b0fe75795\"},\"headline\":\"Nelson Mandela m\u00e1s all\u00e1 de un Nobel\",\"datePublished\":\"2016-10-05T20:10:59+00:00\",\"dateModified\":\"2016-10-05T20:11:07+00:00\",\"mainEntityOfPage\":{\"@id\":\"https:\/\/seryhumano.com\/web\/?p=23647\"},\"wordCount\":2313,\"publisher\":{\"@id\":\"https:\/\/seryhumano.com\/web\/#organization\"},\"image\":{\"@id\":\"https:\/\/seryhumano.com\/web\/?p=23647#primaryimage\"},\"thumbnailUrl\":\"https:\/\/seryhumano.com\/web\/wp-content\/uploads\/2016\/10\/NM-e1475697448900.jpeg\",\"keywords\":[\"amo de mi destino\",\"Conociendo a un Humano\",\"Nelson Mandela\",\"Nelson Mandela m\u00e1s all\u00e1 de un Nobel\"],\"articleSection\":[\"Conociendo a un Humano\"],\"inLanguage\":\"es\"},{\"@type\":\"WebPage\",\"@id\":\"https:\/\/seryhumano.com\/web\/?p=23647\",\"url\":\"https:\/\/seryhumano.com\/web\/?p=23647\",\"name\":\"Nelson Mandela m\u00e1s all\u00e1 de un Nobel &#187; SeryHumano.com\",\"isPartOf\":{\"@id\":\"https:\/\/seryhumano.com\/web\/#website\"},\"primaryImageOfPage\":{\"@id\":\"https:\/\/seryhumano.com\/web\/?p=23647#primaryimage\"},\"image\":{\"@id\":\"https:\/\/seryhumano.com\/web\/?p=23647#primaryimage\"},\"thumbnailUrl\":\"https:\/\/seryhumano.com\/web\/wp-content\/uploads\/2016\/10\/NM-e1475697448900.jpeg\",\"datePublished\":\"2016-10-05T20:10:59+00:00\",\"dateModified\":\"2016-10-05T20:11:07+00:00\",\"breadcrumb\":{\"@id\":\"https:\/\/seryhumano.com\/web\/?p=23647#breadcrumb\"},\"inLanguage\":\"es\",\"potentialAction\":[{\"@type\":\"ReadAction\",\"target\":[\"https:\/\/seryhumano.com\/web\/?p=23647\"]}]},{\"@type\":\"ImageObject\",\"inLanguage\":\"es\",\"@id\":\"https:\/\/seryhumano.com\/web\/?p=23647#primaryimage\",\"url\":\"https:\/\/seryhumano.com\/web\/wp-content\/uploads\/2016\/10\/NM-e1475697448900.jpeg\",\"contentUrl\":\"https:\/\/seryhumano.com\/web\/wp-content\/uploads\/2016\/10\/NM-e1475697448900.jpeg\",\"width\":500,\"height\":333},{\"@type\":\"BreadcrumbList\",\"@id\":\"https:\/\/seryhumano.com\/web\/?p=23647#breadcrumb\",\"itemListElement\":[{\"@type\":\"ListItem\",\"position\":1,\"name\":\"Portada\",\"item\":\"https:\/\/seryhumano.com\/web\/\"},{\"@type\":\"ListItem\",\"position\":2,\"name\":\"Nelson Mandela m\u00e1s all\u00e1 de un Nobel\"}]},{\"@type\":\"WebSite\",\"@id\":\"https:\/\/seryhumano.com\/web\/#website\",\"url\":\"https:\/\/seryhumano.com\/web\/\",\"name\":\"SeryHumano.com\",\"description\":\"Revista digital muy humana, donde lo mas importante es el Ser...\",\"publisher\":{\"@id\":\"https:\/\/seryhumano.com\/web\/#organization\"},\"potentialAction\":[{\"@type\":\"SearchAction\",\"target\":{\"@type\":\"EntryPoint\",\"urlTemplate\":\"https:\/\/seryhumano.com\/web\/?s={search_term_string}\"},\"query-input\":{\"@type\":\"PropertyValueSpecification\",\"valueRequired\":true,\"valueName\":\"search_term_string\"}}],\"inLanguage\":\"es\"},{\"@type\":\"Organization\",\"@id\":\"https:\/\/seryhumano.com\/web\/#organization\",\"name\":\"SeryHumano.com\",\"url\":\"https:\/\/seryhumano.com\/web\/\",\"logo\":{\"@type\":\"ImageObject\",\"inLanguage\":\"es\",\"@id\":\"https:\/\/seryhumano.com\/web\/#\/schema\/logo\/image\/\",\"url\":\"https:\/\/seryhumano.com\/web\/wp-content\/uploads\/2020\/02\/JNe5VRwH_400x400-2.jpg\",\"contentUrl\":\"https:\/\/seryhumano.com\/web\/wp-content\/uploads\/2020\/02\/JNe5VRwH_400x400-2.jpg\",\"width\":400,\"height\":400,\"caption\":\"SeryHumano.com\"},\"image\":{\"@id\":\"https:\/\/seryhumano.com\/web\/#\/schema\/logo\/image\/\"},\"sameAs\":[\"https:\/\/www.facebook.com\/seryhumano\/\",\"https:\/\/x.com\/SeryHumano\",\"https:\/\/www.instagram.com\/seryhumano\/\",\"https:\/\/www.linkedin.com\/company\/seryhumano-com\/\",\"https:\/\/www.youtube.com\/channel\/UCYfgIGSxygVnJAW0e9ZBZWg\"]},{\"@type\":\"Person\",\"@id\":\"https:\/\/seryhumano.com\/web\/#\/schema\/person\/fd30e8e0b394a62344b44d9b0fe75795\",\"name\":\"@herrera_yosmar\",\"description\":\"Eterna enamorada de la vida, comunicadora, mam\u00e1 de tres\",\"sameAs\":[\"http:\/\/seryhumano.com\"],\"url\":\"https:\/\/seryhumano.com\/web\/?author=2\"}]}<\/script>\n<!-- \/ Yoast SEO plugin. -->","yoast_head_json":{"title":"Nelson Mandela m\u00e1s all\u00e1 de un Nobel &#187; SeryHumano.com","robots":{"index":"index","follow":"follow","max-snippet":"max-snippet:-1","max-image-preview":"max-image-preview:large","max-video-preview":"max-video-preview:-1"},"canonical":"https:\/\/seryhumano.com\/web\/?p=23647","og_locale":"es_ES","og_type":"article","og_title":"Nelson Mandela m\u00e1s all\u00e1 de un Nobel &#187; SeryHumano.com","og_description":"\u201cSoy el amo de mi destino: soy el capit\u00e1n de mi alma\u201d M\u00e1s all\u00e1 de la noche que me cubre negra como el abismo insondable, doy gracias a los dioses que pudieran existir por mi alma invicta. En las azarosas garras de las circunstancias nunca me he lamentado ni he pesta\u00f1eado. Sometido a los golpes&hellip;","og_url":"https:\/\/seryhumano.com\/web\/?p=23647","og_site_name":"SeryHumano.com","article_publisher":"https:\/\/www.facebook.com\/seryhumano\/","article_published_time":"2016-10-05T20:10:59+00:00","article_modified_time":"2016-10-05T20:11:07+00:00","og_image":[{"width":500,"height":333,"url":"https:\/\/seryhumano.com\/web\/wp-content\/uploads\/2016\/10\/NM-e1475697448900.jpeg","type":"image\/jpeg"}],"author":"@herrera_yosmar","twitter_card":"summary_large_image","twitter_creator":"@SeryHumano","twitter_site":"@SeryHumano","twitter_misc":{"Escrito por":"@herrera_yosmar","Tiempo de lectura":"12 minutos"},"schema":{"@context":"https:\/\/schema.org","@graph":[{"@type":"Article","@id":"https:\/\/seryhumano.com\/web\/?p=23647#article","isPartOf":{"@id":"https:\/\/seryhumano.com\/web\/?p=23647"},"author":{"name":"@herrera_yosmar","@id":"https:\/\/seryhumano.com\/web\/#\/schema\/person\/fd30e8e0b394a62344b44d9b0fe75795"},"headline":"Nelson Mandela m\u00e1s all\u00e1 de un Nobel","datePublished":"2016-10-05T20:10:59+00:00","dateModified":"2016-10-05T20:11:07+00:00","mainEntityOfPage":{"@id":"https:\/\/seryhumano.com\/web\/?p=23647"},"wordCount":2313,"publisher":{"@id":"https:\/\/seryhumano.com\/web\/#organization"},"image":{"@id":"https:\/\/seryhumano.com\/web\/?p=23647#primaryimage"},"thumbnailUrl":"https:\/\/seryhumano.com\/web\/wp-content\/uploads\/2016\/10\/NM-e1475697448900.jpeg","keywords":["amo de mi destino","Conociendo a un Humano","Nelson Mandela","Nelson Mandela m\u00e1s all\u00e1 de un Nobel"],"articleSection":["Conociendo a un Humano"],"inLanguage":"es"},{"@type":"WebPage","@id":"https:\/\/seryhumano.com\/web\/?p=23647","url":"https:\/\/seryhumano.com\/web\/?p=23647","name":"Nelson Mandela m\u00e1s all\u00e1 de un Nobel &#187; SeryHumano.com","isPartOf":{"@id":"https:\/\/seryhumano.com\/web\/#website"},"primaryImageOfPage":{"@id":"https:\/\/seryhumano.com\/web\/?p=23647#primaryimage"},"image":{"@id":"https:\/\/seryhumano.com\/web\/?p=23647#primaryimage"},"thumbnailUrl":"https:\/\/seryhumano.com\/web\/wp-content\/uploads\/2016\/10\/NM-e1475697448900.jpeg","datePublished":"2016-10-05T20:10:59+00:00","dateModified":"2016-10-05T20:11:07+00:00","breadcrumb":{"@id":"https:\/\/seryhumano.com\/web\/?p=23647#breadcrumb"},"inLanguage":"es","potentialAction":[{"@type":"ReadAction","target":["https:\/\/seryhumano.com\/web\/?p=23647"]}]},{"@type":"ImageObject","inLanguage":"es","@id":"https:\/\/seryhumano.com\/web\/?p=23647#primaryimage","url":"https:\/\/seryhumano.com\/web\/wp-content\/uploads\/2016\/10\/NM-e1475697448900.jpeg","contentUrl":"https:\/\/seryhumano.com\/web\/wp-content\/uploads\/2016\/10\/NM-e1475697448900.jpeg","width":500,"height":333},{"@type":"BreadcrumbList","@id":"https:\/\/seryhumano.com\/web\/?p=23647#breadcrumb","itemListElement":[{"@type":"ListItem","position":1,"name":"Portada","item":"https:\/\/seryhumano.com\/web\/"},{"@type":"ListItem","position":2,"name":"Nelson Mandela m\u00e1s all\u00e1 de un Nobel"}]},{"@type":"WebSite","@id":"https:\/\/seryhumano.com\/web\/#website","url":"https:\/\/seryhumano.com\/web\/","name":"SeryHumano.com","description":"Revista digital muy humana, donde lo mas importante es el Ser...","publisher":{"@id":"https:\/\/seryhumano.com\/web\/#organization"},"potentialAction":[{"@type":"SearchAction","target":{"@type":"EntryPoint","urlTemplate":"https:\/\/seryhumano.com\/web\/?s={search_term_string}"},"query-input":{"@type":"PropertyValueSpecification","valueRequired":true,"valueName":"search_term_string"}}],"inLanguage":"es"},{"@type":"Organization","@id":"https:\/\/seryhumano.com\/web\/#organization","name":"SeryHumano.com","url":"https:\/\/seryhumano.com\/web\/","logo":{"@type":"ImageObject","inLanguage":"es","@id":"https:\/\/seryhumano.com\/web\/#\/schema\/logo\/image\/","url":"https:\/\/seryhumano.com\/web\/wp-content\/uploads\/2020\/02\/JNe5VRwH_400x400-2.jpg","contentUrl":"https:\/\/seryhumano.com\/web\/wp-content\/uploads\/2020\/02\/JNe5VRwH_400x400-2.jpg","width":400,"height":400,"caption":"SeryHumano.com"},"image":{"@id":"https:\/\/seryhumano.com\/web\/#\/schema\/logo\/image\/"},"sameAs":["https:\/\/www.facebook.com\/seryhumano\/","https:\/\/x.com\/SeryHumano","https:\/\/www.instagram.com\/seryhumano\/","https:\/\/www.linkedin.com\/company\/seryhumano-com\/","https:\/\/www.youtube.com\/channel\/UCYfgIGSxygVnJAW0e9ZBZWg"]},{"@type":"Person","@id":"https:\/\/seryhumano.com\/web\/#\/schema\/person\/fd30e8e0b394a62344b44d9b0fe75795","name":"@herrera_yosmar","description":"Eterna enamorada de la vida, comunicadora, mam\u00e1 de tres","sameAs":["http:\/\/seryhumano.com"],"url":"https:\/\/seryhumano.com\/web\/?author=2"}]}},"_links":{"self":[{"href":"https:\/\/seryhumano.com\/web\/index.php?rest_route=\/wp\/v2\/posts\/23647","targetHints":{"allow":["GET"]}}],"collection":[{"href":"https:\/\/seryhumano.com\/web\/index.php?rest_route=\/wp\/v2\/posts"}],"about":[{"href":"https:\/\/seryhumano.com\/web\/index.php?rest_route=\/wp\/v2\/types\/post"}],"author":[{"embeddable":true,"href":"https:\/\/seryhumano.com\/web\/index.php?rest_route=\/wp\/v2\/users\/2"}],"replies":[{"embeddable":true,"href":"https:\/\/seryhumano.com\/web\/index.php?rest_route=%2Fwp%2Fv2%2Fcomments&post=23647"}],"version-history":[{"count":0,"href":"https:\/\/seryhumano.com\/web\/index.php?rest_route=\/wp\/v2\/posts\/23647\/revisions"}],"wp:featuredmedia":[{"embeddable":true,"href":"https:\/\/seryhumano.com\/web\/index.php?rest_route=\/wp\/v2\/media\/23648"}],"wp:attachment":[{"href":"https:\/\/seryhumano.com\/web\/index.php?rest_route=%2Fwp%2Fv2%2Fmedia&parent=23647"}],"wp:term":[{"taxonomy":"category","embeddable":true,"href":"https:\/\/seryhumano.com\/web\/index.php?rest_route=%2Fwp%2Fv2%2Fcategories&post=23647"},{"taxonomy":"post_tag","embeddable":true,"href":"https:\/\/seryhumano.com\/web\/index.php?rest_route=%2Fwp%2Fv2%2Ftags&post=23647"}],"curies":[{"name":"wp","href":"https:\/\/api.w.org\/{rel}","templated":true}]}}