{"id":23849,"date":"2016-10-31T14:03:41","date_gmt":"2016-10-31T18:33:41","guid":{"rendered":"https:\/\/seryhumano.com\/web\/?p=23849"},"modified":"2016-10-31T14:03:42","modified_gmt":"2016-10-31T18:33:42","slug":"turquia-detienen-periodistas-directivos-del-diario-opositor-cumhuriyet","status":"publish","type":"post","link":"https:\/\/seryhumano.com\/web\/?p=23849","title":{"rendered":"TURQU\u00cdA: DETIENEN A PERIODISTAS Y DIRECTIVOS DEL DIARIO OPOSITOR CUMHURIYET"},"content":{"rendered":"<p><a href=\"https:\/\/seryhumano.com\/web\/turquia-detienen-periodistas-directivos-del-diario-opositor-cumhuriyet\/periodista-2\/\" rel=\"attachment wp-att-23850\"><img loading=\"lazy\" decoding=\"async\" class=\"aligncenter size-full wp-image-23850\" src=\"https:\/\/seryhumano.com\/web\/wp-content\/uploads\/2016\/10\/periodista-e1477938726164.jpg\" alt=\"periodista\" width=\"500\" height=\"281\" \/><\/a><\/p>\n<p>La polic\u00eda turca ha lanzado una redada contra el diario Cumhuriyet, un prestigioso peri\u00f3dico de la oposici\u00f3n de centroizquierda conocido por sus cr\u00edticas al Gobierno de Erdogan. El editor jefe, Murat Sabuncu, ha sido arrestado y hay \u00f3rdenes de detenci\u00f3n contra otros 12 periodistas y directivos del diario.<\/p>\n<p>El s\u00e1bado pasado, el Gobierno turco orden\u00f3 por decreto el cierre de 16 peri\u00f3dicos, 2 agencias de noticias y tres revistas, la mayor\u00eda relacionadas con el movimiento de la izquierda kurda, una corriente con la que Cumhuriyet no est\u00e1 vinculado.<\/p>\n<p>El anterior editor jefe del peri\u00f3dico, Can D\u00fcndar, se encuentra exiliado en Alemania, despu\u00e9s de haber pasado un a\u00f1o en prisi\u00f3n por \u201crevelar secretos de Estado\u201d. D\u00fcndar difundi\u00f3 un v\u00eddeo en el que se ve\u00eda presuntamente c\u00f3mo los servicios secretos turcos entregaban armas a los rebeldes islamistas en Siria.<\/p>\n<p>seryhumano.com<\/p>\n<p>euronews.com<\/p>\n","protected":false},"excerpt":{"rendered":"<p>La polic\u00eda turca ha lanzado una redada contra el diario Cumhuriyet, un prestigioso peri\u00f3dico de la oposici\u00f3n de centroizquierda conocido por sus cr\u00edticas al Gobierno de Erdogan. El editor jefe, Murat Sabuncu, ha sido arrestado y hay \u00f3rdenes de detenci\u00f3n contra otros 12 periodistas y directivos del diario. El s\u00e1bado pasado, el Gobierno turco orden\u00f3&hellip;<\/p>\n","protected":false},"author":2,"featured_media":23851,"comment_status":"closed","ping_status":"closed","sticky":false,"template":"","format":"standard","meta":{"footnotes":""},"categories":[110],"tags":[2115,2114,1660,2116,1489,2113,2112,2111],"class_list":["post-23849","post","type-post","status-publish","format-standard","has-post-thumbnail","hentry","category-noticias","tag-can-dundar","tag-cumhuriyet","tag-erdogan","tag-periodico","tag-periodistas","tag-prensa","tag-tuquia","tag-turquia-detienen-a-periodistas-y-directivos-del-diario-opositor-cumhuriyet","category-110","description-off"],"yoast_head":"<!-- This site is optimized with the Yoast SEO plugin v25.4 - https:\/\/yoast.com\/wordpress\/plugins\/seo\/ -->\n<title>TURQU\u00cdA: DETIENEN A PERIODISTAS Y DIRECTIVOS DEL DIARIO OPOSITOR CUMHURIYET &#187; SeryHumano.com<\/title>\n<meta name=\"robots\" content=\"index, follow, max-snippet:-1, max-image-preview:large, max-video-preview:-1\" \/>\n<link rel=\"canonical\" href=\"https:\/\/seryhumano.com\/web\/?p=23849\" \/>\n<meta property=\"og:locale\" content=\"es_ES\" \/>\n<meta property=\"og:type\" content=\"article\" \/>\n<meta property=\"og:title\" content=\"TURQU\u00cdA: DETIENEN A PERIODISTAS Y DIRECTIVOS DEL DIARIO OPOSITOR CUMHURIYET &#187; SeryHumano.com\" \/>\n<meta property=\"og:description\" content=\"La polic\u00eda turca ha lanzado una redada contra el diario Cumhuriyet, un prestigioso peri\u00f3dico de la oposici\u00f3n de centroizquierda conocido por sus cr\u00edticas al Gobierno de Erdogan. El editor jefe, Murat Sabuncu, ha sido arrestado y hay \u00f3rdenes de detenci\u00f3n contra otros 12 periodistas y directivos del diario. El s\u00e1bado pasado, el Gobierno turco orden\u00f3&hellip;\" \/>\n<meta property=\"og:url\" content=\"https:\/\/seryhumano.com\/web\/?p=23849\" \/>\n<meta property=\"og:site_name\" content=\"SeryHumano.com\" \/>\n<meta property=\"article:publisher\" content=\"https:\/\/www.facebook.com\/seryhumano\/\" \/>\n<meta property=\"article:published_time\" content=\"2016-10-31T18:33:41+00:00\" \/>\n<meta property=\"article:modified_time\" content=\"2016-10-31T18:33:42+00:00\" \/>\n<meta property=\"og:image\" content=\"https:\/\/seryhumano.com\/web\/wp-content\/uploads\/2016\/10\/Turqu\u00eda-e1477938796834.jpg\" \/>\n\t<meta property=\"og:image:width\" content=\"500\" \/>\n\t<meta property=\"og:image:height\" content=\"281\" \/>\n\t<meta property=\"og:image:type\" content=\"image\/jpeg\" \/>\n<meta name=\"author\" content=\"@herrera_yosmar\" \/>\n<meta name=\"twitter:card\" content=\"summary_large_image\" \/>\n<meta name=\"twitter:creator\" content=\"@SeryHumano\" \/>\n<meta name=\"twitter:site\" content=\"@SeryHumano\" \/>\n<meta name=\"twitter:label1\" content=\"Escrito por\" \/>\n\t<meta name=\"twitter:data1\" content=\"@herrera_yosmar\" \/>\n\t<meta name=\"twitter:label2\" content=\"Tiempo de lectura\" \/>\n\t<meta name=\"twitter:data2\" content=\"1 minuto\" \/>\n<script type=\"application\/ld+json\" class=\"yoast-schema-graph\">{\"@context\":\"https:\/\/schema.org\",\"@graph\":[{\"@type\":\"Article\",\"@id\":\"https:\/\/seryhumano.com\/web\/?p=23849#article\",\"isPartOf\":{\"@id\":\"https:\/\/seryhumano.com\/web\/?p=23849\"},\"author\":{\"name\":\"@herrera_yosmar\",\"@id\":\"https:\/\/seryhumano.com\/web\/#\/schema\/person\/fd30e8e0b394a62344b44d9b0fe75795\"},\"headline\":\"TURQU\u00cdA: DETIENEN A PERIODISTAS Y DIRECTIVOS DEL DIARIO OPOSITOR CUMHURIYET\",\"datePublished\":\"2016-10-31T18:33:41+00:00\",\"dateModified\":\"2016-10-31T18:33:42+00:00\",\"mainEntityOfPage\":{\"@id\":\"https:\/\/seryhumano.com\/web\/?p=23849\"},\"wordCount\":166,\"publisher\":{\"@id\":\"https:\/\/seryhumano.com\/web\/#organization\"},\"image\":{\"@id\":\"https:\/\/seryhumano.com\/web\/?p=23849#primaryimage\"},\"thumbnailUrl\":\"https:\/\/seryhumano.com\/web\/wp-content\/uploads\/2016\/10\/Turqu\u00eda-e1477938796834.jpg\",\"keywords\":[\"Can D\u00fcndar\",\"Cumhuriyet\",\"Erdogan\",\"peri\u00f3dico\",\"Periodistas\",\"Prensa\",\"Tuqu\u00eda\",\"TURQU\u00cdA: DETIENEN A PERIODISTAS Y DIRECTIVOS DEL DIARIO OPOSITOR CUMHURIYET\"],\"articleSection\":[\"Noticias\"],\"inLanguage\":\"es\"},{\"@type\":\"WebPage\",\"@id\":\"https:\/\/seryhumano.com\/web\/?p=23849\",\"url\":\"https:\/\/seryhumano.com\/web\/?p=23849\",\"name\":\"TURQU\u00cdA: DETIENEN A PERIODISTAS Y DIRECTIVOS DEL DIARIO OPOSITOR CUMHURIYET &#187; SeryHumano.com\",\"isPartOf\":{\"@id\":\"https:\/\/seryhumano.com\/web\/#website\"},\"primaryImageOfPage\":{\"@id\":\"https:\/\/seryhumano.com\/web\/?p=23849#primaryimage\"},\"image\":{\"@id\":\"https:\/\/seryhumano.com\/web\/?p=23849#primaryimage\"},\"thumbnailUrl\":\"https:\/\/seryhumano.com\/web\/wp-content\/uploads\/2016\/10\/Turqu\u00eda-e1477938796834.jpg\",\"datePublished\":\"2016-10-31T18:33:41+00:00\",\"dateModified\":\"2016-10-31T18:33:42+00:00\",\"breadcrumb\":{\"@id\":\"https:\/\/seryhumano.com\/web\/?p=23849#breadcrumb\"},\"inLanguage\":\"es\",\"potentialAction\":[{\"@type\":\"ReadAction\",\"target\":[\"https:\/\/seryhumano.com\/web\/?p=23849\"]}]},{\"@type\":\"ImageObject\",\"inLanguage\":\"es\",\"@id\":\"https:\/\/seryhumano.com\/web\/?p=23849#primaryimage\",\"url\":\"https:\/\/seryhumano.com\/web\/wp-content\/uploads\/2016\/10\/Turqu\u00eda-e1477938796834.jpg\",\"contentUrl\":\"https:\/\/seryhumano.com\/web\/wp-content\/uploads\/2016\/10\/Turqu\u00eda-e1477938796834.jpg\",\"width\":500,\"height\":281},{\"@type\":\"BreadcrumbList\",\"@id\":\"https:\/\/seryhumano.com\/web\/?p=23849#breadcrumb\",\"itemListElement\":[{\"@type\":\"ListItem\",\"position\":1,\"name\":\"Portada\",\"item\":\"https:\/\/seryhumano.com\/web\/\"},{\"@type\":\"ListItem\",\"position\":2,\"name\":\"TURQU\u00cdA: DETIENEN A PERIODISTAS Y DIRECTIVOS DEL DIARIO OPOSITOR CUMHURIYET\"}]},{\"@type\":\"WebSite\",\"@id\":\"https:\/\/seryhumano.com\/web\/#website\",\"url\":\"https:\/\/seryhumano.com\/web\/\",\"name\":\"SeryHumano.com\",\"description\":\"Revista digital muy humana, donde lo mas importante es el Ser...\",\"publisher\":{\"@id\":\"https:\/\/seryhumano.com\/web\/#organization\"},\"potentialAction\":[{\"@type\":\"SearchAction\",\"target\":{\"@type\":\"EntryPoint\",\"urlTemplate\":\"https:\/\/seryhumano.com\/web\/?s={search_term_string}\"},\"query-input\":{\"@type\":\"PropertyValueSpecification\",\"valueRequired\":true,\"valueName\":\"search_term_string\"}}],\"inLanguage\":\"es\"},{\"@type\":\"Organization\",\"@id\":\"https:\/\/seryhumano.com\/web\/#organization\",\"name\":\"SeryHumano.com\",\"url\":\"https:\/\/seryhumano.com\/web\/\",\"logo\":{\"@type\":\"ImageObject\",\"inLanguage\":\"es\",\"@id\":\"https:\/\/seryhumano.com\/web\/#\/schema\/logo\/image\/\",\"url\":\"https:\/\/seryhumano.com\/web\/wp-content\/uploads\/2020\/02\/JNe5VRwH_400x400-2.jpg\",\"contentUrl\":\"https:\/\/seryhumano.com\/web\/wp-content\/uploads\/2020\/02\/JNe5VRwH_400x400-2.jpg\",\"width\":400,\"height\":400,\"caption\":\"SeryHumano.com\"},\"image\":{\"@id\":\"https:\/\/seryhumano.com\/web\/#\/schema\/logo\/image\/\"},\"sameAs\":[\"https:\/\/www.facebook.com\/seryhumano\/\",\"https:\/\/x.com\/SeryHumano\",\"https:\/\/www.instagram.com\/seryhumano\/\",\"https:\/\/www.linkedin.com\/company\/seryhumano-com\/\",\"https:\/\/www.youtube.com\/channel\/UCYfgIGSxygVnJAW0e9ZBZWg\"]},{\"@type\":\"Person\",\"@id\":\"https:\/\/seryhumano.com\/web\/#\/schema\/person\/fd30e8e0b394a62344b44d9b0fe75795\",\"name\":\"@herrera_yosmar\",\"description\":\"Eterna enamorada de la vida, comunicadora, mam\u00e1 de tres\",\"sameAs\":[\"http:\/\/seryhumano.com\"],\"url\":\"https:\/\/seryhumano.com\/web\/?author=2\"}]}<\/script>\n<!-- \/ Yoast SEO plugin. -->","yoast_head_json":{"title":"TURQU\u00cdA: DETIENEN A PERIODISTAS Y DIRECTIVOS DEL DIARIO OPOSITOR CUMHURIYET &#187; SeryHumano.com","robots":{"index":"index","follow":"follow","max-snippet":"max-snippet:-1","max-image-preview":"max-image-preview:large","max-video-preview":"max-video-preview:-1"},"canonical":"https:\/\/seryhumano.com\/web\/?p=23849","og_locale":"es_ES","og_type":"article","og_title":"TURQU\u00cdA: DETIENEN A PERIODISTAS Y DIRECTIVOS DEL DIARIO OPOSITOR CUMHURIYET &#187; SeryHumano.com","og_description":"La polic\u00eda turca ha lanzado una redada contra el diario Cumhuriyet, un prestigioso peri\u00f3dico de la oposici\u00f3n de centroizquierda conocido por sus cr\u00edticas al Gobierno de Erdogan. El editor jefe, Murat Sabuncu, ha sido arrestado y hay \u00f3rdenes de detenci\u00f3n contra otros 12 periodistas y directivos del diario. El s\u00e1bado pasado, el Gobierno turco orden\u00f3&hellip;","og_url":"https:\/\/seryhumano.com\/web\/?p=23849","og_site_name":"SeryHumano.com","article_publisher":"https:\/\/www.facebook.com\/seryhumano\/","article_published_time":"2016-10-31T18:33:41+00:00","article_modified_time":"2016-10-31T18:33:42+00:00","og_image":[{"width":500,"height":281,"url":"https:\/\/seryhumano.com\/web\/wp-content\/uploads\/2016\/10\/Turqu\u00eda-e1477938796834.jpg","type":"image\/jpeg"}],"author":"@herrera_yosmar","twitter_card":"summary_large_image","twitter_creator":"@SeryHumano","twitter_site":"@SeryHumano","twitter_misc":{"Escrito por":"@herrera_yosmar","Tiempo de lectura":"1 minuto"},"schema":{"@context":"https:\/\/schema.org","@graph":[{"@type":"Article","@id":"https:\/\/seryhumano.com\/web\/?p=23849#article","isPartOf":{"@id":"https:\/\/seryhumano.com\/web\/?p=23849"},"author":{"name":"@herrera_yosmar","@id":"https:\/\/seryhumano.com\/web\/#\/schema\/person\/fd30e8e0b394a62344b44d9b0fe75795"},"headline":"TURQU\u00cdA: DETIENEN A PERIODISTAS Y DIRECTIVOS DEL DIARIO OPOSITOR CUMHURIYET","datePublished":"2016-10-31T18:33:41+00:00","dateModified":"2016-10-31T18:33:42+00:00","mainEntityOfPage":{"@id":"https:\/\/seryhumano.com\/web\/?p=23849"},"wordCount":166,"publisher":{"@id":"https:\/\/seryhumano.com\/web\/#organization"},"image":{"@id":"https:\/\/seryhumano.com\/web\/?p=23849#primaryimage"},"thumbnailUrl":"https:\/\/seryhumano.com\/web\/wp-content\/uploads\/2016\/10\/Turqu\u00eda-e1477938796834.jpg","keywords":["Can D\u00fcndar","Cumhuriyet","Erdogan","peri\u00f3dico","Periodistas","Prensa","Tuqu\u00eda","TURQU\u00cdA: DETIENEN A PERIODISTAS Y DIRECTIVOS DEL DIARIO OPOSITOR CUMHURIYET"],"articleSection":["Noticias"],"inLanguage":"es"},{"@type":"WebPage","@id":"https:\/\/seryhumano.com\/web\/?p=23849","url":"https:\/\/seryhumano.com\/web\/?p=23849","name":"TURQU\u00cdA: DETIENEN A PERIODISTAS Y DIRECTIVOS DEL DIARIO OPOSITOR CUMHURIYET &#187; SeryHumano.com","isPartOf":{"@id":"https:\/\/seryhumano.com\/web\/#website"},"primaryImageOfPage":{"@id":"https:\/\/seryhumano.com\/web\/?p=23849#primaryimage"},"image":{"@id":"https:\/\/seryhumano.com\/web\/?p=23849#primaryimage"},"thumbnailUrl":"https:\/\/seryhumano.com\/web\/wp-content\/uploads\/2016\/10\/Turqu\u00eda-e1477938796834.jpg","datePublished":"2016-10-31T18:33:41+00:00","dateModified":"2016-10-31T18:33:42+00:00","breadcrumb":{"@id":"https:\/\/seryhumano.com\/web\/?p=23849#breadcrumb"},"inLanguage":"es","potentialAction":[{"@type":"ReadAction","target":["https:\/\/seryhumano.com\/web\/?p=23849"]}]},{"@type":"ImageObject","inLanguage":"es","@id":"https:\/\/seryhumano.com\/web\/?p=23849#primaryimage","url":"https:\/\/seryhumano.com\/web\/wp-content\/uploads\/2016\/10\/Turqu\u00eda-e1477938796834.jpg","contentUrl":"https:\/\/seryhumano.com\/web\/wp-content\/uploads\/2016\/10\/Turqu\u00eda-e1477938796834.jpg","width":500,"height":281},{"@type":"BreadcrumbList","@id":"https:\/\/seryhumano.com\/web\/?p=23849#breadcrumb","itemListElement":[{"@type":"ListItem","position":1,"name":"Portada","item":"https:\/\/seryhumano.com\/web\/"},{"@type":"ListItem","position":2,"name":"TURQU\u00cdA: DETIENEN A PERIODISTAS Y DIRECTIVOS DEL DIARIO OPOSITOR CUMHURIYET"}]},{"@type":"WebSite","@id":"https:\/\/seryhumano.com\/web\/#website","url":"https:\/\/seryhumano.com\/web\/","name":"SeryHumano.com","description":"Revista digital muy humana, donde lo mas importante es el Ser...","publisher":{"@id":"https:\/\/seryhumano.com\/web\/#organization"},"potentialAction":[{"@type":"SearchAction","target":{"@type":"EntryPoint","urlTemplate":"https:\/\/seryhumano.com\/web\/?s={search_term_string}"},"query-input":{"@type":"PropertyValueSpecification","valueRequired":true,"valueName":"search_term_string"}}],"inLanguage":"es"},{"@type":"Organization","@id":"https:\/\/seryhumano.com\/web\/#organization","name":"SeryHumano.com","url":"https:\/\/seryhumano.com\/web\/","logo":{"@type":"ImageObject","inLanguage":"es","@id":"https:\/\/seryhumano.com\/web\/#\/schema\/logo\/image\/","url":"https:\/\/seryhumano.com\/web\/wp-content\/uploads\/2020\/02\/JNe5VRwH_400x400-2.jpg","contentUrl":"https:\/\/seryhumano.com\/web\/wp-content\/uploads\/2020\/02\/JNe5VRwH_400x400-2.jpg","width":400,"height":400,"caption":"SeryHumano.com"},"image":{"@id":"https:\/\/seryhumano.com\/web\/#\/schema\/logo\/image\/"},"sameAs":["https:\/\/www.facebook.com\/seryhumano\/","https:\/\/x.com\/SeryHumano","https:\/\/www.instagram.com\/seryhumano\/","https:\/\/www.linkedin.com\/company\/seryhumano-com\/","https:\/\/www.youtube.com\/channel\/UCYfgIGSxygVnJAW0e9ZBZWg"]},{"@type":"Person","@id":"https:\/\/seryhumano.com\/web\/#\/schema\/person\/fd30e8e0b394a62344b44d9b0fe75795","name":"@herrera_yosmar","description":"Eterna enamorada de la vida, comunicadora, mam\u00e1 de tres","sameAs":["http:\/\/seryhumano.com"],"url":"https:\/\/seryhumano.com\/web\/?author=2"}]}},"_links":{"self":[{"href":"https:\/\/seryhumano.com\/web\/index.php?rest_route=\/wp\/v2\/posts\/23849","targetHints":{"allow":["GET"]}}],"collection":[{"href":"https:\/\/seryhumano.com\/web\/index.php?rest_route=\/wp\/v2\/posts"}],"about":[{"href":"https:\/\/seryhumano.com\/web\/index.php?rest_route=\/wp\/v2\/types\/post"}],"author":[{"embeddable":true,"href":"https:\/\/seryhumano.com\/web\/index.php?rest_route=\/wp\/v2\/users\/2"}],"replies":[{"embeddable":true,"href":"https:\/\/seryhumano.com\/web\/index.php?rest_route=%2Fwp%2Fv2%2Fcomments&post=23849"}],"version-history":[{"count":0,"href":"https:\/\/seryhumano.com\/web\/index.php?rest_route=\/wp\/v2\/posts\/23849\/revisions"}],"wp:featuredmedia":[{"embeddable":true,"href":"https:\/\/seryhumano.com\/web\/index.php?rest_route=\/wp\/v2\/media\/23851"}],"wp:attachment":[{"href":"https:\/\/seryhumano.com\/web\/index.php?rest_route=%2Fwp%2Fv2%2Fmedia&parent=23849"}],"wp:term":[{"taxonomy":"category","embeddable":true,"href":"https:\/\/seryhumano.com\/web\/index.php?rest_route=%2Fwp%2Fv2%2Fcategories&post=23849"},{"taxonomy":"post_tag","embeddable":true,"href":"https:\/\/seryhumano.com\/web\/index.php?rest_route=%2Fwp%2Fv2%2Ftags&post=23849"}],"curies":[{"name":"wp","href":"https:\/\/api.w.org\/{rel}","templated":true}]}}