{"id":24,"date":"2012-06-26T22:34:00","date_gmt":"2012-06-27T03:04:00","guid":{"rendered":"https:\/\/seryhumano.com\/web\/?p=24"},"modified":"2012-08-13T17:27:52","modified_gmt":"2012-08-13T21:57:52","slug":"una-polifonia-para-el-deleite-de-todos","status":"publish","type":"post","link":"https:\/\/seryhumano.com\/web\/?p=24","title":{"rendered":"Una polifon\u00eda para el deleite de todos"},"content":{"rendered":"<div><a style=\"clear: left; float: left; margin-bottom: 1em; margin-right: 1em;\" href=\"http:\/\/2.bp.blogspot.com\/-42UB6gl98S4\/T-p2e2YcrvI\/AAAAAAAAAM0\/W2Nc2ZCsNyU\/s1600\/images+%25281%2529.jpg\"><img decoding=\"async\" src=\"http:\/\/2.bp.blogspot.com\/-42UB6gl98S4\/T-p2e2YcrvI\/AAAAAAAAAM0\/W2Nc2ZCsNyU\/s1600\/images+%25281%2529.jpg\" alt=\"\" border=\"0\" \/><\/a>Caminar por las aceras de una ciudad a veces constituye todo\u00a0 un reto, sin embargo hacerlo mientras el viento trae consigo armoniosas melod\u00edas y no el sonido chill\u00f3n del claxon de un auto, es como dijo alguna vez Miguel de Cervantes Saavedra \u201cla m\u00fasica compone los \u00e1nimos descompuestos y alivia los trabajos que nacen del esp\u00edritu\u201d, y tener la oportunidad de escucharla en la calle alivia el recorrido y te anima a continuar.<\/div>\n<div><\/div>\n<div><a style=\"clear: right; float: right; margin-bottom: 1em; margin-left: 1em;\" href=\"http:\/\/4.bp.blogspot.com\/-GNUKj09vQFI\/T-phFAINFHI\/AAAAAAAAALE\/Os7ivhOZIOs\/s1600\/DSC_0171.JPG\"><img loading=\"lazy\" decoding=\"async\" src=\"http:\/\/4.bp.blogspot.com\/-GNUKj09vQFI\/T-phFAINFHI\/AAAAAAAAALE\/Os7ivhOZIOs\/s320\/DSC_0171.JPG\" alt=\"\" width=\"212\" height=\"320\" border=\"0\" \/><\/a>Divisar a lo lejos una aglomeraci\u00f3n de personas frente a un toldo verde, llama la atenci\u00f3n y a\u00fan m\u00e1s si mientras te acercas, escuchas unos instrumentos y una que otra voz al ritmo de los mismos.\u00a0 La curiosidad va en aumento y hasta el coraz\u00f3n da un salto al reconocer un grupo de j\u00f3venes haciendo \u00a0m\u00fasica, lo que para algunos es sin\u00f3nimo de libertad, y para muchos una expresi\u00f3n universal.<\/div>\n<div><\/div>\n<div>Pero no nos \u00a0encontr\u00e1bamos en\u00a0 una plaza de Bamberg donde en cualquier tarde de verano\u00a0 es muy com\u00fan sentarse en\u00a0 uno de sus bancos a disfrutar de un helado mientras escuchas una banda de rock o de pop afinando sus instrumentos para luego deleitar a sus espectadores con una excelente puesta en escena de sus mejores composiciones, en donde el tiempo se detiene, y evocas recuerdos al son de cada comp\u00e1s, en tanto que divisas a lo lejos el recorrer del r\u00edo Regnitz o la majestuosidad de la Catedral cuya estructura de estilo rom\u00e1ntico hacen de una tarde cualquiera un interminable suspirar.<\/div>\n<div><\/div>\n<div><\/div>\n<div><a style=\"clear: left; float: left; margin-bottom: 1em; margin-right: 1em;\" href=\"http:\/\/4.bp.blogspot.com\/-iNTCHCRTLoE\/T-pizdHFxyI\/AAAAAAAAALM\/McvAVR_QeKM\/s1600\/images+%25282%2529.jpg\"><img decoding=\"async\" src=\"http:\/\/4.bp.blogspot.com\/-iNTCHCRTLoE\/T-pizdHFxyI\/AAAAAAAAALM\/McvAVR_QeKM\/s1600\/images+%25282%2529.jpg\" alt=\"\" border=\"0\" \/><\/a><\/div>\n<div><\/div>\n<div>Para nada; era en las Mercedes, Municipio Baruta en donde est\u00e1bamos, en la que empez\u00f3 (para m\u00ed)\u00a0 la traves\u00eda de caminar por toda su avenida principal y detenerme en cada estaci\u00f3n de lo que es una celebraci\u00f3n internacional\u00a0 y que ya hace treinta a\u00f1os se celebra en Francia, \u00a1La Fiesta de la M\u00fasica!, cuyo objetivo es \u00a0el de promocionar la m\u00fasica \u00a0llev\u00e1ndola a las calles con la organizaci\u00f3n de conciertos gratuitos, en los que el p\u00fablico tenga la oportunidad de presenciar sus artistas preferidos.<\/div>\n<div><\/div>\n<div><a style=\"clear: right; float: right; margin-bottom: 1em; margin-left: 1em;\" href=\"http:\/\/1.bp.blogspot.com\/-UKFJo-PrmoQ\/T-poYq27MOI\/AAAAAAAAALc\/KgA6Rnn8PZI\/s1600\/DSC_0962.JPG\"><img loading=\"lazy\" decoding=\"async\" src=\"http:\/\/1.bp.blogspot.com\/-UKFJo-PrmoQ\/T-poYq27MOI\/AAAAAAAAALc\/KgA6Rnn8PZI\/s320\/DSC_0962.JPG\" alt=\"\" width=\"320\" height=\"212\" border=\"0\" \/><\/a>Por supuesto que tambi\u00e9n pudimos comprobar lo que dec\u00eda Plat\u00f3n en cuanto a la m\u00fasica, la cual es para el alma lo que la gimnasia es para el cuerpo, porque caminar desde antes la Plaza Alfredo Sadel\u00a0 hasta la esquina del CVA, bajo un Sol mayor y esplendoroso constituy\u00f3 parte del reto del que habl\u00e1bamos al principio, pero\u00a0 sumamente satisfactorio, al llenarnos\u00a0 de armon\u00eda y buena vibra escuchando a cada uno de los grupos que nos obsequiaba su trabajo con una algarab\u00eda contagiosa.<\/div>\n<div><\/div>\n<div><\/div>\n<div>Observar desde c\u00f3mo se preparaban haciendo contorciones con su cuerpo y gesticulando para comenzar la presentaci\u00f3n o haciendo una llamada de \u00faltimo minuto al pana que no hab\u00eda \u00a0llegado, hasta improvisaciones y saltos, repletos de \u00e1nimo y sonrisas de m\u00fasicos, coordinadores, fot\u00f3grafos, animadores y del p\u00fablico en general, que se acercaba con el \u00fanico objetivo de disfrutar algo distinto y \u00a0con un entusiasmo rebosante; o como lleg\u00f3 afirmar el fil\u00f3sofo alem\u00e1n Arthur Schopenhauer\u00a0 \u201cen la m\u00fasica todos los sentimientos vuelven a su estado puro y el mundo no es sino m\u00fasica hecha realidad\u201d.<\/div>\n<div><\/div>\n<div style=\"clear: both; text-align: center;\"><a style=\"clear: left; float: left; margin-bottom: 1em; margin-right: 1em;\" href=\"http:\/\/2.bp.blogspot.com\/-bTtdqNBV6bw\/T-ppRP0IaRI\/AAAAAAAAALk\/J4hID23HKdM\/s1600\/DSC_0039.JPG\"><img loading=\"lazy\" decoding=\"async\" src=\"http:\/\/2.bp.blogspot.com\/-bTtdqNBV6bw\/T-ppRP0IaRI\/AAAAAAAAALk\/J4hID23HKdM\/s320\/DSC_0039.JPG\" alt=\"\" width=\"212\" height=\"320\" border=\"0\" \/><\/a><\/div>\n<div><\/div>\n<div>Les comentar\u00e9 algo m\u00e1s, el recorrido lo logr\u00e9 porque cont\u00e9 con el apoyo de Francisco Lizarazo, quien les dir\u00e1 con m\u00e1s detalle de que se trata toda esta fiesta, la cual titul\u00f3:<\/div>\n<div><\/div>\n<div>\u00a0Muchos actores y un solo destino: la M\u00fasica<\/div>\n<div>Hay empresas que por su magnitud requieren el esfuerzo de muchos para que el resultado sea el que podr\u00eda ofrecernos un reloj suizo, cuya maquinaria trabaja unida y cada parte cumpliendo un objetivo espec\u00edfico, que al sumarlos todos da la fama que se han\u00a0 ganado estos art\u00edculos: precisi\u00f3n.<\/div>\n<div><\/div>\n<div>Si en el 2011 la Fiesta de la M\u00fasica en Caracas fue una experiencia que reuni\u00f3 a varios m\u00fasicos alrededor de 25 estaciones, todos actuando seg\u00fan un cronograma en 5 municipios capitalinos. La experiencia del 2012 super\u00f3 la anterior, y eso requer\u00eda desde el punto de vista period\u00edstico reforzarse y pensar estrategias para mejorar el \u201cdescubrir\u201d\u00a0 lo que ese 16 de junio la ciudad ofrecer\u00eda al llamado ciudadano de \u201ca pie\u201d.<\/div>\n<div style=\"clear: both; text-align: center;\"><a style=\"clear: right; float: right; margin-bottom: 1em; margin-left: 1em;\" href=\"http:\/\/1.bp.blogspot.com\/-0_QJ7Y4dJPY\/T-ppd_xudaI\/AAAAAAAAALs\/0JPw8Lskqo8\/s1600\/DSC_0058.JPG\"><img loading=\"lazy\" decoding=\"async\" src=\"http:\/\/1.bp.blogspot.com\/-0_QJ7Y4dJPY\/T-ppd_xudaI\/AAAAAAAAALs\/0JPw8Lskqo8\/s320\/DSC_0058.JPG\" alt=\"\" width=\"212\" height=\"320\" border=\"0\" \/><\/a><\/div>\n<div><\/div>\n<div>La meta de los organizadores\u00a0 era a reunir m\u00e1s de 800 m\u00fasicos y 40 animadores en 5 municipios de Carcas, y 3 ciudades del estado Miranda, para que en 5 horas se generaran melod\u00edas \u201cdesenchufadas\u201d simult\u00e1neamente en 40 estaciones y 8 circuitos.<\/div>\n<div>\u00a0Si ellos pensaban as\u00ed, entonces quienes est\u00e1bamos dispuestos a rese\u00f1ar esta fiesta deb\u00edamos tambi\u00e9n crecer y por ello est\u00e1 cr\u00f3nica es a cuatro manos.<\/div>\n<div>La mec\u00e1nica pretend\u00eda ser sencilla: comenzar en un punto\u00a0 y de all\u00ed seguir hasta donde las colas tradicionales de un d\u00eda s\u00e1bado permitieran movilizarse dentro de Caracas. Este punto inicial, en mi caso fue El Hatillo, lo que en principio pudiera parecer una tarea f\u00e1cil,\u00a0\u00a0 pero como siempre digo\u2026 Hay m\u00e1s.<\/div>\n<div><\/div>\n<div>Quien piense que llegar un s\u00e1bado a la Plaza Bol\u00edvar de El Hatillo es una tarea de pocos minutos, es que nunca ha hecho el recorrido desde Altamira. Porque no es que sea una distancia insalvable o muy larga, es que desde que uno comienza a llegar a La Trinidad el panorama se vuelve, sea la hora que sea, de un mar de autos formando colas y tocando las cornetas, no precisamente para hacer m\u00fasica, sino buscando que los otros se muevan m\u00e1s r\u00e1pido, si acaso eso fuera posible.<\/div>\n<div><\/div>\n<div style=\"clear: both; text-align: center;\"><a style=\"clear: left; float: left; margin-bottom: 1em; margin-right: 1em;\" href=\"http:\/\/2.bp.blogspot.com\/-7SxbYI5djMg\/T-pqsdA59GI\/AAAAAAAAAL0\/PJ1Hd7zj9Ds\/s1600\/DSC_0101.JPG\"><img loading=\"lazy\" decoding=\"async\" src=\"http:\/\/2.bp.blogspot.com\/-7SxbYI5djMg\/T-pqsdA59GI\/AAAAAAAAAL0\/PJ1Hd7zj9Ds\/s320\/DSC_0101.JPG\" alt=\"\" width=\"320\" height=\"212\" border=\"0\" \/><\/a><\/div>\n<div><\/div>\n<div>Pero aqu\u00ed estamos para hablar de m\u00fasica, de cosas agradables y aunque con algunos minutos de retraso, cosa normal cuando comienza una actividad, las 4 estaciones del municipio El Hatillo comenzaron a sonar, invitando a quienes pasaban por cada estaci\u00f3n a participar en esta experiencia.<\/div>\n<div>Desde solistas, como Pablo Brice\u00f1o, con su guitarra, pasando por el taller de canto San Nicol\u00e1s de Mira,\u00a0 el jazz latino de ensamble Curare, o el jazz m\u00e1s cl\u00e1sico de Pepperoni\u2019s Funk Machine todos los int\u00e9rpretes musicalizaron la primera hora de la Fiesta y lograron que la inicial curiosidad de los transe\u00fantes se transformara en un genuino inter\u00e9s por conocer lo que se hac\u00eda en esos toldos verdes mientras los animadores hablaban de la celebraci\u00f3n que comenz\u00f3 en par\u00eds en 1982, y que se celebra los 21 de junio en Francia.<\/div>\n<div><\/div>\n<div>Incluso en la Saint Jacques, s\u00ed con nombre franc\u00e9s porque todas ten\u00edan denominaciones de las estacones del metro de Par\u00eds, quienes asist\u00edan al toldo rojo del PSUV se daban su vuelta por su hom\u00f3logo verde para \u201cvacilarse\u201d la nota de estos j\u00f3venes que le apuestan a la m\u00fasica como elemento integrador de la sociedad, porque recordemos que la m\u00fasica es un idioma universal que todos pueden experimentar y disfrutar.<\/div>\n<div><\/div>\n<div><a style=\"clear: left; float: left; margin-bottom: 1em; margin-right: 1em;\" href=\"http:\/\/1.bp.blogspot.com\/-gL12JQ6NKE0\/T-ptAFGHFwI\/AAAAAAAAAMQ\/ZpWaS6a44yU\/s1600\/DSC_0085.JPG\"><img loading=\"lazy\" decoding=\"async\" src=\"http:\/\/1.bp.blogspot.com\/-gL12JQ6NKE0\/T-ptAFGHFwI\/AAAAAAAAAMQ\/ZpWaS6a44yU\/s320\/DSC_0085.JPG\" alt=\"\" width=\"320\" height=\"212\" border=\"0\" \/><\/a><\/div>\n<div>Una calle con mucha m\u00fasica<\/div>\n<div><\/div>\n<div>Ya cayendo la tarde, casi las 4, y tras una larga cola de regreso de El Hatillo, y un paso rasante por Las Mercedes, concluimos en el municipio Chacao, donde a lo largo de la avenida\u00a0 que sube del centro comercial Sambil hasta llegar al otro extremo, donde est\u00e1 el centro comercial San Ignacio estaban ubicadas 8 estaciones a punto de culminar sus actuaciones.<\/div>\n<div><\/div>\n<div><a style=\"clear: right; float: right; margin-bottom: 1em; margin-left: 1em;\" href=\"http:\/\/3.bp.blogspot.com\/-ugpg3Yz5cUA\/T-puboyEIzI\/AAAAAAAAAMY\/Weys1qJxNX8\/s1600\/DSC_0145.JPG\"><img loading=\"lazy\" decoding=\"async\" src=\"http:\/\/3.bp.blogspot.com\/-ugpg3Yz5cUA\/T-puboyEIzI\/AAAAAAAAAMY\/Weys1qJxNX8\/s320\/DSC_0145.JPG\" alt=\"\" width=\"320\" height=\"212\" border=\"0\" \/><\/a>Por eso de la hora, y la rigurosidad en el cumplimiento del cronograma estipulado por Estaci\u00f3n Inal\u00e1mbrica, que dirigen Dalia Ferreira y Thamara\u00a0 Bryson,\u00a0 y la Alianza Francesa como organizadores,\u00a0 ya varios de los centros hab\u00edan finalizado, pero s\u00ed alcanzamos a escuchar las notas cariocas de S\u00f3 Sambista en el toldo verde denominado Palais Royal, como la estaci\u00f3n del metro de Par\u00eds, donde los asistentes disfrutaron de esta agrupaci\u00f3n se tomaron fotos y\u00a0 bailaron al ritmo caribe\u00f1o.<\/div>\n<div><\/div>\n<div>Un poco m\u00e1s arriba la actividad hab\u00eda finalizado pero en \u201cLa Defense\u201d, frente al San Ignacio, los Gipsy Ska\u00a0 estaban haciendo que los<strong> <\/strong>j\u00f3venes bailaban al ritmo de los gitanos incluso entonaron el cumplea\u00f1os feliz con sus instrumentos, porque la banda estaba de aniversario, y luego vendieron algunos CD de sus temas.<\/div>\n<div><\/div>\n<div style=\"clear: both; text-align: center;\"><a style=\"clear: left; float: left; margin-bottom: 1em; margin-right: 1em;\" href=\"http:\/\/2.bp.blogspot.com\/-p7FVd6_yuCw\/T-pvZqIyLQI\/AAAAAAAAAMg\/YwPX9tIbvOA\/s1600\/DSC_0173.JPG\"><img loading=\"lazy\" decoding=\"async\" src=\"http:\/\/2.bp.blogspot.com\/-p7FVd6_yuCw\/T-pvZqIyLQI\/AAAAAAAAAMg\/YwPX9tIbvOA\/s320\/DSC_0173.JPG\" alt=\"\" width=\"320\" height=\"212\" border=\"0\" \/><\/a><\/div>\n<div><\/div>\n<div style=\"clear: both; text-align: center;\"><a style=\"clear: right; float: right; margin-bottom: 1em; margin-left: 1em;\" href=\"http:\/\/2.bp.blogspot.com\/-Og6dWTsBhWI\/T-pv9XSLOUI\/AAAAAAAAAMo\/iR2falLf-qk\/s1600\/DSC_0972.JPG\"><img loading=\"lazy\" decoding=\"async\" src=\"http:\/\/2.bp.blogspot.com\/-Og6dWTsBhWI\/T-pv9XSLOUI\/AAAAAAAAAMo\/iR2falLf-qk\/s320\/DSC_0972.JPG\" alt=\"\" width=\"320\" height=\"212\" border=\"0\" \/><\/a><\/div>\n<div>Fueron 5 horas, un gran esfuerzo de los organizadores para que los caque\u00f1os tuvieran una tarde musical con grupos que muchas veces no o\u00edmos o que sencillamente no conocemos, por lo que se agradece\u00a0 este trabajo, que como siempre sucede tendr\u00e1 luego su evaluaci\u00f3n, como por ejemplo el uso de los altavoces que poco o nada hacen ya que no son suficientemente potentes, o la necesidad de mejorar la capacitaci\u00f3n de los animadores, pero eso, como todo en la vida, es tema\u00a0\u00a0 que puede ser solventado, lo cierto es que los habitantes puedan pasar un momento de calidad en Caracas, un lugar que como dice Gustavo Cerati es una \u201cciudad de la Furia\u201d, o esa es, en esta oportunidad, nuestra\u00a0\u00a0Visi\u00f3n Particular.<\/div>\n","protected":false},"excerpt":{"rendered":"<p>Caminar por las aceras de una ciudad a veces constituye todo\u00a0 un reto, sin embargo hacerlo mientras el viento trae consigo armoniosas melod\u00edas y no el sonido chill\u00f3n del claxon de un auto, es como dijo alguna vez Miguel de Cervantes Saavedra \u201cla m\u00fasica compone los \u00e1nimos descompuestos y alivia los trabajos que nacen del&hellip;<\/p>\n","protected":false},"author":2,"featured_media":186,"comment_status":"closed","ping_status":"closed","sticky":false,"template":"","format":"standard","meta":{"footnotes":""},"categories":[114],"tags":[111],"class_list":["post-24","post","type-post","status-publish","format-standard","has-post-thumbnail","hentry","category-sonidos","tag-slider","category-114","description-off"],"yoast_head":"<!-- This site is optimized with the Yoast SEO plugin v25.4 - https:\/\/yoast.com\/wordpress\/plugins\/seo\/ -->\n<title>Una polifon\u00eda para el deleite de todos &#187; SeryHumano.com<\/title>\n<meta name=\"robots\" content=\"index, follow, max-snippet:-1, max-image-preview:large, max-video-preview:-1\" \/>\n<link rel=\"canonical\" href=\"https:\/\/seryhumano.com\/web\/?p=24\" \/>\n<meta property=\"og:locale\" content=\"es_ES\" \/>\n<meta property=\"og:type\" content=\"article\" \/>\n<meta property=\"og:title\" content=\"Una polifon\u00eda para el deleite de todos &#187; SeryHumano.com\" \/>\n<meta property=\"og:description\" content=\"Caminar por las aceras de una ciudad a veces constituye todo\u00a0 un reto, sin embargo hacerlo mientras el viento trae consigo armoniosas melod\u00edas y no el sonido chill\u00f3n del claxon de un auto, es como dijo alguna vez Miguel de Cervantes Saavedra \u201cla m\u00fasica compone los \u00e1nimos descompuestos y alivia los trabajos que nacen del&hellip;\" \/>\n<meta property=\"og:url\" content=\"https:\/\/seryhumano.com\/web\/?p=24\" \/>\n<meta property=\"og:site_name\" content=\"SeryHumano.com\" \/>\n<meta property=\"article:publisher\" content=\"https:\/\/www.facebook.com\/seryhumano\/\" \/>\n<meta property=\"article:published_time\" content=\"2012-06-27T03:04:00+00:00\" \/>\n<meta property=\"article:modified_time\" content=\"2012-08-13T21:57:52+00:00\" \/>\n<meta property=\"og:image\" content=\"https:\/\/seryhumano.com\/web\/wp-content\/uploads\/2012\/06\/notas-musicales2.jpg\" \/>\n\t<meta property=\"og:image:width\" content=\"910\" \/>\n\t<meta property=\"og:image:height\" content=\"227\" \/>\n\t<meta property=\"og:image:type\" content=\"image\/jpeg\" \/>\n<meta name=\"author\" content=\"@herrera_yosmar\" \/>\n<meta name=\"twitter:card\" content=\"summary_large_image\" \/>\n<meta name=\"twitter:creator\" content=\"@SeryHumano\" \/>\n<meta name=\"twitter:site\" content=\"@SeryHumano\" \/>\n<meta name=\"twitter:label1\" content=\"Escrito por\" \/>\n\t<meta name=\"twitter:data1\" content=\"@herrera_yosmar\" \/>\n\t<meta name=\"twitter:label2\" content=\"Tiempo de lectura\" \/>\n\t<meta name=\"twitter:data2\" content=\"7 minutos\" \/>\n<script type=\"application\/ld+json\" class=\"yoast-schema-graph\">{\"@context\":\"https:\/\/schema.org\",\"@graph\":[{\"@type\":\"Article\",\"@id\":\"https:\/\/seryhumano.com\/web\/?p=24#article\",\"isPartOf\":{\"@id\":\"https:\/\/seryhumano.com\/web\/?p=24\"},\"author\":{\"name\":\"@herrera_yosmar\",\"@id\":\"https:\/\/seryhumano.com\/web\/#\/schema\/person\/fd30e8e0b394a62344b44d9b0fe75795\"},\"headline\":\"Una polifon\u00eda para el deleite de todos\",\"datePublished\":\"2012-06-27T03:04:00+00:00\",\"dateModified\":\"2012-08-13T21:57:52+00:00\",\"mainEntityOfPage\":{\"@id\":\"https:\/\/seryhumano.com\/web\/?p=24\"},\"wordCount\":1501,\"publisher\":{\"@id\":\"https:\/\/seryhumano.com\/web\/#organization\"},\"image\":{\"@id\":\"https:\/\/seryhumano.com\/web\/?p=24#primaryimage\"},\"thumbnailUrl\":\"https:\/\/seryhumano.com\/web\/wp-content\/uploads\/2012\/06\/notas-musicales2.jpg\",\"keywords\":[\"Slider\"],\"articleSection\":[\"Sonidos del Ser\"],\"inLanguage\":\"es\"},{\"@type\":\"WebPage\",\"@id\":\"https:\/\/seryhumano.com\/web\/?p=24\",\"url\":\"https:\/\/seryhumano.com\/web\/?p=24\",\"name\":\"Una polifon\u00eda para el deleite de todos &#187; SeryHumano.com\",\"isPartOf\":{\"@id\":\"https:\/\/seryhumano.com\/web\/#website\"},\"primaryImageOfPage\":{\"@id\":\"https:\/\/seryhumano.com\/web\/?p=24#primaryimage\"},\"image\":{\"@id\":\"https:\/\/seryhumano.com\/web\/?p=24#primaryimage\"},\"thumbnailUrl\":\"https:\/\/seryhumano.com\/web\/wp-content\/uploads\/2012\/06\/notas-musicales2.jpg\",\"datePublished\":\"2012-06-27T03:04:00+00:00\",\"dateModified\":\"2012-08-13T21:57:52+00:00\",\"breadcrumb\":{\"@id\":\"https:\/\/seryhumano.com\/web\/?p=24#breadcrumb\"},\"inLanguage\":\"es\",\"potentialAction\":[{\"@type\":\"ReadAction\",\"target\":[\"https:\/\/seryhumano.com\/web\/?p=24\"]}]},{\"@type\":\"ImageObject\",\"inLanguage\":\"es\",\"@id\":\"https:\/\/seryhumano.com\/web\/?p=24#primaryimage\",\"url\":\"https:\/\/seryhumano.com\/web\/wp-content\/uploads\/2012\/06\/notas-musicales2.jpg\",\"contentUrl\":\"https:\/\/seryhumano.com\/web\/wp-content\/uploads\/2012\/06\/notas-musicales2.jpg\",\"width\":\"910\",\"height\":\"227\"},{\"@type\":\"BreadcrumbList\",\"@id\":\"https:\/\/seryhumano.com\/web\/?p=24#breadcrumb\",\"itemListElement\":[{\"@type\":\"ListItem\",\"position\":1,\"name\":\"Portada\",\"item\":\"https:\/\/seryhumano.com\/web\/\"},{\"@type\":\"ListItem\",\"position\":2,\"name\":\"Una polifon\u00eda para el deleite de todos\"}]},{\"@type\":\"WebSite\",\"@id\":\"https:\/\/seryhumano.com\/web\/#website\",\"url\":\"https:\/\/seryhumano.com\/web\/\",\"name\":\"SeryHumano.com\",\"description\":\"Revista digital muy humana, donde lo mas importante es el Ser...\",\"publisher\":{\"@id\":\"https:\/\/seryhumano.com\/web\/#organization\"},\"potentialAction\":[{\"@type\":\"SearchAction\",\"target\":{\"@type\":\"EntryPoint\",\"urlTemplate\":\"https:\/\/seryhumano.com\/web\/?s={search_term_string}\"},\"query-input\":{\"@type\":\"PropertyValueSpecification\",\"valueRequired\":true,\"valueName\":\"search_term_string\"}}],\"inLanguage\":\"es\"},{\"@type\":\"Organization\",\"@id\":\"https:\/\/seryhumano.com\/web\/#organization\",\"name\":\"SeryHumano.com\",\"url\":\"https:\/\/seryhumano.com\/web\/\",\"logo\":{\"@type\":\"ImageObject\",\"inLanguage\":\"es\",\"@id\":\"https:\/\/seryhumano.com\/web\/#\/schema\/logo\/image\/\",\"url\":\"https:\/\/seryhumano.com\/web\/wp-content\/uploads\/2020\/02\/JNe5VRwH_400x400-2.jpg\",\"contentUrl\":\"https:\/\/seryhumano.com\/web\/wp-content\/uploads\/2020\/02\/JNe5VRwH_400x400-2.jpg\",\"width\":400,\"height\":400,\"caption\":\"SeryHumano.com\"},\"image\":{\"@id\":\"https:\/\/seryhumano.com\/web\/#\/schema\/logo\/image\/\"},\"sameAs\":[\"https:\/\/www.facebook.com\/seryhumano\/\",\"https:\/\/x.com\/SeryHumano\",\"https:\/\/www.instagram.com\/seryhumano\/\",\"https:\/\/www.linkedin.com\/company\/seryhumano-com\/\",\"https:\/\/www.youtube.com\/channel\/UCYfgIGSxygVnJAW0e9ZBZWg\"]},{\"@type\":\"Person\",\"@id\":\"https:\/\/seryhumano.com\/web\/#\/schema\/person\/fd30e8e0b394a62344b44d9b0fe75795\",\"name\":\"@herrera_yosmar\",\"description\":\"Eterna enamorada de la vida, comunicadora, mam\u00e1 de tres\",\"sameAs\":[\"http:\/\/seryhumano.com\"],\"url\":\"https:\/\/seryhumano.com\/web\/?author=2\"}]}<\/script>\n<!-- \/ Yoast SEO plugin. -->","yoast_head_json":{"title":"Una polifon\u00eda para el deleite de todos &#187; SeryHumano.com","robots":{"index":"index","follow":"follow","max-snippet":"max-snippet:-1","max-image-preview":"max-image-preview:large","max-video-preview":"max-video-preview:-1"},"canonical":"https:\/\/seryhumano.com\/web\/?p=24","og_locale":"es_ES","og_type":"article","og_title":"Una polifon\u00eda para el deleite de todos &#187; SeryHumano.com","og_description":"Caminar por las aceras de una ciudad a veces constituye todo\u00a0 un reto, sin embargo hacerlo mientras el viento trae consigo armoniosas melod\u00edas y no el sonido chill\u00f3n del claxon de un auto, es como dijo alguna vez Miguel de Cervantes Saavedra \u201cla m\u00fasica compone los \u00e1nimos descompuestos y alivia los trabajos que nacen del&hellip;","og_url":"https:\/\/seryhumano.com\/web\/?p=24","og_site_name":"SeryHumano.com","article_publisher":"https:\/\/www.facebook.com\/seryhumano\/","article_published_time":"2012-06-27T03:04:00+00:00","article_modified_time":"2012-08-13T21:57:52+00:00","og_image":[{"width":910,"height":227,"url":"https:\/\/seryhumano.com\/web\/wp-content\/uploads\/2012\/06\/notas-musicales2.jpg","type":"image\/jpeg"}],"author":"@herrera_yosmar","twitter_card":"summary_large_image","twitter_creator":"@SeryHumano","twitter_site":"@SeryHumano","twitter_misc":{"Escrito por":"@herrera_yosmar","Tiempo de lectura":"7 minutos"},"schema":{"@context":"https:\/\/schema.org","@graph":[{"@type":"Article","@id":"https:\/\/seryhumano.com\/web\/?p=24#article","isPartOf":{"@id":"https:\/\/seryhumano.com\/web\/?p=24"},"author":{"name":"@herrera_yosmar","@id":"https:\/\/seryhumano.com\/web\/#\/schema\/person\/fd30e8e0b394a62344b44d9b0fe75795"},"headline":"Una polifon\u00eda para el deleite de todos","datePublished":"2012-06-27T03:04:00+00:00","dateModified":"2012-08-13T21:57:52+00:00","mainEntityOfPage":{"@id":"https:\/\/seryhumano.com\/web\/?p=24"},"wordCount":1501,"publisher":{"@id":"https:\/\/seryhumano.com\/web\/#organization"},"image":{"@id":"https:\/\/seryhumano.com\/web\/?p=24#primaryimage"},"thumbnailUrl":"https:\/\/seryhumano.com\/web\/wp-content\/uploads\/2012\/06\/notas-musicales2.jpg","keywords":["Slider"],"articleSection":["Sonidos del Ser"],"inLanguage":"es"},{"@type":"WebPage","@id":"https:\/\/seryhumano.com\/web\/?p=24","url":"https:\/\/seryhumano.com\/web\/?p=24","name":"Una polifon\u00eda para el deleite de todos &#187; SeryHumano.com","isPartOf":{"@id":"https:\/\/seryhumano.com\/web\/#website"},"primaryImageOfPage":{"@id":"https:\/\/seryhumano.com\/web\/?p=24#primaryimage"},"image":{"@id":"https:\/\/seryhumano.com\/web\/?p=24#primaryimage"},"thumbnailUrl":"https:\/\/seryhumano.com\/web\/wp-content\/uploads\/2012\/06\/notas-musicales2.jpg","datePublished":"2012-06-27T03:04:00+00:00","dateModified":"2012-08-13T21:57:52+00:00","breadcrumb":{"@id":"https:\/\/seryhumano.com\/web\/?p=24#breadcrumb"},"inLanguage":"es","potentialAction":[{"@type":"ReadAction","target":["https:\/\/seryhumano.com\/web\/?p=24"]}]},{"@type":"ImageObject","inLanguage":"es","@id":"https:\/\/seryhumano.com\/web\/?p=24#primaryimage","url":"https:\/\/seryhumano.com\/web\/wp-content\/uploads\/2012\/06\/notas-musicales2.jpg","contentUrl":"https:\/\/seryhumano.com\/web\/wp-content\/uploads\/2012\/06\/notas-musicales2.jpg","width":"910","height":"227"},{"@type":"BreadcrumbList","@id":"https:\/\/seryhumano.com\/web\/?p=24#breadcrumb","itemListElement":[{"@type":"ListItem","position":1,"name":"Portada","item":"https:\/\/seryhumano.com\/web\/"},{"@type":"ListItem","position":2,"name":"Una polifon\u00eda para el deleite de todos"}]},{"@type":"WebSite","@id":"https:\/\/seryhumano.com\/web\/#website","url":"https:\/\/seryhumano.com\/web\/","name":"SeryHumano.com","description":"Revista digital muy humana, donde lo mas importante es el Ser...","publisher":{"@id":"https:\/\/seryhumano.com\/web\/#organization"},"potentialAction":[{"@type":"SearchAction","target":{"@type":"EntryPoint","urlTemplate":"https:\/\/seryhumano.com\/web\/?s={search_term_string}"},"query-input":{"@type":"PropertyValueSpecification","valueRequired":true,"valueName":"search_term_string"}}],"inLanguage":"es"},{"@type":"Organization","@id":"https:\/\/seryhumano.com\/web\/#organization","name":"SeryHumano.com","url":"https:\/\/seryhumano.com\/web\/","logo":{"@type":"ImageObject","inLanguage":"es","@id":"https:\/\/seryhumano.com\/web\/#\/schema\/logo\/image\/","url":"https:\/\/seryhumano.com\/web\/wp-content\/uploads\/2020\/02\/JNe5VRwH_400x400-2.jpg","contentUrl":"https:\/\/seryhumano.com\/web\/wp-content\/uploads\/2020\/02\/JNe5VRwH_400x400-2.jpg","width":400,"height":400,"caption":"SeryHumano.com"},"image":{"@id":"https:\/\/seryhumano.com\/web\/#\/schema\/logo\/image\/"},"sameAs":["https:\/\/www.facebook.com\/seryhumano\/","https:\/\/x.com\/SeryHumano","https:\/\/www.instagram.com\/seryhumano\/","https:\/\/www.linkedin.com\/company\/seryhumano-com\/","https:\/\/www.youtube.com\/channel\/UCYfgIGSxygVnJAW0e9ZBZWg"]},{"@type":"Person","@id":"https:\/\/seryhumano.com\/web\/#\/schema\/person\/fd30e8e0b394a62344b44d9b0fe75795","name":"@herrera_yosmar","description":"Eterna enamorada de la vida, comunicadora, mam\u00e1 de tres","sameAs":["http:\/\/seryhumano.com"],"url":"https:\/\/seryhumano.com\/web\/?author=2"}]}},"_links":{"self":[{"href":"https:\/\/seryhumano.com\/web\/index.php?rest_route=\/wp\/v2\/posts\/24","targetHints":{"allow":["GET"]}}],"collection":[{"href":"https:\/\/seryhumano.com\/web\/index.php?rest_route=\/wp\/v2\/posts"}],"about":[{"href":"https:\/\/seryhumano.com\/web\/index.php?rest_route=\/wp\/v2\/types\/post"}],"author":[{"embeddable":true,"href":"https:\/\/seryhumano.com\/web\/index.php?rest_route=\/wp\/v2\/users\/2"}],"replies":[{"embeddable":true,"href":"https:\/\/seryhumano.com\/web\/index.php?rest_route=%2Fwp%2Fv2%2Fcomments&post=24"}],"version-history":[{"count":0,"href":"https:\/\/seryhumano.com\/web\/index.php?rest_route=\/wp\/v2\/posts\/24\/revisions"}],"wp:featuredmedia":[{"embeddable":true,"href":"https:\/\/seryhumano.com\/web\/index.php?rest_route=\/wp\/v2\/media\/186"}],"wp:attachment":[{"href":"https:\/\/seryhumano.com\/web\/index.php?rest_route=%2Fwp%2Fv2%2Fmedia&parent=24"}],"wp:term":[{"taxonomy":"category","embeddable":true,"href":"https:\/\/seryhumano.com\/web\/index.php?rest_route=%2Fwp%2Fv2%2Fcategories&post=24"},{"taxonomy":"post_tag","embeddable":true,"href":"https:\/\/seryhumano.com\/web\/index.php?rest_route=%2Fwp%2Fv2%2Ftags&post=24"}],"curies":[{"name":"wp","href":"https:\/\/api.w.org\/{rel}","templated":true}]}}