{"id":24747,"date":"2017-01-03T04:41:13","date_gmt":"2017-01-03T09:11:13","guid":{"rendered":"https:\/\/seryhumano.com\/web\/?p=24747"},"modified":"2017-01-03T07:15:50","modified_gmt":"2017-01-03T11:45:50","slug":"tomate-tiempo-necesites-sanar-empezar-nuevo","status":"publish","type":"post","link":"https:\/\/seryhumano.com\/web\/?p=24747","title":{"rendered":"T\u00f3mate el tiempo que necesites para sanar y empezar de nuevo"},"content":{"rendered":"<p style=\"text-align: center;\">\u00a0\u201c<em>Nada est\u00e1 perdido si se tiene el valor de proclamar que todo est\u00e1 perdido y hay que empezar de nuevo<\/em>\u201d <strong>Julio Cort\u00e1zar<\/strong><\/p>\n<p><a href=\"https:\/\/seryhumano.com\/web\/tomate-tiempo-necesites-sanar-empezar-nuevo\/sanar\/\" rel=\"attachment wp-att-24748\"><img loading=\"lazy\" decoding=\"async\" class=\"aligncenter size-full wp-image-24748\" src=\"https:\/\/seryhumano.com\/web\/wp-content\/uploads\/2017\/01\/sanar-e1483434392691.jpg\" alt=\"\" width=\"550\" height=\"367\" \/><\/a><\/p>\n<p>En la vida, hay momentos en los que tenemos que comenzar de nuevo, debemos cerrar c\u00edrculos, dejar ir el pasado y disponernos a mirar hacia adelante, por mucho que nos duela.<\/p>\n<p>De hecho, ese proceso de dejar ir el pasado para aferrarse al futuro a menudo genera una especie de v\u00e9rtigo emocional. Esto se debe a que identificamos el pasado con el camino seguro y conocido que dejamos a nuestra espalda y percibimos el futuro como un vac\u00edo que tenemos por delante, una apuesta incierta, un salto al vac\u00edo sin paraca\u00eddas.<\/p>\n<p>Por eso, si queremos avanzar con paso firme y sin remordimientos, es fundamental tomarnos el tiempo que necesitemos para sanar las heridas y reconstruirnos emocionalmente. La prisa nunca ha sido buena consejera.<\/p>\n<blockquote><p><span style=\"color: #333399;\">Las heridas emocionales provocan cambios profundos que debemos aceptar<\/span><\/p><\/blockquote>\n<p>En muchas ocasiones nos vemos tentados a violentar los tiempos. A veces, cuando nos sentimos mal y sufrimos, lo \u00fanico que deseamos es apartar de nosotros ese dolor. Nos desesperamos y nos precipitamos a mirar hacia adelante. Es comprensible. Pero no es positivo.<\/p>\n<p>En otros casos son las personas que nos rodean quienes nos empujan. Quiz\u00e1 con la mejor de las intenciones, nos animan a seguir adelante y dar el pr\u00f3ximo paso o incluso nos tachan de \u00ab<em>d\u00e9biles<\/em>\u00bb porque no somos capaces de levantarnos lo suficientemente r\u00e1pido. Sin embargo, cuando no estamos preparados, dar ese paso puede hacernos a\u00fan m\u00e1s da\u00f1o.<\/p>\n<p>Para mirar de nuevo al futuro con confianza, es fundamental tener paciencia y esperar a que cicatricen las <a href=\"https:\/\/seryhumano.com\/web\/heridas-emocionales-la-infancia-nos-siguen-danando-adultos\/\">heridas emocionales<\/a>. Eso no significa regodearse en el dolor sino ir dando peque\u00f1os pasos, a nuestro propio ritmo y sin apresurarnos demasiado.<\/p>\n<p>El tiempo es fundamental para recuperarnos de los golpes emocionales, con el tiempo logramos encontrarle un sentido a lo que nos ha sucedido, asumimos el pasado y pasamos p\u00e1gina. De hecho, los traumas suelen provocar un terremoto psicol\u00f3gico, por lo que necesitamos tiempo para reconstruirnos, para mirar dentro de nosotros y darnos cuenta de que ya no somos los mismos, de que algo ha cambiado. Despu\u00e9s de grandes sacudidas emocionales podemos bloquearnos y necesitamos tiempo para reencontrarnos, para comprender, aceptar e incluso aprender a vivir con esa nueva persona en la que nos hemos convertido.<\/p>\n<p><strong><a href=\"https:\/\/seryhumano.com\/web\/tomate-tiempo-necesites-sanar-empezar-nuevo\/tiempo-2\/\" rel=\"attachment wp-att-24749\"><img loading=\"lazy\" decoding=\"async\" class=\"aligncenter size-full wp-image-24749\" src=\"https:\/\/seryhumano.com\/web\/wp-content\/uploads\/2017\/01\/tiempo-e1483434470769.jpg\" alt=\"\" width=\"550\" height=\"367\" \/><\/a><\/strong><\/p>\n<p><strong>Tiempo para pensar, tiempo para aprender<\/strong><\/p>\n<p>Por otra parte, el tiempo es fundamental para aprender de los errores que hemos cometido. Si salimos de una relaci\u00f3n de pareja traum\u00e1tica, por ejemplo, y nos lanzamos a los brazos de otra persona inmediatamente, no habremos tenido el tiempo suficiente para comprender d\u00f3nde nos equivocamos. De hecho, esa es una de las razones por la que las personas se ven envueltas a menudo en relaciones que nunca llegan a buen puerto. No se han dado tiempo para crecer.<\/p>\n<p>El tiempo nos permite asumir una distancia emocional del trauma, as\u00ed podemos juzgar nuestro comportamiento y decisiones desde una perspectiva m\u00e1s objetiva y una posici\u00f3n de <a href=\"https:\/\/seryhumano.com\/web\/apegos-cuales-son-los-mas-dificiles-de-soltar\/\">desapego<\/a>. Como resultado, somos capaces de asumir nuestra cuota de responsabilidad y crecer.<\/p>\n<p>Al contrario, si nos precipitamos corremos el riesgo de cometer los mismos errores, de chocar una y otra vez con la misma piedra. Desgraciadamente, muchas personas siguen creyendo que \u00ab<em>un clavo saca al otro<\/em>\u00ab, por lo que van por la vida tan r\u00e1pido que su propia velocidad les aturde. Aunque a veces lo \u00fanico que necesitamos es detenernos para recomponer los pedazos rotos y tomar fuerzas.<\/p>\n<p><strong>\u00bfC\u00f3mo saber cu\u00e1ndo est\u00e1s preparado para volver a empezar?<\/strong><\/p>\n<p>Cada persona es diferente y cada trauma o herida tambi\u00e9n lo es. Estar preparados para seguir adelante lleva su tiempo y no existe una regla \u00fanica, debes aprender a conectar con tu interior y escuchar las se\u00f1ales que te env\u00eda tu \u201c<em>yo<\/em>\u201d.<\/p>\n<p>No obstante, en sentido general, una persona est\u00e1 preparada para seguir adelante cuando cumple al menos dos de las siguientes condiciones:<\/p>\n<ol>\n<li><u>El dolor se ha mitigado<\/u>. Al mirar atr\u00e1s te das cuenta de que, aunque la herida est\u00e1 ah\u00ed, ya no escuece. De hecho, es probable que comiences a recordar m\u00e1s en los aspectos positivos que los que te causaban da\u00f1o.<\/li>\n<li><u>Has aprendido<\/u>. Al analizar lo ocurrido, logras encontrarle un sentido y comprendes d\u00f3nde te has equivocado. Asumes la experiencia y esta te enriquece como persona.<\/li>\n<li><u>Puedes bromear sobre lo ocurrido<\/u>. Cuando eres capaz de re\u00edrte de lo que ha sucedido, significa que has superado el trauma, que has despojado la situaci\u00f3n de su dramatismo inicial.<\/li>\n<\/ol>\n<p>En todo caso, no tengas miedo a dar un paso atr\u00e1s si has avanzado demasiado r\u00e1pido. A veces puedes creer que est\u00e1s preparado para seguir adelante, pero en realidad no lo est\u00e1s. Entonces es mejor replegarse para tomar fuerzas y sanar completamente.<\/p>\n<p>Todo nuevo comienzo vale la pena, pero debes cerciorarte de que puedes enfrentar esa nueva etapa con mayor madurez y seguridad.<\/p>\n<p>seryhumano.com<\/p>\n<p><a href=\"http:\/\/www.rinconpsicologia.com\/2015\/12\/tomate-el-tiempo-que-necesites-para.html\">rinconpsicologia.com<\/a><\/p>\n<p>&nbsp;<\/p>\n","protected":false},"excerpt":{"rendered":"<p>\u00a0\u201cNada est\u00e1 perdido si se tiene el valor de proclamar que todo est\u00e1 perdido y hay que empezar de nuevo\u201d Julio Cort\u00e1zar En la vida, hay momentos en los que tenemos que comenzar de nuevo, debemos cerrar c\u00edrculos, dejar ir el pasado y disponernos a mirar hacia adelante, por mucho que nos duela. De hecho,&hellip;<\/p>\n","protected":false},"author":2,"featured_media":24748,"comment_status":"closed","ping_status":"closed","sticky":false,"template":"","format":"standard","meta":{"footnotes":""},"categories":[120],"tags":[143,232,2634,2633,2635,198,172,2632,260,1924],"class_list":["post-24747","post","type-post","status-publish","format-standard","has-post-thumbnail","hentry","category-ser-saludable","tag-concepto-del-proyecto","tag-el-ser-y-yo","tag-empezar","tag-heridas","tag-julio-cortazar","tag-psicologia","tag-salud","tag-sanar","tag-ser-saludable","tag-tiempo","category-120","description-off"],"yoast_head":"<!-- This site is optimized with the Yoast SEO plugin v25.4 - https:\/\/yoast.com\/wordpress\/plugins\/seo\/ -->\n<title>T\u00f3mate el tiempo que necesites para sanar y empezar de nuevo &#187; SeryHumano.com<\/title>\n<meta name=\"robots\" content=\"index, follow, max-snippet:-1, max-image-preview:large, max-video-preview:-1\" \/>\n<link rel=\"canonical\" href=\"https:\/\/seryhumano.com\/web\/?p=24747\" \/>\n<meta property=\"og:locale\" content=\"es_ES\" \/>\n<meta property=\"og:type\" content=\"article\" \/>\n<meta property=\"og:title\" content=\"T\u00f3mate el tiempo que necesites para sanar y empezar de nuevo &#187; SeryHumano.com\" \/>\n<meta property=\"og:description\" content=\"\u00a0\u201cNada est\u00e1 perdido si se tiene el valor de proclamar que todo est\u00e1 perdido y hay que empezar de nuevo\u201d Julio Cort\u00e1zar En la vida, hay momentos en los que tenemos que comenzar de nuevo, debemos cerrar c\u00edrculos, dejar ir el pasado y disponernos a mirar hacia adelante, por mucho que nos duela. De hecho,&hellip;\" \/>\n<meta property=\"og:url\" content=\"https:\/\/seryhumano.com\/web\/?p=24747\" \/>\n<meta property=\"og:site_name\" content=\"SeryHumano.com\" \/>\n<meta property=\"article:publisher\" content=\"https:\/\/www.facebook.com\/seryhumano\/\" \/>\n<meta property=\"article:published_time\" content=\"2017-01-03T09:11:13+00:00\" \/>\n<meta property=\"article:modified_time\" content=\"2017-01-03T11:45:50+00:00\" \/>\n<meta property=\"og:image\" content=\"https:\/\/seryhumano.com\/web\/wp-content\/uploads\/2017\/01\/sanar-e1483434392691.jpg\" \/>\n\t<meta property=\"og:image:width\" content=\"550\" \/>\n\t<meta property=\"og:image:height\" content=\"367\" \/>\n\t<meta property=\"og:image:type\" content=\"image\/jpeg\" \/>\n<meta name=\"author\" content=\"@herrera_yosmar\" \/>\n<meta name=\"twitter:card\" content=\"summary_large_image\" \/>\n<meta name=\"twitter:creator\" content=\"@SeryHumano\" \/>\n<meta name=\"twitter:site\" content=\"@SeryHumano\" \/>\n<meta name=\"twitter:label1\" content=\"Escrito por\" \/>\n\t<meta name=\"twitter:data1\" content=\"@herrera_yosmar\" \/>\n\t<meta name=\"twitter:label2\" content=\"Tiempo de lectura\" \/>\n\t<meta name=\"twitter:data2\" content=\"4 minutos\" \/>\n<script type=\"application\/ld+json\" class=\"yoast-schema-graph\">{\"@context\":\"https:\/\/schema.org\",\"@graph\":[{\"@type\":\"Article\",\"@id\":\"https:\/\/seryhumano.com\/web\/?p=24747#article\",\"isPartOf\":{\"@id\":\"https:\/\/seryhumano.com\/web\/?p=24747\"},\"author\":{\"name\":\"@herrera_yosmar\",\"@id\":\"https:\/\/seryhumano.com\/web\/#\/schema\/person\/fd30e8e0b394a62344b44d9b0fe75795\"},\"headline\":\"T\u00f3mate el tiempo que necesites para sanar y empezar de nuevo\",\"datePublished\":\"2017-01-03T09:11:13+00:00\",\"dateModified\":\"2017-01-03T11:45:50+00:00\",\"mainEntityOfPage\":{\"@id\":\"https:\/\/seryhumano.com\/web\/?p=24747\"},\"wordCount\":865,\"publisher\":{\"@id\":\"https:\/\/seryhumano.com\/web\/#organization\"},\"image\":{\"@id\":\"https:\/\/seryhumano.com\/web\/?p=24747#primaryimage\"},\"thumbnailUrl\":\"https:\/\/seryhumano.com\/web\/wp-content\/uploads\/2017\/01\/sanar-e1483434392691.jpg\",\"keywords\":[\"Concepto del Proyecto\",\"El Ser y Yo\",\"empezar\",\"heridas\",\"Julio Cort\u00e1zar\",\"Psicolog\u00eda\",\"salud\",\"Sanar\",\"Ser Saludable\",\"tiempo\"],\"articleSection\":[\"Ser Saludable\"],\"inLanguage\":\"es\"},{\"@type\":\"WebPage\",\"@id\":\"https:\/\/seryhumano.com\/web\/?p=24747\",\"url\":\"https:\/\/seryhumano.com\/web\/?p=24747\",\"name\":\"T\u00f3mate el tiempo que necesites para sanar y empezar de nuevo &#187; SeryHumano.com\",\"isPartOf\":{\"@id\":\"https:\/\/seryhumano.com\/web\/#website\"},\"primaryImageOfPage\":{\"@id\":\"https:\/\/seryhumano.com\/web\/?p=24747#primaryimage\"},\"image\":{\"@id\":\"https:\/\/seryhumano.com\/web\/?p=24747#primaryimage\"},\"thumbnailUrl\":\"https:\/\/seryhumano.com\/web\/wp-content\/uploads\/2017\/01\/sanar-e1483434392691.jpg\",\"datePublished\":\"2017-01-03T09:11:13+00:00\",\"dateModified\":\"2017-01-03T11:45:50+00:00\",\"breadcrumb\":{\"@id\":\"https:\/\/seryhumano.com\/web\/?p=24747#breadcrumb\"},\"inLanguage\":\"es\",\"potentialAction\":[{\"@type\":\"ReadAction\",\"target\":[\"https:\/\/seryhumano.com\/web\/?p=24747\"]}]},{\"@type\":\"ImageObject\",\"inLanguage\":\"es\",\"@id\":\"https:\/\/seryhumano.com\/web\/?p=24747#primaryimage\",\"url\":\"https:\/\/seryhumano.com\/web\/wp-content\/uploads\/2017\/01\/sanar-e1483434392691.jpg\",\"contentUrl\":\"https:\/\/seryhumano.com\/web\/wp-content\/uploads\/2017\/01\/sanar-e1483434392691.jpg\",\"width\":550,\"height\":367},{\"@type\":\"BreadcrumbList\",\"@id\":\"https:\/\/seryhumano.com\/web\/?p=24747#breadcrumb\",\"itemListElement\":[{\"@type\":\"ListItem\",\"position\":1,\"name\":\"Portada\",\"item\":\"https:\/\/seryhumano.com\/web\/\"},{\"@type\":\"ListItem\",\"position\":2,\"name\":\"T\u00f3mate el tiempo que necesites para sanar y empezar de nuevo\"}]},{\"@type\":\"WebSite\",\"@id\":\"https:\/\/seryhumano.com\/web\/#website\",\"url\":\"https:\/\/seryhumano.com\/web\/\",\"name\":\"SeryHumano.com\",\"description\":\"Revista digital muy humana, donde lo mas importante es el Ser...\",\"publisher\":{\"@id\":\"https:\/\/seryhumano.com\/web\/#organization\"},\"potentialAction\":[{\"@type\":\"SearchAction\",\"target\":{\"@type\":\"EntryPoint\",\"urlTemplate\":\"https:\/\/seryhumano.com\/web\/?s={search_term_string}\"},\"query-input\":{\"@type\":\"PropertyValueSpecification\",\"valueRequired\":true,\"valueName\":\"search_term_string\"}}],\"inLanguage\":\"es\"},{\"@type\":\"Organization\",\"@id\":\"https:\/\/seryhumano.com\/web\/#organization\",\"name\":\"SeryHumano.com\",\"url\":\"https:\/\/seryhumano.com\/web\/\",\"logo\":{\"@type\":\"ImageObject\",\"inLanguage\":\"es\",\"@id\":\"https:\/\/seryhumano.com\/web\/#\/schema\/logo\/image\/\",\"url\":\"https:\/\/seryhumano.com\/web\/wp-content\/uploads\/2020\/02\/JNe5VRwH_400x400-2.jpg\",\"contentUrl\":\"https:\/\/seryhumano.com\/web\/wp-content\/uploads\/2020\/02\/JNe5VRwH_400x400-2.jpg\",\"width\":400,\"height\":400,\"caption\":\"SeryHumano.com\"},\"image\":{\"@id\":\"https:\/\/seryhumano.com\/web\/#\/schema\/logo\/image\/\"},\"sameAs\":[\"https:\/\/www.facebook.com\/seryhumano\/\",\"https:\/\/x.com\/SeryHumano\",\"https:\/\/www.instagram.com\/seryhumano\/\",\"https:\/\/www.linkedin.com\/company\/seryhumano-com\/\",\"https:\/\/www.youtube.com\/channel\/UCYfgIGSxygVnJAW0e9ZBZWg\"]},{\"@type\":\"Person\",\"@id\":\"https:\/\/seryhumano.com\/web\/#\/schema\/person\/fd30e8e0b394a62344b44d9b0fe75795\",\"name\":\"@herrera_yosmar\",\"description\":\"Eterna enamorada de la vida, comunicadora, mam\u00e1 de tres\",\"sameAs\":[\"http:\/\/seryhumano.com\"],\"url\":\"https:\/\/seryhumano.com\/web\/?author=2\"}]}<\/script>\n<!-- \/ Yoast SEO plugin. -->","yoast_head_json":{"title":"T\u00f3mate el tiempo que necesites para sanar y empezar de nuevo &#187; SeryHumano.com","robots":{"index":"index","follow":"follow","max-snippet":"max-snippet:-1","max-image-preview":"max-image-preview:large","max-video-preview":"max-video-preview:-1"},"canonical":"https:\/\/seryhumano.com\/web\/?p=24747","og_locale":"es_ES","og_type":"article","og_title":"T\u00f3mate el tiempo que necesites para sanar y empezar de nuevo &#187; SeryHumano.com","og_description":"\u00a0\u201cNada est\u00e1 perdido si se tiene el valor de proclamar que todo est\u00e1 perdido y hay que empezar de nuevo\u201d Julio Cort\u00e1zar En la vida, hay momentos en los que tenemos que comenzar de nuevo, debemos cerrar c\u00edrculos, dejar ir el pasado y disponernos a mirar hacia adelante, por mucho que nos duela. De hecho,&hellip;","og_url":"https:\/\/seryhumano.com\/web\/?p=24747","og_site_name":"SeryHumano.com","article_publisher":"https:\/\/www.facebook.com\/seryhumano\/","article_published_time":"2017-01-03T09:11:13+00:00","article_modified_time":"2017-01-03T11:45:50+00:00","og_image":[{"width":550,"height":367,"url":"https:\/\/seryhumano.com\/web\/wp-content\/uploads\/2017\/01\/sanar-e1483434392691.jpg","type":"image\/jpeg"}],"author":"@herrera_yosmar","twitter_card":"summary_large_image","twitter_creator":"@SeryHumano","twitter_site":"@SeryHumano","twitter_misc":{"Escrito por":"@herrera_yosmar","Tiempo de lectura":"4 minutos"},"schema":{"@context":"https:\/\/schema.org","@graph":[{"@type":"Article","@id":"https:\/\/seryhumano.com\/web\/?p=24747#article","isPartOf":{"@id":"https:\/\/seryhumano.com\/web\/?p=24747"},"author":{"name":"@herrera_yosmar","@id":"https:\/\/seryhumano.com\/web\/#\/schema\/person\/fd30e8e0b394a62344b44d9b0fe75795"},"headline":"T\u00f3mate el tiempo que necesites para sanar y empezar de nuevo","datePublished":"2017-01-03T09:11:13+00:00","dateModified":"2017-01-03T11:45:50+00:00","mainEntityOfPage":{"@id":"https:\/\/seryhumano.com\/web\/?p=24747"},"wordCount":865,"publisher":{"@id":"https:\/\/seryhumano.com\/web\/#organization"},"image":{"@id":"https:\/\/seryhumano.com\/web\/?p=24747#primaryimage"},"thumbnailUrl":"https:\/\/seryhumano.com\/web\/wp-content\/uploads\/2017\/01\/sanar-e1483434392691.jpg","keywords":["Concepto del Proyecto","El Ser y Yo","empezar","heridas","Julio Cort\u00e1zar","Psicolog\u00eda","salud","Sanar","Ser Saludable","tiempo"],"articleSection":["Ser Saludable"],"inLanguage":"es"},{"@type":"WebPage","@id":"https:\/\/seryhumano.com\/web\/?p=24747","url":"https:\/\/seryhumano.com\/web\/?p=24747","name":"T\u00f3mate el tiempo que necesites para sanar y empezar de nuevo &#187; SeryHumano.com","isPartOf":{"@id":"https:\/\/seryhumano.com\/web\/#website"},"primaryImageOfPage":{"@id":"https:\/\/seryhumano.com\/web\/?p=24747#primaryimage"},"image":{"@id":"https:\/\/seryhumano.com\/web\/?p=24747#primaryimage"},"thumbnailUrl":"https:\/\/seryhumano.com\/web\/wp-content\/uploads\/2017\/01\/sanar-e1483434392691.jpg","datePublished":"2017-01-03T09:11:13+00:00","dateModified":"2017-01-03T11:45:50+00:00","breadcrumb":{"@id":"https:\/\/seryhumano.com\/web\/?p=24747#breadcrumb"},"inLanguage":"es","potentialAction":[{"@type":"ReadAction","target":["https:\/\/seryhumano.com\/web\/?p=24747"]}]},{"@type":"ImageObject","inLanguage":"es","@id":"https:\/\/seryhumano.com\/web\/?p=24747#primaryimage","url":"https:\/\/seryhumano.com\/web\/wp-content\/uploads\/2017\/01\/sanar-e1483434392691.jpg","contentUrl":"https:\/\/seryhumano.com\/web\/wp-content\/uploads\/2017\/01\/sanar-e1483434392691.jpg","width":550,"height":367},{"@type":"BreadcrumbList","@id":"https:\/\/seryhumano.com\/web\/?p=24747#breadcrumb","itemListElement":[{"@type":"ListItem","position":1,"name":"Portada","item":"https:\/\/seryhumano.com\/web\/"},{"@type":"ListItem","position":2,"name":"T\u00f3mate el tiempo que necesites para sanar y empezar de nuevo"}]},{"@type":"WebSite","@id":"https:\/\/seryhumano.com\/web\/#website","url":"https:\/\/seryhumano.com\/web\/","name":"SeryHumano.com","description":"Revista digital muy humana, donde lo mas importante es el Ser...","publisher":{"@id":"https:\/\/seryhumano.com\/web\/#organization"},"potentialAction":[{"@type":"SearchAction","target":{"@type":"EntryPoint","urlTemplate":"https:\/\/seryhumano.com\/web\/?s={search_term_string}"},"query-input":{"@type":"PropertyValueSpecification","valueRequired":true,"valueName":"search_term_string"}}],"inLanguage":"es"},{"@type":"Organization","@id":"https:\/\/seryhumano.com\/web\/#organization","name":"SeryHumano.com","url":"https:\/\/seryhumano.com\/web\/","logo":{"@type":"ImageObject","inLanguage":"es","@id":"https:\/\/seryhumano.com\/web\/#\/schema\/logo\/image\/","url":"https:\/\/seryhumano.com\/web\/wp-content\/uploads\/2020\/02\/JNe5VRwH_400x400-2.jpg","contentUrl":"https:\/\/seryhumano.com\/web\/wp-content\/uploads\/2020\/02\/JNe5VRwH_400x400-2.jpg","width":400,"height":400,"caption":"SeryHumano.com"},"image":{"@id":"https:\/\/seryhumano.com\/web\/#\/schema\/logo\/image\/"},"sameAs":["https:\/\/www.facebook.com\/seryhumano\/","https:\/\/x.com\/SeryHumano","https:\/\/www.instagram.com\/seryhumano\/","https:\/\/www.linkedin.com\/company\/seryhumano-com\/","https:\/\/www.youtube.com\/channel\/UCYfgIGSxygVnJAW0e9ZBZWg"]},{"@type":"Person","@id":"https:\/\/seryhumano.com\/web\/#\/schema\/person\/fd30e8e0b394a62344b44d9b0fe75795","name":"@herrera_yosmar","description":"Eterna enamorada de la vida, comunicadora, mam\u00e1 de tres","sameAs":["http:\/\/seryhumano.com"],"url":"https:\/\/seryhumano.com\/web\/?author=2"}]}},"_links":{"self":[{"href":"https:\/\/seryhumano.com\/web\/index.php?rest_route=\/wp\/v2\/posts\/24747","targetHints":{"allow":["GET"]}}],"collection":[{"href":"https:\/\/seryhumano.com\/web\/index.php?rest_route=\/wp\/v2\/posts"}],"about":[{"href":"https:\/\/seryhumano.com\/web\/index.php?rest_route=\/wp\/v2\/types\/post"}],"author":[{"embeddable":true,"href":"https:\/\/seryhumano.com\/web\/index.php?rest_route=\/wp\/v2\/users\/2"}],"replies":[{"embeddable":true,"href":"https:\/\/seryhumano.com\/web\/index.php?rest_route=%2Fwp%2Fv2%2Fcomments&post=24747"}],"version-history":[{"count":0,"href":"https:\/\/seryhumano.com\/web\/index.php?rest_route=\/wp\/v2\/posts\/24747\/revisions"}],"wp:featuredmedia":[{"embeddable":true,"href":"https:\/\/seryhumano.com\/web\/index.php?rest_route=\/wp\/v2\/media\/24748"}],"wp:attachment":[{"href":"https:\/\/seryhumano.com\/web\/index.php?rest_route=%2Fwp%2Fv2%2Fmedia&parent=24747"}],"wp:term":[{"taxonomy":"category","embeddable":true,"href":"https:\/\/seryhumano.com\/web\/index.php?rest_route=%2Fwp%2Fv2%2Fcategories&post=24747"},{"taxonomy":"post_tag","embeddable":true,"href":"https:\/\/seryhumano.com\/web\/index.php?rest_route=%2Fwp%2Fv2%2Ftags&post=24747"}],"curies":[{"name":"wp","href":"https:\/\/api.w.org\/{rel}","templated":true}]}}