{"id":24755,"date":"2017-01-03T05:37:57","date_gmt":"2017-01-03T10:07:57","guid":{"rendered":"https:\/\/seryhumano.com\/web\/?p=24755"},"modified":"2017-01-03T05:50:12","modified_gmt":"2017-01-03T10:20:12","slug":"alemania-produce-la-mitad-energia-traves-energia-solar","status":"publish","type":"post","link":"https:\/\/seryhumano.com\/web\/?p=24755","title":{"rendered":"Alemania produce la mitad de su energ\u00eda a trav\u00e9s de energ\u00eda solar"},"content":{"rendered":"<p><a href=\"https:\/\/seryhumano.com\/web\/alemania-produce-la-mitad-energia-traves-energia-solar\/energia-4\/\" rel=\"attachment wp-att-24756\"><img loading=\"lazy\" decoding=\"async\" class=\"aligncenter size-full wp-image-24756\" src=\"https:\/\/seryhumano.com\/web\/wp-content\/uploads\/2017\/01\/energ\u00eda-e1483437860353.jpg\" alt=\"\" width=\"550\" height=\"279\" \/><\/a><\/p>\n<p>Alemania ha conseguido un nuevo r\u00e9cord: la energ\u00eda solar le aporta el 50.6% de su demanda el\u00e9ctrica. La producci\u00f3n solar alcanz\u00f3 un peak de 23.1GW (gigawatts) y tres d\u00edas antes hab\u00eda estado entre 24.2 GW entre las 1 y las 2 pm. El d\u00eda 9 la demanda fue m\u00e1s baja debido a un feriado nacional, pasando la barrera psicol\u00f3gica del 50%.<\/p>\n<p>El reporte de este logro no ha sido muy exacto en algunos casos. La cobertura ha, a menudo, confundido la demanda el\u00e9ctrica con el consumo total de energ\u00eda. Este consumo incluye la calefacci\u00f3n y los usos industriales de gas natural, aunque ellos hubiesen sido bajos en un feriado con buen clima. Los titulares han implicado en varios casos que el umbral del 50% no fue excedido por s\u00f3lo algunas horas, sino que por m\u00e1s de dos semanas.<\/p>\n<p>Sin embargo, la escala de logro es considerable. Alemania no es un pa\u00eds con clima c\u00e1lido y, de hecho, m\u00e1s del 90% de la poblaci\u00f3n mundial vive en lugares con mejor clima.<\/p>\n<p>Consecuentemente, ha sido la energ\u00eda e\u00f3lica, en vez de la solar, la columna vertebral de la transici\u00f3n energ\u00e9tica de Alemania a fuentes de energ\u00edas renovables y libres de contaminaci\u00f3n.<\/p>\n<p>El cambio la energ\u00eda solar en Alemania no ha sido barata, con \u20ac16 billones de subsidios en 2013. Aun as\u00ed, al crear un nivel de demanda que ha hecho necesario una manufacturaci\u00f3n en masa, Alemania ha jugado un rol crucial en el abaratamiento de costos de los paneles solares en un 80% en s\u00f3lo 5 a\u00f1os. Lo anterior, les ha permitido a otros pa\u00edses seguirle los pasos por una fracci\u00f3n del precio original, particularmente en aquellos lugares donde hay m\u00e1s sol.<\/p>\n<p><a href=\"https:\/\/seryhumano.com\/web\/alemania-produce-la-mitad-energia-traves-energia-solar\/energia-solar\/\" rel=\"attachment wp-att-24757\"><img loading=\"lazy\" decoding=\"async\" class=\"aligncenter size-full wp-image-24757\" src=\"https:\/\/seryhumano.com\/web\/wp-content\/uploads\/2017\/01\/energ\u00eda-solar-e1483437948126.jpg\" alt=\"\" width=\"550\" height=\"413\" \/><\/a><\/p>\n<p>As\u00ed mismo, si bien las etapas iniciales del uso de energ\u00eda e\u00f3lica fueron posibles gracias a subsidios del gobierno, la energ\u00eda solar en Alemania puede competir, en t\u00e9rminos de precio, con combustibles f\u00f3siles. De esta forma, la energ\u00eda solar contin\u00faa expandi\u00e9ndose, aunque a un ritmo un poco m\u00e1s lento que en a\u00f1os anteriores.<\/p>\n<p>La producci\u00f3n de energ\u00eda solar alemana ha subido un 34% en comparaci\u00f3n al a\u00f1o anterior debido no s\u00f3lo al mejor clima, sino que tambi\u00e9n a las nuevas instalaciones. Si bien el clima es impredecible, el incremento de paneles solares asegura que el porcentaje r\u00e9cord de 50% ser\u00e1 conseguido una vez m\u00e1s, y probablemente durante este a\u00f1o.<\/p>\n<p>seryhumano.com \/ Antonia Merino<\/p>\n<p><a href=\"http:\/\/www.accionpreferente.com\/mundo\/alemania-produce-la-mitad-de-su-energia-a-traves-de-energia-solar\/\">accionpreferente.com<\/a><\/p>\n","protected":false},"excerpt":{"rendered":"<p>Alemania ha conseguido un nuevo r\u00e9cord: la energ\u00eda solar le aporta el 50.6% de su demanda el\u00e9ctrica. La producci\u00f3n solar alcanz\u00f3 un peak de 23.1GW (gigawatts) y tres d\u00edas antes hab\u00eda estado entre 24.2 GW entre las 1 y las 2 pm. El d\u00eda 9 la demanda fue m\u00e1s baja debido a un feriado nacional,&hellip;<\/p>\n","protected":false},"author":2,"featured_media":24756,"comment_status":"closed","ping_status":"closed","sticky":false,"template":"","format":"standard","meta":{"footnotes":""},"categories":[116],"tags":[377,1442,2607,1690,2637,618,2636],"class_list":["post-24755","post","type-post","status-publish","format-standard","has-post-thumbnail","hentry","category-ser-ecologico","tag-alemania","tag-ecologia","tag-energia","tag-energia-solar","tag-produce","tag-ser-ecologico","tag-solar","category-116","description-off"],"yoast_head":"<!-- This site is optimized with the Yoast SEO plugin v25.4 - https:\/\/yoast.com\/wordpress\/plugins\/seo\/ -->\n<title>Alemania produce la mitad de su energ\u00eda a trav\u00e9s de energ\u00eda solar &#187; SeryHumano.com<\/title>\n<meta name=\"robots\" content=\"index, follow, max-snippet:-1, max-image-preview:large, max-video-preview:-1\" \/>\n<link rel=\"canonical\" href=\"https:\/\/seryhumano.com\/web\/?p=24755\" \/>\n<meta property=\"og:locale\" content=\"es_ES\" \/>\n<meta property=\"og:type\" content=\"article\" \/>\n<meta property=\"og:title\" content=\"Alemania produce la mitad de su energ\u00eda a trav\u00e9s de energ\u00eda solar &#187; SeryHumano.com\" \/>\n<meta property=\"og:description\" content=\"Alemania ha conseguido un nuevo r\u00e9cord: la energ\u00eda solar le aporta el 50.6% de su demanda el\u00e9ctrica. La producci\u00f3n solar alcanz\u00f3 un peak de 23.1GW (gigawatts) y tres d\u00edas antes hab\u00eda estado entre 24.2 GW entre las 1 y las 2 pm. El d\u00eda 9 la demanda fue m\u00e1s baja debido a un feriado nacional,&hellip;\" \/>\n<meta property=\"og:url\" content=\"https:\/\/seryhumano.com\/web\/?p=24755\" \/>\n<meta property=\"og:site_name\" content=\"SeryHumano.com\" \/>\n<meta property=\"article:publisher\" content=\"https:\/\/www.facebook.com\/seryhumano\/\" \/>\n<meta property=\"article:published_time\" content=\"2017-01-03T10:07:57+00:00\" \/>\n<meta property=\"article:modified_time\" content=\"2017-01-03T10:20:12+00:00\" \/>\n<meta property=\"og:image\" content=\"https:\/\/seryhumano.com\/web\/wp-content\/uploads\/2017\/01\/energ\u00eda-e1483437860353.jpg\" \/>\n\t<meta property=\"og:image:width\" content=\"550\" \/>\n\t<meta property=\"og:image:height\" content=\"279\" \/>\n\t<meta property=\"og:image:type\" content=\"image\/jpeg\" \/>\n<meta name=\"author\" content=\"@herrera_yosmar\" \/>\n<meta name=\"twitter:card\" content=\"summary_large_image\" \/>\n<meta name=\"twitter:creator\" content=\"@SeryHumano\" \/>\n<meta name=\"twitter:site\" content=\"@SeryHumano\" \/>\n<meta name=\"twitter:label1\" content=\"Escrito por\" \/>\n\t<meta name=\"twitter:data1\" content=\"@herrera_yosmar\" \/>\n\t<meta name=\"twitter:label2\" content=\"Tiempo de lectura\" \/>\n\t<meta name=\"twitter:data2\" content=\"2 minutos\" \/>\n<script type=\"application\/ld+json\" class=\"yoast-schema-graph\">{\"@context\":\"https:\/\/schema.org\",\"@graph\":[{\"@type\":\"Article\",\"@id\":\"https:\/\/seryhumano.com\/web\/?p=24755#article\",\"isPartOf\":{\"@id\":\"https:\/\/seryhumano.com\/web\/?p=24755\"},\"author\":{\"name\":\"@herrera_yosmar\",\"@id\":\"https:\/\/seryhumano.com\/web\/#\/schema\/person\/fd30e8e0b394a62344b44d9b0fe75795\"},\"headline\":\"Alemania produce la mitad de su energ\u00eda a trav\u00e9s de energ\u00eda solar\",\"datePublished\":\"2017-01-03T10:07:57+00:00\",\"dateModified\":\"2017-01-03T10:20:12+00:00\",\"mainEntityOfPage\":{\"@id\":\"https:\/\/seryhumano.com\/web\/?p=24755\"},\"wordCount\":446,\"publisher\":{\"@id\":\"https:\/\/seryhumano.com\/web\/#organization\"},\"image\":{\"@id\":\"https:\/\/seryhumano.com\/web\/?p=24755#primaryimage\"},\"thumbnailUrl\":\"https:\/\/seryhumano.com\/web\/wp-content\/uploads\/2017\/01\/energ\u00eda-e1483437860353.jpg\",\"keywords\":[\"Alemania\",\"Ecolog\u00eda\",\"energ\u00eda\",\"Energ\u00eda Solar\",\"produce\",\"Ser Ecol\u00f3gico\",\"Solar\"],\"articleSection\":[\"Ser Ecol\u00f3gico\"],\"inLanguage\":\"es\"},{\"@type\":\"WebPage\",\"@id\":\"https:\/\/seryhumano.com\/web\/?p=24755\",\"url\":\"https:\/\/seryhumano.com\/web\/?p=24755\",\"name\":\"Alemania produce la mitad de su energ\u00eda a trav\u00e9s de energ\u00eda solar &#187; SeryHumano.com\",\"isPartOf\":{\"@id\":\"https:\/\/seryhumano.com\/web\/#website\"},\"primaryImageOfPage\":{\"@id\":\"https:\/\/seryhumano.com\/web\/?p=24755#primaryimage\"},\"image\":{\"@id\":\"https:\/\/seryhumano.com\/web\/?p=24755#primaryimage\"},\"thumbnailUrl\":\"https:\/\/seryhumano.com\/web\/wp-content\/uploads\/2017\/01\/energ\u00eda-e1483437860353.jpg\",\"datePublished\":\"2017-01-03T10:07:57+00:00\",\"dateModified\":\"2017-01-03T10:20:12+00:00\",\"breadcrumb\":{\"@id\":\"https:\/\/seryhumano.com\/web\/?p=24755#breadcrumb\"},\"inLanguage\":\"es\",\"potentialAction\":[{\"@type\":\"ReadAction\",\"target\":[\"https:\/\/seryhumano.com\/web\/?p=24755\"]}]},{\"@type\":\"ImageObject\",\"inLanguage\":\"es\",\"@id\":\"https:\/\/seryhumano.com\/web\/?p=24755#primaryimage\",\"url\":\"https:\/\/seryhumano.com\/web\/wp-content\/uploads\/2017\/01\/energ\u00eda-e1483437860353.jpg\",\"contentUrl\":\"https:\/\/seryhumano.com\/web\/wp-content\/uploads\/2017\/01\/energ\u00eda-e1483437860353.jpg\",\"width\":550,\"height\":279},{\"@type\":\"BreadcrumbList\",\"@id\":\"https:\/\/seryhumano.com\/web\/?p=24755#breadcrumb\",\"itemListElement\":[{\"@type\":\"ListItem\",\"position\":1,\"name\":\"Portada\",\"item\":\"https:\/\/seryhumano.com\/web\/\"},{\"@type\":\"ListItem\",\"position\":2,\"name\":\"Alemania produce la mitad de su energ\u00eda a trav\u00e9s de energ\u00eda solar\"}]},{\"@type\":\"WebSite\",\"@id\":\"https:\/\/seryhumano.com\/web\/#website\",\"url\":\"https:\/\/seryhumano.com\/web\/\",\"name\":\"SeryHumano.com\",\"description\":\"Revista digital muy humana, donde lo mas importante es el Ser...\",\"publisher\":{\"@id\":\"https:\/\/seryhumano.com\/web\/#organization\"},\"potentialAction\":[{\"@type\":\"SearchAction\",\"target\":{\"@type\":\"EntryPoint\",\"urlTemplate\":\"https:\/\/seryhumano.com\/web\/?s={search_term_string}\"},\"query-input\":{\"@type\":\"PropertyValueSpecification\",\"valueRequired\":true,\"valueName\":\"search_term_string\"}}],\"inLanguage\":\"es\"},{\"@type\":\"Organization\",\"@id\":\"https:\/\/seryhumano.com\/web\/#organization\",\"name\":\"SeryHumano.com\",\"url\":\"https:\/\/seryhumano.com\/web\/\",\"logo\":{\"@type\":\"ImageObject\",\"inLanguage\":\"es\",\"@id\":\"https:\/\/seryhumano.com\/web\/#\/schema\/logo\/image\/\",\"url\":\"https:\/\/seryhumano.com\/web\/wp-content\/uploads\/2020\/02\/JNe5VRwH_400x400-2.jpg\",\"contentUrl\":\"https:\/\/seryhumano.com\/web\/wp-content\/uploads\/2020\/02\/JNe5VRwH_400x400-2.jpg\",\"width\":400,\"height\":400,\"caption\":\"SeryHumano.com\"},\"image\":{\"@id\":\"https:\/\/seryhumano.com\/web\/#\/schema\/logo\/image\/\"},\"sameAs\":[\"https:\/\/www.facebook.com\/seryhumano\/\",\"https:\/\/x.com\/SeryHumano\",\"https:\/\/www.instagram.com\/seryhumano\/\",\"https:\/\/www.linkedin.com\/company\/seryhumano-com\/\",\"https:\/\/www.youtube.com\/channel\/UCYfgIGSxygVnJAW0e9ZBZWg\"]},{\"@type\":\"Person\",\"@id\":\"https:\/\/seryhumano.com\/web\/#\/schema\/person\/fd30e8e0b394a62344b44d9b0fe75795\",\"name\":\"@herrera_yosmar\",\"description\":\"Eterna enamorada de la vida, comunicadora, mam\u00e1 de tres\",\"sameAs\":[\"http:\/\/seryhumano.com\"],\"url\":\"https:\/\/seryhumano.com\/web\/?author=2\"}]}<\/script>\n<!-- \/ Yoast SEO plugin. -->","yoast_head_json":{"title":"Alemania produce la mitad de su energ\u00eda a trav\u00e9s de energ\u00eda solar &#187; SeryHumano.com","robots":{"index":"index","follow":"follow","max-snippet":"max-snippet:-1","max-image-preview":"max-image-preview:large","max-video-preview":"max-video-preview:-1"},"canonical":"https:\/\/seryhumano.com\/web\/?p=24755","og_locale":"es_ES","og_type":"article","og_title":"Alemania produce la mitad de su energ\u00eda a trav\u00e9s de energ\u00eda solar &#187; SeryHumano.com","og_description":"Alemania ha conseguido un nuevo r\u00e9cord: la energ\u00eda solar le aporta el 50.6% de su demanda el\u00e9ctrica. La producci\u00f3n solar alcanz\u00f3 un peak de 23.1GW (gigawatts) y tres d\u00edas antes hab\u00eda estado entre 24.2 GW entre las 1 y las 2 pm. El d\u00eda 9 la demanda fue m\u00e1s baja debido a un feriado nacional,&hellip;","og_url":"https:\/\/seryhumano.com\/web\/?p=24755","og_site_name":"SeryHumano.com","article_publisher":"https:\/\/www.facebook.com\/seryhumano\/","article_published_time":"2017-01-03T10:07:57+00:00","article_modified_time":"2017-01-03T10:20:12+00:00","og_image":[{"width":550,"height":279,"url":"https:\/\/seryhumano.com\/web\/wp-content\/uploads\/2017\/01\/energ\u00eda-e1483437860353.jpg","type":"image\/jpeg"}],"author":"@herrera_yosmar","twitter_card":"summary_large_image","twitter_creator":"@SeryHumano","twitter_site":"@SeryHumano","twitter_misc":{"Escrito por":"@herrera_yosmar","Tiempo de lectura":"2 minutos"},"schema":{"@context":"https:\/\/schema.org","@graph":[{"@type":"Article","@id":"https:\/\/seryhumano.com\/web\/?p=24755#article","isPartOf":{"@id":"https:\/\/seryhumano.com\/web\/?p=24755"},"author":{"name":"@herrera_yosmar","@id":"https:\/\/seryhumano.com\/web\/#\/schema\/person\/fd30e8e0b394a62344b44d9b0fe75795"},"headline":"Alemania produce la mitad de su energ\u00eda a trav\u00e9s de energ\u00eda solar","datePublished":"2017-01-03T10:07:57+00:00","dateModified":"2017-01-03T10:20:12+00:00","mainEntityOfPage":{"@id":"https:\/\/seryhumano.com\/web\/?p=24755"},"wordCount":446,"publisher":{"@id":"https:\/\/seryhumano.com\/web\/#organization"},"image":{"@id":"https:\/\/seryhumano.com\/web\/?p=24755#primaryimage"},"thumbnailUrl":"https:\/\/seryhumano.com\/web\/wp-content\/uploads\/2017\/01\/energ\u00eda-e1483437860353.jpg","keywords":["Alemania","Ecolog\u00eda","energ\u00eda","Energ\u00eda Solar","produce","Ser Ecol\u00f3gico","Solar"],"articleSection":["Ser Ecol\u00f3gico"],"inLanguage":"es"},{"@type":"WebPage","@id":"https:\/\/seryhumano.com\/web\/?p=24755","url":"https:\/\/seryhumano.com\/web\/?p=24755","name":"Alemania produce la mitad de su energ\u00eda a trav\u00e9s de energ\u00eda solar &#187; SeryHumano.com","isPartOf":{"@id":"https:\/\/seryhumano.com\/web\/#website"},"primaryImageOfPage":{"@id":"https:\/\/seryhumano.com\/web\/?p=24755#primaryimage"},"image":{"@id":"https:\/\/seryhumano.com\/web\/?p=24755#primaryimage"},"thumbnailUrl":"https:\/\/seryhumano.com\/web\/wp-content\/uploads\/2017\/01\/energ\u00eda-e1483437860353.jpg","datePublished":"2017-01-03T10:07:57+00:00","dateModified":"2017-01-03T10:20:12+00:00","breadcrumb":{"@id":"https:\/\/seryhumano.com\/web\/?p=24755#breadcrumb"},"inLanguage":"es","potentialAction":[{"@type":"ReadAction","target":["https:\/\/seryhumano.com\/web\/?p=24755"]}]},{"@type":"ImageObject","inLanguage":"es","@id":"https:\/\/seryhumano.com\/web\/?p=24755#primaryimage","url":"https:\/\/seryhumano.com\/web\/wp-content\/uploads\/2017\/01\/energ\u00eda-e1483437860353.jpg","contentUrl":"https:\/\/seryhumano.com\/web\/wp-content\/uploads\/2017\/01\/energ\u00eda-e1483437860353.jpg","width":550,"height":279},{"@type":"BreadcrumbList","@id":"https:\/\/seryhumano.com\/web\/?p=24755#breadcrumb","itemListElement":[{"@type":"ListItem","position":1,"name":"Portada","item":"https:\/\/seryhumano.com\/web\/"},{"@type":"ListItem","position":2,"name":"Alemania produce la mitad de su energ\u00eda a trav\u00e9s de energ\u00eda solar"}]},{"@type":"WebSite","@id":"https:\/\/seryhumano.com\/web\/#website","url":"https:\/\/seryhumano.com\/web\/","name":"SeryHumano.com","description":"Revista digital muy humana, donde lo mas importante es el Ser...","publisher":{"@id":"https:\/\/seryhumano.com\/web\/#organization"},"potentialAction":[{"@type":"SearchAction","target":{"@type":"EntryPoint","urlTemplate":"https:\/\/seryhumano.com\/web\/?s={search_term_string}"},"query-input":{"@type":"PropertyValueSpecification","valueRequired":true,"valueName":"search_term_string"}}],"inLanguage":"es"},{"@type":"Organization","@id":"https:\/\/seryhumano.com\/web\/#organization","name":"SeryHumano.com","url":"https:\/\/seryhumano.com\/web\/","logo":{"@type":"ImageObject","inLanguage":"es","@id":"https:\/\/seryhumano.com\/web\/#\/schema\/logo\/image\/","url":"https:\/\/seryhumano.com\/web\/wp-content\/uploads\/2020\/02\/JNe5VRwH_400x400-2.jpg","contentUrl":"https:\/\/seryhumano.com\/web\/wp-content\/uploads\/2020\/02\/JNe5VRwH_400x400-2.jpg","width":400,"height":400,"caption":"SeryHumano.com"},"image":{"@id":"https:\/\/seryhumano.com\/web\/#\/schema\/logo\/image\/"},"sameAs":["https:\/\/www.facebook.com\/seryhumano\/","https:\/\/x.com\/SeryHumano","https:\/\/www.instagram.com\/seryhumano\/","https:\/\/www.linkedin.com\/company\/seryhumano-com\/","https:\/\/www.youtube.com\/channel\/UCYfgIGSxygVnJAW0e9ZBZWg"]},{"@type":"Person","@id":"https:\/\/seryhumano.com\/web\/#\/schema\/person\/fd30e8e0b394a62344b44d9b0fe75795","name":"@herrera_yosmar","description":"Eterna enamorada de la vida, comunicadora, mam\u00e1 de tres","sameAs":["http:\/\/seryhumano.com"],"url":"https:\/\/seryhumano.com\/web\/?author=2"}]}},"_links":{"self":[{"href":"https:\/\/seryhumano.com\/web\/index.php?rest_route=\/wp\/v2\/posts\/24755","targetHints":{"allow":["GET"]}}],"collection":[{"href":"https:\/\/seryhumano.com\/web\/index.php?rest_route=\/wp\/v2\/posts"}],"about":[{"href":"https:\/\/seryhumano.com\/web\/index.php?rest_route=\/wp\/v2\/types\/post"}],"author":[{"embeddable":true,"href":"https:\/\/seryhumano.com\/web\/index.php?rest_route=\/wp\/v2\/users\/2"}],"replies":[{"embeddable":true,"href":"https:\/\/seryhumano.com\/web\/index.php?rest_route=%2Fwp%2Fv2%2Fcomments&post=24755"}],"version-history":[{"count":0,"href":"https:\/\/seryhumano.com\/web\/index.php?rest_route=\/wp\/v2\/posts\/24755\/revisions"}],"wp:featuredmedia":[{"embeddable":true,"href":"https:\/\/seryhumano.com\/web\/index.php?rest_route=\/wp\/v2\/media\/24756"}],"wp:attachment":[{"href":"https:\/\/seryhumano.com\/web\/index.php?rest_route=%2Fwp%2Fv2%2Fmedia&parent=24755"}],"wp:term":[{"taxonomy":"category","embeddable":true,"href":"https:\/\/seryhumano.com\/web\/index.php?rest_route=%2Fwp%2Fv2%2Fcategories&post=24755"},{"taxonomy":"post_tag","embeddable":true,"href":"https:\/\/seryhumano.com\/web\/index.php?rest_route=%2Fwp%2Fv2%2Ftags&post=24755"}],"curies":[{"name":"wp","href":"https:\/\/api.w.org\/{rel}","templated":true}]}}