{"id":25487,"date":"2017-04-30T08:10:12","date_gmt":"2017-04-30T12:40:12","guid":{"rendered":"https:\/\/seryhumano.com\/web\/?p=25487"},"modified":"2017-04-30T08:17:20","modified_gmt":"2017-04-30T12:47:20","slug":"jefe-ideal-los-millennials","status":"publish","type":"post","link":"https:\/\/seryhumano.com\/web\/?p=25487","title":{"rendered":"\u00bfC\u00f3mo es el jefe ideal para los millennials?"},"content":{"rendered":"<p style=\"text-align: center;\"><strong>Los millennials han dejado atr\u00e1s el modelo del jefe gru\u00f1\u00f3n. Actualmente buscan uno que mantenga una relaci\u00f3n de amistad con ellos que vaya m\u00e1s all\u00e1 de la oficina<\/strong><\/p>\n<p><a href=\"https:\/\/seryhumano.com\/web\/jefe-ideal-los-millennials\/millennials1\/\" rel=\"attachment wp-att-25488\"><img loading=\"lazy\" decoding=\"async\" class=\"aligncenter size-full wp-image-25488\" src=\"https:\/\/seryhumano.com\/web\/wp-content\/uploads\/2017\/04\/millennials1-e1493555745405.jpg\" alt=\"\" width=\"550\" height=\"367\" \/><\/a><\/p>\n<p>El estereotipo del jefe gru\u00f1\u00f3n ha desaparecido desde que la generaci\u00f3n millennial se ha infiltrado dentro del campo laboral.<\/p>\n<p>Hoy, los j\u00f3venes nacidos entre 1983 y 1995 buscan l\u00edderes que sean capaces de entablar una relaci\u00f3n de amistad con ellos, que los impulsen, sea flexibles y los inspiren dentro y fuera de la oficina, de acuerdo con un estudio realizado por la firma de reclutamiento Hays.<\/p>\n<p>\u201c<em>Debemos hacer un equipo entre todos, unos tienen la experiencia y el colmillo, y nosotros traemos la habilidades y las tecnolog\u00edas<\/em>\u201d, manifiesta un joven de 27 a\u00f1os.<\/p>\n<p>Este cambio sin duda tiende a beneficiar a las empresas, ya que de acuerdo con el estudio, dentro de los pr\u00f3ximos 10 a\u00f1os, esta generaci\u00f3n abarcar\u00e1 el 70% de la poblaci\u00f3n econ\u00f3micamente activa.<\/p>\n<p>Lamentablemente, 52% de las compa\u00f1\u00edas en M\u00e9xico no posee las estrategias necesarias para atraer y retener a esta generaci\u00f3n que se caracteriza por su notable impaciencia al momento de generar cambios dentro de la forma tradicional de laborar.<\/p>\n<p>\u201c<em>El cambio y la flexibilidad de una empresa para atraer y retener a la generaci\u00f3n millennial, viene desde arriba. Si los directivos que est\u00e1n liderando empresas, no son impulsores de este cambio, la empresa no va a cambiar<\/em>\u201d, apunta Mara Ballesteros, manager de la divisi\u00f3n de ventas y mercadotecnia de la firma de reclutamiento de personal.<\/p>\n<p><strong>Miedo a una generaci\u00f3n impaciente y ambiciosa<\/strong><\/p>\n<p>Se estima que 48% de esta generaci\u00f3n busca formar su propia empresa con ayuda de la experiencia adquirida en su lugar de trabajo, para despu\u00e9s independizarse y competir incluso con sus jefes actuales.<\/p>\n<p>He ah\u00ed una de las problem\u00e1ticas a las que se enfrentan, ya que seg\u00fan han externado sus jefes \u2014acostumbrados a la forma tradicional de operar\u2014,\u00a0 tener \u201c<em>miedo<\/em>\u201d, puesto que estos j\u00f3venes son capaces de \u201c<em>absorber<\/em>\u201d el conocimiento, y se visualizan como directivos de una empresa dentro de los pr\u00f3ximos 10 a\u00f1os.<\/p>\n<p>\u201c<em>Gran parte de la falta de esta generaci\u00f3n es que queremos y buscamos todo. Si no lo tenemos en una empresa nos vamos a otra, y si tampoco lo encontramos, nos volvemos a la siguiente<\/em>\u201d, menciona uno de los encuestados por Hays.<\/p>\n<p>Sin embargo, existen compa\u00f1\u00edas, entre las que destacan las del sector tecnol\u00f3gico, que apuestan por ellos, y consideran que esta oleada de j\u00f3venes \u201c<em>tienen resistencia al cambio y traen la mejor disposici\u00f3n del mundo<\/em>\u201d. Hoy en d\u00eda, m\u00e1s de la mitad de todas las empresas en este sector tienen en su plantilla un alto porcentaje de trabajadores millenials, que va de 40% a 80%.<\/p>\n<p>\u201c<em>Tienen una capacidad de aprendizaje muy alta que empuja a otras generaciones e inyecta energ\u00eda para seguir evolucionando en la organizaci\u00f3n y generar sinergias<\/em>\u201d, se\u00f1ala Christian Jaramillo, director de recursos humanos de CompuCom, M\u00e9xico y Costa Rica.<\/p>\n<p><strong><a href=\"https:\/\/seryhumano.com\/web\/jefe-ideal-los-millennials\/millennials\/\" rel=\"attachment wp-att-25490\"><img loading=\"lazy\" decoding=\"async\" class=\"aligncenter size-full wp-image-25490\" src=\"https:\/\/seryhumano.com\/web\/wp-content\/uploads\/2017\/04\/millennials-e1493555885512.jpg\" alt=\"\" width=\"550\" height=\"825\" \/><\/a><\/strong><\/p>\n<p><strong>Recomendaciones de Hays para las empresas<\/strong><\/p>\n<ul>\n<li><strong>Adaptarse y flexibilizarse en su forma de pensar<\/strong>. Necesitan verlos como una generaci\u00f3n que aporta nuevas ideas, sobre todo en la parte tecnol\u00f3gica y en la forma de hacer negocios.<\/li>\n<li><strong>Promover la convivencia entre jefes y trabajadores<\/strong>. Se recomienda que los primeros dediquen cierto tiempo a conocer m\u00e1s a sus empleados, que conozcan a la persona que se encuentra detr\u00e1s del uniforme.<\/li>\n<li><strong>Necesitan crear planes de carrera acelerados<\/strong>. No necesariamente aumentos de salarios, pero s\u00ed rotarles en diferentes \u00e1reas, asignarles nuevos proyectos, as\u00ed como delegar responsabilidades de mayor peso sobre ellos.<\/li>\n<li><strong>Crear grupos de trabajo multigeneracionales<\/strong>. Las empresas necesitan generar la convivencia entre los distintos grupos generacionales.<\/li>\n<li><strong>El cambio debe de venir de arriba<\/strong>. Los directivos deben de romper con la forma tradicional de operar dentro de la empresa. Esta generaci\u00f3n tiende a buscar lugares donde puedan aportar sus ideas y ser reconocidos por ello. De lo contrario, \u00e9stos buscar\u00e1n una mejor opci\u00f3n.<\/li>\n<\/ul>\n<p>seryhumano.com \/ Jorge Estrada<\/p>\n<p><a href=\"https:\/\/www.forbes.com.mx\/jefe-ideal-los-millennials\/\">forbes.com.mx<\/a><\/p>\n","protected":false},"excerpt":{"rendered":"<p>Los millennials han dejado atr\u00e1s el modelo del jefe gru\u00f1\u00f3n. Actualmente buscan uno que mantenga una relaci\u00f3n de amistad con ellos que vaya m\u00e1s all\u00e1 de la oficina El estereotipo del jefe gru\u00f1\u00f3n ha desaparecido desde que la generaci\u00f3n millennial se ha infiltrado dentro del campo laboral. Hoy, los j\u00f3venes nacidos entre 1983 y 1995&hellip;<\/p>\n","protected":false},"author":2,"featured_media":25488,"comment_status":"closed","ping_status":"closed","sticky":false,"template":"","format":"standard","meta":{"footnotes":""},"categories":[127],"tags":[234,3064,3066,143,2946,3065,1934,2994,2246,1591,3063,381,386],"class_list":["post-25487","post","type-post","status-publish","format-standard","has-post-thumbnail","hentry","category-corporativo","tag-actitud","tag-ambion","tag-campo-laboral","tag-concepto-del-proyecto","tag-empleados","tag-generacion","tag-jefe","tag-jovenes","tag-lider","tag-lideres","tag-milllennials","tag-ser-corporativo","tag-trabajo","category-127","description-off"],"yoast_head":"<!-- This site is optimized with the Yoast SEO plugin v25.4 - https:\/\/yoast.com\/wordpress\/plugins\/seo\/ -->\n<title>\u00bfC\u00f3mo es el jefe ideal para los millennials? &#187; SeryHumano.com<\/title>\n<meta name=\"robots\" content=\"index, follow, max-snippet:-1, max-image-preview:large, max-video-preview:-1\" \/>\n<link rel=\"canonical\" href=\"https:\/\/seryhumano.com\/web\/?p=25487\" \/>\n<meta property=\"og:locale\" content=\"es_ES\" \/>\n<meta property=\"og:type\" content=\"article\" \/>\n<meta property=\"og:title\" content=\"\u00bfC\u00f3mo es el jefe ideal para los millennials? &#187; SeryHumano.com\" \/>\n<meta property=\"og:description\" content=\"Los millennials han dejado atr\u00e1s el modelo del jefe gru\u00f1\u00f3n. Actualmente buscan uno que mantenga una relaci\u00f3n de amistad con ellos que vaya m\u00e1s all\u00e1 de la oficina El estereotipo del jefe gru\u00f1\u00f3n ha desaparecido desde que la generaci\u00f3n millennial se ha infiltrado dentro del campo laboral. Hoy, los j\u00f3venes nacidos entre 1983 y 1995&hellip;\" \/>\n<meta property=\"og:url\" content=\"https:\/\/seryhumano.com\/web\/?p=25487\" \/>\n<meta property=\"og:site_name\" content=\"SeryHumano.com\" \/>\n<meta property=\"article:publisher\" content=\"https:\/\/www.facebook.com\/seryhumano\/\" \/>\n<meta property=\"article:published_time\" content=\"2017-04-30T12:40:12+00:00\" \/>\n<meta property=\"article:modified_time\" content=\"2017-04-30T12:47:20+00:00\" \/>\n<meta property=\"og:image\" content=\"https:\/\/seryhumano.com\/web\/wp-content\/uploads\/2017\/04\/millennials1-e1493555745405.jpg\" \/>\n\t<meta property=\"og:image:width\" content=\"550\" \/>\n\t<meta property=\"og:image:height\" content=\"367\" \/>\n\t<meta property=\"og:image:type\" content=\"image\/jpeg\" \/>\n<meta name=\"author\" content=\"@herrera_yosmar\" \/>\n<meta name=\"twitter:card\" content=\"summary_large_image\" \/>\n<meta name=\"twitter:creator\" content=\"@SeryHumano\" \/>\n<meta name=\"twitter:site\" content=\"@SeryHumano\" \/>\n<meta name=\"twitter:label1\" content=\"Escrito por\" \/>\n\t<meta name=\"twitter:data1\" content=\"@herrera_yosmar\" \/>\n\t<meta name=\"twitter:label2\" content=\"Tiempo de lectura\" \/>\n\t<meta name=\"twitter:data2\" content=\"3 minutos\" \/>\n<script type=\"application\/ld+json\" class=\"yoast-schema-graph\">{\"@context\":\"https:\/\/schema.org\",\"@graph\":[{\"@type\":\"Article\",\"@id\":\"https:\/\/seryhumano.com\/web\/?p=25487#article\",\"isPartOf\":{\"@id\":\"https:\/\/seryhumano.com\/web\/?p=25487\"},\"author\":{\"name\":\"@herrera_yosmar\",\"@id\":\"https:\/\/seryhumano.com\/web\/#\/schema\/person\/fd30e8e0b394a62344b44d9b0fe75795\"},\"headline\":\"\u00bfC\u00f3mo es el jefe ideal para los millennials?\",\"datePublished\":\"2017-04-30T12:40:12+00:00\",\"dateModified\":\"2017-04-30T12:47:20+00:00\",\"mainEntityOfPage\":{\"@id\":\"https:\/\/seryhumano.com\/web\/?p=25487\"},\"wordCount\":695,\"publisher\":{\"@id\":\"https:\/\/seryhumano.com\/web\/#organization\"},\"image\":{\"@id\":\"https:\/\/seryhumano.com\/web\/?p=25487#primaryimage\"},\"thumbnailUrl\":\"https:\/\/seryhumano.com\/web\/wp-content\/uploads\/2017\/04\/millennials1-e1493555745405.jpg\",\"keywords\":[\"actitud\",\"Ambi\u00f3n\",\"Campo Laboral\",\"Concepto del Proyecto\",\"Empleados\",\"Generaci\u00f3n\",\"Jefe\",\"J\u00f3venes\",\"L\u00edder\",\"l\u00edderes\",\"Milllennials\",\"Ser Corporativo\",\"trabajo\"],\"articleSection\":[\"Ser Corporativo\"],\"inLanguage\":\"es\"},{\"@type\":\"WebPage\",\"@id\":\"https:\/\/seryhumano.com\/web\/?p=25487\",\"url\":\"https:\/\/seryhumano.com\/web\/?p=25487\",\"name\":\"\u00bfC\u00f3mo es el jefe ideal para los millennials? &#187; SeryHumano.com\",\"isPartOf\":{\"@id\":\"https:\/\/seryhumano.com\/web\/#website\"},\"primaryImageOfPage\":{\"@id\":\"https:\/\/seryhumano.com\/web\/?p=25487#primaryimage\"},\"image\":{\"@id\":\"https:\/\/seryhumano.com\/web\/?p=25487#primaryimage\"},\"thumbnailUrl\":\"https:\/\/seryhumano.com\/web\/wp-content\/uploads\/2017\/04\/millennials1-e1493555745405.jpg\",\"datePublished\":\"2017-04-30T12:40:12+00:00\",\"dateModified\":\"2017-04-30T12:47:20+00:00\",\"breadcrumb\":{\"@id\":\"https:\/\/seryhumano.com\/web\/?p=25487#breadcrumb\"},\"inLanguage\":\"es\",\"potentialAction\":[{\"@type\":\"ReadAction\",\"target\":[\"https:\/\/seryhumano.com\/web\/?p=25487\"]}]},{\"@type\":\"ImageObject\",\"inLanguage\":\"es\",\"@id\":\"https:\/\/seryhumano.com\/web\/?p=25487#primaryimage\",\"url\":\"https:\/\/seryhumano.com\/web\/wp-content\/uploads\/2017\/04\/millennials1-e1493555745405.jpg\",\"contentUrl\":\"https:\/\/seryhumano.com\/web\/wp-content\/uploads\/2017\/04\/millennials1-e1493555745405.jpg\",\"width\":550,\"height\":367},{\"@type\":\"BreadcrumbList\",\"@id\":\"https:\/\/seryhumano.com\/web\/?p=25487#breadcrumb\",\"itemListElement\":[{\"@type\":\"ListItem\",\"position\":1,\"name\":\"Portada\",\"item\":\"https:\/\/seryhumano.com\/web\/\"},{\"@type\":\"ListItem\",\"position\":2,\"name\":\"\u00bfC\u00f3mo es el jefe ideal para los millennials?\"}]},{\"@type\":\"WebSite\",\"@id\":\"https:\/\/seryhumano.com\/web\/#website\",\"url\":\"https:\/\/seryhumano.com\/web\/\",\"name\":\"SeryHumano.com\",\"description\":\"Revista digital muy humana, donde lo mas importante es el Ser...\",\"publisher\":{\"@id\":\"https:\/\/seryhumano.com\/web\/#organization\"},\"potentialAction\":[{\"@type\":\"SearchAction\",\"target\":{\"@type\":\"EntryPoint\",\"urlTemplate\":\"https:\/\/seryhumano.com\/web\/?s={search_term_string}\"},\"query-input\":{\"@type\":\"PropertyValueSpecification\",\"valueRequired\":true,\"valueName\":\"search_term_string\"}}],\"inLanguage\":\"es\"},{\"@type\":\"Organization\",\"@id\":\"https:\/\/seryhumano.com\/web\/#organization\",\"name\":\"SeryHumano.com\",\"url\":\"https:\/\/seryhumano.com\/web\/\",\"logo\":{\"@type\":\"ImageObject\",\"inLanguage\":\"es\",\"@id\":\"https:\/\/seryhumano.com\/web\/#\/schema\/logo\/image\/\",\"url\":\"https:\/\/seryhumano.com\/web\/wp-content\/uploads\/2020\/02\/JNe5VRwH_400x400-2.jpg\",\"contentUrl\":\"https:\/\/seryhumano.com\/web\/wp-content\/uploads\/2020\/02\/JNe5VRwH_400x400-2.jpg\",\"width\":400,\"height\":400,\"caption\":\"SeryHumano.com\"},\"image\":{\"@id\":\"https:\/\/seryhumano.com\/web\/#\/schema\/logo\/image\/\"},\"sameAs\":[\"https:\/\/www.facebook.com\/seryhumano\/\",\"https:\/\/x.com\/SeryHumano\",\"https:\/\/www.instagram.com\/seryhumano\/\",\"https:\/\/www.linkedin.com\/company\/seryhumano-com\/\",\"https:\/\/www.youtube.com\/channel\/UCYfgIGSxygVnJAW0e9ZBZWg\"]},{\"@type\":\"Person\",\"@id\":\"https:\/\/seryhumano.com\/web\/#\/schema\/person\/fd30e8e0b394a62344b44d9b0fe75795\",\"name\":\"@herrera_yosmar\",\"description\":\"Eterna enamorada de la vida, comunicadora, mam\u00e1 de tres\",\"sameAs\":[\"http:\/\/seryhumano.com\"],\"url\":\"https:\/\/seryhumano.com\/web\/?author=2\"}]}<\/script>\n<!-- \/ Yoast SEO plugin. -->","yoast_head_json":{"title":"\u00bfC\u00f3mo es el jefe ideal para los millennials? &#187; SeryHumano.com","robots":{"index":"index","follow":"follow","max-snippet":"max-snippet:-1","max-image-preview":"max-image-preview:large","max-video-preview":"max-video-preview:-1"},"canonical":"https:\/\/seryhumano.com\/web\/?p=25487","og_locale":"es_ES","og_type":"article","og_title":"\u00bfC\u00f3mo es el jefe ideal para los millennials? &#187; SeryHumano.com","og_description":"Los millennials han dejado atr\u00e1s el modelo del jefe gru\u00f1\u00f3n. Actualmente buscan uno que mantenga una relaci\u00f3n de amistad con ellos que vaya m\u00e1s all\u00e1 de la oficina El estereotipo del jefe gru\u00f1\u00f3n ha desaparecido desde que la generaci\u00f3n millennial se ha infiltrado dentro del campo laboral. Hoy, los j\u00f3venes nacidos entre 1983 y 1995&hellip;","og_url":"https:\/\/seryhumano.com\/web\/?p=25487","og_site_name":"SeryHumano.com","article_publisher":"https:\/\/www.facebook.com\/seryhumano\/","article_published_time":"2017-04-30T12:40:12+00:00","article_modified_time":"2017-04-30T12:47:20+00:00","og_image":[{"width":550,"height":367,"url":"https:\/\/seryhumano.com\/web\/wp-content\/uploads\/2017\/04\/millennials1-e1493555745405.jpg","type":"image\/jpeg"}],"author":"@herrera_yosmar","twitter_card":"summary_large_image","twitter_creator":"@SeryHumano","twitter_site":"@SeryHumano","twitter_misc":{"Escrito por":"@herrera_yosmar","Tiempo de lectura":"3 minutos"},"schema":{"@context":"https:\/\/schema.org","@graph":[{"@type":"Article","@id":"https:\/\/seryhumano.com\/web\/?p=25487#article","isPartOf":{"@id":"https:\/\/seryhumano.com\/web\/?p=25487"},"author":{"name":"@herrera_yosmar","@id":"https:\/\/seryhumano.com\/web\/#\/schema\/person\/fd30e8e0b394a62344b44d9b0fe75795"},"headline":"\u00bfC\u00f3mo es el jefe ideal para los millennials?","datePublished":"2017-04-30T12:40:12+00:00","dateModified":"2017-04-30T12:47:20+00:00","mainEntityOfPage":{"@id":"https:\/\/seryhumano.com\/web\/?p=25487"},"wordCount":695,"publisher":{"@id":"https:\/\/seryhumano.com\/web\/#organization"},"image":{"@id":"https:\/\/seryhumano.com\/web\/?p=25487#primaryimage"},"thumbnailUrl":"https:\/\/seryhumano.com\/web\/wp-content\/uploads\/2017\/04\/millennials1-e1493555745405.jpg","keywords":["actitud","Ambi\u00f3n","Campo Laboral","Concepto del Proyecto","Empleados","Generaci\u00f3n","Jefe","J\u00f3venes","L\u00edder","l\u00edderes","Milllennials","Ser Corporativo","trabajo"],"articleSection":["Ser Corporativo"],"inLanguage":"es"},{"@type":"WebPage","@id":"https:\/\/seryhumano.com\/web\/?p=25487","url":"https:\/\/seryhumano.com\/web\/?p=25487","name":"\u00bfC\u00f3mo es el jefe ideal para los millennials? &#187; SeryHumano.com","isPartOf":{"@id":"https:\/\/seryhumano.com\/web\/#website"},"primaryImageOfPage":{"@id":"https:\/\/seryhumano.com\/web\/?p=25487#primaryimage"},"image":{"@id":"https:\/\/seryhumano.com\/web\/?p=25487#primaryimage"},"thumbnailUrl":"https:\/\/seryhumano.com\/web\/wp-content\/uploads\/2017\/04\/millennials1-e1493555745405.jpg","datePublished":"2017-04-30T12:40:12+00:00","dateModified":"2017-04-30T12:47:20+00:00","breadcrumb":{"@id":"https:\/\/seryhumano.com\/web\/?p=25487#breadcrumb"},"inLanguage":"es","potentialAction":[{"@type":"ReadAction","target":["https:\/\/seryhumano.com\/web\/?p=25487"]}]},{"@type":"ImageObject","inLanguage":"es","@id":"https:\/\/seryhumano.com\/web\/?p=25487#primaryimage","url":"https:\/\/seryhumano.com\/web\/wp-content\/uploads\/2017\/04\/millennials1-e1493555745405.jpg","contentUrl":"https:\/\/seryhumano.com\/web\/wp-content\/uploads\/2017\/04\/millennials1-e1493555745405.jpg","width":550,"height":367},{"@type":"BreadcrumbList","@id":"https:\/\/seryhumano.com\/web\/?p=25487#breadcrumb","itemListElement":[{"@type":"ListItem","position":1,"name":"Portada","item":"https:\/\/seryhumano.com\/web\/"},{"@type":"ListItem","position":2,"name":"\u00bfC\u00f3mo es el jefe ideal para los millennials?"}]},{"@type":"WebSite","@id":"https:\/\/seryhumano.com\/web\/#website","url":"https:\/\/seryhumano.com\/web\/","name":"SeryHumano.com","description":"Revista digital muy humana, donde lo mas importante es el Ser...","publisher":{"@id":"https:\/\/seryhumano.com\/web\/#organization"},"potentialAction":[{"@type":"SearchAction","target":{"@type":"EntryPoint","urlTemplate":"https:\/\/seryhumano.com\/web\/?s={search_term_string}"},"query-input":{"@type":"PropertyValueSpecification","valueRequired":true,"valueName":"search_term_string"}}],"inLanguage":"es"},{"@type":"Organization","@id":"https:\/\/seryhumano.com\/web\/#organization","name":"SeryHumano.com","url":"https:\/\/seryhumano.com\/web\/","logo":{"@type":"ImageObject","inLanguage":"es","@id":"https:\/\/seryhumano.com\/web\/#\/schema\/logo\/image\/","url":"https:\/\/seryhumano.com\/web\/wp-content\/uploads\/2020\/02\/JNe5VRwH_400x400-2.jpg","contentUrl":"https:\/\/seryhumano.com\/web\/wp-content\/uploads\/2020\/02\/JNe5VRwH_400x400-2.jpg","width":400,"height":400,"caption":"SeryHumano.com"},"image":{"@id":"https:\/\/seryhumano.com\/web\/#\/schema\/logo\/image\/"},"sameAs":["https:\/\/www.facebook.com\/seryhumano\/","https:\/\/x.com\/SeryHumano","https:\/\/www.instagram.com\/seryhumano\/","https:\/\/www.linkedin.com\/company\/seryhumano-com\/","https:\/\/www.youtube.com\/channel\/UCYfgIGSxygVnJAW0e9ZBZWg"]},{"@type":"Person","@id":"https:\/\/seryhumano.com\/web\/#\/schema\/person\/fd30e8e0b394a62344b44d9b0fe75795","name":"@herrera_yosmar","description":"Eterna enamorada de la vida, comunicadora, mam\u00e1 de tres","sameAs":["http:\/\/seryhumano.com"],"url":"https:\/\/seryhumano.com\/web\/?author=2"}]}},"_links":{"self":[{"href":"https:\/\/seryhumano.com\/web\/index.php?rest_route=\/wp\/v2\/posts\/25487","targetHints":{"allow":["GET"]}}],"collection":[{"href":"https:\/\/seryhumano.com\/web\/index.php?rest_route=\/wp\/v2\/posts"}],"about":[{"href":"https:\/\/seryhumano.com\/web\/index.php?rest_route=\/wp\/v2\/types\/post"}],"author":[{"embeddable":true,"href":"https:\/\/seryhumano.com\/web\/index.php?rest_route=\/wp\/v2\/users\/2"}],"replies":[{"embeddable":true,"href":"https:\/\/seryhumano.com\/web\/index.php?rest_route=%2Fwp%2Fv2%2Fcomments&post=25487"}],"version-history":[{"count":0,"href":"https:\/\/seryhumano.com\/web\/index.php?rest_route=\/wp\/v2\/posts\/25487\/revisions"}],"wp:featuredmedia":[{"embeddable":true,"href":"https:\/\/seryhumano.com\/web\/index.php?rest_route=\/wp\/v2\/media\/25488"}],"wp:attachment":[{"href":"https:\/\/seryhumano.com\/web\/index.php?rest_route=%2Fwp%2Fv2%2Fmedia&parent=25487"}],"wp:term":[{"taxonomy":"category","embeddable":true,"href":"https:\/\/seryhumano.com\/web\/index.php?rest_route=%2Fwp%2Fv2%2Fcategories&post=25487"},{"taxonomy":"post_tag","embeddable":true,"href":"https:\/\/seryhumano.com\/web\/index.php?rest_route=%2Fwp%2Fv2%2Ftags&post=25487"}],"curies":[{"name":"wp","href":"https:\/\/api.w.org\/{rel}","templated":true}]}}