{"id":2571,"date":"2013-01-28T05:25:08","date_gmt":"2013-01-28T09:55:08","guid":{"rendered":"https:\/\/seryhumano.com\/web\/?p=2571"},"modified":"2013-01-28T06:30:18","modified_gmt":"2013-01-28T11:00:18","slug":"austismo-infantil-una-enfermedad-cada-vez-mas-comun","status":"publish","type":"post","link":"https:\/\/seryhumano.com\/web\/?p=2571","title":{"rendered":"Austismo infantil: una enfermedad cada vez m\u00e1s com\u00fan"},"content":{"rendered":"<p><a href=\"https:\/\/seryhumano.com\/web\/?attachment_id=2573\" rel=\"attachment wp-att-2573\"><img loading=\"lazy\" decoding=\"async\" class=\"alignleft size-full wp-image-2573\" alt=\"autismo 1\" src=\"https:\/\/seryhumano.com\/web\/wp-content\/uploads\/2013\/01\/autismo-1.jpg\" width=\"263\" height=\"192\" \/><\/a>El\u00a0autismo infantil\u00a0es una enfermedad que cada d\u00eda cobra m\u00e1s importancia, afectando cuatro veces m\u00e1s a ni\u00f1os que ni\u00f1as. Se estima que en pa\u00edses desarrollados de 10 mil ni\u00f1os, 3 a 5\u00a0 son diagnosticados con autismo.<\/p>\n<p>El autismo infantil es definido como \u201cun trastorno en el desarrollo de las funciones cerebrales del ni\u00f1o, que afecta a sus posibilidades de comunicaci\u00f3n emocional con otras personas y a la organizaci\u00f3n de la conducta en su vida diaria.\u201d (V\u00eda\u00a0Cuidado infantil)<\/p>\n<p>Sus causas son desconocidas y est\u00e1n asociadas a la relaci\u00f3n del ni\u00f1o con el entorno, por anormalidades cognitivas, neurol\u00f3gicas o por determinados procesos bioqu\u00edmicos. Pero a\u00fan\u00a0no hay claridad respecto a qu\u00e9 es lo que produce\u00a0autismo, debido a los m\u00faltiples factores asociados.\u00a0<a href=\"https:\/\/seryhumano.com\/web\/?attachment_id=2574\" rel=\"attachment wp-att-2574\"><img loading=\"lazy\" decoding=\"async\" class=\"alignright size-full wp-image-2574\" alt=\"autismo 2\" src=\"https:\/\/seryhumano.com\/web\/wp-content\/uploads\/2013\/01\/autismo-2.jpg\" width=\"276\" height=\"183\" \/><\/a><\/p>\n<p>Esta enfermedad puede evidenciarse a partir de los primeros meses de vida, en donde es posible observar algunos retrasos principalmente en el \u00e1rea comunicacional. Durante la etapa de lactancia, el beb\u00e9 puede presenta dificultades al responder a otras personas o concentraci\u00f3n excesiva en un determinado objeto.<\/p>\n<p>La terapeuta ocupacional\u00a0Alejandra Jara, docente de la Escuela de Terapia Ocupacional de la Universidad Andr\u00e9s Bello, se\u00f1ala que la sintomatolog\u00eda puede agruparse en tres grupos: \u201climitaci\u00f3n en la interacci\u00f3n social, problemas de comunicaci\u00f3n verbal y no verbal, y el desarrollo de actividades e intereses gravemente limitados, inusuales y repetitivos.\u201d<\/p>\n<p><a href=\"https:\/\/seryhumano.com\/web\/?attachment_id=2575\" rel=\"attachment wp-att-2575\"><img loading=\"lazy\" decoding=\"async\" class=\"alignleft size-full wp-image-2575\" alt=\"autismo 3\" src=\"https:\/\/seryhumano.com\/web\/wp-content\/uploads\/2013\/01\/autismo-3.jpg\" width=\"285\" height=\"177\" \/><\/a>Existen diversos\u00a0m\u00e9todos de diagn\u00f3stico\u00a0del autismo infantil, los que incluyen\u00a0cuestionarios a los padres y procesos de reconocimiento de comportamientos\u00a0de retraso comunicacional o social en los ni\u00f1os. Estos se realizan junto a un grupo de profesionales multidisciplinarios de las \u00e1reas de pediatr\u00eda, fonoaudiolog\u00eda, psiquiatr\u00eda, psicolog\u00eda y el aprendizaje, entre otras.<\/p>\n<p>Sobre el\u00a0tratamiento\u00a0de este padecimiento, este va dirigido a darle una\u00a0educaci\u00f3n especial y un tratamiento m\u00e9dico farmacol\u00f3gico\u00a0a los ni\u00f1os, supervisado por un especialista, y otorgarle, mismo tiempo,\u00a0apoyo a la familia\u00a0\u00a0en la comprensi\u00f3n del autismo infantil. Todo con el fin de lograr modificaciones conductuales, ense\u00f1anza de habilidades, desarrollo del lenguaje, de las relaciones afectivas, etc. para mejorar la vida del menor y su entorno familiar.<a href=\"https:\/\/seryhumano.com\/web\/?attachment_id=2576\" rel=\"attachment wp-att-2576\"><img loading=\"lazy\" decoding=\"async\" class=\"alignleft size-full wp-image-2576\" alt=\"autismo 4\" src=\"https:\/\/seryhumano.com\/web\/wp-content\/uploads\/2013\/01\/autismo-4.jpg\" width=\"274\" height=\"184\" \/><\/a><\/p>\n<p>Es muy conveniente que los\u00a0padres de ni\u00f1os autistas se relacionen y acudan a organizaciones que tratan esta tem\u00e1tica, para informarse y apoyarse mutuamente, como la discusi\u00f3n de todos los aspectos relacionados con el envenenamiento por mercurio u otros metales de nuestros ni\u00f1os y ni\u00f1as con autismo, como por ejemplo la dieta libre de gluten y case\u00edna u otras.<\/p>\n<p>seryhumano.com \/ Nadia Flores<\/p>\n<p>Fuente: saludactual.cl<\/p>\n","protected":false},"excerpt":{"rendered":"<p>El\u00a0autismo infantil\u00a0es una enfermedad que cada d\u00eda cobra m\u00e1s importancia, afectando cuatro veces m\u00e1s a ni\u00f1os que ni\u00f1as. Se estima que en pa\u00edses desarrollados de 10 mil ni\u00f1os, 3 a 5\u00a0 son diagnosticados con autismo. El autismo infantil es definido como \u201cun trastorno en el desarrollo de las funciones cerebrales del ni\u00f1o, que afecta a&hellip;<\/p>\n","protected":false},"author":2,"featured_media":2585,"comment_status":"closed","ping_status":"closed","sticky":false,"template":"","format":"standard","meta":{"footnotes":""},"categories":[120],"tags":[111],"class_list":["post-2571","post","type-post","status-publish","format-standard","has-post-thumbnail","hentry","category-ser-saludable","tag-slider","category-120","description-off"],"yoast_head":"<!-- This site is optimized with the Yoast SEO plugin v25.4 - https:\/\/yoast.com\/wordpress\/plugins\/seo\/ -->\n<title>Austismo infantil: una enfermedad cada vez m\u00e1s com\u00fan &#187; SeryHumano.com<\/title>\n<meta name=\"robots\" content=\"index, follow, max-snippet:-1, max-image-preview:large, max-video-preview:-1\" \/>\n<link rel=\"canonical\" href=\"https:\/\/seryhumano.com\/web\/?p=2571\" \/>\n<meta property=\"og:locale\" content=\"es_ES\" \/>\n<meta property=\"og:type\" content=\"article\" \/>\n<meta property=\"og:title\" content=\"Austismo infantil: una enfermedad cada vez m\u00e1s com\u00fan &#187; SeryHumano.com\" \/>\n<meta property=\"og:description\" content=\"El\u00a0autismo infantil\u00a0es una enfermedad que cada d\u00eda cobra m\u00e1s importancia, afectando cuatro veces m\u00e1s a ni\u00f1os que ni\u00f1as. Se estima que en pa\u00edses desarrollados de 10 mil ni\u00f1os, 3 a 5\u00a0 son diagnosticados con autismo. El autismo infantil es definido como \u201cun trastorno en el desarrollo de las funciones cerebrales del ni\u00f1o, que afecta a&hellip;\" \/>\n<meta property=\"og:url\" content=\"https:\/\/seryhumano.com\/web\/?p=2571\" \/>\n<meta property=\"og:site_name\" content=\"SeryHumano.com\" \/>\n<meta property=\"article:publisher\" content=\"https:\/\/www.facebook.com\/seryhumano\/\" \/>\n<meta property=\"article:published_time\" content=\"2013-01-28T09:55:08+00:00\" \/>\n<meta property=\"article:modified_time\" content=\"2013-01-28T11:00:18+00:00\" \/>\n<meta property=\"og:image\" content=\"https:\/\/seryhumano.com\/web\/wp-content\/uploads\/2013\/01\/featureslider_nino.jpg\" \/>\n\t<meta property=\"og:image:width\" content=\"910\" \/>\n\t<meta property=\"og:image:height\" content=\"227\" \/>\n\t<meta property=\"og:image:type\" content=\"image\/jpeg\" \/>\n<meta name=\"author\" content=\"@herrera_yosmar\" \/>\n<meta name=\"twitter:card\" content=\"summary_large_image\" \/>\n<meta name=\"twitter:creator\" content=\"@SeryHumano\" \/>\n<meta name=\"twitter:site\" content=\"@SeryHumano\" \/>\n<meta name=\"twitter:label1\" content=\"Escrito por\" \/>\n\t<meta name=\"twitter:data1\" content=\"@herrera_yosmar\" \/>\n\t<meta name=\"twitter:label2\" content=\"Tiempo de lectura\" \/>\n\t<meta name=\"twitter:data2\" content=\"2 minutos\" \/>\n<script type=\"application\/ld+json\" class=\"yoast-schema-graph\">{\"@context\":\"https:\/\/schema.org\",\"@graph\":[{\"@type\":\"Article\",\"@id\":\"https:\/\/seryhumano.com\/web\/?p=2571#article\",\"isPartOf\":{\"@id\":\"https:\/\/seryhumano.com\/web\/?p=2571\"},\"author\":{\"name\":\"@herrera_yosmar\",\"@id\":\"https:\/\/seryhumano.com\/web\/#\/schema\/person\/fd30e8e0b394a62344b44d9b0fe75795\"},\"headline\":\"Austismo infantil: una enfermedad cada vez m\u00e1s com\u00fan\",\"datePublished\":\"2013-01-28T09:55:08+00:00\",\"dateModified\":\"2013-01-28T11:00:18+00:00\",\"mainEntityOfPage\":{\"@id\":\"https:\/\/seryhumano.com\/web\/?p=2571\"},\"wordCount\":456,\"publisher\":{\"@id\":\"https:\/\/seryhumano.com\/web\/#organization\"},\"image\":{\"@id\":\"https:\/\/seryhumano.com\/web\/?p=2571#primaryimage\"},\"thumbnailUrl\":\"https:\/\/seryhumano.com\/web\/wp-content\/uploads\/2013\/01\/featureslider_nino.jpg\",\"keywords\":[\"Slider\"],\"articleSection\":[\"Ser Saludable\"],\"inLanguage\":\"es\"},{\"@type\":\"WebPage\",\"@id\":\"https:\/\/seryhumano.com\/web\/?p=2571\",\"url\":\"https:\/\/seryhumano.com\/web\/?p=2571\",\"name\":\"Austismo infantil: una enfermedad cada vez m\u00e1s com\u00fan &#187; SeryHumano.com\",\"isPartOf\":{\"@id\":\"https:\/\/seryhumano.com\/web\/#website\"},\"primaryImageOfPage\":{\"@id\":\"https:\/\/seryhumano.com\/web\/?p=2571#primaryimage\"},\"image\":{\"@id\":\"https:\/\/seryhumano.com\/web\/?p=2571#primaryimage\"},\"thumbnailUrl\":\"https:\/\/seryhumano.com\/web\/wp-content\/uploads\/2013\/01\/featureslider_nino.jpg\",\"datePublished\":\"2013-01-28T09:55:08+00:00\",\"dateModified\":\"2013-01-28T11:00:18+00:00\",\"breadcrumb\":{\"@id\":\"https:\/\/seryhumano.com\/web\/?p=2571#breadcrumb\"},\"inLanguage\":\"es\",\"potentialAction\":[{\"@type\":\"ReadAction\",\"target\":[\"https:\/\/seryhumano.com\/web\/?p=2571\"]}]},{\"@type\":\"ImageObject\",\"inLanguage\":\"es\",\"@id\":\"https:\/\/seryhumano.com\/web\/?p=2571#primaryimage\",\"url\":\"https:\/\/seryhumano.com\/web\/wp-content\/uploads\/2013\/01\/featureslider_nino.jpg\",\"contentUrl\":\"https:\/\/seryhumano.com\/web\/wp-content\/uploads\/2013\/01\/featureslider_nino.jpg\",\"width\":910,\"height\":227},{\"@type\":\"BreadcrumbList\",\"@id\":\"https:\/\/seryhumano.com\/web\/?p=2571#breadcrumb\",\"itemListElement\":[{\"@type\":\"ListItem\",\"position\":1,\"name\":\"Portada\",\"item\":\"https:\/\/seryhumano.com\/web\/\"},{\"@type\":\"ListItem\",\"position\":2,\"name\":\"Austismo infantil: una enfermedad cada vez m\u00e1s com\u00fan\"}]},{\"@type\":\"WebSite\",\"@id\":\"https:\/\/seryhumano.com\/web\/#website\",\"url\":\"https:\/\/seryhumano.com\/web\/\",\"name\":\"SeryHumano.com\",\"description\":\"Revista digital muy humana, donde lo mas importante es el Ser...\",\"publisher\":{\"@id\":\"https:\/\/seryhumano.com\/web\/#organization\"},\"potentialAction\":[{\"@type\":\"SearchAction\",\"target\":{\"@type\":\"EntryPoint\",\"urlTemplate\":\"https:\/\/seryhumano.com\/web\/?s={search_term_string}\"},\"query-input\":{\"@type\":\"PropertyValueSpecification\",\"valueRequired\":true,\"valueName\":\"search_term_string\"}}],\"inLanguage\":\"es\"},{\"@type\":\"Organization\",\"@id\":\"https:\/\/seryhumano.com\/web\/#organization\",\"name\":\"SeryHumano.com\",\"url\":\"https:\/\/seryhumano.com\/web\/\",\"logo\":{\"@type\":\"ImageObject\",\"inLanguage\":\"es\",\"@id\":\"https:\/\/seryhumano.com\/web\/#\/schema\/logo\/image\/\",\"url\":\"https:\/\/seryhumano.com\/web\/wp-content\/uploads\/2020\/02\/JNe5VRwH_400x400-2.jpg\",\"contentUrl\":\"https:\/\/seryhumano.com\/web\/wp-content\/uploads\/2020\/02\/JNe5VRwH_400x400-2.jpg\",\"width\":400,\"height\":400,\"caption\":\"SeryHumano.com\"},\"image\":{\"@id\":\"https:\/\/seryhumano.com\/web\/#\/schema\/logo\/image\/\"},\"sameAs\":[\"https:\/\/www.facebook.com\/seryhumano\/\",\"https:\/\/x.com\/SeryHumano\",\"https:\/\/www.instagram.com\/seryhumano\/\",\"https:\/\/www.linkedin.com\/company\/seryhumano-com\/\",\"https:\/\/www.youtube.com\/channel\/UCYfgIGSxygVnJAW0e9ZBZWg\"]},{\"@type\":\"Person\",\"@id\":\"https:\/\/seryhumano.com\/web\/#\/schema\/person\/fd30e8e0b394a62344b44d9b0fe75795\",\"name\":\"@herrera_yosmar\",\"description\":\"Eterna enamorada de la vida, comunicadora, mam\u00e1 de tres\",\"sameAs\":[\"http:\/\/seryhumano.com\"],\"url\":\"https:\/\/seryhumano.com\/web\/?author=2\"}]}<\/script>\n<!-- \/ Yoast SEO plugin. -->","yoast_head_json":{"title":"Austismo infantil: una enfermedad cada vez m\u00e1s com\u00fan &#187; SeryHumano.com","robots":{"index":"index","follow":"follow","max-snippet":"max-snippet:-1","max-image-preview":"max-image-preview:large","max-video-preview":"max-video-preview:-1"},"canonical":"https:\/\/seryhumano.com\/web\/?p=2571","og_locale":"es_ES","og_type":"article","og_title":"Austismo infantil: una enfermedad cada vez m\u00e1s com\u00fan &#187; SeryHumano.com","og_description":"El\u00a0autismo infantil\u00a0es una enfermedad que cada d\u00eda cobra m\u00e1s importancia, afectando cuatro veces m\u00e1s a ni\u00f1os que ni\u00f1as. Se estima que en pa\u00edses desarrollados de 10 mil ni\u00f1os, 3 a 5\u00a0 son diagnosticados con autismo. El autismo infantil es definido como \u201cun trastorno en el desarrollo de las funciones cerebrales del ni\u00f1o, que afecta a&hellip;","og_url":"https:\/\/seryhumano.com\/web\/?p=2571","og_site_name":"SeryHumano.com","article_publisher":"https:\/\/www.facebook.com\/seryhumano\/","article_published_time":"2013-01-28T09:55:08+00:00","article_modified_time":"2013-01-28T11:00:18+00:00","og_image":[{"width":910,"height":227,"url":"https:\/\/seryhumano.com\/web\/wp-content\/uploads\/2013\/01\/featureslider_nino.jpg","type":"image\/jpeg"}],"author":"@herrera_yosmar","twitter_card":"summary_large_image","twitter_creator":"@SeryHumano","twitter_site":"@SeryHumano","twitter_misc":{"Escrito por":"@herrera_yosmar","Tiempo de lectura":"2 minutos"},"schema":{"@context":"https:\/\/schema.org","@graph":[{"@type":"Article","@id":"https:\/\/seryhumano.com\/web\/?p=2571#article","isPartOf":{"@id":"https:\/\/seryhumano.com\/web\/?p=2571"},"author":{"name":"@herrera_yosmar","@id":"https:\/\/seryhumano.com\/web\/#\/schema\/person\/fd30e8e0b394a62344b44d9b0fe75795"},"headline":"Austismo infantil: una enfermedad cada vez m\u00e1s com\u00fan","datePublished":"2013-01-28T09:55:08+00:00","dateModified":"2013-01-28T11:00:18+00:00","mainEntityOfPage":{"@id":"https:\/\/seryhumano.com\/web\/?p=2571"},"wordCount":456,"publisher":{"@id":"https:\/\/seryhumano.com\/web\/#organization"},"image":{"@id":"https:\/\/seryhumano.com\/web\/?p=2571#primaryimage"},"thumbnailUrl":"https:\/\/seryhumano.com\/web\/wp-content\/uploads\/2013\/01\/featureslider_nino.jpg","keywords":["Slider"],"articleSection":["Ser Saludable"],"inLanguage":"es"},{"@type":"WebPage","@id":"https:\/\/seryhumano.com\/web\/?p=2571","url":"https:\/\/seryhumano.com\/web\/?p=2571","name":"Austismo infantil: una enfermedad cada vez m\u00e1s com\u00fan &#187; SeryHumano.com","isPartOf":{"@id":"https:\/\/seryhumano.com\/web\/#website"},"primaryImageOfPage":{"@id":"https:\/\/seryhumano.com\/web\/?p=2571#primaryimage"},"image":{"@id":"https:\/\/seryhumano.com\/web\/?p=2571#primaryimage"},"thumbnailUrl":"https:\/\/seryhumano.com\/web\/wp-content\/uploads\/2013\/01\/featureslider_nino.jpg","datePublished":"2013-01-28T09:55:08+00:00","dateModified":"2013-01-28T11:00:18+00:00","breadcrumb":{"@id":"https:\/\/seryhumano.com\/web\/?p=2571#breadcrumb"},"inLanguage":"es","potentialAction":[{"@type":"ReadAction","target":["https:\/\/seryhumano.com\/web\/?p=2571"]}]},{"@type":"ImageObject","inLanguage":"es","@id":"https:\/\/seryhumano.com\/web\/?p=2571#primaryimage","url":"https:\/\/seryhumano.com\/web\/wp-content\/uploads\/2013\/01\/featureslider_nino.jpg","contentUrl":"https:\/\/seryhumano.com\/web\/wp-content\/uploads\/2013\/01\/featureslider_nino.jpg","width":910,"height":227},{"@type":"BreadcrumbList","@id":"https:\/\/seryhumano.com\/web\/?p=2571#breadcrumb","itemListElement":[{"@type":"ListItem","position":1,"name":"Portada","item":"https:\/\/seryhumano.com\/web\/"},{"@type":"ListItem","position":2,"name":"Austismo infantil: una enfermedad cada vez m\u00e1s com\u00fan"}]},{"@type":"WebSite","@id":"https:\/\/seryhumano.com\/web\/#website","url":"https:\/\/seryhumano.com\/web\/","name":"SeryHumano.com","description":"Revista digital muy humana, donde lo mas importante es el Ser...","publisher":{"@id":"https:\/\/seryhumano.com\/web\/#organization"},"potentialAction":[{"@type":"SearchAction","target":{"@type":"EntryPoint","urlTemplate":"https:\/\/seryhumano.com\/web\/?s={search_term_string}"},"query-input":{"@type":"PropertyValueSpecification","valueRequired":true,"valueName":"search_term_string"}}],"inLanguage":"es"},{"@type":"Organization","@id":"https:\/\/seryhumano.com\/web\/#organization","name":"SeryHumano.com","url":"https:\/\/seryhumano.com\/web\/","logo":{"@type":"ImageObject","inLanguage":"es","@id":"https:\/\/seryhumano.com\/web\/#\/schema\/logo\/image\/","url":"https:\/\/seryhumano.com\/web\/wp-content\/uploads\/2020\/02\/JNe5VRwH_400x400-2.jpg","contentUrl":"https:\/\/seryhumano.com\/web\/wp-content\/uploads\/2020\/02\/JNe5VRwH_400x400-2.jpg","width":400,"height":400,"caption":"SeryHumano.com"},"image":{"@id":"https:\/\/seryhumano.com\/web\/#\/schema\/logo\/image\/"},"sameAs":["https:\/\/www.facebook.com\/seryhumano\/","https:\/\/x.com\/SeryHumano","https:\/\/www.instagram.com\/seryhumano\/","https:\/\/www.linkedin.com\/company\/seryhumano-com\/","https:\/\/www.youtube.com\/channel\/UCYfgIGSxygVnJAW0e9ZBZWg"]},{"@type":"Person","@id":"https:\/\/seryhumano.com\/web\/#\/schema\/person\/fd30e8e0b394a62344b44d9b0fe75795","name":"@herrera_yosmar","description":"Eterna enamorada de la vida, comunicadora, mam\u00e1 de tres","sameAs":["http:\/\/seryhumano.com"],"url":"https:\/\/seryhumano.com\/web\/?author=2"}]}},"_links":{"self":[{"href":"https:\/\/seryhumano.com\/web\/index.php?rest_route=\/wp\/v2\/posts\/2571","targetHints":{"allow":["GET"]}}],"collection":[{"href":"https:\/\/seryhumano.com\/web\/index.php?rest_route=\/wp\/v2\/posts"}],"about":[{"href":"https:\/\/seryhumano.com\/web\/index.php?rest_route=\/wp\/v2\/types\/post"}],"author":[{"embeddable":true,"href":"https:\/\/seryhumano.com\/web\/index.php?rest_route=\/wp\/v2\/users\/2"}],"replies":[{"embeddable":true,"href":"https:\/\/seryhumano.com\/web\/index.php?rest_route=%2Fwp%2Fv2%2Fcomments&post=2571"}],"version-history":[{"count":0,"href":"https:\/\/seryhumano.com\/web\/index.php?rest_route=\/wp\/v2\/posts\/2571\/revisions"}],"wp:featuredmedia":[{"embeddable":true,"href":"https:\/\/seryhumano.com\/web\/index.php?rest_route=\/wp\/v2\/media\/2585"}],"wp:attachment":[{"href":"https:\/\/seryhumano.com\/web\/index.php?rest_route=%2Fwp%2Fv2%2Fmedia&parent=2571"}],"wp:term":[{"taxonomy":"category","embeddable":true,"href":"https:\/\/seryhumano.com\/web\/index.php?rest_route=%2Fwp%2Fv2%2Fcategories&post=2571"},{"taxonomy":"post_tag","embeddable":true,"href":"https:\/\/seryhumano.com\/web\/index.php?rest_route=%2Fwp%2Fv2%2Ftags&post=2571"}],"curies":[{"name":"wp","href":"https:\/\/api.w.org\/{rel}","templated":true}]}}