{"id":2588,"date":"2013-01-29T08:10:51","date_gmt":"2013-01-29T12:40:51","guid":{"rendered":"https:\/\/seryhumano.com\/web\/?p=2588"},"modified":"2013-01-29T09:52:12","modified_gmt":"2013-01-29T14:22:12","slug":"el-cloud-computing-y-nuestra-vida-privada","status":"publish","type":"post","link":"https:\/\/seryhumano.com\/web\/?p=2588","title":{"rendered":"El cloud computing  y nuestra vida privada"},"content":{"rendered":"<p><a href=\"https:\/\/seryhumano.com\/web\/?attachment_id=2589\" rel=\"attachment wp-att-2589\"><img loading=\"lazy\" decoding=\"async\" class=\"alignright size-full wp-image-2589\" alt=\"D\u00eda del Community Manager\" src=\"https:\/\/seryhumano.com\/web\/wp-content\/uploads\/2013\/01\/D\u00eda-del-Community-Manager.jpg\" width=\"304\" height=\"166\" srcset=\"https:\/\/seryhumano.com\/web\/wp-content\/uploads\/2013\/01\/D\u00eda-del-Community-Manager.jpg 304w, https:\/\/seryhumano.com\/web\/wp-content\/uploads\/2013\/01\/D\u00eda-del-Community-Manager-300x163.jpg 300w\" sizes=\"auto, (max-width: 304px) 100vw, 304px\" \/><\/a>El 28 de enero, no s\u00f3lo se celebra el\u00a0D\u00eda del Community Manager: tambi\u00e9n es la fecha elegida por la Uni\u00f3n Europea como\u00a0D\u00eda de la Protecci\u00f3n de Datos, record\u00e1ndonos la importancia que tiene ser conscientes de que nuestros datos personales est\u00e1n m\u00e1s expuestos de lo que nos gustar\u00eda \u00abpor culpa\u00bb del\u00a0cloud computing.<\/p>\n<p>Este\u00a0Data Protection Day\u00a0es una iniciativa promovida por el Parlamento Europeo para alertar sobre c\u00f3mo la informaci\u00f3n personal se recoge y procesa, y sobre c\u00f3mo proteger nuestra privacidad. No se trata tanto de que exista riesgo de estafas o robos, sino de la\u00a0p\u00e9rdida de control sobre los datos y la identidad online.<\/p>\n<p><a href=\"https:\/\/seryhumano.com\/web\/?attachment_id=2590\" rel=\"attachment wp-att-2590\"><img loading=\"lazy\" decoding=\"async\" class=\"alignleft size-full wp-image-2590\" alt=\"D\u00eda del Community Manager 1\" src=\"https:\/\/seryhumano.com\/web\/wp-content\/uploads\/2013\/01\/D\u00eda-del-Community-Manager-1.jpg\" width=\"259\" height=\"194\" \/><\/a>Y es que, hoy en d\u00eda, cualquier acci\u00f3n cotidiana que tenga que ver con la tecnolog\u00eda, como hacer una compra online, descargar una aplicaci\u00f3n o enviar una solicitud para un trabajo,\u00a0deja una huella digital\u00a0importante. \u00bfSomos conscientes del rastro que dejamos tras de nosotros en la Red? \u00bfY qui\u00e9n se dedica a recopilar esos rastros?<\/p>\n<p>El Parlamento Europeo tiene en marcha varias iniciativas para actualizar las leyes de protecci\u00f3n de datos en todos sus estados miembros. Esto incluir\u00eda el\u00a0derecho al olvido, es decir, la posibilidad de que cada persona pudiera acceder a sus datos guardados en la red y eliminarlos si no hubiera raz\u00f3n que justifique retenerlos.<\/p>\n<p><a href=\"https:\/\/seryhumano.com\/web\/?attachment_id=2591\" rel=\"attachment wp-att-2591\"><img loading=\"lazy\" decoding=\"async\" class=\"alignleft size-full wp-image-2591\" alt=\"cloud computing\" src=\"https:\/\/seryhumano.com\/web\/wp-content\/uploads\/2013\/01\/cloud-computing.jpg\" width=\"276\" height=\"183\" \/><\/a>Y es que la UE cree que los riesgos asociados al cloud computing no se est\u00e1n tomando en serio. Entre ellos, la posibilidad de que los Estados Unidos autorice el acceso a datos personales de ciudadanos de otros pa\u00edses, ya que sus empresas no est\u00e1n sometidas a la legislaci\u00f3n de la UE.<\/p>\n<p>Peter Hustinx, m\u00e1ximo responsable de la protecci\u00f3n de datos en Europa, recomienda ser prudentes: \u00abSu informaci\u00f3n personal es valiosa, as\u00ed que mant\u00e9ngala a salvo y conozca bien sus derechos cuando la comparta. Tiene el derecho a saber qu\u00e9 pasa con sus datos en las bases de datos de empresas y gobiernos\u00bb<\/p>\n<p>seryhumano.com<\/p>\n<p>Fuente: Baquia.com<\/p>\n","protected":false},"excerpt":{"rendered":"<p>El 28 de enero, no s\u00f3lo se celebra el\u00a0D\u00eda del Community Manager: tambi\u00e9n es la fecha elegida por la Uni\u00f3n Europea como\u00a0D\u00eda de la Protecci\u00f3n de Datos, record\u00e1ndonos la importancia que tiene ser conscientes de que nuestros datos personales est\u00e1n m\u00e1s expuestos de lo que nos gustar\u00eda \u00abpor culpa\u00bb del\u00a0cloud computing. Este\u00a0Data Protection Day\u00a0es una&hellip;<\/p>\n","protected":false},"author":2,"featured_media":2597,"comment_status":"closed","ping_status":"closed","sticky":false,"template":"","format":"standard","meta":{"footnotes":""},"categories":[121],"tags":[111],"class_list":["post-2588","post","type-post","status-publish","format-standard","has-post-thumbnail","hentry","category-ser-tecnologico","tag-slider","category-121","description-off"],"yoast_head":"<!-- This site is optimized with the Yoast SEO plugin v25.4 - https:\/\/yoast.com\/wordpress\/plugins\/seo\/ -->\n<title>El cloud computing y nuestra vida privada &#187; SeryHumano.com<\/title>\n<meta name=\"robots\" content=\"index, follow, max-snippet:-1, max-image-preview:large, max-video-preview:-1\" \/>\n<link rel=\"canonical\" href=\"https:\/\/seryhumano.com\/web\/?p=2588\" \/>\n<meta property=\"og:locale\" content=\"es_ES\" \/>\n<meta property=\"og:type\" content=\"article\" \/>\n<meta property=\"og:title\" content=\"El cloud computing y nuestra vida privada &#187; SeryHumano.com\" \/>\n<meta property=\"og:description\" content=\"El 28 de enero, no s\u00f3lo se celebra el\u00a0D\u00eda del Community Manager: tambi\u00e9n es la fecha elegida por la Uni\u00f3n Europea como\u00a0D\u00eda de la Protecci\u00f3n de Datos, record\u00e1ndonos la importancia que tiene ser conscientes de que nuestros datos personales est\u00e1n m\u00e1s expuestos de lo que nos gustar\u00eda \u00abpor culpa\u00bb del\u00a0cloud computing. Este\u00a0Data Protection Day\u00a0es una&hellip;\" \/>\n<meta property=\"og:url\" content=\"https:\/\/seryhumano.com\/web\/?p=2588\" \/>\n<meta property=\"og:site_name\" content=\"SeryHumano.com\" \/>\n<meta property=\"article:publisher\" content=\"https:\/\/www.facebook.com\/seryhumano\/\" \/>\n<meta property=\"article:published_time\" content=\"2013-01-29T12:40:51+00:00\" \/>\n<meta property=\"article:modified_time\" content=\"2013-01-29T14:22:12+00:00\" \/>\n<meta property=\"og:image\" content=\"https:\/\/seryhumano.com\/web\/wp-content\/uploads\/2013\/01\/featureslider_circulos.jpg\" \/>\n\t<meta property=\"og:image:width\" content=\"910\" \/>\n\t<meta property=\"og:image:height\" content=\"227\" \/>\n\t<meta property=\"og:image:type\" content=\"image\/jpeg\" \/>\n<meta name=\"author\" content=\"@herrera_yosmar\" \/>\n<meta name=\"twitter:card\" content=\"summary_large_image\" \/>\n<meta name=\"twitter:creator\" content=\"@SeryHumano\" \/>\n<meta name=\"twitter:site\" content=\"@SeryHumano\" \/>\n<meta name=\"twitter:label1\" content=\"Escrito por\" \/>\n\t<meta name=\"twitter:data1\" content=\"@herrera_yosmar\" \/>\n\t<meta name=\"twitter:label2\" content=\"Tiempo de lectura\" \/>\n\t<meta name=\"twitter:data2\" content=\"2 minutos\" \/>\n<script type=\"application\/ld+json\" class=\"yoast-schema-graph\">{\"@context\":\"https:\/\/schema.org\",\"@graph\":[{\"@type\":\"Article\",\"@id\":\"https:\/\/seryhumano.com\/web\/?p=2588#article\",\"isPartOf\":{\"@id\":\"https:\/\/seryhumano.com\/web\/?p=2588\"},\"author\":{\"name\":\"@herrera_yosmar\",\"@id\":\"https:\/\/seryhumano.com\/web\/#\/schema\/person\/fd30e8e0b394a62344b44d9b0fe75795\"},\"headline\":\"El cloud computing y nuestra vida privada\",\"datePublished\":\"2013-01-29T12:40:51+00:00\",\"dateModified\":\"2013-01-29T14:22:12+00:00\",\"mainEntityOfPage\":{\"@id\":\"https:\/\/seryhumano.com\/web\/?p=2588\"},\"wordCount\":361,\"publisher\":{\"@id\":\"https:\/\/seryhumano.com\/web\/#organization\"},\"image\":{\"@id\":\"https:\/\/seryhumano.com\/web\/?p=2588#primaryimage\"},\"thumbnailUrl\":\"https:\/\/seryhumano.com\/web\/wp-content\/uploads\/2013\/01\/featureslider_circulos.jpg\",\"keywords\":[\"Slider\"],\"articleSection\":[\"Ser Tecnol\u00f3gico\"],\"inLanguage\":\"es\"},{\"@type\":\"WebPage\",\"@id\":\"https:\/\/seryhumano.com\/web\/?p=2588\",\"url\":\"https:\/\/seryhumano.com\/web\/?p=2588\",\"name\":\"El cloud computing y nuestra vida privada &#187; SeryHumano.com\",\"isPartOf\":{\"@id\":\"https:\/\/seryhumano.com\/web\/#website\"},\"primaryImageOfPage\":{\"@id\":\"https:\/\/seryhumano.com\/web\/?p=2588#primaryimage\"},\"image\":{\"@id\":\"https:\/\/seryhumano.com\/web\/?p=2588#primaryimage\"},\"thumbnailUrl\":\"https:\/\/seryhumano.com\/web\/wp-content\/uploads\/2013\/01\/featureslider_circulos.jpg\",\"datePublished\":\"2013-01-29T12:40:51+00:00\",\"dateModified\":\"2013-01-29T14:22:12+00:00\",\"breadcrumb\":{\"@id\":\"https:\/\/seryhumano.com\/web\/?p=2588#breadcrumb\"},\"inLanguage\":\"es\",\"potentialAction\":[{\"@type\":\"ReadAction\",\"target\":[\"https:\/\/seryhumano.com\/web\/?p=2588\"]}]},{\"@type\":\"ImageObject\",\"inLanguage\":\"es\",\"@id\":\"https:\/\/seryhumano.com\/web\/?p=2588#primaryimage\",\"url\":\"https:\/\/seryhumano.com\/web\/wp-content\/uploads\/2013\/01\/featureslider_circulos.jpg\",\"contentUrl\":\"https:\/\/seryhumano.com\/web\/wp-content\/uploads\/2013\/01\/featureslider_circulos.jpg\",\"width\":910,\"height\":227},{\"@type\":\"BreadcrumbList\",\"@id\":\"https:\/\/seryhumano.com\/web\/?p=2588#breadcrumb\",\"itemListElement\":[{\"@type\":\"ListItem\",\"position\":1,\"name\":\"Portada\",\"item\":\"https:\/\/seryhumano.com\/web\/\"},{\"@type\":\"ListItem\",\"position\":2,\"name\":\"El cloud computing y nuestra vida privada\"}]},{\"@type\":\"WebSite\",\"@id\":\"https:\/\/seryhumano.com\/web\/#website\",\"url\":\"https:\/\/seryhumano.com\/web\/\",\"name\":\"SeryHumano.com\",\"description\":\"Revista digital muy humana, donde lo mas importante es el Ser...\",\"publisher\":{\"@id\":\"https:\/\/seryhumano.com\/web\/#organization\"},\"potentialAction\":[{\"@type\":\"SearchAction\",\"target\":{\"@type\":\"EntryPoint\",\"urlTemplate\":\"https:\/\/seryhumano.com\/web\/?s={search_term_string}\"},\"query-input\":{\"@type\":\"PropertyValueSpecification\",\"valueRequired\":true,\"valueName\":\"search_term_string\"}}],\"inLanguage\":\"es\"},{\"@type\":\"Organization\",\"@id\":\"https:\/\/seryhumano.com\/web\/#organization\",\"name\":\"SeryHumano.com\",\"url\":\"https:\/\/seryhumano.com\/web\/\",\"logo\":{\"@type\":\"ImageObject\",\"inLanguage\":\"es\",\"@id\":\"https:\/\/seryhumano.com\/web\/#\/schema\/logo\/image\/\",\"url\":\"https:\/\/seryhumano.com\/web\/wp-content\/uploads\/2020\/02\/JNe5VRwH_400x400-2.jpg\",\"contentUrl\":\"https:\/\/seryhumano.com\/web\/wp-content\/uploads\/2020\/02\/JNe5VRwH_400x400-2.jpg\",\"width\":400,\"height\":400,\"caption\":\"SeryHumano.com\"},\"image\":{\"@id\":\"https:\/\/seryhumano.com\/web\/#\/schema\/logo\/image\/\"},\"sameAs\":[\"https:\/\/www.facebook.com\/seryhumano\/\",\"https:\/\/x.com\/SeryHumano\",\"https:\/\/www.instagram.com\/seryhumano\/\",\"https:\/\/www.linkedin.com\/company\/seryhumano-com\/\",\"https:\/\/www.youtube.com\/channel\/UCYfgIGSxygVnJAW0e9ZBZWg\"]},{\"@type\":\"Person\",\"@id\":\"https:\/\/seryhumano.com\/web\/#\/schema\/person\/fd30e8e0b394a62344b44d9b0fe75795\",\"name\":\"@herrera_yosmar\",\"description\":\"Eterna enamorada de la vida, comunicadora, mam\u00e1 de tres\",\"sameAs\":[\"http:\/\/seryhumano.com\"],\"url\":\"https:\/\/seryhumano.com\/web\/?author=2\"}]}<\/script>\n<!-- \/ Yoast SEO plugin. -->","yoast_head_json":{"title":"El cloud computing y nuestra vida privada &#187; SeryHumano.com","robots":{"index":"index","follow":"follow","max-snippet":"max-snippet:-1","max-image-preview":"max-image-preview:large","max-video-preview":"max-video-preview:-1"},"canonical":"https:\/\/seryhumano.com\/web\/?p=2588","og_locale":"es_ES","og_type":"article","og_title":"El cloud computing y nuestra vida privada &#187; SeryHumano.com","og_description":"El 28 de enero, no s\u00f3lo se celebra el\u00a0D\u00eda del Community Manager: tambi\u00e9n es la fecha elegida por la Uni\u00f3n Europea como\u00a0D\u00eda de la Protecci\u00f3n de Datos, record\u00e1ndonos la importancia que tiene ser conscientes de que nuestros datos personales est\u00e1n m\u00e1s expuestos de lo que nos gustar\u00eda \u00abpor culpa\u00bb del\u00a0cloud computing. Este\u00a0Data Protection Day\u00a0es una&hellip;","og_url":"https:\/\/seryhumano.com\/web\/?p=2588","og_site_name":"SeryHumano.com","article_publisher":"https:\/\/www.facebook.com\/seryhumano\/","article_published_time":"2013-01-29T12:40:51+00:00","article_modified_time":"2013-01-29T14:22:12+00:00","og_image":[{"width":910,"height":227,"url":"https:\/\/seryhumano.com\/web\/wp-content\/uploads\/2013\/01\/featureslider_circulos.jpg","type":"image\/jpeg"}],"author":"@herrera_yosmar","twitter_card":"summary_large_image","twitter_creator":"@SeryHumano","twitter_site":"@SeryHumano","twitter_misc":{"Escrito por":"@herrera_yosmar","Tiempo de lectura":"2 minutos"},"schema":{"@context":"https:\/\/schema.org","@graph":[{"@type":"Article","@id":"https:\/\/seryhumano.com\/web\/?p=2588#article","isPartOf":{"@id":"https:\/\/seryhumano.com\/web\/?p=2588"},"author":{"name":"@herrera_yosmar","@id":"https:\/\/seryhumano.com\/web\/#\/schema\/person\/fd30e8e0b394a62344b44d9b0fe75795"},"headline":"El cloud computing y nuestra vida privada","datePublished":"2013-01-29T12:40:51+00:00","dateModified":"2013-01-29T14:22:12+00:00","mainEntityOfPage":{"@id":"https:\/\/seryhumano.com\/web\/?p=2588"},"wordCount":361,"publisher":{"@id":"https:\/\/seryhumano.com\/web\/#organization"},"image":{"@id":"https:\/\/seryhumano.com\/web\/?p=2588#primaryimage"},"thumbnailUrl":"https:\/\/seryhumano.com\/web\/wp-content\/uploads\/2013\/01\/featureslider_circulos.jpg","keywords":["Slider"],"articleSection":["Ser Tecnol\u00f3gico"],"inLanguage":"es"},{"@type":"WebPage","@id":"https:\/\/seryhumano.com\/web\/?p=2588","url":"https:\/\/seryhumano.com\/web\/?p=2588","name":"El cloud computing y nuestra vida privada &#187; SeryHumano.com","isPartOf":{"@id":"https:\/\/seryhumano.com\/web\/#website"},"primaryImageOfPage":{"@id":"https:\/\/seryhumano.com\/web\/?p=2588#primaryimage"},"image":{"@id":"https:\/\/seryhumano.com\/web\/?p=2588#primaryimage"},"thumbnailUrl":"https:\/\/seryhumano.com\/web\/wp-content\/uploads\/2013\/01\/featureslider_circulos.jpg","datePublished":"2013-01-29T12:40:51+00:00","dateModified":"2013-01-29T14:22:12+00:00","breadcrumb":{"@id":"https:\/\/seryhumano.com\/web\/?p=2588#breadcrumb"},"inLanguage":"es","potentialAction":[{"@type":"ReadAction","target":["https:\/\/seryhumano.com\/web\/?p=2588"]}]},{"@type":"ImageObject","inLanguage":"es","@id":"https:\/\/seryhumano.com\/web\/?p=2588#primaryimage","url":"https:\/\/seryhumano.com\/web\/wp-content\/uploads\/2013\/01\/featureslider_circulos.jpg","contentUrl":"https:\/\/seryhumano.com\/web\/wp-content\/uploads\/2013\/01\/featureslider_circulos.jpg","width":910,"height":227},{"@type":"BreadcrumbList","@id":"https:\/\/seryhumano.com\/web\/?p=2588#breadcrumb","itemListElement":[{"@type":"ListItem","position":1,"name":"Portada","item":"https:\/\/seryhumano.com\/web\/"},{"@type":"ListItem","position":2,"name":"El cloud computing y nuestra vida privada"}]},{"@type":"WebSite","@id":"https:\/\/seryhumano.com\/web\/#website","url":"https:\/\/seryhumano.com\/web\/","name":"SeryHumano.com","description":"Revista digital muy humana, donde lo mas importante es el Ser...","publisher":{"@id":"https:\/\/seryhumano.com\/web\/#organization"},"potentialAction":[{"@type":"SearchAction","target":{"@type":"EntryPoint","urlTemplate":"https:\/\/seryhumano.com\/web\/?s={search_term_string}"},"query-input":{"@type":"PropertyValueSpecification","valueRequired":true,"valueName":"search_term_string"}}],"inLanguage":"es"},{"@type":"Organization","@id":"https:\/\/seryhumano.com\/web\/#organization","name":"SeryHumano.com","url":"https:\/\/seryhumano.com\/web\/","logo":{"@type":"ImageObject","inLanguage":"es","@id":"https:\/\/seryhumano.com\/web\/#\/schema\/logo\/image\/","url":"https:\/\/seryhumano.com\/web\/wp-content\/uploads\/2020\/02\/JNe5VRwH_400x400-2.jpg","contentUrl":"https:\/\/seryhumano.com\/web\/wp-content\/uploads\/2020\/02\/JNe5VRwH_400x400-2.jpg","width":400,"height":400,"caption":"SeryHumano.com"},"image":{"@id":"https:\/\/seryhumano.com\/web\/#\/schema\/logo\/image\/"},"sameAs":["https:\/\/www.facebook.com\/seryhumano\/","https:\/\/x.com\/SeryHumano","https:\/\/www.instagram.com\/seryhumano\/","https:\/\/www.linkedin.com\/company\/seryhumano-com\/","https:\/\/www.youtube.com\/channel\/UCYfgIGSxygVnJAW0e9ZBZWg"]},{"@type":"Person","@id":"https:\/\/seryhumano.com\/web\/#\/schema\/person\/fd30e8e0b394a62344b44d9b0fe75795","name":"@herrera_yosmar","description":"Eterna enamorada de la vida, comunicadora, mam\u00e1 de tres","sameAs":["http:\/\/seryhumano.com"],"url":"https:\/\/seryhumano.com\/web\/?author=2"}]}},"_links":{"self":[{"href":"https:\/\/seryhumano.com\/web\/index.php?rest_route=\/wp\/v2\/posts\/2588","targetHints":{"allow":["GET"]}}],"collection":[{"href":"https:\/\/seryhumano.com\/web\/index.php?rest_route=\/wp\/v2\/posts"}],"about":[{"href":"https:\/\/seryhumano.com\/web\/index.php?rest_route=\/wp\/v2\/types\/post"}],"author":[{"embeddable":true,"href":"https:\/\/seryhumano.com\/web\/index.php?rest_route=\/wp\/v2\/users\/2"}],"replies":[{"embeddable":true,"href":"https:\/\/seryhumano.com\/web\/index.php?rest_route=%2Fwp%2Fv2%2Fcomments&post=2588"}],"version-history":[{"count":0,"href":"https:\/\/seryhumano.com\/web\/index.php?rest_route=\/wp\/v2\/posts\/2588\/revisions"}],"wp:featuredmedia":[{"embeddable":true,"href":"https:\/\/seryhumano.com\/web\/index.php?rest_route=\/wp\/v2\/media\/2597"}],"wp:attachment":[{"href":"https:\/\/seryhumano.com\/web\/index.php?rest_route=%2Fwp%2Fv2%2Fmedia&parent=2588"}],"wp:term":[{"taxonomy":"category","embeddable":true,"href":"https:\/\/seryhumano.com\/web\/index.php?rest_route=%2Fwp%2Fv2%2Fcategories&post=2588"},{"taxonomy":"post_tag","embeddable":true,"href":"https:\/\/seryhumano.com\/web\/index.php?rest_route=%2Fwp%2Fv2%2Ftags&post=2588"}],"curies":[{"name":"wp","href":"https:\/\/api.w.org\/{rel}","templated":true}]}}