{"id":26,"date":"2012-06-24T11:27:00","date_gmt":"2012-06-24T15:57:00","guid":{"rendered":"https:\/\/seryhumano.com\/web\/?p=26"},"modified":"2015-06-26T08:43:58","modified_gmt":"2015-06-26T13:13:58","slug":"periodismo-una-maravillosa-escuela-de-vida","status":"publish","type":"post","link":"https:\/\/seryhumano.com\/web\/?p=26","title":{"rendered":"Periodismo: \u00abUna maravillosa escuela de vida\u00bb"},"content":{"rendered":"<div style=\"text-align: center;\"><em><a href=\"https:\/\/seryhumano.com\/web\/wp-content\/uploads\/2012\/06\/periodista.jpg\"><img loading=\"lazy\" decoding=\"async\" class=\"alignleft size-full wp-image-169\" title=\"periodista\" src=\"https:\/\/seryhumano.com\/web\/wp-content\/uploads\/2012\/06\/periodista.jpg\" alt=\"\" width=\"220\" height=\"229\" \/><\/a>\u201dPara ejercer el periodismo, ante todo, hay que ser buenos seres humanos. Las malas personas no pueden ser buenos periodistas. ..\u201d<\/em>\u00a0\u00a0<strong>Ryszard Kapuscinski<\/strong><\/div>\n<div><\/div>\n<div>El d\u00eda a d\u00eda est\u00e1 lleno de retos en todos los \u00e1mbitos que nos ha tocado vivir, en especial para los periodistas, que debemos salir cargados de energ\u00eda y muy motivados para realizar nuestro trabajo, para el cual muchas veces no se tiene horario y debemos estar atentos a cada acontecimiento en marcha, poniendo a prueba nuestra capacidad tanto profesional como de improvisaci\u00f3n en el acto.<\/div>\n<div><\/div>\n<div>\n<div style=\"clear: both; text-align: center;\"><\/div>\n<p>Debemos partir del hecho que el periodista es ante todo \u00a0un ser humano, que como tal sus sentimientos juegan un papel importante en lo que redactar\u00e1 en cada pauta; que lo que trasmitir\u00e1 llevar\u00e1 su inconfundible firma y por m\u00e1s plantilla aprendida en el curso de su formaci\u00f3n, ser\u00e1 en definitiva su esencia \u00a0la que brindar\u00e1 a trav\u00e9s del medio para el que trabaje. La forma en que difunda la informaci\u00f3n o noticia en un momento determinado, quedar\u00e1 en el imaginario colectivo de quien reciba tal informaci\u00f3n, como lo supo expresar Arist\u00f3teles cuando dijo que \u201c<em>la habilidad de expresar una idea es tan importante como la idea misma<\/em>\u201d.<\/p>\n<\/div>\n<div><a href=\"https:\/\/seryhumano.com\/web\/?attachment_id=19819\" rel=\"attachment wp-att-19819\"><img loading=\"lazy\" decoding=\"async\" class=\" wp-image-19819 size-medium alignright\" src=\"https:\/\/seryhumano.com\/web\/wp-content\/uploads\/2012\/06\/periodismo-300x199.jpg\" alt=\"periodismo\" width=\"300\" height=\"199\" srcset=\"https:\/\/seryhumano.com\/web\/wp-content\/uploads\/2012\/06\/periodismo-300x199.jpg 300w, https:\/\/seryhumano.com\/web\/wp-content\/uploads\/2012\/06\/periodismo.jpg 960w\" sizes=\"auto, (max-width: 300px) 100vw, 300px\" \/><\/a>Por otro lado y parafraseando a\u00a0 Ignacio Rodr\u00edguez Reyna, periodista de diferentes diarios mexicanos, entre ellos la Reforma y El Universal, \u201c<em>el reto para todos, profesionalmente, es ir construyendo espacios. No importa si trabajamos en un medio\u00a0 con mucha fortaleza y solidez financiera, o un medio m\u00e1s peque\u00f1o, mediano o regional; lo importante es abrir espacio, este es un oficio cuya lucha no acaba<\/em>\u201d.<\/div>\n<div><\/div>\n<div><\/div>\n<div>Y a veces se comienza esa lucha desde temprana edad, otras como en mi caso, no. A\u00fan as\u00ed estoy de acuerdo con lo que dec\u00eda Joseph Pulitzer, \u201cel poder para moldear el futuro de una Rep\u00fablica estar\u00e1 en manos del periodismo de las generaciones futuras\u201d.<\/div>\n<div><\/div>\n<div>\n<div style=\"clear: both; text-align: center;\"><\/div>\n<p><a href=\"https:\/\/seryhumano.com\/web\/?attachment_id=19820\" rel=\"attachment wp-att-19820\"><img loading=\"lazy\" decoding=\"async\" class=\"alignleft wp-image-19820 size-medium\" src=\"https:\/\/seryhumano.com\/web\/wp-content\/uploads\/2012\/06\/periodismo1-130x300.jpg\" alt=\"periodismo1\" width=\"130\" height=\"300\" srcset=\"https:\/\/seryhumano.com\/web\/wp-content\/uploads\/2012\/06\/periodismo1-130x300.jpg 130w, https:\/\/seryhumano.com\/web\/wp-content\/uploads\/2012\/06\/periodismo1.jpg 416w\" sizes=\"auto, (max-width: 130px) 100vw, 130px\" \/><\/a>La oportunidad de ejercer esta profesi\u00f3n\u00a0 me ha permitido entre muchas cosas, entre ellas, evaluar la forma en que interact\u00fao con el mundo, \u00a0transmitir sus valores, \u00a0posicionar el ego, \u00a0sistematizar mi horario,\u00a0 motivar mi\u00a0 tenacidad,\u00a0 hacer excelentes amigos\u2026\u00a0 en fin, en palabras de Alejo Carpentier, \u201c<em>el periodismo es una maravillosa escuela de vida<\/em>\u201d.<\/p>\n<p>seryhumano.com \/ Yosmar Herrera<\/p>\n<\/div>\n","protected":false},"excerpt":{"rendered":"<p>\u201dPara ejercer el periodismo, ante todo, hay que ser buenos seres humanos. Las malas personas no pueden ser buenos periodistas. ..\u201d\u00a0\u00a0Ryszard Kapuscinski El d\u00eda a d\u00eda est\u00e1 lleno de retos en todos los \u00e1mbitos que nos ha tocado vivir, en especial para los periodistas, que debemos salir cargados de energ\u00eda y muy motivados para realizar&hellip;<\/p>\n","protected":false},"author":2,"featured_media":169,"comment_status":"closed","ping_status":"closed","sticky":false,"template":"","format":"standard","meta":{"footnotes":""},"categories":[122],"tags":[],"class_list":["post-26","post","type-post","status-publish","format-standard","has-post-thumbnail","hentry","category-cultura","category-122","description-off"],"yoast_head":"<!-- This site is optimized with the Yoast SEO plugin v25.4 - https:\/\/yoast.com\/wordpress\/plugins\/seo\/ -->\n<title>Periodismo: &quot;Una maravillosa escuela de vida&quot; &#187; SeryHumano.com<\/title>\n<meta name=\"robots\" content=\"index, follow, max-snippet:-1, max-image-preview:large, max-video-preview:-1\" \/>\n<link rel=\"canonical\" href=\"https:\/\/seryhumano.com\/web\/?p=26\" \/>\n<meta property=\"og:locale\" content=\"es_ES\" \/>\n<meta property=\"og:type\" content=\"article\" \/>\n<meta property=\"og:title\" content=\"Periodismo: &quot;Una maravillosa escuela de vida&quot; &#187; SeryHumano.com\" \/>\n<meta property=\"og:description\" content=\"\u201dPara ejercer el periodismo, ante todo, hay que ser buenos seres humanos. Las malas personas no pueden ser buenos periodistas. ..\u201d\u00a0\u00a0Ryszard Kapuscinski El d\u00eda a d\u00eda est\u00e1 lleno de retos en todos los \u00e1mbitos que nos ha tocado vivir, en especial para los periodistas, que debemos salir cargados de energ\u00eda y muy motivados para realizar&hellip;\" \/>\n<meta property=\"og:url\" content=\"https:\/\/seryhumano.com\/web\/?p=26\" \/>\n<meta property=\"og:site_name\" content=\"SeryHumano.com\" \/>\n<meta property=\"article:publisher\" content=\"https:\/\/www.facebook.com\/seryhumano\/\" \/>\n<meta property=\"article:published_time\" content=\"2012-06-24T15:57:00+00:00\" \/>\n<meta property=\"article:modified_time\" content=\"2015-06-26T13:13:58+00:00\" \/>\n<meta property=\"og:image\" content=\"https:\/\/seryhumano.com\/web\/wp-content\/uploads\/2012\/06\/periodista.jpg\" \/>\n\t<meta property=\"og:image:width\" content=\"220\" \/>\n\t<meta property=\"og:image:height\" content=\"229\" \/>\n\t<meta property=\"og:image:type\" content=\"image\/jpeg\" \/>\n<meta name=\"author\" content=\"@herrera_yosmar\" \/>\n<meta name=\"twitter:card\" content=\"summary_large_image\" \/>\n<meta name=\"twitter:creator\" content=\"@SeryHumano\" \/>\n<meta name=\"twitter:site\" content=\"@SeryHumano\" \/>\n<meta name=\"twitter:label1\" content=\"Escrito por\" \/>\n\t<meta name=\"twitter:data1\" content=\"@herrera_yosmar\" \/>\n\t<meta name=\"twitter:label2\" content=\"Tiempo de lectura\" \/>\n\t<meta name=\"twitter:data2\" content=\"2 minutos\" \/>\n<script type=\"application\/ld+json\" class=\"yoast-schema-graph\">{\"@context\":\"https:\/\/schema.org\",\"@graph\":[{\"@type\":\"Article\",\"@id\":\"https:\/\/seryhumano.com\/web\/?p=26#article\",\"isPartOf\":{\"@id\":\"https:\/\/seryhumano.com\/web\/?p=26\"},\"author\":{\"name\":\"@herrera_yosmar\",\"@id\":\"https:\/\/seryhumano.com\/web\/#\/schema\/person\/fd30e8e0b394a62344b44d9b0fe75795\"},\"headline\":\"Periodismo: \u00abUna maravillosa escuela de vida\u00bb\",\"datePublished\":\"2012-06-24T15:57:00+00:00\",\"dateModified\":\"2015-06-26T13:13:58+00:00\",\"mainEntityOfPage\":{\"@id\":\"https:\/\/seryhumano.com\/web\/?p=26\"},\"wordCount\":386,\"publisher\":{\"@id\":\"https:\/\/seryhumano.com\/web\/#organization\"},\"image\":{\"@id\":\"https:\/\/seryhumano.com\/web\/?p=26#primaryimage\"},\"thumbnailUrl\":\"https:\/\/seryhumano.com\/web\/wp-content\/uploads\/2012\/06\/periodista.jpg\",\"articleSection\":[\"Cultura del Ser\"],\"inLanguage\":\"es\"},{\"@type\":\"WebPage\",\"@id\":\"https:\/\/seryhumano.com\/web\/?p=26\",\"url\":\"https:\/\/seryhumano.com\/web\/?p=26\",\"name\":\"Periodismo: \\\"Una maravillosa escuela de vida\\\" &#187; SeryHumano.com\",\"isPartOf\":{\"@id\":\"https:\/\/seryhumano.com\/web\/#website\"},\"primaryImageOfPage\":{\"@id\":\"https:\/\/seryhumano.com\/web\/?p=26#primaryimage\"},\"image\":{\"@id\":\"https:\/\/seryhumano.com\/web\/?p=26#primaryimage\"},\"thumbnailUrl\":\"https:\/\/seryhumano.com\/web\/wp-content\/uploads\/2012\/06\/periodista.jpg\",\"datePublished\":\"2012-06-24T15:57:00+00:00\",\"dateModified\":\"2015-06-26T13:13:58+00:00\",\"breadcrumb\":{\"@id\":\"https:\/\/seryhumano.com\/web\/?p=26#breadcrumb\"},\"inLanguage\":\"es\",\"potentialAction\":[{\"@type\":\"ReadAction\",\"target\":[\"https:\/\/seryhumano.com\/web\/?p=26\"]}]},{\"@type\":\"ImageObject\",\"inLanguage\":\"es\",\"@id\":\"https:\/\/seryhumano.com\/web\/?p=26#primaryimage\",\"url\":\"https:\/\/seryhumano.com\/web\/wp-content\/uploads\/2012\/06\/periodista.jpg\",\"contentUrl\":\"https:\/\/seryhumano.com\/web\/wp-content\/uploads\/2012\/06\/periodista.jpg\",\"width\":\"220\",\"height\":\"229\"},{\"@type\":\"BreadcrumbList\",\"@id\":\"https:\/\/seryhumano.com\/web\/?p=26#breadcrumb\",\"itemListElement\":[{\"@type\":\"ListItem\",\"position\":1,\"name\":\"Portada\",\"item\":\"https:\/\/seryhumano.com\/web\/\"},{\"@type\":\"ListItem\",\"position\":2,\"name\":\"Periodismo: \u00abUna maravillosa escuela de vida\u00bb\"}]},{\"@type\":\"WebSite\",\"@id\":\"https:\/\/seryhumano.com\/web\/#website\",\"url\":\"https:\/\/seryhumano.com\/web\/\",\"name\":\"SeryHumano.com\",\"description\":\"Revista digital muy humana, donde lo mas importante es el Ser...\",\"publisher\":{\"@id\":\"https:\/\/seryhumano.com\/web\/#organization\"},\"potentialAction\":[{\"@type\":\"SearchAction\",\"target\":{\"@type\":\"EntryPoint\",\"urlTemplate\":\"https:\/\/seryhumano.com\/web\/?s={search_term_string}\"},\"query-input\":{\"@type\":\"PropertyValueSpecification\",\"valueRequired\":true,\"valueName\":\"search_term_string\"}}],\"inLanguage\":\"es\"},{\"@type\":\"Organization\",\"@id\":\"https:\/\/seryhumano.com\/web\/#organization\",\"name\":\"SeryHumano.com\",\"url\":\"https:\/\/seryhumano.com\/web\/\",\"logo\":{\"@type\":\"ImageObject\",\"inLanguage\":\"es\",\"@id\":\"https:\/\/seryhumano.com\/web\/#\/schema\/logo\/image\/\",\"url\":\"https:\/\/seryhumano.com\/web\/wp-content\/uploads\/2020\/02\/JNe5VRwH_400x400-2.jpg\",\"contentUrl\":\"https:\/\/seryhumano.com\/web\/wp-content\/uploads\/2020\/02\/JNe5VRwH_400x400-2.jpg\",\"width\":400,\"height\":400,\"caption\":\"SeryHumano.com\"},\"image\":{\"@id\":\"https:\/\/seryhumano.com\/web\/#\/schema\/logo\/image\/\"},\"sameAs\":[\"https:\/\/www.facebook.com\/seryhumano\/\",\"https:\/\/x.com\/SeryHumano\",\"https:\/\/www.instagram.com\/seryhumano\/\",\"https:\/\/www.linkedin.com\/company\/seryhumano-com\/\",\"https:\/\/www.youtube.com\/channel\/UCYfgIGSxygVnJAW0e9ZBZWg\"]},{\"@type\":\"Person\",\"@id\":\"https:\/\/seryhumano.com\/web\/#\/schema\/person\/fd30e8e0b394a62344b44d9b0fe75795\",\"name\":\"@herrera_yosmar\",\"description\":\"Eterna enamorada de la vida, comunicadora, mam\u00e1 de tres\",\"sameAs\":[\"http:\/\/seryhumano.com\"],\"url\":\"https:\/\/seryhumano.com\/web\/?author=2\"}]}<\/script>\n<!-- \/ Yoast SEO plugin. -->","yoast_head_json":{"title":"Periodismo: \"Una maravillosa escuela de vida\" &#187; SeryHumano.com","robots":{"index":"index","follow":"follow","max-snippet":"max-snippet:-1","max-image-preview":"max-image-preview:large","max-video-preview":"max-video-preview:-1"},"canonical":"https:\/\/seryhumano.com\/web\/?p=26","og_locale":"es_ES","og_type":"article","og_title":"Periodismo: \"Una maravillosa escuela de vida\" &#187; SeryHumano.com","og_description":"\u201dPara ejercer el periodismo, ante todo, hay que ser buenos seres humanos. Las malas personas no pueden ser buenos periodistas. ..\u201d\u00a0\u00a0Ryszard Kapuscinski El d\u00eda a d\u00eda est\u00e1 lleno de retos en todos los \u00e1mbitos que nos ha tocado vivir, en especial para los periodistas, que debemos salir cargados de energ\u00eda y muy motivados para realizar&hellip;","og_url":"https:\/\/seryhumano.com\/web\/?p=26","og_site_name":"SeryHumano.com","article_publisher":"https:\/\/www.facebook.com\/seryhumano\/","article_published_time":"2012-06-24T15:57:00+00:00","article_modified_time":"2015-06-26T13:13:58+00:00","og_image":[{"width":220,"height":229,"url":"https:\/\/seryhumano.com\/web\/wp-content\/uploads\/2012\/06\/periodista.jpg","type":"image\/jpeg"}],"author":"@herrera_yosmar","twitter_card":"summary_large_image","twitter_creator":"@SeryHumano","twitter_site":"@SeryHumano","twitter_misc":{"Escrito por":"@herrera_yosmar","Tiempo de lectura":"2 minutos"},"schema":{"@context":"https:\/\/schema.org","@graph":[{"@type":"Article","@id":"https:\/\/seryhumano.com\/web\/?p=26#article","isPartOf":{"@id":"https:\/\/seryhumano.com\/web\/?p=26"},"author":{"name":"@herrera_yosmar","@id":"https:\/\/seryhumano.com\/web\/#\/schema\/person\/fd30e8e0b394a62344b44d9b0fe75795"},"headline":"Periodismo: \u00abUna maravillosa escuela de vida\u00bb","datePublished":"2012-06-24T15:57:00+00:00","dateModified":"2015-06-26T13:13:58+00:00","mainEntityOfPage":{"@id":"https:\/\/seryhumano.com\/web\/?p=26"},"wordCount":386,"publisher":{"@id":"https:\/\/seryhumano.com\/web\/#organization"},"image":{"@id":"https:\/\/seryhumano.com\/web\/?p=26#primaryimage"},"thumbnailUrl":"https:\/\/seryhumano.com\/web\/wp-content\/uploads\/2012\/06\/periodista.jpg","articleSection":["Cultura del Ser"],"inLanguage":"es"},{"@type":"WebPage","@id":"https:\/\/seryhumano.com\/web\/?p=26","url":"https:\/\/seryhumano.com\/web\/?p=26","name":"Periodismo: \"Una maravillosa escuela de vida\" &#187; SeryHumano.com","isPartOf":{"@id":"https:\/\/seryhumano.com\/web\/#website"},"primaryImageOfPage":{"@id":"https:\/\/seryhumano.com\/web\/?p=26#primaryimage"},"image":{"@id":"https:\/\/seryhumano.com\/web\/?p=26#primaryimage"},"thumbnailUrl":"https:\/\/seryhumano.com\/web\/wp-content\/uploads\/2012\/06\/periodista.jpg","datePublished":"2012-06-24T15:57:00+00:00","dateModified":"2015-06-26T13:13:58+00:00","breadcrumb":{"@id":"https:\/\/seryhumano.com\/web\/?p=26#breadcrumb"},"inLanguage":"es","potentialAction":[{"@type":"ReadAction","target":["https:\/\/seryhumano.com\/web\/?p=26"]}]},{"@type":"ImageObject","inLanguage":"es","@id":"https:\/\/seryhumano.com\/web\/?p=26#primaryimage","url":"https:\/\/seryhumano.com\/web\/wp-content\/uploads\/2012\/06\/periodista.jpg","contentUrl":"https:\/\/seryhumano.com\/web\/wp-content\/uploads\/2012\/06\/periodista.jpg","width":"220","height":"229"},{"@type":"BreadcrumbList","@id":"https:\/\/seryhumano.com\/web\/?p=26#breadcrumb","itemListElement":[{"@type":"ListItem","position":1,"name":"Portada","item":"https:\/\/seryhumano.com\/web\/"},{"@type":"ListItem","position":2,"name":"Periodismo: \u00abUna maravillosa escuela de vida\u00bb"}]},{"@type":"WebSite","@id":"https:\/\/seryhumano.com\/web\/#website","url":"https:\/\/seryhumano.com\/web\/","name":"SeryHumano.com","description":"Revista digital muy humana, donde lo mas importante es el Ser...","publisher":{"@id":"https:\/\/seryhumano.com\/web\/#organization"},"potentialAction":[{"@type":"SearchAction","target":{"@type":"EntryPoint","urlTemplate":"https:\/\/seryhumano.com\/web\/?s={search_term_string}"},"query-input":{"@type":"PropertyValueSpecification","valueRequired":true,"valueName":"search_term_string"}}],"inLanguage":"es"},{"@type":"Organization","@id":"https:\/\/seryhumano.com\/web\/#organization","name":"SeryHumano.com","url":"https:\/\/seryhumano.com\/web\/","logo":{"@type":"ImageObject","inLanguage":"es","@id":"https:\/\/seryhumano.com\/web\/#\/schema\/logo\/image\/","url":"https:\/\/seryhumano.com\/web\/wp-content\/uploads\/2020\/02\/JNe5VRwH_400x400-2.jpg","contentUrl":"https:\/\/seryhumano.com\/web\/wp-content\/uploads\/2020\/02\/JNe5VRwH_400x400-2.jpg","width":400,"height":400,"caption":"SeryHumano.com"},"image":{"@id":"https:\/\/seryhumano.com\/web\/#\/schema\/logo\/image\/"},"sameAs":["https:\/\/www.facebook.com\/seryhumano\/","https:\/\/x.com\/SeryHumano","https:\/\/www.instagram.com\/seryhumano\/","https:\/\/www.linkedin.com\/company\/seryhumano-com\/","https:\/\/www.youtube.com\/channel\/UCYfgIGSxygVnJAW0e9ZBZWg"]},{"@type":"Person","@id":"https:\/\/seryhumano.com\/web\/#\/schema\/person\/fd30e8e0b394a62344b44d9b0fe75795","name":"@herrera_yosmar","description":"Eterna enamorada de la vida, comunicadora, mam\u00e1 de tres","sameAs":["http:\/\/seryhumano.com"],"url":"https:\/\/seryhumano.com\/web\/?author=2"}]}},"_links":{"self":[{"href":"https:\/\/seryhumano.com\/web\/index.php?rest_route=\/wp\/v2\/posts\/26","targetHints":{"allow":["GET"]}}],"collection":[{"href":"https:\/\/seryhumano.com\/web\/index.php?rest_route=\/wp\/v2\/posts"}],"about":[{"href":"https:\/\/seryhumano.com\/web\/index.php?rest_route=\/wp\/v2\/types\/post"}],"author":[{"embeddable":true,"href":"https:\/\/seryhumano.com\/web\/index.php?rest_route=\/wp\/v2\/users\/2"}],"replies":[{"embeddable":true,"href":"https:\/\/seryhumano.com\/web\/index.php?rest_route=%2Fwp%2Fv2%2Fcomments&post=26"}],"version-history":[{"count":0,"href":"https:\/\/seryhumano.com\/web\/index.php?rest_route=\/wp\/v2\/posts\/26\/revisions"}],"wp:featuredmedia":[{"embeddable":true,"href":"https:\/\/seryhumano.com\/web\/index.php?rest_route=\/wp\/v2\/media\/169"}],"wp:attachment":[{"href":"https:\/\/seryhumano.com\/web\/index.php?rest_route=%2Fwp%2Fv2%2Fmedia&parent=26"}],"wp:term":[{"taxonomy":"category","embeddable":true,"href":"https:\/\/seryhumano.com\/web\/index.php?rest_route=%2Fwp%2Fv2%2Fcategories&post=26"},{"taxonomy":"post_tag","embeddable":true,"href":"https:\/\/seryhumano.com\/web\/index.php?rest_route=%2Fwp%2Fv2%2Ftags&post=26"}],"curies":[{"name":"wp","href":"https:\/\/api.w.org\/{rel}","templated":true}]}}