{"id":2621,"date":"2013-01-30T17:37:32","date_gmt":"2013-01-30T22:07:32","guid":{"rendered":"https:\/\/seryhumano.com\/web\/?p=2621"},"modified":"2013-01-30T19:02:38","modified_gmt":"2013-01-30T23:32:38","slug":"la-cinemateca-de-san-cristobal","status":"publish","type":"post","link":"https:\/\/seryhumano.com\/web\/?p=2621","title":{"rendered":"La Cinemateca de San Crist\u00f3bal"},"content":{"rendered":"<p><a href=\"https:\/\/seryhumano.com\/web\/?attachment_id=2622\" rel=\"attachment wp-att-2622\"><img loading=\"lazy\" decoding=\"async\" class=\"alignright size-full wp-image-2622\" alt=\"Cinemateca San Crist\u00f3bal\" src=\"https:\/\/seryhumano.com\/web\/wp-content\/uploads\/2013\/01\/Cinemateca-San-Crist\u00f3bal.jpg\" width=\"259\" height=\"194\" \/><\/a>La Fundaci\u00f3n Cinemateca Nacional celebra el D\u00eda Nacional del Cine venezolano llevando lo mejor de la cinematograf\u00eda nacional y mundial al Estado T\u00e1chira, \u00a0con la apertura de la Sala Cinemateca San Crist\u00f3bal este 31 de enero de 2013 y la proyecci\u00f3n en su pantalla de cortos animados de sello criollo, para ni\u00f1as y ni\u00f1os.<\/p>\n<p>Con la colaboraci\u00f3n del Centro Nacional Aut\u00f3nomo de Cinematograf\u00eda (CNAC), el Instituto de Patrimonio cultural y\u00a0 La Fundaci\u00f3n de Edificaciones y Dotaciones Educativas (FEDE) del Ministerio del Poder Popular para la Educaci\u00f3n, la inauguraci\u00f3n de la Sala Cinemateca San Crist\u00f3bal corresponde a la continuaci\u00f3n de la pol\u00edtica de expansi\u00f3n que se inici\u00f3 en 2006 desde el Ministerio del Poder Popular para la Cultura, con la creaci\u00f3n e implantaci\u00f3n de la Red de Salas Regionales de la Cinemateca Nacional.<a href=\"https:\/\/seryhumano.com\/web\/?attachment_id=2625\" rel=\"attachment wp-att-2625\"><img loading=\"lazy\" decoding=\"async\" class=\"alignright size-full wp-image-2625\" alt=\"cine 1\" src=\"https:\/\/seryhumano.com\/web\/wp-content\/uploads\/2013\/01\/cine-1.jpg\" width=\"254\" height=\"199\" \/><\/a><\/p>\n<p>Esta sala es la n\u00famero 21 que se incorpora a la Red Nacional de Salas Regionales de la Cinemateca luego de las recientes inauguraciones de las salas Macuto y Barcelona, acciones que consolidan el car\u00e1cter nacional y\u00a0 popular de la Fundaci\u00f3n, que sigue llevando el buen cine a los venezolanos.<\/p>\n<p><a href=\"https:\/\/seryhumano.com\/web\/?attachment_id=2624\" rel=\"attachment wp-att-2624\"><img loading=\"lazy\" decoding=\"async\" class=\"alignleft size-full wp-image-2624\" alt=\"cine\" src=\"https:\/\/seryhumano.com\/web\/wp-content\/uploads\/2013\/01\/cine.jpg\" width=\"275\" height=\"183\" \/><\/a>Esta sala se encontrar\u00e1 totalmente acondicionada para recibir a 120 personas, que disfrutar\u00e1n del hecho cinematogr\u00e1fico en formato digital. \u201cAll\u00ed atendemos a otro estado andino, esto se traduce en la ampliaci\u00f3n de la oferta cultural en materia cinematogr\u00e1fica, es decir, la exhibici\u00f3n de cine venezolano, de nuestra Am\u00e9rica y del Caribe, pero tambi\u00e9n de otras\u00a0filmograf\u00edas\u00a0que son excluidas de las pantallas comerciales\u201d, afirmo el presidente de la Cinemateca Nacional, Javier Sarabia.<\/p>\n<p>No solo se trata de exhibir cine como recreaci\u00f3n, e\u00e9ta como las anteriores aperturas en otros estados del pa\u00eds tambi\u00e9n busca la formaci\u00f3n de audiencias: \u201cEs la capacidad que tiene la programaci\u00f3n que nosotros ofrecemos, una programaci\u00f3n que incentiva la promoci\u00f3n y la realizaci\u00f3n cinematogr\u00e1fica\u201d, agreg\u00f3 Sarabia. Esto es posible mediante proyecciones de los realizadores \u00a0regionales y la inclusi\u00f3n de formatos y modalidades como el cortometraje, mediometraje y documental.<a href=\"https:\/\/seryhumano.com\/web\/?attachment_id=2626\" rel=\"attachment wp-att-2626\"><img loading=\"lazy\" decoding=\"async\" class=\"alignright size-full wp-image-2626\" alt=\"cine 2\" src=\"https:\/\/seryhumano.com\/web\/wp-content\/uploads\/2013\/01\/cine-2.jpg\" width=\"228\" height=\"221\" \/><\/a><\/p>\n<p>Se invita a toda la comunidad tachirense a ser part\u00edcipe de la inauguraci\u00f3n de Sala Cinemateca San Crist\u00f3bal este 31 de enero a las 11:00 am, en la Av. Carabobo entre carrera 7 y Av. Libertador, frente a la Plaza R\u00edos Reina y Biblioteca Leonardo Ruiz Pineda. Parroquia San Juan Bautista, municipio San Crist\u00f3bal.<\/p>\n<p><b>La\u00a0Fundaci\u00f3n\u00a0Cinemateca\u00a0Nacional<\/b><\/p>\n<p><a href=\"https:\/\/seryhumano.com\/web\/?attachment_id=2623\" rel=\"attachment wp-att-2623\"><img loading=\"lazy\" decoding=\"async\" class=\"alignleft size-full wp-image-2623\" alt=\"Centro Nacional Aut\u00f3nomo de Cinematograf\u00eda (CNAC)\" src=\"https:\/\/seryhumano.com\/web\/wp-content\/uploads\/2013\/01\/Centro-Nacional-Aut\u00f3nomo-de-Cinematograf\u00eda-CNAC.jpg\" width=\"252\" height=\"200\" \/><\/a>La Fundaci\u00f3n Cinemateca\u00a0Nacional es una instituci\u00f3n adscrita al Ministerio del Poder Popular para\u00a0la Cultura, que forma parte de\u00a0la Plataforma\u00a0de Cine y Medios Audiovisuales. Entre sus prop\u00f3sitos se encuentra la investigaci\u00f3n, la documentaci\u00f3n y la sensibilizaci\u00f3n de la poblaci\u00f3n ante el hecho audiovisual. Es un centro especializado para la difusi\u00f3n de la cultura cinematogr\u00e1fica, propiciando la discusi\u00f3n, el an\u00e1lisis y el conocimiento de esta manifestaci\u00f3n de la cultura. Tambi\u00e9n asume la restauraci\u00f3n, la conservaci\u00f3n y el resguardo del patrimonio f\u00edlmico y audiovisual de la naci\u00f3n<\/p>\n<p>Fundada el 4 de mayo de\u00a01966, a\u00a0lo largo de los a\u00f1os se ha adaptado a la realidad venezolana al punto que, hoy por hoy impulsa una pol\u00edtica cultural cinematogr\u00e1fica inclusiva.<\/p>\n<p>Seryhumano.com<\/p>\n<p>Fuente: Daniella Santander\/Sandra Echarry<\/p>\n<p>&nbsp;<\/p>\n","protected":false},"excerpt":{"rendered":"<p>La Fundaci\u00f3n Cinemateca Nacional celebra el D\u00eda Nacional del Cine venezolano llevando lo mejor de la cinematograf\u00eda nacional y mundial al Estado T\u00e1chira, \u00a0con la apertura de la Sala Cinemateca San Crist\u00f3bal este 31 de enero de 2013 y la proyecci\u00f3n en su pantalla de cortos animados de sello criollo, para ni\u00f1as y ni\u00f1os. Con&hellip;<\/p>\n","protected":false},"author":2,"featured_media":2632,"comment_status":"closed","ping_status":"closed","sticky":false,"template":"","format":"standard","meta":{"footnotes":""},"categories":[110],"tags":[111],"class_list":["post-2621","post","type-post","status-publish","format-standard","has-post-thumbnail","hentry","category-noticias","tag-slider","category-110","description-off"],"yoast_head":"<!-- This site is optimized with the Yoast SEO plugin v25.4 - https:\/\/yoast.com\/wordpress\/plugins\/seo\/ -->\n<title>La Cinemateca de San Crist\u00f3bal  &#187; SeryHumano.com<\/title>\n<meta name=\"robots\" content=\"index, follow, max-snippet:-1, max-image-preview:large, max-video-preview:-1\" \/>\n<link rel=\"canonical\" href=\"https:\/\/seryhumano.com\/web\/?p=2621\" \/>\n<meta property=\"og:locale\" content=\"es_ES\" \/>\n<meta property=\"og:type\" content=\"article\" \/>\n<meta property=\"og:title\" content=\"La Cinemateca de San Crist\u00f3bal  &#187; SeryHumano.com\" \/>\n<meta property=\"og:description\" content=\"La Fundaci\u00f3n Cinemateca Nacional celebra el D\u00eda Nacional del Cine venezolano llevando lo mejor de la cinematograf\u00eda nacional y mundial al Estado T\u00e1chira, \u00a0con la apertura de la Sala Cinemateca San Crist\u00f3bal este 31 de enero de 2013 y la proyecci\u00f3n en su pantalla de cortos animados de sello criollo, para ni\u00f1as y ni\u00f1os. Con&hellip;\" \/>\n<meta property=\"og:url\" content=\"https:\/\/seryhumano.com\/web\/?p=2621\" \/>\n<meta property=\"og:site_name\" content=\"SeryHumano.com\" \/>\n<meta property=\"article:publisher\" content=\"https:\/\/www.facebook.com\/seryhumano\/\" \/>\n<meta property=\"article:published_time\" content=\"2013-01-30T22:07:32+00:00\" \/>\n<meta property=\"article:modified_time\" content=\"2013-01-30T23:32:38+00:00\" \/>\n<meta property=\"og:image\" content=\"https:\/\/seryhumano.com\/web\/wp-content\/uploads\/2013\/01\/featureslider_cine.jpg\" \/>\n\t<meta property=\"og:image:width\" content=\"910\" \/>\n\t<meta property=\"og:image:height\" content=\"227\" \/>\n\t<meta property=\"og:image:type\" content=\"image\/jpeg\" \/>\n<meta name=\"author\" content=\"@herrera_yosmar\" \/>\n<meta name=\"twitter:card\" content=\"summary_large_image\" \/>\n<meta name=\"twitter:creator\" content=\"@SeryHumano\" \/>\n<meta name=\"twitter:site\" content=\"@SeryHumano\" \/>\n<meta name=\"twitter:label1\" content=\"Escrito por\" \/>\n\t<meta name=\"twitter:data1\" content=\"@herrera_yosmar\" \/>\n\t<meta name=\"twitter:label2\" content=\"Tiempo de lectura\" \/>\n\t<meta name=\"twitter:data2\" content=\"3 minutos\" \/>\n<script type=\"application\/ld+json\" class=\"yoast-schema-graph\">{\"@context\":\"https:\/\/schema.org\",\"@graph\":[{\"@type\":\"Article\",\"@id\":\"https:\/\/seryhumano.com\/web\/?p=2621#article\",\"isPartOf\":{\"@id\":\"https:\/\/seryhumano.com\/web\/?p=2621\"},\"author\":{\"name\":\"@herrera_yosmar\",\"@id\":\"https:\/\/seryhumano.com\/web\/#\/schema\/person\/fd30e8e0b394a62344b44d9b0fe75795\"},\"headline\":\"La Cinemateca de San Crist\u00f3bal\",\"datePublished\":\"2013-01-30T22:07:32+00:00\",\"dateModified\":\"2013-01-30T23:32:38+00:00\",\"mainEntityOfPage\":{\"@id\":\"https:\/\/seryhumano.com\/web\/?p=2621\"},\"wordCount\":573,\"publisher\":{\"@id\":\"https:\/\/seryhumano.com\/web\/#organization\"},\"image\":{\"@id\":\"https:\/\/seryhumano.com\/web\/?p=2621#primaryimage\"},\"thumbnailUrl\":\"https:\/\/seryhumano.com\/web\/wp-content\/uploads\/2013\/01\/featureslider_cine.jpg\",\"keywords\":[\"Slider\"],\"articleSection\":[\"Noticias\"],\"inLanguage\":\"es\"},{\"@type\":\"WebPage\",\"@id\":\"https:\/\/seryhumano.com\/web\/?p=2621\",\"url\":\"https:\/\/seryhumano.com\/web\/?p=2621\",\"name\":\"La Cinemateca de San Crist\u00f3bal &#187; SeryHumano.com\",\"isPartOf\":{\"@id\":\"https:\/\/seryhumano.com\/web\/#website\"},\"primaryImageOfPage\":{\"@id\":\"https:\/\/seryhumano.com\/web\/?p=2621#primaryimage\"},\"image\":{\"@id\":\"https:\/\/seryhumano.com\/web\/?p=2621#primaryimage\"},\"thumbnailUrl\":\"https:\/\/seryhumano.com\/web\/wp-content\/uploads\/2013\/01\/featureslider_cine.jpg\",\"datePublished\":\"2013-01-30T22:07:32+00:00\",\"dateModified\":\"2013-01-30T23:32:38+00:00\",\"breadcrumb\":{\"@id\":\"https:\/\/seryhumano.com\/web\/?p=2621#breadcrumb\"},\"inLanguage\":\"es\",\"potentialAction\":[{\"@type\":\"ReadAction\",\"target\":[\"https:\/\/seryhumano.com\/web\/?p=2621\"]}]},{\"@type\":\"ImageObject\",\"inLanguage\":\"es\",\"@id\":\"https:\/\/seryhumano.com\/web\/?p=2621#primaryimage\",\"url\":\"https:\/\/seryhumano.com\/web\/wp-content\/uploads\/2013\/01\/featureslider_cine.jpg\",\"contentUrl\":\"https:\/\/seryhumano.com\/web\/wp-content\/uploads\/2013\/01\/featureslider_cine.jpg\",\"width\":910,\"height\":227},{\"@type\":\"BreadcrumbList\",\"@id\":\"https:\/\/seryhumano.com\/web\/?p=2621#breadcrumb\",\"itemListElement\":[{\"@type\":\"ListItem\",\"position\":1,\"name\":\"Portada\",\"item\":\"https:\/\/seryhumano.com\/web\/\"},{\"@type\":\"ListItem\",\"position\":2,\"name\":\"La Cinemateca de San Crist\u00f3bal\"}]},{\"@type\":\"WebSite\",\"@id\":\"https:\/\/seryhumano.com\/web\/#website\",\"url\":\"https:\/\/seryhumano.com\/web\/\",\"name\":\"SeryHumano.com\",\"description\":\"Revista digital muy humana, donde lo mas importante es el Ser...\",\"publisher\":{\"@id\":\"https:\/\/seryhumano.com\/web\/#organization\"},\"potentialAction\":[{\"@type\":\"SearchAction\",\"target\":{\"@type\":\"EntryPoint\",\"urlTemplate\":\"https:\/\/seryhumano.com\/web\/?s={search_term_string}\"},\"query-input\":{\"@type\":\"PropertyValueSpecification\",\"valueRequired\":true,\"valueName\":\"search_term_string\"}}],\"inLanguage\":\"es\"},{\"@type\":\"Organization\",\"@id\":\"https:\/\/seryhumano.com\/web\/#organization\",\"name\":\"SeryHumano.com\",\"url\":\"https:\/\/seryhumano.com\/web\/\",\"logo\":{\"@type\":\"ImageObject\",\"inLanguage\":\"es\",\"@id\":\"https:\/\/seryhumano.com\/web\/#\/schema\/logo\/image\/\",\"url\":\"https:\/\/seryhumano.com\/web\/wp-content\/uploads\/2020\/02\/JNe5VRwH_400x400-2.jpg\",\"contentUrl\":\"https:\/\/seryhumano.com\/web\/wp-content\/uploads\/2020\/02\/JNe5VRwH_400x400-2.jpg\",\"width\":400,\"height\":400,\"caption\":\"SeryHumano.com\"},\"image\":{\"@id\":\"https:\/\/seryhumano.com\/web\/#\/schema\/logo\/image\/\"},\"sameAs\":[\"https:\/\/www.facebook.com\/seryhumano\/\",\"https:\/\/x.com\/SeryHumano\",\"https:\/\/www.instagram.com\/seryhumano\/\",\"https:\/\/www.linkedin.com\/company\/seryhumano-com\/\",\"https:\/\/www.youtube.com\/channel\/UCYfgIGSxygVnJAW0e9ZBZWg\"]},{\"@type\":\"Person\",\"@id\":\"https:\/\/seryhumano.com\/web\/#\/schema\/person\/fd30e8e0b394a62344b44d9b0fe75795\",\"name\":\"@herrera_yosmar\",\"description\":\"Eterna enamorada de la vida, comunicadora, mam\u00e1 de tres\",\"sameAs\":[\"http:\/\/seryhumano.com\"],\"url\":\"https:\/\/seryhumano.com\/web\/?author=2\"}]}<\/script>\n<!-- \/ Yoast SEO plugin. -->","yoast_head_json":{"title":"La Cinemateca de San Crist\u00f3bal  &#187; SeryHumano.com","robots":{"index":"index","follow":"follow","max-snippet":"max-snippet:-1","max-image-preview":"max-image-preview:large","max-video-preview":"max-video-preview:-1"},"canonical":"https:\/\/seryhumano.com\/web\/?p=2621","og_locale":"es_ES","og_type":"article","og_title":"La Cinemateca de San Crist\u00f3bal  &#187; SeryHumano.com","og_description":"La Fundaci\u00f3n Cinemateca Nacional celebra el D\u00eda Nacional del Cine venezolano llevando lo mejor de la cinematograf\u00eda nacional y mundial al Estado T\u00e1chira, \u00a0con la apertura de la Sala Cinemateca San Crist\u00f3bal este 31 de enero de 2013 y la proyecci\u00f3n en su pantalla de cortos animados de sello criollo, para ni\u00f1as y ni\u00f1os. Con&hellip;","og_url":"https:\/\/seryhumano.com\/web\/?p=2621","og_site_name":"SeryHumano.com","article_publisher":"https:\/\/www.facebook.com\/seryhumano\/","article_published_time":"2013-01-30T22:07:32+00:00","article_modified_time":"2013-01-30T23:32:38+00:00","og_image":[{"width":910,"height":227,"url":"https:\/\/seryhumano.com\/web\/wp-content\/uploads\/2013\/01\/featureslider_cine.jpg","type":"image\/jpeg"}],"author":"@herrera_yosmar","twitter_card":"summary_large_image","twitter_creator":"@SeryHumano","twitter_site":"@SeryHumano","twitter_misc":{"Escrito por":"@herrera_yosmar","Tiempo de lectura":"3 minutos"},"schema":{"@context":"https:\/\/schema.org","@graph":[{"@type":"Article","@id":"https:\/\/seryhumano.com\/web\/?p=2621#article","isPartOf":{"@id":"https:\/\/seryhumano.com\/web\/?p=2621"},"author":{"name":"@herrera_yosmar","@id":"https:\/\/seryhumano.com\/web\/#\/schema\/person\/fd30e8e0b394a62344b44d9b0fe75795"},"headline":"La Cinemateca de San Crist\u00f3bal","datePublished":"2013-01-30T22:07:32+00:00","dateModified":"2013-01-30T23:32:38+00:00","mainEntityOfPage":{"@id":"https:\/\/seryhumano.com\/web\/?p=2621"},"wordCount":573,"publisher":{"@id":"https:\/\/seryhumano.com\/web\/#organization"},"image":{"@id":"https:\/\/seryhumano.com\/web\/?p=2621#primaryimage"},"thumbnailUrl":"https:\/\/seryhumano.com\/web\/wp-content\/uploads\/2013\/01\/featureslider_cine.jpg","keywords":["Slider"],"articleSection":["Noticias"],"inLanguage":"es"},{"@type":"WebPage","@id":"https:\/\/seryhumano.com\/web\/?p=2621","url":"https:\/\/seryhumano.com\/web\/?p=2621","name":"La Cinemateca de San Crist\u00f3bal &#187; SeryHumano.com","isPartOf":{"@id":"https:\/\/seryhumano.com\/web\/#website"},"primaryImageOfPage":{"@id":"https:\/\/seryhumano.com\/web\/?p=2621#primaryimage"},"image":{"@id":"https:\/\/seryhumano.com\/web\/?p=2621#primaryimage"},"thumbnailUrl":"https:\/\/seryhumano.com\/web\/wp-content\/uploads\/2013\/01\/featureslider_cine.jpg","datePublished":"2013-01-30T22:07:32+00:00","dateModified":"2013-01-30T23:32:38+00:00","breadcrumb":{"@id":"https:\/\/seryhumano.com\/web\/?p=2621#breadcrumb"},"inLanguage":"es","potentialAction":[{"@type":"ReadAction","target":["https:\/\/seryhumano.com\/web\/?p=2621"]}]},{"@type":"ImageObject","inLanguage":"es","@id":"https:\/\/seryhumano.com\/web\/?p=2621#primaryimage","url":"https:\/\/seryhumano.com\/web\/wp-content\/uploads\/2013\/01\/featureslider_cine.jpg","contentUrl":"https:\/\/seryhumano.com\/web\/wp-content\/uploads\/2013\/01\/featureslider_cine.jpg","width":910,"height":227},{"@type":"BreadcrumbList","@id":"https:\/\/seryhumano.com\/web\/?p=2621#breadcrumb","itemListElement":[{"@type":"ListItem","position":1,"name":"Portada","item":"https:\/\/seryhumano.com\/web\/"},{"@type":"ListItem","position":2,"name":"La Cinemateca de San Crist\u00f3bal"}]},{"@type":"WebSite","@id":"https:\/\/seryhumano.com\/web\/#website","url":"https:\/\/seryhumano.com\/web\/","name":"SeryHumano.com","description":"Revista digital muy humana, donde lo mas importante es el Ser...","publisher":{"@id":"https:\/\/seryhumano.com\/web\/#organization"},"potentialAction":[{"@type":"SearchAction","target":{"@type":"EntryPoint","urlTemplate":"https:\/\/seryhumano.com\/web\/?s={search_term_string}"},"query-input":{"@type":"PropertyValueSpecification","valueRequired":true,"valueName":"search_term_string"}}],"inLanguage":"es"},{"@type":"Organization","@id":"https:\/\/seryhumano.com\/web\/#organization","name":"SeryHumano.com","url":"https:\/\/seryhumano.com\/web\/","logo":{"@type":"ImageObject","inLanguage":"es","@id":"https:\/\/seryhumano.com\/web\/#\/schema\/logo\/image\/","url":"https:\/\/seryhumano.com\/web\/wp-content\/uploads\/2020\/02\/JNe5VRwH_400x400-2.jpg","contentUrl":"https:\/\/seryhumano.com\/web\/wp-content\/uploads\/2020\/02\/JNe5VRwH_400x400-2.jpg","width":400,"height":400,"caption":"SeryHumano.com"},"image":{"@id":"https:\/\/seryhumano.com\/web\/#\/schema\/logo\/image\/"},"sameAs":["https:\/\/www.facebook.com\/seryhumano\/","https:\/\/x.com\/SeryHumano","https:\/\/www.instagram.com\/seryhumano\/","https:\/\/www.linkedin.com\/company\/seryhumano-com\/","https:\/\/www.youtube.com\/channel\/UCYfgIGSxygVnJAW0e9ZBZWg"]},{"@type":"Person","@id":"https:\/\/seryhumano.com\/web\/#\/schema\/person\/fd30e8e0b394a62344b44d9b0fe75795","name":"@herrera_yosmar","description":"Eterna enamorada de la vida, comunicadora, mam\u00e1 de tres","sameAs":["http:\/\/seryhumano.com"],"url":"https:\/\/seryhumano.com\/web\/?author=2"}]}},"_links":{"self":[{"href":"https:\/\/seryhumano.com\/web\/index.php?rest_route=\/wp\/v2\/posts\/2621","targetHints":{"allow":["GET"]}}],"collection":[{"href":"https:\/\/seryhumano.com\/web\/index.php?rest_route=\/wp\/v2\/posts"}],"about":[{"href":"https:\/\/seryhumano.com\/web\/index.php?rest_route=\/wp\/v2\/types\/post"}],"author":[{"embeddable":true,"href":"https:\/\/seryhumano.com\/web\/index.php?rest_route=\/wp\/v2\/users\/2"}],"replies":[{"embeddable":true,"href":"https:\/\/seryhumano.com\/web\/index.php?rest_route=%2Fwp%2Fv2%2Fcomments&post=2621"}],"version-history":[{"count":0,"href":"https:\/\/seryhumano.com\/web\/index.php?rest_route=\/wp\/v2\/posts\/2621\/revisions"}],"wp:featuredmedia":[{"embeddable":true,"href":"https:\/\/seryhumano.com\/web\/index.php?rest_route=\/wp\/v2\/media\/2632"}],"wp:attachment":[{"href":"https:\/\/seryhumano.com\/web\/index.php?rest_route=%2Fwp%2Fv2%2Fmedia&parent=2621"}],"wp:term":[{"taxonomy":"category","embeddable":true,"href":"https:\/\/seryhumano.com\/web\/index.php?rest_route=%2Fwp%2Fv2%2Fcategories&post=2621"},{"taxonomy":"post_tag","embeddable":true,"href":"https:\/\/seryhumano.com\/web\/index.php?rest_route=%2Fwp%2Fv2%2Ftags&post=2621"}],"curies":[{"name":"wp","href":"https:\/\/api.w.org\/{rel}","templated":true}]}}