{"id":26300,"date":"2017-11-01T08:50:14","date_gmt":"2017-11-01T13:20:14","guid":{"rendered":"https:\/\/seryhumano.com\/web\/?p=26300"},"modified":"2017-11-01T08:50:14","modified_gmt":"2017-11-01T13:20:14","slug":"adios-al-defensor-la-austeridad","status":"publish","type":"post","link":"https:\/\/seryhumano.com\/web\/?p=26300","title":{"rendered":"Adi\u00f3s al defensor de la austeridad"},"content":{"rendered":"<p><img loading=\"lazy\" decoding=\"async\" class=\"aligncenter size-full wp-image-26301\" src=\"https:\/\/seryhumano.com\/web\/wp-content\/uploads\/2017\/11\/Wolfgang_Sch\u00e4uble-e1509541509516.jpg\" alt=\"\" width=\"550\" height=\"375\" \/><\/p>\n<p>El Eurogrupo despide al ministro de Finanzas alem\u00e1n, <a href=\"https:\/\/en.wikipedia.org\/wiki\/Wolfgang_Sch%C3%A4uble\">Wolfgang Sch\u00e4uble<\/a>, considerado como uno de los grandes impulsores de la austeridad en las finanzas p\u00fablicas.<\/p>\n<p>Europa despide al ministro de Finanzas alem\u00e1n, Wolfgang Sch\u00e4uble.<\/p>\n<p>Particip\u00f3 en su \u00faltima reuni\u00f3n del Eurogrupo y a nadie se le escapa el papel crucial que jug\u00f3 durante los a\u00f1os m\u00e1s duros de la crisis financiera.<\/p>\n<p>\u00c9l mismo ha defendido sus pol\u00edticas de austeridad. \u201c<em>Hemos conseguido estabilizar el euro, lo cual no es poco dado el gran n\u00famero de esc\u00e9pticos<\/em>\u201d, ha dicho a su llegada a la reuni\u00f3n. \u201c<em>Me complace haber sido parte del Eurogrupo durante ocho a\u00f1os. He pasado buenos momentos. Pero ocho a\u00f1os es suficiente. Es hora de hacerse a un lado y de concentrarse en otras cosas<\/em>\u201d, ha concluido.<\/p>\n<p>Varios ministros de Econom\u00eda de la Zona Euro le han rendido homenaje y entre ellos el franc\u00e9s Bruno LeMaire. \u201c<em>Considero a Wolfgang Sch\u00e4uble un gran ministro de finanzas, un gran europeo y un gran amigo<\/em>\u201d, ha declarado.<\/p>\n<p><img loading=\"lazy\" decoding=\"async\" class=\"aligncenter size-full wp-image-26302\" src=\"https:\/\/seryhumano.com\/web\/wp-content\/uploads\/2017\/11\/Sch\u00e4uble-e1509542059554.jpg\" alt=\"\" width=\"550\" height=\"330\" \/><\/p>\n<p>Sch\u00e4uble particip\u00f3 en la primera reuni\u00f3n del Eurogrupo en 2009, justo al principio de la crisis. Desde Grecia, el ex ministro de Finanzas George Papakonstantinou, recuerda como lidi\u00f3 con la crisis y con Schauble. \u201c<em>No hay duda de que era un negociador duro, alguien que defend\u00eda sus ideas y las posiciones de Alemania con determinaci\u00f3n<\/em>\u201d, explica.<\/p>\n<p>\u201c<em>Y dado el peso de Alemania, a menudo impuso esas decisiones al resto de la Eurozona<\/em>\u201d, a\u00f1ade.<\/p>\n<p>Algunos afirman que en el Eurogrupo habr\u00e1 un antes y un despu\u00e9s a Wolfgang Sch\u00e4uble.<\/p>\n<p>seryhumano.com<\/p>\n<p><a href=\"http:\/\/es.euronews.com\/2017\/10\/09\/adios-al-defensor-de-la-austeridad\">euronews.com<\/a><\/p>\n","protected":false},"excerpt":{"rendered":"<p>El Eurogrupo despide al ministro de Finanzas alem\u00e1n, Wolfgang Sch\u00e4uble, considerado como uno de los grandes impulsores de la austeridad en las finanzas p\u00fablicas. Europa despide al ministro de Finanzas alem\u00e1n, Wolfgang Sch\u00e4uble. Particip\u00f3 en su \u00faltima reuni\u00f3n del Eurogrupo y a nadie se le escapa el papel crucial que jug\u00f3 durante los a\u00f1os m\u00e1s&hellip;<\/p>\n","protected":false},"author":2,"featured_media":26302,"comment_status":"closed","ping_status":"closed","sticky":false,"template":"","format":"standard","meta":{"footnotes":""},"categories":[148],"tags":[377,3671,143,3672,590,3668,3670,3669,741,3667,3666,2361],"class_list":["post-26300","post","type-post","status-publish","format-standard","has-post-thumbnail","hentry","category-conociendo-a-un-humano","tag-alemania","tag-austeridad","tag-concepto-del-proyecto","tag-defensor","tag-economia","tag-eurogrupo","tag-eurozona","tag-finanza","tag-politica","tag-schauble","tag-wolfgang","tag-wolfgang-schauble","category-148","description-off"],"yoast_head":"<!-- This site is optimized with the Yoast SEO plugin v25.4 - https:\/\/yoast.com\/wordpress\/plugins\/seo\/ -->\n<title>Adi\u00f3s al defensor de la austeridad &#187; SeryHumano.com<\/title>\n<meta name=\"robots\" content=\"index, follow, max-snippet:-1, max-image-preview:large, max-video-preview:-1\" \/>\n<link rel=\"canonical\" href=\"https:\/\/seryhumano.com\/web\/?p=26300\" \/>\n<meta property=\"og:locale\" content=\"es_ES\" \/>\n<meta property=\"og:type\" content=\"article\" \/>\n<meta property=\"og:title\" content=\"Adi\u00f3s al defensor de la austeridad &#187; SeryHumano.com\" \/>\n<meta property=\"og:description\" content=\"El Eurogrupo despide al ministro de Finanzas alem\u00e1n, Wolfgang Sch\u00e4uble, considerado como uno de los grandes impulsores de la austeridad en las finanzas p\u00fablicas. Europa despide al ministro de Finanzas alem\u00e1n, Wolfgang Sch\u00e4uble. Particip\u00f3 en su \u00faltima reuni\u00f3n del Eurogrupo y a nadie se le escapa el papel crucial que jug\u00f3 durante los a\u00f1os m\u00e1s&hellip;\" \/>\n<meta property=\"og:url\" content=\"https:\/\/seryhumano.com\/web\/?p=26300\" \/>\n<meta property=\"og:site_name\" content=\"SeryHumano.com\" \/>\n<meta property=\"article:publisher\" content=\"https:\/\/www.facebook.com\/seryhumano\/\" \/>\n<meta property=\"article:published_time\" content=\"2017-11-01T13:20:14+00:00\" \/>\n<meta property=\"og:image\" content=\"https:\/\/seryhumano.com\/web\/wp-content\/uploads\/2017\/11\/Sch\u00e4uble-e1509542059554.jpg\" \/>\n\t<meta property=\"og:image:width\" content=\"550\" \/>\n\t<meta property=\"og:image:height\" content=\"330\" \/>\n\t<meta property=\"og:image:type\" content=\"image\/jpeg\" \/>\n<meta name=\"author\" content=\"@herrera_yosmar\" \/>\n<meta name=\"twitter:card\" content=\"summary_large_image\" \/>\n<meta name=\"twitter:creator\" content=\"@SeryHumano\" \/>\n<meta name=\"twitter:site\" content=\"@SeryHumano\" \/>\n<meta name=\"twitter:label1\" content=\"Escrito por\" \/>\n\t<meta name=\"twitter:data1\" content=\"@herrera_yosmar\" \/>\n\t<meta name=\"twitter:label2\" content=\"Tiempo de lectura\" \/>\n\t<meta name=\"twitter:data2\" content=\"1 minuto\" \/>\n<script type=\"application\/ld+json\" class=\"yoast-schema-graph\">{\"@context\":\"https:\/\/schema.org\",\"@graph\":[{\"@type\":\"Article\",\"@id\":\"https:\/\/seryhumano.com\/web\/?p=26300#article\",\"isPartOf\":{\"@id\":\"https:\/\/seryhumano.com\/web\/?p=26300\"},\"author\":{\"name\":\"@herrera_yosmar\",\"@id\":\"https:\/\/seryhumano.com\/web\/#\/schema\/person\/fd30e8e0b394a62344b44d9b0fe75795\"},\"headline\":\"Adi\u00f3s al defensor de la austeridad\",\"datePublished\":\"2017-11-01T13:20:14+00:00\",\"mainEntityOfPage\":{\"@id\":\"https:\/\/seryhumano.com\/web\/?p=26300\"},\"wordCount\":285,\"publisher\":{\"@id\":\"https:\/\/seryhumano.com\/web\/#organization\"},\"image\":{\"@id\":\"https:\/\/seryhumano.com\/web\/?p=26300#primaryimage\"},\"thumbnailUrl\":\"https:\/\/seryhumano.com\/web\/wp-content\/uploads\/2017\/11\/Sch\u00e4uble-e1509542059554.jpg\",\"keywords\":[\"Alemania\",\"Austeridad\",\"Concepto del Proyecto\",\"Defensor\",\"Econom\u00eda\",\"Eurogrupo\",\"Eurozona\",\"Finanza\",\"Pol\u00edtica\",\"Sch\u00e4uble\",\"Wolfgang\",\"Wolfgang Sch\u00e4uble\"],\"articleSection\":[\"Conociendo a un Humano\"],\"inLanguage\":\"es\"},{\"@type\":\"WebPage\",\"@id\":\"https:\/\/seryhumano.com\/web\/?p=26300\",\"url\":\"https:\/\/seryhumano.com\/web\/?p=26300\",\"name\":\"Adi\u00f3s al defensor de la austeridad &#187; SeryHumano.com\",\"isPartOf\":{\"@id\":\"https:\/\/seryhumano.com\/web\/#website\"},\"primaryImageOfPage\":{\"@id\":\"https:\/\/seryhumano.com\/web\/?p=26300#primaryimage\"},\"image\":{\"@id\":\"https:\/\/seryhumano.com\/web\/?p=26300#primaryimage\"},\"thumbnailUrl\":\"https:\/\/seryhumano.com\/web\/wp-content\/uploads\/2017\/11\/Sch\u00e4uble-e1509542059554.jpg\",\"datePublished\":\"2017-11-01T13:20:14+00:00\",\"breadcrumb\":{\"@id\":\"https:\/\/seryhumano.com\/web\/?p=26300#breadcrumb\"},\"inLanguage\":\"es\",\"potentialAction\":[{\"@type\":\"ReadAction\",\"target\":[\"https:\/\/seryhumano.com\/web\/?p=26300\"]}]},{\"@type\":\"ImageObject\",\"inLanguage\":\"es\",\"@id\":\"https:\/\/seryhumano.com\/web\/?p=26300#primaryimage\",\"url\":\"https:\/\/seryhumano.com\/web\/wp-content\/uploads\/2017\/11\/Sch\u00e4uble-e1509542059554.jpg\",\"contentUrl\":\"https:\/\/seryhumano.com\/web\/wp-content\/uploads\/2017\/11\/Sch\u00e4uble-e1509542059554.jpg\",\"width\":550,\"height\":330},{\"@type\":\"BreadcrumbList\",\"@id\":\"https:\/\/seryhumano.com\/web\/?p=26300#breadcrumb\",\"itemListElement\":[{\"@type\":\"ListItem\",\"position\":1,\"name\":\"Portada\",\"item\":\"https:\/\/seryhumano.com\/web\/\"},{\"@type\":\"ListItem\",\"position\":2,\"name\":\"Adi\u00f3s al defensor de la austeridad\"}]},{\"@type\":\"WebSite\",\"@id\":\"https:\/\/seryhumano.com\/web\/#website\",\"url\":\"https:\/\/seryhumano.com\/web\/\",\"name\":\"SeryHumano.com\",\"description\":\"Revista digital muy humana, donde lo mas importante es el Ser...\",\"publisher\":{\"@id\":\"https:\/\/seryhumano.com\/web\/#organization\"},\"potentialAction\":[{\"@type\":\"SearchAction\",\"target\":{\"@type\":\"EntryPoint\",\"urlTemplate\":\"https:\/\/seryhumano.com\/web\/?s={search_term_string}\"},\"query-input\":{\"@type\":\"PropertyValueSpecification\",\"valueRequired\":true,\"valueName\":\"search_term_string\"}}],\"inLanguage\":\"es\"},{\"@type\":\"Organization\",\"@id\":\"https:\/\/seryhumano.com\/web\/#organization\",\"name\":\"SeryHumano.com\",\"url\":\"https:\/\/seryhumano.com\/web\/\",\"logo\":{\"@type\":\"ImageObject\",\"inLanguage\":\"es\",\"@id\":\"https:\/\/seryhumano.com\/web\/#\/schema\/logo\/image\/\",\"url\":\"https:\/\/seryhumano.com\/web\/wp-content\/uploads\/2020\/02\/JNe5VRwH_400x400-2.jpg\",\"contentUrl\":\"https:\/\/seryhumano.com\/web\/wp-content\/uploads\/2020\/02\/JNe5VRwH_400x400-2.jpg\",\"width\":400,\"height\":400,\"caption\":\"SeryHumano.com\"},\"image\":{\"@id\":\"https:\/\/seryhumano.com\/web\/#\/schema\/logo\/image\/\"},\"sameAs\":[\"https:\/\/www.facebook.com\/seryhumano\/\",\"https:\/\/x.com\/SeryHumano\",\"https:\/\/www.instagram.com\/seryhumano\/\",\"https:\/\/www.linkedin.com\/company\/seryhumano-com\/\",\"https:\/\/www.youtube.com\/channel\/UCYfgIGSxygVnJAW0e9ZBZWg\"]},{\"@type\":\"Person\",\"@id\":\"https:\/\/seryhumano.com\/web\/#\/schema\/person\/fd30e8e0b394a62344b44d9b0fe75795\",\"name\":\"@herrera_yosmar\",\"description\":\"Eterna enamorada de la vida, comunicadora, mam\u00e1 de tres\",\"sameAs\":[\"http:\/\/seryhumano.com\"],\"url\":\"https:\/\/seryhumano.com\/web\/?author=2\"}]}<\/script>\n<!-- \/ Yoast SEO plugin. -->","yoast_head_json":{"title":"Adi\u00f3s al defensor de la austeridad &#187; SeryHumano.com","robots":{"index":"index","follow":"follow","max-snippet":"max-snippet:-1","max-image-preview":"max-image-preview:large","max-video-preview":"max-video-preview:-1"},"canonical":"https:\/\/seryhumano.com\/web\/?p=26300","og_locale":"es_ES","og_type":"article","og_title":"Adi\u00f3s al defensor de la austeridad &#187; SeryHumano.com","og_description":"El Eurogrupo despide al ministro de Finanzas alem\u00e1n, Wolfgang Sch\u00e4uble, considerado como uno de los grandes impulsores de la austeridad en las finanzas p\u00fablicas. Europa despide al ministro de Finanzas alem\u00e1n, Wolfgang Sch\u00e4uble. Particip\u00f3 en su \u00faltima reuni\u00f3n del Eurogrupo y a nadie se le escapa el papel crucial que jug\u00f3 durante los a\u00f1os m\u00e1s&hellip;","og_url":"https:\/\/seryhumano.com\/web\/?p=26300","og_site_name":"SeryHumano.com","article_publisher":"https:\/\/www.facebook.com\/seryhumano\/","article_published_time":"2017-11-01T13:20:14+00:00","og_image":[{"width":550,"height":330,"url":"https:\/\/seryhumano.com\/web\/wp-content\/uploads\/2017\/11\/Sch\u00e4uble-e1509542059554.jpg","type":"image\/jpeg"}],"author":"@herrera_yosmar","twitter_card":"summary_large_image","twitter_creator":"@SeryHumano","twitter_site":"@SeryHumano","twitter_misc":{"Escrito por":"@herrera_yosmar","Tiempo de lectura":"1 minuto"},"schema":{"@context":"https:\/\/schema.org","@graph":[{"@type":"Article","@id":"https:\/\/seryhumano.com\/web\/?p=26300#article","isPartOf":{"@id":"https:\/\/seryhumano.com\/web\/?p=26300"},"author":{"name":"@herrera_yosmar","@id":"https:\/\/seryhumano.com\/web\/#\/schema\/person\/fd30e8e0b394a62344b44d9b0fe75795"},"headline":"Adi\u00f3s al defensor de la austeridad","datePublished":"2017-11-01T13:20:14+00:00","mainEntityOfPage":{"@id":"https:\/\/seryhumano.com\/web\/?p=26300"},"wordCount":285,"publisher":{"@id":"https:\/\/seryhumano.com\/web\/#organization"},"image":{"@id":"https:\/\/seryhumano.com\/web\/?p=26300#primaryimage"},"thumbnailUrl":"https:\/\/seryhumano.com\/web\/wp-content\/uploads\/2017\/11\/Sch\u00e4uble-e1509542059554.jpg","keywords":["Alemania","Austeridad","Concepto del Proyecto","Defensor","Econom\u00eda","Eurogrupo","Eurozona","Finanza","Pol\u00edtica","Sch\u00e4uble","Wolfgang","Wolfgang Sch\u00e4uble"],"articleSection":["Conociendo a un Humano"],"inLanguage":"es"},{"@type":"WebPage","@id":"https:\/\/seryhumano.com\/web\/?p=26300","url":"https:\/\/seryhumano.com\/web\/?p=26300","name":"Adi\u00f3s al defensor de la austeridad &#187; SeryHumano.com","isPartOf":{"@id":"https:\/\/seryhumano.com\/web\/#website"},"primaryImageOfPage":{"@id":"https:\/\/seryhumano.com\/web\/?p=26300#primaryimage"},"image":{"@id":"https:\/\/seryhumano.com\/web\/?p=26300#primaryimage"},"thumbnailUrl":"https:\/\/seryhumano.com\/web\/wp-content\/uploads\/2017\/11\/Sch\u00e4uble-e1509542059554.jpg","datePublished":"2017-11-01T13:20:14+00:00","breadcrumb":{"@id":"https:\/\/seryhumano.com\/web\/?p=26300#breadcrumb"},"inLanguage":"es","potentialAction":[{"@type":"ReadAction","target":["https:\/\/seryhumano.com\/web\/?p=26300"]}]},{"@type":"ImageObject","inLanguage":"es","@id":"https:\/\/seryhumano.com\/web\/?p=26300#primaryimage","url":"https:\/\/seryhumano.com\/web\/wp-content\/uploads\/2017\/11\/Sch\u00e4uble-e1509542059554.jpg","contentUrl":"https:\/\/seryhumano.com\/web\/wp-content\/uploads\/2017\/11\/Sch\u00e4uble-e1509542059554.jpg","width":550,"height":330},{"@type":"BreadcrumbList","@id":"https:\/\/seryhumano.com\/web\/?p=26300#breadcrumb","itemListElement":[{"@type":"ListItem","position":1,"name":"Portada","item":"https:\/\/seryhumano.com\/web\/"},{"@type":"ListItem","position":2,"name":"Adi\u00f3s al defensor de la austeridad"}]},{"@type":"WebSite","@id":"https:\/\/seryhumano.com\/web\/#website","url":"https:\/\/seryhumano.com\/web\/","name":"SeryHumano.com","description":"Revista digital muy humana, donde lo mas importante es el Ser...","publisher":{"@id":"https:\/\/seryhumano.com\/web\/#organization"},"potentialAction":[{"@type":"SearchAction","target":{"@type":"EntryPoint","urlTemplate":"https:\/\/seryhumano.com\/web\/?s={search_term_string}"},"query-input":{"@type":"PropertyValueSpecification","valueRequired":true,"valueName":"search_term_string"}}],"inLanguage":"es"},{"@type":"Organization","@id":"https:\/\/seryhumano.com\/web\/#organization","name":"SeryHumano.com","url":"https:\/\/seryhumano.com\/web\/","logo":{"@type":"ImageObject","inLanguage":"es","@id":"https:\/\/seryhumano.com\/web\/#\/schema\/logo\/image\/","url":"https:\/\/seryhumano.com\/web\/wp-content\/uploads\/2020\/02\/JNe5VRwH_400x400-2.jpg","contentUrl":"https:\/\/seryhumano.com\/web\/wp-content\/uploads\/2020\/02\/JNe5VRwH_400x400-2.jpg","width":400,"height":400,"caption":"SeryHumano.com"},"image":{"@id":"https:\/\/seryhumano.com\/web\/#\/schema\/logo\/image\/"},"sameAs":["https:\/\/www.facebook.com\/seryhumano\/","https:\/\/x.com\/SeryHumano","https:\/\/www.instagram.com\/seryhumano\/","https:\/\/www.linkedin.com\/company\/seryhumano-com\/","https:\/\/www.youtube.com\/channel\/UCYfgIGSxygVnJAW0e9ZBZWg"]},{"@type":"Person","@id":"https:\/\/seryhumano.com\/web\/#\/schema\/person\/fd30e8e0b394a62344b44d9b0fe75795","name":"@herrera_yosmar","description":"Eterna enamorada de la vida, comunicadora, mam\u00e1 de tres","sameAs":["http:\/\/seryhumano.com"],"url":"https:\/\/seryhumano.com\/web\/?author=2"}]}},"_links":{"self":[{"href":"https:\/\/seryhumano.com\/web\/index.php?rest_route=\/wp\/v2\/posts\/26300","targetHints":{"allow":["GET"]}}],"collection":[{"href":"https:\/\/seryhumano.com\/web\/index.php?rest_route=\/wp\/v2\/posts"}],"about":[{"href":"https:\/\/seryhumano.com\/web\/index.php?rest_route=\/wp\/v2\/types\/post"}],"author":[{"embeddable":true,"href":"https:\/\/seryhumano.com\/web\/index.php?rest_route=\/wp\/v2\/users\/2"}],"replies":[{"embeddable":true,"href":"https:\/\/seryhumano.com\/web\/index.php?rest_route=%2Fwp%2Fv2%2Fcomments&post=26300"}],"version-history":[{"count":0,"href":"https:\/\/seryhumano.com\/web\/index.php?rest_route=\/wp\/v2\/posts\/26300\/revisions"}],"wp:featuredmedia":[{"embeddable":true,"href":"https:\/\/seryhumano.com\/web\/index.php?rest_route=\/wp\/v2\/media\/26302"}],"wp:attachment":[{"href":"https:\/\/seryhumano.com\/web\/index.php?rest_route=%2Fwp%2Fv2%2Fmedia&parent=26300"}],"wp:term":[{"taxonomy":"category","embeddable":true,"href":"https:\/\/seryhumano.com\/web\/index.php?rest_route=%2Fwp%2Fv2%2Fcategories&post=26300"},{"taxonomy":"post_tag","embeddable":true,"href":"https:\/\/seryhumano.com\/web\/index.php?rest_route=%2Fwp%2Fv2%2Ftags&post=26300"}],"curies":[{"name":"wp","href":"https:\/\/api.w.org\/{rel}","templated":true}]}}