{"id":2705,"date":"2013-02-11T09:19:59","date_gmt":"2013-02-11T13:49:59","guid":{"rendered":"https:\/\/seryhumano.com\/web\/?p=2705"},"modified":"2013-10-07T10:23:47","modified_gmt":"2013-10-07T14:53:47","slug":"pequenos-cineastas-fueron-premiados-por-amazonia-films","status":"publish","type":"post","link":"https:\/\/seryhumano.com\/web\/?p=2705","title":{"rendered":"Peque\u00f1os cineastas  fueron premiados por Amazonia Films"},"content":{"rendered":"<p><a href=\"https:\/\/seryhumano.com\/web\/?attachment_id=2706\" rel=\"attachment wp-att-2706\"><img loading=\"lazy\" decoding=\"async\" class=\"alignleft size-full wp-image-2706\" alt=\"Amazonia\" src=\"https:\/\/seryhumano.com\/web\/wp-content\/uploads\/2013\/02\/Amazonia.jpg\" width=\"176\" height=\"144\" \/><\/a>Amazonia Films, celebr\u00f3 el talento infantil con la premiaci\u00f3n del II Concurso Mis Primeros Pies-cesitos<b>, <\/b>secci\u00f3n oficial del Festival de Cine Latinoamericano y Caribe\u00f1o de Margarita,<b>\u00a0<\/b>certamen que reuni\u00f3 24 obras audiovisuales que se sometieron a votaci\u00f3n por ni\u00f1os y ni\u00f1as en escuelas de todos municipios de Nueva Esparta; misi\u00f3n que dio como ganadores a las obras\u00a0<i>El muerto de<\/i>\u00a0<i>Tapar\u00f3n<\/i>, del estado Cojedes, de Don Pedro Manzanero colectivo de Cojedes;\u00a0<i>Luis y sus curiosidades,\u00a0<\/i>creada por la comunidad de Nueva Esparta y\u00a0<i>Aragua cu\u00e9ntame<\/i>, de la comunidad Parlamento Infantil de Maracay del estado Aragua.<\/p>\n<p>Los tres colectivos m\u00e1s votados recibieron equipos y herramientas para la creaci\u00f3n audiovisual y la estatuilla El pel\u00edcano, en cada uno de los estados que representaron; incentivo que servir\u00e1 para su formaci\u00f3n en el trabajo audiovisual.<\/p>\n<p><a href=\"https:\/\/seryhumano.com\/web\/?attachment_id=2707\" rel=\"attachment wp-att-2707\"><img loading=\"lazy\" decoding=\"async\" class=\"alignleft size-medium wp-image-2707\" alt=\"II Concurso Mis Primeros Pies-cesitos\" src=\"https:\/\/seryhumano.com\/web\/wp-content\/uploads\/2013\/02\/II-Concurso-Mis-Primeros-Pies-cesitos-225x300.jpg\" width=\"225\" height=\"300\" srcset=\"https:\/\/seryhumano.com\/web\/wp-content\/uploads\/2013\/02\/II-Concurso-Mis-Primeros-Pies-cesitos-225x300.jpg 225w, https:\/\/seryhumano.com\/web\/wp-content\/uploads\/2013\/02\/II-Concurso-Mis-Primeros-Pies-cesitos-771x1024.jpg 771w, https:\/\/seryhumano.com\/web\/wp-content\/uploads\/2013\/02\/II-Concurso-Mis-Primeros-Pies-cesitos.jpg 1205w\" sizes=\"auto, (max-width: 225px) 100vw, 225px\" \/><\/a>\u201cMis Primeros Pies-cesitos\u201d, empez\u00f3 en el a\u00f1o 2011 como un proyecto piloto, con la inquietud de ense\u00f1ar a los m\u00e1s peque\u00f1os c\u00f3mo hacer cine, en aras de sembrar la semilla para el cineasta del futuro. La iniciativa se traduce en un pilar fundamental en la formaci\u00f3n de las nuevas generaciones que se entusiasmen por el audiovisual. En el pasado a\u00f1o 2012 el concurso cubri\u00f3 toda la geograf\u00eda del pa\u00eds, con la intenci\u00f3n de llevar a cabo talleres con duraci\u00f3n de un mes, dirigidos a los m\u00e1s peque\u00f1os, para aprender y comprender el audiovisual, a trav\u00e9s de herramientas que ense\u00f1en los procesos de creaci\u00f3n de un gui\u00f3n, manipulaci\u00f3n de la c\u00e1mara y la actuaci\u00f3n, con asesoramiento de un equipo de facilitadores que orienten a los ni\u00f1os a hacer realidad su proyecto.<\/p>\n<p>V\u00edctor Oviedo de 8 a\u00f1os, es uno de los ni\u00f1os que particip\u00f3 como actor en la obra de Cojedes que lleva por t\u00edtulo\u00a0<i>El muerto de Tapar\u00f3n<\/i>\u00a0y coment\u00f3 que la actividad le despert\u00f3 un inter\u00e9s por la actuaci\u00f3n: \u201cEmpezamos con un taller de dibujo, y a partir de eso hicimos la pel\u00edcula. Yo actu\u00e9 en la pel\u00edcula, me puse un poco nervioso siendo actor, pero me gust\u00f3 y ahora quiero ser actor siempre\u201d, destac\u00f3.<\/p>\n<p>G\u00e9nesis Mujica de 13 a\u00f1os, tuvo participaci\u00f3n en el corto\u00a0<i>Luis y sus curiosidades<\/i>, realizado en Nueva Esparta y se expres\u00f3 con respecto a c\u00f3mo iniciaron la elaboraci\u00f3n del trabajo y la escogencia del tema: \u201cPrimero hicimos el gui\u00f3n, luego entregamos los personajes y de \u00faltimo hicimos dibujos. El tema de la pel\u00edcula lo elegimos entre todos, pero cada uno iba aportando algo que al final nos llev\u00f3 al tema que propuso el primer actor\u201d.<a href=\"https:\/\/seryhumano.com\/web\/?attachment_id=2708\" rel=\"attachment wp-att-2708\"><img loading=\"lazy\" decoding=\"async\" class=\"alignright size-medium wp-image-2708\" alt=\"Mis primeros piescecitos\" src=\"https:\/\/seryhumano.com\/web\/wp-content\/uploads\/2013\/02\/Mis-primeros-piescecitos-300x208.jpg\" width=\"300\" height=\"208\" srcset=\"https:\/\/seryhumano.com\/web\/wp-content\/uploads\/2013\/02\/Mis-primeros-piescecitos-300x208.jpg 300w, https:\/\/seryhumano.com\/web\/wp-content\/uploads\/2013\/02\/Mis-primeros-piescecitos.jpg 323w\" sizes=\"auto, (max-width: 300px) 100vw, 300px\" \/><\/a><\/p>\n<p>Por su parte, Clorinda Fuentes, Coordinadora de la Plataforma de Cine y Medios Audiovisuales del Gabinete del estado Nueva Esparta; destac\u00f3 la importancia de este concurso, como est\u00edmulo para talentos potenciales a la espera de experiencias que nutran el\u00a0inter\u00e9s de ejercer los oficios del cineasta en el futuro: \u201cSon las comunidades haciendo su propio cine, observ\u00e1ndose en la pantalla. Esta es una de las cosas m\u00e1s importantes dentro del festival, puedes ver el entusiasmo de ni\u00f1os que desde ya saben que quieren ser directores o productores o que se interesan en hacer hasta el vestuario. Es maravilloso c\u00f3mo gracias a estas actividades los ni\u00f1os tienen claro cu\u00e1les son los roles que se manejan en el cine\u201d.<\/p>\n<p>Este\u00a0evento empez\u00f3 en un solo estado y ya abarca todo el territorio nacional en miras de que pueda llegar a convertirse en un concurso latinoamericano. Adem\u00e1s, rompe los moldes establecidos tomando en cuenta desasistidas comunidades para que se formen en el plano audiovisual demostrando as\u00ed que el cine es para todos: \u201cParticiparon ni\u00f1os de las comunidades; aqu\u00ed en este concurso rompemos con la concepci\u00f3n de que el cine es solo para una \u00e9lites. Acabamos con esos esquemas y ponemos en evidencia que se puede tener acceso no solo a las herramientas sino al conocimiento para todos. Tambi\u00e9n contemplamos la posibilidad de que el concurso pueda abarcar toda Latinoam\u00e9rica en un futuro\u201d, concluy\u00f3 Fuentes.<\/p>\n<p><a href=\"https:\/\/seryhumano.com\/web\/?attachment_id=2709\" rel=\"attachment wp-att-2709\"><img loading=\"lazy\" decoding=\"async\" class=\"alignleft size-full wp-image-2709\" alt=\"cine\" src=\"https:\/\/seryhumano.com\/web\/wp-content\/uploads\/2013\/02\/cine.jpg\" width=\"259\" height=\"194\" \/><\/a>El concurso toco temas tradicionales, y es organizado por el Ministerio del Poder Popular para la Cultura a trav\u00e9s de Amazonia Films y el Centro Nacional Aut\u00f3nomo de Cinematograf\u00eda (CNAC).<\/p>\n<p>seryhumano.com \/ Edward Vera<\/p>\n","protected":false},"excerpt":{"rendered":"<p>Amazonia Films, celebr\u00f3 el talento infantil con la premiaci\u00f3n del II Concurso Mis Primeros Pies-cesitos, secci\u00f3n oficial del Festival de Cine Latinoamericano y Caribe\u00f1o de Margarita,\u00a0certamen que reuni\u00f3 24 obras audiovisuales que se sometieron a votaci\u00f3n por ni\u00f1os y ni\u00f1as en escuelas de todos municipios de Nueva Esparta; misi\u00f3n que dio como ganadores a las&hellip;<\/p>\n","protected":false},"author":2,"featured_media":2727,"comment_status":"closed","ping_status":"closed","sticky":false,"template":"","format":"standard","meta":{"footnotes":""},"categories":[110],"tags":[111],"class_list":["post-2705","post","type-post","status-publish","format-standard","has-post-thumbnail","hentry","category-noticias","tag-slider","category-110","description-off"],"yoast_head":"<!-- This site is optimized with the Yoast SEO plugin v25.4 - https:\/\/yoast.com\/wordpress\/plugins\/seo\/ -->\n<title>Peque\u00f1os cineastas fueron premiados por Amazonia Films  &#187; SeryHumano.com<\/title>\n<meta name=\"robots\" content=\"index, follow, max-snippet:-1, max-image-preview:large, max-video-preview:-1\" \/>\n<link rel=\"canonical\" href=\"https:\/\/seryhumano.com\/web\/?p=2705\" \/>\n<meta property=\"og:locale\" content=\"es_ES\" \/>\n<meta property=\"og:type\" content=\"article\" \/>\n<meta property=\"og:title\" content=\"Peque\u00f1os cineastas fueron premiados por Amazonia Films  &#187; SeryHumano.com\" \/>\n<meta property=\"og:description\" content=\"Amazonia Films, celebr\u00f3 el talento infantil con la premiaci\u00f3n del II Concurso Mis Primeros Pies-cesitos, secci\u00f3n oficial del Festival de Cine Latinoamericano y Caribe\u00f1o de Margarita,\u00a0certamen que reuni\u00f3 24 obras audiovisuales que se sometieron a votaci\u00f3n por ni\u00f1os y ni\u00f1as en escuelas de todos municipios de Nueva Esparta; misi\u00f3n que dio como ganadores a las&hellip;\" \/>\n<meta property=\"og:url\" content=\"https:\/\/seryhumano.com\/web\/?p=2705\" \/>\n<meta property=\"og:site_name\" content=\"SeryHumano.com\" \/>\n<meta property=\"article:publisher\" content=\"https:\/\/www.facebook.com\/seryhumano\/\" \/>\n<meta property=\"article:published_time\" content=\"2013-02-11T13:49:59+00:00\" \/>\n<meta property=\"article:modified_time\" content=\"2013-10-07T14:53:47+00:00\" \/>\n<meta property=\"og:image\" content=\"https:\/\/seryhumano.com\/web\/wp-content\/uploads\/2013\/02\/featureslider_cine2.jpg\" \/>\n\t<meta property=\"og:image:width\" content=\"910\" \/>\n\t<meta property=\"og:image:height\" content=\"227\" \/>\n\t<meta property=\"og:image:type\" content=\"image\/jpeg\" \/>\n<meta name=\"author\" content=\"@herrera_yosmar\" \/>\n<meta name=\"twitter:card\" content=\"summary_large_image\" \/>\n<meta name=\"twitter:creator\" content=\"@SeryHumano\" \/>\n<meta name=\"twitter:site\" content=\"@SeryHumano\" \/>\n<meta name=\"twitter:label1\" content=\"Escrito por\" \/>\n\t<meta name=\"twitter:data1\" content=\"@herrera_yosmar\" \/>\n\t<meta name=\"twitter:label2\" content=\"Tiempo de lectura\" \/>\n\t<meta name=\"twitter:data2\" content=\"4 minutos\" \/>\n<script type=\"application\/ld+json\" class=\"yoast-schema-graph\">{\"@context\":\"https:\/\/schema.org\",\"@graph\":[{\"@type\":\"Article\",\"@id\":\"https:\/\/seryhumano.com\/web\/?p=2705#article\",\"isPartOf\":{\"@id\":\"https:\/\/seryhumano.com\/web\/?p=2705\"},\"author\":{\"name\":\"@herrera_yosmar\",\"@id\":\"https:\/\/seryhumano.com\/web\/#\/schema\/person\/fd30e8e0b394a62344b44d9b0fe75795\"},\"headline\":\"Peque\u00f1os cineastas fueron premiados por Amazonia Films\",\"datePublished\":\"2013-02-11T13:49:59+00:00\",\"dateModified\":\"2013-10-07T14:53:47+00:00\",\"mainEntityOfPage\":{\"@id\":\"https:\/\/seryhumano.com\/web\/?p=2705\"},\"wordCount\":745,\"publisher\":{\"@id\":\"https:\/\/seryhumano.com\/web\/#organization\"},\"image\":{\"@id\":\"https:\/\/seryhumano.com\/web\/?p=2705#primaryimage\"},\"thumbnailUrl\":\"https:\/\/seryhumano.com\/web\/wp-content\/uploads\/2013\/02\/featureslider_cine2.jpg\",\"keywords\":[\"Slider\"],\"articleSection\":[\"Noticias\"],\"inLanguage\":\"es\"},{\"@type\":\"WebPage\",\"@id\":\"https:\/\/seryhumano.com\/web\/?p=2705\",\"url\":\"https:\/\/seryhumano.com\/web\/?p=2705\",\"name\":\"Peque\u00f1os cineastas fueron premiados por Amazonia Films &#187; SeryHumano.com\",\"isPartOf\":{\"@id\":\"https:\/\/seryhumano.com\/web\/#website\"},\"primaryImageOfPage\":{\"@id\":\"https:\/\/seryhumano.com\/web\/?p=2705#primaryimage\"},\"image\":{\"@id\":\"https:\/\/seryhumano.com\/web\/?p=2705#primaryimage\"},\"thumbnailUrl\":\"https:\/\/seryhumano.com\/web\/wp-content\/uploads\/2013\/02\/featureslider_cine2.jpg\",\"datePublished\":\"2013-02-11T13:49:59+00:00\",\"dateModified\":\"2013-10-07T14:53:47+00:00\",\"breadcrumb\":{\"@id\":\"https:\/\/seryhumano.com\/web\/?p=2705#breadcrumb\"},\"inLanguage\":\"es\",\"potentialAction\":[{\"@type\":\"ReadAction\",\"target\":[\"https:\/\/seryhumano.com\/web\/?p=2705\"]}]},{\"@type\":\"ImageObject\",\"inLanguage\":\"es\",\"@id\":\"https:\/\/seryhumano.com\/web\/?p=2705#primaryimage\",\"url\":\"https:\/\/seryhumano.com\/web\/wp-content\/uploads\/2013\/02\/featureslider_cine2.jpg\",\"contentUrl\":\"https:\/\/seryhumano.com\/web\/wp-content\/uploads\/2013\/02\/featureslider_cine2.jpg\",\"width\":910,\"height\":227},{\"@type\":\"BreadcrumbList\",\"@id\":\"https:\/\/seryhumano.com\/web\/?p=2705#breadcrumb\",\"itemListElement\":[{\"@type\":\"ListItem\",\"position\":1,\"name\":\"Portada\",\"item\":\"https:\/\/seryhumano.com\/web\/\"},{\"@type\":\"ListItem\",\"position\":2,\"name\":\"Peque\u00f1os cineastas fueron premiados por Amazonia Films\"}]},{\"@type\":\"WebSite\",\"@id\":\"https:\/\/seryhumano.com\/web\/#website\",\"url\":\"https:\/\/seryhumano.com\/web\/\",\"name\":\"SeryHumano.com\",\"description\":\"Revista digital muy humana, donde lo mas importante es el Ser...\",\"publisher\":{\"@id\":\"https:\/\/seryhumano.com\/web\/#organization\"},\"potentialAction\":[{\"@type\":\"SearchAction\",\"target\":{\"@type\":\"EntryPoint\",\"urlTemplate\":\"https:\/\/seryhumano.com\/web\/?s={search_term_string}\"},\"query-input\":{\"@type\":\"PropertyValueSpecification\",\"valueRequired\":true,\"valueName\":\"search_term_string\"}}],\"inLanguage\":\"es\"},{\"@type\":\"Organization\",\"@id\":\"https:\/\/seryhumano.com\/web\/#organization\",\"name\":\"SeryHumano.com\",\"url\":\"https:\/\/seryhumano.com\/web\/\",\"logo\":{\"@type\":\"ImageObject\",\"inLanguage\":\"es\",\"@id\":\"https:\/\/seryhumano.com\/web\/#\/schema\/logo\/image\/\",\"url\":\"https:\/\/seryhumano.com\/web\/wp-content\/uploads\/2020\/02\/JNe5VRwH_400x400-2.jpg\",\"contentUrl\":\"https:\/\/seryhumano.com\/web\/wp-content\/uploads\/2020\/02\/JNe5VRwH_400x400-2.jpg\",\"width\":400,\"height\":400,\"caption\":\"SeryHumano.com\"},\"image\":{\"@id\":\"https:\/\/seryhumano.com\/web\/#\/schema\/logo\/image\/\"},\"sameAs\":[\"https:\/\/www.facebook.com\/seryhumano\/\",\"https:\/\/x.com\/SeryHumano\",\"https:\/\/www.instagram.com\/seryhumano\/\",\"https:\/\/www.linkedin.com\/company\/seryhumano-com\/\",\"https:\/\/www.youtube.com\/channel\/UCYfgIGSxygVnJAW0e9ZBZWg\"]},{\"@type\":\"Person\",\"@id\":\"https:\/\/seryhumano.com\/web\/#\/schema\/person\/fd30e8e0b394a62344b44d9b0fe75795\",\"name\":\"@herrera_yosmar\",\"description\":\"Eterna enamorada de la vida, comunicadora, mam\u00e1 de tres\",\"sameAs\":[\"http:\/\/seryhumano.com\"],\"url\":\"https:\/\/seryhumano.com\/web\/?author=2\"}]}<\/script>\n<!-- \/ Yoast SEO plugin. -->","yoast_head_json":{"title":"Peque\u00f1os cineastas fueron premiados por Amazonia Films  &#187; SeryHumano.com","robots":{"index":"index","follow":"follow","max-snippet":"max-snippet:-1","max-image-preview":"max-image-preview:large","max-video-preview":"max-video-preview:-1"},"canonical":"https:\/\/seryhumano.com\/web\/?p=2705","og_locale":"es_ES","og_type":"article","og_title":"Peque\u00f1os cineastas fueron premiados por Amazonia Films  &#187; SeryHumano.com","og_description":"Amazonia Films, celebr\u00f3 el talento infantil con la premiaci\u00f3n del II Concurso Mis Primeros Pies-cesitos, secci\u00f3n oficial del Festival de Cine Latinoamericano y Caribe\u00f1o de Margarita,\u00a0certamen que reuni\u00f3 24 obras audiovisuales que se sometieron a votaci\u00f3n por ni\u00f1os y ni\u00f1as en escuelas de todos municipios de Nueva Esparta; misi\u00f3n que dio como ganadores a las&hellip;","og_url":"https:\/\/seryhumano.com\/web\/?p=2705","og_site_name":"SeryHumano.com","article_publisher":"https:\/\/www.facebook.com\/seryhumano\/","article_published_time":"2013-02-11T13:49:59+00:00","article_modified_time":"2013-10-07T14:53:47+00:00","og_image":[{"width":910,"height":227,"url":"https:\/\/seryhumano.com\/web\/wp-content\/uploads\/2013\/02\/featureslider_cine2.jpg","type":"image\/jpeg"}],"author":"@herrera_yosmar","twitter_card":"summary_large_image","twitter_creator":"@SeryHumano","twitter_site":"@SeryHumano","twitter_misc":{"Escrito por":"@herrera_yosmar","Tiempo de lectura":"4 minutos"},"schema":{"@context":"https:\/\/schema.org","@graph":[{"@type":"Article","@id":"https:\/\/seryhumano.com\/web\/?p=2705#article","isPartOf":{"@id":"https:\/\/seryhumano.com\/web\/?p=2705"},"author":{"name":"@herrera_yosmar","@id":"https:\/\/seryhumano.com\/web\/#\/schema\/person\/fd30e8e0b394a62344b44d9b0fe75795"},"headline":"Peque\u00f1os cineastas fueron premiados por Amazonia Films","datePublished":"2013-02-11T13:49:59+00:00","dateModified":"2013-10-07T14:53:47+00:00","mainEntityOfPage":{"@id":"https:\/\/seryhumano.com\/web\/?p=2705"},"wordCount":745,"publisher":{"@id":"https:\/\/seryhumano.com\/web\/#organization"},"image":{"@id":"https:\/\/seryhumano.com\/web\/?p=2705#primaryimage"},"thumbnailUrl":"https:\/\/seryhumano.com\/web\/wp-content\/uploads\/2013\/02\/featureslider_cine2.jpg","keywords":["Slider"],"articleSection":["Noticias"],"inLanguage":"es"},{"@type":"WebPage","@id":"https:\/\/seryhumano.com\/web\/?p=2705","url":"https:\/\/seryhumano.com\/web\/?p=2705","name":"Peque\u00f1os cineastas fueron premiados por Amazonia Films &#187; SeryHumano.com","isPartOf":{"@id":"https:\/\/seryhumano.com\/web\/#website"},"primaryImageOfPage":{"@id":"https:\/\/seryhumano.com\/web\/?p=2705#primaryimage"},"image":{"@id":"https:\/\/seryhumano.com\/web\/?p=2705#primaryimage"},"thumbnailUrl":"https:\/\/seryhumano.com\/web\/wp-content\/uploads\/2013\/02\/featureslider_cine2.jpg","datePublished":"2013-02-11T13:49:59+00:00","dateModified":"2013-10-07T14:53:47+00:00","breadcrumb":{"@id":"https:\/\/seryhumano.com\/web\/?p=2705#breadcrumb"},"inLanguage":"es","potentialAction":[{"@type":"ReadAction","target":["https:\/\/seryhumano.com\/web\/?p=2705"]}]},{"@type":"ImageObject","inLanguage":"es","@id":"https:\/\/seryhumano.com\/web\/?p=2705#primaryimage","url":"https:\/\/seryhumano.com\/web\/wp-content\/uploads\/2013\/02\/featureslider_cine2.jpg","contentUrl":"https:\/\/seryhumano.com\/web\/wp-content\/uploads\/2013\/02\/featureslider_cine2.jpg","width":910,"height":227},{"@type":"BreadcrumbList","@id":"https:\/\/seryhumano.com\/web\/?p=2705#breadcrumb","itemListElement":[{"@type":"ListItem","position":1,"name":"Portada","item":"https:\/\/seryhumano.com\/web\/"},{"@type":"ListItem","position":2,"name":"Peque\u00f1os cineastas fueron premiados por Amazonia Films"}]},{"@type":"WebSite","@id":"https:\/\/seryhumano.com\/web\/#website","url":"https:\/\/seryhumano.com\/web\/","name":"SeryHumano.com","description":"Revista digital muy humana, donde lo mas importante es el Ser...","publisher":{"@id":"https:\/\/seryhumano.com\/web\/#organization"},"potentialAction":[{"@type":"SearchAction","target":{"@type":"EntryPoint","urlTemplate":"https:\/\/seryhumano.com\/web\/?s={search_term_string}"},"query-input":{"@type":"PropertyValueSpecification","valueRequired":true,"valueName":"search_term_string"}}],"inLanguage":"es"},{"@type":"Organization","@id":"https:\/\/seryhumano.com\/web\/#organization","name":"SeryHumano.com","url":"https:\/\/seryhumano.com\/web\/","logo":{"@type":"ImageObject","inLanguage":"es","@id":"https:\/\/seryhumano.com\/web\/#\/schema\/logo\/image\/","url":"https:\/\/seryhumano.com\/web\/wp-content\/uploads\/2020\/02\/JNe5VRwH_400x400-2.jpg","contentUrl":"https:\/\/seryhumano.com\/web\/wp-content\/uploads\/2020\/02\/JNe5VRwH_400x400-2.jpg","width":400,"height":400,"caption":"SeryHumano.com"},"image":{"@id":"https:\/\/seryhumano.com\/web\/#\/schema\/logo\/image\/"},"sameAs":["https:\/\/www.facebook.com\/seryhumano\/","https:\/\/x.com\/SeryHumano","https:\/\/www.instagram.com\/seryhumano\/","https:\/\/www.linkedin.com\/company\/seryhumano-com\/","https:\/\/www.youtube.com\/channel\/UCYfgIGSxygVnJAW0e9ZBZWg"]},{"@type":"Person","@id":"https:\/\/seryhumano.com\/web\/#\/schema\/person\/fd30e8e0b394a62344b44d9b0fe75795","name":"@herrera_yosmar","description":"Eterna enamorada de la vida, comunicadora, mam\u00e1 de tres","sameAs":["http:\/\/seryhumano.com"],"url":"https:\/\/seryhumano.com\/web\/?author=2"}]}},"_links":{"self":[{"href":"https:\/\/seryhumano.com\/web\/index.php?rest_route=\/wp\/v2\/posts\/2705","targetHints":{"allow":["GET"]}}],"collection":[{"href":"https:\/\/seryhumano.com\/web\/index.php?rest_route=\/wp\/v2\/posts"}],"about":[{"href":"https:\/\/seryhumano.com\/web\/index.php?rest_route=\/wp\/v2\/types\/post"}],"author":[{"embeddable":true,"href":"https:\/\/seryhumano.com\/web\/index.php?rest_route=\/wp\/v2\/users\/2"}],"replies":[{"embeddable":true,"href":"https:\/\/seryhumano.com\/web\/index.php?rest_route=%2Fwp%2Fv2%2Fcomments&post=2705"}],"version-history":[{"count":0,"href":"https:\/\/seryhumano.com\/web\/index.php?rest_route=\/wp\/v2\/posts\/2705\/revisions"}],"wp:featuredmedia":[{"embeddable":true,"href":"https:\/\/seryhumano.com\/web\/index.php?rest_route=\/wp\/v2\/media\/2727"}],"wp:attachment":[{"href":"https:\/\/seryhumano.com\/web\/index.php?rest_route=%2Fwp%2Fv2%2Fmedia&parent=2705"}],"wp:term":[{"taxonomy":"category","embeddable":true,"href":"https:\/\/seryhumano.com\/web\/index.php?rest_route=%2Fwp%2Fv2%2Fcategories&post=2705"},{"taxonomy":"post_tag","embeddable":true,"href":"https:\/\/seryhumano.com\/web\/index.php?rest_route=%2Fwp%2Fv2%2Ftags&post=2705"}],"curies":[{"name":"wp","href":"https:\/\/api.w.org\/{rel}","templated":true}]}}