{"id":2771,"date":"2013-02-18T09:19:49","date_gmt":"2013-02-18T13:49:49","guid":{"rendered":"https:\/\/seryhumano.com\/web\/?p=2771"},"modified":"2013-02-19T08:44:00","modified_gmt":"2013-02-19T13:14:00","slug":"acido-folico-reduce-el-riesgo-de-autismo","status":"publish","type":"post","link":"https:\/\/seryhumano.com\/web\/?p=2771","title":{"rendered":"\u00c1cido f\u00f3lico reduce el riesgo de autismo"},"content":{"rendered":"<p><a href=\"https:\/\/seryhumano.com\/web\/?attachment_id=2772\" rel=\"attachment wp-att-2772\"><img loading=\"lazy\" decoding=\"async\" class=\"alignleft size-full wp-image-2772\" alt=\"autismo y \u00e1cido f\u00f3lico\" src=\"https:\/\/seryhumano.com\/web\/wp-content\/uploads\/2013\/02\/autismo-y-\u00e1cido-f\u00f3lico.jpg\" width=\"272\" height=\"185\" \/><\/a>Una raz\u00f3n m\u00e1s para que las futuras madres lo incluyan en su dieta: consumir 400 microgramos al d\u00eda de \u00e1cido f\u00f3lico contribuye a disminuir el riesgo de autismo en los reci\u00e9n nacidos hasta en un 40%, concluye un estudio del Instituto Noruego de Salud P\u00fablica, publicado en\u00a0<i>Jama.<\/i><\/p>\n<p>El estudio fue realizado en Noruega, donde no existe la recomendaci\u00f3n de enriquecer los productos con \u00e1cido f\u00f3lico. En cambio, en EEUU, los granos, cereales, panes y otros productos se complementan con esta vitamina desde 1998, despu\u00e9s de que numerosos estudios mostraron que podr\u00eda reducir el riesgo de defectos en los reci\u00e9n nacidos.<\/p>\n<p><span style=\"text-decoration: underline;\">\u00c1cido f\u00f3lico bajo la lupa<\/span><\/p>\n<p>Los investigadores estudiaron a 85,000 ni\u00f1os noruegos nacidos entre 2002 y 2008, a los que les dio suplementos de \u00e1cido f\u00f3lico desde que estaban en el vientre materno, a las ocho semanas del embarazo.<a href=\"https:\/\/seryhumano.com\/web\/?attachment_id=2773\" rel=\"attachment wp-att-2773\"><img loading=\"lazy\" decoding=\"async\" class=\"alignright size-full wp-image-2773\" alt=\"autismo y \u00e1cido f\u00f3lico 1\" src=\"https:\/\/seryhumano.com\/web\/wp-content\/uploads\/2013\/02\/autismo-y-\u00e1cido-f\u00f3lico-1.jpg\" width=\"194\" height=\"259\" \/><\/a><\/p>\n<p><a href=\"https:\/\/seryhumano.com\/web\/?attachment_id=2778\" rel=\"attachment wp-att-2778\"><img loading=\"lazy\" decoding=\"async\" class=\"alignleft size-full wp-image-2778\" alt=\"a\" src=\"https:\/\/seryhumano.com\/web\/wp-content\/uploads\/2013\/02\/a.jpg\" width=\"171\" height=\"212\" \/><\/a>Y comprobaron que las mujeres que tomaron el suplemento ten\u00edan menos probabilidades de tener hijos con trastornos del espectro autista que las madres que no tomaron suplementos de \u00e1cido f\u00f3lico.<\/p>\n<p>\u00abLas madres que tomaron suplementos de \u00e1cido f\u00f3lico al comienzo del embarazo ten\u00edan un riesgo de un 40% menos de tener hijos con autismo, en comparaci\u00f3n con las madres que no tomaron \u00e1cido f\u00f3lico\u00bb, dijo el autor del estudio, el Dr. Pal Suren del Instituto Noruego de Salud P\u00fablica.<\/p>\n<p><span style=\"text-decoration: underline;\">\u00bfQu\u00e9 es el \u00e1cido f\u00f3lico?<\/span><\/p>\n<p>Es una vitamina B, que ayuda al organismo a crear c\u00e9lulas nuevas. Todas las personas necesitan \u00e1cido f\u00f3lico. Es muy importante para las mujeres en edad f\u00e9rtil. Si se consume antes y durante el embarazo, puede prevenir defectos cong\u00e9nitos importantes en el cerebro y la columna vertebral del beb\u00e9.<\/p>\n<p><a href=\"https:\/\/seryhumano.com\/web\/?attachment_id=2775\" rel=\"attachment wp-att-2775\"><img loading=\"lazy\" decoding=\"async\" class=\"alignleft size-full wp-image-2775\" alt=\"autismo y \u00e1cido f\u00f3lico 3\" src=\"https:\/\/seryhumano.com\/web\/wp-content\/uploads\/2013\/02\/autismo-y-\u00e1cido-f\u00f3lico-3.jpg\" width=\"215\" height=\"235\" \/><\/a>Se encuentra en los vegetales de hojas verdes, frutas, guisantes secos, ch\u00edcharos y nueces. Los panes enriquecidos, los cereales y otros productos hechos con granos tambi\u00e9n contienen \u00e1cido f\u00f3lico, pero la otra alternativa son los suplementos dietarios.<\/p>\n<p>La mayor\u00eda de las mujeres necesitan 400 microgramos (mcg) de folato cada d\u00eda, incluso si no est\u00e1n planeando quedar embarazadas; si est\u00e1n embarazadas, necesitan 600 mcg y si est\u00e1n amamantando, necesitan 500 mcg diarios, seg\u00fan la Oficina para la Salud de la Mujer, Departamento de Salud y Servicios Humanos de EEUU.<a href=\"https:\/\/seryhumano.com\/web\/?attachment_id=2774\" rel=\"attachment wp-att-2774\"><img loading=\"lazy\" decoding=\"async\" class=\"alignright size-full wp-image-2774\" alt=\"autismo y \u00e1cido f\u00f3lico 2\" src=\"https:\/\/seryhumano.com\/web\/wp-content\/uploads\/2013\/02\/autismo-y-\u00e1cido-f\u00f3lico-2.jpg\" width=\"225\" height=\"225\" srcset=\"https:\/\/seryhumano.com\/web\/wp-content\/uploads\/2013\/02\/autismo-y-\u00e1cido-f\u00f3lico-2.jpg 225w, https:\/\/seryhumano.com\/web\/wp-content\/uploads\/2013\/02\/autismo-y-\u00e1cido-f\u00f3lico-2-150x150.jpg 150w, https:\/\/seryhumano.com\/web\/wp-content\/uploads\/2013\/02\/autismo-y-\u00e1cido-f\u00f3lico-2-50x50.jpg 50w\" sizes=\"auto, (max-width: 225px) 100vw, 225px\" \/><\/a><\/p>\n<p>seryhumano.com<\/p>\n<p>Fuente: salud.univision.com<\/p>\n<p>&nbsp;<\/p>\n","protected":false},"excerpt":{"rendered":"<p>Una raz\u00f3n m\u00e1s para que las futuras madres lo incluyan en su dieta: consumir 400 microgramos al d\u00eda de \u00e1cido f\u00f3lico contribuye a disminuir el riesgo de autismo en los reci\u00e9n nacidos hasta en un 40%, concluye un estudio del Instituto Noruego de Salud P\u00fablica, publicado en\u00a0Jama. El estudio fue realizado en Noruega, donde no&hellip;<\/p>\n","protected":false},"author":2,"featured_media":2811,"comment_status":"closed","ping_status":"closed","sticky":false,"template":"","format":"standard","meta":{"footnotes":""},"categories":[120],"tags":[111],"class_list":["post-2771","post","type-post","status-publish","format-standard","has-post-thumbnail","hentry","category-ser-saludable","tag-slider","category-120","description-off"],"yoast_head":"<!-- This site is optimized with the Yoast SEO plugin v25.4 - https:\/\/yoast.com\/wordpress\/plugins\/seo\/ -->\n<title>\u00c1cido f\u00f3lico reduce el riesgo de autismo &#187; SeryHumano.com<\/title>\n<meta name=\"robots\" content=\"index, follow, max-snippet:-1, max-image-preview:large, max-video-preview:-1\" \/>\n<link rel=\"canonical\" href=\"https:\/\/seryhumano.com\/web\/?p=2771\" \/>\n<meta property=\"og:locale\" content=\"es_ES\" \/>\n<meta property=\"og:type\" content=\"article\" \/>\n<meta property=\"og:title\" content=\"\u00c1cido f\u00f3lico reduce el riesgo de autismo &#187; SeryHumano.com\" \/>\n<meta property=\"og:description\" content=\"Una raz\u00f3n m\u00e1s para que las futuras madres lo incluyan en su dieta: consumir 400 microgramos al d\u00eda de \u00e1cido f\u00f3lico contribuye a disminuir el riesgo de autismo en los reci\u00e9n nacidos hasta en un 40%, concluye un estudio del Instituto Noruego de Salud P\u00fablica, publicado en\u00a0Jama. El estudio fue realizado en Noruega, donde no&hellip;\" \/>\n<meta property=\"og:url\" content=\"https:\/\/seryhumano.com\/web\/?p=2771\" \/>\n<meta property=\"og:site_name\" content=\"SeryHumano.com\" \/>\n<meta property=\"article:publisher\" content=\"https:\/\/www.facebook.com\/seryhumano\/\" \/>\n<meta property=\"article:published_time\" content=\"2013-02-18T13:49:49+00:00\" \/>\n<meta property=\"article:modified_time\" content=\"2013-02-19T13:14:00+00:00\" \/>\n<meta property=\"og:image\" content=\"https:\/\/seryhumano.com\/web\/wp-content\/uploads\/2013\/02\/featureslider_a.jpg\" \/>\n\t<meta property=\"og:image:width\" content=\"910\" \/>\n\t<meta property=\"og:image:height\" content=\"227\" \/>\n\t<meta property=\"og:image:type\" content=\"image\/jpeg\" \/>\n<meta name=\"author\" content=\"@herrera_yosmar\" \/>\n<meta name=\"twitter:card\" content=\"summary_large_image\" \/>\n<meta name=\"twitter:creator\" content=\"@SeryHumano\" \/>\n<meta name=\"twitter:site\" content=\"@SeryHumano\" \/>\n<meta name=\"twitter:label1\" content=\"Escrito por\" \/>\n\t<meta name=\"twitter:data1\" content=\"@herrera_yosmar\" \/>\n\t<meta name=\"twitter:label2\" content=\"Tiempo de lectura\" \/>\n\t<meta name=\"twitter:data2\" content=\"2 minutos\" \/>\n<script type=\"application\/ld+json\" class=\"yoast-schema-graph\">{\"@context\":\"https:\/\/schema.org\",\"@graph\":[{\"@type\":\"Article\",\"@id\":\"https:\/\/seryhumano.com\/web\/?p=2771#article\",\"isPartOf\":{\"@id\":\"https:\/\/seryhumano.com\/web\/?p=2771\"},\"author\":{\"name\":\"@herrera_yosmar\",\"@id\":\"https:\/\/seryhumano.com\/web\/#\/schema\/person\/fd30e8e0b394a62344b44d9b0fe75795\"},\"headline\":\"\u00c1cido f\u00f3lico reduce el riesgo de autismo\",\"datePublished\":\"2013-02-18T13:49:49+00:00\",\"dateModified\":\"2013-02-19T13:14:00+00:00\",\"mainEntityOfPage\":{\"@id\":\"https:\/\/seryhumano.com\/web\/?p=2771\"},\"wordCount\":401,\"publisher\":{\"@id\":\"https:\/\/seryhumano.com\/web\/#organization\"},\"image\":{\"@id\":\"https:\/\/seryhumano.com\/web\/?p=2771#primaryimage\"},\"thumbnailUrl\":\"https:\/\/seryhumano.com\/web\/wp-content\/uploads\/2013\/02\/featureslider_a.jpg\",\"keywords\":[\"Slider\"],\"articleSection\":[\"Ser Saludable\"],\"inLanguage\":\"es\"},{\"@type\":\"WebPage\",\"@id\":\"https:\/\/seryhumano.com\/web\/?p=2771\",\"url\":\"https:\/\/seryhumano.com\/web\/?p=2771\",\"name\":\"\u00c1cido f\u00f3lico reduce el riesgo de autismo &#187; SeryHumano.com\",\"isPartOf\":{\"@id\":\"https:\/\/seryhumano.com\/web\/#website\"},\"primaryImageOfPage\":{\"@id\":\"https:\/\/seryhumano.com\/web\/?p=2771#primaryimage\"},\"image\":{\"@id\":\"https:\/\/seryhumano.com\/web\/?p=2771#primaryimage\"},\"thumbnailUrl\":\"https:\/\/seryhumano.com\/web\/wp-content\/uploads\/2013\/02\/featureslider_a.jpg\",\"datePublished\":\"2013-02-18T13:49:49+00:00\",\"dateModified\":\"2013-02-19T13:14:00+00:00\",\"breadcrumb\":{\"@id\":\"https:\/\/seryhumano.com\/web\/?p=2771#breadcrumb\"},\"inLanguage\":\"es\",\"potentialAction\":[{\"@type\":\"ReadAction\",\"target\":[\"https:\/\/seryhumano.com\/web\/?p=2771\"]}]},{\"@type\":\"ImageObject\",\"inLanguage\":\"es\",\"@id\":\"https:\/\/seryhumano.com\/web\/?p=2771#primaryimage\",\"url\":\"https:\/\/seryhumano.com\/web\/wp-content\/uploads\/2013\/02\/featureslider_a.jpg\",\"contentUrl\":\"https:\/\/seryhumano.com\/web\/wp-content\/uploads\/2013\/02\/featureslider_a.jpg\",\"width\":910,\"height\":227},{\"@type\":\"BreadcrumbList\",\"@id\":\"https:\/\/seryhumano.com\/web\/?p=2771#breadcrumb\",\"itemListElement\":[{\"@type\":\"ListItem\",\"position\":1,\"name\":\"Portada\",\"item\":\"https:\/\/seryhumano.com\/web\/\"},{\"@type\":\"ListItem\",\"position\":2,\"name\":\"\u00c1cido f\u00f3lico reduce el riesgo de autismo\"}]},{\"@type\":\"WebSite\",\"@id\":\"https:\/\/seryhumano.com\/web\/#website\",\"url\":\"https:\/\/seryhumano.com\/web\/\",\"name\":\"SeryHumano.com\",\"description\":\"Revista digital muy humana, donde lo mas importante es el Ser...\",\"publisher\":{\"@id\":\"https:\/\/seryhumano.com\/web\/#organization\"},\"potentialAction\":[{\"@type\":\"SearchAction\",\"target\":{\"@type\":\"EntryPoint\",\"urlTemplate\":\"https:\/\/seryhumano.com\/web\/?s={search_term_string}\"},\"query-input\":{\"@type\":\"PropertyValueSpecification\",\"valueRequired\":true,\"valueName\":\"search_term_string\"}}],\"inLanguage\":\"es\"},{\"@type\":\"Organization\",\"@id\":\"https:\/\/seryhumano.com\/web\/#organization\",\"name\":\"SeryHumano.com\",\"url\":\"https:\/\/seryhumano.com\/web\/\",\"logo\":{\"@type\":\"ImageObject\",\"inLanguage\":\"es\",\"@id\":\"https:\/\/seryhumano.com\/web\/#\/schema\/logo\/image\/\",\"url\":\"https:\/\/seryhumano.com\/web\/wp-content\/uploads\/2020\/02\/JNe5VRwH_400x400-2.jpg\",\"contentUrl\":\"https:\/\/seryhumano.com\/web\/wp-content\/uploads\/2020\/02\/JNe5VRwH_400x400-2.jpg\",\"width\":400,\"height\":400,\"caption\":\"SeryHumano.com\"},\"image\":{\"@id\":\"https:\/\/seryhumano.com\/web\/#\/schema\/logo\/image\/\"},\"sameAs\":[\"https:\/\/www.facebook.com\/seryhumano\/\",\"https:\/\/x.com\/SeryHumano\",\"https:\/\/www.instagram.com\/seryhumano\/\",\"https:\/\/www.linkedin.com\/company\/seryhumano-com\/\",\"https:\/\/www.youtube.com\/channel\/UCYfgIGSxygVnJAW0e9ZBZWg\"]},{\"@type\":\"Person\",\"@id\":\"https:\/\/seryhumano.com\/web\/#\/schema\/person\/fd30e8e0b394a62344b44d9b0fe75795\",\"name\":\"@herrera_yosmar\",\"description\":\"Eterna enamorada de la vida, comunicadora, mam\u00e1 de tres\",\"sameAs\":[\"http:\/\/seryhumano.com\"],\"url\":\"https:\/\/seryhumano.com\/web\/?author=2\"}]}<\/script>\n<!-- \/ Yoast SEO plugin. -->","yoast_head_json":{"title":"\u00c1cido f\u00f3lico reduce el riesgo de autismo &#187; SeryHumano.com","robots":{"index":"index","follow":"follow","max-snippet":"max-snippet:-1","max-image-preview":"max-image-preview:large","max-video-preview":"max-video-preview:-1"},"canonical":"https:\/\/seryhumano.com\/web\/?p=2771","og_locale":"es_ES","og_type":"article","og_title":"\u00c1cido f\u00f3lico reduce el riesgo de autismo &#187; SeryHumano.com","og_description":"Una raz\u00f3n m\u00e1s para que las futuras madres lo incluyan en su dieta: consumir 400 microgramos al d\u00eda de \u00e1cido f\u00f3lico contribuye a disminuir el riesgo de autismo en los reci\u00e9n nacidos hasta en un 40%, concluye un estudio del Instituto Noruego de Salud P\u00fablica, publicado en\u00a0Jama. El estudio fue realizado en Noruega, donde no&hellip;","og_url":"https:\/\/seryhumano.com\/web\/?p=2771","og_site_name":"SeryHumano.com","article_publisher":"https:\/\/www.facebook.com\/seryhumano\/","article_published_time":"2013-02-18T13:49:49+00:00","article_modified_time":"2013-02-19T13:14:00+00:00","og_image":[{"width":910,"height":227,"url":"https:\/\/seryhumano.com\/web\/wp-content\/uploads\/2013\/02\/featureslider_a.jpg","type":"image\/jpeg"}],"author":"@herrera_yosmar","twitter_card":"summary_large_image","twitter_creator":"@SeryHumano","twitter_site":"@SeryHumano","twitter_misc":{"Escrito por":"@herrera_yosmar","Tiempo de lectura":"2 minutos"},"schema":{"@context":"https:\/\/schema.org","@graph":[{"@type":"Article","@id":"https:\/\/seryhumano.com\/web\/?p=2771#article","isPartOf":{"@id":"https:\/\/seryhumano.com\/web\/?p=2771"},"author":{"name":"@herrera_yosmar","@id":"https:\/\/seryhumano.com\/web\/#\/schema\/person\/fd30e8e0b394a62344b44d9b0fe75795"},"headline":"\u00c1cido f\u00f3lico reduce el riesgo de autismo","datePublished":"2013-02-18T13:49:49+00:00","dateModified":"2013-02-19T13:14:00+00:00","mainEntityOfPage":{"@id":"https:\/\/seryhumano.com\/web\/?p=2771"},"wordCount":401,"publisher":{"@id":"https:\/\/seryhumano.com\/web\/#organization"},"image":{"@id":"https:\/\/seryhumano.com\/web\/?p=2771#primaryimage"},"thumbnailUrl":"https:\/\/seryhumano.com\/web\/wp-content\/uploads\/2013\/02\/featureslider_a.jpg","keywords":["Slider"],"articleSection":["Ser Saludable"],"inLanguage":"es"},{"@type":"WebPage","@id":"https:\/\/seryhumano.com\/web\/?p=2771","url":"https:\/\/seryhumano.com\/web\/?p=2771","name":"\u00c1cido f\u00f3lico reduce el riesgo de autismo &#187; SeryHumano.com","isPartOf":{"@id":"https:\/\/seryhumano.com\/web\/#website"},"primaryImageOfPage":{"@id":"https:\/\/seryhumano.com\/web\/?p=2771#primaryimage"},"image":{"@id":"https:\/\/seryhumano.com\/web\/?p=2771#primaryimage"},"thumbnailUrl":"https:\/\/seryhumano.com\/web\/wp-content\/uploads\/2013\/02\/featureslider_a.jpg","datePublished":"2013-02-18T13:49:49+00:00","dateModified":"2013-02-19T13:14:00+00:00","breadcrumb":{"@id":"https:\/\/seryhumano.com\/web\/?p=2771#breadcrumb"},"inLanguage":"es","potentialAction":[{"@type":"ReadAction","target":["https:\/\/seryhumano.com\/web\/?p=2771"]}]},{"@type":"ImageObject","inLanguage":"es","@id":"https:\/\/seryhumano.com\/web\/?p=2771#primaryimage","url":"https:\/\/seryhumano.com\/web\/wp-content\/uploads\/2013\/02\/featureslider_a.jpg","contentUrl":"https:\/\/seryhumano.com\/web\/wp-content\/uploads\/2013\/02\/featureslider_a.jpg","width":910,"height":227},{"@type":"BreadcrumbList","@id":"https:\/\/seryhumano.com\/web\/?p=2771#breadcrumb","itemListElement":[{"@type":"ListItem","position":1,"name":"Portada","item":"https:\/\/seryhumano.com\/web\/"},{"@type":"ListItem","position":2,"name":"\u00c1cido f\u00f3lico reduce el riesgo de autismo"}]},{"@type":"WebSite","@id":"https:\/\/seryhumano.com\/web\/#website","url":"https:\/\/seryhumano.com\/web\/","name":"SeryHumano.com","description":"Revista digital muy humana, donde lo mas importante es el Ser...","publisher":{"@id":"https:\/\/seryhumano.com\/web\/#organization"},"potentialAction":[{"@type":"SearchAction","target":{"@type":"EntryPoint","urlTemplate":"https:\/\/seryhumano.com\/web\/?s={search_term_string}"},"query-input":{"@type":"PropertyValueSpecification","valueRequired":true,"valueName":"search_term_string"}}],"inLanguage":"es"},{"@type":"Organization","@id":"https:\/\/seryhumano.com\/web\/#organization","name":"SeryHumano.com","url":"https:\/\/seryhumano.com\/web\/","logo":{"@type":"ImageObject","inLanguage":"es","@id":"https:\/\/seryhumano.com\/web\/#\/schema\/logo\/image\/","url":"https:\/\/seryhumano.com\/web\/wp-content\/uploads\/2020\/02\/JNe5VRwH_400x400-2.jpg","contentUrl":"https:\/\/seryhumano.com\/web\/wp-content\/uploads\/2020\/02\/JNe5VRwH_400x400-2.jpg","width":400,"height":400,"caption":"SeryHumano.com"},"image":{"@id":"https:\/\/seryhumano.com\/web\/#\/schema\/logo\/image\/"},"sameAs":["https:\/\/www.facebook.com\/seryhumano\/","https:\/\/x.com\/SeryHumano","https:\/\/www.instagram.com\/seryhumano\/","https:\/\/www.linkedin.com\/company\/seryhumano-com\/","https:\/\/www.youtube.com\/channel\/UCYfgIGSxygVnJAW0e9ZBZWg"]},{"@type":"Person","@id":"https:\/\/seryhumano.com\/web\/#\/schema\/person\/fd30e8e0b394a62344b44d9b0fe75795","name":"@herrera_yosmar","description":"Eterna enamorada de la vida, comunicadora, mam\u00e1 de tres","sameAs":["http:\/\/seryhumano.com"],"url":"https:\/\/seryhumano.com\/web\/?author=2"}]}},"_links":{"self":[{"href":"https:\/\/seryhumano.com\/web\/index.php?rest_route=\/wp\/v2\/posts\/2771","targetHints":{"allow":["GET"]}}],"collection":[{"href":"https:\/\/seryhumano.com\/web\/index.php?rest_route=\/wp\/v2\/posts"}],"about":[{"href":"https:\/\/seryhumano.com\/web\/index.php?rest_route=\/wp\/v2\/types\/post"}],"author":[{"embeddable":true,"href":"https:\/\/seryhumano.com\/web\/index.php?rest_route=\/wp\/v2\/users\/2"}],"replies":[{"embeddable":true,"href":"https:\/\/seryhumano.com\/web\/index.php?rest_route=%2Fwp%2Fv2%2Fcomments&post=2771"}],"version-history":[{"count":0,"href":"https:\/\/seryhumano.com\/web\/index.php?rest_route=\/wp\/v2\/posts\/2771\/revisions"}],"wp:featuredmedia":[{"embeddable":true,"href":"https:\/\/seryhumano.com\/web\/index.php?rest_route=\/wp\/v2\/media\/2811"}],"wp:attachment":[{"href":"https:\/\/seryhumano.com\/web\/index.php?rest_route=%2Fwp%2Fv2%2Fmedia&parent=2771"}],"wp:term":[{"taxonomy":"category","embeddable":true,"href":"https:\/\/seryhumano.com\/web\/index.php?rest_route=%2Fwp%2Fv2%2Fcategories&post=2771"},{"taxonomy":"post_tag","embeddable":true,"href":"https:\/\/seryhumano.com\/web\/index.php?rest_route=%2Fwp%2Fv2%2Ftags&post=2771"}],"curies":[{"name":"wp","href":"https:\/\/api.w.org\/{rel}","templated":true}]}}