{"id":28,"date":"2011-12-11T10:42:00","date_gmt":"2011-12-11T15:12:00","guid":{"rendered":"https:\/\/seryhumano.com\/web\/?p=28"},"modified":"2012-08-13T11:20:45","modified_gmt":"2012-08-13T15:50:45","slug":"en-concierto","status":"publish","type":"post","link":"https:\/\/seryhumano.com\/web\/?p=28","title":{"rendered":"\u00a1En Concierto!"},"content":{"rendered":"<div style=\"margin: 0cm 0cm 0pt; text-align: center;\" align=\"center\">\n<div style=\"clear: both; text-align: center;\"><\/div>\n<p><span style=\"font-size: large;\"><strong><span style=\"font-family: Calibri;\">(A 4 manos como en un piano)<\/span><\/strong><\/span><\/p>\n<\/div>\n<div style=\"background: none repeat scroll 0% 0% white; margin: 0cm 0cm 3.75pt; text-align: justify;\"><\/div>\n<div style=\"text-align: justify;\"><\/div>\n<div style=\"background: none repeat scroll 0% 0% #000000; color: white; margin: 0cm 0cm 3.75pt; text-align: right;\"><span style=\"font-family: Calibri; font-size: large;\"><span lang=\"ES\">\u201c<\/span><span lang=\"ES\">La m\u00fasica es el arte m\u00e1s directo, entra por el o\u00eddo y va al coraz\u00f3n.\u201d<\/span><\/span><\/div>\n<div style=\"background-color: black; color: white; text-align: right;\"><span style=\"font-size: large;\"><br \/>\n<\/span><\/div>\n<div style=\"background: none repeat scroll 0% 0% #000000; color: white; margin: 0cm 0cm 0pt; text-align: right;\"><span style=\"font-size: large;\" lang=\"ES\"><span style=\"font-family: Calibri;\">\u00a0\u00a0\u00a0\u00a0\u00a0\u00a0\u00a0\u00a0\u00a0\u00a0\u00a0\u00a0\u00a0\u00a0\u00a0\u00a0\u00a0\u00a0\u00a0\u00a0\u00a0\u00a0\u00a0\u00a0\u00a0\u00a0\u00a0\u00a0\u00a0\u00a0\u00a0\u00a0\u00a0\u00a0\u00a0\u00a0\u00a0\u00a0\u00a0\u00a0\u00a0\u00a0\u00a0\u00a0\u00a0\u00a0\u00a0\u00a0\u00a0\u00a0\u00a0\u00a0\u00a0 Magdalena Mart\u00ednez (flautista espa\u00f1ola)\u00a0\u00a0\u00a0\u00a0\u00a0 <\/span><\/span><\/div>\n<div style=\"background: none repeat scroll 0% 0% #000000; color: white; margin: 0cm 0cm 0pt; text-align: justify;\"><\/div>\n<div style=\"background-color: black; color: white; text-align: justify;\"><\/div>\n<div style=\"text-align: justify;\"><\/div>\n<div style=\"background: none repeat scroll 0% 0% #000000; color: white; margin: 0cm 0cm 0pt; text-align: justify;\"><span style=\"font-size: large;\" lang=\"ES\"><span style=\"font-family: Calibri;\">Desde ni\u00f1a he sido una mel\u00f3mana. Recuerdo que escuchaba m\u00fasica a toda hora; mientras com\u00eda o me ba\u00f1aba conjugaba mis fantas\u00edas con notas del pentagrama y hasta so\u00f1aba en clave de\u00a0Fa Mayor. Mis hermanas tambi\u00e9n compart\u00edan mis gustos, pero no precisamente por los mismos ritmos y nuestra madre no dejaba pasar una oportunidad de convertir la letra de alg\u00fan bolero\u00a0 en parte de sus conversaciones. As\u00ed que me cri\u00e9 en un ambiente musical, por as\u00ed decirlo, de la mano de Radio Rumbos, YVKE Mundial y Radio Nacional. <\/span><\/span><\/div>\n<div style=\"background-color: black; color: white; text-align: justify;\"><\/div>\n<div style=\"background: none repeat scroll 0% 0% #000000; color: white; margin: 0cm 0cm 0pt; text-align: justify;\"><\/div>\n<div style=\"background-color: black; color: white; text-align: justify;\"><span style=\"font-size: large;\"><br \/>\n<\/span><\/div>\n<div style=\"background: none repeat scroll 0% 0% #000000; color: white; margin: 0cm 0cm 0pt; text-align: justify;\"><span style=\"font-size: large;\" lang=\"ES\"><span style=\"font-family: Calibri;\">Esta \u00faltima realmente\u00a0 fue mi gran favorita, escuchar a los cl\u00e1sicos era para m\u00ed el nirvana, un para\u00edso de colores donde la magia se hac\u00eda en matices y la imaginaci\u00f3n no ten\u00eda l\u00edmites.\u00a0 <\/span><\/span><\/div>\n<div style=\"background-color: black; color: white; text-align: justify;\"><span style=\"font-size: large;\"><br \/>\n<\/span><\/div>\n<div style=\"background: none repeat scroll 0% 0% #000000; color: white; margin: 0cm 0cm 0pt; text-align: justify;\"><span style=\"font-size: large;\" lang=\"ES\"><span style=\"font-family: Calibri;\">Las melod\u00edas interpretadas por una orquesta de alg\u00fan rec\u00f3ndito lugar que jam\u00e1s hab\u00eda escuchado, siempre ten\u00edan un significado especial en mi alma. Ya fuera una Sinfon\u00eda de Beethoven o un concierto de Mozart, sosten\u00eda un efecto en mi esp\u00edritu y una sensaci\u00f3n de alcance a la fibra humana en m\u00ed propio yo.<\/span><\/span><\/div>\n<div style=\"background-color: black; color: white; text-align: justify;\"><span style=\"font-size: large;\"><br \/>\n<\/span><\/div>\n<div style=\"background: none repeat scroll 0% 0% #000000; color: white; margin: 0cm 0cm 0pt; text-align: justify;\"><span style=\"font-size: large;\" lang=\"ES\"><span style=\"font-family: Calibri;\">En mi hogar, me ve\u00edan como un bicho raro, cuando tarareaba a todo pulm\u00f3n un pasaje de la po\u00e9tica \u201cTraviata\u201d de Verdi o hac\u00eda en el aire movimientos como si tocara un viol\u00edn, o peor, cuando con un l\u00e1piz dirig\u00eda una orquesta imaginaria\u2026. realmente eso me divert\u00eda (a\u00fan hoy me divierte).<\/span><\/span><\/div>\n<div style=\"background-color: black; color: white; text-align: justify;\"><span style=\"font-size: large;\"><br \/>\n<\/span><\/div>\n<div style=\"background: none repeat scroll 0% 0% #000000; color: white; margin: 0cm 0cm 0pt; text-align: justify;\"><span style=\"font-size: large;\" lang=\"ES\"><span style=\"font-family: Calibri;\">Todos eso recuerdos de la ni\u00f1ez se volcaron en mi mente a principios de noviembre de este a\u00f1o, cuando acompa\u00f1ada de mi maravilloso amigo Francisco, asistimos al concierto Aniversario de la imponente Orquesta Sinf\u00f3nica de Venezuela, en la fant\u00e1stica Sala R\u00edos Reina del Teatro Teresa Carre\u00f1o.<\/span><\/span><\/div>\n<div style=\"background-color: black; color: white; text-align: justify;\"><span style=\"font-size: large;\"><br \/>\n<\/span><\/div>\n<div style=\"background: none repeat scroll 0% 0% #000000; color: white; margin: 0cm 0cm 0pt; text-align: justify;\"><span style=\"font-size: large;\"><a style=\"clear: right; float: right; margin-bottom: 1em; margin-left: 1em;\" href=\"http:\/\/3.bp.blogspot.com\/-o271UtWMhoc\/TuTBDYd9qeI\/AAAAAAAAAEY\/eYTIBzth7uw\/s1600\/DSC_0606.JPG\"><img loading=\"lazy\" decoding=\"async\" src=\"http:\/\/3.bp.blogspot.com\/-o271UtWMhoc\/TuTBDYd9qeI\/AAAAAAAAAEY\/eYTIBzth7uw\/s320\/DSC_0606.JPG\" alt=\"\" width=\"320\" height=\"212\" border=\"0\" \/><\/a><\/span><span style=\"font-size: large;\" lang=\"ES\"><span style=\"font-family: Calibri;\">Para tal oportunidad el invitado de honor fue el Concertino Principal de la Orquesta Filarm\u00f3nica de Los \u00c1ngeles, Martin Chalifour quien nos interpret\u00f3 magistralmente\u00a0el\u00a0Concierto para viol\u00edn y orquesta Op.14 de <\/span><\/span><span style=\"font-family: Calibri; font-size: large;\"><span lang=\"ES\">Samuel Barber <\/span><\/span><span style=\"font-size: large;\" lang=\"ES\"><span style=\"font-family: Calibri;\">y\u00a0la Romanza N\u00b0 2 para viol\u00edn y orquesta en Fa mayor Op. 50 de Ludwig van Beethoven.<\/span><\/span><\/div>\n<div style=\"background-color: black; color: white; text-align: justify;\"><span style=\"font-size: large;\"><br \/>\n<\/span><\/div>\n<div style=\"background: none repeat scroll 0% 0% #000000; color: white; margin: 0cm 0cm 0pt; text-align: justify;\"><span style=\"font-family: Calibri; font-size: large;\"><span lang=\"ES\">Samuel Barber<\/span><span lang=\"ES\">naci\u00f3 en Pensilvania Estados Unidos, en 1910. Considerado como un ni\u00f1o prodigio, comenz\u00f3 a tocar el piano a los seis a\u00f1os y a componer a los siete.<\/span><span lang=\"ES\">Trat\u00f3 de evitar el experimentalismo de otros compositores estadounidenses de su generaci\u00f3n, prefiriendo hasta casi el final de su vida (Nueva York, 1981) ce\u00f1irse a formas y armon\u00edas musicales relativamente tradicionales. <\/span><\/span><\/div>\n<div style=\"background-color: black; color: white; text-align: justify;\"><span style=\"font-size: large;\"><br \/>\n<\/span><\/div>\n<div style=\"background: none repeat scroll 0% 0% #000000; color: white; margin: 0cm 0cm 0pt; text-align: justify;\"><span style=\"font-family: Calibri; font-size: large;\"><span lang=\"ES\">La mayor parte de su obra es exuberantemente mel\u00f3dica y ha sido descrita como neorrom\u00e1ntica, a pesar de que en algunos de sus \u00faltimos trabajos, particularmente el <em>Tercer Ensayo para Orquesta<\/em> y la <em>Danza de la Venganza de Medea<\/em>, despliega un uso magistral de las percusiones, un mayor vanguardismo y efectos neo-Stravinskianos. <\/span><span lang=\"EN-US\">(Tomado de Heyman, Barbara B<em>: Samuel Barber: the Composer and His Music. <\/em><\/span>Nueva York: Oxford University Press, 1992)<\/span><\/div>\n<div style=\"background-color: black; color: white; text-align: justify;\"><span style=\"font-size: large;\"><br \/>\n<\/span><\/div>\n<div style=\"background: none repeat scroll 0% 0% #000000; color: white; margin: 0cm 0cm 0pt; text-align: justify;\"><span style=\"font-size: large;\" lang=\"ES\"><span style=\"font-family: Calibri;\">Beethoven, genio musical nacido en 1770 en Bonn, a orillas del Rin (Alemania), compuso pocas obras para viol\u00edn y orquesta. Esta obra en particular proyecta im\u00e1genes de un hermoso amanecer con un colorido sin igual en sus matices, como relucientes rayos de sol y brisa fresca en comuni\u00f3n del Creador. El viol\u00edn recorre un pr\u00edstino camino libre de excesos, que en m\u00e1s de una ocasi\u00f3n me hizo suspirar.<\/span><\/span><\/div>\n<div style=\"background-color: black; color: white; text-align: justify;\"><span style=\"font-size: large;\"><br \/>\n<\/span><\/div>\n<div style=\"background: none repeat scroll 0% 0% #000000; color: white; margin: 0cm 0cm 0pt; text-align: justify;\"><span style=\"font-size: large;\" lang=\"ES\"><span style=\"font-family: Calibri;\">La orquesta tambi\u00e9n interpret\u00f3 la Obertura de la Opereta \u201cMozart\u201d, del compositor, cantante, pianista, director de orquesta y cr\u00edtico musical Reynaldo Hahn (1874-1947), nacido en Venezuela, pero radicado desde muy ni\u00f1o en Francia.<\/span><\/span><\/div>\n<div style=\"background-color: black; color: white; text-align: justify;\"><span style=\"font-size: large;\"><br \/>\n<\/span><\/div>\n<div style=\"background: none repeat scroll 0% 0% #000000; color: white; margin: 0cm 0cm 0pt; text-align: justify;\"><span style=\"font-family: Calibri; font-size: large;\"><em><span lang=\"ES\">Mozart <\/span><\/em><span lang=\"ES\">es la historia sobre las aventuras ficticias del compositor austr\u00edaco que llevaba este famoso nombre en una visita a la capital francesa. Fue estrenada en el Teatro Edouard VII de Par\u00eds, el 2 de diciembre de 1925.<\/span><\/span><\/div>\n<div style=\"background-color: black; color: white; text-align: justify;\"><span style=\"font-size: large;\"><a style=\"clear: left; float: left; margin-bottom: 1em; margin-right: 1em;\" href=\"http:\/\/1.bp.blogspot.com\/-szwr4KMUm7w\/TuTCgSsCadI\/AAAAAAAAAEg\/pBYy_8ID1k8\/s1600\/DSC_0597.JPG\"><img loading=\"lazy\" decoding=\"async\" src=\"http:\/\/1.bp.blogspot.com\/-szwr4KMUm7w\/TuTCgSsCadI\/AAAAAAAAAEg\/pBYy_8ID1k8\/s320\/DSC_0597.JPG\" alt=\"\" width=\"320\" height=\"212\" border=\"0\" \/><\/a><\/span><\/div>\n<div style=\"background: none repeat scroll 0% 0% #000000; color: white; margin: 0cm 0cm 0pt; text-align: justify;\"><span style=\"font-size: large;\" lang=\"ES\"><span style=\"font-family: Calibri;\">Para terminar la velada, bajo la batuta del Director Art\u00edstico de la Orquesta Sinf\u00f3nica de Venezuela Theodore Kuchar, escuchamos la Sinfon\u00eda N\u00b05 en Si bemol mayor Op.100 de Sergei Prokofiev, escrita por este en escasos dos meses, compuesta por cuatro movimientos: Andante, Allegro marcato, Adagio y un Allegro giocoso.<\/span><\/span><\/div>\n<div style=\"background-color: black; color: white; text-align: justify;\"><span style=\"font-size: large;\"><br \/>\n<\/span><\/div>\n<div style=\"background: none repeat scroll 0% 0% #000000; color: white; margin: 0cm 0cm 0pt; text-align: justify;\"><span style=\"font-size: large;\"><a style=\"clear: right; float: right; margin-bottom: 1em; margin-left: 1em;\" href=\"http:\/\/2.bp.blogspot.com\/-R3PR9iClQ6g\/TuTDjq5wW4I\/AAAAAAAAAEo\/NxeWLKbvTSo\/s1600\/DSC_0624.JPG\"><img loading=\"lazy\" decoding=\"async\" src=\"http:\/\/2.bp.blogspot.com\/-R3PR9iClQ6g\/TuTDjq5wW4I\/AAAAAAAAAEo\/NxeWLKbvTSo\/s320\/DSC_0624.JPG\" alt=\"\" width=\"320\" height=\"212\" border=\"0\" \/><\/a><\/span><span style=\"font-size: large;\" lang=\"ES\"><span style=\"font-family: Calibri;\">Esta sinfon\u00eda es la m\u00e1s popular de las siete que aparecen en el cat\u00e1logo de Prokofiev. Aunque el autor la concibi\u00f3 esencialmente como \u201cla expresi\u00f3n de la grandeza del ser humano\u201d, muchos han visto en ella una p\u00e1gina musical impregnada de un sentimiento de victoria. De hecho el estreno de la obra, que fue llevado a cabo en Mosc\u00fa el 13 de enero de 1945, bajo la direcci\u00f3n del mismo Prokofiev, coincidi\u00f3 con una importante derrota de los nazis por parte del ej\u00e9rcito sovi\u00e9tico. A\u00f1os m\u00e1s tarde, cuando la m\u00fasica de Prokofiev fue v\u00edctima de la censura del r\u00e9gimen de Stalin, la Quinta Sinfon\u00eda fue una de sus pocas obras que no fueron condenadas. (Tomado del programa de mano)<\/span><\/span><\/div>\n<div style=\"background-color: black; color: white; text-align: justify;\"><span style=\"font-size: large;\"><br \/>\n<\/span><\/div>\n<div style=\"background-color: black; color: white; text-align: justify;\"><span style=\"font-size: large;\"><br \/>\n<\/span><\/div>\n<div style=\"margin: 0cm 0cm 0pt; text-align: justify;\"><span style=\"font-size: large;\"><a style=\"background-color: black; clear: left; color: white; float: left; margin-bottom: 1em; margin-right: 1em;\" href=\"http:\/\/1.bp.blogspot.com\/-zbXPrOC6XgQ\/TuTETBaa6gI\/AAAAAAAAAEw\/ct5wFcEEb5I\/s1600\/DSC_0633.JPG\"><img loading=\"lazy\" decoding=\"async\" src=\"http:\/\/1.bp.blogspot.com\/-zbXPrOC6XgQ\/TuTETBaa6gI\/AAAAAAAAAEw\/ct5wFcEEb5I\/s320\/DSC_0633.JPG\" alt=\"\" width=\"320\" height=\"212\" border=\"0\" \/><\/a><\/span><span style=\"background-color: black; color: white; font-family: Calibri; font-size: large;\"><span style=\"background-color: black; color: white;\" lang=\"ES\">Debo confesar que en la actualidad, por razones laborales no tengo la suerte\u00a0 de asistir con regularidad a los conciertos de m\u00fasica acad\u00e9mica, y mis pocos conocimientos\u00a0 de la misma los tengo gracias a que entraba furtivamente a las excepcionales clases de piano dictadas a mis pr\u00edncipes adorados por sus talentosos profesores, principalmente la Maestra venezolana Olga L\u00f3pez. Sin embargo, cuando me siento en una butaca a escuchar al int\u00e9rprete de un instrumento, a observar como m\u00e1gicamente puede cambiar mi estado de \u00e1nimo con las primeras notas, me pierdo en el tiempo y siento un placer tan profundo que olvido que soy una ignorante en el asunto; lo que s\u00ed me consta de primera mano es cuanto esfuerzo, trabajo y determinaci\u00f3n tienen que dedicarle los m\u00fasicos a su arte, para conseguir transmitir sentimientos a trav\u00e9s de sus melod\u00edas.<\/span><\/span><\/div>\n<div style=\"text-align: justify;\"><span style=\"font-size: large;\"><br \/>\n<\/span><\/div>\n<div style=\"background-color: black; color: white; margin: 0cm 0cm 0pt; text-align: justify;\"><span style=\"font-family: Calibri; font-size: large;\">Pero la m\u00fasica es una parte de esta vivencia, el producto final, pero toda historia\u00a0 tiene un inicio, un desarrollo para llegar a ser lo que en definitiva uno admira y llega a sentir orgullo cuando se est\u00e1 en la butaca sentado esperando que el director comience a deleitarnos. Esa historia tiene que ver con hombres y mujeres que tuvieron un sue\u00f1o, que hoy en d\u00eda se mantiene,\u00a0 pero para contarla cedo la batuta\u2026\u00a0\u00a0 <\/span><\/div>\n<div style=\"text-align: justify;\"><span style=\"font-size: large;\"><br \/>\n<\/span><\/div>\n<div style=\"margin: 0cm 0cm 0pt; text-align: justify;\"><span style=\"font-size: large;\"><strong><span style=\"font-family: Calibri;\">En 1930 nace una historia&#8230; En el 2011 es ya una leyenda\u00a0 <\/span><\/strong><\/span><\/div>\n<div style=\"text-align: justify;\"><\/div>\n<div style=\"margin: 0cm 0cm 0pt; text-align: justify;\"><a style=\"clear: left; float: left; margin-bottom: 1em; margin-right: 1em;\" href=\"http:\/\/1.bp.blogspot.com\/-plRlAOeIvAw\/Tu6KB3wl7KI\/AAAAAAAAAHA\/zaMtA7c53kg\/s1600\/h.jpg\"><img loading=\"lazy\" decoding=\"async\" src=\"http:\/\/1.bp.blogspot.com\/-plRlAOeIvAw\/Tu6KB3wl7KI\/AAAAAAAAAHA\/zaMtA7c53kg\/s200\/h.jpg\" alt=\"\" width=\"120\" height=\"200\" border=\"0\" \/><\/a><br \/>\n<span style=\"font-family: Calibri; font-size: large;\">El a\u00f1o 1930 ser\u00e1 recordado por varios acontecimientos. Por ejemplo el 2 de marzo Fallece en la poblaci\u00f3n de Vence (Francia), David Herbert Lawrence,\u00a0 escritor brit\u00e1nico, uno de los m\u00e1s influyentes en lengua inglesa del siglo XX y autor, entre otras\u00a0 obras, de \u00abEl amante de Lady Chatterley\u00bb publicada en 1928.\u00a0 El 13 de mayo Muere\u00a0 en\u00a0 Polhogda (Noruega), Fridtjof Nansen, explorador\u00a0 noruego precursor\u00a0 de\u00a0 la primera expedici\u00f3n\u00a0 polar\u00a0 noruega.\u00a0 Tambi\u00e9n\u00a0 fue\u00a0 el\u00a0 creador\u00a0 e\u00a0 ide\u00f3logo del\u00a0 Pasaporte\u00a0 Nansen,\u00a0 que permiti\u00f3 la repatriaci\u00f3n de 450.000 prisioneros de la I Guerra Mundial de\u00a0 26 pa\u00edses. Por esta acci\u00f3n recibi\u00f3 el premio Nobel de la Paz de 1922. (Hace 81 a\u00f1os)<\/span><\/div>\n<div style=\"text-align: justify;\"><a style=\"clear: right; float: right; margin-bottom: 1em; margin-left: 1em;\" href=\"http:\/\/3.bp.blogspot.com\/-Gz_4LBWcqFI\/Tu6LbAlr5HI\/AAAAAAAAAHg\/psagmvC0FhI\/s1600\/i.jpg\"><img loading=\"lazy\" decoding=\"async\" src=\"http:\/\/3.bp.blogspot.com\/-Gz_4LBWcqFI\/Tu6LbAlr5HI\/AAAAAAAAAHg\/psagmvC0FhI\/s200\/i.jpg\" alt=\"\" width=\"200\" height=\"196\" border=\"0\" \/><\/a><span style=\"font-size: large;\"><br \/>\n<\/span><\/div>\n<div style=\"margin: 0cm 0cm 0pt; text-align: justify;\"><span style=\"font-family: Calibri; font-size: large;\">El 7 de julio En\u00a0 Crowborough\u00a0 (Reino\u00a0 Unido),\u00a0 fallece\u00a0 el\u00a0 m\u00e9dico\u00a0 y\u00a0 escritor escoc\u00e9s\u00a0 Arthur Conan Doyle. Afortunadamente, 1930 no es un a\u00f1o solo de muertes, ya que el 5 de agosto Neil Armstrong, astronauta norteamericano, que se convertir\u00e1 en el\u00a0 primer hombre en hollar la Luna, nace en la granja de su abuelo en Wapakoneta (Ohio, EE.UU.). (Hace 81 a\u00f1os)<\/span><\/div>\n<div style=\"text-align: justify;\">\n<div style=\"clear: both; text-align: center;\"><a style=\"clear: left; float: left; margin-bottom: 1em; margin-right: 1em;\" href=\"http:\/\/1.bp.blogspot.com\/-d3YLn47uTHA\/Tu6KCj6FqFI\/AAAAAAAAAHQ\/xGSm9O6nRmw\/s1600\/j.jpg\"><img loading=\"lazy\" decoding=\"async\" src=\"http:\/\/1.bp.blogspot.com\/-d3YLn47uTHA\/Tu6KCj6FqFI\/AAAAAAAAAHQ\/xGSm9O6nRmw\/s200\/j.jpg\" alt=\"\" width=\"139\" height=\"200\" border=\"0\" \/><\/a><\/div>\n<p><span style=\"font-size: large;\"><br \/>\n<\/span><\/p>\n<\/div>\n<div style=\"margin: 0cm 0cm 0pt; text-align: justify;\"><span style=\"font-family: Calibri; font-size: large;\">Tambi\u00e9n,\u00a0 el 13 de enero y tras\u00a0 haber aparecido en\u00a0 15 cortometrajes de\u00a0 animaci\u00f3n que le otorgan\u00a0 gran popularidad, en Estados Unidos, la compa\u00f1\u00eda King Features Syndicate solicita a Disney licencia\u00a0 para lanzar al rat\u00f3n Mickey\u00a0 Mouse\u00a0 y a sus compa\u00f1eros en\u00a0 una serie\u00a0 de\u00a0 tiras c\u00f3micas. Walt\u00a0 Disney da su conformidad y en el d\u00eda de hoy ve la luz la primera serie de tiras c\u00f3micas de Mickey\u00a0 con gui\u00f3n escrito por el propio Walt Disney. Los dibujos salen de la mano de Ub Iwerks y el\u00a0 entintado es obra de Win Smith. <\/span><\/div>\n<div style=\"text-align: justify;\"><span style=\"font-size: large;\"><br \/>\n<\/span><\/div>\n<div style=\"margin: 0cm 0cm 0pt; text-align: justify;\"><span style=\"font-size: large;\"><strong><span style=\"font-family: Calibri;\">Pero y en Venezuela \u00bfqu\u00e9 estaba pasando? <\/span><\/strong><\/span><\/div>\n<div style=\"text-align: justify;\"><span style=\"font-size: large;\"><br \/>\n<\/span><\/div>\n<div style=\"margin: 0cm 0cm 0pt; text-align: justify;\">\n<div style=\"clear: both; text-align: center;\"><a style=\"clear: right; float: right; margin-bottom: 1em; margin-left: 1em;\" href=\"http:\/\/1.bp.blogspot.com\/-_nBd7Fu5Ans\/Tu6JkPjLTDI\/AAAAAAAAAGg\/wmAE87UmzxU\/s1600\/m.jpg\"><img loading=\"lazy\" decoding=\"async\" src=\"http:\/\/1.bp.blogspot.com\/-_nBd7Fu5Ans\/Tu6JkPjLTDI\/AAAAAAAAAGg\/wmAE87UmzxU\/s200\/m.jpg\" alt=\"\" width=\"200\" height=\"144\" border=\"0\" \/><\/a><\/div>\n<p><span style=\"font-family: Calibri; font-size: large;\">Cuanta la historia que el 15 de Enero de 1930,\u00a0 se realiz\u00f3 una reuni\u00f3 en la Escuela de M\u00fasica y Declamaci\u00f3n de la Academia de Bellas Artes de Caracas (hoy, \u201cEscuela de M\u00fasica Jos\u00e9 \u00c1ngel Lamas\u201d) <\/span><\/p>\n<\/div>\n<div style=\"text-align: justify;\"><span style=\"font-size: large;\"><br \/>\n<\/span><\/div>\n<div style=\"margin: 0cm 0cm 0pt; text-align: justify;\">\n<div style=\"clear: both; text-align: center;\"><a style=\"clear: left; float: left; margin-bottom: 1em; margin-right: 1em;\" href=\"http:\/\/4.bp.blogspot.com\/-XUb7hqgAbNE\/Tu6JlJHJ8dI\/AAAAAAAAAG4\/kyOSn1hOO5c\/s1600\/trio.gif\"><img loading=\"lazy\" decoding=\"async\" src=\"http:\/\/4.bp.blogspot.com\/-XUb7hqgAbNE\/Tu6JlJHJ8dI\/AAAAAAAAAG4\/kyOSn1hOO5c\/s200\/trio.gif\" alt=\"\" width=\"200\" height=\"128\" border=\"0\" \/><\/a><\/div>\n<p><span style=\"font-family: Calibri; font-size: large;\">Este encuentro, promovido por instancia de los profesores Luis Calca\u00f1o D\u00edaz, Ascanio Negretti Vasconcellos y Sim\u00f3n \u00c1lvarez, y por convocatoria del Maestro Vicente Emilio Sojo, es el inicio de\u00a0 la que ser\u00eda, a\u00f1os m\u00e1s tarde, la instituci\u00f3n musical m\u00e1s firme creada en Venezuela.<\/span><\/p>\n<\/div>\n<div style=\"text-align: justify;\"><span style=\"font-size: large;\"><br \/>\n<\/span><\/div>\n<div style=\"margin: 0cm 0cm 0pt; text-align: justify;\">\n<div style=\"clear: both; text-align: center;\"><a style=\"clear: right; float: right; margin-bottom: 1em; margin-left: 1em;\" href=\"http:\/\/4.bp.blogspot.com\/-E5KtN_qLr_4\/Tu6JjOypv1I\/AAAAAAAAAGI\/YEdEL0MDQiI\/s1600\/e.jpg\"><img decoding=\"async\" src=\"http:\/\/4.bp.blogspot.com\/-E5KtN_qLr_4\/Tu6JjOypv1I\/AAAAAAAAAGI\/YEdEL0MDQiI\/s1600\/e.jpg\" alt=\"\" border=\"0\" \/><\/a><\/div>\n<p><span style=\"font-family: Calibri; font-size: large;\">Un grupo de 26 ilustres y visionarios m\u00fasicos cre\u00f3 en esta fecha la Orquesta Sinf\u00f3nica de Venezuela, que el 24 de junio de ese mismo a\u00f1o, con 40 profesores, realiz\u00f3 su primera presentaci\u00f3n p\u00fablica, dedicada, seg\u00fan reza el programa de mano: \u00ab&#8230; a los altos funcionarios del Estado, a los artistas, literatos y a la muy culta sociedad caraque\u00f1a&#8230;\u00bb.<\/span><\/p>\n<\/div>\n<div style=\"text-align: justify;\"><span style=\"font-size: large;\"><br \/>\n<\/span><\/div>\n<div style=\"margin: 0cm 0cm 0pt; text-align: justify;\">\n<div style=\"clear: both; text-align: center;\"><a style=\"clear: left; float: left; margin-bottom: 1em; margin-right: 1em;\" href=\"http:\/\/3.bp.blogspot.com\/-9jNcXguLPwY\/Tu6JkiszI8I\/AAAAAAAAAGo\/qMWqBTzDaQ8\/s1600\/r.jpg\"><img loading=\"lazy\" decoding=\"async\" src=\"http:\/\/3.bp.blogspot.com\/-9jNcXguLPwY\/Tu6JkiszI8I\/AAAAAAAAAGo\/qMWqBTzDaQ8\/s200\/r.jpg\" alt=\"\" width=\"200\" height=\"133\" border=\"0\" \/><\/a><\/div>\n<p><span style=\"font-family: Calibri; font-size: large;\">Han pasado 81 a\u00f1os de aquel d\u00eda inaugural, y por la Oquesta han pasado\u00a0 Wilhelm Furtw\u00e4ngler, Igor Stravinsky, Eugene Ormandy, Otto Klemperer, Sergio Celibidache, Andr\u00e9 Kostelanetz, H\u00e9ctor Villa-Lobos, Carlos Ch\u00e1vez, Pierre Boulez, Eduardo Mata, Mstislav Rostropovich, Jascha Heifetz, Henryk Szeryng, Arturo Rubinstein, Claudio Arrau, Martha Argerich, Yo-Yo Ma, Pablo Casals, Wilhelm Kemp, entre muchos otros, demostrando que este grupo inicial no estaba equivocado y que en Venezuela, en materia de m\u00fasica, hay \u00abcon qu\u00e9\u00bb. <\/span><\/p>\n<\/div>\n<div style=\"text-align: justify;\"><span style=\"font-size: large;\"><br \/>\n<\/span><\/div>\n<div style=\"margin: 0cm 0cm 0pt; text-align: justify;\">\n<div style=\"clear: both; text-align: center;\"><a style=\"clear: right; float: right; margin-bottom: 1em; margin-left: 1em;\" href=\"http:\/\/3.bp.blogspot.com\/-cW8tiZErTS0\/Tu6Jjen364I\/AAAAAAAAAGQ\/rWCG9IZTNVQ\/s1600\/l.jpg\"><img loading=\"lazy\" decoding=\"async\" src=\"http:\/\/3.bp.blogspot.com\/-cW8tiZErTS0\/Tu6Jjen364I\/AAAAAAAAAGQ\/rWCG9IZTNVQ\/s200\/l.jpg\" alt=\"\" width=\"193\" height=\"200\" border=\"0\" \/><\/a><\/div>\n<p><span style=\"font-family: Calibri; font-size: large;\">La lista de directores que han pasado por la\u00a0 Orquesta Sinf\u00f3nica de Venezuela (OSV) incluye nombre como los de los maestros Vicente Emilio Sojo, Vicente Martucci, \u00c1ngel Sauce, Antonio Est\u00e9vez, Gonzalo Castellanos, Georg Schmoehe y Eduardo Marturet.<\/span><\/p>\n<\/div>\n<div style=\"margin: 0cm 0cm 0pt; text-align: justify;\"><a style=\"clear: left; float: left; margin-bottom: 1em; margin-right: 1em;\" href=\"http:\/\/4.bp.blogspot.com\/-n--OsP2TUjM\/Tu6JQymiFqI\/AAAAAAAAAFI\/HW-dV5s8z08\/s1600\/c.jpg\"><img loading=\"lazy\" decoding=\"async\" src=\"http:\/\/4.bp.blogspot.com\/-n--OsP2TUjM\/Tu6JQymiFqI\/AAAAAAAAAFI\/HW-dV5s8z08\/s200\/c.jpg\" alt=\"\" width=\"200\" height=\"149\" border=\"0\" \/><\/a><span style=\"font-family: Calibri; font-size: large;\"> La OSV viaj\u00f3 por primera vez al exterior en 1951, y se present\u00f3 en Lima, Per\u00fa y en Colombia en las ciudades de Barranquilla y Cartagena. En 1953 se presenta en La Habana, Cuba, en el marco de los actos de celebraci\u00f3n del centenario del nacimiento de Jos\u00e9 Mart\u00ed. Los conciertos tuvieron lugar en el Teatro Audit\u00f3rium, el Palacio Nacional y en la Catedral de la capital de la isla. En 1964 interviene en el \u00abFestival Casals\u00bb en San Juan de Puerto Rico. En 1976 viaja a Costa Rica y Panam\u00e1, present\u00e1ndose al a\u00f1o siguiente en Managua, Nicaragua. Colombia, Ecuador, Per\u00fa y Bolivia son visitados por la orquesta en 1980, y en el a\u00f1o 1981, a\u00f1o en que le fuera otorgado el honroso t\u00edtulo de \u00abPatrimonio Art\u00edstico de la Naci\u00f3n\u00bb, emprende una de sus m\u00e1s relevantes giras a seis pa\u00edses europeos: Holanda, Alemania, Espa\u00f1a, Suiza, Austria y Francia. <\/span><\/div>\n<div style=\"text-align: justify;\"><span style=\"font-size: large;\"><br \/>\n<\/span><\/div>\n<div style=\"margin: 0cm 0cm 0pt; text-align: justify;\">\n<div style=\"clear: both; text-align: center;\"><a style=\"clear: right; float: right; margin-bottom: 1em; margin-left: 1em;\" href=\"http:\/\/2.bp.blogspot.com\/-WEkLNkB1AB8\/Tu6M-TfLSBI\/AAAAAAAAAHo\/3o60QAnJj0U\/s1600\/s.jpg\"><img decoding=\"async\" src=\"http:\/\/2.bp.blogspot.com\/-WEkLNkB1AB8\/Tu6M-TfLSBI\/AAAAAAAAAHo\/3o60QAnJj0U\/s1600\/s.jpg\" alt=\"\" border=\"0\" \/><\/a><\/div>\n<p><span style=\"font-family: Calibri; font-size: large;\">En\u00a0 1998 visitan Portugal, donde se presenta exitosamente en la Expo-Lisboa 1998 y se convierte en la primera orquesta sinf\u00f3nica en realizar un concierto en toda la historia de la ciudad de Funchal, Isla de Madeira. En el a\u00f1o 2005, en el marco de su Septuag\u00e9simo Quinto Aniversario, realiza una exitosa gira por varias ciudades de Italia en homenaje al Bicentenario del Juramento del Libertador Sim\u00f3n Bol\u00edvar en el Monte Sacro, Roma. En el a\u00f1o 2007, la orquesta se dirige a la Federaci\u00f3n Rusa siendo la primera orquesta venezolana en hacerlo, present\u00e1ndose en las ciudades de Izhevsk, Votkinsk (ciudad natal del compositor ruso Peter Ilich Tchaikovsky), Mosc\u00fa y San Petersburgo, causando una maravillosa impresi\u00f3n en el p\u00fablico que llen\u00f3 las salas, al escuchar obras de compositores venezolanos. <\/span><\/p>\n<\/div>\n<div style=\"text-align: justify;\"><\/div>\n<div style=\"margin: 0cm 0cm 0pt; text-align: justify;\">\n<div style=\"clear: both; text-align: center;\"><a style=\"clear: left; float: left; margin-bottom: 1em; margin-right: 1em;\" href=\"http:\/\/4.bp.blogspot.com\/-9_XLfW4PG9E\/Tu6NSkOVQTI\/AAAAAAAAAHw\/KyHB4zXmmYQ\/s1600\/b.jpg\"><img loading=\"lazy\" decoding=\"async\" src=\"http:\/\/4.bp.blogspot.com\/-9_XLfW4PG9E\/Tu6NSkOVQTI\/AAAAAAAAAHw\/KyHB4zXmmYQ\/s200\/b.jpg\" alt=\"\" width=\"200\" height=\"160\" border=\"0\" \/><\/a><\/div>\n<p><span style=\"font-family: Calibri; font-size: large;\">La visi\u00f3n de quienes han pasado por la OSV ha permitido que Caracas cuente con un teatro como el Teresa Carre\u00f1o, una obra que se logr\u00f3 como se dice \u00bb a pulsito\u00bb, ya que desde\u00a0 la d\u00e9cada de los sesenta y principios de los setenta, el maestro Pedro Antonio R\u00edos-Reyna, entonces presidente de la Sociedad, comenz\u00f3 las gestiones para conseguir un teatro propio de manera que la orquesta pudiese, como la mayor\u00eda de las orquestas importantes del mundo, realizar sin contratiempos sus ensayos y conciertos regulares. <\/span><\/p>\n<\/div>\n<div style=\"margin: 0cm 0cm 0pt; text-align: justify;\"><span style=\"font-size: large;\"><br \/>\n<\/span><\/p>\n<div style=\"clear: both; text-align: center;\"><a style=\"clear: right; float: right; margin-bottom: 1em; margin-left: 1em;\" href=\"http:\/\/3.bp.blogspot.com\/-z3NthUH6sKk\/Tu6JRIb3QWI\/AAAAAAAAAFQ\/LrvwQGlxmwY\/s1600\/d.jpg\"><img decoding=\"async\" src=\"http:\/\/3.bp.blogspot.com\/-z3NthUH6sKk\/Tu6JRIb3QWI\/AAAAAAAAAFQ\/LrvwQGlxmwY\/s1600\/d.jpg\" alt=\"\" border=\"0\" \/><\/a><\/div>\n<p><span style=\"font-family: Calibri; font-size: large;\">La muerte sorprendi\u00f3 al Maestro, pero la semilla logr\u00f3 germinar y el 19 de Abril de 1983, la Orquesta Sinf\u00f3nica de Venezuela inaugura su sede permanente, la \u00abSala R\u00edos-Reyna\u00bb, <\/span><\/p>\n<\/div>\n<div style=\"text-align: justify;\"><span style=\"font-size: large;\"><br \/>\n<\/span><\/div>\n<div style=\"margin: 0cm 0cm 0pt; text-align: justify;\">\n<div style=\"clear: both; text-align: center;\"><a style=\"clear: left; float: left; margin-bottom: 1em; margin-right: 1em;\" href=\"http:\/\/2.bp.blogspot.com\/-qUtU_kJro6w\/Tu6JUfbfPMI\/AAAAAAAAAFY\/e0LJZCWKJ20\/s1600\/DSCF2424.JPG\"><img loading=\"lazy\" decoding=\"async\" src=\"http:\/\/2.bp.blogspot.com\/-qUtU_kJro6w\/Tu6JUfbfPMI\/AAAAAAAAAFY\/e0LJZCWKJ20\/s200\/DSCF2424.JPG\" alt=\"\" width=\"200\" height=\"150\" border=\"0\" \/><\/a><\/div>\n<p><span style=\"font-family: Calibri; font-size: large;\">\u00d3pera, ballet, musicales, m\u00fasica de c\u00e1mara, series de conciertos, grabaciones de soundtracks, variados espect\u00e1culos sinf\u00f3nicos, entre as\u00ed como conciertos did\u00e1ctico-infantiles, navide\u00f1os, de m\u00fasica folcl\u00f3rica y popular, rock sinf\u00f3nico y tangos, entre otros, han estado en el repertorio de la Orquesta, demostrando que se actualiza y sus m\u00fasicos son capaces de interpretar todo g\u00e9nero.\u00a0 <\/span><\/p>\n<\/div>\n<div style=\"text-align: justify;\"><span style=\"font-size: large;\"><br \/>\n<\/span><\/div>\n<div style=\"margin: 0cm 0cm 0pt; text-align: justify;\">\n<div style=\"clear: both; text-align: center;\"><a style=\"clear: right; float: right; margin-bottom: 1em; margin-left: 1em;\" href=\"http:\/\/4.bp.blogspot.com\/-Q7uYNgQaGeI\/Tu6JfM2A2YI\/AAAAAAAAAF4\/VVzTf0TKT3g\/s1600\/DSCF2480.JPG\"><img loading=\"lazy\" decoding=\"async\" src=\"http:\/\/4.bp.blogspot.com\/-Q7uYNgQaGeI\/Tu6JfM2A2YI\/AAAAAAAAAF4\/VVzTf0TKT3g\/s200\/DSCF2480.JPG\" alt=\"\" width=\"200\" height=\"112\" border=\"0\" \/><\/a><\/div>\n<p><span style=\"font-family: Calibri; font-size: large;\">La\u00a0 trascendencia de la OSV y su permanencia en el tiempo es gracias al apoyo que siempre le han dado sus miembros al trabajo en conjunto, teniendo dentro de la Orquesta m\u00fasicos que llevan 40 a\u00f1os en la instituci\u00f3n, algo que en un pa\u00eds como el nuestro &#8211; donde todo cambia y las lealtades a veces son ef\u00edmeras &#8211; es ya toda una proeza de constancia y dedicaci\u00f3n.\u00a0 <\/span><\/p>\n<\/div>\n<div style=\"text-align: justify;\"><span style=\"font-size: large;\"><br \/>\n<\/span><\/div>\n<div style=\"margin: 0cm 0cm 0pt; text-align: justify;\">\n<div style=\"clear: both; text-align: center;\"><a style=\"clear: left; float: left; margin-bottom: 1em; margin-right: 1em;\" href=\"http:\/\/4.bp.blogspot.com\/-mebqRHfxruY\/Tu6JWjNFLBI\/AAAAAAAAAFg\/KCXEy27nKvE\/s1600\/DSCF2432.JPG\"><img loading=\"lazy\" decoding=\"async\" src=\"http:\/\/4.bp.blogspot.com\/-mebqRHfxruY\/Tu6JWjNFLBI\/AAAAAAAAAFg\/KCXEy27nKvE\/s200\/DSCF2432.JPG\" alt=\"\" width=\"200\" height=\"112\" border=\"0\" \/><\/a><\/div>\n<p><span style=\"font-family: Calibri; font-size: large;\">Para el a\u00f1o 2011 la Sociedad Orquesta Sinf\u00f3nica de Venezuela tiene como director titular a Theodore Kuchar y su Junta Directiva est\u00e1 constituida por los profesores Alejandro Montes de Oca, presidente; Juan Carlos Navas, vice-presidente; Susana\u00a0 Salas, vocal; Andr\u00e9s Eloy Rodr\u00edguez, secretario de publicidad y propaganda; y Ernesto Ni\u00f1o, secretario de actas.<\/span><\/p>\n<\/div>\n<div style=\"text-align: justify;\"><span style=\"font-size: large;\"><br \/>\n<\/span><\/div>\n<div style=\"text-align: justify;\"><\/div>\n<div style=\"margin: 0cm 0cm 0pt; text-align: justify;\">\n<div style=\"clear: both; text-align: center;\"><a style=\"clear: right; float: right; margin-bottom: 1em; margin-left: 1em;\" href=\"http:\/\/4.bp.blogspot.com\/-GGLiRz145IM\/Tu6JZ8EfEeI\/AAAAAAAAAFo\/FNkGkk7Hrj0\/s1600\/DSCF2457.JPG\"><img loading=\"lazy\" decoding=\"async\" src=\"http:\/\/4.bp.blogspot.com\/-GGLiRz145IM\/Tu6JZ8EfEeI\/AAAAAAAAAFo\/FNkGkk7Hrj0\/s200\/DSCF2457.JPG\" alt=\"\" width=\"200\" height=\"150\" border=\"0\" \/><\/a><\/div>\n<p><span style=\"font-family: Calibri; font-size: large;\">Como 81 a\u00f1os se dicen f\u00e1cil pero se demuestran con hechos, la OSV ofreci\u00f3 en su casa &#8211; la Sala R\u00edos Reyna del Teatro Teresa Carre\u00f1o &#8211; un reconocimiento a los hombres y mujeres que d\u00eda a d\u00eda trabajan, como hormiguitas, para lograr que la orquesta sea el \u00abalma de nuestra historia musical\u00bb,\u00a0 para aquellos que han posible que las notas sonoras lleguen a todos y se record\u00f3 a quienes ya no est\u00e1n f\u00edsicamente pero quedan en el recuerdo de la Orquesta y sus miembros.<\/span><\/p>\n<\/div>\n<div style=\"margin: 0cm 0cm 0pt; text-align: justify;\"><\/div>\n<div style=\"text-align: justify;\"><\/div>\n<div style=\"margin: 0cm 0cm 0pt; text-align: justify;\"><span style=\"font-family: Calibri;\">Francisco Lizarazo<\/span><\/div>\n","protected":false},"excerpt":{"rendered":"<p>(A 4 manos como en un piano) \u201cLa m\u00fasica es el arte m\u00e1s directo, entra por el o\u00eddo y va al coraz\u00f3n.\u201d \u00a0\u00a0\u00a0\u00a0\u00a0\u00a0\u00a0\u00a0\u00a0\u00a0\u00a0\u00a0\u00a0\u00a0\u00a0\u00a0\u00a0\u00a0\u00a0\u00a0\u00a0\u00a0\u00a0\u00a0\u00a0\u00a0\u00a0\u00a0\u00a0\u00a0\u00a0\u00a0\u00a0\u00a0\u00a0\u00a0\u00a0\u00a0\u00a0\u00a0\u00a0\u00a0\u00a0\u00a0\u00a0\u00a0\u00a0\u00a0\u00a0\u00a0\u00a0\u00a0\u00a0 Magdalena Mart\u00ednez (flautista espa\u00f1ola)\u00a0\u00a0\u00a0\u00a0\u00a0 Desde ni\u00f1a he sido una mel\u00f3mana. Recuerdo que escuchaba m\u00fasica a toda hora; mientras com\u00eda o me ba\u00f1aba conjugaba mis fantas\u00edas con notas del pentagrama y hasta so\u00f1aba&hellip;<\/p>\n","protected":false},"author":2,"featured_media":122,"comment_status":"closed","ping_status":"closed","sticky":false,"template":"","format":"standard","meta":{"footnotes":""},"categories":[114],"tags":[],"class_list":["post-28","post","type-post","status-publish","format-standard","has-post-thumbnail","hentry","category-sonidos","category-114","description-off"],"yoast_head":"<!-- This site is optimized with the Yoast SEO plugin v25.4 - https:\/\/yoast.com\/wordpress\/plugins\/seo\/ -->\n<title>\u00a1En Concierto! &#187; SeryHumano.com<\/title>\n<meta name=\"robots\" content=\"index, follow, max-snippet:-1, max-image-preview:large, max-video-preview:-1\" \/>\n<link rel=\"canonical\" href=\"https:\/\/seryhumano.com\/web\/?p=28\" \/>\n<meta property=\"og:locale\" content=\"es_ES\" \/>\n<meta property=\"og:type\" content=\"article\" \/>\n<meta property=\"og:title\" content=\"\u00a1En Concierto! &#187; SeryHumano.com\" \/>\n<meta property=\"og:description\" content=\"(A 4 manos como en un piano) \u201cLa m\u00fasica es el arte m\u00e1s directo, entra por el o\u00eddo y va al coraz\u00f3n.\u201d \u00a0\u00a0\u00a0\u00a0\u00a0\u00a0\u00a0\u00a0\u00a0\u00a0\u00a0\u00a0\u00a0\u00a0\u00a0\u00a0\u00a0\u00a0\u00a0\u00a0\u00a0\u00a0\u00a0\u00a0\u00a0\u00a0\u00a0\u00a0\u00a0\u00a0\u00a0\u00a0\u00a0\u00a0\u00a0\u00a0\u00a0\u00a0\u00a0\u00a0\u00a0\u00a0\u00a0\u00a0\u00a0\u00a0\u00a0\u00a0\u00a0\u00a0\u00a0\u00a0\u00a0 Magdalena Mart\u00ednez (flautista espa\u00f1ola)\u00a0\u00a0\u00a0\u00a0\u00a0 Desde ni\u00f1a he sido una mel\u00f3mana. Recuerdo que escuchaba m\u00fasica a toda hora; mientras com\u00eda o me ba\u00f1aba conjugaba mis fantas\u00edas con notas del pentagrama y hasta so\u00f1aba&hellip;\" \/>\n<meta property=\"og:url\" content=\"https:\/\/seryhumano.com\/web\/?p=28\" \/>\n<meta property=\"og:site_name\" content=\"SeryHumano.com\" \/>\n<meta property=\"article:publisher\" content=\"https:\/\/www.facebook.com\/seryhumano\/\" \/>\n<meta property=\"article:published_time\" content=\"2011-12-11T15:12:00+00:00\" \/>\n<meta property=\"article:modified_time\" content=\"2012-08-13T15:50:45+00:00\" \/>\n<meta property=\"og:image\" content=\"https:\/\/seryhumano.com\/web\/wp-content\/uploads\/2011\/12\/En-concierto.jpg\" \/>\n\t<meta property=\"og:image:width\" content=\"320\" \/>\n\t<meta property=\"og:image:height\" content=\"213\" \/>\n\t<meta property=\"og:image:type\" content=\"image\/jpeg\" \/>\n<meta name=\"author\" content=\"@herrera_yosmar\" \/>\n<meta name=\"twitter:card\" content=\"summary_large_image\" \/>\n<meta name=\"twitter:creator\" content=\"@SeryHumano\" \/>\n<meta name=\"twitter:site\" content=\"@SeryHumano\" \/>\n<meta name=\"twitter:label1\" content=\"Escrito por\" \/>\n\t<meta name=\"twitter:data1\" content=\"@herrera_yosmar\" \/>\n\t<meta name=\"twitter:label2\" content=\"Tiempo de lectura\" \/>\n\t<meta name=\"twitter:data2\" content=\"12 minutos\" \/>\n<script type=\"application\/ld+json\" class=\"yoast-schema-graph\">{\"@context\":\"https:\/\/schema.org\",\"@graph\":[{\"@type\":\"Article\",\"@id\":\"https:\/\/seryhumano.com\/web\/?p=28#article\",\"isPartOf\":{\"@id\":\"https:\/\/seryhumano.com\/web\/?p=28\"},\"author\":{\"name\":\"@herrera_yosmar\",\"@id\":\"https:\/\/seryhumano.com\/web\/#\/schema\/person\/fd30e8e0b394a62344b44d9b0fe75795\"},\"headline\":\"\u00a1En Concierto!\",\"datePublished\":\"2011-12-11T15:12:00+00:00\",\"dateModified\":\"2012-08-13T15:50:45+00:00\",\"mainEntityOfPage\":{\"@id\":\"https:\/\/seryhumano.com\/web\/?p=28\"},\"wordCount\":2341,\"publisher\":{\"@id\":\"https:\/\/seryhumano.com\/web\/#organization\"},\"image\":{\"@id\":\"https:\/\/seryhumano.com\/web\/?p=28#primaryimage\"},\"thumbnailUrl\":\"https:\/\/seryhumano.com\/web\/wp-content\/uploads\/2011\/12\/En-concierto.jpg\",\"articleSection\":[\"Sonidos del Ser\"],\"inLanguage\":\"es\"},{\"@type\":\"WebPage\",\"@id\":\"https:\/\/seryhumano.com\/web\/?p=28\",\"url\":\"https:\/\/seryhumano.com\/web\/?p=28\",\"name\":\"\u00a1En Concierto! &#187; SeryHumano.com\",\"isPartOf\":{\"@id\":\"https:\/\/seryhumano.com\/web\/#website\"},\"primaryImageOfPage\":{\"@id\":\"https:\/\/seryhumano.com\/web\/?p=28#primaryimage\"},\"image\":{\"@id\":\"https:\/\/seryhumano.com\/web\/?p=28#primaryimage\"},\"thumbnailUrl\":\"https:\/\/seryhumano.com\/web\/wp-content\/uploads\/2011\/12\/En-concierto.jpg\",\"datePublished\":\"2011-12-11T15:12:00+00:00\",\"dateModified\":\"2012-08-13T15:50:45+00:00\",\"breadcrumb\":{\"@id\":\"https:\/\/seryhumano.com\/web\/?p=28#breadcrumb\"},\"inLanguage\":\"es\",\"potentialAction\":[{\"@type\":\"ReadAction\",\"target\":[\"https:\/\/seryhumano.com\/web\/?p=28\"]}]},{\"@type\":\"ImageObject\",\"inLanguage\":\"es\",\"@id\":\"https:\/\/seryhumano.com\/web\/?p=28#primaryimage\",\"url\":\"https:\/\/seryhumano.com\/web\/wp-content\/uploads\/2011\/12\/En-concierto.jpg\",\"contentUrl\":\"https:\/\/seryhumano.com\/web\/wp-content\/uploads\/2011\/12\/En-concierto.jpg\",\"width\":\"320\",\"height\":\"213\"},{\"@type\":\"BreadcrumbList\",\"@id\":\"https:\/\/seryhumano.com\/web\/?p=28#breadcrumb\",\"itemListElement\":[{\"@type\":\"ListItem\",\"position\":1,\"name\":\"Portada\",\"item\":\"https:\/\/seryhumano.com\/web\/\"},{\"@type\":\"ListItem\",\"position\":2,\"name\":\"\u00a1En Concierto!\"}]},{\"@type\":\"WebSite\",\"@id\":\"https:\/\/seryhumano.com\/web\/#website\",\"url\":\"https:\/\/seryhumano.com\/web\/\",\"name\":\"SeryHumano.com\",\"description\":\"Revista digital muy humana, donde lo mas importante es el Ser...\",\"publisher\":{\"@id\":\"https:\/\/seryhumano.com\/web\/#organization\"},\"potentialAction\":[{\"@type\":\"SearchAction\",\"target\":{\"@type\":\"EntryPoint\",\"urlTemplate\":\"https:\/\/seryhumano.com\/web\/?s={search_term_string}\"},\"query-input\":{\"@type\":\"PropertyValueSpecification\",\"valueRequired\":true,\"valueName\":\"search_term_string\"}}],\"inLanguage\":\"es\"},{\"@type\":\"Organization\",\"@id\":\"https:\/\/seryhumano.com\/web\/#organization\",\"name\":\"SeryHumano.com\",\"url\":\"https:\/\/seryhumano.com\/web\/\",\"logo\":{\"@type\":\"ImageObject\",\"inLanguage\":\"es\",\"@id\":\"https:\/\/seryhumano.com\/web\/#\/schema\/logo\/image\/\",\"url\":\"https:\/\/seryhumano.com\/web\/wp-content\/uploads\/2020\/02\/JNe5VRwH_400x400-2.jpg\",\"contentUrl\":\"https:\/\/seryhumano.com\/web\/wp-content\/uploads\/2020\/02\/JNe5VRwH_400x400-2.jpg\",\"width\":400,\"height\":400,\"caption\":\"SeryHumano.com\"},\"image\":{\"@id\":\"https:\/\/seryhumano.com\/web\/#\/schema\/logo\/image\/\"},\"sameAs\":[\"https:\/\/www.facebook.com\/seryhumano\/\",\"https:\/\/x.com\/SeryHumano\",\"https:\/\/www.instagram.com\/seryhumano\/\",\"https:\/\/www.linkedin.com\/company\/seryhumano-com\/\",\"https:\/\/www.youtube.com\/channel\/UCYfgIGSxygVnJAW0e9ZBZWg\"]},{\"@type\":\"Person\",\"@id\":\"https:\/\/seryhumano.com\/web\/#\/schema\/person\/fd30e8e0b394a62344b44d9b0fe75795\",\"name\":\"@herrera_yosmar\",\"description\":\"Eterna enamorada de la vida, comunicadora, mam\u00e1 de tres\",\"sameAs\":[\"http:\/\/seryhumano.com\"],\"url\":\"https:\/\/seryhumano.com\/web\/?author=2\"}]}<\/script>\n<!-- \/ Yoast SEO plugin. -->","yoast_head_json":{"title":"\u00a1En Concierto! &#187; SeryHumano.com","robots":{"index":"index","follow":"follow","max-snippet":"max-snippet:-1","max-image-preview":"max-image-preview:large","max-video-preview":"max-video-preview:-1"},"canonical":"https:\/\/seryhumano.com\/web\/?p=28","og_locale":"es_ES","og_type":"article","og_title":"\u00a1En Concierto! &#187; SeryHumano.com","og_description":"(A 4 manos como en un piano) \u201cLa m\u00fasica es el arte m\u00e1s directo, entra por el o\u00eddo y va al coraz\u00f3n.\u201d \u00a0\u00a0\u00a0\u00a0\u00a0\u00a0\u00a0\u00a0\u00a0\u00a0\u00a0\u00a0\u00a0\u00a0\u00a0\u00a0\u00a0\u00a0\u00a0\u00a0\u00a0\u00a0\u00a0\u00a0\u00a0\u00a0\u00a0\u00a0\u00a0\u00a0\u00a0\u00a0\u00a0\u00a0\u00a0\u00a0\u00a0\u00a0\u00a0\u00a0\u00a0\u00a0\u00a0\u00a0\u00a0\u00a0\u00a0\u00a0\u00a0\u00a0\u00a0\u00a0\u00a0 Magdalena Mart\u00ednez (flautista espa\u00f1ola)\u00a0\u00a0\u00a0\u00a0\u00a0 Desde ni\u00f1a he sido una mel\u00f3mana. Recuerdo que escuchaba m\u00fasica a toda hora; mientras com\u00eda o me ba\u00f1aba conjugaba mis fantas\u00edas con notas del pentagrama y hasta so\u00f1aba&hellip;","og_url":"https:\/\/seryhumano.com\/web\/?p=28","og_site_name":"SeryHumano.com","article_publisher":"https:\/\/www.facebook.com\/seryhumano\/","article_published_time":"2011-12-11T15:12:00+00:00","article_modified_time":"2012-08-13T15:50:45+00:00","og_image":[{"width":320,"height":213,"url":"https:\/\/seryhumano.com\/web\/wp-content\/uploads\/2011\/12\/En-concierto.jpg","type":"image\/jpeg"}],"author":"@herrera_yosmar","twitter_card":"summary_large_image","twitter_creator":"@SeryHumano","twitter_site":"@SeryHumano","twitter_misc":{"Escrito por":"@herrera_yosmar","Tiempo de lectura":"12 minutos"},"schema":{"@context":"https:\/\/schema.org","@graph":[{"@type":"Article","@id":"https:\/\/seryhumano.com\/web\/?p=28#article","isPartOf":{"@id":"https:\/\/seryhumano.com\/web\/?p=28"},"author":{"name":"@herrera_yosmar","@id":"https:\/\/seryhumano.com\/web\/#\/schema\/person\/fd30e8e0b394a62344b44d9b0fe75795"},"headline":"\u00a1En Concierto!","datePublished":"2011-12-11T15:12:00+00:00","dateModified":"2012-08-13T15:50:45+00:00","mainEntityOfPage":{"@id":"https:\/\/seryhumano.com\/web\/?p=28"},"wordCount":2341,"publisher":{"@id":"https:\/\/seryhumano.com\/web\/#organization"},"image":{"@id":"https:\/\/seryhumano.com\/web\/?p=28#primaryimage"},"thumbnailUrl":"https:\/\/seryhumano.com\/web\/wp-content\/uploads\/2011\/12\/En-concierto.jpg","articleSection":["Sonidos del Ser"],"inLanguage":"es"},{"@type":"WebPage","@id":"https:\/\/seryhumano.com\/web\/?p=28","url":"https:\/\/seryhumano.com\/web\/?p=28","name":"\u00a1En Concierto! &#187; SeryHumano.com","isPartOf":{"@id":"https:\/\/seryhumano.com\/web\/#website"},"primaryImageOfPage":{"@id":"https:\/\/seryhumano.com\/web\/?p=28#primaryimage"},"image":{"@id":"https:\/\/seryhumano.com\/web\/?p=28#primaryimage"},"thumbnailUrl":"https:\/\/seryhumano.com\/web\/wp-content\/uploads\/2011\/12\/En-concierto.jpg","datePublished":"2011-12-11T15:12:00+00:00","dateModified":"2012-08-13T15:50:45+00:00","breadcrumb":{"@id":"https:\/\/seryhumano.com\/web\/?p=28#breadcrumb"},"inLanguage":"es","potentialAction":[{"@type":"ReadAction","target":["https:\/\/seryhumano.com\/web\/?p=28"]}]},{"@type":"ImageObject","inLanguage":"es","@id":"https:\/\/seryhumano.com\/web\/?p=28#primaryimage","url":"https:\/\/seryhumano.com\/web\/wp-content\/uploads\/2011\/12\/En-concierto.jpg","contentUrl":"https:\/\/seryhumano.com\/web\/wp-content\/uploads\/2011\/12\/En-concierto.jpg","width":"320","height":"213"},{"@type":"BreadcrumbList","@id":"https:\/\/seryhumano.com\/web\/?p=28#breadcrumb","itemListElement":[{"@type":"ListItem","position":1,"name":"Portada","item":"https:\/\/seryhumano.com\/web\/"},{"@type":"ListItem","position":2,"name":"\u00a1En Concierto!"}]},{"@type":"WebSite","@id":"https:\/\/seryhumano.com\/web\/#website","url":"https:\/\/seryhumano.com\/web\/","name":"SeryHumano.com","description":"Revista digital muy humana, donde lo mas importante es el Ser...","publisher":{"@id":"https:\/\/seryhumano.com\/web\/#organization"},"potentialAction":[{"@type":"SearchAction","target":{"@type":"EntryPoint","urlTemplate":"https:\/\/seryhumano.com\/web\/?s={search_term_string}"},"query-input":{"@type":"PropertyValueSpecification","valueRequired":true,"valueName":"search_term_string"}}],"inLanguage":"es"},{"@type":"Organization","@id":"https:\/\/seryhumano.com\/web\/#organization","name":"SeryHumano.com","url":"https:\/\/seryhumano.com\/web\/","logo":{"@type":"ImageObject","inLanguage":"es","@id":"https:\/\/seryhumano.com\/web\/#\/schema\/logo\/image\/","url":"https:\/\/seryhumano.com\/web\/wp-content\/uploads\/2020\/02\/JNe5VRwH_400x400-2.jpg","contentUrl":"https:\/\/seryhumano.com\/web\/wp-content\/uploads\/2020\/02\/JNe5VRwH_400x400-2.jpg","width":400,"height":400,"caption":"SeryHumano.com"},"image":{"@id":"https:\/\/seryhumano.com\/web\/#\/schema\/logo\/image\/"},"sameAs":["https:\/\/www.facebook.com\/seryhumano\/","https:\/\/x.com\/SeryHumano","https:\/\/www.instagram.com\/seryhumano\/","https:\/\/www.linkedin.com\/company\/seryhumano-com\/","https:\/\/www.youtube.com\/channel\/UCYfgIGSxygVnJAW0e9ZBZWg"]},{"@type":"Person","@id":"https:\/\/seryhumano.com\/web\/#\/schema\/person\/fd30e8e0b394a62344b44d9b0fe75795","name":"@herrera_yosmar","description":"Eterna enamorada de la vida, comunicadora, mam\u00e1 de tres","sameAs":["http:\/\/seryhumano.com"],"url":"https:\/\/seryhumano.com\/web\/?author=2"}]}},"_links":{"self":[{"href":"https:\/\/seryhumano.com\/web\/index.php?rest_route=\/wp\/v2\/posts\/28","targetHints":{"allow":["GET"]}}],"collection":[{"href":"https:\/\/seryhumano.com\/web\/index.php?rest_route=\/wp\/v2\/posts"}],"about":[{"href":"https:\/\/seryhumano.com\/web\/index.php?rest_route=\/wp\/v2\/types\/post"}],"author":[{"embeddable":true,"href":"https:\/\/seryhumano.com\/web\/index.php?rest_route=\/wp\/v2\/users\/2"}],"replies":[{"embeddable":true,"href":"https:\/\/seryhumano.com\/web\/index.php?rest_route=%2Fwp%2Fv2%2Fcomments&post=28"}],"version-history":[{"count":0,"href":"https:\/\/seryhumano.com\/web\/index.php?rest_route=\/wp\/v2\/posts\/28\/revisions"}],"wp:featuredmedia":[{"embeddable":true,"href":"https:\/\/seryhumano.com\/web\/index.php?rest_route=\/wp\/v2\/media\/122"}],"wp:attachment":[{"href":"https:\/\/seryhumano.com\/web\/index.php?rest_route=%2Fwp%2Fv2%2Fmedia&parent=28"}],"wp:term":[{"taxonomy":"category","embeddable":true,"href":"https:\/\/seryhumano.com\/web\/index.php?rest_route=%2Fwp%2Fv2%2Fcategories&post=28"},{"taxonomy":"post_tag","embeddable":true,"href":"https:\/\/seryhumano.com\/web\/index.php?rest_route=%2Fwp%2Fv2%2Ftags&post=28"}],"curies":[{"name":"wp","href":"https:\/\/api.w.org\/{rel}","templated":true}]}}