{"id":2937,"date":"2013-02-28T12:18:39","date_gmt":"2013-02-28T16:48:39","guid":{"rendered":"https:\/\/seryhumano.com\/web\/?p=2937"},"modified":"2013-02-28T13:05:47","modified_gmt":"2013-02-28T17:35:47","slug":"hacer-de-lo-raro-algo-cotidiano","status":"publish","type":"post","link":"https:\/\/seryhumano.com\/web\/?p=2937","title":{"rendered":"Hacer de lo RARO algo cotidiano"},"content":{"rendered":"<p><a href=\"https:\/\/seryhumano.com\/web\/?attachment_id=2938\" rel=\"attachment wp-att-2938\"><img loading=\"lazy\" decoding=\"async\" class=\"alignleft size-full wp-image-2938\" alt=\"salud y enfermadad\" src=\"https:\/\/seryhumano.com\/web\/wp-content\/uploads\/2013\/02\/salud-y-enfermadad.jpg\" width=\"268\" height=\"188\" \/><\/a>\u00a0 \u00a0La salud y la enfermedad son parte integral de la vida, del proceso biol\u00f3gico y de las interacciones medioambientales y sociales. Generalmente, se entiende a la enfermedad como una entidad opuesta a la salud, cuyo efecto negativo es consecuencia de una alteraci\u00f3n o desarmonizaci\u00f3n de un sistema a cualquier nivel.<br \/>\nPor definici\u00f3n, existe una sola enfermedad, pero la caracterizaci\u00f3n e identificaci\u00f3n de variados procesos y estados diferentes de la salud, ha llevado a la discriminaci\u00f3n de un universo de entidades distintas (entidades nosol\u00f3gicas), muchas de ellas son entendidas estrictamente como enfermedades, pero otras no (se les conoce como s\u00edndrome, entidad cl\u00ednica\u00a0 o trastorno). De esta forma, las enfermedades y procesos suced\u00e1neos y an\u00e1logos, son entendidas como categor\u00edas determinadas por la mente humana. (www.buenastareas.com)<\/p>\n<p>As\u00ed que la enfermedad se puede definir como un proceso y el estatus consecuente de afecci\u00f3n de un ser vivo, caracterizado por una alteraci\u00f3n de su estado ontol\u00f3gico de salud. Esta alteraci\u00f3n puede ser provocado por diversos factores, tanto intr\u00ednsecos como extr\u00ednsecos al organismo enfermo: estos factores se denominan noxas (del griego \u03bd\u03cc\u03c3\u03bf\u03c2, n\u00f3sos: \u00abenfermedad\u00bb, \u00abafecci\u00f3n de la salud\u00bb).<a href=\"https:\/\/seryhumano.com\/web\/?attachment_id=2939\" rel=\"attachment wp-att-2939\"><img loading=\"lazy\" decoding=\"async\" class=\"alignright size-full wp-image-2939\" alt=\"salud y enfermadad 1\" src=\"https:\/\/seryhumano.com\/web\/wp-content\/uploads\/2013\/02\/salud-y-enfermadad-1.jpg\" width=\"154\" height=\"173\" \/><\/a><\/p>\n<p>Incluso en la Antigua Grecia unas enfermedades eran m\u00e1s singulares que otras, principalmente por su recurrencia entre los individuos. Fue el caso de Hefesto dios del\u00a0fuego as\u00ed como el de los herreros, los\u00a0escultores de metales\u00a0y la\u00a0metalurgia.<\/p>\n<p>Hefesto fue tachado de rid\u00edculo por ser bastante feo, lisiado y cojo. Incluso se dice que, al nacer,\u00a0Hera\u00a0lo vio tan feo que lo tir\u00f3 del\u00a0Olimpo. Tanto es as\u00ed, que caminaba con la ayuda de un palo y, en algunas vasijas pintadas, sus pies aparecen a veces del rev\u00e9s. La apariencia f\u00edsica de Hefesto indicaba\u00a0arsenicosis, es decir, envenenamiento cr\u00f3nico por\u00a0ars\u00e9nico\u00a0que provoca cojera y\u00a0c\u00e1ncer de piel. El ars\u00e9nico se a\u00f1ad\u00eda al\u00a0bronce\u00a0para endurecerlo por lo que la mayor\u00eda de los herreros de la\u00a0Edad de Bronce\u00a0habr\u00eda sido cotidiana dicha enfermedad. (Historia de La Mitolog\u00eda Griega Ilustrada, Tomo I)<\/p>\n<p><a href=\"https:\/\/seryhumano.com\/web\/?attachment_id=2940\" rel=\"attachment wp-att-2940\"><img loading=\"lazy\" decoding=\"async\" class=\"alignleft size-full wp-image-2940\" alt=\"enfermadades raras\" src=\"https:\/\/seryhumano.com\/web\/wp-content\/uploads\/2013\/02\/enfermadades-raras.jpg\" width=\"259\" height=\"194\" \/><\/a>En la actualidad seg\u00fan la Uni\u00f3n Europea, se considera a una enfermedad como \u201crara\u201d cuando afecta a 1 en 2.000 personas, mientras que en EE.UU. se considera la proporci\u00f3n de 1 en 1.500 personas.\u00a0 Estas estad\u00edsticas demuestran que pudieran ser pocos los casos por tipo, pero al considerar que son m\u00e1s de siete mil patolog\u00edas poco frecuentes, las cifras se elevan a decenas de millones de personas en todo el mundo, estimando que existen aproximadamente 60 millones de personas afectadas entre Europa y los Estados Unidos de Am\u00e9rica, mientras que solo en Latinoam\u00e9rica se estiman 50 millones.<\/p>\n<p>Una de las estad\u00edsticas m\u00e1s impactantes de estas enfermedades raras es que se ha estimado un promedio de 5 a\u00f1os desde que aparecen los primeros s\u00edntomas hasta dar con el diagn\u00f3stico correcto.\u00a0 Las cifras revelan que 65 % de estas patolog\u00edas son graves e invalidantes, el resto son cr\u00f3nicas y degenerativas.<a href=\"https:\/\/seryhumano.com\/web\/?attachment_id=2948\" rel=\"attachment wp-att-2948\"><img loading=\"lazy\" decoding=\"async\" class=\"alignright size-full wp-image-2948\" alt=\"enfermedades raras 6\" src=\"https:\/\/seryhumano.com\/web\/wp-content\/uploads\/2013\/02\/enfermedades-raras-6.jpg\" width=\"240\" height=\"169\" \/><\/a><\/p>\n<p>Estas enfermedades afectan de forma significativa a ni\u00f1os, j\u00f3venes y adultos e indirectamente a los miembros de sus familias.<\/p>\n<p>As\u00ed pues, hace seis a\u00f1os, nace en Europa la iniciativa de proclamar el \u00faltimo d\u00eda de febrero, como el d\u00eda oficial de un movimiento internacional en pro de las \u201cEnfermedades Raras\u201d y todas sus implicaciones teniendo como objetivo defender, apoyar y promover los derechos y las necesidades de estos pacientes para que puedan disfrutar de una mejor calidad de vida, incluso, en gran parte de los casos, para que puedan salvar sus vidas.<a href=\"https:\/\/seryhumano.com\/web\/?attachment_id=2942\" rel=\"attachment wp-att-2942\"><img loading=\"lazy\" decoding=\"async\" class=\"alignright size-full wp-image-2942\" alt=\"Enfermadades raras 2\" src=\"https:\/\/seryhumano.com\/web\/wp-content\/uploads\/2013\/02\/Enfermadades-raras-2.jpg\" width=\"241\" height=\"209\" \/><\/a><\/p>\n<p>Para esta iniciativa se han sumado m\u00e1s de 60 pa\u00edses, bajo el lema: <b>\u201cEnfermedades Raras sin Fronteras\u201d<\/b> buscando unificar y apoyar a los pacientes de las aproximadamente siete mil enfermedades raras que han sido identificadas hasta los momentos.<\/p>\n<p><span style=\"text-decoration: underline;\">\u00bfY en Venezuela?<\/span><\/p>\n<p>En nuestro pa\u00eds se estima que m\u00e1s de medio mill\u00f3n de personas podr\u00edan estar afectadas, aunque muchos no est\u00e9n diagnosticados, por las m\u00e1s de 7 mil patolog\u00edas conocidas como raras en el mundo.\u00a0 Dentro de las enfermedades catalogadas como raras se encuentran las Enfermedades de Dep\u00f3sito Lisosomal (EDL), de las cuales se han identificado cerca de sesenta patolog\u00edas; la Enfermedad de Gaucher, que inflama el bazo, el h\u00edgado y causa dolores \u00f3seos; el s\u00edndrome de Fabry que afecta los sistemas neurol\u00f3gicos, gastrointestinal, cardiaco y renal; y Pompe que afecta los m\u00fasculos progresivamente. Tambi\u00e9n se han detectado casos de\u00a0 Mucopolisacaridosis Tipo I y II que afecta progresivamente los huesos.<\/p>\n<p><a href=\"https:\/\/seryhumano.com\/web\/?attachment_id=2943\" rel=\"attachment wp-att-2943\"><img loading=\"lazy\" decoding=\"async\" class=\"alignleft size-full wp-image-2943\" alt=\"enfermadades raras 3\" src=\"https:\/\/seryhumano.com\/web\/wp-content\/uploads\/2013\/02\/enfermadades-raras-3.jpg\" width=\"284\" height=\"177\" \/><\/a>Son muchos los resultados que se han alcanzado a nivel mundial desde que este d\u00eda fue proclamado hace seis a\u00f1os.\u00a0 Tal es el caso de un adecuado desarrollo de pol\u00edticas p\u00fablicas en distintos pa\u00edses con la finalidad de atender sus requerimientos.<\/p>\n<p><span style=\"text-decoration: underline;\">Una Asociaci\u00f3n amiga<\/span><\/p>\n<p>En el pa\u00eds, AVEPEL, Asociaci\u00f3n Venezolana de Pacientes con Enfermedades Lisosomales, \u00a0es la que impulsa acciones para orientar y brindar apoyo a las personas afectadas por estas enfermedades y a sus familiares.<\/p>\n<p>La condici\u00f3n de cronicidad de las Enfermedades Raras, hace que en el 85% de los casos se requieran tratamientos de por vida y esto provoca un alto impacto en la econom\u00eda familiar. Uno de los m\u00e1s importantes logros alcanzados por la Asociaci\u00f3n es el apoyo del Instituto Venezolano de los Seguros Sociales (IVSS), el cual estableci\u00f3 el programa Farmacias de Alto Costo, cuyo objetivo es facilitar el acceso a los medicamentos y terapias para estas patolog\u00edas, entre otras de alto valor econ\u00f3mico, a trav\u00e9s de once centros piloto distribuidos en todo el pa\u00eds, siendo el \u00fanico organismo de este tipo en toda Latinoam\u00e9rica que ofrece, sin costo alguno, estos tratamientos.<a href=\"https:\/\/seryhumano.com\/web\/?attachment_id=2944\" rel=\"attachment wp-att-2944\"><img loading=\"lazy\" decoding=\"async\" class=\"alignright size-full wp-image-2944\" alt=\"enfermedades raras 4\" src=\"https:\/\/seryhumano.com\/web\/wp-content\/uploads\/2013\/02\/enfermedades-raras-4.jpg\" width=\"231\" height=\"218\" \/><\/a><\/p>\n<p>Entre sus retos est\u00e1 la preparaci\u00f3n continua del gremio m\u00e9dico, al cual debe mantenerse informado sobre el conocimiento de las enfermedades para que puedan ofrecer un diagn\u00f3stico certero y a tiempo, evitando la prescripci\u00f3n de un tratamiento err\u00f3neo, a veces hasta contraproducente, o lo que ser\u00eda peor, que sea demasiado tarde para salvar la vida del paciente y la creaci\u00f3n de un proyecto de Ley de las Enfermedades Raras, para proporcionar a los afectados un marco legal que los proteja y regularice.<\/p>\n<p><span style=\"text-decoration: underline;\">Links de Inter\u00e9s<\/span><\/p>\n<p>P\u00e1gina Facebook AVEPEL<\/p>\n<p>https:\/\/www.facebook.com\/pages\/Avepel-Asociaci%C3%B3n-Venezolana-de-Pacientes-con-Enfermedades-Lisosomales\/413340188682188?fref=ts<\/p>\n<p>P\u00e1gina de FEDER (Federaci\u00f3n Espa\u00f1ola de Enfermedades Raras)<\/p>\n<p>http:\/\/www.enfermedades-raras.org<\/p>\n<p>WEB oficial de la p\u00e1gina internacional:<a href=\"https:\/\/seryhumano.com\/web\/?attachment_id=2945\" rel=\"attachment wp-att-2945\"><img loading=\"lazy\" decoding=\"async\" class=\"alignright size-full wp-image-2945\" alt=\"enfermedades raras 5\" src=\"https:\/\/seryhumano.com\/web\/wp-content\/uploads\/2013\/02\/enfermedades-raras-5.jpg\" width=\"215\" height=\"224\" \/><\/a><\/p>\n<p>http:\/\/www.rarediseaseday.org<\/p>\n<p>Otras p\u00e1ginas:<\/p>\n<p>http:\/\/www.eurordis.org\/es\/enfermedades-raras<\/p>\n<p>seryhumano.com<\/p>\n<p>&nbsp;<\/p>\n<p>&nbsp;<\/p>\n","protected":false},"excerpt":{"rendered":"<p>\u00a0 \u00a0La salud y la enfermedad son parte integral de la vida, del proceso biol\u00f3gico y de las interacciones medioambientales y sociales. Generalmente, se entiende a la enfermedad como una entidad opuesta a la salud, cuyo efecto negativo es consecuencia de una alteraci\u00f3n o desarmonizaci\u00f3n de un sistema a cualquier nivel. Por definici\u00f3n, existe una&hellip;<\/p>\n","protected":false},"author":2,"featured_media":2951,"comment_status":"closed","ping_status":"closed","sticky":false,"template":"","format":"standard","meta":{"footnotes":""},"categories":[110,120],"tags":[111],"class_list":["post-2937","post","type-post","status-publish","format-standard","has-post-thumbnail","hentry","category-noticias","category-ser-saludable","tag-slider","category-110","category-120","description-off"],"yoast_head":"<!-- This site is optimized with the Yoast SEO plugin v25.4 - https:\/\/yoast.com\/wordpress\/plugins\/seo\/ -->\n<title>Hacer de lo RARO algo cotidiano &#187; SeryHumano.com<\/title>\n<meta name=\"robots\" content=\"index, follow, max-snippet:-1, max-image-preview:large, max-video-preview:-1\" \/>\n<link rel=\"canonical\" href=\"https:\/\/seryhumano.com\/web\/?p=2937\" \/>\n<meta property=\"og:locale\" content=\"es_ES\" \/>\n<meta property=\"og:type\" content=\"article\" \/>\n<meta property=\"og:title\" content=\"Hacer de lo RARO algo cotidiano &#187; SeryHumano.com\" \/>\n<meta property=\"og:description\" content=\"\u00a0 \u00a0La salud y la enfermedad son parte integral de la vida, del proceso biol\u00f3gico y de las interacciones medioambientales y sociales. Generalmente, se entiende a la enfermedad como una entidad opuesta a la salud, cuyo efecto negativo es consecuencia de una alteraci\u00f3n o desarmonizaci\u00f3n de un sistema a cualquier nivel. Por definici\u00f3n, existe una&hellip;\" \/>\n<meta property=\"og:url\" content=\"https:\/\/seryhumano.com\/web\/?p=2937\" \/>\n<meta property=\"og:site_name\" content=\"SeryHumano.com\" \/>\n<meta property=\"article:publisher\" content=\"https:\/\/www.facebook.com\/seryhumano\/\" \/>\n<meta property=\"article:published_time\" content=\"2013-02-28T16:48:39+00:00\" \/>\n<meta property=\"article:modified_time\" content=\"2013-02-28T17:35:47+00:00\" \/>\n<meta property=\"og:image\" content=\"https:\/\/seryhumano.com\/web\/wp-content\/uploads\/2013\/02\/featureslider.jpg\" \/>\n\t<meta property=\"og:image:width\" content=\"910\" \/>\n\t<meta property=\"og:image:height\" content=\"227\" \/>\n\t<meta property=\"og:image:type\" content=\"image\/jpeg\" \/>\n<meta name=\"author\" content=\"@herrera_yosmar\" \/>\n<meta name=\"twitter:card\" content=\"summary_large_image\" \/>\n<meta name=\"twitter:creator\" content=\"@SeryHumano\" \/>\n<meta name=\"twitter:site\" content=\"@SeryHumano\" \/>\n<meta name=\"twitter:label1\" content=\"Escrito por\" \/>\n\t<meta name=\"twitter:data1\" content=\"@herrera_yosmar\" \/>\n\t<meta name=\"twitter:label2\" content=\"Tiempo de lectura\" \/>\n\t<meta name=\"twitter:data2\" content=\"6 minutos\" \/>\n<script type=\"application\/ld+json\" class=\"yoast-schema-graph\">{\"@context\":\"https:\/\/schema.org\",\"@graph\":[{\"@type\":\"Article\",\"@id\":\"https:\/\/seryhumano.com\/web\/?p=2937#article\",\"isPartOf\":{\"@id\":\"https:\/\/seryhumano.com\/web\/?p=2937\"},\"author\":{\"name\":\"@herrera_yosmar\",\"@id\":\"https:\/\/seryhumano.com\/web\/#\/schema\/person\/fd30e8e0b394a62344b44d9b0fe75795\"},\"headline\":\"Hacer de lo RARO algo cotidiano\",\"datePublished\":\"2013-02-28T16:48:39+00:00\",\"dateModified\":\"2013-02-28T17:35:47+00:00\",\"mainEntityOfPage\":{\"@id\":\"https:\/\/seryhumano.com\/web\/?p=2937\"},\"wordCount\":1132,\"publisher\":{\"@id\":\"https:\/\/seryhumano.com\/web\/#organization\"},\"image\":{\"@id\":\"https:\/\/seryhumano.com\/web\/?p=2937#primaryimage\"},\"thumbnailUrl\":\"https:\/\/seryhumano.com\/web\/wp-content\/uploads\/2013\/02\/featureslider.jpg\",\"keywords\":[\"Slider\"],\"articleSection\":[\"Noticias\",\"Ser Saludable\"],\"inLanguage\":\"es\"},{\"@type\":\"WebPage\",\"@id\":\"https:\/\/seryhumano.com\/web\/?p=2937\",\"url\":\"https:\/\/seryhumano.com\/web\/?p=2937\",\"name\":\"Hacer de lo RARO algo cotidiano &#187; SeryHumano.com\",\"isPartOf\":{\"@id\":\"https:\/\/seryhumano.com\/web\/#website\"},\"primaryImageOfPage\":{\"@id\":\"https:\/\/seryhumano.com\/web\/?p=2937#primaryimage\"},\"image\":{\"@id\":\"https:\/\/seryhumano.com\/web\/?p=2937#primaryimage\"},\"thumbnailUrl\":\"https:\/\/seryhumano.com\/web\/wp-content\/uploads\/2013\/02\/featureslider.jpg\",\"datePublished\":\"2013-02-28T16:48:39+00:00\",\"dateModified\":\"2013-02-28T17:35:47+00:00\",\"breadcrumb\":{\"@id\":\"https:\/\/seryhumano.com\/web\/?p=2937#breadcrumb\"},\"inLanguage\":\"es\",\"potentialAction\":[{\"@type\":\"ReadAction\",\"target\":[\"https:\/\/seryhumano.com\/web\/?p=2937\"]}]},{\"@type\":\"ImageObject\",\"inLanguage\":\"es\",\"@id\":\"https:\/\/seryhumano.com\/web\/?p=2937#primaryimage\",\"url\":\"https:\/\/seryhumano.com\/web\/wp-content\/uploads\/2013\/02\/featureslider.jpg\",\"contentUrl\":\"https:\/\/seryhumano.com\/web\/wp-content\/uploads\/2013\/02\/featureslider.jpg\",\"width\":910,\"height\":227},{\"@type\":\"BreadcrumbList\",\"@id\":\"https:\/\/seryhumano.com\/web\/?p=2937#breadcrumb\",\"itemListElement\":[{\"@type\":\"ListItem\",\"position\":1,\"name\":\"Portada\",\"item\":\"https:\/\/seryhumano.com\/web\/\"},{\"@type\":\"ListItem\",\"position\":2,\"name\":\"Hacer de lo RARO algo cotidiano\"}]},{\"@type\":\"WebSite\",\"@id\":\"https:\/\/seryhumano.com\/web\/#website\",\"url\":\"https:\/\/seryhumano.com\/web\/\",\"name\":\"SeryHumano.com\",\"description\":\"Revista digital muy humana, donde lo mas importante es el Ser...\",\"publisher\":{\"@id\":\"https:\/\/seryhumano.com\/web\/#organization\"},\"potentialAction\":[{\"@type\":\"SearchAction\",\"target\":{\"@type\":\"EntryPoint\",\"urlTemplate\":\"https:\/\/seryhumano.com\/web\/?s={search_term_string}\"},\"query-input\":{\"@type\":\"PropertyValueSpecification\",\"valueRequired\":true,\"valueName\":\"search_term_string\"}}],\"inLanguage\":\"es\"},{\"@type\":\"Organization\",\"@id\":\"https:\/\/seryhumano.com\/web\/#organization\",\"name\":\"SeryHumano.com\",\"url\":\"https:\/\/seryhumano.com\/web\/\",\"logo\":{\"@type\":\"ImageObject\",\"inLanguage\":\"es\",\"@id\":\"https:\/\/seryhumano.com\/web\/#\/schema\/logo\/image\/\",\"url\":\"https:\/\/seryhumano.com\/web\/wp-content\/uploads\/2020\/02\/JNe5VRwH_400x400-2.jpg\",\"contentUrl\":\"https:\/\/seryhumano.com\/web\/wp-content\/uploads\/2020\/02\/JNe5VRwH_400x400-2.jpg\",\"width\":400,\"height\":400,\"caption\":\"SeryHumano.com\"},\"image\":{\"@id\":\"https:\/\/seryhumano.com\/web\/#\/schema\/logo\/image\/\"},\"sameAs\":[\"https:\/\/www.facebook.com\/seryhumano\/\",\"https:\/\/x.com\/SeryHumano\",\"https:\/\/www.instagram.com\/seryhumano\/\",\"https:\/\/www.linkedin.com\/company\/seryhumano-com\/\",\"https:\/\/www.youtube.com\/channel\/UCYfgIGSxygVnJAW0e9ZBZWg\"]},{\"@type\":\"Person\",\"@id\":\"https:\/\/seryhumano.com\/web\/#\/schema\/person\/fd30e8e0b394a62344b44d9b0fe75795\",\"name\":\"@herrera_yosmar\",\"description\":\"Eterna enamorada de la vida, comunicadora, mam\u00e1 de tres\",\"sameAs\":[\"http:\/\/seryhumano.com\"],\"url\":\"https:\/\/seryhumano.com\/web\/?author=2\"}]}<\/script>\n<!-- \/ Yoast SEO plugin. -->","yoast_head_json":{"title":"Hacer de lo RARO algo cotidiano &#187; SeryHumano.com","robots":{"index":"index","follow":"follow","max-snippet":"max-snippet:-1","max-image-preview":"max-image-preview:large","max-video-preview":"max-video-preview:-1"},"canonical":"https:\/\/seryhumano.com\/web\/?p=2937","og_locale":"es_ES","og_type":"article","og_title":"Hacer de lo RARO algo cotidiano &#187; SeryHumano.com","og_description":"\u00a0 \u00a0La salud y la enfermedad son parte integral de la vida, del proceso biol\u00f3gico y de las interacciones medioambientales y sociales. Generalmente, se entiende a la enfermedad como una entidad opuesta a la salud, cuyo efecto negativo es consecuencia de una alteraci\u00f3n o desarmonizaci\u00f3n de un sistema a cualquier nivel. Por definici\u00f3n, existe una&hellip;","og_url":"https:\/\/seryhumano.com\/web\/?p=2937","og_site_name":"SeryHumano.com","article_publisher":"https:\/\/www.facebook.com\/seryhumano\/","article_published_time":"2013-02-28T16:48:39+00:00","article_modified_time":"2013-02-28T17:35:47+00:00","og_image":[{"width":910,"height":227,"url":"https:\/\/seryhumano.com\/web\/wp-content\/uploads\/2013\/02\/featureslider.jpg","type":"image\/jpeg"}],"author":"@herrera_yosmar","twitter_card":"summary_large_image","twitter_creator":"@SeryHumano","twitter_site":"@SeryHumano","twitter_misc":{"Escrito por":"@herrera_yosmar","Tiempo de lectura":"6 minutos"},"schema":{"@context":"https:\/\/schema.org","@graph":[{"@type":"Article","@id":"https:\/\/seryhumano.com\/web\/?p=2937#article","isPartOf":{"@id":"https:\/\/seryhumano.com\/web\/?p=2937"},"author":{"name":"@herrera_yosmar","@id":"https:\/\/seryhumano.com\/web\/#\/schema\/person\/fd30e8e0b394a62344b44d9b0fe75795"},"headline":"Hacer de lo RARO algo cotidiano","datePublished":"2013-02-28T16:48:39+00:00","dateModified":"2013-02-28T17:35:47+00:00","mainEntityOfPage":{"@id":"https:\/\/seryhumano.com\/web\/?p=2937"},"wordCount":1132,"publisher":{"@id":"https:\/\/seryhumano.com\/web\/#organization"},"image":{"@id":"https:\/\/seryhumano.com\/web\/?p=2937#primaryimage"},"thumbnailUrl":"https:\/\/seryhumano.com\/web\/wp-content\/uploads\/2013\/02\/featureslider.jpg","keywords":["Slider"],"articleSection":["Noticias","Ser Saludable"],"inLanguage":"es"},{"@type":"WebPage","@id":"https:\/\/seryhumano.com\/web\/?p=2937","url":"https:\/\/seryhumano.com\/web\/?p=2937","name":"Hacer de lo RARO algo cotidiano &#187; SeryHumano.com","isPartOf":{"@id":"https:\/\/seryhumano.com\/web\/#website"},"primaryImageOfPage":{"@id":"https:\/\/seryhumano.com\/web\/?p=2937#primaryimage"},"image":{"@id":"https:\/\/seryhumano.com\/web\/?p=2937#primaryimage"},"thumbnailUrl":"https:\/\/seryhumano.com\/web\/wp-content\/uploads\/2013\/02\/featureslider.jpg","datePublished":"2013-02-28T16:48:39+00:00","dateModified":"2013-02-28T17:35:47+00:00","breadcrumb":{"@id":"https:\/\/seryhumano.com\/web\/?p=2937#breadcrumb"},"inLanguage":"es","potentialAction":[{"@type":"ReadAction","target":["https:\/\/seryhumano.com\/web\/?p=2937"]}]},{"@type":"ImageObject","inLanguage":"es","@id":"https:\/\/seryhumano.com\/web\/?p=2937#primaryimage","url":"https:\/\/seryhumano.com\/web\/wp-content\/uploads\/2013\/02\/featureslider.jpg","contentUrl":"https:\/\/seryhumano.com\/web\/wp-content\/uploads\/2013\/02\/featureslider.jpg","width":910,"height":227},{"@type":"BreadcrumbList","@id":"https:\/\/seryhumano.com\/web\/?p=2937#breadcrumb","itemListElement":[{"@type":"ListItem","position":1,"name":"Portada","item":"https:\/\/seryhumano.com\/web\/"},{"@type":"ListItem","position":2,"name":"Hacer de lo RARO algo cotidiano"}]},{"@type":"WebSite","@id":"https:\/\/seryhumano.com\/web\/#website","url":"https:\/\/seryhumano.com\/web\/","name":"SeryHumano.com","description":"Revista digital muy humana, donde lo mas importante es el Ser...","publisher":{"@id":"https:\/\/seryhumano.com\/web\/#organization"},"potentialAction":[{"@type":"SearchAction","target":{"@type":"EntryPoint","urlTemplate":"https:\/\/seryhumano.com\/web\/?s={search_term_string}"},"query-input":{"@type":"PropertyValueSpecification","valueRequired":true,"valueName":"search_term_string"}}],"inLanguage":"es"},{"@type":"Organization","@id":"https:\/\/seryhumano.com\/web\/#organization","name":"SeryHumano.com","url":"https:\/\/seryhumano.com\/web\/","logo":{"@type":"ImageObject","inLanguage":"es","@id":"https:\/\/seryhumano.com\/web\/#\/schema\/logo\/image\/","url":"https:\/\/seryhumano.com\/web\/wp-content\/uploads\/2020\/02\/JNe5VRwH_400x400-2.jpg","contentUrl":"https:\/\/seryhumano.com\/web\/wp-content\/uploads\/2020\/02\/JNe5VRwH_400x400-2.jpg","width":400,"height":400,"caption":"SeryHumano.com"},"image":{"@id":"https:\/\/seryhumano.com\/web\/#\/schema\/logo\/image\/"},"sameAs":["https:\/\/www.facebook.com\/seryhumano\/","https:\/\/x.com\/SeryHumano","https:\/\/www.instagram.com\/seryhumano\/","https:\/\/www.linkedin.com\/company\/seryhumano-com\/","https:\/\/www.youtube.com\/channel\/UCYfgIGSxygVnJAW0e9ZBZWg"]},{"@type":"Person","@id":"https:\/\/seryhumano.com\/web\/#\/schema\/person\/fd30e8e0b394a62344b44d9b0fe75795","name":"@herrera_yosmar","description":"Eterna enamorada de la vida, comunicadora, mam\u00e1 de tres","sameAs":["http:\/\/seryhumano.com"],"url":"https:\/\/seryhumano.com\/web\/?author=2"}]}},"_links":{"self":[{"href":"https:\/\/seryhumano.com\/web\/index.php?rest_route=\/wp\/v2\/posts\/2937","targetHints":{"allow":["GET"]}}],"collection":[{"href":"https:\/\/seryhumano.com\/web\/index.php?rest_route=\/wp\/v2\/posts"}],"about":[{"href":"https:\/\/seryhumano.com\/web\/index.php?rest_route=\/wp\/v2\/types\/post"}],"author":[{"embeddable":true,"href":"https:\/\/seryhumano.com\/web\/index.php?rest_route=\/wp\/v2\/users\/2"}],"replies":[{"embeddable":true,"href":"https:\/\/seryhumano.com\/web\/index.php?rest_route=%2Fwp%2Fv2%2Fcomments&post=2937"}],"version-history":[{"count":0,"href":"https:\/\/seryhumano.com\/web\/index.php?rest_route=\/wp\/v2\/posts\/2937\/revisions"}],"wp:featuredmedia":[{"embeddable":true,"href":"https:\/\/seryhumano.com\/web\/index.php?rest_route=\/wp\/v2\/media\/2951"}],"wp:attachment":[{"href":"https:\/\/seryhumano.com\/web\/index.php?rest_route=%2Fwp%2Fv2%2Fmedia&parent=2937"}],"wp:term":[{"taxonomy":"category","embeddable":true,"href":"https:\/\/seryhumano.com\/web\/index.php?rest_route=%2Fwp%2Fv2%2Fcategories&post=2937"},{"taxonomy":"post_tag","embeddable":true,"href":"https:\/\/seryhumano.com\/web\/index.php?rest_route=%2Fwp%2Fv2%2Ftags&post=2937"}],"curies":[{"name":"wp","href":"https:\/\/api.w.org\/{rel}","templated":true}]}}