{"id":2973,"date":"2013-03-05T10:10:29","date_gmt":"2013-03-05T14:40:29","guid":{"rendered":"https:\/\/seryhumano.com\/web\/?p=2973"},"modified":"2013-03-05T10:44:45","modified_gmt":"2013-03-05T15:14:45","slug":"la-forza-del-destino-en-la-serie-internacional-del-2013","status":"publish","type":"post","link":"https:\/\/seryhumano.com\/web\/?p=2973","title":{"rendered":"La Forza del Destino en la Serie Internacional del 2013"},"content":{"rendered":"<p style=\"text-align: center;\">[youtube]http:\/\/www.youtube.com\/watch?v=Fo-4xITaONE[\/youtube]<\/p>\n<p>Con tan solo el t\u00edtulo \u201cLa Forza del Destino\u201d uno puede sentir \u00a0la pasi\u00f3n que le impregnaba a cada una de sus obras el asombro \u00a0Giuseppe Verdi, el compositor italiano m\u00e1s importante del siglo XIX, seg\u00fan los entendidos en la materia.<a href=\"https:\/\/seryhumano.com\/web\/?attachment_id=2974\" rel=\"attachment wp-att-2974\"><img loading=\"lazy\" decoding=\"async\" class=\"alignright size-full wp-image-2974\" alt=\"La Fuerza del Destino\" src=\"https:\/\/seryhumano.com\/web\/wp-content\/uploads\/2013\/03\/La-Fuerza-del-Destino.jpg\" width=\"280\" height=\"180\" \/><\/a><\/p>\n<p>Entre la primera y la \u00faltima \u00f3pera de Verdi transcurrieron 54 a\u00f1os, en el cual tuvo el poder de creaci\u00f3n y la maravillosa capacidad de renovar en tres ocasiones su estilo musical y dram\u00e1tico componiendo obras maestras de joven, como compositor maduro y como anciano genial.<\/p>\n<p>La Obertura de \u201cLa Forza del Destino\u201d\u00a0 de tan sobrecogedora \u00f3pera ser\u00e1 el comienzo perfecto del primer concierto de la Serie Internacional del 2013 presentada por nuestra \u00a0Orquesta Sinf\u00f3nica de Venezuela <i>Patrimonio Art\u00edstico y Cultural de la Naci\u00f3n,<\/i> y bajo la conducci\u00f3n del director italiano Francesco Belli, quien regresa a Venezuela gracias al apoyo del Instituto Italiano de Cultura. El joven venezolano Jos\u00e9 Oswaldo Parra, tromb\u00f3n, ser\u00e1 el solista invitado de la noche.<\/p>\n<p><a href=\"https:\/\/seryhumano.com\/web\/?attachment_id=2975\" rel=\"attachment wp-att-2975\"><img loading=\"lazy\" decoding=\"async\" class=\"alignleft size-medium wp-image-2975\" alt=\"francesco belli\" src=\"https:\/\/seryhumano.com\/web\/wp-content\/uploads\/2013\/03\/francesco-belli-300x195.jpg\" width=\"300\" height=\"195\" srcset=\"https:\/\/seryhumano.com\/web\/wp-content\/uploads\/2013\/03\/francesco-belli-300x195.jpg 300w, https:\/\/seryhumano.com\/web\/wp-content\/uploads\/2013\/03\/francesco-belli-1024x667.jpg 1024w\" sizes=\"auto, (max-width: 300px) 100vw, 300px\" \/><\/a>Francesco Belli es un destacado director de orquesta y clarinetista italiano. Es invitado frecuentemente a dar clases magistrales en Europa y Am\u00e9rica Latina, con frecuencia visita los escenarios de Estados Unidos, M\u00e9xico, Cuba, Colombia, Brasil y Venezuela. Desde el 1997 hasta el 2001 fue Director Titular de la Orquesta Sinf\u00f3nica del Valle del Cauca en Santiago de Cali (Colombia) y actualmente es Director Titular de la Orquesta \u201cLatina Philharmonia\u201d (Italia) y Director invitado permanente de la Filarm\u00f3nica Nacional de Cuba.<\/p>\n<p>Jos\u00e9 Oswaldo Parra Garc\u00eda, es un joven talentoso que con tan s\u00f3lo 23 a\u00f1os, ha logrado despuntar con su talento. Oriundo de Guanare, Estado Portuguesa, proviene del N\u00facleo de la Orquesta Sinf\u00f3nica Juvenil Guanare-Portuguesa \u201cJuan Jos\u00e9 Landaeta\u201d.\u00a0 Posteriormente, form\u00f3 parte de la Orquesta Sinf\u00f3nica de los Llanos. Hoy en d\u00eda es integrante del Cuarteto de Trombones Sim\u00f3n Bol\u00edvar y de la Academia Latinoamericana de Trombones bajo la coordinaci\u00f3n del Maestro Miguel S\u00e1nchez. <a href=\"https:\/\/seryhumano.com\/web\/?attachment_id=2976\" rel=\"attachment wp-att-2976\"><img loading=\"lazy\" decoding=\"async\" class=\"alignright size-medium wp-image-2976\" alt=\"Jose Oswaldo Parra - Trombon\" src=\"https:\/\/seryhumano.com\/web\/wp-content\/uploads\/2013\/03\/Jose-Oswaldo-Parra-Trombon-200x300.jpg\" width=\"200\" height=\"300\" srcset=\"https:\/\/seryhumano.com\/web\/wp-content\/uploads\/2013\/03\/Jose-Oswaldo-Parra-Trombon-200x300.jpg 200w, https:\/\/seryhumano.com\/web\/wp-content\/uploads\/2013\/03\/Jose-Oswaldo-Parra-Trombon.jpg 320w\" sizes=\"auto, (max-width: 200px) 100vw, 200px\" \/><\/a>Bajo concurso en el a\u00f1o 2011, gana una plaza en la Orquesta Sinf\u00f3nica de Venezuela, donde se desempe\u00f1a como Tromb\u00f3n Fila. El a\u00f1o pasado asisti\u00f3 al prestigioso curso Trombonanza que se lleva a cabo en Argentina en la ciudad de Santa Fe, donde recibi\u00f3 clases con los maestros internacionales Irvin Wagner, Gaspar Licciardone, Jamie Williams, Massimo La Rosa, Pablo Fenoglio, Paul Compton, Carlos Ovejero, Remigio Pereira Pintos, Rub\u00e9n Carughi, Renato Far\u00edas\u00a0 y Carlos Quir\u00f3z. En esa edici\u00f3n result\u00f3 ganador del Concurso Internacional \u201cJ\u00f3venes Solistas\u201d, tocando como solista con la Orquesta Sinf\u00f3nica Juvenil de Santa Fe, en Argentina.<\/p>\n<p>El maestro Francesco Belli seleccion\u00f3 un bell\u00edsimo repertorio para esta Serie Internacional, adem\u00e1s de la Obertura \u201cLa Forza del Destino\u201d\u00a0de Giussepe Verdi, el Conciertino para tromb\u00f3n y orquesta Op. 4 de Ferdinand David, \u00a0Intermezzo de la \u00f3pera \u201cManon Lescaut\u201d de Giacomo Puccini y \u00a0el Poema Sinf\u00f3nico \u201cLos Pinos de Roma\u201d de Ottorino Respighi.<\/p>\n<p>La cita es el JUEVES 7 de marzo a las 8 p.m. en el Auditorio del Colegio Emil Friedman, ubicado en Los Campitos. Entrada Libre. \u00a1Ser\u00e1 una noche inolvidable!<\/p>\n<p>seryhumano.com<\/p>\n<p>&nbsp;<\/p>\n<p>&nbsp;<\/p>\n","protected":false},"excerpt":{"rendered":"<p>[youtube]http:\/\/www.youtube.com\/watch?v=Fo-4xITaONE[\/youtube] Con tan solo el t\u00edtulo \u201cLa Forza del Destino\u201d uno puede sentir \u00a0la pasi\u00f3n que le impregnaba a cada una de sus obras el asombro \u00a0Giuseppe Verdi, el compositor italiano m\u00e1s importante del siglo XIX, seg\u00fan los entendidos en la materia. Entre la primera y la \u00faltima \u00f3pera de Verdi transcurrieron 54 a\u00f1os, en&hellip;<\/p>\n","protected":false},"author":2,"featured_media":2982,"comment_status":"closed","ping_status":"closed","sticky":false,"template":"","format":"standard","meta":{"footnotes":""},"categories":[114],"tags":[111],"class_list":["post-2973","post","type-post","status-publish","format-standard","has-post-thumbnail","hentry","category-sonidos","tag-slider","category-114","description-off"],"yoast_head":"<!-- This site is optimized with the Yoast SEO plugin v25.4 - https:\/\/yoast.com\/wordpress\/plugins\/seo\/ -->\n<title>La Forza del Destino en la Serie Internacional del 2013 &#187; SeryHumano.com<\/title>\n<meta name=\"robots\" content=\"index, follow, max-snippet:-1, max-image-preview:large, max-video-preview:-1\" \/>\n<link rel=\"canonical\" href=\"https:\/\/seryhumano.com\/web\/?p=2973\" \/>\n<meta property=\"og:locale\" content=\"es_ES\" \/>\n<meta property=\"og:type\" content=\"article\" \/>\n<meta property=\"og:title\" content=\"La Forza del Destino en la Serie Internacional del 2013 &#187; SeryHumano.com\" \/>\n<meta property=\"og:description\" content=\"[youtube]http:\/\/www.youtube.com\/watch?v=Fo-4xITaONE[\/youtube] Con tan solo el t\u00edtulo \u201cLa Forza del Destino\u201d uno puede sentir \u00a0la pasi\u00f3n que le impregnaba a cada una de sus obras el asombro \u00a0Giuseppe Verdi, el compositor italiano m\u00e1s importante del siglo XIX, seg\u00fan los entendidos en la materia. Entre la primera y la \u00faltima \u00f3pera de Verdi transcurrieron 54 a\u00f1os, en&hellip;\" \/>\n<meta property=\"og:url\" content=\"https:\/\/seryhumano.com\/web\/?p=2973\" \/>\n<meta property=\"og:site_name\" content=\"SeryHumano.com\" \/>\n<meta property=\"article:publisher\" content=\"https:\/\/www.facebook.com\/seryhumano\/\" \/>\n<meta property=\"article:published_time\" content=\"2013-03-05T14:40:29+00:00\" \/>\n<meta property=\"article:modified_time\" content=\"2013-03-05T15:14:45+00:00\" \/>\n<meta property=\"og:image\" content=\"https:\/\/seryhumano.com\/web\/wp-content\/uploads\/2013\/03\/featureslider.jpg\" \/>\n\t<meta property=\"og:image:width\" content=\"910\" \/>\n\t<meta property=\"og:image:height\" content=\"227\" \/>\n\t<meta property=\"og:image:type\" content=\"image\/jpeg\" \/>\n<meta name=\"author\" content=\"@herrera_yosmar\" \/>\n<meta name=\"twitter:card\" content=\"summary_large_image\" \/>\n<meta name=\"twitter:creator\" content=\"@SeryHumano\" \/>\n<meta name=\"twitter:site\" content=\"@SeryHumano\" \/>\n<meta name=\"twitter:label1\" content=\"Escrito por\" \/>\n\t<meta name=\"twitter:data1\" content=\"@herrera_yosmar\" \/>\n\t<meta name=\"twitter:label2\" content=\"Tiempo de lectura\" \/>\n\t<meta name=\"twitter:data2\" content=\"3 minutos\" \/>\n<script type=\"application\/ld+json\" class=\"yoast-schema-graph\">{\"@context\":\"https:\/\/schema.org\",\"@graph\":[{\"@type\":\"Article\",\"@id\":\"https:\/\/seryhumano.com\/web\/?p=2973#article\",\"isPartOf\":{\"@id\":\"https:\/\/seryhumano.com\/web\/?p=2973\"},\"author\":{\"name\":\"@herrera_yosmar\",\"@id\":\"https:\/\/seryhumano.com\/web\/#\/schema\/person\/fd30e8e0b394a62344b44d9b0fe75795\"},\"headline\":\"La Forza del Destino en la Serie Internacional del 2013\",\"datePublished\":\"2013-03-05T14:40:29+00:00\",\"dateModified\":\"2013-03-05T15:14:45+00:00\",\"mainEntityOfPage\":{\"@id\":\"https:\/\/seryhumano.com\/web\/?p=2973\"},\"wordCount\":549,\"publisher\":{\"@id\":\"https:\/\/seryhumano.com\/web\/#organization\"},\"image\":{\"@id\":\"https:\/\/seryhumano.com\/web\/?p=2973#primaryimage\"},\"thumbnailUrl\":\"https:\/\/seryhumano.com\/web\/wp-content\/uploads\/2013\/03\/featureslider.jpg\",\"keywords\":[\"Slider\"],\"articleSection\":[\"Sonidos del Ser\"],\"inLanguage\":\"es\"},{\"@type\":\"WebPage\",\"@id\":\"https:\/\/seryhumano.com\/web\/?p=2973\",\"url\":\"https:\/\/seryhumano.com\/web\/?p=2973\",\"name\":\"La Forza del Destino en la Serie Internacional del 2013 &#187; SeryHumano.com\",\"isPartOf\":{\"@id\":\"https:\/\/seryhumano.com\/web\/#website\"},\"primaryImageOfPage\":{\"@id\":\"https:\/\/seryhumano.com\/web\/?p=2973#primaryimage\"},\"image\":{\"@id\":\"https:\/\/seryhumano.com\/web\/?p=2973#primaryimage\"},\"thumbnailUrl\":\"https:\/\/seryhumano.com\/web\/wp-content\/uploads\/2013\/03\/featureslider.jpg\",\"datePublished\":\"2013-03-05T14:40:29+00:00\",\"dateModified\":\"2013-03-05T15:14:45+00:00\",\"breadcrumb\":{\"@id\":\"https:\/\/seryhumano.com\/web\/?p=2973#breadcrumb\"},\"inLanguage\":\"es\",\"potentialAction\":[{\"@type\":\"ReadAction\",\"target\":[\"https:\/\/seryhumano.com\/web\/?p=2973\"]}]},{\"@type\":\"ImageObject\",\"inLanguage\":\"es\",\"@id\":\"https:\/\/seryhumano.com\/web\/?p=2973#primaryimage\",\"url\":\"https:\/\/seryhumano.com\/web\/wp-content\/uploads\/2013\/03\/featureslider.jpg\",\"contentUrl\":\"https:\/\/seryhumano.com\/web\/wp-content\/uploads\/2013\/03\/featureslider.jpg\",\"width\":910,\"height\":227},{\"@type\":\"BreadcrumbList\",\"@id\":\"https:\/\/seryhumano.com\/web\/?p=2973#breadcrumb\",\"itemListElement\":[{\"@type\":\"ListItem\",\"position\":1,\"name\":\"Portada\",\"item\":\"https:\/\/seryhumano.com\/web\/\"},{\"@type\":\"ListItem\",\"position\":2,\"name\":\"La Forza del Destino en la Serie Internacional del 2013\"}]},{\"@type\":\"WebSite\",\"@id\":\"https:\/\/seryhumano.com\/web\/#website\",\"url\":\"https:\/\/seryhumano.com\/web\/\",\"name\":\"SeryHumano.com\",\"description\":\"Revista digital muy humana, donde lo mas importante es el Ser...\",\"publisher\":{\"@id\":\"https:\/\/seryhumano.com\/web\/#organization\"},\"potentialAction\":[{\"@type\":\"SearchAction\",\"target\":{\"@type\":\"EntryPoint\",\"urlTemplate\":\"https:\/\/seryhumano.com\/web\/?s={search_term_string}\"},\"query-input\":{\"@type\":\"PropertyValueSpecification\",\"valueRequired\":true,\"valueName\":\"search_term_string\"}}],\"inLanguage\":\"es\"},{\"@type\":\"Organization\",\"@id\":\"https:\/\/seryhumano.com\/web\/#organization\",\"name\":\"SeryHumano.com\",\"url\":\"https:\/\/seryhumano.com\/web\/\",\"logo\":{\"@type\":\"ImageObject\",\"inLanguage\":\"es\",\"@id\":\"https:\/\/seryhumano.com\/web\/#\/schema\/logo\/image\/\",\"url\":\"https:\/\/seryhumano.com\/web\/wp-content\/uploads\/2020\/02\/JNe5VRwH_400x400-2.jpg\",\"contentUrl\":\"https:\/\/seryhumano.com\/web\/wp-content\/uploads\/2020\/02\/JNe5VRwH_400x400-2.jpg\",\"width\":400,\"height\":400,\"caption\":\"SeryHumano.com\"},\"image\":{\"@id\":\"https:\/\/seryhumano.com\/web\/#\/schema\/logo\/image\/\"},\"sameAs\":[\"https:\/\/www.facebook.com\/seryhumano\/\",\"https:\/\/x.com\/SeryHumano\",\"https:\/\/www.instagram.com\/seryhumano\/\",\"https:\/\/www.linkedin.com\/company\/seryhumano-com\/\",\"https:\/\/www.youtube.com\/channel\/UCYfgIGSxygVnJAW0e9ZBZWg\"]},{\"@type\":\"Person\",\"@id\":\"https:\/\/seryhumano.com\/web\/#\/schema\/person\/fd30e8e0b394a62344b44d9b0fe75795\",\"name\":\"@herrera_yosmar\",\"description\":\"Eterna enamorada de la vida, comunicadora, mam\u00e1 de tres\",\"sameAs\":[\"http:\/\/seryhumano.com\"],\"url\":\"https:\/\/seryhumano.com\/web\/?author=2\"}]}<\/script>\n<!-- \/ Yoast SEO plugin. -->","yoast_head_json":{"title":"La Forza del Destino en la Serie Internacional del 2013 &#187; SeryHumano.com","robots":{"index":"index","follow":"follow","max-snippet":"max-snippet:-1","max-image-preview":"max-image-preview:large","max-video-preview":"max-video-preview:-1"},"canonical":"https:\/\/seryhumano.com\/web\/?p=2973","og_locale":"es_ES","og_type":"article","og_title":"La Forza del Destino en la Serie Internacional del 2013 &#187; SeryHumano.com","og_description":"[youtube]http:\/\/www.youtube.com\/watch?v=Fo-4xITaONE[\/youtube] Con tan solo el t\u00edtulo \u201cLa Forza del Destino\u201d uno puede sentir \u00a0la pasi\u00f3n que le impregnaba a cada una de sus obras el asombro \u00a0Giuseppe Verdi, el compositor italiano m\u00e1s importante del siglo XIX, seg\u00fan los entendidos en la materia. Entre la primera y la \u00faltima \u00f3pera de Verdi transcurrieron 54 a\u00f1os, en&hellip;","og_url":"https:\/\/seryhumano.com\/web\/?p=2973","og_site_name":"SeryHumano.com","article_publisher":"https:\/\/www.facebook.com\/seryhumano\/","article_published_time":"2013-03-05T14:40:29+00:00","article_modified_time":"2013-03-05T15:14:45+00:00","og_image":[{"width":910,"height":227,"url":"https:\/\/seryhumano.com\/web\/wp-content\/uploads\/2013\/03\/featureslider.jpg","type":"image\/jpeg"}],"author":"@herrera_yosmar","twitter_card":"summary_large_image","twitter_creator":"@SeryHumano","twitter_site":"@SeryHumano","twitter_misc":{"Escrito por":"@herrera_yosmar","Tiempo de lectura":"3 minutos"},"schema":{"@context":"https:\/\/schema.org","@graph":[{"@type":"Article","@id":"https:\/\/seryhumano.com\/web\/?p=2973#article","isPartOf":{"@id":"https:\/\/seryhumano.com\/web\/?p=2973"},"author":{"name":"@herrera_yosmar","@id":"https:\/\/seryhumano.com\/web\/#\/schema\/person\/fd30e8e0b394a62344b44d9b0fe75795"},"headline":"La Forza del Destino en la Serie Internacional del 2013","datePublished":"2013-03-05T14:40:29+00:00","dateModified":"2013-03-05T15:14:45+00:00","mainEntityOfPage":{"@id":"https:\/\/seryhumano.com\/web\/?p=2973"},"wordCount":549,"publisher":{"@id":"https:\/\/seryhumano.com\/web\/#organization"},"image":{"@id":"https:\/\/seryhumano.com\/web\/?p=2973#primaryimage"},"thumbnailUrl":"https:\/\/seryhumano.com\/web\/wp-content\/uploads\/2013\/03\/featureslider.jpg","keywords":["Slider"],"articleSection":["Sonidos del Ser"],"inLanguage":"es"},{"@type":"WebPage","@id":"https:\/\/seryhumano.com\/web\/?p=2973","url":"https:\/\/seryhumano.com\/web\/?p=2973","name":"La Forza del Destino en la Serie Internacional del 2013 &#187; SeryHumano.com","isPartOf":{"@id":"https:\/\/seryhumano.com\/web\/#website"},"primaryImageOfPage":{"@id":"https:\/\/seryhumano.com\/web\/?p=2973#primaryimage"},"image":{"@id":"https:\/\/seryhumano.com\/web\/?p=2973#primaryimage"},"thumbnailUrl":"https:\/\/seryhumano.com\/web\/wp-content\/uploads\/2013\/03\/featureslider.jpg","datePublished":"2013-03-05T14:40:29+00:00","dateModified":"2013-03-05T15:14:45+00:00","breadcrumb":{"@id":"https:\/\/seryhumano.com\/web\/?p=2973#breadcrumb"},"inLanguage":"es","potentialAction":[{"@type":"ReadAction","target":["https:\/\/seryhumano.com\/web\/?p=2973"]}]},{"@type":"ImageObject","inLanguage":"es","@id":"https:\/\/seryhumano.com\/web\/?p=2973#primaryimage","url":"https:\/\/seryhumano.com\/web\/wp-content\/uploads\/2013\/03\/featureslider.jpg","contentUrl":"https:\/\/seryhumano.com\/web\/wp-content\/uploads\/2013\/03\/featureslider.jpg","width":910,"height":227},{"@type":"BreadcrumbList","@id":"https:\/\/seryhumano.com\/web\/?p=2973#breadcrumb","itemListElement":[{"@type":"ListItem","position":1,"name":"Portada","item":"https:\/\/seryhumano.com\/web\/"},{"@type":"ListItem","position":2,"name":"La Forza del Destino en la Serie Internacional del 2013"}]},{"@type":"WebSite","@id":"https:\/\/seryhumano.com\/web\/#website","url":"https:\/\/seryhumano.com\/web\/","name":"SeryHumano.com","description":"Revista digital muy humana, donde lo mas importante es el Ser...","publisher":{"@id":"https:\/\/seryhumano.com\/web\/#organization"},"potentialAction":[{"@type":"SearchAction","target":{"@type":"EntryPoint","urlTemplate":"https:\/\/seryhumano.com\/web\/?s={search_term_string}"},"query-input":{"@type":"PropertyValueSpecification","valueRequired":true,"valueName":"search_term_string"}}],"inLanguage":"es"},{"@type":"Organization","@id":"https:\/\/seryhumano.com\/web\/#organization","name":"SeryHumano.com","url":"https:\/\/seryhumano.com\/web\/","logo":{"@type":"ImageObject","inLanguage":"es","@id":"https:\/\/seryhumano.com\/web\/#\/schema\/logo\/image\/","url":"https:\/\/seryhumano.com\/web\/wp-content\/uploads\/2020\/02\/JNe5VRwH_400x400-2.jpg","contentUrl":"https:\/\/seryhumano.com\/web\/wp-content\/uploads\/2020\/02\/JNe5VRwH_400x400-2.jpg","width":400,"height":400,"caption":"SeryHumano.com"},"image":{"@id":"https:\/\/seryhumano.com\/web\/#\/schema\/logo\/image\/"},"sameAs":["https:\/\/www.facebook.com\/seryhumano\/","https:\/\/x.com\/SeryHumano","https:\/\/www.instagram.com\/seryhumano\/","https:\/\/www.linkedin.com\/company\/seryhumano-com\/","https:\/\/www.youtube.com\/channel\/UCYfgIGSxygVnJAW0e9ZBZWg"]},{"@type":"Person","@id":"https:\/\/seryhumano.com\/web\/#\/schema\/person\/fd30e8e0b394a62344b44d9b0fe75795","name":"@herrera_yosmar","description":"Eterna enamorada de la vida, comunicadora, mam\u00e1 de tres","sameAs":["http:\/\/seryhumano.com"],"url":"https:\/\/seryhumano.com\/web\/?author=2"}]}},"_links":{"self":[{"href":"https:\/\/seryhumano.com\/web\/index.php?rest_route=\/wp\/v2\/posts\/2973","targetHints":{"allow":["GET"]}}],"collection":[{"href":"https:\/\/seryhumano.com\/web\/index.php?rest_route=\/wp\/v2\/posts"}],"about":[{"href":"https:\/\/seryhumano.com\/web\/index.php?rest_route=\/wp\/v2\/types\/post"}],"author":[{"embeddable":true,"href":"https:\/\/seryhumano.com\/web\/index.php?rest_route=\/wp\/v2\/users\/2"}],"replies":[{"embeddable":true,"href":"https:\/\/seryhumano.com\/web\/index.php?rest_route=%2Fwp%2Fv2%2Fcomments&post=2973"}],"version-history":[{"count":0,"href":"https:\/\/seryhumano.com\/web\/index.php?rest_route=\/wp\/v2\/posts\/2973\/revisions"}],"wp:featuredmedia":[{"embeddable":true,"href":"https:\/\/seryhumano.com\/web\/index.php?rest_route=\/wp\/v2\/media\/2982"}],"wp:attachment":[{"href":"https:\/\/seryhumano.com\/web\/index.php?rest_route=%2Fwp%2Fv2%2Fmedia&parent=2973"}],"wp:term":[{"taxonomy":"category","embeddable":true,"href":"https:\/\/seryhumano.com\/web\/index.php?rest_route=%2Fwp%2Fv2%2Fcategories&post=2973"},{"taxonomy":"post_tag","embeddable":true,"href":"https:\/\/seryhumano.com\/web\/index.php?rest_route=%2Fwp%2Fv2%2Ftags&post=2973"}],"curies":[{"name":"wp","href":"https:\/\/api.w.org\/{rel}","templated":true}]}}