{"id":29991,"date":"2019-01-15T09:05:46","date_gmt":"2019-01-15T13:35:46","guid":{"rendered":"https:\/\/seryhumano.com\/web\/?p=29991"},"modified":"2019-01-15T09:22:16","modified_gmt":"2019-01-15T13:52:16","slug":"migrantes-una-nueva-caravana-desde-honduras-aviva-las-tensiones","status":"publish","type":"post","link":"https:\/\/seryhumano.com\/web\/?p=29991","title":{"rendered":"Migrantes: Una nueva caravana desde Honduras aviva las tensiones"},"content":{"rendered":"\n<ul class=\"wp-block-gallery aligncenter columns-1 is-cropped wp-block-gallery-1 is-layout-flex wp-block-gallery-is-layout-flex\"><li class=\"blocks-gallery-item\"><figure><img loading=\"lazy\" decoding=\"async\" width=\"1024\" height=\"682\" src=\"https:\/\/seryhumano.com\/web\/wp-content\/uploads\/2019\/01\/caravana1-1024x682.jpg\" alt=\"\" data-id=\"29992\" data-link=\"https:\/\/seryhumano.com\/web\/?attachment_id=29992\" class=\"wp-image-29992\" srcset=\"https:\/\/seryhumano.com\/web\/wp-content\/uploads\/2019\/01\/caravana1.jpg 1024w, https:\/\/seryhumano.com\/web\/wp-content\/uploads\/2019\/01\/caravana1-300x200.jpg 300w, https:\/\/seryhumano.com\/web\/wp-content\/uploads\/2019\/01\/caravana1-768x512.jpg 768w\" sizes=\"auto, (max-width: 1024px) 100vw, 1024px\" \/><\/figure><\/li><\/ul>\n\n\n\n<p style=\"text-align:center\"><strong>Un art\u00edculo escrito por Jeff Ernst desde San Pedro Sula, Elisabeth Malkin desde Ciudad de M\u00e9xico y Paulina Villegas, desde Tijuana, M\u00e9xico. Publicado en el nytime.com\/es <\/strong><\/p>\n\n\n\n<p><strong>SAN PEDRO SULA, Honduras<\/strong> \u2014 Una nueva caravana de migrantes se prepara para salir de Honduras y con ella se han dibujado l\u00edneas de batalla desde el norte: algunos han prometido ayudarlos; otros han jurado que los van a frenar.<\/p>\n\n\n\n<p>En Estados Unidos, la salida de la caravana \u2014programada para\nel 15 de enero\u2014 le ha dado al presidente Donald Trump munici\u00f3n en su lucha\ncontra el congreso, al que le exige aprobar un presupuesto con 5700 millones de\nd\u00f3lares para construir un muro fronterizo con M\u00e9xico. La disputa ha resultado\nen el cierre de la administraci\u00f3n m\u00e1s largo de la historia estadounidense.<\/p>\n\n\n\n<p>Tal como lo hizo cuando otra caravana emprendi\u00f3 el mismo\ntrayecto en octubre, Trump ha descrito de manera peyorativa a los migrantes de\neste grupo, que afirman que su viaje es para escapar de la pobreza y la\nviolencia y que tienen el derecho legal de solicitar asilo, como pretenden\nhacerlo.<\/p>\n\n\n\n<p>\u201c<em>Se est\u00e1 formando\notra gran caravana en Honduras que estamos tratando de desintegrar, pero hasta\nahora es m\u00e1s grande que cualquiera que hayamos visto<\/em>\u201d, dijo Trump el jueves\n10 de enero. \u201c<em>No podemos detenerla con\ndrones ni con sensores, pero \u00bfsaben con qu\u00e9 podemos pararla en seco? Con un\nmuro poderoso y bien hecho<\/em>\u201d, asegur\u00f3.<\/p>\n\n\n\n<p>A pesar de las afirmaciones de Trump, nadie sabe cu\u00e1ntas\npersonas saldr\u00e1n el martes y cu\u00e1ntas m\u00e1s se unir\u00e1n conforme los migrantes\ncrucen por Guatemala, lleguen al sur de M\u00e9xico y se abran paso hasta la\nfrontera con Estados Unidos.<\/p>\n\n\n\n<p><strong>Tampoco\nha quedado claro qui\u00e9n puso en marcha el plan para organizar esta nueva\ncaravana.<\/strong><\/p>\n\n\n\n<p>H\u00e9ctor Romero, de 37 a\u00f1os, decidi\u00f3 que se unir\u00eda al grupo\nel 9 de enero. \u201c<em>Solo he tenido dos d\u00edas\nde trabajo a la semana durante los \u00faltimos tres meses y eso apenas cubre los\ngastos<\/em>\u201d, dijo Romero, quien est\u00e1 empleado como recolector de pasajes de\nautob\u00fas en una poblaci\u00f3n al oeste de San Pedro Sula, la ciudad desde donde\npretende salir la caravana. \u201c<em>No tuve el\nvalor de irme la \u00faltima vez, pero ahora s\u00ed<\/em>\u201d.<\/p>\n\n\n\n<p>El hondure\u00f1o, divorciado y padre de cuatro hijos, indic\u00f3\nque llevar\u00e1 consigo a su hija de 12 a\u00f1os, pues cree que as\u00ed tendr\u00e1 m\u00e1s\nprobabilidades de que las autoridades migratorias de Estados Unidos lo dejen\nentrar.<\/p>\n\n\n\n<p>El primer desaf\u00edo para los migrantes podr\u00eda ser su propio\ngobierno. Los presidentes poco populares de Honduras y de Guatemala, que\nenfrentan diversos esc\u00e1ndalos, est\u00e1n ansiosos por mantener el apoyo del\ngobierno de Trump, quien ha amenazado con recortar la ayuda financiera a estos\npa\u00edses. Frenar la caravana podr\u00eda ayudarlos a lograr ese objetivo.<\/p>\n\n\n\n<p>Heide B. Fulton, la encargada de negocios de la Embajada de\nEstados Unidos en Honduras, viaj\u00f3 a la frontera de ese pa\u00eds con Guatemala para\nfilmar un llamado dirigido a los migrantes. \u201c<em>No pierdan su tiempo y dinero en un viaje destinado a fracasar<\/em>\u201d,\nindica Fulton en el anuncio.<\/p>\n\n\n\n<p>En M\u00e9xico, en tanto, el nuevo gobierno de Andr\u00e9s Manuel\nL\u00f3pez Obrador ha dicho que lidiar\u00e1 con los migrantes de manera m\u00e1s humana que\nel gobierno anterior.<\/p>\n\n\n\n<p>Los funcionarios mexicanos indican que quieren evitar los \u201c<em>horrores<\/em>\u201d que viv\u00edan los migrantes\ncuando intentaban evitar que los arrestaran y los deportaran durante su\ntrayecto a trav\u00e9s de M\u00e9xico.<\/p>\n\n\n\n<p>\u201c<em>Nuestra visi\u00f3n es\nque los migrantes no son delincuentes; mucho menos constituyen una amenaza a la\nseguridad de M\u00e9xico o de Estados Unidos<\/em>\u201d, dijo el 7 de enero Olga S\u00e1nchez\nCordero, secretaria de Gobernaci\u00f3n mexicana, en un discurso dirigido a\ndiplom\u00e1ticos mexicanos en el que prometi\u00f3 un fin a las deportaciones masivas.<\/p>\n\n\n\n<p>S\u00e1nchez Cordero precis\u00f3 que m\u00e1s de 300.000 centroamericanos\nentraron a M\u00e9xico el a\u00f1o pasado, la mayor\u00eda con un \u201c<em>acceso no documentado<\/em>\u201d, y que los datos indican que el 80 por\nciento ten\u00eda como objetivo cruzar la frontera hacia Estados Unidos.<\/p>\n\n\n\n<p>La secretaria de Gobernaci\u00f3n declar\u00f3 que de ahora en\nadelante los migrantes en caravana que entren a M\u00e9xico por medio de un punto de\ncruce oficial y que se registren obtendr\u00edan visas humanitarias y permisos para\ntrabajar en M\u00e9xico para que puedan trasladarse bajo la supervisi\u00f3n de las\nautoridades migratorias mexicanas hacia la frontera de Estados Unidos. Sin\nembargo, recalc\u00f3 que quienes crucen a M\u00e9xico ilegalmente ser\u00e1n deportados.<\/p>\n\n\n\n<p>\u201c<em>No se permitir\u00e1 que\nsu ingreso no sea ordenado ni seguro o controlado y regulado por las leyes\nmexicanas<\/em>\u201d, dijo S\u00e1nchez Cordero.<\/p>\n\n\n\n<p>Las nuevas pol\u00edticas del gobierno de M\u00e9xico se pondr\u00e1n a\nprueba cuando llegue la caravana que saldr\u00eda el martes, dijo Gustavo Mohar,\nexfuncionario mexicano en temas de seguridad y migraci\u00f3n. \u201c<em>El problema no puede resolverse<\/em>\u201d, dijo, \u201c<em>entonces debe manejarse de manera inteligente, precavida y realista<\/em>\u201d.<\/p>\n\n\n\n<p>Afirm\u00f3 que de lograrse eso, sobre todo con tanta atenci\u00f3n\ninternacional enfocada en los migrantes centroamericanos, le dar\u00eda a M\u00e9xico \u201c<em>autoridad moral frente a Estados Unidos\u201d<\/em>.<\/p>\n\n\n\n<p>Los activistas dicen que viajar en caravanas ofrece\nseguridad para protegerse de los grupos criminales y los funcionarios corruptos\nque van tras los migrantes. Sin embargo, el tama\u00f1o de las caravanas recientes\nse ha vuelto \u201c<em>incontrolable<\/em>\u201d, seg\u00fan\nIrineo Mujica, parte del grupo trasnacional Pueblo Sin Fronteras, que ha\nacompa\u00f1ado a otras caravanas anteriores en su paso por M\u00e9xico. No est\u00e1\nparticipando en la organizaci\u00f3n de la nueva caravana.<\/p>\n\n\n\n<p>A medida que la nueva caravana se prepara para partir, la\nexperiencia de la agrupaci\u00f3n m\u00e1s reciente es la que parece determinar la\nrespuesta de los gobiernos y la gente a lo largo del camino.<\/p>\n\n\n\n<p>Ese \u00e9xodo previo fue una historia narrada a trav\u00e9s de\nim\u00e1genes: de las personas cuando cruzaron el r\u00edo Suchiate, que marca la\nfrontera entre Guatemala y M\u00e9xico; de masas de gente que se mov\u00edan atiborradas\npor autopistas o que se sub\u00edan a camionetas; as\u00ed como de varias plazas de\nciudades mexicanas que quedaron transformadas en campamentos y albergues\nimprovisados.<\/p>\n\n\n\n<p>Cuando esa caravana \u2014con casi seis mil integrantes\u2014 lleg\u00f3 a\nTijuana, los migrantes se toparon con una cerca alta que a\u00fan los separaba de su\ndestino estadounidense y una espera muy larga para solicitar asilo. Los\nrefugios de migrantes estaban saturados y las condiciones en el interior\nr\u00e1pidamente empeoraron. Algunos migrantes desistieron.<\/p>\n\n\n\n<p>No obstante, en Honduras, las dificultades de caravanas\nprevias no han disuadido a los que consideran unirse a la nueva. El peligro y\nlas frustraciones que vivir\u00edan en el camino son poco en comparaci\u00f3n con el\ntemor abrumador de quedarse en el pa\u00eds o ser enviados de regreso, dijo Lidia de\nSuazo, coordinadora de atenci\u00f3n pastoral para los migrantes en la arquidi\u00f3cesis\ncat\u00f3lica de Tegucigalpa, Honduras.<\/p>\n\n\n\n<p>\u201c<em>La mayor\u00eda de los\nque salieron en la caravana de octubre no fueron deportados<\/em>\u201d, coment\u00f3. \u201c<em>As\u00ed que eso env\u00eda un mensaje a los pa\u00edses de\norigen, y la gente dice: \u2018Vayamos tambi\u00e9n, porque no van a deportarnos\u2019<\/em>\u201d.<\/p>\n\n\n\n<p>Miroslava Cerpas, la coordinadora del \u00e1rea de movilidad\nhumana del Centro de Investigaci\u00f3n y Promoci\u00f3n de los Derechos Humanos, dijo que,\npese a los peligros, \u201c<em>ellos van a salir\nde cualquier manera. Muchos no saben ad\u00f3nde van, pero saben qu\u00e9 est\u00e1n dejando\natr\u00e1s<\/em>\u201d.<\/p>\n\n\n\n<p>Algunos de los migrantes en Tijuana, M\u00e9xico, incluso dijeron\nque pensaban ir de regreso al sur para unirse a la nueva caravana y acompa\u00f1ar\nas\u00ed a los que har\u00e1n el viaje por primera vez. Omar Rivera, de 39 a\u00f1os, obrero\nsalvadore\u00f1o, era uno de ellos.<\/p>\n\n\n\n<p>\u201c<em>Est\u00e1 viniendo mucha\ngente y necesita nuestra ayuda<\/em>\u201d, dijo, mientras se preparaba el jueves\npasado para abordar un autob\u00fas con destino al sur.<\/p>\n\n\n\n<p>seryhumano.com <\/p>\n","protected":false},"excerpt":{"rendered":"<p>Un art\u00edculo escrito por Jeff Ernst desde San Pedro Sula, Elisabeth Malkin desde Ciudad de M\u00e9xico y Paulina Villegas, desde Tijuana, M\u00e9xico. Publicado en el nytime.com\/es SAN PEDRO SULA, Honduras \u2014 Una nueva caravana de migrantes se prepara para salir de Honduras y con ella se han dibujado l\u00edneas de batalla desde el norte: algunos&hellip;<\/p>\n","protected":false},"author":305,"featured_media":29992,"comment_status":"closed","ping_status":"closed","sticky":false,"template":"","format":"standard","meta":{"footnotes":""},"categories":[110],"tags":[5383,1332,4468,3632],"class_list":["post-29991","post","type-post","status-publish","format-standard","has-post-thumbnail","hentry","category-noticias","tag-caravana","tag-honduras","tag-migracion","tag-trump","category-110","description-off"],"yoast_head":"<!-- This site is optimized with the Yoast SEO plugin v25.4 - https:\/\/yoast.com\/wordpress\/plugins\/seo\/ -->\n<title>Migrantes: Una nueva caravana desde Honduras aviva las tensiones &#187; SeryHumano.com<\/title>\n<meta name=\"robots\" content=\"index, follow, max-snippet:-1, max-image-preview:large, max-video-preview:-1\" \/>\n<link rel=\"canonical\" href=\"https:\/\/seryhumano.com\/web\/?p=29991\" \/>\n<meta property=\"og:locale\" content=\"es_ES\" \/>\n<meta property=\"og:type\" content=\"article\" \/>\n<meta property=\"og:title\" content=\"Migrantes: Una nueva caravana desde Honduras aviva las tensiones &#187; SeryHumano.com\" \/>\n<meta property=\"og:description\" content=\"Un art\u00edculo escrito por Jeff Ernst desde San Pedro Sula, Elisabeth Malkin desde Ciudad de M\u00e9xico y Paulina Villegas, desde Tijuana, M\u00e9xico. Publicado en el nytime.com\/es SAN PEDRO SULA, Honduras \u2014 Una nueva caravana de migrantes se prepara para salir de Honduras y con ella se han dibujado l\u00edneas de batalla desde el norte: algunos&hellip;\" \/>\n<meta property=\"og:url\" content=\"https:\/\/seryhumano.com\/web\/?p=29991\" \/>\n<meta property=\"og:site_name\" content=\"SeryHumano.com\" \/>\n<meta property=\"article:publisher\" content=\"https:\/\/www.facebook.com\/seryhumano\/\" \/>\n<meta property=\"article:published_time\" content=\"2019-01-15T13:35:46+00:00\" \/>\n<meta property=\"article:modified_time\" content=\"2019-01-15T13:52:16+00:00\" \/>\n<meta property=\"og:image\" content=\"https:\/\/seryhumano.com\/web\/wp-content\/uploads\/2019\/01\/caravana1.jpg\" \/>\n\t<meta property=\"og:image:width\" content=\"1024\" \/>\n\t<meta property=\"og:image:height\" content=\"682\" \/>\n\t<meta property=\"og:image:type\" content=\"image\/jpeg\" \/>\n<meta name=\"author\" content=\"Redacci\u00f3n SeryHumano.com\" \/>\n<meta name=\"twitter:card\" content=\"summary_large_image\" \/>\n<meta name=\"twitter:creator\" content=\"@SeryHumano\" \/>\n<meta name=\"twitter:site\" content=\"@SeryHumano\" \/>\n<meta name=\"twitter:label1\" content=\"Escrito por\" \/>\n\t<meta name=\"twitter:data1\" content=\"Redacci\u00f3n SeryHumano.com\" \/>\n\t<meta name=\"twitter:label2\" content=\"Tiempo de lectura\" \/>\n\t<meta name=\"twitter:data2\" content=\"7 minutos\" \/>\n<script type=\"application\/ld+json\" class=\"yoast-schema-graph\">{\"@context\":\"https:\/\/schema.org\",\"@graph\":[{\"@type\":\"Article\",\"@id\":\"https:\/\/seryhumano.com\/web\/?p=29991#article\",\"isPartOf\":{\"@id\":\"https:\/\/seryhumano.com\/web\/?p=29991\"},\"author\":{\"name\":\"Redacci\u00f3n SeryHumano.com\",\"@id\":\"https:\/\/seryhumano.com\/web\/#\/schema\/person\/f4adb88e2944ce8c1d005724eb1186d6\"},\"headline\":\"Migrantes: Una nueva caravana desde Honduras aviva las tensiones\",\"datePublished\":\"2019-01-15T13:35:46+00:00\",\"dateModified\":\"2019-01-15T13:52:16+00:00\",\"mainEntityOfPage\":{\"@id\":\"https:\/\/seryhumano.com\/web\/?p=29991\"},\"wordCount\":1347,\"publisher\":{\"@id\":\"https:\/\/seryhumano.com\/web\/#organization\"},\"image\":{\"@id\":\"https:\/\/seryhumano.com\/web\/?p=29991#primaryimage\"},\"thumbnailUrl\":\"https:\/\/seryhumano.com\/web\/wp-content\/uploads\/2019\/01\/caravana1.jpg\",\"keywords\":[\"caravana\",\"Honduras\",\"Migraci\u00f3n\",\"Trump\"],\"articleSection\":[\"Noticias\"],\"inLanguage\":\"es\"},{\"@type\":\"WebPage\",\"@id\":\"https:\/\/seryhumano.com\/web\/?p=29991\",\"url\":\"https:\/\/seryhumano.com\/web\/?p=29991\",\"name\":\"Migrantes: Una nueva caravana desde Honduras aviva las tensiones &#187; SeryHumano.com\",\"isPartOf\":{\"@id\":\"https:\/\/seryhumano.com\/web\/#website\"},\"primaryImageOfPage\":{\"@id\":\"https:\/\/seryhumano.com\/web\/?p=29991#primaryimage\"},\"image\":{\"@id\":\"https:\/\/seryhumano.com\/web\/?p=29991#primaryimage\"},\"thumbnailUrl\":\"https:\/\/seryhumano.com\/web\/wp-content\/uploads\/2019\/01\/caravana1.jpg\",\"datePublished\":\"2019-01-15T13:35:46+00:00\",\"dateModified\":\"2019-01-15T13:52:16+00:00\",\"breadcrumb\":{\"@id\":\"https:\/\/seryhumano.com\/web\/?p=29991#breadcrumb\"},\"inLanguage\":\"es\",\"potentialAction\":[{\"@type\":\"ReadAction\",\"target\":[\"https:\/\/seryhumano.com\/web\/?p=29991\"]}]},{\"@type\":\"ImageObject\",\"inLanguage\":\"es\",\"@id\":\"https:\/\/seryhumano.com\/web\/?p=29991#primaryimage\",\"url\":\"https:\/\/seryhumano.com\/web\/wp-content\/uploads\/2019\/01\/caravana1.jpg\",\"contentUrl\":\"https:\/\/seryhumano.com\/web\/wp-content\/uploads\/2019\/01\/caravana1.jpg\",\"width\":1024,\"height\":682},{\"@type\":\"BreadcrumbList\",\"@id\":\"https:\/\/seryhumano.com\/web\/?p=29991#breadcrumb\",\"itemListElement\":[{\"@type\":\"ListItem\",\"position\":1,\"name\":\"Portada\",\"item\":\"https:\/\/seryhumano.com\/web\/\"},{\"@type\":\"ListItem\",\"position\":2,\"name\":\"Migrantes: Una nueva caravana desde Honduras aviva las tensiones\"}]},{\"@type\":\"WebSite\",\"@id\":\"https:\/\/seryhumano.com\/web\/#website\",\"url\":\"https:\/\/seryhumano.com\/web\/\",\"name\":\"SeryHumano.com\",\"description\":\"Revista digital muy humana, donde lo mas importante es el Ser...\",\"publisher\":{\"@id\":\"https:\/\/seryhumano.com\/web\/#organization\"},\"potentialAction\":[{\"@type\":\"SearchAction\",\"target\":{\"@type\":\"EntryPoint\",\"urlTemplate\":\"https:\/\/seryhumano.com\/web\/?s={search_term_string}\"},\"query-input\":{\"@type\":\"PropertyValueSpecification\",\"valueRequired\":true,\"valueName\":\"search_term_string\"}}],\"inLanguage\":\"es\"},{\"@type\":\"Organization\",\"@id\":\"https:\/\/seryhumano.com\/web\/#organization\",\"name\":\"SeryHumano.com\",\"url\":\"https:\/\/seryhumano.com\/web\/\",\"logo\":{\"@type\":\"ImageObject\",\"inLanguage\":\"es\",\"@id\":\"https:\/\/seryhumano.com\/web\/#\/schema\/logo\/image\/\",\"url\":\"https:\/\/seryhumano.com\/web\/wp-content\/uploads\/2020\/02\/JNe5VRwH_400x400-2.jpg\",\"contentUrl\":\"https:\/\/seryhumano.com\/web\/wp-content\/uploads\/2020\/02\/JNe5VRwH_400x400-2.jpg\",\"width\":400,\"height\":400,\"caption\":\"SeryHumano.com\"},\"image\":{\"@id\":\"https:\/\/seryhumano.com\/web\/#\/schema\/logo\/image\/\"},\"sameAs\":[\"https:\/\/www.facebook.com\/seryhumano\/\",\"https:\/\/x.com\/SeryHumano\",\"https:\/\/www.instagram.com\/seryhumano\/\",\"https:\/\/www.linkedin.com\/company\/seryhumano-com\/\",\"https:\/\/www.youtube.com\/channel\/UCYfgIGSxygVnJAW0e9ZBZWg\"]},{\"@type\":\"Person\",\"@id\":\"https:\/\/seryhumano.com\/web\/#\/schema\/person\/f4adb88e2944ce8c1d005724eb1186d6\",\"name\":\"Redacci\u00f3n SeryHumano.com\",\"sameAs\":[\"http:\/\/seryhumano.com\"],\"url\":\"https:\/\/seryhumano.com\/web\/?author=305\"}]}<\/script>\n<!-- \/ Yoast SEO plugin. -->","yoast_head_json":{"title":"Migrantes: Una nueva caravana desde Honduras aviva las tensiones &#187; SeryHumano.com","robots":{"index":"index","follow":"follow","max-snippet":"max-snippet:-1","max-image-preview":"max-image-preview:large","max-video-preview":"max-video-preview:-1"},"canonical":"https:\/\/seryhumano.com\/web\/?p=29991","og_locale":"es_ES","og_type":"article","og_title":"Migrantes: Una nueva caravana desde Honduras aviva las tensiones &#187; SeryHumano.com","og_description":"Un art\u00edculo escrito por Jeff Ernst desde San Pedro Sula, Elisabeth Malkin desde Ciudad de M\u00e9xico y Paulina Villegas, desde Tijuana, M\u00e9xico. Publicado en el nytime.com\/es SAN PEDRO SULA, Honduras \u2014 Una nueva caravana de migrantes se prepara para salir de Honduras y con ella se han dibujado l\u00edneas de batalla desde el norte: algunos&hellip;","og_url":"https:\/\/seryhumano.com\/web\/?p=29991","og_site_name":"SeryHumano.com","article_publisher":"https:\/\/www.facebook.com\/seryhumano\/","article_published_time":"2019-01-15T13:35:46+00:00","article_modified_time":"2019-01-15T13:52:16+00:00","og_image":[{"width":1024,"height":682,"url":"https:\/\/seryhumano.com\/web\/wp-content\/uploads\/2019\/01\/caravana1.jpg","type":"image\/jpeg"}],"author":"Redacci\u00f3n SeryHumano.com","twitter_card":"summary_large_image","twitter_creator":"@SeryHumano","twitter_site":"@SeryHumano","twitter_misc":{"Escrito por":"Redacci\u00f3n SeryHumano.com","Tiempo de lectura":"7 minutos"},"schema":{"@context":"https:\/\/schema.org","@graph":[{"@type":"Article","@id":"https:\/\/seryhumano.com\/web\/?p=29991#article","isPartOf":{"@id":"https:\/\/seryhumano.com\/web\/?p=29991"},"author":{"name":"Redacci\u00f3n SeryHumano.com","@id":"https:\/\/seryhumano.com\/web\/#\/schema\/person\/f4adb88e2944ce8c1d005724eb1186d6"},"headline":"Migrantes: Una nueva caravana desde Honduras aviva las tensiones","datePublished":"2019-01-15T13:35:46+00:00","dateModified":"2019-01-15T13:52:16+00:00","mainEntityOfPage":{"@id":"https:\/\/seryhumano.com\/web\/?p=29991"},"wordCount":1347,"publisher":{"@id":"https:\/\/seryhumano.com\/web\/#organization"},"image":{"@id":"https:\/\/seryhumano.com\/web\/?p=29991#primaryimage"},"thumbnailUrl":"https:\/\/seryhumano.com\/web\/wp-content\/uploads\/2019\/01\/caravana1.jpg","keywords":["caravana","Honduras","Migraci\u00f3n","Trump"],"articleSection":["Noticias"],"inLanguage":"es"},{"@type":"WebPage","@id":"https:\/\/seryhumano.com\/web\/?p=29991","url":"https:\/\/seryhumano.com\/web\/?p=29991","name":"Migrantes: Una nueva caravana desde Honduras aviva las tensiones &#187; SeryHumano.com","isPartOf":{"@id":"https:\/\/seryhumano.com\/web\/#website"},"primaryImageOfPage":{"@id":"https:\/\/seryhumano.com\/web\/?p=29991#primaryimage"},"image":{"@id":"https:\/\/seryhumano.com\/web\/?p=29991#primaryimage"},"thumbnailUrl":"https:\/\/seryhumano.com\/web\/wp-content\/uploads\/2019\/01\/caravana1.jpg","datePublished":"2019-01-15T13:35:46+00:00","dateModified":"2019-01-15T13:52:16+00:00","breadcrumb":{"@id":"https:\/\/seryhumano.com\/web\/?p=29991#breadcrumb"},"inLanguage":"es","potentialAction":[{"@type":"ReadAction","target":["https:\/\/seryhumano.com\/web\/?p=29991"]}]},{"@type":"ImageObject","inLanguage":"es","@id":"https:\/\/seryhumano.com\/web\/?p=29991#primaryimage","url":"https:\/\/seryhumano.com\/web\/wp-content\/uploads\/2019\/01\/caravana1.jpg","contentUrl":"https:\/\/seryhumano.com\/web\/wp-content\/uploads\/2019\/01\/caravana1.jpg","width":1024,"height":682},{"@type":"BreadcrumbList","@id":"https:\/\/seryhumano.com\/web\/?p=29991#breadcrumb","itemListElement":[{"@type":"ListItem","position":1,"name":"Portada","item":"https:\/\/seryhumano.com\/web\/"},{"@type":"ListItem","position":2,"name":"Migrantes: Una nueva caravana desde Honduras aviva las tensiones"}]},{"@type":"WebSite","@id":"https:\/\/seryhumano.com\/web\/#website","url":"https:\/\/seryhumano.com\/web\/","name":"SeryHumano.com","description":"Revista digital muy humana, donde lo mas importante es el Ser...","publisher":{"@id":"https:\/\/seryhumano.com\/web\/#organization"},"potentialAction":[{"@type":"SearchAction","target":{"@type":"EntryPoint","urlTemplate":"https:\/\/seryhumano.com\/web\/?s={search_term_string}"},"query-input":{"@type":"PropertyValueSpecification","valueRequired":true,"valueName":"search_term_string"}}],"inLanguage":"es"},{"@type":"Organization","@id":"https:\/\/seryhumano.com\/web\/#organization","name":"SeryHumano.com","url":"https:\/\/seryhumano.com\/web\/","logo":{"@type":"ImageObject","inLanguage":"es","@id":"https:\/\/seryhumano.com\/web\/#\/schema\/logo\/image\/","url":"https:\/\/seryhumano.com\/web\/wp-content\/uploads\/2020\/02\/JNe5VRwH_400x400-2.jpg","contentUrl":"https:\/\/seryhumano.com\/web\/wp-content\/uploads\/2020\/02\/JNe5VRwH_400x400-2.jpg","width":400,"height":400,"caption":"SeryHumano.com"},"image":{"@id":"https:\/\/seryhumano.com\/web\/#\/schema\/logo\/image\/"},"sameAs":["https:\/\/www.facebook.com\/seryhumano\/","https:\/\/x.com\/SeryHumano","https:\/\/www.instagram.com\/seryhumano\/","https:\/\/www.linkedin.com\/company\/seryhumano-com\/","https:\/\/www.youtube.com\/channel\/UCYfgIGSxygVnJAW0e9ZBZWg"]},{"@type":"Person","@id":"https:\/\/seryhumano.com\/web\/#\/schema\/person\/f4adb88e2944ce8c1d005724eb1186d6","name":"Redacci\u00f3n SeryHumano.com","sameAs":["http:\/\/seryhumano.com"],"url":"https:\/\/seryhumano.com\/web\/?author=305"}]}},"_links":{"self":[{"href":"https:\/\/seryhumano.com\/web\/index.php?rest_route=\/wp\/v2\/posts\/29991","targetHints":{"allow":["GET"]}}],"collection":[{"href":"https:\/\/seryhumano.com\/web\/index.php?rest_route=\/wp\/v2\/posts"}],"about":[{"href":"https:\/\/seryhumano.com\/web\/index.php?rest_route=\/wp\/v2\/types\/post"}],"author":[{"embeddable":true,"href":"https:\/\/seryhumano.com\/web\/index.php?rest_route=\/wp\/v2\/users\/305"}],"replies":[{"embeddable":true,"href":"https:\/\/seryhumano.com\/web\/index.php?rest_route=%2Fwp%2Fv2%2Fcomments&post=29991"}],"version-history":[{"count":0,"href":"https:\/\/seryhumano.com\/web\/index.php?rest_route=\/wp\/v2\/posts\/29991\/revisions"}],"wp:featuredmedia":[{"embeddable":true,"href":"https:\/\/seryhumano.com\/web\/index.php?rest_route=\/wp\/v2\/media\/29992"}],"wp:attachment":[{"href":"https:\/\/seryhumano.com\/web\/index.php?rest_route=%2Fwp%2Fv2%2Fmedia&parent=29991"}],"wp:term":[{"taxonomy":"category","embeddable":true,"href":"https:\/\/seryhumano.com\/web\/index.php?rest_route=%2Fwp%2Fv2%2Fcategories&post=29991"},{"taxonomy":"post_tag","embeddable":true,"href":"https:\/\/seryhumano.com\/web\/index.php?rest_route=%2Fwp%2Fv2%2Ftags&post=29991"}],"curies":[{"name":"wp","href":"https:\/\/api.w.org\/{rel}","templated":true}]}}