{"id":30581,"date":"2019-03-17T15:26:49","date_gmt":"2019-03-17T19:56:49","guid":{"rendered":"https:\/\/seryhumano.com\/web\/?p=30581"},"modified":"2019-03-17T15:28:02","modified_gmt":"2019-03-17T19:58:02","slug":"sabe-si-su-hijo-esta-listo-para-vacacionar-con-amigos","status":"publish","type":"post","link":"https:\/\/seryhumano.com\/web\/?p=30581","title":{"rendered":"\u00bfSabe si su hijo est\u00e1 listo para vacacionar con amigos?"},"content":{"rendered":"\n<figure class=\"wp-block-image\"><img loading=\"lazy\" decoding=\"async\" width=\"1024\" height=\"678\" src=\"https:\/\/seryhumano.com\/web\/wp-content\/uploads\/2019\/03\/vacacionar-1024x678.jpg\" alt=\"\" class=\"wp-image-30582\" srcset=\"https:\/\/seryhumano.com\/web\/wp-content\/uploads\/2019\/03\/vacacionar.jpg 1024w, https:\/\/seryhumano.com\/web\/wp-content\/uploads\/2019\/03\/vacacionar-300x199.jpg 300w, https:\/\/seryhumano.com\/web\/wp-content\/uploads\/2019\/03\/vacacionar-768x509.jpg 768w\" sizes=\"auto, (max-width: 1024px) 100vw, 1024px\" \/><\/figure>\n\n\n\n<p>Uno de los momentos m\u00e1s dif\u00edciles\nque deben enfrentar los padres es aceptar que sus hijos ya no son ni\u00f1os y que\nse convirtieron en adolescentes.<\/p>\n\n\n\n<p>Durante el per\u00edodo de\nvacaciones, los j\u00f3venes tienen como principal prioridad estar con sus amigos y\nsalir de la ciudad para disfrutar el verano. Es por esto, que los padres deben\naceptar la espinosa tarea de decidir si su hijo est\u00e1 en la edad correcta para\ndarle esta confianza.<\/p>\n\n\n\n<p>La psic\u00f3loga infanto-juvenil y\ndocente de la U. SEK, Mar\u00eda Alejandra Fa\u00fandes, ofrece algunos consejos para\nguiar a los padres en esta situaci\u00f3n.<\/p>\n\n\n\n<p>Seg\u00fan la especialista, no\nexiste una edad \u201c<em>precisa<\/em>\u201d para dar\neste tipo de permisos, sino que lo fundamental es la madurez del menor. \u201c<em>Es necesario que tanto los padres como los\nhijos vean esta situaci\u00f3n como una oportunidad para crecer y fortalecer la\nconfianza mutua\u201d.<\/em><\/p>\n\n\n\n<blockquote class=\"wp-block-quote is-layout-flow wp-block-quote-is-layout-flow\"><p>\u201cSi nuestro hijo adolescente es independiente y responsable, puede que est\u00e9 listo para pasar un tiempo de vacaciones con otra familia\u201d. <\/p><cite> <br>Alejandra Fa\u00fandes, psic\u00f3loga infanto-juvenil. <\/cite><\/blockquote>\n\n\n\n<p>El principal consejo de la\nprofesional es que el cambio sea de manera gradual, es decir, que la primera\nexperiencia sea pasar unos d\u00edas o algunas semanas con la familia de un amigo\npara as\u00ed evaluar su comportamiento.<\/p>\n\n\n\n<p>Para la acad\u00e9mica, establecer\nacuerdos tambi\u00e9n es clave. \u201c<em>Hay que\nasegurarse de saber con anterioridad d\u00f3nde ser\u00e1n las vacaciones, si hay\nconexi\u00f3n a internet, si cuenta con hospitales o consultorios cercanos, costos,\ncu\u00e1ntos d\u00edas ser\u00e1n, etc.<\/em>\u201d<\/p>\n\n\n\n<p>Adem\u00e1s, agrega, \u201c<em>a los hijos se les debe poner condiciones, como,\npor ejemplo, que llame a diario para informar c\u00f3mo est\u00e1, que siempre conteste\nel tel\u00e9fono si se le llama y establecer un horario de llamadas<\/em>.\u201d<\/p>\n\n\n\n<p>seryhumano.com \/ Camila Lobos A.<\/p>\n\n\n\n<p>Tomado de La Hora <\/p>\n","protected":false},"excerpt":{"rendered":"<p>Uno de los momentos m\u00e1s dif\u00edciles que deben enfrentar los padres es aceptar que sus hijos ya no son ni\u00f1os y que se convirtieron en adolescentes. Durante el per\u00edodo de vacaciones, los j\u00f3venes tienen como principal prioridad estar con sus amigos y salir de la ciudad para disfrutar el verano. Es por esto, que los&hellip;<\/p>\n","protected":false},"author":305,"featured_media":30582,"comment_status":"closed","ping_status":"closed","sticky":false,"template":"","format":"standard","meta":{"footnotes":""},"categories":[120],"tags":[],"class_list":["post-30581","post","type-post","status-publish","format-standard","has-post-thumbnail","hentry","category-ser-saludable","category-120","description-off"],"yoast_head":"<!-- This site is optimized with the Yoast SEO plugin v25.4 - https:\/\/yoast.com\/wordpress\/plugins\/seo\/ -->\n<title>\u00bfSabe si su hijo est\u00e1 listo para vacacionar con amigos? &#187; SeryHumano.com<\/title>\n<meta name=\"robots\" content=\"index, follow, max-snippet:-1, max-image-preview:large, max-video-preview:-1\" \/>\n<link rel=\"canonical\" href=\"https:\/\/seryhumano.com\/web\/?p=30581\" \/>\n<meta property=\"og:locale\" content=\"es_ES\" \/>\n<meta property=\"og:type\" content=\"article\" \/>\n<meta property=\"og:title\" content=\"\u00bfSabe si su hijo est\u00e1 listo para vacacionar con amigos? &#187; SeryHumano.com\" \/>\n<meta property=\"og:description\" content=\"Uno de los momentos m\u00e1s dif\u00edciles que deben enfrentar los padres es aceptar que sus hijos ya no son ni\u00f1os y que se convirtieron en adolescentes. Durante el per\u00edodo de vacaciones, los j\u00f3venes tienen como principal prioridad estar con sus amigos y salir de la ciudad para disfrutar el verano. Es por esto, que los&hellip;\" \/>\n<meta property=\"og:url\" content=\"https:\/\/seryhumano.com\/web\/?p=30581\" \/>\n<meta property=\"og:site_name\" content=\"SeryHumano.com\" \/>\n<meta property=\"article:publisher\" content=\"https:\/\/www.facebook.com\/seryhumano\/\" \/>\n<meta property=\"article:published_time\" content=\"2019-03-17T19:56:49+00:00\" \/>\n<meta property=\"article:modified_time\" content=\"2019-03-17T19:58:02+00:00\" \/>\n<meta property=\"og:image\" content=\"https:\/\/seryhumano.com\/web\/wp-content\/uploads\/2019\/03\/vacacionar.jpg\" \/>\n\t<meta property=\"og:image:width\" content=\"1024\" \/>\n\t<meta property=\"og:image:height\" content=\"678\" \/>\n\t<meta property=\"og:image:type\" content=\"image\/jpeg\" \/>\n<meta name=\"author\" content=\"Redacci\u00f3n SeryHumano.com\" \/>\n<meta name=\"twitter:card\" content=\"summary_large_image\" \/>\n<meta name=\"twitter:creator\" content=\"@SeryHumano\" \/>\n<meta name=\"twitter:site\" content=\"@SeryHumano\" \/>\n<meta name=\"twitter:label1\" content=\"Escrito por\" \/>\n\t<meta name=\"twitter:data1\" content=\"Redacci\u00f3n SeryHumano.com\" \/>\n\t<meta name=\"twitter:label2\" content=\"Tiempo de lectura\" \/>\n\t<meta name=\"twitter:data2\" content=\"2 minutos\" \/>\n<script type=\"application\/ld+json\" class=\"yoast-schema-graph\">{\"@context\":\"https:\/\/schema.org\",\"@graph\":[{\"@type\":\"Article\",\"@id\":\"https:\/\/seryhumano.com\/web\/?p=30581#article\",\"isPartOf\":{\"@id\":\"https:\/\/seryhumano.com\/web\/?p=30581\"},\"author\":{\"name\":\"Redacci\u00f3n SeryHumano.com\",\"@id\":\"https:\/\/seryhumano.com\/web\/#\/schema\/person\/f4adb88e2944ce8c1d005724eb1186d6\"},\"headline\":\"\u00bfSabe si su hijo est\u00e1 listo para vacacionar con amigos?\",\"datePublished\":\"2019-03-17T19:56:49+00:00\",\"dateModified\":\"2019-03-17T19:58:02+00:00\",\"mainEntityOfPage\":{\"@id\":\"https:\/\/seryhumano.com\/web\/?p=30581\"},\"wordCount\":322,\"publisher\":{\"@id\":\"https:\/\/seryhumano.com\/web\/#organization\"},\"image\":{\"@id\":\"https:\/\/seryhumano.com\/web\/?p=30581#primaryimage\"},\"thumbnailUrl\":\"https:\/\/seryhumano.com\/web\/wp-content\/uploads\/2019\/03\/vacacionar.jpg\",\"articleSection\":[\"Ser Saludable\"],\"inLanguage\":\"es\"},{\"@type\":\"WebPage\",\"@id\":\"https:\/\/seryhumano.com\/web\/?p=30581\",\"url\":\"https:\/\/seryhumano.com\/web\/?p=30581\",\"name\":\"\u00bfSabe si su hijo est\u00e1 listo para vacacionar con amigos? &#187; SeryHumano.com\",\"isPartOf\":{\"@id\":\"https:\/\/seryhumano.com\/web\/#website\"},\"primaryImageOfPage\":{\"@id\":\"https:\/\/seryhumano.com\/web\/?p=30581#primaryimage\"},\"image\":{\"@id\":\"https:\/\/seryhumano.com\/web\/?p=30581#primaryimage\"},\"thumbnailUrl\":\"https:\/\/seryhumano.com\/web\/wp-content\/uploads\/2019\/03\/vacacionar.jpg\",\"datePublished\":\"2019-03-17T19:56:49+00:00\",\"dateModified\":\"2019-03-17T19:58:02+00:00\",\"breadcrumb\":{\"@id\":\"https:\/\/seryhumano.com\/web\/?p=30581#breadcrumb\"},\"inLanguage\":\"es\",\"potentialAction\":[{\"@type\":\"ReadAction\",\"target\":[\"https:\/\/seryhumano.com\/web\/?p=30581\"]}]},{\"@type\":\"ImageObject\",\"inLanguage\":\"es\",\"@id\":\"https:\/\/seryhumano.com\/web\/?p=30581#primaryimage\",\"url\":\"https:\/\/seryhumano.com\/web\/wp-content\/uploads\/2019\/03\/vacacionar.jpg\",\"contentUrl\":\"https:\/\/seryhumano.com\/web\/wp-content\/uploads\/2019\/03\/vacacionar.jpg\",\"width\":1024,\"height\":678},{\"@type\":\"BreadcrumbList\",\"@id\":\"https:\/\/seryhumano.com\/web\/?p=30581#breadcrumb\",\"itemListElement\":[{\"@type\":\"ListItem\",\"position\":1,\"name\":\"Portada\",\"item\":\"https:\/\/seryhumano.com\/web\/\"},{\"@type\":\"ListItem\",\"position\":2,\"name\":\"\u00bfSabe si su hijo est\u00e1 listo para vacacionar con amigos?\"}]},{\"@type\":\"WebSite\",\"@id\":\"https:\/\/seryhumano.com\/web\/#website\",\"url\":\"https:\/\/seryhumano.com\/web\/\",\"name\":\"SeryHumano.com\",\"description\":\"Revista digital muy humana, donde lo mas importante es el Ser...\",\"publisher\":{\"@id\":\"https:\/\/seryhumano.com\/web\/#organization\"},\"potentialAction\":[{\"@type\":\"SearchAction\",\"target\":{\"@type\":\"EntryPoint\",\"urlTemplate\":\"https:\/\/seryhumano.com\/web\/?s={search_term_string}\"},\"query-input\":{\"@type\":\"PropertyValueSpecification\",\"valueRequired\":true,\"valueName\":\"search_term_string\"}}],\"inLanguage\":\"es\"},{\"@type\":\"Organization\",\"@id\":\"https:\/\/seryhumano.com\/web\/#organization\",\"name\":\"SeryHumano.com\",\"url\":\"https:\/\/seryhumano.com\/web\/\",\"logo\":{\"@type\":\"ImageObject\",\"inLanguage\":\"es\",\"@id\":\"https:\/\/seryhumano.com\/web\/#\/schema\/logo\/image\/\",\"url\":\"https:\/\/seryhumano.com\/web\/wp-content\/uploads\/2020\/02\/JNe5VRwH_400x400-2.jpg\",\"contentUrl\":\"https:\/\/seryhumano.com\/web\/wp-content\/uploads\/2020\/02\/JNe5VRwH_400x400-2.jpg\",\"width\":400,\"height\":400,\"caption\":\"SeryHumano.com\"},\"image\":{\"@id\":\"https:\/\/seryhumano.com\/web\/#\/schema\/logo\/image\/\"},\"sameAs\":[\"https:\/\/www.facebook.com\/seryhumano\/\",\"https:\/\/x.com\/SeryHumano\",\"https:\/\/www.instagram.com\/seryhumano\/\",\"https:\/\/www.linkedin.com\/company\/seryhumano-com\/\",\"https:\/\/www.youtube.com\/channel\/UCYfgIGSxygVnJAW0e9ZBZWg\"]},{\"@type\":\"Person\",\"@id\":\"https:\/\/seryhumano.com\/web\/#\/schema\/person\/f4adb88e2944ce8c1d005724eb1186d6\",\"name\":\"Redacci\u00f3n SeryHumano.com\",\"sameAs\":[\"http:\/\/seryhumano.com\"],\"url\":\"https:\/\/seryhumano.com\/web\/?author=305\"}]}<\/script>\n<!-- \/ Yoast SEO plugin. -->","yoast_head_json":{"title":"\u00bfSabe si su hijo est\u00e1 listo para vacacionar con amigos? &#187; SeryHumano.com","robots":{"index":"index","follow":"follow","max-snippet":"max-snippet:-1","max-image-preview":"max-image-preview:large","max-video-preview":"max-video-preview:-1"},"canonical":"https:\/\/seryhumano.com\/web\/?p=30581","og_locale":"es_ES","og_type":"article","og_title":"\u00bfSabe si su hijo est\u00e1 listo para vacacionar con amigos? &#187; SeryHumano.com","og_description":"Uno de los momentos m\u00e1s dif\u00edciles que deben enfrentar los padres es aceptar que sus hijos ya no son ni\u00f1os y que se convirtieron en adolescentes. Durante el per\u00edodo de vacaciones, los j\u00f3venes tienen como principal prioridad estar con sus amigos y salir de la ciudad para disfrutar el verano. Es por esto, que los&hellip;","og_url":"https:\/\/seryhumano.com\/web\/?p=30581","og_site_name":"SeryHumano.com","article_publisher":"https:\/\/www.facebook.com\/seryhumano\/","article_published_time":"2019-03-17T19:56:49+00:00","article_modified_time":"2019-03-17T19:58:02+00:00","og_image":[{"width":1024,"height":678,"url":"https:\/\/seryhumano.com\/web\/wp-content\/uploads\/2019\/03\/vacacionar.jpg","type":"image\/jpeg"}],"author":"Redacci\u00f3n SeryHumano.com","twitter_card":"summary_large_image","twitter_creator":"@SeryHumano","twitter_site":"@SeryHumano","twitter_misc":{"Escrito por":"Redacci\u00f3n SeryHumano.com","Tiempo de lectura":"2 minutos"},"schema":{"@context":"https:\/\/schema.org","@graph":[{"@type":"Article","@id":"https:\/\/seryhumano.com\/web\/?p=30581#article","isPartOf":{"@id":"https:\/\/seryhumano.com\/web\/?p=30581"},"author":{"name":"Redacci\u00f3n SeryHumano.com","@id":"https:\/\/seryhumano.com\/web\/#\/schema\/person\/f4adb88e2944ce8c1d005724eb1186d6"},"headline":"\u00bfSabe si su hijo est\u00e1 listo para vacacionar con amigos?","datePublished":"2019-03-17T19:56:49+00:00","dateModified":"2019-03-17T19:58:02+00:00","mainEntityOfPage":{"@id":"https:\/\/seryhumano.com\/web\/?p=30581"},"wordCount":322,"publisher":{"@id":"https:\/\/seryhumano.com\/web\/#organization"},"image":{"@id":"https:\/\/seryhumano.com\/web\/?p=30581#primaryimage"},"thumbnailUrl":"https:\/\/seryhumano.com\/web\/wp-content\/uploads\/2019\/03\/vacacionar.jpg","articleSection":["Ser Saludable"],"inLanguage":"es"},{"@type":"WebPage","@id":"https:\/\/seryhumano.com\/web\/?p=30581","url":"https:\/\/seryhumano.com\/web\/?p=30581","name":"\u00bfSabe si su hijo est\u00e1 listo para vacacionar con amigos? &#187; SeryHumano.com","isPartOf":{"@id":"https:\/\/seryhumano.com\/web\/#website"},"primaryImageOfPage":{"@id":"https:\/\/seryhumano.com\/web\/?p=30581#primaryimage"},"image":{"@id":"https:\/\/seryhumano.com\/web\/?p=30581#primaryimage"},"thumbnailUrl":"https:\/\/seryhumano.com\/web\/wp-content\/uploads\/2019\/03\/vacacionar.jpg","datePublished":"2019-03-17T19:56:49+00:00","dateModified":"2019-03-17T19:58:02+00:00","breadcrumb":{"@id":"https:\/\/seryhumano.com\/web\/?p=30581#breadcrumb"},"inLanguage":"es","potentialAction":[{"@type":"ReadAction","target":["https:\/\/seryhumano.com\/web\/?p=30581"]}]},{"@type":"ImageObject","inLanguage":"es","@id":"https:\/\/seryhumano.com\/web\/?p=30581#primaryimage","url":"https:\/\/seryhumano.com\/web\/wp-content\/uploads\/2019\/03\/vacacionar.jpg","contentUrl":"https:\/\/seryhumano.com\/web\/wp-content\/uploads\/2019\/03\/vacacionar.jpg","width":1024,"height":678},{"@type":"BreadcrumbList","@id":"https:\/\/seryhumano.com\/web\/?p=30581#breadcrumb","itemListElement":[{"@type":"ListItem","position":1,"name":"Portada","item":"https:\/\/seryhumano.com\/web\/"},{"@type":"ListItem","position":2,"name":"\u00bfSabe si su hijo est\u00e1 listo para vacacionar con amigos?"}]},{"@type":"WebSite","@id":"https:\/\/seryhumano.com\/web\/#website","url":"https:\/\/seryhumano.com\/web\/","name":"SeryHumano.com","description":"Revista digital muy humana, donde lo mas importante es el Ser...","publisher":{"@id":"https:\/\/seryhumano.com\/web\/#organization"},"potentialAction":[{"@type":"SearchAction","target":{"@type":"EntryPoint","urlTemplate":"https:\/\/seryhumano.com\/web\/?s={search_term_string}"},"query-input":{"@type":"PropertyValueSpecification","valueRequired":true,"valueName":"search_term_string"}}],"inLanguage":"es"},{"@type":"Organization","@id":"https:\/\/seryhumano.com\/web\/#organization","name":"SeryHumano.com","url":"https:\/\/seryhumano.com\/web\/","logo":{"@type":"ImageObject","inLanguage":"es","@id":"https:\/\/seryhumano.com\/web\/#\/schema\/logo\/image\/","url":"https:\/\/seryhumano.com\/web\/wp-content\/uploads\/2020\/02\/JNe5VRwH_400x400-2.jpg","contentUrl":"https:\/\/seryhumano.com\/web\/wp-content\/uploads\/2020\/02\/JNe5VRwH_400x400-2.jpg","width":400,"height":400,"caption":"SeryHumano.com"},"image":{"@id":"https:\/\/seryhumano.com\/web\/#\/schema\/logo\/image\/"},"sameAs":["https:\/\/www.facebook.com\/seryhumano\/","https:\/\/x.com\/SeryHumano","https:\/\/www.instagram.com\/seryhumano\/","https:\/\/www.linkedin.com\/company\/seryhumano-com\/","https:\/\/www.youtube.com\/channel\/UCYfgIGSxygVnJAW0e9ZBZWg"]},{"@type":"Person","@id":"https:\/\/seryhumano.com\/web\/#\/schema\/person\/f4adb88e2944ce8c1d005724eb1186d6","name":"Redacci\u00f3n SeryHumano.com","sameAs":["http:\/\/seryhumano.com"],"url":"https:\/\/seryhumano.com\/web\/?author=305"}]}},"_links":{"self":[{"href":"https:\/\/seryhumano.com\/web\/index.php?rest_route=\/wp\/v2\/posts\/30581","targetHints":{"allow":["GET"]}}],"collection":[{"href":"https:\/\/seryhumano.com\/web\/index.php?rest_route=\/wp\/v2\/posts"}],"about":[{"href":"https:\/\/seryhumano.com\/web\/index.php?rest_route=\/wp\/v2\/types\/post"}],"author":[{"embeddable":true,"href":"https:\/\/seryhumano.com\/web\/index.php?rest_route=\/wp\/v2\/users\/305"}],"replies":[{"embeddable":true,"href":"https:\/\/seryhumano.com\/web\/index.php?rest_route=%2Fwp%2Fv2%2Fcomments&post=30581"}],"version-history":[{"count":0,"href":"https:\/\/seryhumano.com\/web\/index.php?rest_route=\/wp\/v2\/posts\/30581\/revisions"}],"wp:featuredmedia":[{"embeddable":true,"href":"https:\/\/seryhumano.com\/web\/index.php?rest_route=\/wp\/v2\/media\/30582"}],"wp:attachment":[{"href":"https:\/\/seryhumano.com\/web\/index.php?rest_route=%2Fwp%2Fv2%2Fmedia&parent=30581"}],"wp:term":[{"taxonomy":"category","embeddable":true,"href":"https:\/\/seryhumano.com\/web\/index.php?rest_route=%2Fwp%2Fv2%2Fcategories&post=30581"},{"taxonomy":"post_tag","embeddable":true,"href":"https:\/\/seryhumano.com\/web\/index.php?rest_route=%2Fwp%2Fv2%2Ftags&post=30581"}],"curies":[{"name":"wp","href":"https:\/\/api.w.org\/{rel}","templated":true}]}}