{"id":31282,"date":"2019-04-22T05:11:22","date_gmt":"2019-04-22T09:41:22","guid":{"rendered":"https:\/\/seryhumano.com\/web\/?p=31282"},"modified":"2019-04-22T05:11:55","modified_gmt":"2019-04-22T09:41:55","slug":"dia-internacional-de-la-madre-tierra","status":"publish","type":"post","link":"https:\/\/seryhumano.com\/web\/?p=31282","title":{"rendered":"D\u00eda Internacional de la Madre Tierra"},"content":{"rendered":"\n<p style=\"text-align:center\"><strong>Desde una primera convocatoria en la que congreg\u00f3 a 20 millones de personas en EE. UU en 1970, el D\u00eda de la Tierra se ha convertido en una tradici\u00f3n mundial. Descubre cu\u00e1ndo es, c\u00f3mo empez\u00f3, c\u00f3mo evolucion\u00f3 y qu\u00e9 debes hacer en un d\u00eda como este.<\/strong><\/p>\n\n\n\n<figure class=\"wp-block-image\"><img loading=\"lazy\" decoding=\"async\" width=\"1024\" height=\"683\" src=\"https:\/\/seryhumano.com\/web\/wp-content\/uploads\/2019\/04\/D\u00eda-de-la-Tierra-1024x683.jpg\" alt=\"\" class=\"wp-image-31283\" srcset=\"https:\/\/seryhumano.com\/web\/wp-content\/uploads\/2019\/04\/D\u00eda-de-la-Tierra.jpg 1024w, https:\/\/seryhumano.com\/web\/wp-content\/uploads\/2019\/04\/D\u00eda-de-la-Tierra-300x200.jpg 300w, https:\/\/seryhumano.com\/web\/wp-content\/uploads\/2019\/04\/D\u00eda-de-la-Tierra-768x512.jpg 768w\" sizes=\"auto, (max-width: 1024px) 100vw, 1024px\" \/><\/figure>\n\n\n\n<p><strong>\u00bfCu\u00e1ndo\nes el D\u00eda de la Tierra?<\/strong><\/p>\n\n\n\n<p>Seg\u00fan el refr\u00e1n \u201c<em>Todos\nlos d\u00edas son el D\u00eda de la Tierra\u201d.<\/em> Pero se celebra popularmente el 22 de\nabril. \u00bfPor qu\u00e9?<\/p>\n\n\n\n<p>Las malas lenguas sostienen que el 22 de abril fue elegido\ncomo el D\u00eda de la Tierra por el cumplea\u00f1os de Vladimir Lenin, el fundador de la\nUni\u00f3n Sovi\u00e9tica, que por una mera coincidencia se celebran el mismo d\u00eda.<\/p>\n\n\n\n<p>\u00ab<em>El objetivo de\nLenin era destruir la propiedad privada, meta que tambi\u00e9n comparten los\nambientalistas<\/em>\u201d, public\u00f3 en 2004 la web Capitalism Magazine.<\/p>\n\n\n\n<p>Kathleen Rogers, presidenta de la organizaci\u00f3n del <em>D\u00eda de la Tierra<\/em> en Washington y\nuna de las primeras fundadoras en la organizaci\u00f3n, se burla de la teor\u00eda.<\/p>\n\n\n\n<p>Seg\u00fan Kathleen, una de las principales razones para elegir\naquel 22 de abril de 1970 como el primer D\u00eda de la Tierra es porque ese a\u00f1o\ncay\u00f3 en un mi\u00e9rcoles, el d\u00eda de la semana ideal para convocar una manifestaci\u00f3n\npor el medio ambiente en todo el pa\u00eds.<\/p>\n\n\n\n<p>\u00ab<em>Todo funcion\u00f3 a\nla perfecci\u00f3n, porque todo el mundo fue a la manifestaci\u00f3n al terminar su\njornada laboral<\/em>\u201d dijo Kathleen.<\/p>\n\n\n\n<p>De hecho, m\u00e1s de 20 millones de personas en los EE. UU\nparticiparon en el primer D\u00eda de la Tierra. A partir de entonces, este d\u00eda se\ncelebra cada a\u00f1o con la una participaci\u00f3n superior a los mil millones de\npersonas en 180 pa\u00edses de todo el mundo, seg\u00fan los datos de Rogers.<\/p>\n\n\n\n<p><strong>Gente\nenfadada y un pol\u00edtico frustrado<\/strong><\/p>\n\n\n\n<p>El D\u00eda de la Tierra tiene sus ra\u00edces en 1960, la d\u00e9cada del\nactivismo combativo: <em>\u201cEl medioambiente\nempezaba a sufrir y la gente estaba enfadada\u201d.<\/em><\/p>\n\n\n\n<p><em>\u00abEn\nalgunas ciudades del pa\u00eds, no era raro que pudieras caminar por el centro la\nplena hora punta y no poder ver nada debido a la contaminaci\u00f3n<\/em>\u201d,\ndijo.<\/p>\n\n\n\n<p>A pesar del desencanto popular, las cuestiones ecol\u00f3gicas\nno estaban presentes en la agenda de los pol\u00edticos de americanos, cuesti\u00f3n que\nirritaba al senador por Wisconsin, Gaylord Nelson, cuyas campa\u00f1as en favor del\nmedio ambiente durante la d\u00e9cada de 1960 no surtieron efecto.<\/p>\n\n\n\n<p>Aproximadamente 7.000 personas se reunieron en el\nIndependence Mall en Filadelfia durante el primer D\u00eda de la Tierra, 22 de abril\nde 1970.<\/p>\n\n\n\n<p>En 1969, Nelson tuvo la idea de organizar una protesta en\nfavor del medio ambiente tomando como modelo las manifestaciones en contra de\nla guerra de Vietnam.<\/p>\n\n\n\n<p>\u00ab<em>Fue algo\nfren\u00e9tico. Nos llegaban telegramas, cartas y consultas telef\u00f3nicas desde todas\npartes del pa\u00eds<\/em>\u00ab, escribir\u00eda Nelson en un ensayo poco antes de morir\nen julio de 2005 a los 89 a\u00f1os.<\/p>\n\n\n\n<p>\u00ab<em>El pueblo\nestadounidense por fin ten\u00eda un foro para expresar su preocupaci\u00f3n sobre lo que\nestaba sucediendo con la tierra, los r\u00edos, los lagos y el aire, y lo hicieron\nde forma espectacular<\/em>\u00ab.<\/p>\n\n\n\n<p>Nelson reclut\u00f3 al activista Denis Hayes para organizar\naquel primer 22 de abril en1970. Hoy en d\u00eda se reconoce a Hayes como el\nprecursor del movimiento ecologista moderno.<\/p>\n\n\n\n<p>La Agencia de Protecci\u00f3n Medioambiental de EE. UU naci\u00f3 a\nfinales de 1970, y desde entonces los esfuerzos para mejorar la calidad del\naire y el agua fueron ganando terreno en el \u00e1mbito pol\u00edtico.<\/p>\n\n\n\n<p>\u00ab<em>Fue\nverdaderamente incre\u00edble lo que pas\u00f3<\/em> \u00ab, dijo Rogers. \u00ab<em>Los muros simplemente se derrumbaron\u201d.<\/em><\/p>\n\n\n\n<p><strong>El D\u00eda\nde la Tierra evoluciona<\/strong><\/p>\n\n\n\n<p>La profesora adjunta del Instituto de Recursos Mundiales en\nWashington DC, Amy Cassara, analiza las tendencias globales del medio ambiente.<\/p>\n\n\n\n<p>Amy se\u00f1ala que, desde el comienzo del D\u00eda de la Tierra, la\nconciencia ambiental ha pasado de ser una cuesti\u00f3n marginal a convertirse en\ntoda una preocupaci\u00f3n general. \u00ab<em>El\n80 por ciento de los estadounidenses se describen como defensores del\nmeidoambiente<\/em>\u00ab, dijo Cassar\u00e1.<\/p>\n\n\n\n<p>Los estudiantes del Convento de la Escuela del Sagrado\nCoraz\u00f3n, en Nueva York estuvieron barriendo la ciudad hasta Union Square como\nparte de las actividades del primer D\u00eda de la Tierra el 22 de abril de 1970.<\/p>\n\n\n\n<p>&nbsp;\u201c<em>Sin embargo, los problemas medioambientales\nde hoy van m\u00e1s all\u00e1 del aire sucio, el agua t\u00f3xica, y los agujeros en la capa\nde ozono<\/em>\u201d, a\u00f1adi\u00f3.<\/p>\n\n\n\n<p><em>\u201cEl\nimpacto sobre el medio ambiente ha ido cambiando hasta convertirse en algo\nabstracto y dif\u00edciles de explicar<\/em> \u00bb dijo Cassara.<\/p>\n\n\n\n<p>\u00ab<em>A medida que\nnos industrializamos, nuestras cadenas de abastecimiento se van haciendo menos\ntransparentes, por lo que las consecuencias de nuestras acciones sobre el medio\nambiente son m\u00e1s dif\u00edciles de entender<\/em>\u201d se\u00f1al\u00f3.<\/p>\n\n\n\n<p>La plataforma del D\u00eda de la Tierra quiere que este d\u00eda no\nse celebre solo durante una jornada, si no que el compromiso se extienda todo\nel a\u00f1o.<\/p>\n\n\n\n<p>\u201c<em>Po\u00e9tica y\nmoralmente, plantar un \u00e1rbol requiere atenci\u00f3n durante mucho tiempo, no se\ntrata solo de plantarlo en el suelo<\/em>\u201d dijo Rogers.<\/p>\n\n\n\n<p>Para ayudar a hacer la transici\u00f3n hacia un mundo bajo en\ncarbono, la organizaci\u00f3n colabora con cien mil escuelas de todo el mundo y\nforma parte de proyectos ambientales durante todo el a\u00f1o.<\/p>\n\n\n\n<p>Cassara dijo que su organizaci\u00f3n emplea el D\u00eda de la Tierra\npara tratar de involucrar a los l\u00edderes pol\u00edticos en el movimiento ecologista.<\/p>\n\n\n\n<p>\u00ab<em>El D\u00eda de la\nTierra no crea conciencia entre el p\u00fablico de la misma manera que sol\u00eda\nhacerlo. Pero todav\u00eda proporciona un punto de referencia para la reflexi\u00f3n\nentre aquellos que nos encontramos dentro de la comunidad del medio ambiente<\/em>\u00ab,\ndijo.<\/p>\n\n\n\n<p><strong>\u00bfQu\u00e9\nhacer durante el D\u00eda de la Tierra?<\/strong><\/p>\n\n\n\n<p>Rogers anima a establecer un compromiso p\u00fablico para\nrealizar una acci\u00f3n relacionada con el medio ambiente a todas aquellas personas\nimplicadas con el medio ambiente el pr\u00f3ximo 22 de abril.<\/p>\n\n\n\n<p>Comprometerse con las ideas promovidas desde la plataforma\nD\u00eda de la Tierra supone educar a los amigos y familiares sobre el calentamiento\nglobal o comprar productos ecol\u00f3gicos como bombillas de bajo consumo.<\/p>\n\n\n\n<p>Seg\u00fan Rogers, todos son parte de esta generaci\u00f3n que marca\nla transici\u00f3n de la revoluci\u00f3n industrial a la revoluci\u00f3n verde.<\/p>\n\n\n\n<p>seryhumano.com<\/p>\n\n\n\n<p>Tomado de National Geographic<\/p>\n","protected":false},"excerpt":{"rendered":"<p>Desde una primera convocatoria en la que congreg\u00f3 a 20 millones de personas en EE. UU en 1970, el D\u00eda de la Tierra se ha convertido en una tradici\u00f3n mundial. Descubre cu\u00e1ndo es, c\u00f3mo empez\u00f3, c\u00f3mo evolucion\u00f3 y qu\u00e9 debes hacer en un d\u00eda como este. \u00bfCu\u00e1ndo es el D\u00eda de la Tierra? Seg\u00fan el&hellip;<\/p>\n","protected":false},"author":305,"featured_media":31283,"comment_status":"closed","ping_status":"closed","sticky":false,"template":"","format":"standard","meta":{"footnotes":""},"categories":[122],"tags":[161,4561],"class_list":["post-31282","post","type-post","status-publish","format-standard","has-post-thumbnail","hentry","category-cultura","tag-tierra","tag-dia-de-la-tierra","category-122","description-off"],"yoast_head":"<!-- This site is optimized with the Yoast SEO plugin v25.4 - https:\/\/yoast.com\/wordpress\/plugins\/seo\/ -->\n<title>D\u00eda Internacional de la Madre Tierra &#187; SeryHumano.com<\/title>\n<meta name=\"robots\" content=\"index, follow, max-snippet:-1, max-image-preview:large, max-video-preview:-1\" \/>\n<link rel=\"canonical\" href=\"https:\/\/seryhumano.com\/web\/?p=31282\" \/>\n<meta property=\"og:locale\" content=\"es_ES\" \/>\n<meta property=\"og:type\" content=\"article\" \/>\n<meta property=\"og:title\" content=\"D\u00eda Internacional de la Madre Tierra &#187; SeryHumano.com\" \/>\n<meta property=\"og:description\" content=\"Desde una primera convocatoria en la que congreg\u00f3 a 20 millones de personas en EE. UU en 1970, el D\u00eda de la Tierra se ha convertido en una tradici\u00f3n mundial. Descubre cu\u00e1ndo es, c\u00f3mo empez\u00f3, c\u00f3mo evolucion\u00f3 y qu\u00e9 debes hacer en un d\u00eda como este. \u00bfCu\u00e1ndo es el D\u00eda de la Tierra? Seg\u00fan el&hellip;\" \/>\n<meta property=\"og:url\" content=\"https:\/\/seryhumano.com\/web\/?p=31282\" \/>\n<meta property=\"og:site_name\" content=\"SeryHumano.com\" \/>\n<meta property=\"article:publisher\" content=\"https:\/\/www.facebook.com\/seryhumano\/\" \/>\n<meta property=\"article:published_time\" content=\"2019-04-22T09:41:22+00:00\" \/>\n<meta property=\"article:modified_time\" content=\"2019-04-22T09:41:55+00:00\" \/>\n<meta property=\"og:image\" content=\"https:\/\/seryhumano.com\/web\/wp-content\/uploads\/2019\/04\/D\u00eda-de-la-Tierra.jpg\" \/>\n\t<meta property=\"og:image:width\" content=\"1024\" \/>\n\t<meta property=\"og:image:height\" content=\"683\" \/>\n\t<meta property=\"og:image:type\" content=\"image\/jpeg\" \/>\n<meta name=\"author\" content=\"Redacci\u00f3n SeryHumano.com\" \/>\n<meta name=\"twitter:card\" content=\"summary_large_image\" \/>\n<meta name=\"twitter:creator\" content=\"@SeryHumano\" \/>\n<meta name=\"twitter:site\" content=\"@SeryHumano\" \/>\n<meta name=\"twitter:label1\" content=\"Escrito por\" \/>\n\t<meta name=\"twitter:data1\" content=\"Redacci\u00f3n SeryHumano.com\" \/>\n\t<meta name=\"twitter:label2\" content=\"Tiempo de lectura\" \/>\n\t<meta name=\"twitter:data2\" content=\"5 minutos\" \/>\n<script type=\"application\/ld+json\" class=\"yoast-schema-graph\">{\"@context\":\"https:\/\/schema.org\",\"@graph\":[{\"@type\":\"Article\",\"@id\":\"https:\/\/seryhumano.com\/web\/?p=31282#article\",\"isPartOf\":{\"@id\":\"https:\/\/seryhumano.com\/web\/?p=31282\"},\"author\":{\"name\":\"Redacci\u00f3n SeryHumano.com\",\"@id\":\"https:\/\/seryhumano.com\/web\/#\/schema\/person\/f4adb88e2944ce8c1d005724eb1186d6\"},\"headline\":\"D\u00eda Internacional de la Madre Tierra\",\"datePublished\":\"2019-04-22T09:41:22+00:00\",\"dateModified\":\"2019-04-22T09:41:55+00:00\",\"mainEntityOfPage\":{\"@id\":\"https:\/\/seryhumano.com\/web\/?p=31282\"},\"wordCount\":1091,\"publisher\":{\"@id\":\"https:\/\/seryhumano.com\/web\/#organization\"},\"image\":{\"@id\":\"https:\/\/seryhumano.com\/web\/?p=31282#primaryimage\"},\"thumbnailUrl\":\"https:\/\/seryhumano.com\/web\/wp-content\/uploads\/2019\/04\/D\u00eda-de-la-Tierra.jpg\",\"keywords\":[\"#tierra\",\"D\u00eda de la Tierra\"],\"articleSection\":[\"Cultura del Ser\"],\"inLanguage\":\"es\"},{\"@type\":\"WebPage\",\"@id\":\"https:\/\/seryhumano.com\/web\/?p=31282\",\"url\":\"https:\/\/seryhumano.com\/web\/?p=31282\",\"name\":\"D\u00eda Internacional de la Madre Tierra &#187; SeryHumano.com\",\"isPartOf\":{\"@id\":\"https:\/\/seryhumano.com\/web\/#website\"},\"primaryImageOfPage\":{\"@id\":\"https:\/\/seryhumano.com\/web\/?p=31282#primaryimage\"},\"image\":{\"@id\":\"https:\/\/seryhumano.com\/web\/?p=31282#primaryimage\"},\"thumbnailUrl\":\"https:\/\/seryhumano.com\/web\/wp-content\/uploads\/2019\/04\/D\u00eda-de-la-Tierra.jpg\",\"datePublished\":\"2019-04-22T09:41:22+00:00\",\"dateModified\":\"2019-04-22T09:41:55+00:00\",\"breadcrumb\":{\"@id\":\"https:\/\/seryhumano.com\/web\/?p=31282#breadcrumb\"},\"inLanguage\":\"es\",\"potentialAction\":[{\"@type\":\"ReadAction\",\"target\":[\"https:\/\/seryhumano.com\/web\/?p=31282\"]}]},{\"@type\":\"ImageObject\",\"inLanguage\":\"es\",\"@id\":\"https:\/\/seryhumano.com\/web\/?p=31282#primaryimage\",\"url\":\"https:\/\/seryhumano.com\/web\/wp-content\/uploads\/2019\/04\/D\u00eda-de-la-Tierra.jpg\",\"contentUrl\":\"https:\/\/seryhumano.com\/web\/wp-content\/uploads\/2019\/04\/D\u00eda-de-la-Tierra.jpg\",\"width\":1024,\"height\":683},{\"@type\":\"BreadcrumbList\",\"@id\":\"https:\/\/seryhumano.com\/web\/?p=31282#breadcrumb\",\"itemListElement\":[{\"@type\":\"ListItem\",\"position\":1,\"name\":\"Portada\",\"item\":\"https:\/\/seryhumano.com\/web\/\"},{\"@type\":\"ListItem\",\"position\":2,\"name\":\"D\u00eda Internacional de la Madre Tierra\"}]},{\"@type\":\"WebSite\",\"@id\":\"https:\/\/seryhumano.com\/web\/#website\",\"url\":\"https:\/\/seryhumano.com\/web\/\",\"name\":\"SeryHumano.com\",\"description\":\"Revista digital muy humana, donde lo mas importante es el Ser...\",\"publisher\":{\"@id\":\"https:\/\/seryhumano.com\/web\/#organization\"},\"potentialAction\":[{\"@type\":\"SearchAction\",\"target\":{\"@type\":\"EntryPoint\",\"urlTemplate\":\"https:\/\/seryhumano.com\/web\/?s={search_term_string}\"},\"query-input\":{\"@type\":\"PropertyValueSpecification\",\"valueRequired\":true,\"valueName\":\"search_term_string\"}}],\"inLanguage\":\"es\"},{\"@type\":\"Organization\",\"@id\":\"https:\/\/seryhumano.com\/web\/#organization\",\"name\":\"SeryHumano.com\",\"url\":\"https:\/\/seryhumano.com\/web\/\",\"logo\":{\"@type\":\"ImageObject\",\"inLanguage\":\"es\",\"@id\":\"https:\/\/seryhumano.com\/web\/#\/schema\/logo\/image\/\",\"url\":\"https:\/\/seryhumano.com\/web\/wp-content\/uploads\/2020\/02\/JNe5VRwH_400x400-2.jpg\",\"contentUrl\":\"https:\/\/seryhumano.com\/web\/wp-content\/uploads\/2020\/02\/JNe5VRwH_400x400-2.jpg\",\"width\":400,\"height\":400,\"caption\":\"SeryHumano.com\"},\"image\":{\"@id\":\"https:\/\/seryhumano.com\/web\/#\/schema\/logo\/image\/\"},\"sameAs\":[\"https:\/\/www.facebook.com\/seryhumano\/\",\"https:\/\/x.com\/SeryHumano\",\"https:\/\/www.instagram.com\/seryhumano\/\",\"https:\/\/www.linkedin.com\/company\/seryhumano-com\/\",\"https:\/\/www.youtube.com\/channel\/UCYfgIGSxygVnJAW0e9ZBZWg\"]},{\"@type\":\"Person\",\"@id\":\"https:\/\/seryhumano.com\/web\/#\/schema\/person\/f4adb88e2944ce8c1d005724eb1186d6\",\"name\":\"Redacci\u00f3n SeryHumano.com\",\"sameAs\":[\"http:\/\/seryhumano.com\"],\"url\":\"https:\/\/seryhumano.com\/web\/?author=305\"}]}<\/script>\n<!-- \/ Yoast SEO plugin. -->","yoast_head_json":{"title":"D\u00eda Internacional de la Madre Tierra &#187; SeryHumano.com","robots":{"index":"index","follow":"follow","max-snippet":"max-snippet:-1","max-image-preview":"max-image-preview:large","max-video-preview":"max-video-preview:-1"},"canonical":"https:\/\/seryhumano.com\/web\/?p=31282","og_locale":"es_ES","og_type":"article","og_title":"D\u00eda Internacional de la Madre Tierra &#187; SeryHumano.com","og_description":"Desde una primera convocatoria en la que congreg\u00f3 a 20 millones de personas en EE. UU en 1970, el D\u00eda de la Tierra se ha convertido en una tradici\u00f3n mundial. Descubre cu\u00e1ndo es, c\u00f3mo empez\u00f3, c\u00f3mo evolucion\u00f3 y qu\u00e9 debes hacer en un d\u00eda como este. \u00bfCu\u00e1ndo es el D\u00eda de la Tierra? Seg\u00fan el&hellip;","og_url":"https:\/\/seryhumano.com\/web\/?p=31282","og_site_name":"SeryHumano.com","article_publisher":"https:\/\/www.facebook.com\/seryhumano\/","article_published_time":"2019-04-22T09:41:22+00:00","article_modified_time":"2019-04-22T09:41:55+00:00","og_image":[{"width":1024,"height":683,"url":"https:\/\/seryhumano.com\/web\/wp-content\/uploads\/2019\/04\/D\u00eda-de-la-Tierra.jpg","type":"image\/jpeg"}],"author":"Redacci\u00f3n SeryHumano.com","twitter_card":"summary_large_image","twitter_creator":"@SeryHumano","twitter_site":"@SeryHumano","twitter_misc":{"Escrito por":"Redacci\u00f3n SeryHumano.com","Tiempo de lectura":"5 minutos"},"schema":{"@context":"https:\/\/schema.org","@graph":[{"@type":"Article","@id":"https:\/\/seryhumano.com\/web\/?p=31282#article","isPartOf":{"@id":"https:\/\/seryhumano.com\/web\/?p=31282"},"author":{"name":"Redacci\u00f3n SeryHumano.com","@id":"https:\/\/seryhumano.com\/web\/#\/schema\/person\/f4adb88e2944ce8c1d005724eb1186d6"},"headline":"D\u00eda Internacional de la Madre Tierra","datePublished":"2019-04-22T09:41:22+00:00","dateModified":"2019-04-22T09:41:55+00:00","mainEntityOfPage":{"@id":"https:\/\/seryhumano.com\/web\/?p=31282"},"wordCount":1091,"publisher":{"@id":"https:\/\/seryhumano.com\/web\/#organization"},"image":{"@id":"https:\/\/seryhumano.com\/web\/?p=31282#primaryimage"},"thumbnailUrl":"https:\/\/seryhumano.com\/web\/wp-content\/uploads\/2019\/04\/D\u00eda-de-la-Tierra.jpg","keywords":["#tierra","D\u00eda de la Tierra"],"articleSection":["Cultura del Ser"],"inLanguage":"es"},{"@type":"WebPage","@id":"https:\/\/seryhumano.com\/web\/?p=31282","url":"https:\/\/seryhumano.com\/web\/?p=31282","name":"D\u00eda Internacional de la Madre Tierra &#187; SeryHumano.com","isPartOf":{"@id":"https:\/\/seryhumano.com\/web\/#website"},"primaryImageOfPage":{"@id":"https:\/\/seryhumano.com\/web\/?p=31282#primaryimage"},"image":{"@id":"https:\/\/seryhumano.com\/web\/?p=31282#primaryimage"},"thumbnailUrl":"https:\/\/seryhumano.com\/web\/wp-content\/uploads\/2019\/04\/D\u00eda-de-la-Tierra.jpg","datePublished":"2019-04-22T09:41:22+00:00","dateModified":"2019-04-22T09:41:55+00:00","breadcrumb":{"@id":"https:\/\/seryhumano.com\/web\/?p=31282#breadcrumb"},"inLanguage":"es","potentialAction":[{"@type":"ReadAction","target":["https:\/\/seryhumano.com\/web\/?p=31282"]}]},{"@type":"ImageObject","inLanguage":"es","@id":"https:\/\/seryhumano.com\/web\/?p=31282#primaryimage","url":"https:\/\/seryhumano.com\/web\/wp-content\/uploads\/2019\/04\/D\u00eda-de-la-Tierra.jpg","contentUrl":"https:\/\/seryhumano.com\/web\/wp-content\/uploads\/2019\/04\/D\u00eda-de-la-Tierra.jpg","width":1024,"height":683},{"@type":"BreadcrumbList","@id":"https:\/\/seryhumano.com\/web\/?p=31282#breadcrumb","itemListElement":[{"@type":"ListItem","position":1,"name":"Portada","item":"https:\/\/seryhumano.com\/web\/"},{"@type":"ListItem","position":2,"name":"D\u00eda Internacional de la Madre Tierra"}]},{"@type":"WebSite","@id":"https:\/\/seryhumano.com\/web\/#website","url":"https:\/\/seryhumano.com\/web\/","name":"SeryHumano.com","description":"Revista digital muy humana, donde lo mas importante es el Ser...","publisher":{"@id":"https:\/\/seryhumano.com\/web\/#organization"},"potentialAction":[{"@type":"SearchAction","target":{"@type":"EntryPoint","urlTemplate":"https:\/\/seryhumano.com\/web\/?s={search_term_string}"},"query-input":{"@type":"PropertyValueSpecification","valueRequired":true,"valueName":"search_term_string"}}],"inLanguage":"es"},{"@type":"Organization","@id":"https:\/\/seryhumano.com\/web\/#organization","name":"SeryHumano.com","url":"https:\/\/seryhumano.com\/web\/","logo":{"@type":"ImageObject","inLanguage":"es","@id":"https:\/\/seryhumano.com\/web\/#\/schema\/logo\/image\/","url":"https:\/\/seryhumano.com\/web\/wp-content\/uploads\/2020\/02\/JNe5VRwH_400x400-2.jpg","contentUrl":"https:\/\/seryhumano.com\/web\/wp-content\/uploads\/2020\/02\/JNe5VRwH_400x400-2.jpg","width":400,"height":400,"caption":"SeryHumano.com"},"image":{"@id":"https:\/\/seryhumano.com\/web\/#\/schema\/logo\/image\/"},"sameAs":["https:\/\/www.facebook.com\/seryhumano\/","https:\/\/x.com\/SeryHumano","https:\/\/www.instagram.com\/seryhumano\/","https:\/\/www.linkedin.com\/company\/seryhumano-com\/","https:\/\/www.youtube.com\/channel\/UCYfgIGSxygVnJAW0e9ZBZWg"]},{"@type":"Person","@id":"https:\/\/seryhumano.com\/web\/#\/schema\/person\/f4adb88e2944ce8c1d005724eb1186d6","name":"Redacci\u00f3n SeryHumano.com","sameAs":["http:\/\/seryhumano.com"],"url":"https:\/\/seryhumano.com\/web\/?author=305"}]}},"_links":{"self":[{"href":"https:\/\/seryhumano.com\/web\/index.php?rest_route=\/wp\/v2\/posts\/31282","targetHints":{"allow":["GET"]}}],"collection":[{"href":"https:\/\/seryhumano.com\/web\/index.php?rest_route=\/wp\/v2\/posts"}],"about":[{"href":"https:\/\/seryhumano.com\/web\/index.php?rest_route=\/wp\/v2\/types\/post"}],"author":[{"embeddable":true,"href":"https:\/\/seryhumano.com\/web\/index.php?rest_route=\/wp\/v2\/users\/305"}],"replies":[{"embeddable":true,"href":"https:\/\/seryhumano.com\/web\/index.php?rest_route=%2Fwp%2Fv2%2Fcomments&post=31282"}],"version-history":[{"count":0,"href":"https:\/\/seryhumano.com\/web\/index.php?rest_route=\/wp\/v2\/posts\/31282\/revisions"}],"wp:featuredmedia":[{"embeddable":true,"href":"https:\/\/seryhumano.com\/web\/index.php?rest_route=\/wp\/v2\/media\/31283"}],"wp:attachment":[{"href":"https:\/\/seryhumano.com\/web\/index.php?rest_route=%2Fwp%2Fv2%2Fmedia&parent=31282"}],"wp:term":[{"taxonomy":"category","embeddable":true,"href":"https:\/\/seryhumano.com\/web\/index.php?rest_route=%2Fwp%2Fv2%2Fcategories&post=31282"},{"taxonomy":"post_tag","embeddable":true,"href":"https:\/\/seryhumano.com\/web\/index.php?rest_route=%2Fwp%2Fv2%2Ftags&post=31282"}],"curies":[{"name":"wp","href":"https:\/\/api.w.org\/{rel}","templated":true}]}}