{"id":31316,"date":"2019-04-23T05:32:17","date_gmt":"2019-04-23T10:02:17","guid":{"rendered":"https:\/\/seryhumano.com\/web\/?p=31316"},"modified":"2020-04-25T09:08:04","modified_gmt":"2020-04-25T13:38:04","slug":"oracion-diaria-33","status":"publish","type":"post","link":"https:\/\/seryhumano.com\/web\/?p=31316","title":{"rendered":"Oraci\u00f3n Diaria"},"content":{"rendered":"\n<h2 class=\"wp-block-heading\"><em>Y todo lo que hagan, de palabra o de obra, h\u00e1ganlo en el nombre del Se\u00f1or Jes\u00fas, dando gracias a Dios el Padre por medio de \u00e9l.<\/em><\/h2>\n\n\n\n<blockquote class=\"wp-block-quote has-text-align-left is-layout-flow wp-block-quote-is-layout-flow\"><p><\/p><cite><strong>Colosenses 3:17<\/strong> <\/cite><\/blockquote>\n\n\n\n<figure class=\"wp-block-image\"><img loading=\"lazy\" decoding=\"async\" width=\"1024\" height=\"682\" src=\"https:\/\/seryhumano.com\/web\/wp-content\/uploads\/2019\/04\/orar-1024x682.jpg\" alt=\"Oraci\u00f3n\" class=\"wp-image-31317\" srcset=\"https:\/\/seryhumano.com\/web\/wp-content\/uploads\/2019\/04\/orar.jpg 1024w, https:\/\/seryhumano.com\/web\/wp-content\/uploads\/2019\/04\/orar-300x200.jpg 300w, https:\/\/seryhumano.com\/web\/wp-content\/uploads\/2019\/04\/orar-768x512.jpg 768w\" sizes=\"auto, (max-width: 1024px) 100vw, 1024px\" \/><\/figure>\n\n\n\n<p>Bendito eres amado Padre, por\ntu creaci\u00f3n de amor y fidelidad, por tu incondicional benevolencia, por tu infinita\nmisericordia. <\/p>\n\n\n\n<h2 class=\"wp-block-heading\">Te Alabo en este d\u00eda por el\nmilagro de la vida, por la oportunidad de dar lo mejor de m\u00ed, por sembrar en mi\ncoraz\u00f3n el temor a ofenderte. <\/h2>\n\n\n\n<p>Hoy te pido Se\u00f1or m\u00edo guardar en mi coraz\u00f3n gratitud, que todo cuanto haga sea con alegr\u00eda y buena disposici\u00f3n, que todo cuanto emprenda est\u00e9 bendecido por Ti. <\/p>\n\n\n\n<p><a href=\"https:\/\/seryhumano.com\/web\/oracion-diaria-53\/\">Oraci\u00f3n Diaria <\/a><\/p>\n\n\n\n<p>Gracias por las magn\u00edficas\nbendiciones que con este d\u00eda llegan, por la gracia de reconocerte como Padre y\ncreador, por darme un nombre y escribir mi historia con tus propias manos. <\/p>\n\n\n\n<h2 class=\"wp-block-heading\">Que cada d\u00eda sea la\noportunidad de servirte y ser un mejor ser humano. Que tu paz y tu palabra me\nacompa\u00f1en siempre.<\/h2>\n\n\n\n<p>&nbsp;Por Jesucristo T\u00fa Hijo nuestro Se\u00f1or. Am\u00e9n, Am\u00e9n,\nAm\u00e9n.<\/p>\n\n\n\n<p>\u00a1DIOS TE BENDIGA!<\/p>\n\n\n\n<h2 class=\"has-text-align-center wp-block-heading\">Padre Nuestro<\/h2>\n\n\n\n<p class=\"has-text-align-center\">Padre Nuestro, que est\u00e1s en el cielo,<\/p>\n\n\n\n<p class=\"has-text-align-center\">santificado sea tu nombre;<\/p>\n\n\n\n<p class=\"has-text-align-center\">venga a nosotros tu reino;<\/p>\n\n\n\n<p class=\"has-text-align-center\">h\u00e1gase tu voluntad, en la tierra como en el cielo.<\/p>\n\n\n\n<p class=\"has-text-align-center\">Danos hoy nuestro pan de cada d\u00eda;<\/p>\n\n\n\n<p class=\"has-text-align-center\">perdona nuestras ofensas,<\/p>\n\n\n\n<p class=\"has-text-align-center\">como tambi\u00e9n nosotros perdonamos a los que nos ofenden;<\/p>\n\n\n\n<p class=\"has-text-align-center\">no nos dejes caer en la tentaci\u00f3n,<\/p>\n\n\n\n<p class=\"has-text-align-center\">y l\u00edbranos del mal.<\/p>\n\n\n\n<p class=\"has-text-align-center\">Am\u00e9n.<\/p>\n\n\n\n<h2 class=\"has-text-align-center wp-block-heading\">Padre Nuestro en Lat\u00ed\u00adn \u2013 Pater Noster<\/h2>\n\n\n\n<p class=\"has-text-align-center\">Pater noster, qui es in caelis:<\/p>\n\n\n\n<p class=\"has-text-align-center\">sanctificetur Nomen Tuum;<\/p>\n\n\n\n<p class=\"has-text-align-center\">adveniat Regnum Tuum;<\/p>\n\n\n\n<p class=\"has-text-align-center\">fiat voluntas Tua,<\/p>\n\n\n\n<p class=\"has-text-align-center\">sicut in caelo, et in terra.<\/p>\n\n\n\n<p class=\"has-text-align-center\">Panem nostrum cotidianum da nobis hodie;<\/p>\n\n\n\n<p class=\"has-text-align-center\">et dimitte nobis debita nostra,<\/p>\n\n\n\n<p class=\"has-text-align-center\">sicut et nos dimittimus debitoribus nostris;<\/p>\n\n\n\n<p class=\"has-text-align-center\">et ne nos inducas in tentationem;<\/p>\n\n\n\n<p class=\"has-text-align-center\">sed libera nos a Malo.<\/p>\n\n\n\n<p>seryhumano.com<\/p>\n\n\n\n<p>Enviado por <a href=\"https:\/\/twitter.com\/kiklikian\">Juan Kiklikian<\/a><\/p>\n\n\n\n<p>Si quiere recibir en su celular esta y otras informaciones y art\u00edculos descargue Telegram, ingrese al link <a href=\"htts:\/\/t.ime\/seryhumano\">htts:\/\/t.ime\/seryhumano<\/a> y dele clic a +Unirme<\/p>\n","protected":false},"excerpt":{"rendered":"<p>Y todo lo que hagan, de palabra o de obra, h\u00e1ganlo en el nombre del Se\u00f1or Jes\u00fas, dando gracias a Dios el Padre por medio de \u00e9l. Colosenses 3:17 Bendito eres amado Padre, por tu creaci\u00f3n de amor y fidelidad, por tu incondicional benevolencia, por tu infinita misericordia. Te Alabo en este d\u00eda por el&hellip;<\/p>\n","protected":false},"author":305,"featured_media":31317,"comment_status":"closed","ping_status":"closed","sticky":false,"template":"","format":"standard","meta":{"footnotes":""},"categories":[5614],"tags":[5484],"class_list":["post-31316","post","type-post","status-publish","format-standard","has-post-thumbnail","hentry","category-oracion","tag-oracion","category-5614","description-off"],"yoast_head":"<!-- This site is optimized with the Yoast SEO plugin v25.4 - https:\/\/yoast.com\/wordpress\/plugins\/seo\/ -->\n<title>Oraci\u00f3n Diaria &#187; SeryHumano.com<\/title>\n<meta name=\"description\" content=\"Te Alabo en este d\u00eda por el milagro de la vida, por la oportunidad de dar lo mejor de m\u00ed, por sembrar en mi coraz\u00f3n el temor a ofenderte.\" \/>\n<meta name=\"robots\" content=\"index, follow, max-snippet:-1, max-image-preview:large, max-video-preview:-1\" \/>\n<link rel=\"canonical\" href=\"https:\/\/seryhumano.com\/web\/?p=31316\" \/>\n<meta property=\"og:locale\" content=\"es_ES\" \/>\n<meta property=\"og:type\" content=\"article\" \/>\n<meta property=\"og:title\" content=\"Oraci\u00f3n Diaria &#187; SeryHumano.com\" \/>\n<meta property=\"og:description\" content=\"Te Alabo en este d\u00eda por el milagro de la vida, por la oportunidad de dar lo mejor de m\u00ed, por sembrar en mi coraz\u00f3n el temor a ofenderte.\" \/>\n<meta property=\"og:url\" content=\"https:\/\/seryhumano.com\/web\/?p=31316\" \/>\n<meta property=\"og:site_name\" content=\"SeryHumano.com\" \/>\n<meta property=\"article:publisher\" content=\"https:\/\/www.facebook.com\/seryhumano\/\" \/>\n<meta property=\"article:published_time\" content=\"2019-04-23T10:02:17+00:00\" \/>\n<meta property=\"article:modified_time\" content=\"2020-04-25T13:38:04+00:00\" \/>\n<meta property=\"og:image\" content=\"https:\/\/seryhumano.com\/web\/wp-content\/uploads\/2019\/04\/orar.jpg\" \/>\n\t<meta property=\"og:image:width\" content=\"1024\" \/>\n\t<meta property=\"og:image:height\" content=\"682\" \/>\n\t<meta property=\"og:image:type\" content=\"image\/jpeg\" \/>\n<meta name=\"author\" content=\"Redacci\u00f3n SeryHumano.com\" \/>\n<meta name=\"twitter:card\" content=\"summary_large_image\" \/>\n<meta name=\"twitter:creator\" content=\"@SeryHumano\" \/>\n<meta name=\"twitter:site\" content=\"@SeryHumano\" \/>\n<meta name=\"twitter:label1\" content=\"Escrito por\" \/>\n\t<meta name=\"twitter:data1\" content=\"Redacci\u00f3n SeryHumano.com\" \/>\n\t<meta name=\"twitter:label2\" content=\"Tiempo de lectura\" \/>\n\t<meta name=\"twitter:data2\" content=\"2 minutos\" \/>\n<script type=\"application\/ld+json\" class=\"yoast-schema-graph\">{\"@context\":\"https:\/\/schema.org\",\"@graph\":[{\"@type\":\"Article\",\"@id\":\"https:\/\/seryhumano.com\/web\/?p=31316#article\",\"isPartOf\":{\"@id\":\"https:\/\/seryhumano.com\/web\/?p=31316\"},\"author\":{\"name\":\"Redacci\u00f3n SeryHumano.com\",\"@id\":\"https:\/\/seryhumano.com\/web\/#\/schema\/person\/f4adb88e2944ce8c1d005724eb1186d6\"},\"headline\":\"Oraci\u00f3n Diaria\",\"datePublished\":\"2019-04-23T10:02:17+00:00\",\"dateModified\":\"2020-04-25T13:38:04+00:00\",\"mainEntityOfPage\":{\"@id\":\"https:\/\/seryhumano.com\/web\/?p=31316\"},\"wordCount\":351,\"publisher\":{\"@id\":\"https:\/\/seryhumano.com\/web\/#organization\"},\"image\":{\"@id\":\"https:\/\/seryhumano.com\/web\/?p=31316#primaryimage\"},\"thumbnailUrl\":\"https:\/\/seryhumano.com\/web\/wp-content\/uploads\/2019\/04\/orar.jpg\",\"keywords\":[\"Oraci\u00f3n\"],\"articleSection\":[\"Oraci\u00f3n\"],\"inLanguage\":\"es\"},{\"@type\":\"WebPage\",\"@id\":\"https:\/\/seryhumano.com\/web\/?p=31316\",\"url\":\"https:\/\/seryhumano.com\/web\/?p=31316\",\"name\":\"Oraci\u00f3n Diaria &#187; SeryHumano.com\",\"isPartOf\":{\"@id\":\"https:\/\/seryhumano.com\/web\/#website\"},\"primaryImageOfPage\":{\"@id\":\"https:\/\/seryhumano.com\/web\/?p=31316#primaryimage\"},\"image\":{\"@id\":\"https:\/\/seryhumano.com\/web\/?p=31316#primaryimage\"},\"thumbnailUrl\":\"https:\/\/seryhumano.com\/web\/wp-content\/uploads\/2019\/04\/orar.jpg\",\"datePublished\":\"2019-04-23T10:02:17+00:00\",\"dateModified\":\"2020-04-25T13:38:04+00:00\",\"description\":\"Te Alabo en este d\u00eda por el milagro de la vida, por la oportunidad de dar lo mejor de m\u00ed, por sembrar en mi coraz\u00f3n el temor a ofenderte.\",\"breadcrumb\":{\"@id\":\"https:\/\/seryhumano.com\/web\/?p=31316#breadcrumb\"},\"inLanguage\":\"es\",\"potentialAction\":[{\"@type\":\"ReadAction\",\"target\":[\"https:\/\/seryhumano.com\/web\/?p=31316\"]}]},{\"@type\":\"ImageObject\",\"inLanguage\":\"es\",\"@id\":\"https:\/\/seryhumano.com\/web\/?p=31316#primaryimage\",\"url\":\"https:\/\/seryhumano.com\/web\/wp-content\/uploads\/2019\/04\/orar.jpg\",\"contentUrl\":\"https:\/\/seryhumano.com\/web\/wp-content\/uploads\/2019\/04\/orar.jpg\",\"width\":1024,\"height\":682},{\"@type\":\"BreadcrumbList\",\"@id\":\"https:\/\/seryhumano.com\/web\/?p=31316#breadcrumb\",\"itemListElement\":[{\"@type\":\"ListItem\",\"position\":1,\"name\":\"Portada\",\"item\":\"https:\/\/seryhumano.com\/web\/\"},{\"@type\":\"ListItem\",\"position\":2,\"name\":\"Oraci\u00f3n Diaria\"}]},{\"@type\":\"WebSite\",\"@id\":\"https:\/\/seryhumano.com\/web\/#website\",\"url\":\"https:\/\/seryhumano.com\/web\/\",\"name\":\"SeryHumano.com\",\"description\":\"Revista digital muy humana, donde lo mas importante es el Ser...\",\"publisher\":{\"@id\":\"https:\/\/seryhumano.com\/web\/#organization\"},\"potentialAction\":[{\"@type\":\"SearchAction\",\"target\":{\"@type\":\"EntryPoint\",\"urlTemplate\":\"https:\/\/seryhumano.com\/web\/?s={search_term_string}\"},\"query-input\":{\"@type\":\"PropertyValueSpecification\",\"valueRequired\":true,\"valueName\":\"search_term_string\"}}],\"inLanguage\":\"es\"},{\"@type\":\"Organization\",\"@id\":\"https:\/\/seryhumano.com\/web\/#organization\",\"name\":\"SeryHumano.com\",\"url\":\"https:\/\/seryhumano.com\/web\/\",\"logo\":{\"@type\":\"ImageObject\",\"inLanguage\":\"es\",\"@id\":\"https:\/\/seryhumano.com\/web\/#\/schema\/logo\/image\/\",\"url\":\"https:\/\/seryhumano.com\/web\/wp-content\/uploads\/2020\/02\/JNe5VRwH_400x400-2.jpg\",\"contentUrl\":\"https:\/\/seryhumano.com\/web\/wp-content\/uploads\/2020\/02\/JNe5VRwH_400x400-2.jpg\",\"width\":400,\"height\":400,\"caption\":\"SeryHumano.com\"},\"image\":{\"@id\":\"https:\/\/seryhumano.com\/web\/#\/schema\/logo\/image\/\"},\"sameAs\":[\"https:\/\/www.facebook.com\/seryhumano\/\",\"https:\/\/x.com\/SeryHumano\",\"https:\/\/www.instagram.com\/seryhumano\/\",\"https:\/\/www.linkedin.com\/company\/seryhumano-com\/\",\"https:\/\/www.youtube.com\/channel\/UCYfgIGSxygVnJAW0e9ZBZWg\"]},{\"@type\":\"Person\",\"@id\":\"https:\/\/seryhumano.com\/web\/#\/schema\/person\/f4adb88e2944ce8c1d005724eb1186d6\",\"name\":\"Redacci\u00f3n SeryHumano.com\",\"sameAs\":[\"http:\/\/seryhumano.com\"],\"url\":\"https:\/\/seryhumano.com\/web\/?author=305\"}]}<\/script>\n<!-- \/ Yoast SEO plugin. -->","yoast_head_json":{"title":"Oraci\u00f3n Diaria &#187; SeryHumano.com","description":"Te Alabo en este d\u00eda por el milagro de la vida, por la oportunidad de dar lo mejor de m\u00ed, por sembrar en mi coraz\u00f3n el temor a ofenderte.","robots":{"index":"index","follow":"follow","max-snippet":"max-snippet:-1","max-image-preview":"max-image-preview:large","max-video-preview":"max-video-preview:-1"},"canonical":"https:\/\/seryhumano.com\/web\/?p=31316","og_locale":"es_ES","og_type":"article","og_title":"Oraci\u00f3n Diaria &#187; SeryHumano.com","og_description":"Te Alabo en este d\u00eda por el milagro de la vida, por la oportunidad de dar lo mejor de m\u00ed, por sembrar en mi coraz\u00f3n el temor a ofenderte.","og_url":"https:\/\/seryhumano.com\/web\/?p=31316","og_site_name":"SeryHumano.com","article_publisher":"https:\/\/www.facebook.com\/seryhumano\/","article_published_time":"2019-04-23T10:02:17+00:00","article_modified_time":"2020-04-25T13:38:04+00:00","og_image":[{"width":1024,"height":682,"url":"https:\/\/seryhumano.com\/web\/wp-content\/uploads\/2019\/04\/orar.jpg","type":"image\/jpeg"}],"author":"Redacci\u00f3n SeryHumano.com","twitter_card":"summary_large_image","twitter_creator":"@SeryHumano","twitter_site":"@SeryHumano","twitter_misc":{"Escrito por":"Redacci\u00f3n SeryHumano.com","Tiempo de lectura":"2 minutos"},"schema":{"@context":"https:\/\/schema.org","@graph":[{"@type":"Article","@id":"https:\/\/seryhumano.com\/web\/?p=31316#article","isPartOf":{"@id":"https:\/\/seryhumano.com\/web\/?p=31316"},"author":{"name":"Redacci\u00f3n SeryHumano.com","@id":"https:\/\/seryhumano.com\/web\/#\/schema\/person\/f4adb88e2944ce8c1d005724eb1186d6"},"headline":"Oraci\u00f3n Diaria","datePublished":"2019-04-23T10:02:17+00:00","dateModified":"2020-04-25T13:38:04+00:00","mainEntityOfPage":{"@id":"https:\/\/seryhumano.com\/web\/?p=31316"},"wordCount":351,"publisher":{"@id":"https:\/\/seryhumano.com\/web\/#organization"},"image":{"@id":"https:\/\/seryhumano.com\/web\/?p=31316#primaryimage"},"thumbnailUrl":"https:\/\/seryhumano.com\/web\/wp-content\/uploads\/2019\/04\/orar.jpg","keywords":["Oraci\u00f3n"],"articleSection":["Oraci\u00f3n"],"inLanguage":"es"},{"@type":"WebPage","@id":"https:\/\/seryhumano.com\/web\/?p=31316","url":"https:\/\/seryhumano.com\/web\/?p=31316","name":"Oraci\u00f3n Diaria &#187; SeryHumano.com","isPartOf":{"@id":"https:\/\/seryhumano.com\/web\/#website"},"primaryImageOfPage":{"@id":"https:\/\/seryhumano.com\/web\/?p=31316#primaryimage"},"image":{"@id":"https:\/\/seryhumano.com\/web\/?p=31316#primaryimage"},"thumbnailUrl":"https:\/\/seryhumano.com\/web\/wp-content\/uploads\/2019\/04\/orar.jpg","datePublished":"2019-04-23T10:02:17+00:00","dateModified":"2020-04-25T13:38:04+00:00","description":"Te Alabo en este d\u00eda por el milagro de la vida, por la oportunidad de dar lo mejor de m\u00ed, por sembrar en mi coraz\u00f3n el temor a ofenderte.","breadcrumb":{"@id":"https:\/\/seryhumano.com\/web\/?p=31316#breadcrumb"},"inLanguage":"es","potentialAction":[{"@type":"ReadAction","target":["https:\/\/seryhumano.com\/web\/?p=31316"]}]},{"@type":"ImageObject","inLanguage":"es","@id":"https:\/\/seryhumano.com\/web\/?p=31316#primaryimage","url":"https:\/\/seryhumano.com\/web\/wp-content\/uploads\/2019\/04\/orar.jpg","contentUrl":"https:\/\/seryhumano.com\/web\/wp-content\/uploads\/2019\/04\/orar.jpg","width":1024,"height":682},{"@type":"BreadcrumbList","@id":"https:\/\/seryhumano.com\/web\/?p=31316#breadcrumb","itemListElement":[{"@type":"ListItem","position":1,"name":"Portada","item":"https:\/\/seryhumano.com\/web\/"},{"@type":"ListItem","position":2,"name":"Oraci\u00f3n Diaria"}]},{"@type":"WebSite","@id":"https:\/\/seryhumano.com\/web\/#website","url":"https:\/\/seryhumano.com\/web\/","name":"SeryHumano.com","description":"Revista digital muy humana, donde lo mas importante es el Ser...","publisher":{"@id":"https:\/\/seryhumano.com\/web\/#organization"},"potentialAction":[{"@type":"SearchAction","target":{"@type":"EntryPoint","urlTemplate":"https:\/\/seryhumano.com\/web\/?s={search_term_string}"},"query-input":{"@type":"PropertyValueSpecification","valueRequired":true,"valueName":"search_term_string"}}],"inLanguage":"es"},{"@type":"Organization","@id":"https:\/\/seryhumano.com\/web\/#organization","name":"SeryHumano.com","url":"https:\/\/seryhumano.com\/web\/","logo":{"@type":"ImageObject","inLanguage":"es","@id":"https:\/\/seryhumano.com\/web\/#\/schema\/logo\/image\/","url":"https:\/\/seryhumano.com\/web\/wp-content\/uploads\/2020\/02\/JNe5VRwH_400x400-2.jpg","contentUrl":"https:\/\/seryhumano.com\/web\/wp-content\/uploads\/2020\/02\/JNe5VRwH_400x400-2.jpg","width":400,"height":400,"caption":"SeryHumano.com"},"image":{"@id":"https:\/\/seryhumano.com\/web\/#\/schema\/logo\/image\/"},"sameAs":["https:\/\/www.facebook.com\/seryhumano\/","https:\/\/x.com\/SeryHumano","https:\/\/www.instagram.com\/seryhumano\/","https:\/\/www.linkedin.com\/company\/seryhumano-com\/","https:\/\/www.youtube.com\/channel\/UCYfgIGSxygVnJAW0e9ZBZWg"]},{"@type":"Person","@id":"https:\/\/seryhumano.com\/web\/#\/schema\/person\/f4adb88e2944ce8c1d005724eb1186d6","name":"Redacci\u00f3n SeryHumano.com","sameAs":["http:\/\/seryhumano.com"],"url":"https:\/\/seryhumano.com\/web\/?author=305"}]}},"_links":{"self":[{"href":"https:\/\/seryhumano.com\/web\/index.php?rest_route=\/wp\/v2\/posts\/31316","targetHints":{"allow":["GET"]}}],"collection":[{"href":"https:\/\/seryhumano.com\/web\/index.php?rest_route=\/wp\/v2\/posts"}],"about":[{"href":"https:\/\/seryhumano.com\/web\/index.php?rest_route=\/wp\/v2\/types\/post"}],"author":[{"embeddable":true,"href":"https:\/\/seryhumano.com\/web\/index.php?rest_route=\/wp\/v2\/users\/305"}],"replies":[{"embeddable":true,"href":"https:\/\/seryhumano.com\/web\/index.php?rest_route=%2Fwp%2Fv2%2Fcomments&post=31316"}],"version-history":[{"count":0,"href":"https:\/\/seryhumano.com\/web\/index.php?rest_route=\/wp\/v2\/posts\/31316\/revisions"}],"wp:featuredmedia":[{"embeddable":true,"href":"https:\/\/seryhumano.com\/web\/index.php?rest_route=\/wp\/v2\/media\/31317"}],"wp:attachment":[{"href":"https:\/\/seryhumano.com\/web\/index.php?rest_route=%2Fwp%2Fv2%2Fmedia&parent=31316"}],"wp:term":[{"taxonomy":"category","embeddable":true,"href":"https:\/\/seryhumano.com\/web\/index.php?rest_route=%2Fwp%2Fv2%2Fcategories&post=31316"},{"taxonomy":"post_tag","embeddable":true,"href":"https:\/\/seryhumano.com\/web\/index.php?rest_route=%2Fwp%2Fv2%2Ftags&post=31316"}],"curies":[{"name":"wp","href":"https:\/\/api.w.org\/{rel}","templated":true}]}}