{"id":31976,"date":"2019-07-09T21:47:45","date_gmt":"2019-07-10T02:17:45","guid":{"rendered":"https:\/\/seryhumano.com\/web\/?p=31976"},"modified":"2019-07-09T21:48:25","modified_gmt":"2019-07-10T02:18:25","slug":"diputado-omar-avila-consigno-propuesta-para-un-encuentro-nacional-de-la-oposicion","status":"publish","type":"post","link":"https:\/\/seryhumano.com\/web\/?p=31976","title":{"rendered":"Diputado Omar \u00c1vila consign\u00f3 propuesta para un Encuentro Nacional de la Oposici\u00f3n"},"content":{"rendered":"\n<blockquote style=\"text-align:center\" class=\"wp-block-quote is-layout-flow wp-block-quote-is-layout-flow\"><p><br> <em>\u00a0\u201cLa situaci\u00f3n actual requiere que el liderazgo tome una posici\u00f3n conjunta ante el drama que sufre nuestro pueblo; por lo que tenemos que sentarnos a buscar una estrategia com\u00fan\u201d<\/em> <\/p><\/blockquote>\n\n\n\n<figure class=\"wp-block-image\"><img loading=\"lazy\" decoding=\"async\" width=\"1024\" height=\"936\" src=\"https:\/\/seryhumano.com\/web\/wp-content\/uploads\/2019\/07\/O-\u00c1-1024x936.jpg\" alt=\"\" class=\"wp-image-31977\" srcset=\"https:\/\/seryhumano.com\/web\/wp-content\/uploads\/2019\/07\/O-\u00c1.jpg 1024w, https:\/\/seryhumano.com\/web\/wp-content\/uploads\/2019\/07\/O-\u00c1-300x274.jpg 300w, https:\/\/seryhumano.com\/web\/wp-content\/uploads\/2019\/07\/O-\u00c1-768x702.jpg 768w\" sizes=\"auto, (max-width: 1024px) 100vw, 1024px\" \/><\/figure>\n\n\n\n<p><strong>Prensa UViVzla. 09.07.19.-<\/strong>&nbsp;\u201c<em>A prop\u00f3sito de su anuncio del presidente de la Asamblea\nNacional, Juan Guaid\u00f3, de iniciar una ronda de consultas con l\u00edderes nacionales\ne internacionales<\/em>\u201d, el diputado en la Asamblea Nacional&nbsp;&nbsp;por el\nestado Miranda, Omar&nbsp;&nbsp;\u00c1vila, consign\u00f3 ante la Presidencia del Poder\nLegislativo, una comunicaci\u00f3n, a nombre de la organizaci\u00f3n pol\u00edticaque representa<strong>,&nbsp;&nbsp;<\/strong>dirigida\nal&nbsp;&nbsp;presidente de la AN,&nbsp;&nbsp;en&nbsp;&nbsp;la cual \u201c<em>esperamos\ny aspiramos que&nbsp;<\/em><em>sea realmente amplia, inclusiva y que participen todos los\nfactores<\/em>\u201d.<\/p>\n\n\n\n<p>Dijo, desde la organizaci\u00f3n pol\u00edtica Unidad\nVisi\u00f3n Venezuela, venimos haciendo dicho planteamiento, desde hace m\u00e1s de a\u00f1o y\nmedio, previamente conversado con los distintos sectores democr\u00e1ticos y frente\n\u201c<em>a las evidentes fisuras que existen en la oposici\u00f3n, muchas de las cuales\nse deben a diferencias en c\u00f3mo resolver la situaci\u00f3n que viven los venezolanos<\/em>\u201d.\nEs evidente, tambi\u00e9n, que los distintos factores \u201c<em>queremos la salida de\nNicol\u00e1s Maduro y su combo del poder&nbsp;y esto no se lograr\u00e1 sin un consenso\nen cuanto a la estrategia que defina el norte de la acci\u00f3n y las t\u00e1cticas que\npermitan alcanzar el objetivo<\/em>\u201d.&nbsp;<\/p>\n\n\n\n<p>En ese orden y en nombre del sufrido pueblo de\nVenezuela exhort\u00f3 a Juan Guaid\u00f3, como principal l\u00edder que en este momento lleva\nla responsabilidad de estar al frente de la mayor\u00eda opositora, \u201c<em>para que\nre\u00fana a todos los l\u00edderes de la oposici\u00f3n, en un di\u00e1logo interno que nos lleve\na definir un consenso y con ello una estrategia para poner en marcha el proceso\ndefinitivo que nos pueda llevar a la libertad<\/em>\u201d.<\/p>\n\n\n\n<p>\u00c1vila, quien es secretario general de UViVzla,\ndijo que se trata de una propuesta, que desde el partido&nbsp;hemos denominado:\n\u201c<em>Encuentro Nacional de la Oposici\u00f3n<\/em>\u201d, puesto que no se puede seguir\npostergando&nbsp;la b\u00fasqueda de estrategias para solucionar la crisis del\npa\u00eds. \u201c<em>Sin una acci\u00f3n pol\u00edtica efectiva, la tragedia se\nperpetuar\u00e1\u201d.<\/em><\/p>\n\n\n\n<p>Explic\u00f3 que en dicha propuesta de di\u00e1logo\ninterno debe anunciarse de manera p\u00fablica, \u201c<em>para que puedan participar todos\nlos sectores interesados, y donde tenga como \u00fanico objetivo, revisar las\ndistintas posiciones y visiones; revisar la estrategia que hasta ahora se ha\nplanteado y concluir en una sola v\u00eda, en la que todos podamos remar en una\nverdadera unidad y en una sola direcci\u00f3n. Est\u00e1 m\u00e1s que demostrado que solo as\u00ed\nsomos fuertes y que hemos podido salir airosos ante el r\u00e9gimen<\/em>\u201d.<\/p>\n\n\n\n<p>Resalt\u00f3 que el informe presentado en d\u00edas\npasados por la Alta Comisionada de la ONU, Michelle Bachelet, es considerado\npor los militantes y la directiva de Unidad Visi\u00f3n Venezuela, como un informe\nbien completo y objetivo, por lo que es urgente que rescatemos la unidad. La\nsituaci\u00f3n actual requiere que el liderazgo tome una posici\u00f3n conjunta ante el\ndrama que sufre nuestro pueblo. Tenemos que sentarnos a buscar una estrategia\ncom\u00fan\u201d.<\/p>\n\n\n\n<p>Seg\u00fan \u00c1vila \u201c<em>las comunicaciones y&nbsp;discusiones\na trav\u00e9s de las redes sociales no ayudan para nada, por lo que urge encontrar\nla forma de converger, y lograr as\u00ed una acci\u00f3n acordada y factible que saque de\npoder a los actuales gobernantes (Nicol\u00e1s Maduro y su grupo) de manera\npac\u00edfica, constitucional y democr\u00e1tica; porque mientras la crisis pol\u00edtica se\nestanca, la crisis social, de la gente, es real&nbsp;para la mayor\u00eda de los\nciudadanos y no se detiene<\/em>\u201d.&nbsp;&nbsp;<\/p>\n\n\n\n<p>El legislador consider\u00f3 propicia la ocasi\u00f3n de\nexpresar al Presidente Guaid\u00f3 los planteamientos acordes a la realidad del pa\u00eds\ny record\u00f3 que esta es una propuesta que Unidad Visi\u00f3n Venezuela ha venido\nconcibiendo y ha hecho p\u00fablica reiteradamente, pero lamentablemente hasta ahora\nno se ha tomado en cuenta. \u201c<em>Esperamos que en esta oportunidad no ocurra,\ncomo en ocasiones anteriores, que ante la divisi\u00f3n existente p\u00fablica y notoria,\nse recurra a un nuevo llamado para fortalecer un nuevo cogollo alrededor de\nusted, ya que todos sabemos cu\u00e1l ha sido el resultado ante este tipo de acciones<\/em>\u201d.<\/p>\n\n\n\n<p>Seryhumano.com \/ Omar \u00c1vila*<\/p>\n\n\n\n<p>*Diputado de la Asamblea Nacional<\/p>\n","protected":false},"excerpt":{"rendered":"<p>\u00a0\u201cLa situaci\u00f3n actual requiere que el liderazgo tome una posici\u00f3n conjunta ante el drama que sufre nuestro pueblo; por lo que tenemos que sentarnos a buscar una estrategia com\u00fan\u201d Prensa UViVzla. 09.07.19.-&nbsp;\u201cA prop\u00f3sito de su anuncio del presidente de la Asamblea Nacional, Juan Guaid\u00f3, de iniciar una ronda de consultas con l\u00edderes nacionales e internacionales\u201d,&hellip;<\/p>\n","protected":false},"author":305,"featured_media":31977,"comment_status":"closed","ping_status":"closed","sticky":false,"template":"","format":"standard","meta":{"footnotes":""},"categories":[110],"tags":[],"class_list":["post-31976","post","type-post","status-publish","format-standard","has-post-thumbnail","hentry","category-noticias","category-110","description-off"],"yoast_head":"<!-- This site is optimized with the Yoast SEO plugin v25.4 - https:\/\/yoast.com\/wordpress\/plugins\/seo\/ -->\n<title>Diputado Omar \u00c1vila consign\u00f3 propuesta para un Encuentro Nacional de la Oposici\u00f3n &#187; SeryHumano.com<\/title>\n<meta name=\"robots\" content=\"index, follow, max-snippet:-1, max-image-preview:large, max-video-preview:-1\" \/>\n<link rel=\"canonical\" href=\"https:\/\/seryhumano.com\/web\/?p=31976\" \/>\n<meta property=\"og:locale\" content=\"es_ES\" \/>\n<meta property=\"og:type\" content=\"article\" \/>\n<meta property=\"og:title\" content=\"Diputado Omar \u00c1vila consign\u00f3 propuesta para un Encuentro Nacional de la Oposici\u00f3n &#187; SeryHumano.com\" \/>\n<meta property=\"og:description\" content=\"\u00a0\u201cLa situaci\u00f3n actual requiere que el liderazgo tome una posici\u00f3n conjunta ante el drama que sufre nuestro pueblo; por lo que tenemos que sentarnos a buscar una estrategia com\u00fan\u201d Prensa UViVzla. 09.07.19.-&nbsp;\u201cA prop\u00f3sito de su anuncio del presidente de la Asamblea Nacional, Juan Guaid\u00f3, de iniciar una ronda de consultas con l\u00edderes nacionales e internacionales\u201d,&hellip;\" \/>\n<meta property=\"og:url\" content=\"https:\/\/seryhumano.com\/web\/?p=31976\" \/>\n<meta property=\"og:site_name\" content=\"SeryHumano.com\" \/>\n<meta property=\"article:publisher\" content=\"https:\/\/www.facebook.com\/seryhumano\/\" \/>\n<meta property=\"article:published_time\" content=\"2019-07-10T02:17:45+00:00\" \/>\n<meta property=\"article:modified_time\" content=\"2019-07-10T02:18:25+00:00\" \/>\n<meta property=\"og:image\" content=\"https:\/\/seryhumano.com\/web\/wp-content\/uploads\/2019\/07\/O-\u00c1.jpg\" \/>\n\t<meta property=\"og:image:width\" content=\"1024\" \/>\n\t<meta property=\"og:image:height\" content=\"936\" \/>\n\t<meta property=\"og:image:type\" content=\"image\/jpeg\" \/>\n<meta name=\"author\" content=\"Redacci\u00f3n SeryHumano.com\" \/>\n<meta name=\"twitter:card\" content=\"summary_large_image\" \/>\n<meta name=\"twitter:creator\" content=\"@SeryHumano\" \/>\n<meta name=\"twitter:site\" content=\"@SeryHumano\" \/>\n<meta name=\"twitter:label1\" content=\"Escrito por\" \/>\n\t<meta name=\"twitter:data1\" content=\"Redacci\u00f3n SeryHumano.com\" \/>\n\t<meta name=\"twitter:label2\" content=\"Tiempo de lectura\" \/>\n\t<meta name=\"twitter:data2\" content=\"4 minutos\" \/>\n<script type=\"application\/ld+json\" class=\"yoast-schema-graph\">{\"@context\":\"https:\/\/schema.org\",\"@graph\":[{\"@type\":\"Article\",\"@id\":\"https:\/\/seryhumano.com\/web\/?p=31976#article\",\"isPartOf\":{\"@id\":\"https:\/\/seryhumano.com\/web\/?p=31976\"},\"author\":{\"name\":\"Redacci\u00f3n SeryHumano.com\",\"@id\":\"https:\/\/seryhumano.com\/web\/#\/schema\/person\/f4adb88e2944ce8c1d005724eb1186d6\"},\"headline\":\"Diputado Omar \u00c1vila consign\u00f3 propuesta para un Encuentro Nacional de la Oposici\u00f3n\",\"datePublished\":\"2019-07-10T02:17:45+00:00\",\"dateModified\":\"2019-07-10T02:18:25+00:00\",\"mainEntityOfPage\":{\"@id\":\"https:\/\/seryhumano.com\/web\/?p=31976\"},\"wordCount\":757,\"publisher\":{\"@id\":\"https:\/\/seryhumano.com\/web\/#organization\"},\"image\":{\"@id\":\"https:\/\/seryhumano.com\/web\/?p=31976#primaryimage\"},\"thumbnailUrl\":\"https:\/\/seryhumano.com\/web\/wp-content\/uploads\/2019\/07\/O-\u00c1.jpg\",\"articleSection\":[\"Noticias\"],\"inLanguage\":\"es\"},{\"@type\":\"WebPage\",\"@id\":\"https:\/\/seryhumano.com\/web\/?p=31976\",\"url\":\"https:\/\/seryhumano.com\/web\/?p=31976\",\"name\":\"Diputado Omar \u00c1vila consign\u00f3 propuesta para un Encuentro Nacional de la Oposici\u00f3n &#187; SeryHumano.com\",\"isPartOf\":{\"@id\":\"https:\/\/seryhumano.com\/web\/#website\"},\"primaryImageOfPage\":{\"@id\":\"https:\/\/seryhumano.com\/web\/?p=31976#primaryimage\"},\"image\":{\"@id\":\"https:\/\/seryhumano.com\/web\/?p=31976#primaryimage\"},\"thumbnailUrl\":\"https:\/\/seryhumano.com\/web\/wp-content\/uploads\/2019\/07\/O-\u00c1.jpg\",\"datePublished\":\"2019-07-10T02:17:45+00:00\",\"dateModified\":\"2019-07-10T02:18:25+00:00\",\"breadcrumb\":{\"@id\":\"https:\/\/seryhumano.com\/web\/?p=31976#breadcrumb\"},\"inLanguage\":\"es\",\"potentialAction\":[{\"@type\":\"ReadAction\",\"target\":[\"https:\/\/seryhumano.com\/web\/?p=31976\"]}]},{\"@type\":\"ImageObject\",\"inLanguage\":\"es\",\"@id\":\"https:\/\/seryhumano.com\/web\/?p=31976#primaryimage\",\"url\":\"https:\/\/seryhumano.com\/web\/wp-content\/uploads\/2019\/07\/O-\u00c1.jpg\",\"contentUrl\":\"https:\/\/seryhumano.com\/web\/wp-content\/uploads\/2019\/07\/O-\u00c1.jpg\",\"width\":1024,\"height\":936},{\"@type\":\"BreadcrumbList\",\"@id\":\"https:\/\/seryhumano.com\/web\/?p=31976#breadcrumb\",\"itemListElement\":[{\"@type\":\"ListItem\",\"position\":1,\"name\":\"Portada\",\"item\":\"https:\/\/seryhumano.com\/web\/\"},{\"@type\":\"ListItem\",\"position\":2,\"name\":\"Diputado Omar \u00c1vila consign\u00f3 propuesta para un Encuentro Nacional de la Oposici\u00f3n\"}]},{\"@type\":\"WebSite\",\"@id\":\"https:\/\/seryhumano.com\/web\/#website\",\"url\":\"https:\/\/seryhumano.com\/web\/\",\"name\":\"SeryHumano.com\",\"description\":\"Revista digital muy humana, donde lo mas importante es el Ser...\",\"publisher\":{\"@id\":\"https:\/\/seryhumano.com\/web\/#organization\"},\"potentialAction\":[{\"@type\":\"SearchAction\",\"target\":{\"@type\":\"EntryPoint\",\"urlTemplate\":\"https:\/\/seryhumano.com\/web\/?s={search_term_string}\"},\"query-input\":{\"@type\":\"PropertyValueSpecification\",\"valueRequired\":true,\"valueName\":\"search_term_string\"}}],\"inLanguage\":\"es\"},{\"@type\":\"Organization\",\"@id\":\"https:\/\/seryhumano.com\/web\/#organization\",\"name\":\"SeryHumano.com\",\"url\":\"https:\/\/seryhumano.com\/web\/\",\"logo\":{\"@type\":\"ImageObject\",\"inLanguage\":\"es\",\"@id\":\"https:\/\/seryhumano.com\/web\/#\/schema\/logo\/image\/\",\"url\":\"https:\/\/seryhumano.com\/web\/wp-content\/uploads\/2020\/02\/JNe5VRwH_400x400-2.jpg\",\"contentUrl\":\"https:\/\/seryhumano.com\/web\/wp-content\/uploads\/2020\/02\/JNe5VRwH_400x400-2.jpg\",\"width\":400,\"height\":400,\"caption\":\"SeryHumano.com\"},\"image\":{\"@id\":\"https:\/\/seryhumano.com\/web\/#\/schema\/logo\/image\/\"},\"sameAs\":[\"https:\/\/www.facebook.com\/seryhumano\/\",\"https:\/\/x.com\/SeryHumano\",\"https:\/\/www.instagram.com\/seryhumano\/\",\"https:\/\/www.linkedin.com\/company\/seryhumano-com\/\",\"https:\/\/www.youtube.com\/channel\/UCYfgIGSxygVnJAW0e9ZBZWg\"]},{\"@type\":\"Person\",\"@id\":\"https:\/\/seryhumano.com\/web\/#\/schema\/person\/f4adb88e2944ce8c1d005724eb1186d6\",\"name\":\"Redacci\u00f3n SeryHumano.com\",\"sameAs\":[\"http:\/\/seryhumano.com\"],\"url\":\"https:\/\/seryhumano.com\/web\/?author=305\"}]}<\/script>\n<!-- \/ Yoast SEO plugin. -->","yoast_head_json":{"title":"Diputado Omar \u00c1vila consign\u00f3 propuesta para un Encuentro Nacional de la Oposici\u00f3n &#187; SeryHumano.com","robots":{"index":"index","follow":"follow","max-snippet":"max-snippet:-1","max-image-preview":"max-image-preview:large","max-video-preview":"max-video-preview:-1"},"canonical":"https:\/\/seryhumano.com\/web\/?p=31976","og_locale":"es_ES","og_type":"article","og_title":"Diputado Omar \u00c1vila consign\u00f3 propuesta para un Encuentro Nacional de la Oposici\u00f3n &#187; SeryHumano.com","og_description":"\u00a0\u201cLa situaci\u00f3n actual requiere que el liderazgo tome una posici\u00f3n conjunta ante el drama que sufre nuestro pueblo; por lo que tenemos que sentarnos a buscar una estrategia com\u00fan\u201d Prensa UViVzla. 09.07.19.-&nbsp;\u201cA prop\u00f3sito de su anuncio del presidente de la Asamblea Nacional, Juan Guaid\u00f3, de iniciar una ronda de consultas con l\u00edderes nacionales e internacionales\u201d,&hellip;","og_url":"https:\/\/seryhumano.com\/web\/?p=31976","og_site_name":"SeryHumano.com","article_publisher":"https:\/\/www.facebook.com\/seryhumano\/","article_published_time":"2019-07-10T02:17:45+00:00","article_modified_time":"2019-07-10T02:18:25+00:00","og_image":[{"width":1024,"height":936,"url":"https:\/\/seryhumano.com\/web\/wp-content\/uploads\/2019\/07\/O-\u00c1.jpg","type":"image\/jpeg"}],"author":"Redacci\u00f3n SeryHumano.com","twitter_card":"summary_large_image","twitter_creator":"@SeryHumano","twitter_site":"@SeryHumano","twitter_misc":{"Escrito por":"Redacci\u00f3n SeryHumano.com","Tiempo de lectura":"4 minutos"},"schema":{"@context":"https:\/\/schema.org","@graph":[{"@type":"Article","@id":"https:\/\/seryhumano.com\/web\/?p=31976#article","isPartOf":{"@id":"https:\/\/seryhumano.com\/web\/?p=31976"},"author":{"name":"Redacci\u00f3n SeryHumano.com","@id":"https:\/\/seryhumano.com\/web\/#\/schema\/person\/f4adb88e2944ce8c1d005724eb1186d6"},"headline":"Diputado Omar \u00c1vila consign\u00f3 propuesta para un Encuentro Nacional de la Oposici\u00f3n","datePublished":"2019-07-10T02:17:45+00:00","dateModified":"2019-07-10T02:18:25+00:00","mainEntityOfPage":{"@id":"https:\/\/seryhumano.com\/web\/?p=31976"},"wordCount":757,"publisher":{"@id":"https:\/\/seryhumano.com\/web\/#organization"},"image":{"@id":"https:\/\/seryhumano.com\/web\/?p=31976#primaryimage"},"thumbnailUrl":"https:\/\/seryhumano.com\/web\/wp-content\/uploads\/2019\/07\/O-\u00c1.jpg","articleSection":["Noticias"],"inLanguage":"es"},{"@type":"WebPage","@id":"https:\/\/seryhumano.com\/web\/?p=31976","url":"https:\/\/seryhumano.com\/web\/?p=31976","name":"Diputado Omar \u00c1vila consign\u00f3 propuesta para un Encuentro Nacional de la Oposici\u00f3n &#187; SeryHumano.com","isPartOf":{"@id":"https:\/\/seryhumano.com\/web\/#website"},"primaryImageOfPage":{"@id":"https:\/\/seryhumano.com\/web\/?p=31976#primaryimage"},"image":{"@id":"https:\/\/seryhumano.com\/web\/?p=31976#primaryimage"},"thumbnailUrl":"https:\/\/seryhumano.com\/web\/wp-content\/uploads\/2019\/07\/O-\u00c1.jpg","datePublished":"2019-07-10T02:17:45+00:00","dateModified":"2019-07-10T02:18:25+00:00","breadcrumb":{"@id":"https:\/\/seryhumano.com\/web\/?p=31976#breadcrumb"},"inLanguage":"es","potentialAction":[{"@type":"ReadAction","target":["https:\/\/seryhumano.com\/web\/?p=31976"]}]},{"@type":"ImageObject","inLanguage":"es","@id":"https:\/\/seryhumano.com\/web\/?p=31976#primaryimage","url":"https:\/\/seryhumano.com\/web\/wp-content\/uploads\/2019\/07\/O-\u00c1.jpg","contentUrl":"https:\/\/seryhumano.com\/web\/wp-content\/uploads\/2019\/07\/O-\u00c1.jpg","width":1024,"height":936},{"@type":"BreadcrumbList","@id":"https:\/\/seryhumano.com\/web\/?p=31976#breadcrumb","itemListElement":[{"@type":"ListItem","position":1,"name":"Portada","item":"https:\/\/seryhumano.com\/web\/"},{"@type":"ListItem","position":2,"name":"Diputado Omar \u00c1vila consign\u00f3 propuesta para un Encuentro Nacional de la Oposici\u00f3n"}]},{"@type":"WebSite","@id":"https:\/\/seryhumano.com\/web\/#website","url":"https:\/\/seryhumano.com\/web\/","name":"SeryHumano.com","description":"Revista digital muy humana, donde lo mas importante es el Ser...","publisher":{"@id":"https:\/\/seryhumano.com\/web\/#organization"},"potentialAction":[{"@type":"SearchAction","target":{"@type":"EntryPoint","urlTemplate":"https:\/\/seryhumano.com\/web\/?s={search_term_string}"},"query-input":{"@type":"PropertyValueSpecification","valueRequired":true,"valueName":"search_term_string"}}],"inLanguage":"es"},{"@type":"Organization","@id":"https:\/\/seryhumano.com\/web\/#organization","name":"SeryHumano.com","url":"https:\/\/seryhumano.com\/web\/","logo":{"@type":"ImageObject","inLanguage":"es","@id":"https:\/\/seryhumano.com\/web\/#\/schema\/logo\/image\/","url":"https:\/\/seryhumano.com\/web\/wp-content\/uploads\/2020\/02\/JNe5VRwH_400x400-2.jpg","contentUrl":"https:\/\/seryhumano.com\/web\/wp-content\/uploads\/2020\/02\/JNe5VRwH_400x400-2.jpg","width":400,"height":400,"caption":"SeryHumano.com"},"image":{"@id":"https:\/\/seryhumano.com\/web\/#\/schema\/logo\/image\/"},"sameAs":["https:\/\/www.facebook.com\/seryhumano\/","https:\/\/x.com\/SeryHumano","https:\/\/www.instagram.com\/seryhumano\/","https:\/\/www.linkedin.com\/company\/seryhumano-com\/","https:\/\/www.youtube.com\/channel\/UCYfgIGSxygVnJAW0e9ZBZWg"]},{"@type":"Person","@id":"https:\/\/seryhumano.com\/web\/#\/schema\/person\/f4adb88e2944ce8c1d005724eb1186d6","name":"Redacci\u00f3n SeryHumano.com","sameAs":["http:\/\/seryhumano.com"],"url":"https:\/\/seryhumano.com\/web\/?author=305"}]}},"_links":{"self":[{"href":"https:\/\/seryhumano.com\/web\/index.php?rest_route=\/wp\/v2\/posts\/31976","targetHints":{"allow":["GET"]}}],"collection":[{"href":"https:\/\/seryhumano.com\/web\/index.php?rest_route=\/wp\/v2\/posts"}],"about":[{"href":"https:\/\/seryhumano.com\/web\/index.php?rest_route=\/wp\/v2\/types\/post"}],"author":[{"embeddable":true,"href":"https:\/\/seryhumano.com\/web\/index.php?rest_route=\/wp\/v2\/users\/305"}],"replies":[{"embeddable":true,"href":"https:\/\/seryhumano.com\/web\/index.php?rest_route=%2Fwp%2Fv2%2Fcomments&post=31976"}],"version-history":[{"count":0,"href":"https:\/\/seryhumano.com\/web\/index.php?rest_route=\/wp\/v2\/posts\/31976\/revisions"}],"wp:featuredmedia":[{"embeddable":true,"href":"https:\/\/seryhumano.com\/web\/index.php?rest_route=\/wp\/v2\/media\/31977"}],"wp:attachment":[{"href":"https:\/\/seryhumano.com\/web\/index.php?rest_route=%2Fwp%2Fv2%2Fmedia&parent=31976"}],"wp:term":[{"taxonomy":"category","embeddable":true,"href":"https:\/\/seryhumano.com\/web\/index.php?rest_route=%2Fwp%2Fv2%2Fcategories&post=31976"},{"taxonomy":"post_tag","embeddable":true,"href":"https:\/\/seryhumano.com\/web\/index.php?rest_route=%2Fwp%2Fv2%2Ftags&post=31976"}],"curies":[{"name":"wp","href":"https:\/\/api.w.org\/{rel}","templated":true}]}}