{"id":32520,"date":"2019-09-13T07:56:19","date_gmt":"2019-09-13T12:26:19","guid":{"rendered":"https:\/\/seryhumano.com\/web\/?p=32520"},"modified":"2019-09-13T07:56:40","modified_gmt":"2019-09-13T12:26:40","slug":"viernes-13-el-origen-de-la-historia-de-terror-y-mala-suerte","status":"publish","type":"post","link":"https:\/\/seryhumano.com\/web\/?p=32520","title":{"rendered":"Viernes 13: el origen de la historia de terror y mala suerte"},"content":{"rendered":"\n<figure class=\"wp-block-image\"><img loading=\"lazy\" decoding=\"async\" width=\"1024\" height=\"535\" src=\"https:\/\/seryhumano.com\/web\/wp-content\/uploads\/2019\/09\/viernes-13-1024x535.png\" alt=\"\" class=\"wp-image-32521\" srcset=\"https:\/\/seryhumano.com\/web\/wp-content\/uploads\/2019\/09\/viernes-13.png 1024w, https:\/\/seryhumano.com\/web\/wp-content\/uploads\/2019\/09\/viernes-13-300x157.png 300w, https:\/\/seryhumano.com\/web\/wp-content\/uploads\/2019\/09\/viernes-13-768x401.png 768w\" sizes=\"auto, (max-width: 1024px) 100vw, 1024px\" \/><\/figure>\n\n\n\n<p>El calendario hace que este viernes coincida con el n\u00famero\n13, fecha conocida por su relaci\u00f3n con la mala suerte. Conoce la historia y los\ntr\u00e1gicos acontecimientos ocurridos un viernes 13.<\/p>\n\n\n\n<p>En varios pa\u00edses esta fecha est\u00e1 relacionada con la mala\nsuerte, debido a que en la antig\u00fcedad fue asociado con el apocalipsis, el\nanticristo y la muerte. Pero, \u00bfcu\u00e1l es su origen?<\/p>\n\n\n\n<p>La leyenda se remonta a 1307 cuando un grupo de caballeros\ntemplarios, quienes pose\u00edan gran fortuna, fue capturado y asesinado bajo la\norden de Felipe IV de Francia.<\/p>\n\n\n\n<p>A\u00f1os m\u00e1s tarde fue capturado Jacques de Molay, el \u00faltimo\ngran maestre de la Orden del Temple, quien fue condenado a la hoguera, pero\nantes de morir lanz\u00f3 una maldici\u00f3n.<\/p>\n\n\n\n<p><em>\u201c\u00a1Papa Clemente! \u00a1Caballero Guillermo! \u00a1Rey\nFelipe! \u00a1Antes de un a\u00f1o yo os emplazo para que comparezc\u00e1is ante el tribunal\nde Dios, para recibir vuestro justo castigo! \u00a1Malditos, malditos! \u00a1Malditos\nhasta la decimotercera generaci\u00f3n de vuestro linaje!\u201d,<\/em> dijo,\nseg\u00fan publicaci\u00f3n en El Pa\u00eds.<\/p>\n\n\n\n<p>Si bien su muerte no ocurri\u00f3 un viernes 13, la historia\nasoci\u00f3 la maldici\u00f3n a la fecha en que comenz\u00f3 la eliminaci\u00f3n de los templarios.\nEfectivamente, antes de cumplirse un a\u00f1o de la maldici\u00f3n, fallecieron tanto\nFelipe IV como Clemente V.<\/p>\n\n\n\n<p>Adem\u00e1s, en viernes 13 han ocurrido otras tragedias, como el\nincendio en la ciudad de Victoria, en <strong>Australia<\/strong>, ocurrido un 13 de\ndiciembre de 1939, donde murieron m\u00e1s de 70 personas. En <strong>Uruguay<\/strong>, un 13\nde octubre de 1972, se estrell\u00f3 el avi\u00f3n de la Fuerza A\u00e9rea en Los Andes que\nviajaban con el equipo de rugby. En enero 2012, el crucero Costa Concordia se\nqued\u00f3 varado en la isla de Giglio en <strong>Italia<\/strong> y murieron 30 personas.<\/p>\n\n\n\n<p>El cine tambi\u00e9n se ha encargado de reforzar el temor al\nviernes 13 con la saga de pel\u00edculas de Sean Cunningham, de la versi\u00f3n escrita\npor Victor Miller, con el asesino conocido como Jason.<\/p>\n\n\n\n<figure class=\"wp-block-embed-youtube wp-block-embed is-type-video is-provider-youtube wp-embed-aspect-4-3 wp-has-aspect-ratio\"><div class=\"wp-block-embed__wrapper\">\n<span class=\"embed-youtube\" style=\"text-align:center; display: block;\"><iframe loading=\"lazy\" class=\"youtube-player\" width=\"1200\" height=\"675\" src=\"https:\/\/www.youtube.com\/embed\/GFl4HoK7E28?version=3&#038;rel=1&#038;showsearch=0&#038;showinfo=1&#038;iv_load_policy=1&#038;fs=1&#038;hl=es-ES&#038;autohide=2&#038;wmode=transparent\" allowfullscreen=\"true\" style=\"border:0;\" sandbox=\"allow-scripts allow-same-origin allow-popups allow-presentation allow-popups-to-escape-sandbox\"><\/iframe><\/span>\n<\/div><\/figure>\n\n\n\n<p>seryhumano.com <\/p>\n\n\n\n<p>Tomado de La Rep\u00fablica<\/p>\n\n\n\n<p><strong>Si quiere recibir en su celular esta y otras informaciones y art\u00edculos descargue Telegram, ingrese al link <a href=\"https:\/\/t.me\/seryhumano\">htts:\/\/t.ime\/seryhumano<\/a> y dele clicka +Unirme<\/strong><\/p>\n","protected":false},"excerpt":{"rendered":"<p>El calendario hace que este viernes coincida con el n\u00famero 13, fecha conocida por su relaci\u00f3n con la mala suerte. Conoce la historia y los tr\u00e1gicos acontecimientos ocurridos un viernes 13. En varios pa\u00edses esta fecha est\u00e1 relacionada con la mala suerte, debido a que en la antig\u00fcedad fue asociado con el apocalipsis, el anticristo&hellip;<\/p>\n","protected":false},"author":305,"featured_media":32521,"comment_status":"closed","ping_status":"closed","sticky":false,"template":"","format":"standard","meta":{"footnotes":""},"categories":[122],"tags":[],"class_list":["post-32520","post","type-post","status-publish","format-standard","has-post-thumbnail","hentry","category-cultura","category-122","description-off"],"yoast_head":"<!-- This site is optimized with the Yoast SEO plugin v25.4 - https:\/\/yoast.com\/wordpress\/plugins\/seo\/ -->\n<title>Viernes 13: el origen de la historia de terror y mala suerte &#187; SeryHumano.com<\/title>\n<meta name=\"robots\" content=\"index, follow, max-snippet:-1, max-image-preview:large, max-video-preview:-1\" \/>\n<link rel=\"canonical\" href=\"https:\/\/seryhumano.com\/web\/?p=32520\" \/>\n<meta property=\"og:locale\" content=\"es_ES\" \/>\n<meta property=\"og:type\" content=\"article\" \/>\n<meta property=\"og:title\" content=\"Viernes 13: el origen de la historia de terror y mala suerte &#187; SeryHumano.com\" \/>\n<meta property=\"og:description\" content=\"El calendario hace que este viernes coincida con el n\u00famero 13, fecha conocida por su relaci\u00f3n con la mala suerte. Conoce la historia y los tr\u00e1gicos acontecimientos ocurridos un viernes 13. En varios pa\u00edses esta fecha est\u00e1 relacionada con la mala suerte, debido a que en la antig\u00fcedad fue asociado con el apocalipsis, el anticristo&hellip;\" \/>\n<meta property=\"og:url\" content=\"https:\/\/seryhumano.com\/web\/?p=32520\" \/>\n<meta property=\"og:site_name\" content=\"SeryHumano.com\" \/>\n<meta property=\"article:publisher\" content=\"https:\/\/www.facebook.com\/seryhumano\/\" \/>\n<meta property=\"article:published_time\" content=\"2019-09-13T12:26:19+00:00\" \/>\n<meta property=\"article:modified_time\" content=\"2019-09-13T12:26:40+00:00\" \/>\n<meta property=\"og:image\" content=\"https:\/\/seryhumano.com\/web\/wp-content\/uploads\/2019\/09\/viernes-13.png\" \/>\n\t<meta property=\"og:image:width\" content=\"1024\" \/>\n\t<meta property=\"og:image:height\" content=\"535\" \/>\n\t<meta property=\"og:image:type\" content=\"image\/png\" \/>\n<meta name=\"author\" content=\"Redacci\u00f3n SeryHumano.com\" \/>\n<meta name=\"twitter:card\" content=\"summary_large_image\" \/>\n<meta name=\"twitter:creator\" content=\"@SeryHumano\" \/>\n<meta name=\"twitter:site\" content=\"@SeryHumano\" \/>\n<meta name=\"twitter:label1\" content=\"Escrito por\" \/>\n\t<meta name=\"twitter:data1\" content=\"Redacci\u00f3n SeryHumano.com\" \/>\n\t<meta name=\"twitter:label2\" content=\"Tiempo de lectura\" \/>\n\t<meta name=\"twitter:data2\" content=\"2 minutos\" \/>\n<script type=\"application\/ld+json\" class=\"yoast-schema-graph\">{\"@context\":\"https:\/\/schema.org\",\"@graph\":[{\"@type\":\"Article\",\"@id\":\"https:\/\/seryhumano.com\/web\/?p=32520#article\",\"isPartOf\":{\"@id\":\"https:\/\/seryhumano.com\/web\/?p=32520\"},\"author\":{\"name\":\"Redacci\u00f3n SeryHumano.com\",\"@id\":\"https:\/\/seryhumano.com\/web\/#\/schema\/person\/f4adb88e2944ce8c1d005724eb1186d6\"},\"headline\":\"Viernes 13: el origen de la historia de terror y mala suerte\",\"datePublished\":\"2019-09-13T12:26:19+00:00\",\"dateModified\":\"2019-09-13T12:26:40+00:00\",\"mainEntityOfPage\":{\"@id\":\"https:\/\/seryhumano.com\/web\/?p=32520\"},\"wordCount\":383,\"publisher\":{\"@id\":\"https:\/\/seryhumano.com\/web\/#organization\"},\"image\":{\"@id\":\"https:\/\/seryhumano.com\/web\/?p=32520#primaryimage\"},\"thumbnailUrl\":\"https:\/\/seryhumano.com\/web\/wp-content\/uploads\/2019\/09\/viernes-13.png\",\"articleSection\":[\"Cultura del Ser\"],\"inLanguage\":\"es\"},{\"@type\":\"WebPage\",\"@id\":\"https:\/\/seryhumano.com\/web\/?p=32520\",\"url\":\"https:\/\/seryhumano.com\/web\/?p=32520\",\"name\":\"Viernes 13: el origen de la historia de terror y mala suerte &#187; SeryHumano.com\",\"isPartOf\":{\"@id\":\"https:\/\/seryhumano.com\/web\/#website\"},\"primaryImageOfPage\":{\"@id\":\"https:\/\/seryhumano.com\/web\/?p=32520#primaryimage\"},\"image\":{\"@id\":\"https:\/\/seryhumano.com\/web\/?p=32520#primaryimage\"},\"thumbnailUrl\":\"https:\/\/seryhumano.com\/web\/wp-content\/uploads\/2019\/09\/viernes-13.png\",\"datePublished\":\"2019-09-13T12:26:19+00:00\",\"dateModified\":\"2019-09-13T12:26:40+00:00\",\"breadcrumb\":{\"@id\":\"https:\/\/seryhumano.com\/web\/?p=32520#breadcrumb\"},\"inLanguage\":\"es\",\"potentialAction\":[{\"@type\":\"ReadAction\",\"target\":[\"https:\/\/seryhumano.com\/web\/?p=32520\"]}]},{\"@type\":\"ImageObject\",\"inLanguage\":\"es\",\"@id\":\"https:\/\/seryhumano.com\/web\/?p=32520#primaryimage\",\"url\":\"https:\/\/seryhumano.com\/web\/wp-content\/uploads\/2019\/09\/viernes-13.png\",\"contentUrl\":\"https:\/\/seryhumano.com\/web\/wp-content\/uploads\/2019\/09\/viernes-13.png\",\"width\":1024,\"height\":535},{\"@type\":\"BreadcrumbList\",\"@id\":\"https:\/\/seryhumano.com\/web\/?p=32520#breadcrumb\",\"itemListElement\":[{\"@type\":\"ListItem\",\"position\":1,\"name\":\"Portada\",\"item\":\"https:\/\/seryhumano.com\/web\/\"},{\"@type\":\"ListItem\",\"position\":2,\"name\":\"Viernes 13: el origen de la historia de terror y mala suerte\"}]},{\"@type\":\"WebSite\",\"@id\":\"https:\/\/seryhumano.com\/web\/#website\",\"url\":\"https:\/\/seryhumano.com\/web\/\",\"name\":\"SeryHumano.com\",\"description\":\"Revista digital muy humana, donde lo mas importante es el Ser...\",\"publisher\":{\"@id\":\"https:\/\/seryhumano.com\/web\/#organization\"},\"potentialAction\":[{\"@type\":\"SearchAction\",\"target\":{\"@type\":\"EntryPoint\",\"urlTemplate\":\"https:\/\/seryhumano.com\/web\/?s={search_term_string}\"},\"query-input\":{\"@type\":\"PropertyValueSpecification\",\"valueRequired\":true,\"valueName\":\"search_term_string\"}}],\"inLanguage\":\"es\"},{\"@type\":\"Organization\",\"@id\":\"https:\/\/seryhumano.com\/web\/#organization\",\"name\":\"SeryHumano.com\",\"url\":\"https:\/\/seryhumano.com\/web\/\",\"logo\":{\"@type\":\"ImageObject\",\"inLanguage\":\"es\",\"@id\":\"https:\/\/seryhumano.com\/web\/#\/schema\/logo\/image\/\",\"url\":\"https:\/\/seryhumano.com\/web\/wp-content\/uploads\/2020\/02\/JNe5VRwH_400x400-2.jpg\",\"contentUrl\":\"https:\/\/seryhumano.com\/web\/wp-content\/uploads\/2020\/02\/JNe5VRwH_400x400-2.jpg\",\"width\":400,\"height\":400,\"caption\":\"SeryHumano.com\"},\"image\":{\"@id\":\"https:\/\/seryhumano.com\/web\/#\/schema\/logo\/image\/\"},\"sameAs\":[\"https:\/\/www.facebook.com\/seryhumano\/\",\"https:\/\/x.com\/SeryHumano\",\"https:\/\/www.instagram.com\/seryhumano\/\",\"https:\/\/www.linkedin.com\/company\/seryhumano-com\/\",\"https:\/\/www.youtube.com\/channel\/UCYfgIGSxygVnJAW0e9ZBZWg\"]},{\"@type\":\"Person\",\"@id\":\"https:\/\/seryhumano.com\/web\/#\/schema\/person\/f4adb88e2944ce8c1d005724eb1186d6\",\"name\":\"Redacci\u00f3n SeryHumano.com\",\"sameAs\":[\"http:\/\/seryhumano.com\"],\"url\":\"https:\/\/seryhumano.com\/web\/?author=305\"}]}<\/script>\n<!-- \/ Yoast SEO plugin. -->","yoast_head_json":{"title":"Viernes 13: el origen de la historia de terror y mala suerte &#187; SeryHumano.com","robots":{"index":"index","follow":"follow","max-snippet":"max-snippet:-1","max-image-preview":"max-image-preview:large","max-video-preview":"max-video-preview:-1"},"canonical":"https:\/\/seryhumano.com\/web\/?p=32520","og_locale":"es_ES","og_type":"article","og_title":"Viernes 13: el origen de la historia de terror y mala suerte &#187; SeryHumano.com","og_description":"El calendario hace que este viernes coincida con el n\u00famero 13, fecha conocida por su relaci\u00f3n con la mala suerte. Conoce la historia y los tr\u00e1gicos acontecimientos ocurridos un viernes 13. En varios pa\u00edses esta fecha est\u00e1 relacionada con la mala suerte, debido a que en la antig\u00fcedad fue asociado con el apocalipsis, el anticristo&hellip;","og_url":"https:\/\/seryhumano.com\/web\/?p=32520","og_site_name":"SeryHumano.com","article_publisher":"https:\/\/www.facebook.com\/seryhumano\/","article_published_time":"2019-09-13T12:26:19+00:00","article_modified_time":"2019-09-13T12:26:40+00:00","og_image":[{"width":1024,"height":535,"url":"https:\/\/seryhumano.com\/web\/wp-content\/uploads\/2019\/09\/viernes-13.png","type":"image\/png"}],"author":"Redacci\u00f3n SeryHumano.com","twitter_card":"summary_large_image","twitter_creator":"@SeryHumano","twitter_site":"@SeryHumano","twitter_misc":{"Escrito por":"Redacci\u00f3n SeryHumano.com","Tiempo de lectura":"2 minutos"},"schema":{"@context":"https:\/\/schema.org","@graph":[{"@type":"Article","@id":"https:\/\/seryhumano.com\/web\/?p=32520#article","isPartOf":{"@id":"https:\/\/seryhumano.com\/web\/?p=32520"},"author":{"name":"Redacci\u00f3n SeryHumano.com","@id":"https:\/\/seryhumano.com\/web\/#\/schema\/person\/f4adb88e2944ce8c1d005724eb1186d6"},"headline":"Viernes 13: el origen de la historia de terror y mala suerte","datePublished":"2019-09-13T12:26:19+00:00","dateModified":"2019-09-13T12:26:40+00:00","mainEntityOfPage":{"@id":"https:\/\/seryhumano.com\/web\/?p=32520"},"wordCount":383,"publisher":{"@id":"https:\/\/seryhumano.com\/web\/#organization"},"image":{"@id":"https:\/\/seryhumano.com\/web\/?p=32520#primaryimage"},"thumbnailUrl":"https:\/\/seryhumano.com\/web\/wp-content\/uploads\/2019\/09\/viernes-13.png","articleSection":["Cultura del Ser"],"inLanguage":"es"},{"@type":"WebPage","@id":"https:\/\/seryhumano.com\/web\/?p=32520","url":"https:\/\/seryhumano.com\/web\/?p=32520","name":"Viernes 13: el origen de la historia de terror y mala suerte &#187; SeryHumano.com","isPartOf":{"@id":"https:\/\/seryhumano.com\/web\/#website"},"primaryImageOfPage":{"@id":"https:\/\/seryhumano.com\/web\/?p=32520#primaryimage"},"image":{"@id":"https:\/\/seryhumano.com\/web\/?p=32520#primaryimage"},"thumbnailUrl":"https:\/\/seryhumano.com\/web\/wp-content\/uploads\/2019\/09\/viernes-13.png","datePublished":"2019-09-13T12:26:19+00:00","dateModified":"2019-09-13T12:26:40+00:00","breadcrumb":{"@id":"https:\/\/seryhumano.com\/web\/?p=32520#breadcrumb"},"inLanguage":"es","potentialAction":[{"@type":"ReadAction","target":["https:\/\/seryhumano.com\/web\/?p=32520"]}]},{"@type":"ImageObject","inLanguage":"es","@id":"https:\/\/seryhumano.com\/web\/?p=32520#primaryimage","url":"https:\/\/seryhumano.com\/web\/wp-content\/uploads\/2019\/09\/viernes-13.png","contentUrl":"https:\/\/seryhumano.com\/web\/wp-content\/uploads\/2019\/09\/viernes-13.png","width":1024,"height":535},{"@type":"BreadcrumbList","@id":"https:\/\/seryhumano.com\/web\/?p=32520#breadcrumb","itemListElement":[{"@type":"ListItem","position":1,"name":"Portada","item":"https:\/\/seryhumano.com\/web\/"},{"@type":"ListItem","position":2,"name":"Viernes 13: el origen de la historia de terror y mala suerte"}]},{"@type":"WebSite","@id":"https:\/\/seryhumano.com\/web\/#website","url":"https:\/\/seryhumano.com\/web\/","name":"SeryHumano.com","description":"Revista digital muy humana, donde lo mas importante es el Ser...","publisher":{"@id":"https:\/\/seryhumano.com\/web\/#organization"},"potentialAction":[{"@type":"SearchAction","target":{"@type":"EntryPoint","urlTemplate":"https:\/\/seryhumano.com\/web\/?s={search_term_string}"},"query-input":{"@type":"PropertyValueSpecification","valueRequired":true,"valueName":"search_term_string"}}],"inLanguage":"es"},{"@type":"Organization","@id":"https:\/\/seryhumano.com\/web\/#organization","name":"SeryHumano.com","url":"https:\/\/seryhumano.com\/web\/","logo":{"@type":"ImageObject","inLanguage":"es","@id":"https:\/\/seryhumano.com\/web\/#\/schema\/logo\/image\/","url":"https:\/\/seryhumano.com\/web\/wp-content\/uploads\/2020\/02\/JNe5VRwH_400x400-2.jpg","contentUrl":"https:\/\/seryhumano.com\/web\/wp-content\/uploads\/2020\/02\/JNe5VRwH_400x400-2.jpg","width":400,"height":400,"caption":"SeryHumano.com"},"image":{"@id":"https:\/\/seryhumano.com\/web\/#\/schema\/logo\/image\/"},"sameAs":["https:\/\/www.facebook.com\/seryhumano\/","https:\/\/x.com\/SeryHumano","https:\/\/www.instagram.com\/seryhumano\/","https:\/\/www.linkedin.com\/company\/seryhumano-com\/","https:\/\/www.youtube.com\/channel\/UCYfgIGSxygVnJAW0e9ZBZWg"]},{"@type":"Person","@id":"https:\/\/seryhumano.com\/web\/#\/schema\/person\/f4adb88e2944ce8c1d005724eb1186d6","name":"Redacci\u00f3n SeryHumano.com","sameAs":["http:\/\/seryhumano.com"],"url":"https:\/\/seryhumano.com\/web\/?author=305"}]}},"_links":{"self":[{"href":"https:\/\/seryhumano.com\/web\/index.php?rest_route=\/wp\/v2\/posts\/32520","targetHints":{"allow":["GET"]}}],"collection":[{"href":"https:\/\/seryhumano.com\/web\/index.php?rest_route=\/wp\/v2\/posts"}],"about":[{"href":"https:\/\/seryhumano.com\/web\/index.php?rest_route=\/wp\/v2\/types\/post"}],"author":[{"embeddable":true,"href":"https:\/\/seryhumano.com\/web\/index.php?rest_route=\/wp\/v2\/users\/305"}],"replies":[{"embeddable":true,"href":"https:\/\/seryhumano.com\/web\/index.php?rest_route=%2Fwp%2Fv2%2Fcomments&post=32520"}],"version-history":[{"count":0,"href":"https:\/\/seryhumano.com\/web\/index.php?rest_route=\/wp\/v2\/posts\/32520\/revisions"}],"wp:featuredmedia":[{"embeddable":true,"href":"https:\/\/seryhumano.com\/web\/index.php?rest_route=\/wp\/v2\/media\/32521"}],"wp:attachment":[{"href":"https:\/\/seryhumano.com\/web\/index.php?rest_route=%2Fwp%2Fv2%2Fmedia&parent=32520"}],"wp:term":[{"taxonomy":"category","embeddable":true,"href":"https:\/\/seryhumano.com\/web\/index.php?rest_route=%2Fwp%2Fv2%2Fcategories&post=32520"},{"taxonomy":"post_tag","embeddable":true,"href":"https:\/\/seryhumano.com\/web\/index.php?rest_route=%2Fwp%2Fv2%2Ftags&post=32520"}],"curies":[{"name":"wp","href":"https:\/\/api.w.org\/{rel}","templated":true}]}}