{"id":32691,"date":"2019-10-16T06:43:29","date_gmt":"2019-10-16T11:13:29","guid":{"rendered":"https:\/\/seryhumano.com\/web\/?p=32691"},"modified":"2019-10-16T06:43:47","modified_gmt":"2019-10-16T11:13:47","slug":"dia-del-profesor","status":"publish","type":"post","link":"https:\/\/seryhumano.com\/web\/?p=32691","title":{"rendered":"D\u00eda del Profesor"},"content":{"rendered":"\n<blockquote style=\"text-align:center\" class=\"wp-block-quote is-layout-flow wp-block-quote-is-layout-flow\"><p><br> <strong>El D\u00eda del Profesor en Chile es una efem\u00e9rides que conmemora la labor de los profesores de la educaci\u00f3n b\u00e1sica y media. Se celebra el 16 de octubre, fecha que coincide con el d\u00eda de la creaci\u00f3n del Colegio de Profesores de Chile (CPC) en 1974.<\/strong> <\/p><\/blockquote>\n\n\n\n<figure class=\"wp-block-image\"><img loading=\"lazy\" decoding=\"async\" width=\"1024\" height=\"674\" src=\"https:\/\/seryhumano.com\/web\/wp-content\/uploads\/2019\/10\/D\u00eda-del-Profesor-1024x674.jpg\" alt=\"\" class=\"wp-image-32692\" srcset=\"https:\/\/seryhumano.com\/web\/wp-content\/uploads\/2019\/10\/D\u00eda-del-Profesor.jpg 1024w, https:\/\/seryhumano.com\/web\/wp-content\/uploads\/2019\/10\/D\u00eda-del-Profesor-300x197.jpg 300w, https:\/\/seryhumano.com\/web\/wp-content\/uploads\/2019\/10\/D\u00eda-del-Profesor-768x505.jpg 768w\" sizes=\"auto, (max-width: 1024px) 100vw, 1024px\" \/><\/figure>\n\n\n\n<p>La primera conferencia de ministros y directores de\neducaci\u00f3n de las rep\u00fablicas americanas, acord\u00f3 instituir como el D\u00eda del\nMaestro del continente el d\u00eda 11 de septiembre, que es la fecha de aniversario\nde la muerte del educador argentino Domingo Faustino Sarmiento. Sin embargo, en\nChile se celebra cada 16 de octubre, fecha que qued\u00f3 fijada definitivamente en\n1977 y la cual coincide con la fundaci\u00f3n del Colegio de Profesores de Chile.<\/p>\n\n\n\n<p>El reconocimiento p\u00fablico en Chile para nuestros esforzados\nmaestros se comenz\u00f3 a estudiar en el a\u00f1o 1943, cuando se realiz\u00f3 la Primera\nConferencia Interamericana de Educaci\u00f3n, en Panam\u00e1, integrada por educadores de\ntoda Am\u00e9rica.<\/p>\n\n\n\n<p>En aquella ocasi\u00f3n se decidi\u00f3 establecer el d\u00eda 11 de\nseptiembre como el D\u00eda del Maestro, en honor a Domingo Faustino Sarmiento,\nprofesor argentino, iniciador de la cultura y educaci\u00f3n, que hab\u00eda muerto en\nesa misma fecha, 55 a\u00f1os antes, y hab\u00eda aportado much\u00edsimo a la educaci\u00f3n\nlatinoamericana.<\/p>\n\n\n\n<p>En Chile, su actividad en la ense\u00f1anza y en el periodismo\nfue notable. Organiz\u00f3 la primera escuela del magisterio en Sudam\u00e9rica y public\u00f3\nart\u00edculos en El Mercurio de Valpara\u00edso y en El Progreso de Santiago.<\/p>\n\n\n\n<p>As\u00ed, el d\u00eda 11 de septiembre de 1943, siendo presidente de\nla Rep\u00fablica don Juan Antonio R\u00edos, y Ministro de Educaci\u00f3n don Benjam\u00edn Claro,\nse public\u00f3 el siguiente decreto: \u201c<em>Se declara \u2018D\u00eda del Maestro\u2019 el 11 de\nseptiembre. Todos los a\u00f1os en los establecimientos educacionales del pa\u00eds se\ncelebrar\u00e1n festividades c\u00edvicas, veladas y otros actos educativos<\/em>\u201d.<\/p>\n\n\n\n<p>Posteriormente, siendo presidente Eduardo Frei Montalva y\nMinistro de Educaci\u00f3n Juan G\u00f3mez Millas, se ratific\u00f3 el 11 de septiembre\nmediante la publicaci\u00f3n de la Ley N\u00ba 16.662 del a\u00f1o 1967.<\/p>\n\n\n\n<p>A\u00f1os despu\u00e9s, espec\u00edficamente en octubre de 1974, se fij\u00f3\nel 10 de diciembre como fecha de celebraci\u00f3n, en homenaje al Premio Nobel de\nLiteratura, Gabriela Mistral, quien recibi\u00f3 dicha distinci\u00f3n la misma fecha,\npero en el a\u00f1o 1945.<\/p>\n\n\n\n<p>No obstante, fue en 1977 cuando qued\u00f3 fijada la fecha\ndefinitiva de celebraci\u00f3n en nuestro pa\u00eds, el d\u00eda 16 de octubre, ya que\ncoincide con la fundaci\u00f3n del Colegio de Profesores de Chile.<\/p>\n\n\n\n<p>\u201c<em>Considerando que el Colegio de Profesores de Chile ha\nsolicitado declarar el \u2018D\u00eda del Maestro\u2019 el 16 de octubre de cada a\u00f1o (que coincide\ncon la fecha de su fundaci\u00f3n), y considerando que el mes de diciembre es\ninconveniente dado que toda la comunidad escolar se encuentra abocada a\nactividades propias del t\u00e9rmino de a\u00f1o, la Junta de Gobierno decreta: (Art 1\u00ba:)\nDecl\u00e1rese D\u00eda del Profesor el 16 de octubre de cada a\u00f1o<\/em>\u201d.<\/p>\n\n\n\n<p>seryhumano.com <\/p>\n\n\n\n<p><strong>Si quiere recibir en su celular esta y otras informaciones y art\u00edculos descargue Telegram, ingrese al link <a href=\"https:\/\/t.me\/seryhumano\">htts:\/\/t.ime\/seryhumano<\/a> y dele click a +Unirme<\/strong><\/p>\n","protected":false},"excerpt":{"rendered":"<p>El D\u00eda del Profesor en Chile es una efem\u00e9rides que conmemora la labor de los profesores de la educaci\u00f3n b\u00e1sica y media. Se celebra el 16 de octubre, fecha que coincide con el d\u00eda de la creaci\u00f3n del Colegio de Profesores de Chile (CPC) en 1974. La primera conferencia de ministros y directores de educaci\u00f3n&hellip;<\/p>\n","protected":false},"author":305,"featured_media":32692,"comment_status":"closed","ping_status":"closed","sticky":false,"template":"","format":"standard","meta":{"footnotes":""},"categories":[122],"tags":[],"class_list":["post-32691","post","type-post","status-publish","format-standard","has-post-thumbnail","hentry","category-cultura","category-122","description-off"],"yoast_head":"<!-- This site is optimized with the Yoast SEO plugin v25.4 - https:\/\/yoast.com\/wordpress\/plugins\/seo\/ -->\n<title>D\u00eda del Profesor &#187; SeryHumano.com<\/title>\n<meta name=\"robots\" content=\"index, follow, max-snippet:-1, max-image-preview:large, max-video-preview:-1\" \/>\n<link rel=\"canonical\" href=\"https:\/\/seryhumano.com\/web\/?p=32691\" \/>\n<meta property=\"og:locale\" content=\"es_ES\" \/>\n<meta property=\"og:type\" content=\"article\" \/>\n<meta property=\"og:title\" content=\"D\u00eda del Profesor &#187; SeryHumano.com\" \/>\n<meta property=\"og:description\" content=\"El D\u00eda del Profesor en Chile es una efem\u00e9rides que conmemora la labor de los profesores de la educaci\u00f3n b\u00e1sica y media. Se celebra el 16 de octubre, fecha que coincide con el d\u00eda de la creaci\u00f3n del Colegio de Profesores de Chile (CPC) en 1974. La primera conferencia de ministros y directores de educaci\u00f3n&hellip;\" \/>\n<meta property=\"og:url\" content=\"https:\/\/seryhumano.com\/web\/?p=32691\" \/>\n<meta property=\"og:site_name\" content=\"SeryHumano.com\" \/>\n<meta property=\"article:publisher\" content=\"https:\/\/www.facebook.com\/seryhumano\/\" \/>\n<meta property=\"article:published_time\" content=\"2019-10-16T11:13:29+00:00\" \/>\n<meta property=\"article:modified_time\" content=\"2019-10-16T11:13:47+00:00\" \/>\n<meta property=\"og:image\" content=\"https:\/\/seryhumano.com\/web\/wp-content\/uploads\/2019\/10\/D\u00eda-del-Profesor.jpg\" \/>\n\t<meta property=\"og:image:width\" content=\"1024\" \/>\n\t<meta property=\"og:image:height\" content=\"674\" \/>\n\t<meta property=\"og:image:type\" content=\"image\/jpeg\" \/>\n<meta name=\"author\" content=\"Redacci\u00f3n SeryHumano.com\" \/>\n<meta name=\"twitter:card\" content=\"summary_large_image\" \/>\n<meta name=\"twitter:creator\" content=\"@SeryHumano\" \/>\n<meta name=\"twitter:site\" content=\"@SeryHumano\" \/>\n<meta name=\"twitter:label1\" content=\"Escrito por\" \/>\n\t<meta name=\"twitter:data1\" content=\"Redacci\u00f3n SeryHumano.com\" \/>\n\t<meta name=\"twitter:label2\" content=\"Tiempo de lectura\" \/>\n\t<meta name=\"twitter:data2\" content=\"3 minutos\" \/>\n<script type=\"application\/ld+json\" class=\"yoast-schema-graph\">{\"@context\":\"https:\/\/schema.org\",\"@graph\":[{\"@type\":\"Article\",\"@id\":\"https:\/\/seryhumano.com\/web\/?p=32691#article\",\"isPartOf\":{\"@id\":\"https:\/\/seryhumano.com\/web\/?p=32691\"},\"author\":{\"name\":\"Redacci\u00f3n SeryHumano.com\",\"@id\":\"https:\/\/seryhumano.com\/web\/#\/schema\/person\/f4adb88e2944ce8c1d005724eb1186d6\"},\"headline\":\"D\u00eda del Profesor\",\"datePublished\":\"2019-10-16T11:13:29+00:00\",\"dateModified\":\"2019-10-16T11:13:47+00:00\",\"mainEntityOfPage\":{\"@id\":\"https:\/\/seryhumano.com\/web\/?p=32691\"},\"wordCount\":536,\"publisher\":{\"@id\":\"https:\/\/seryhumano.com\/web\/#organization\"},\"image\":{\"@id\":\"https:\/\/seryhumano.com\/web\/?p=32691#primaryimage\"},\"thumbnailUrl\":\"https:\/\/seryhumano.com\/web\/wp-content\/uploads\/2019\/10\/D\u00eda-del-Profesor.jpg\",\"articleSection\":[\"Cultura del Ser\"],\"inLanguage\":\"es\"},{\"@type\":\"WebPage\",\"@id\":\"https:\/\/seryhumano.com\/web\/?p=32691\",\"url\":\"https:\/\/seryhumano.com\/web\/?p=32691\",\"name\":\"D\u00eda del Profesor &#187; SeryHumano.com\",\"isPartOf\":{\"@id\":\"https:\/\/seryhumano.com\/web\/#website\"},\"primaryImageOfPage\":{\"@id\":\"https:\/\/seryhumano.com\/web\/?p=32691#primaryimage\"},\"image\":{\"@id\":\"https:\/\/seryhumano.com\/web\/?p=32691#primaryimage\"},\"thumbnailUrl\":\"https:\/\/seryhumano.com\/web\/wp-content\/uploads\/2019\/10\/D\u00eda-del-Profesor.jpg\",\"datePublished\":\"2019-10-16T11:13:29+00:00\",\"dateModified\":\"2019-10-16T11:13:47+00:00\",\"breadcrumb\":{\"@id\":\"https:\/\/seryhumano.com\/web\/?p=32691#breadcrumb\"},\"inLanguage\":\"es\",\"potentialAction\":[{\"@type\":\"ReadAction\",\"target\":[\"https:\/\/seryhumano.com\/web\/?p=32691\"]}]},{\"@type\":\"ImageObject\",\"inLanguage\":\"es\",\"@id\":\"https:\/\/seryhumano.com\/web\/?p=32691#primaryimage\",\"url\":\"https:\/\/seryhumano.com\/web\/wp-content\/uploads\/2019\/10\/D\u00eda-del-Profesor.jpg\",\"contentUrl\":\"https:\/\/seryhumano.com\/web\/wp-content\/uploads\/2019\/10\/D\u00eda-del-Profesor.jpg\",\"width\":1024,\"height\":674},{\"@type\":\"BreadcrumbList\",\"@id\":\"https:\/\/seryhumano.com\/web\/?p=32691#breadcrumb\",\"itemListElement\":[{\"@type\":\"ListItem\",\"position\":1,\"name\":\"Portada\",\"item\":\"https:\/\/seryhumano.com\/web\/\"},{\"@type\":\"ListItem\",\"position\":2,\"name\":\"D\u00eda del Profesor\"}]},{\"@type\":\"WebSite\",\"@id\":\"https:\/\/seryhumano.com\/web\/#website\",\"url\":\"https:\/\/seryhumano.com\/web\/\",\"name\":\"SeryHumano.com\",\"description\":\"Revista digital muy humana, donde lo mas importante es el Ser...\",\"publisher\":{\"@id\":\"https:\/\/seryhumano.com\/web\/#organization\"},\"potentialAction\":[{\"@type\":\"SearchAction\",\"target\":{\"@type\":\"EntryPoint\",\"urlTemplate\":\"https:\/\/seryhumano.com\/web\/?s={search_term_string}\"},\"query-input\":{\"@type\":\"PropertyValueSpecification\",\"valueRequired\":true,\"valueName\":\"search_term_string\"}}],\"inLanguage\":\"es\"},{\"@type\":\"Organization\",\"@id\":\"https:\/\/seryhumano.com\/web\/#organization\",\"name\":\"SeryHumano.com\",\"url\":\"https:\/\/seryhumano.com\/web\/\",\"logo\":{\"@type\":\"ImageObject\",\"inLanguage\":\"es\",\"@id\":\"https:\/\/seryhumano.com\/web\/#\/schema\/logo\/image\/\",\"url\":\"https:\/\/seryhumano.com\/web\/wp-content\/uploads\/2020\/02\/JNe5VRwH_400x400-2.jpg\",\"contentUrl\":\"https:\/\/seryhumano.com\/web\/wp-content\/uploads\/2020\/02\/JNe5VRwH_400x400-2.jpg\",\"width\":400,\"height\":400,\"caption\":\"SeryHumano.com\"},\"image\":{\"@id\":\"https:\/\/seryhumano.com\/web\/#\/schema\/logo\/image\/\"},\"sameAs\":[\"https:\/\/www.facebook.com\/seryhumano\/\",\"https:\/\/x.com\/SeryHumano\",\"https:\/\/www.instagram.com\/seryhumano\/\",\"https:\/\/www.linkedin.com\/company\/seryhumano-com\/\",\"https:\/\/www.youtube.com\/channel\/UCYfgIGSxygVnJAW0e9ZBZWg\"]},{\"@type\":\"Person\",\"@id\":\"https:\/\/seryhumano.com\/web\/#\/schema\/person\/f4adb88e2944ce8c1d005724eb1186d6\",\"name\":\"Redacci\u00f3n SeryHumano.com\",\"sameAs\":[\"http:\/\/seryhumano.com\"],\"url\":\"https:\/\/seryhumano.com\/web\/?author=305\"}]}<\/script>\n<!-- \/ Yoast SEO plugin. -->","yoast_head_json":{"title":"D\u00eda del Profesor &#187; SeryHumano.com","robots":{"index":"index","follow":"follow","max-snippet":"max-snippet:-1","max-image-preview":"max-image-preview:large","max-video-preview":"max-video-preview:-1"},"canonical":"https:\/\/seryhumano.com\/web\/?p=32691","og_locale":"es_ES","og_type":"article","og_title":"D\u00eda del Profesor &#187; SeryHumano.com","og_description":"El D\u00eda del Profesor en Chile es una efem\u00e9rides que conmemora la labor de los profesores de la educaci\u00f3n b\u00e1sica y media. Se celebra el 16 de octubre, fecha que coincide con el d\u00eda de la creaci\u00f3n del Colegio de Profesores de Chile (CPC) en 1974. La primera conferencia de ministros y directores de educaci\u00f3n&hellip;","og_url":"https:\/\/seryhumano.com\/web\/?p=32691","og_site_name":"SeryHumano.com","article_publisher":"https:\/\/www.facebook.com\/seryhumano\/","article_published_time":"2019-10-16T11:13:29+00:00","article_modified_time":"2019-10-16T11:13:47+00:00","og_image":[{"width":1024,"height":674,"url":"https:\/\/seryhumano.com\/web\/wp-content\/uploads\/2019\/10\/D\u00eda-del-Profesor.jpg","type":"image\/jpeg"}],"author":"Redacci\u00f3n SeryHumano.com","twitter_card":"summary_large_image","twitter_creator":"@SeryHumano","twitter_site":"@SeryHumano","twitter_misc":{"Escrito por":"Redacci\u00f3n SeryHumano.com","Tiempo de lectura":"3 minutos"},"schema":{"@context":"https:\/\/schema.org","@graph":[{"@type":"Article","@id":"https:\/\/seryhumano.com\/web\/?p=32691#article","isPartOf":{"@id":"https:\/\/seryhumano.com\/web\/?p=32691"},"author":{"name":"Redacci\u00f3n SeryHumano.com","@id":"https:\/\/seryhumano.com\/web\/#\/schema\/person\/f4adb88e2944ce8c1d005724eb1186d6"},"headline":"D\u00eda del Profesor","datePublished":"2019-10-16T11:13:29+00:00","dateModified":"2019-10-16T11:13:47+00:00","mainEntityOfPage":{"@id":"https:\/\/seryhumano.com\/web\/?p=32691"},"wordCount":536,"publisher":{"@id":"https:\/\/seryhumano.com\/web\/#organization"},"image":{"@id":"https:\/\/seryhumano.com\/web\/?p=32691#primaryimage"},"thumbnailUrl":"https:\/\/seryhumano.com\/web\/wp-content\/uploads\/2019\/10\/D\u00eda-del-Profesor.jpg","articleSection":["Cultura del Ser"],"inLanguage":"es"},{"@type":"WebPage","@id":"https:\/\/seryhumano.com\/web\/?p=32691","url":"https:\/\/seryhumano.com\/web\/?p=32691","name":"D\u00eda del Profesor &#187; SeryHumano.com","isPartOf":{"@id":"https:\/\/seryhumano.com\/web\/#website"},"primaryImageOfPage":{"@id":"https:\/\/seryhumano.com\/web\/?p=32691#primaryimage"},"image":{"@id":"https:\/\/seryhumano.com\/web\/?p=32691#primaryimage"},"thumbnailUrl":"https:\/\/seryhumano.com\/web\/wp-content\/uploads\/2019\/10\/D\u00eda-del-Profesor.jpg","datePublished":"2019-10-16T11:13:29+00:00","dateModified":"2019-10-16T11:13:47+00:00","breadcrumb":{"@id":"https:\/\/seryhumano.com\/web\/?p=32691#breadcrumb"},"inLanguage":"es","potentialAction":[{"@type":"ReadAction","target":["https:\/\/seryhumano.com\/web\/?p=32691"]}]},{"@type":"ImageObject","inLanguage":"es","@id":"https:\/\/seryhumano.com\/web\/?p=32691#primaryimage","url":"https:\/\/seryhumano.com\/web\/wp-content\/uploads\/2019\/10\/D\u00eda-del-Profesor.jpg","contentUrl":"https:\/\/seryhumano.com\/web\/wp-content\/uploads\/2019\/10\/D\u00eda-del-Profesor.jpg","width":1024,"height":674},{"@type":"BreadcrumbList","@id":"https:\/\/seryhumano.com\/web\/?p=32691#breadcrumb","itemListElement":[{"@type":"ListItem","position":1,"name":"Portada","item":"https:\/\/seryhumano.com\/web\/"},{"@type":"ListItem","position":2,"name":"D\u00eda del Profesor"}]},{"@type":"WebSite","@id":"https:\/\/seryhumano.com\/web\/#website","url":"https:\/\/seryhumano.com\/web\/","name":"SeryHumano.com","description":"Revista digital muy humana, donde lo mas importante es el Ser...","publisher":{"@id":"https:\/\/seryhumano.com\/web\/#organization"},"potentialAction":[{"@type":"SearchAction","target":{"@type":"EntryPoint","urlTemplate":"https:\/\/seryhumano.com\/web\/?s={search_term_string}"},"query-input":{"@type":"PropertyValueSpecification","valueRequired":true,"valueName":"search_term_string"}}],"inLanguage":"es"},{"@type":"Organization","@id":"https:\/\/seryhumano.com\/web\/#organization","name":"SeryHumano.com","url":"https:\/\/seryhumano.com\/web\/","logo":{"@type":"ImageObject","inLanguage":"es","@id":"https:\/\/seryhumano.com\/web\/#\/schema\/logo\/image\/","url":"https:\/\/seryhumano.com\/web\/wp-content\/uploads\/2020\/02\/JNe5VRwH_400x400-2.jpg","contentUrl":"https:\/\/seryhumano.com\/web\/wp-content\/uploads\/2020\/02\/JNe5VRwH_400x400-2.jpg","width":400,"height":400,"caption":"SeryHumano.com"},"image":{"@id":"https:\/\/seryhumano.com\/web\/#\/schema\/logo\/image\/"},"sameAs":["https:\/\/www.facebook.com\/seryhumano\/","https:\/\/x.com\/SeryHumano","https:\/\/www.instagram.com\/seryhumano\/","https:\/\/www.linkedin.com\/company\/seryhumano-com\/","https:\/\/www.youtube.com\/channel\/UCYfgIGSxygVnJAW0e9ZBZWg"]},{"@type":"Person","@id":"https:\/\/seryhumano.com\/web\/#\/schema\/person\/f4adb88e2944ce8c1d005724eb1186d6","name":"Redacci\u00f3n SeryHumano.com","sameAs":["http:\/\/seryhumano.com"],"url":"https:\/\/seryhumano.com\/web\/?author=305"}]}},"_links":{"self":[{"href":"https:\/\/seryhumano.com\/web\/index.php?rest_route=\/wp\/v2\/posts\/32691","targetHints":{"allow":["GET"]}}],"collection":[{"href":"https:\/\/seryhumano.com\/web\/index.php?rest_route=\/wp\/v2\/posts"}],"about":[{"href":"https:\/\/seryhumano.com\/web\/index.php?rest_route=\/wp\/v2\/types\/post"}],"author":[{"embeddable":true,"href":"https:\/\/seryhumano.com\/web\/index.php?rest_route=\/wp\/v2\/users\/305"}],"replies":[{"embeddable":true,"href":"https:\/\/seryhumano.com\/web\/index.php?rest_route=%2Fwp%2Fv2%2Fcomments&post=32691"}],"version-history":[{"count":0,"href":"https:\/\/seryhumano.com\/web\/index.php?rest_route=\/wp\/v2\/posts\/32691\/revisions"}],"wp:featuredmedia":[{"embeddable":true,"href":"https:\/\/seryhumano.com\/web\/index.php?rest_route=\/wp\/v2\/media\/32692"}],"wp:attachment":[{"href":"https:\/\/seryhumano.com\/web\/index.php?rest_route=%2Fwp%2Fv2%2Fmedia&parent=32691"}],"wp:term":[{"taxonomy":"category","embeddable":true,"href":"https:\/\/seryhumano.com\/web\/index.php?rest_route=%2Fwp%2Fv2%2Fcategories&post=32691"},{"taxonomy":"post_tag","embeddable":true,"href":"https:\/\/seryhumano.com\/web\/index.php?rest_route=%2Fwp%2Fv2%2Ftags&post=32691"}],"curies":[{"name":"wp","href":"https:\/\/api.w.org\/{rel}","templated":true}]}}