{"id":32707,"date":"2019-10-16T08:52:33","date_gmt":"2019-10-16T13:22:33","guid":{"rendered":"https:\/\/seryhumano.com\/web\/?p=32707"},"modified":"2019-10-16T08:52:52","modified_gmt":"2019-10-16T13:22:52","slug":"javier-cercas-ganador-del-premio-planeta-por-la-novela-terra-alta","status":"publish","type":"post","link":"https:\/\/seryhumano.com\/web\/?p=32707","title":{"rendered":"Javier Cercas, ganador del Premio Planeta por la novela &#8216;Terra alta&#8217;"},"content":{"rendered":"\n<blockquote style=\"text-align:left\" class=\"wp-block-quote is-layout-flow wp-block-quote-is-layout-flow\"><p><br> \u00b7\u00a0\u00a0\u00a0\u00a0\u00a0\u00a0 <strong>Su obra sigue la historia de un mosso d\u2019esquadra, h\u00e9roe de los atentados de Cambrils.<\/strong><br> \u00b7\u00a0\u00a0\u00a0\u00a0\u00a0\u00a0 <strong>\u00a0&#8216;Alegr\u00eda&#8217;, de Manuel Vilas, fue finalista.<\/strong> <\/p><\/blockquote>\n\n\n\n<div class=\"wp-block-image\"><figure class=\"aligncenter\"><img loading=\"lazy\" decoding=\"async\" width=\"600\" height=\"338\" src=\"https:\/\/seryhumano.com\/web\/wp-content\/uploads\/2019\/10\/Javier-Cercas-ganador-del-Premio-Planeta-por-la-novela-Terra-alta.jpg\" alt=\"\" class=\"wp-image-32708\" srcset=\"https:\/\/seryhumano.com\/web\/wp-content\/uploads\/2019\/10\/Javier-Cercas-ganador-del-Premio-Planeta-por-la-novela-Terra-alta.jpg 600w, https:\/\/seryhumano.com\/web\/wp-content\/uploads\/2019\/10\/Javier-Cercas-ganador-del-Premio-Planeta-por-la-novela-Terra-alta-300x169.jpg 300w\" sizes=\"auto, (max-width: 600px) 100vw, 600px\" \/><\/figure><\/div>\n\n\n\n<p>Los Mossos d\u2019Esquadra abaten a cinco terroristas yihadistas\nque pretend\u00edan atentar en Cambrils (Tarragona) tan solo unas horas despu\u00e9s del\natropello masivo que dej\u00f3 15 muertos en Las Ramblas de Barcelona. Ocurri\u00f3 la\nmadrugada del 18 de agosto de 2017 y el escritor cacere\u00f1o Javier Cercas lo\nrecuerda en su libro, <strong><em>Terra alta<\/em><\/strong>, que este martes recibi\u00f3 el\nPremio Planeta 2019, el galard\u00f3n mejor dotado de las letras espa\u00f1olas, con\n601.000 euros. <\/p>\n\n\n\n<p>En esta obra de \u00edndole psicol\u00f3gica, Cercas \u2014que se\npresentaba bajo el pseud\u00f3nimo de Melchor Mar\u00edn y recibi\u00f3 el testigo de Santiago\nPosteguillo, ganador de 2018\u2014 centra su historia en un polic\u00eda catal\u00e1n, h\u00e9roe\nde dichos atentados. Y es que, si en el a\u00f1o pasado la voz femenina fue la gran\nprotagonista de las novelas presentadas, en esta edici\u00f3n lo han sido los\nthrillers y las novelas polic\u00edacas, explic\u00f3 antes de la gala el miembro del\njurado Juan Eslava Gal\u00e1n. <\/p>\n\n\n\n<p>\u00ab<em>Normalmente el que se presenta al Planeta es un\nautor que escribe el tipo de novela que se lleva en ese momento<\/em>\u00ab,\nagreg\u00f3 Gal\u00e1n, que sostuvo que ha quedado un poco atr\u00e1s el tema de la Guerra\nCivil para dejar ahora protagonismo a los relatos policiales. En total, diez\nfueron las novelas candidatas a alzarse con alguno de los galardones y seis de\nellas estaban firmadas bajo pseud\u00f3nimo, de los 564 originales que se\nregistraron este a\u00f1o, una cifra mucho menor que las 642 que hubo en 2018. <\/p>\n\n\n\n<p>En esta 68.\u00aa edici\u00f3n de los Premios Planeta se premi\u00f3\nadem\u00e1s la obra <strong><em>Alegr\u00eda<\/em><\/strong>, de Manuel Vilas, quien quiso ocultar\ntambi\u00e9n su nombre bajo el de Viveca Lindfords. Este escritor nacido en\nBarbastro (Huesca) se alz\u00f3 como finalista \u2014un reconocimiento dotado con 150.250\neuros\u2014 gracias una obra reflexiva protagonizada por un hombre de mediana edad\nque ha tenido \u00e9xito en su profesi\u00f3n y se muestra inmerso en la vida a trav\u00e9s de\nuna mirada fiel y realista hacia la sociedad espa\u00f1ola. <\/p>\n\n\n\n<p>El evento se traslad\u00f3 al Museu Nacional d\u2019Art de Catalunya\n(MNAC) para festejar los 70 a\u00f1os de fundaci\u00f3n de la editorial y a \u00e9l tampoco\nfueron \u2014igual que en 2018\u2014 miembros de la Generalitat, aunque s\u00ed los\nexpresidentes catalanes Artur Mas y Jos\u00e9 Montilla; la vicepresidenta del\nGobierno en funciones, Carmen Calvo; la del Congreso, Meritxell Batet; el\nministro de Cultura, Jos\u00e9 Guirao, y la alcaldesa de Barcelona, Ada Colau,\nadem\u00e1s de numerosos escritores y personalidades del sector cultural. <\/p>\n\n\n\n<p><strong>\u00ab<em>Me aterraba la idea de repetirme<\/em>\u00bb\n<\/strong><\/p>\n\n\n\n<p>En la posterior conferencia de prensa, Cercas coment\u00f3 que\n\u00ab<em>aunque la trama nunca es lo esencial, en este caso, por primera vez en\nmi vida, la trama es muy importante, desempe\u00f1a un papel fundamental, pues se\ntrata de una intriga y el riesgo de un espoiler es aterrador. No se pueden\ncontar muchas cosas<\/em>\u00ab. <\/p>\n\n\n\n<p>Confes\u00f3 Cercas que al acabar su anterior libro tuvo la\nimpresi\u00f3n de que era \u00ab<em>el final de algo, de que hab\u00eda llegado al l\u00edmite\nde una serie de cosas que hab\u00eda ensayado desde Soldados de Salamina en 2001\nhasta el \u00faltimo, que era de 2017, era como el reverso de ese libro primero<\/em>\u00ab.\n<\/p>\n\n\n\n<p>Este cambio surgi\u00f3 de la necesidad: \u00ab<em>Me aterraba la\nidea de repetirme, de hacer libros con los mismos elementos, con la misma\nf\u00f3rmula que ha ido funcionando m\u00e1s o menos bien en estos a\u00f1os<\/em>\u00ab. No\nsab\u00eda qu\u00e9 iba a hacer a continuaci\u00f3n, pero \u00ab<em>una serie de circunstancias\ndesdichadas que tienen que ver con la vida de nuestro pa\u00eds, han sido muy\npositivas para m\u00ed como escritor y de alg\u00fan modo me han cambiado<\/em>\u00ab,\nasegur\u00f3. <\/p>\n\n\n\n<p>Aunque pueda parecer un ox\u00edmoron es \u00ab<em>un libro muy\ndistinto de los anteriores y muy fiel a ellos<\/em>\u00ab, dijo Cercas, quien se\ndeclar\u00f3 encantado con \u00ab<em>los escritores que siempre cambian, pero se\nmantienen fieles a s\u00ed mismos<\/em>\u00ab. <\/p>\n\n\n\n<p><strong>Pasado y presente <\/strong><\/p>\n\n\n\n<p>En la novela ganadora del Planeta hay, admite el autor,\n\u00ab<em>un di\u00e1logo entre el pasado y el presente, y, de hecho, el pasado en el\nque hay memoria y testigos no ha pasado todav\u00eda, el pasado sigue siendo una\ndimensi\u00f3n del presente sin el cual el presente est\u00e1 mutilado<\/em>\u00ab. <\/p>\n\n\n\n<p>En su novela, Cercas describe una acci\u00f3n que transcurre en\nel presente \u2014situado en 2021\u2014 y lo que se cuenta es \u00ab<em>el relato de una\ninvestigaci\u00f3n de un crimen m\u00faltiple, atroz, en un lugar apacible, una comarca\nreal fronteriza con Arag\u00f3n, que es la Catalu\u00f1a pobre<\/em>\u00ab. <\/p>\n\n\n\n<p>Cercas ha advertido que \u00ab<em>la novela no trata sobre\nel proc\u00e9s, de lo que ha ocurrido en Catalu\u00f1a desde 2012, y m\u00e1s concretamente\ndesde 2017 hasta aqu\u00ed<\/em>\u00ab, pero reconoce que \u00ab<em>sin lo que ha\nocurrido estos a\u00f1os este libro no lo habr\u00eda escrito<\/em>\u00ab.<\/p>\n\n\n\n<p>Precis\u00f3 que ha escrito en los peri\u00f3dicos, \u00ab<em>incluso\ndemasiado<\/em>\u00ab, sobre lo que ha ocurrido donde vive, en Catalu\u00f1a, pero\n\u00ab<em>lo m\u00e1s profundo que ten\u00eda que decir es este libro<\/em>\u00ab; y \u00ab<em>aunque\nno trata directamente de este asunto, surge de mi estado de \u00e1nimo, de mis\nangustias, de mis preocupaciones<\/em>\u00ab. <\/p>\n\n\n\n<p>Y a\u00f1adi\u00f3: \u00ab<em>Los escritores tenemos una ventaja sobre\nel resto, podemos convertir las malas experiencias en buenas y esto es una\nalquimia maravillosa, es muy \u00fatil para nosotros y ojal\u00e1 que lo sea para los\ndem\u00e1s<\/em>\u00ab.<\/p>\n\n\n\n<p>seryhumano.com <\/p>\n\n\n\n<p><strong>Si quiere recibir en su celular esta y otras informaciones y art\u00edculos descargue Telegram, ingrese al link <a href=\"https:\/\/t.me\/seryhumano\">htts:\/\/t.ime\/seryhumano<\/a> y dele click a +Unirme<\/strong><\/p>\n","protected":false},"excerpt":{"rendered":"<p>\u00b7\u00a0\u00a0\u00a0\u00a0\u00a0\u00a0 Su obra sigue la historia de un mosso d\u2019esquadra, h\u00e9roe de los atentados de Cambrils. \u00b7\u00a0\u00a0\u00a0\u00a0\u00a0\u00a0 \u00a0&#8216;Alegr\u00eda&#8217;, de Manuel Vilas, fue finalista. Los Mossos d\u2019Esquadra abaten a cinco terroristas yihadistas que pretend\u00edan atentar en Cambrils (Tarragona) tan solo unas horas despu\u00e9s del atropello masivo que dej\u00f3 15 muertos en Las Ramblas de Barcelona. Ocurri\u00f3&hellip;<\/p>\n","protected":false},"author":305,"featured_media":32708,"comment_status":"closed","ping_status":"closed","sticky":false,"template":"","format":"standard","meta":{"footnotes":""},"categories":[122],"tags":[],"class_list":["post-32707","post","type-post","status-publish","format-standard","has-post-thumbnail","hentry","category-cultura","category-122","description-off"],"yoast_head":"<!-- This site is optimized with the Yoast SEO plugin v25.4 - https:\/\/yoast.com\/wordpress\/plugins\/seo\/ -->\n<title>Javier Cercas, ganador del Premio Planeta por la novela &#039;Terra alta&#039; &#187; SeryHumano.com<\/title>\n<meta name=\"robots\" content=\"index, follow, max-snippet:-1, max-image-preview:large, max-video-preview:-1\" \/>\n<link rel=\"canonical\" href=\"https:\/\/seryhumano.com\/web\/?p=32707\" \/>\n<meta property=\"og:locale\" content=\"es_ES\" \/>\n<meta property=\"og:type\" content=\"article\" \/>\n<meta property=\"og:title\" content=\"Javier Cercas, ganador del Premio Planeta por la novela &#039;Terra alta&#039; &#187; SeryHumano.com\" \/>\n<meta property=\"og:description\" content=\"\u00b7\u00a0\u00a0\u00a0\u00a0\u00a0\u00a0 Su obra sigue la historia de un mosso d\u2019esquadra, h\u00e9roe de los atentados de Cambrils. \u00b7\u00a0\u00a0\u00a0\u00a0\u00a0\u00a0 \u00a0&#8216;Alegr\u00eda&#8217;, de Manuel Vilas, fue finalista. Los Mossos d\u2019Esquadra abaten a cinco terroristas yihadistas que pretend\u00edan atentar en Cambrils (Tarragona) tan solo unas horas despu\u00e9s del atropello masivo que dej\u00f3 15 muertos en Las Ramblas de Barcelona. Ocurri\u00f3&hellip;\" \/>\n<meta property=\"og:url\" content=\"https:\/\/seryhumano.com\/web\/?p=32707\" \/>\n<meta property=\"og:site_name\" content=\"SeryHumano.com\" \/>\n<meta property=\"article:publisher\" content=\"https:\/\/www.facebook.com\/seryhumano\/\" \/>\n<meta property=\"article:published_time\" content=\"2019-10-16T13:22:33+00:00\" \/>\n<meta property=\"article:modified_time\" content=\"2019-10-16T13:22:52+00:00\" \/>\n<meta property=\"og:image\" content=\"https:\/\/seryhumano.com\/web\/wp-content\/uploads\/2019\/10\/Javier-Cercas-ganador-del-Premio-Planeta-por-la-novela-Terra-alta.jpg\" \/>\n\t<meta property=\"og:image:width\" content=\"600\" \/>\n\t<meta property=\"og:image:height\" content=\"338\" \/>\n\t<meta property=\"og:image:type\" content=\"image\/jpeg\" \/>\n<meta name=\"author\" content=\"Redacci\u00f3n SeryHumano.com\" \/>\n<meta name=\"twitter:card\" content=\"summary_large_image\" \/>\n<meta name=\"twitter:creator\" content=\"@SeryHumano\" \/>\n<meta name=\"twitter:site\" content=\"@SeryHumano\" \/>\n<meta name=\"twitter:label1\" content=\"Escrito por\" \/>\n\t<meta name=\"twitter:data1\" content=\"Redacci\u00f3n SeryHumano.com\" \/>\n\t<meta name=\"twitter:label2\" content=\"Tiempo de lectura\" \/>\n\t<meta name=\"twitter:data2\" content=\"5 minutos\" \/>\n<script type=\"application\/ld+json\" class=\"yoast-schema-graph\">{\"@context\":\"https:\/\/schema.org\",\"@graph\":[{\"@type\":\"Article\",\"@id\":\"https:\/\/seryhumano.com\/web\/?p=32707#article\",\"isPartOf\":{\"@id\":\"https:\/\/seryhumano.com\/web\/?p=32707\"},\"author\":{\"name\":\"Redacci\u00f3n SeryHumano.com\",\"@id\":\"https:\/\/seryhumano.com\/web\/#\/schema\/person\/f4adb88e2944ce8c1d005724eb1186d6\"},\"headline\":\"Javier Cercas, ganador del Premio Planeta por la novela &#8216;Terra alta&#8217;\",\"datePublished\":\"2019-10-16T13:22:33+00:00\",\"dateModified\":\"2019-10-16T13:22:52+00:00\",\"mainEntityOfPage\":{\"@id\":\"https:\/\/seryhumano.com\/web\/?p=32707\"},\"wordCount\":959,\"publisher\":{\"@id\":\"https:\/\/seryhumano.com\/web\/#organization\"},\"image\":{\"@id\":\"https:\/\/seryhumano.com\/web\/?p=32707#primaryimage\"},\"thumbnailUrl\":\"https:\/\/seryhumano.com\/web\/wp-content\/uploads\/2019\/10\/Javier-Cercas-ganador-del-Premio-Planeta-por-la-novela-Terra-alta.jpg\",\"articleSection\":[\"Cultura del Ser\"],\"inLanguage\":\"es\"},{\"@type\":\"WebPage\",\"@id\":\"https:\/\/seryhumano.com\/web\/?p=32707\",\"url\":\"https:\/\/seryhumano.com\/web\/?p=32707\",\"name\":\"Javier Cercas, ganador del Premio Planeta por la novela 'Terra alta' &#187; SeryHumano.com\",\"isPartOf\":{\"@id\":\"https:\/\/seryhumano.com\/web\/#website\"},\"primaryImageOfPage\":{\"@id\":\"https:\/\/seryhumano.com\/web\/?p=32707#primaryimage\"},\"image\":{\"@id\":\"https:\/\/seryhumano.com\/web\/?p=32707#primaryimage\"},\"thumbnailUrl\":\"https:\/\/seryhumano.com\/web\/wp-content\/uploads\/2019\/10\/Javier-Cercas-ganador-del-Premio-Planeta-por-la-novela-Terra-alta.jpg\",\"datePublished\":\"2019-10-16T13:22:33+00:00\",\"dateModified\":\"2019-10-16T13:22:52+00:00\",\"breadcrumb\":{\"@id\":\"https:\/\/seryhumano.com\/web\/?p=32707#breadcrumb\"},\"inLanguage\":\"es\",\"potentialAction\":[{\"@type\":\"ReadAction\",\"target\":[\"https:\/\/seryhumano.com\/web\/?p=32707\"]}]},{\"@type\":\"ImageObject\",\"inLanguage\":\"es\",\"@id\":\"https:\/\/seryhumano.com\/web\/?p=32707#primaryimage\",\"url\":\"https:\/\/seryhumano.com\/web\/wp-content\/uploads\/2019\/10\/Javier-Cercas-ganador-del-Premio-Planeta-por-la-novela-Terra-alta.jpg\",\"contentUrl\":\"https:\/\/seryhumano.com\/web\/wp-content\/uploads\/2019\/10\/Javier-Cercas-ganador-del-Premio-Planeta-por-la-novela-Terra-alta.jpg\",\"width\":600,\"height\":338},{\"@type\":\"BreadcrumbList\",\"@id\":\"https:\/\/seryhumano.com\/web\/?p=32707#breadcrumb\",\"itemListElement\":[{\"@type\":\"ListItem\",\"position\":1,\"name\":\"Portada\",\"item\":\"https:\/\/seryhumano.com\/web\/\"},{\"@type\":\"ListItem\",\"position\":2,\"name\":\"Javier Cercas, ganador del Premio Planeta por la novela &#8216;Terra alta&#8217;\"}]},{\"@type\":\"WebSite\",\"@id\":\"https:\/\/seryhumano.com\/web\/#website\",\"url\":\"https:\/\/seryhumano.com\/web\/\",\"name\":\"SeryHumano.com\",\"description\":\"Revista digital muy humana, donde lo mas importante es el Ser...\",\"publisher\":{\"@id\":\"https:\/\/seryhumano.com\/web\/#organization\"},\"potentialAction\":[{\"@type\":\"SearchAction\",\"target\":{\"@type\":\"EntryPoint\",\"urlTemplate\":\"https:\/\/seryhumano.com\/web\/?s={search_term_string}\"},\"query-input\":{\"@type\":\"PropertyValueSpecification\",\"valueRequired\":true,\"valueName\":\"search_term_string\"}}],\"inLanguage\":\"es\"},{\"@type\":\"Organization\",\"@id\":\"https:\/\/seryhumano.com\/web\/#organization\",\"name\":\"SeryHumano.com\",\"url\":\"https:\/\/seryhumano.com\/web\/\",\"logo\":{\"@type\":\"ImageObject\",\"inLanguage\":\"es\",\"@id\":\"https:\/\/seryhumano.com\/web\/#\/schema\/logo\/image\/\",\"url\":\"https:\/\/seryhumano.com\/web\/wp-content\/uploads\/2020\/02\/JNe5VRwH_400x400-2.jpg\",\"contentUrl\":\"https:\/\/seryhumano.com\/web\/wp-content\/uploads\/2020\/02\/JNe5VRwH_400x400-2.jpg\",\"width\":400,\"height\":400,\"caption\":\"SeryHumano.com\"},\"image\":{\"@id\":\"https:\/\/seryhumano.com\/web\/#\/schema\/logo\/image\/\"},\"sameAs\":[\"https:\/\/www.facebook.com\/seryhumano\/\",\"https:\/\/x.com\/SeryHumano\",\"https:\/\/www.instagram.com\/seryhumano\/\",\"https:\/\/www.linkedin.com\/company\/seryhumano-com\/\",\"https:\/\/www.youtube.com\/channel\/UCYfgIGSxygVnJAW0e9ZBZWg\"]},{\"@type\":\"Person\",\"@id\":\"https:\/\/seryhumano.com\/web\/#\/schema\/person\/f4adb88e2944ce8c1d005724eb1186d6\",\"name\":\"Redacci\u00f3n SeryHumano.com\",\"sameAs\":[\"http:\/\/seryhumano.com\"],\"url\":\"https:\/\/seryhumano.com\/web\/?author=305\"}]}<\/script>\n<!-- \/ Yoast SEO plugin. -->","yoast_head_json":{"title":"Javier Cercas, ganador del Premio Planeta por la novela 'Terra alta' &#187; SeryHumano.com","robots":{"index":"index","follow":"follow","max-snippet":"max-snippet:-1","max-image-preview":"max-image-preview:large","max-video-preview":"max-video-preview:-1"},"canonical":"https:\/\/seryhumano.com\/web\/?p=32707","og_locale":"es_ES","og_type":"article","og_title":"Javier Cercas, ganador del Premio Planeta por la novela 'Terra alta' &#187; SeryHumano.com","og_description":"\u00b7\u00a0\u00a0\u00a0\u00a0\u00a0\u00a0 Su obra sigue la historia de un mosso d\u2019esquadra, h\u00e9roe de los atentados de Cambrils. \u00b7\u00a0\u00a0\u00a0\u00a0\u00a0\u00a0 \u00a0&#8216;Alegr\u00eda&#8217;, de Manuel Vilas, fue finalista. Los Mossos d\u2019Esquadra abaten a cinco terroristas yihadistas que pretend\u00edan atentar en Cambrils (Tarragona) tan solo unas horas despu\u00e9s del atropello masivo que dej\u00f3 15 muertos en Las Ramblas de Barcelona. Ocurri\u00f3&hellip;","og_url":"https:\/\/seryhumano.com\/web\/?p=32707","og_site_name":"SeryHumano.com","article_publisher":"https:\/\/www.facebook.com\/seryhumano\/","article_published_time":"2019-10-16T13:22:33+00:00","article_modified_time":"2019-10-16T13:22:52+00:00","og_image":[{"width":600,"height":338,"url":"https:\/\/seryhumano.com\/web\/wp-content\/uploads\/2019\/10\/Javier-Cercas-ganador-del-Premio-Planeta-por-la-novela-Terra-alta.jpg","type":"image\/jpeg"}],"author":"Redacci\u00f3n SeryHumano.com","twitter_card":"summary_large_image","twitter_creator":"@SeryHumano","twitter_site":"@SeryHumano","twitter_misc":{"Escrito por":"Redacci\u00f3n SeryHumano.com","Tiempo de lectura":"5 minutos"},"schema":{"@context":"https:\/\/schema.org","@graph":[{"@type":"Article","@id":"https:\/\/seryhumano.com\/web\/?p=32707#article","isPartOf":{"@id":"https:\/\/seryhumano.com\/web\/?p=32707"},"author":{"name":"Redacci\u00f3n SeryHumano.com","@id":"https:\/\/seryhumano.com\/web\/#\/schema\/person\/f4adb88e2944ce8c1d005724eb1186d6"},"headline":"Javier Cercas, ganador del Premio Planeta por la novela &#8216;Terra alta&#8217;","datePublished":"2019-10-16T13:22:33+00:00","dateModified":"2019-10-16T13:22:52+00:00","mainEntityOfPage":{"@id":"https:\/\/seryhumano.com\/web\/?p=32707"},"wordCount":959,"publisher":{"@id":"https:\/\/seryhumano.com\/web\/#organization"},"image":{"@id":"https:\/\/seryhumano.com\/web\/?p=32707#primaryimage"},"thumbnailUrl":"https:\/\/seryhumano.com\/web\/wp-content\/uploads\/2019\/10\/Javier-Cercas-ganador-del-Premio-Planeta-por-la-novela-Terra-alta.jpg","articleSection":["Cultura del Ser"],"inLanguage":"es"},{"@type":"WebPage","@id":"https:\/\/seryhumano.com\/web\/?p=32707","url":"https:\/\/seryhumano.com\/web\/?p=32707","name":"Javier Cercas, ganador del Premio Planeta por la novela 'Terra alta' &#187; SeryHumano.com","isPartOf":{"@id":"https:\/\/seryhumano.com\/web\/#website"},"primaryImageOfPage":{"@id":"https:\/\/seryhumano.com\/web\/?p=32707#primaryimage"},"image":{"@id":"https:\/\/seryhumano.com\/web\/?p=32707#primaryimage"},"thumbnailUrl":"https:\/\/seryhumano.com\/web\/wp-content\/uploads\/2019\/10\/Javier-Cercas-ganador-del-Premio-Planeta-por-la-novela-Terra-alta.jpg","datePublished":"2019-10-16T13:22:33+00:00","dateModified":"2019-10-16T13:22:52+00:00","breadcrumb":{"@id":"https:\/\/seryhumano.com\/web\/?p=32707#breadcrumb"},"inLanguage":"es","potentialAction":[{"@type":"ReadAction","target":["https:\/\/seryhumano.com\/web\/?p=32707"]}]},{"@type":"ImageObject","inLanguage":"es","@id":"https:\/\/seryhumano.com\/web\/?p=32707#primaryimage","url":"https:\/\/seryhumano.com\/web\/wp-content\/uploads\/2019\/10\/Javier-Cercas-ganador-del-Premio-Planeta-por-la-novela-Terra-alta.jpg","contentUrl":"https:\/\/seryhumano.com\/web\/wp-content\/uploads\/2019\/10\/Javier-Cercas-ganador-del-Premio-Planeta-por-la-novela-Terra-alta.jpg","width":600,"height":338},{"@type":"BreadcrumbList","@id":"https:\/\/seryhumano.com\/web\/?p=32707#breadcrumb","itemListElement":[{"@type":"ListItem","position":1,"name":"Portada","item":"https:\/\/seryhumano.com\/web\/"},{"@type":"ListItem","position":2,"name":"Javier Cercas, ganador del Premio Planeta por la novela &#8216;Terra alta&#8217;"}]},{"@type":"WebSite","@id":"https:\/\/seryhumano.com\/web\/#website","url":"https:\/\/seryhumano.com\/web\/","name":"SeryHumano.com","description":"Revista digital muy humana, donde lo mas importante es el Ser...","publisher":{"@id":"https:\/\/seryhumano.com\/web\/#organization"},"potentialAction":[{"@type":"SearchAction","target":{"@type":"EntryPoint","urlTemplate":"https:\/\/seryhumano.com\/web\/?s={search_term_string}"},"query-input":{"@type":"PropertyValueSpecification","valueRequired":true,"valueName":"search_term_string"}}],"inLanguage":"es"},{"@type":"Organization","@id":"https:\/\/seryhumano.com\/web\/#organization","name":"SeryHumano.com","url":"https:\/\/seryhumano.com\/web\/","logo":{"@type":"ImageObject","inLanguage":"es","@id":"https:\/\/seryhumano.com\/web\/#\/schema\/logo\/image\/","url":"https:\/\/seryhumano.com\/web\/wp-content\/uploads\/2020\/02\/JNe5VRwH_400x400-2.jpg","contentUrl":"https:\/\/seryhumano.com\/web\/wp-content\/uploads\/2020\/02\/JNe5VRwH_400x400-2.jpg","width":400,"height":400,"caption":"SeryHumano.com"},"image":{"@id":"https:\/\/seryhumano.com\/web\/#\/schema\/logo\/image\/"},"sameAs":["https:\/\/www.facebook.com\/seryhumano\/","https:\/\/x.com\/SeryHumano","https:\/\/www.instagram.com\/seryhumano\/","https:\/\/www.linkedin.com\/company\/seryhumano-com\/","https:\/\/www.youtube.com\/channel\/UCYfgIGSxygVnJAW0e9ZBZWg"]},{"@type":"Person","@id":"https:\/\/seryhumano.com\/web\/#\/schema\/person\/f4adb88e2944ce8c1d005724eb1186d6","name":"Redacci\u00f3n SeryHumano.com","sameAs":["http:\/\/seryhumano.com"],"url":"https:\/\/seryhumano.com\/web\/?author=305"}]}},"_links":{"self":[{"href":"https:\/\/seryhumano.com\/web\/index.php?rest_route=\/wp\/v2\/posts\/32707","targetHints":{"allow":["GET"]}}],"collection":[{"href":"https:\/\/seryhumano.com\/web\/index.php?rest_route=\/wp\/v2\/posts"}],"about":[{"href":"https:\/\/seryhumano.com\/web\/index.php?rest_route=\/wp\/v2\/types\/post"}],"author":[{"embeddable":true,"href":"https:\/\/seryhumano.com\/web\/index.php?rest_route=\/wp\/v2\/users\/305"}],"replies":[{"embeddable":true,"href":"https:\/\/seryhumano.com\/web\/index.php?rest_route=%2Fwp%2Fv2%2Fcomments&post=32707"}],"version-history":[{"count":0,"href":"https:\/\/seryhumano.com\/web\/index.php?rest_route=\/wp\/v2\/posts\/32707\/revisions"}],"wp:featuredmedia":[{"embeddable":true,"href":"https:\/\/seryhumano.com\/web\/index.php?rest_route=\/wp\/v2\/media\/32708"}],"wp:attachment":[{"href":"https:\/\/seryhumano.com\/web\/index.php?rest_route=%2Fwp%2Fv2%2Fmedia&parent=32707"}],"wp:term":[{"taxonomy":"category","embeddable":true,"href":"https:\/\/seryhumano.com\/web\/index.php?rest_route=%2Fwp%2Fv2%2Fcategories&post=32707"},{"taxonomy":"post_tag","embeddable":true,"href":"https:\/\/seryhumano.com\/web\/index.php?rest_route=%2Fwp%2Fv2%2Ftags&post=32707"}],"curies":[{"name":"wp","href":"https:\/\/api.w.org\/{rel}","templated":true}]}}