{"id":32711,"date":"2019-10-17T06:06:22","date_gmt":"2019-10-17T10:36:22","guid":{"rendered":"https:\/\/seryhumano.com\/web\/?p=32711"},"modified":"2019-10-17T06:06:50","modified_gmt":"2019-10-17T10:36:50","slug":"quien-no-cuida-lo-que-tiene","status":"publish","type":"post","link":"https:\/\/seryhumano.com\/web\/?p=32711","title":{"rendered":"Quien no cuida lo que tiene&#8230;"},"content":{"rendered":"\n<blockquote class=\"wp-block-quote is-layout-flow wp-block-quote-is-layout-flow\"><p><\/p><cite>Por Omar \u00c1vila<br><\/cite><\/blockquote>\n\n\n\n<figure class=\"wp-block-image\"><img loading=\"lazy\" decoding=\"async\" width=\"1024\" height=\"576\" src=\"https:\/\/seryhumano.com\/web\/wp-content\/uploads\/2019\/08\/Omar-\u00c1vila-1024x576.jpg\" alt=\"\" class=\"wp-image-32040\" srcset=\"https:\/\/seryhumano.com\/web\/wp-content\/uploads\/2019\/08\/Omar-\u00c1vila.jpg 1024w, https:\/\/seryhumano.com\/web\/wp-content\/uploads\/2019\/08\/Omar-\u00c1vila-300x169.jpg 300w, https:\/\/seryhumano.com\/web\/wp-content\/uploads\/2019\/08\/Omar-\u00c1vila-768x432.jpg 768w\" sizes=\"auto, (max-width: 1024px) 100vw, 1024px\" \/><\/figure>\n\n\n\n<p>La izquierda latinoamericana viene reorganiz\u00e1ndose\npeligrosamente con fuerza para retomar espacios de poder. Es Rafael Correa quien\nintenta acorralar a Lenin. Kirchner tiene contra la pared a Macri. El Supremo\nde Brasil quiere liberar a Lula. Evo mantiene chance en Bolivia.<\/p>\n\n\n\n<p>Mientras aumenta la xenofobia en Per\u00fa, vemos saqueos y\nprotestas en Ecuador, en fin, esa inestabilidad social en pa\u00edses de la regi\u00f3n,\nhace desviar la \u00ab<em>preocupaci\u00f3n<\/em>\u00bb del resto del mundo sobre\nVenezuela.<\/p>\n\n\n\n<p>Por otro lado, tenemos a twitterzuela, junto a algunos\nvoceros mayameros, e incluso algunos \u201c<em>dirigentes<\/em>\u201d culpando de todo este\nmovimiento de la desestabilizaci\u00f3n de la regi\u00f3n a Nicol\u00e1s Maduro, un ser que es\nincapaz de realizar una movilizaci\u00f3n decente en Caracas, pero si es capaz seg\u00fan\nestos opinadores de oficio, no solo mandar, sino de sacar a cientos de miles a\nlas calles del Ecuador.<\/p>\n\n\n\n<p>Pero bueno, son parte de esas incoherencias a las que nos\ntiene acostumbrado esta direcci\u00f3n pol\u00edtica, que por un lado dicen que Nicol\u00e1s\nest\u00e1 arrinconado, asfixiado, etc, pero por otro, que est\u00e1 tan fuerte que es\ncapaz de desestabilizar a toda la regi\u00f3n; o que Maduro es bruto, pero a su vez\nes un gran estratega geopol\u00edtico.<\/p>\n\n\n\n<p>En esta misma \u201c<em>l\u00f3gica<\/em>\u201d de estos \u201c<em>dirigentes<\/em>\u201d,\nMaduro y Correa buscan tumbar a Lenin Moreno, pero Trump, Duque, Moreno, entre\notros no tumban a Maduro. Lo cierto es que desde el regreso de la democracia en\nEcuador (1979), solo 4 presidentes electos han logrado culminar su per\u00edodo. En\n10 a\u00f1os (1996-2007) tuvo siete presidentes, en fin, este es uno de los pa\u00edses\nm\u00e1s inestables de Am\u00e9rica Latina.<\/p>\n\n\n\n<p>Nosotros, en Unidad Visi\u00f3n Venezuela, no queremos nada con\nestas narrativas; o \u00bfcu\u00e1l es la diferencia entre decir que los que protestan en\nEcuador son financiados por Maduro, y los que protestamos en Venezuela somos\nfinanciados por el Imperio?<\/p>\n\n\n\n<p>Mientras tanto nuestra realidad entre muchas penurias que\nvivimos en medio de la precariedad, es que millones de venezolanos tenemos que\nhacer cola para poner gasolina, y a pesar de ello, a Cuba se le siguen enviando\n130.000 barriles de petr\u00f3leo diario, lo que deja claro qui\u00e9n es prioridad para\neste r\u00e9gimen.<\/p>\n\n\n\n<p>Del lado de quienes est\u00e1n al frente de la alternativa\ndemocr\u00e1tica, lamentablemente no terminan de entender que, a reg\u00edmenes como\neste, hay que enfrentarlos con m\u00e1s democracia y no al rev\u00e9s. Y son precisamente\nlos partidos, los movimientos pol\u00edticos y sociales, en su conjunto, la esencia\nde una democracia moderna del siglo XXI.<\/p>\n\n\n\n<p>Hoy en la que pr\u00e1cticamente la mitad de los pa\u00edses que\nintegran el Grupo de Lima, y que inst\u00f3 a no votar el 20M, ya les exigen visa a\nlos venezolanos.<\/p>\n\n\n\n<p>Por otro lado, tenemos que Adobe, Oracle no son el\nproblema. Si seguimos con esta inmadurez pol\u00edtica ser\u00e1 entonces cuando cierren\nTwitter, Facebook e Instagram, que posiblemente podamos comenzar a transitar el\ncamino para salir de esta pesadilla.<\/p>\n\n\n\n<p>La v\u00eda no es la protesta porque nos matan; no son las\nsanciones porque sufre el pueblo; tampoco son elecciones porque son una farsa;\nni el mantra porque no ha funcionado; entonces: \u00bfcu\u00e1l es la v\u00eda? En fin, es\nimposible poder complacer a todo el mundo. Por ello lo realmente l\u00f3gico, pero\nadem\u00e1s democr\u00e1tico, es que se acoja nuestra propuesta y se convoque a un\nEncuentro Nacional de la Oposici\u00f3n, donde podamos debatir y llegar a un\nconsenso en el que todos nos suscribamos a una sola ruta.<\/p>\n\n\n\n<p>Porque si no hay voluntad pol\u00edtica para superar la crisis,\nsi todo se reduce a mantenerse u obtener el poder, si el sufrimiento de nuestro\npueblo no importa, lamentablemente la destrucci\u00f3n del pa\u00eds continuar\u00e1.<\/p>\n\n\n\n<p>Desde Unidad Visi\u00f3n Venezuela invitamos a los que quieran\nredemocratizar y ayudar a reconstruir nuestra Venezuela a que financien medios\nde comunicaci\u00f3n, a que colaboren con la organizaci\u00f3n comunitaria. Urge que\ntrabajemos en la direcci\u00f3n del reencuentro, acciones solidarias y soluciones\nconstructivas. De igual manera necesitamos apoyo para grupos de investigaci\u00f3n.<\/p>\n\n\n\n<p>Finalizo con un twitter del profesor \u00c1ngel \u00c1lvarez\n(@polscitoall) con el cual coincidimos plenamente: \u201c<em>En Venezuela, casi todas\nlas opciones que algunos cre\u00edan sobre la mesa ya no est\u00e1n si acaso alguna vez\nestuvieron. Queda solo una, y, para llegar a ella se requiere transitar un\nlargo camino lleno de obst\u00e1culos: elecciones libres internacionalmente\nsupervisadas<\/em>\u201d.<\/p>\n\n\n\n<p>En definitiva, no podemos dejar morir a la \u00fanica\ninstituci\u00f3n que tenemos. El a\u00f1o que viene hay parlamentarias dentro del lapso\nconstitucional. Urge nombrar un nuevo Poder Electoral. Ese debate debe darse\nya, ese acuerdo es primordial.<\/p>\n\n\n\n<p>seryhumano.com \/ <a href=\"https:\/\/twitter.com\/OmarAvilaVzla\">Omar \u00c1vila<\/a>*<\/p>\n\n\n\n<p>*Diputado de la Asamblea Nacional<\/p>\n\n\n\n<p><strong>Si quiere recibir en su celular esta y otras informaciones y art\u00edculos descargue Telegram, ingrese al link <a href=\"https:\/\/t.me\/seryhumano\">htts:\/\/t.ime\/seryhumano<\/a> y dele click a +Unirme<\/strong><\/p>\n","protected":false},"excerpt":{"rendered":"<p>Por Omar \u00c1vila La izquierda latinoamericana viene reorganiz\u00e1ndose peligrosamente con fuerza para retomar espacios de poder. Es Rafael Correa quien intenta acorralar a Lenin. Kirchner tiene contra la pared a Macri. El Supremo de Brasil quiere liberar a Lula. Evo mantiene chance en Bolivia. Mientras aumenta la xenofobia en Per\u00fa, vemos saqueos y protestas en&hellip;<\/p>\n","protected":false},"author":305,"featured_media":32040,"comment_status":"closed","ping_status":"closed","sticky":false,"template":"","format":"standard","meta":{"footnotes":""},"categories":[138],"tags":[],"class_list":["post-32711","post","type-post","status-publish","format-standard","has-post-thumbnail","hentry","category-seres-que-opinan","category-138","description-off"],"yoast_head":"<!-- This site is optimized with the Yoast SEO plugin v25.4 - https:\/\/yoast.com\/wordpress\/plugins\/seo\/ -->\n<title>Quien no cuida lo que tiene... &#187; SeryHumano.com<\/title>\n<meta name=\"robots\" content=\"index, follow, max-snippet:-1, max-image-preview:large, max-video-preview:-1\" \/>\n<link rel=\"canonical\" href=\"https:\/\/seryhumano.com\/web\/?p=32711\" \/>\n<meta property=\"og:locale\" content=\"es_ES\" \/>\n<meta property=\"og:type\" content=\"article\" \/>\n<meta property=\"og:title\" content=\"Quien no cuida lo que tiene... &#187; SeryHumano.com\" \/>\n<meta property=\"og:description\" content=\"Por Omar \u00c1vila La izquierda latinoamericana viene reorganiz\u00e1ndose peligrosamente con fuerza para retomar espacios de poder. Es Rafael Correa quien intenta acorralar a Lenin. Kirchner tiene contra la pared a Macri. El Supremo de Brasil quiere liberar a Lula. Evo mantiene chance en Bolivia. Mientras aumenta la xenofobia en Per\u00fa, vemos saqueos y protestas en&hellip;\" \/>\n<meta property=\"og:url\" content=\"https:\/\/seryhumano.com\/web\/?p=32711\" \/>\n<meta property=\"og:site_name\" content=\"SeryHumano.com\" \/>\n<meta property=\"article:publisher\" content=\"https:\/\/www.facebook.com\/seryhumano\/\" \/>\n<meta property=\"article:published_time\" content=\"2019-10-17T10:36:22+00:00\" \/>\n<meta property=\"article:modified_time\" content=\"2019-10-17T10:36:50+00:00\" \/>\n<meta property=\"og:image\" content=\"https:\/\/seryhumano.com\/web\/wp-content\/uploads\/2019\/08\/Omar-\u00c1vila.jpg\" \/>\n\t<meta property=\"og:image:width\" content=\"1024\" \/>\n\t<meta property=\"og:image:height\" content=\"576\" \/>\n\t<meta property=\"og:image:type\" content=\"image\/jpeg\" \/>\n<meta name=\"author\" content=\"Redacci\u00f3n SeryHumano.com\" \/>\n<meta name=\"twitter:card\" content=\"summary_large_image\" \/>\n<meta name=\"twitter:creator\" content=\"@SeryHumano\" \/>\n<meta name=\"twitter:site\" content=\"@SeryHumano\" \/>\n<meta name=\"twitter:label1\" content=\"Escrito por\" \/>\n\t<meta name=\"twitter:data1\" content=\"Redacci\u00f3n SeryHumano.com\" \/>\n\t<meta name=\"twitter:label2\" content=\"Tiempo de lectura\" \/>\n\t<meta name=\"twitter:data2\" content=\"4 minutos\" \/>\n<script type=\"application\/ld+json\" class=\"yoast-schema-graph\">{\"@context\":\"https:\/\/schema.org\",\"@graph\":[{\"@type\":\"Article\",\"@id\":\"https:\/\/seryhumano.com\/web\/?p=32711#article\",\"isPartOf\":{\"@id\":\"https:\/\/seryhumano.com\/web\/?p=32711\"},\"author\":{\"name\":\"Redacci\u00f3n SeryHumano.com\",\"@id\":\"https:\/\/seryhumano.com\/web\/#\/schema\/person\/f4adb88e2944ce8c1d005724eb1186d6\"},\"headline\":\"Quien no cuida lo que tiene&#8230;\",\"datePublished\":\"2019-10-17T10:36:22+00:00\",\"dateModified\":\"2019-10-17T10:36:50+00:00\",\"mainEntityOfPage\":{\"@id\":\"https:\/\/seryhumano.com\/web\/?p=32711\"},\"wordCount\":835,\"publisher\":{\"@id\":\"https:\/\/seryhumano.com\/web\/#organization\"},\"image\":{\"@id\":\"https:\/\/seryhumano.com\/web\/?p=32711#primaryimage\"},\"thumbnailUrl\":\"https:\/\/seryhumano.com\/web\/wp-content\/uploads\/2019\/08\/Omar-\u00c1vila.jpg\",\"articleSection\":[\"Seres que opinan\"],\"inLanguage\":\"es\"},{\"@type\":\"WebPage\",\"@id\":\"https:\/\/seryhumano.com\/web\/?p=32711\",\"url\":\"https:\/\/seryhumano.com\/web\/?p=32711\",\"name\":\"Quien no cuida lo que tiene... &#187; SeryHumano.com\",\"isPartOf\":{\"@id\":\"https:\/\/seryhumano.com\/web\/#website\"},\"primaryImageOfPage\":{\"@id\":\"https:\/\/seryhumano.com\/web\/?p=32711#primaryimage\"},\"image\":{\"@id\":\"https:\/\/seryhumano.com\/web\/?p=32711#primaryimage\"},\"thumbnailUrl\":\"https:\/\/seryhumano.com\/web\/wp-content\/uploads\/2019\/08\/Omar-\u00c1vila.jpg\",\"datePublished\":\"2019-10-17T10:36:22+00:00\",\"dateModified\":\"2019-10-17T10:36:50+00:00\",\"breadcrumb\":{\"@id\":\"https:\/\/seryhumano.com\/web\/?p=32711#breadcrumb\"},\"inLanguage\":\"es\",\"potentialAction\":[{\"@type\":\"ReadAction\",\"target\":[\"https:\/\/seryhumano.com\/web\/?p=32711\"]}]},{\"@type\":\"ImageObject\",\"inLanguage\":\"es\",\"@id\":\"https:\/\/seryhumano.com\/web\/?p=32711#primaryimage\",\"url\":\"https:\/\/seryhumano.com\/web\/wp-content\/uploads\/2019\/08\/Omar-\u00c1vila.jpg\",\"contentUrl\":\"https:\/\/seryhumano.com\/web\/wp-content\/uploads\/2019\/08\/Omar-\u00c1vila.jpg\",\"width\":1024,\"height\":576},{\"@type\":\"BreadcrumbList\",\"@id\":\"https:\/\/seryhumano.com\/web\/?p=32711#breadcrumb\",\"itemListElement\":[{\"@type\":\"ListItem\",\"position\":1,\"name\":\"Portada\",\"item\":\"https:\/\/seryhumano.com\/web\/\"},{\"@type\":\"ListItem\",\"position\":2,\"name\":\"Quien no cuida lo que tiene&#8230;\"}]},{\"@type\":\"WebSite\",\"@id\":\"https:\/\/seryhumano.com\/web\/#website\",\"url\":\"https:\/\/seryhumano.com\/web\/\",\"name\":\"SeryHumano.com\",\"description\":\"Revista digital muy humana, donde lo mas importante es el Ser...\",\"publisher\":{\"@id\":\"https:\/\/seryhumano.com\/web\/#organization\"},\"potentialAction\":[{\"@type\":\"SearchAction\",\"target\":{\"@type\":\"EntryPoint\",\"urlTemplate\":\"https:\/\/seryhumano.com\/web\/?s={search_term_string}\"},\"query-input\":{\"@type\":\"PropertyValueSpecification\",\"valueRequired\":true,\"valueName\":\"search_term_string\"}}],\"inLanguage\":\"es\"},{\"@type\":\"Organization\",\"@id\":\"https:\/\/seryhumano.com\/web\/#organization\",\"name\":\"SeryHumano.com\",\"url\":\"https:\/\/seryhumano.com\/web\/\",\"logo\":{\"@type\":\"ImageObject\",\"inLanguage\":\"es\",\"@id\":\"https:\/\/seryhumano.com\/web\/#\/schema\/logo\/image\/\",\"url\":\"https:\/\/seryhumano.com\/web\/wp-content\/uploads\/2020\/02\/JNe5VRwH_400x400-2.jpg\",\"contentUrl\":\"https:\/\/seryhumano.com\/web\/wp-content\/uploads\/2020\/02\/JNe5VRwH_400x400-2.jpg\",\"width\":400,\"height\":400,\"caption\":\"SeryHumano.com\"},\"image\":{\"@id\":\"https:\/\/seryhumano.com\/web\/#\/schema\/logo\/image\/\"},\"sameAs\":[\"https:\/\/www.facebook.com\/seryhumano\/\",\"https:\/\/x.com\/SeryHumano\",\"https:\/\/www.instagram.com\/seryhumano\/\",\"https:\/\/www.linkedin.com\/company\/seryhumano-com\/\",\"https:\/\/www.youtube.com\/channel\/UCYfgIGSxygVnJAW0e9ZBZWg\"]},{\"@type\":\"Person\",\"@id\":\"https:\/\/seryhumano.com\/web\/#\/schema\/person\/f4adb88e2944ce8c1d005724eb1186d6\",\"name\":\"Redacci\u00f3n SeryHumano.com\",\"sameAs\":[\"http:\/\/seryhumano.com\"],\"url\":\"https:\/\/seryhumano.com\/web\/?author=305\"}]}<\/script>\n<!-- \/ Yoast SEO plugin. -->","yoast_head_json":{"title":"Quien no cuida lo que tiene... &#187; SeryHumano.com","robots":{"index":"index","follow":"follow","max-snippet":"max-snippet:-1","max-image-preview":"max-image-preview:large","max-video-preview":"max-video-preview:-1"},"canonical":"https:\/\/seryhumano.com\/web\/?p=32711","og_locale":"es_ES","og_type":"article","og_title":"Quien no cuida lo que tiene... &#187; SeryHumano.com","og_description":"Por Omar \u00c1vila La izquierda latinoamericana viene reorganiz\u00e1ndose peligrosamente con fuerza para retomar espacios de poder. Es Rafael Correa quien intenta acorralar a Lenin. Kirchner tiene contra la pared a Macri. El Supremo de Brasil quiere liberar a Lula. Evo mantiene chance en Bolivia. Mientras aumenta la xenofobia en Per\u00fa, vemos saqueos y protestas en&hellip;","og_url":"https:\/\/seryhumano.com\/web\/?p=32711","og_site_name":"SeryHumano.com","article_publisher":"https:\/\/www.facebook.com\/seryhumano\/","article_published_time":"2019-10-17T10:36:22+00:00","article_modified_time":"2019-10-17T10:36:50+00:00","og_image":[{"width":1024,"height":576,"url":"https:\/\/seryhumano.com\/web\/wp-content\/uploads\/2019\/08\/Omar-\u00c1vila.jpg","type":"image\/jpeg"}],"author":"Redacci\u00f3n SeryHumano.com","twitter_card":"summary_large_image","twitter_creator":"@SeryHumano","twitter_site":"@SeryHumano","twitter_misc":{"Escrito por":"Redacci\u00f3n SeryHumano.com","Tiempo de lectura":"4 minutos"},"schema":{"@context":"https:\/\/schema.org","@graph":[{"@type":"Article","@id":"https:\/\/seryhumano.com\/web\/?p=32711#article","isPartOf":{"@id":"https:\/\/seryhumano.com\/web\/?p=32711"},"author":{"name":"Redacci\u00f3n SeryHumano.com","@id":"https:\/\/seryhumano.com\/web\/#\/schema\/person\/f4adb88e2944ce8c1d005724eb1186d6"},"headline":"Quien no cuida lo que tiene&#8230;","datePublished":"2019-10-17T10:36:22+00:00","dateModified":"2019-10-17T10:36:50+00:00","mainEntityOfPage":{"@id":"https:\/\/seryhumano.com\/web\/?p=32711"},"wordCount":835,"publisher":{"@id":"https:\/\/seryhumano.com\/web\/#organization"},"image":{"@id":"https:\/\/seryhumano.com\/web\/?p=32711#primaryimage"},"thumbnailUrl":"https:\/\/seryhumano.com\/web\/wp-content\/uploads\/2019\/08\/Omar-\u00c1vila.jpg","articleSection":["Seres que opinan"],"inLanguage":"es"},{"@type":"WebPage","@id":"https:\/\/seryhumano.com\/web\/?p=32711","url":"https:\/\/seryhumano.com\/web\/?p=32711","name":"Quien no cuida lo que tiene... &#187; SeryHumano.com","isPartOf":{"@id":"https:\/\/seryhumano.com\/web\/#website"},"primaryImageOfPage":{"@id":"https:\/\/seryhumano.com\/web\/?p=32711#primaryimage"},"image":{"@id":"https:\/\/seryhumano.com\/web\/?p=32711#primaryimage"},"thumbnailUrl":"https:\/\/seryhumano.com\/web\/wp-content\/uploads\/2019\/08\/Omar-\u00c1vila.jpg","datePublished":"2019-10-17T10:36:22+00:00","dateModified":"2019-10-17T10:36:50+00:00","breadcrumb":{"@id":"https:\/\/seryhumano.com\/web\/?p=32711#breadcrumb"},"inLanguage":"es","potentialAction":[{"@type":"ReadAction","target":["https:\/\/seryhumano.com\/web\/?p=32711"]}]},{"@type":"ImageObject","inLanguage":"es","@id":"https:\/\/seryhumano.com\/web\/?p=32711#primaryimage","url":"https:\/\/seryhumano.com\/web\/wp-content\/uploads\/2019\/08\/Omar-\u00c1vila.jpg","contentUrl":"https:\/\/seryhumano.com\/web\/wp-content\/uploads\/2019\/08\/Omar-\u00c1vila.jpg","width":1024,"height":576},{"@type":"BreadcrumbList","@id":"https:\/\/seryhumano.com\/web\/?p=32711#breadcrumb","itemListElement":[{"@type":"ListItem","position":1,"name":"Portada","item":"https:\/\/seryhumano.com\/web\/"},{"@type":"ListItem","position":2,"name":"Quien no cuida lo que tiene&#8230;"}]},{"@type":"WebSite","@id":"https:\/\/seryhumano.com\/web\/#website","url":"https:\/\/seryhumano.com\/web\/","name":"SeryHumano.com","description":"Revista digital muy humana, donde lo mas importante es el Ser...","publisher":{"@id":"https:\/\/seryhumano.com\/web\/#organization"},"potentialAction":[{"@type":"SearchAction","target":{"@type":"EntryPoint","urlTemplate":"https:\/\/seryhumano.com\/web\/?s={search_term_string}"},"query-input":{"@type":"PropertyValueSpecification","valueRequired":true,"valueName":"search_term_string"}}],"inLanguage":"es"},{"@type":"Organization","@id":"https:\/\/seryhumano.com\/web\/#organization","name":"SeryHumano.com","url":"https:\/\/seryhumano.com\/web\/","logo":{"@type":"ImageObject","inLanguage":"es","@id":"https:\/\/seryhumano.com\/web\/#\/schema\/logo\/image\/","url":"https:\/\/seryhumano.com\/web\/wp-content\/uploads\/2020\/02\/JNe5VRwH_400x400-2.jpg","contentUrl":"https:\/\/seryhumano.com\/web\/wp-content\/uploads\/2020\/02\/JNe5VRwH_400x400-2.jpg","width":400,"height":400,"caption":"SeryHumano.com"},"image":{"@id":"https:\/\/seryhumano.com\/web\/#\/schema\/logo\/image\/"},"sameAs":["https:\/\/www.facebook.com\/seryhumano\/","https:\/\/x.com\/SeryHumano","https:\/\/www.instagram.com\/seryhumano\/","https:\/\/www.linkedin.com\/company\/seryhumano-com\/","https:\/\/www.youtube.com\/channel\/UCYfgIGSxygVnJAW0e9ZBZWg"]},{"@type":"Person","@id":"https:\/\/seryhumano.com\/web\/#\/schema\/person\/f4adb88e2944ce8c1d005724eb1186d6","name":"Redacci\u00f3n SeryHumano.com","sameAs":["http:\/\/seryhumano.com"],"url":"https:\/\/seryhumano.com\/web\/?author=305"}]}},"_links":{"self":[{"href":"https:\/\/seryhumano.com\/web\/index.php?rest_route=\/wp\/v2\/posts\/32711","targetHints":{"allow":["GET"]}}],"collection":[{"href":"https:\/\/seryhumano.com\/web\/index.php?rest_route=\/wp\/v2\/posts"}],"about":[{"href":"https:\/\/seryhumano.com\/web\/index.php?rest_route=\/wp\/v2\/types\/post"}],"author":[{"embeddable":true,"href":"https:\/\/seryhumano.com\/web\/index.php?rest_route=\/wp\/v2\/users\/305"}],"replies":[{"embeddable":true,"href":"https:\/\/seryhumano.com\/web\/index.php?rest_route=%2Fwp%2Fv2%2Fcomments&post=32711"}],"version-history":[{"count":0,"href":"https:\/\/seryhumano.com\/web\/index.php?rest_route=\/wp\/v2\/posts\/32711\/revisions"}],"wp:featuredmedia":[{"embeddable":true,"href":"https:\/\/seryhumano.com\/web\/index.php?rest_route=\/wp\/v2\/media\/32040"}],"wp:attachment":[{"href":"https:\/\/seryhumano.com\/web\/index.php?rest_route=%2Fwp%2Fv2%2Fmedia&parent=32711"}],"wp:term":[{"taxonomy":"category","embeddable":true,"href":"https:\/\/seryhumano.com\/web\/index.php?rest_route=%2Fwp%2Fv2%2Fcategories&post=32711"},{"taxonomy":"post_tag","embeddable":true,"href":"https:\/\/seryhumano.com\/web\/index.php?rest_route=%2Fwp%2Fv2%2Ftags&post=32711"}],"curies":[{"name":"wp","href":"https:\/\/api.w.org\/{rel}","templated":true}]}}