{"id":32713,"date":"2019-10-17T06:33:04","date_gmt":"2019-10-17T11:03:04","guid":{"rendered":"https:\/\/seryhumano.com\/web\/?p=32713"},"modified":"2019-10-17T06:35:24","modified_gmt":"2019-10-17T11:05:24","slug":"acelera-caminar-lento-estaria-relacionado-con-un-envejecimiento-mas-rapido","status":"publish","type":"post","link":"https:\/\/seryhumano.com\/web\/?p=32713","title":{"rendered":"\u00a1Acelera!: Caminar lento estar\u00eda relacionado con un envejecimiento m\u00e1s r\u00e1pido"},"content":{"rendered":"\n<blockquote style=\"text-align:center\" class=\"wp-block-quote is-layout-flow wp-block-quote-is-layout-flow\"><p><br> <strong>La velocidad a la que caminan las personas de 45 a\u00f1os podr\u00eda ser un indicador de c\u00f3mo envejece el cerebro y el cuerpo, sostiene un estudio que ha durado m\u00e1s de 40 a\u00f1os.<\/strong> <\/p><\/blockquote>\n\n\n\n<figure class=\"wp-block-image\"><img loading=\"lazy\" decoding=\"async\" width=\"1024\" height=\"678\" src=\"https:\/\/seryhumano.com\/web\/wp-content\/uploads\/2019\/10\/Caminar-1024x678.jpg\" alt=\"\" class=\"wp-image-32714\" srcset=\"https:\/\/seryhumano.com\/web\/wp-content\/uploads\/2019\/10\/Caminar.jpg 1024w, https:\/\/seryhumano.com\/web\/wp-content\/uploads\/2019\/10\/Caminar-300x199.jpg 300w, https:\/\/seryhumano.com\/web\/wp-content\/uploads\/2019\/10\/Caminar-768x508.jpg 768w\" sizes=\"auto, (max-width: 1024px) 100vw, 1024px\" \/><\/figure>\n\n\n\n<p>Una nueva investigaci\u00f3n ha puesto de manifiesto que la velocidad del paso de las personas de 45 a\u00f1os podr\u00eda ser un indicador del envejecimiento del cuerpo y del cerebro, seg\u00fan un <a href=\"https:\/\/today.duke.edu\/2019\/10\/new-zealand-study-connects-walking-speed-brain-health-45-year-olds\">comunicado<\/a> de la Universidad de Duke, Nueva Zelanda.<\/p>\n\n\n\n<p>Se trata de un estudio iniciado a principios de la d\u00e9cada de los a\u00f1os 70 del siglo pasado en el que participaron cerca de 1.000 beb\u00e9s hasta las \u00faltimas mediciones realizadas en abril de 2019, la investigaci\u00f3n se ha publicado en <a href=\"https:\/\/jamanetwork.com\/journals\/jamanetworkopen\/fullarticle\/2752818\">JAMA Network Open<\/a>.<\/p>\n\n\n\n<p>Para llegar a tal conclusi\u00f3n los investigadores\nconsideraron una serie de mediciones de la funci\u00f3n f\u00edsica diaria. Aquellas\npersonas que caminan lento mostraban \u00ab<em>un envejecimiento acelerado<\/em>\u00bb\nen una escala de 19 par\u00e1metros creada por los investigadores, y sus pulmones,\ndientes y sistema inmunitario sol\u00edan estar en peor estado que el de las\npersonas que caminaban deprisa. <\/p>\n\n\n\n<p>\u00ab<em>Lo que es realmente sorprendente es que esto se da\nen personas de 45 a\u00f1os, no en pacientes geri\u00e1tricos que generalmente son\nevaluados con tales medidas<\/em>\u00ab, indic\u00f3 el investigador de la Universidad\nde Duke, Line J.H. Rasmussen.<\/p>\n\n\n\n<p>Al evaluar la salud de los participantes, el equipo\ndescubri\u00f3 que la velocidad de la caminata a la mediana edad parece ofrecer una\nventana \u00fanica a los procesos de envejecimiento de toda la vida, que se remontan\nhasta la infancia.<\/p>\n\n\n\n<p>seryhumano.com \/ <a href=\"https:\/\/twitter.com\/kiklikian\">Juan Kiklikian*<\/a><\/p>\n\n\n\n<p>*Neurocirujano \/ Neuroendoscopista<\/p>\n\n\n\n<p><strong>Si quiere recibir en su celular esta y otras informaciones y art\u00edculos descargue Telegram, ingrese al link <a href=\"https:\/\/t.me\/seryhumano\">htts:\/\/t.ime\/seryhumano<\/a> y dele click a +Unirme<\/strong><\/p>\n","protected":false},"excerpt":{"rendered":"<p>La velocidad a la que caminan las personas de 45 a\u00f1os podr\u00eda ser un indicador de c\u00f3mo envejece el cerebro y el cuerpo, sostiene un estudio que ha durado m\u00e1s de 40 a\u00f1os. Una nueva investigaci\u00f3n ha puesto de manifiesto que la velocidad del paso de las personas de 45 a\u00f1os podr\u00eda ser un indicador&hellip;<\/p>\n","protected":false},"author":306,"featured_media":32714,"comment_status":"closed","ping_status":"closed","sticky":false,"template":"","format":"standard","meta":{"footnotes":""},"categories":[120],"tags":[],"class_list":["post-32713","post","type-post","status-publish","format-standard","has-post-thumbnail","hentry","category-ser-saludable","category-120","description-off"],"yoast_head":"<!-- This site is optimized with the Yoast SEO plugin v25.4 - https:\/\/yoast.com\/wordpress\/plugins\/seo\/ -->\n<title>\u00a1Acelera!: Caminar lento estar\u00eda relacionado con un envejecimiento m\u00e1s r\u00e1pido &#187; SeryHumano.com<\/title>\n<meta name=\"robots\" content=\"index, follow, max-snippet:-1, max-image-preview:large, max-video-preview:-1\" \/>\n<link rel=\"canonical\" href=\"https:\/\/seryhumano.com\/web\/?p=32713\" \/>\n<meta property=\"og:locale\" content=\"es_ES\" \/>\n<meta property=\"og:type\" content=\"article\" \/>\n<meta property=\"og:title\" content=\"\u00a1Acelera!: Caminar lento estar\u00eda relacionado con un envejecimiento m\u00e1s r\u00e1pido &#187; SeryHumano.com\" \/>\n<meta property=\"og:description\" content=\"La velocidad a la que caminan las personas de 45 a\u00f1os podr\u00eda ser un indicador de c\u00f3mo envejece el cerebro y el cuerpo, sostiene un estudio que ha durado m\u00e1s de 40 a\u00f1os. Una nueva investigaci\u00f3n ha puesto de manifiesto que la velocidad del paso de las personas de 45 a\u00f1os podr\u00eda ser un indicador&hellip;\" \/>\n<meta property=\"og:url\" content=\"https:\/\/seryhumano.com\/web\/?p=32713\" \/>\n<meta property=\"og:site_name\" content=\"SeryHumano.com\" \/>\n<meta property=\"article:publisher\" content=\"https:\/\/www.facebook.com\/seryhumano\/\" \/>\n<meta property=\"article:published_time\" content=\"2019-10-17T11:03:04+00:00\" \/>\n<meta property=\"article:modified_time\" content=\"2019-10-17T11:05:24+00:00\" \/>\n<meta property=\"og:image\" content=\"https:\/\/seryhumano.com\/web\/wp-content\/uploads\/2019\/10\/Caminar.jpg\" \/>\n\t<meta property=\"og:image:width\" content=\"1024\" \/>\n\t<meta property=\"og:image:height\" content=\"678\" \/>\n\t<meta property=\"og:image:type\" content=\"image\/jpeg\" \/>\n<meta name=\"author\" content=\"Juan E. Kiklikian D.\" \/>\n<meta name=\"twitter:card\" content=\"summary_large_image\" \/>\n<meta name=\"twitter:creator\" content=\"@SeryHumano\" \/>\n<meta name=\"twitter:site\" content=\"@SeryHumano\" \/>\n<meta name=\"twitter:label1\" content=\"Escrito por\" \/>\n\t<meta name=\"twitter:data1\" content=\"Juan E. Kiklikian D.\" \/>\n\t<meta name=\"twitter:label2\" content=\"Tiempo de lectura\" \/>\n\t<meta name=\"twitter:data2\" content=\"1 minuto\" \/>\n<script type=\"application\/ld+json\" class=\"yoast-schema-graph\">{\"@context\":\"https:\/\/schema.org\",\"@graph\":[{\"@type\":\"Article\",\"@id\":\"https:\/\/seryhumano.com\/web\/?p=32713#article\",\"isPartOf\":{\"@id\":\"https:\/\/seryhumano.com\/web\/?p=32713\"},\"author\":{\"name\":\"Juan E. Kiklikian D.\",\"@id\":\"https:\/\/seryhumano.com\/web\/#\/schema\/person\/6423e788c80fc3d815aded8e720e5916\"},\"headline\":\"\u00a1Acelera!: Caminar lento estar\u00eda relacionado con un envejecimiento m\u00e1s r\u00e1pido\",\"datePublished\":\"2019-10-17T11:03:04+00:00\",\"dateModified\":\"2019-10-17T11:05:24+00:00\",\"mainEntityOfPage\":{\"@id\":\"https:\/\/seryhumano.com\/web\/?p=32713\"},\"wordCount\":308,\"publisher\":{\"@id\":\"https:\/\/seryhumano.com\/web\/#organization\"},\"image\":{\"@id\":\"https:\/\/seryhumano.com\/web\/?p=32713#primaryimage\"},\"thumbnailUrl\":\"https:\/\/seryhumano.com\/web\/wp-content\/uploads\/2019\/10\/Caminar.jpg\",\"articleSection\":[\"Ser Saludable\"],\"inLanguage\":\"es\"},{\"@type\":\"WebPage\",\"@id\":\"https:\/\/seryhumano.com\/web\/?p=32713\",\"url\":\"https:\/\/seryhumano.com\/web\/?p=32713\",\"name\":\"\u00a1Acelera!: Caminar lento estar\u00eda relacionado con un envejecimiento m\u00e1s r\u00e1pido &#187; SeryHumano.com\",\"isPartOf\":{\"@id\":\"https:\/\/seryhumano.com\/web\/#website\"},\"primaryImageOfPage\":{\"@id\":\"https:\/\/seryhumano.com\/web\/?p=32713#primaryimage\"},\"image\":{\"@id\":\"https:\/\/seryhumano.com\/web\/?p=32713#primaryimage\"},\"thumbnailUrl\":\"https:\/\/seryhumano.com\/web\/wp-content\/uploads\/2019\/10\/Caminar.jpg\",\"datePublished\":\"2019-10-17T11:03:04+00:00\",\"dateModified\":\"2019-10-17T11:05:24+00:00\",\"breadcrumb\":{\"@id\":\"https:\/\/seryhumano.com\/web\/?p=32713#breadcrumb\"},\"inLanguage\":\"es\",\"potentialAction\":[{\"@type\":\"ReadAction\",\"target\":[\"https:\/\/seryhumano.com\/web\/?p=32713\"]}]},{\"@type\":\"ImageObject\",\"inLanguage\":\"es\",\"@id\":\"https:\/\/seryhumano.com\/web\/?p=32713#primaryimage\",\"url\":\"https:\/\/seryhumano.com\/web\/wp-content\/uploads\/2019\/10\/Caminar.jpg\",\"contentUrl\":\"https:\/\/seryhumano.com\/web\/wp-content\/uploads\/2019\/10\/Caminar.jpg\",\"width\":1024,\"height\":678},{\"@type\":\"BreadcrumbList\",\"@id\":\"https:\/\/seryhumano.com\/web\/?p=32713#breadcrumb\",\"itemListElement\":[{\"@type\":\"ListItem\",\"position\":1,\"name\":\"Portada\",\"item\":\"https:\/\/seryhumano.com\/web\/\"},{\"@type\":\"ListItem\",\"position\":2,\"name\":\"\u00a1Acelera!: Caminar lento estar\u00eda relacionado con un envejecimiento m\u00e1s r\u00e1pido\"}]},{\"@type\":\"WebSite\",\"@id\":\"https:\/\/seryhumano.com\/web\/#website\",\"url\":\"https:\/\/seryhumano.com\/web\/\",\"name\":\"SeryHumano.com\",\"description\":\"Revista digital muy humana, donde lo mas importante es el Ser...\",\"publisher\":{\"@id\":\"https:\/\/seryhumano.com\/web\/#organization\"},\"potentialAction\":[{\"@type\":\"SearchAction\",\"target\":{\"@type\":\"EntryPoint\",\"urlTemplate\":\"https:\/\/seryhumano.com\/web\/?s={search_term_string}\"},\"query-input\":{\"@type\":\"PropertyValueSpecification\",\"valueRequired\":true,\"valueName\":\"search_term_string\"}}],\"inLanguage\":\"es\"},{\"@type\":\"Organization\",\"@id\":\"https:\/\/seryhumano.com\/web\/#organization\",\"name\":\"SeryHumano.com\",\"url\":\"https:\/\/seryhumano.com\/web\/\",\"logo\":{\"@type\":\"ImageObject\",\"inLanguage\":\"es\",\"@id\":\"https:\/\/seryhumano.com\/web\/#\/schema\/logo\/image\/\",\"url\":\"https:\/\/seryhumano.com\/web\/wp-content\/uploads\/2020\/02\/JNe5VRwH_400x400-2.jpg\",\"contentUrl\":\"https:\/\/seryhumano.com\/web\/wp-content\/uploads\/2020\/02\/JNe5VRwH_400x400-2.jpg\",\"width\":400,\"height\":400,\"caption\":\"SeryHumano.com\"},\"image\":{\"@id\":\"https:\/\/seryhumano.com\/web\/#\/schema\/logo\/image\/\"},\"sameAs\":[\"https:\/\/www.facebook.com\/seryhumano\/\",\"https:\/\/x.com\/SeryHumano\",\"https:\/\/www.instagram.com\/seryhumano\/\",\"https:\/\/www.linkedin.com\/company\/seryhumano-com\/\",\"https:\/\/www.youtube.com\/channel\/UCYfgIGSxygVnJAW0e9ZBZWg\"]},{\"@type\":\"Person\",\"@id\":\"https:\/\/seryhumano.com\/web\/#\/schema\/person\/6423e788c80fc3d815aded8e720e5916\",\"name\":\"Juan E. Kiklikian D.\",\"sameAs\":[\"http:\/\/seryhumano.com\"],\"url\":\"https:\/\/seryhumano.com\/web\/?author=306\"}]}<\/script>\n<!-- \/ Yoast SEO plugin. -->","yoast_head_json":{"title":"\u00a1Acelera!: Caminar lento estar\u00eda relacionado con un envejecimiento m\u00e1s r\u00e1pido &#187; SeryHumano.com","robots":{"index":"index","follow":"follow","max-snippet":"max-snippet:-1","max-image-preview":"max-image-preview:large","max-video-preview":"max-video-preview:-1"},"canonical":"https:\/\/seryhumano.com\/web\/?p=32713","og_locale":"es_ES","og_type":"article","og_title":"\u00a1Acelera!: Caminar lento estar\u00eda relacionado con un envejecimiento m\u00e1s r\u00e1pido &#187; SeryHumano.com","og_description":"La velocidad a la que caminan las personas de 45 a\u00f1os podr\u00eda ser un indicador de c\u00f3mo envejece el cerebro y el cuerpo, sostiene un estudio que ha durado m\u00e1s de 40 a\u00f1os. Una nueva investigaci\u00f3n ha puesto de manifiesto que la velocidad del paso de las personas de 45 a\u00f1os podr\u00eda ser un indicador&hellip;","og_url":"https:\/\/seryhumano.com\/web\/?p=32713","og_site_name":"SeryHumano.com","article_publisher":"https:\/\/www.facebook.com\/seryhumano\/","article_published_time":"2019-10-17T11:03:04+00:00","article_modified_time":"2019-10-17T11:05:24+00:00","og_image":[{"width":1024,"height":678,"url":"https:\/\/seryhumano.com\/web\/wp-content\/uploads\/2019\/10\/Caminar.jpg","type":"image\/jpeg"}],"author":"Juan E. Kiklikian D.","twitter_card":"summary_large_image","twitter_creator":"@SeryHumano","twitter_site":"@SeryHumano","twitter_misc":{"Escrito por":"Juan E. Kiklikian D.","Tiempo de lectura":"1 minuto"},"schema":{"@context":"https:\/\/schema.org","@graph":[{"@type":"Article","@id":"https:\/\/seryhumano.com\/web\/?p=32713#article","isPartOf":{"@id":"https:\/\/seryhumano.com\/web\/?p=32713"},"author":{"name":"Juan E. Kiklikian D.","@id":"https:\/\/seryhumano.com\/web\/#\/schema\/person\/6423e788c80fc3d815aded8e720e5916"},"headline":"\u00a1Acelera!: Caminar lento estar\u00eda relacionado con un envejecimiento m\u00e1s r\u00e1pido","datePublished":"2019-10-17T11:03:04+00:00","dateModified":"2019-10-17T11:05:24+00:00","mainEntityOfPage":{"@id":"https:\/\/seryhumano.com\/web\/?p=32713"},"wordCount":308,"publisher":{"@id":"https:\/\/seryhumano.com\/web\/#organization"},"image":{"@id":"https:\/\/seryhumano.com\/web\/?p=32713#primaryimage"},"thumbnailUrl":"https:\/\/seryhumano.com\/web\/wp-content\/uploads\/2019\/10\/Caminar.jpg","articleSection":["Ser Saludable"],"inLanguage":"es"},{"@type":"WebPage","@id":"https:\/\/seryhumano.com\/web\/?p=32713","url":"https:\/\/seryhumano.com\/web\/?p=32713","name":"\u00a1Acelera!: Caminar lento estar\u00eda relacionado con un envejecimiento m\u00e1s r\u00e1pido &#187; SeryHumano.com","isPartOf":{"@id":"https:\/\/seryhumano.com\/web\/#website"},"primaryImageOfPage":{"@id":"https:\/\/seryhumano.com\/web\/?p=32713#primaryimage"},"image":{"@id":"https:\/\/seryhumano.com\/web\/?p=32713#primaryimage"},"thumbnailUrl":"https:\/\/seryhumano.com\/web\/wp-content\/uploads\/2019\/10\/Caminar.jpg","datePublished":"2019-10-17T11:03:04+00:00","dateModified":"2019-10-17T11:05:24+00:00","breadcrumb":{"@id":"https:\/\/seryhumano.com\/web\/?p=32713#breadcrumb"},"inLanguage":"es","potentialAction":[{"@type":"ReadAction","target":["https:\/\/seryhumano.com\/web\/?p=32713"]}]},{"@type":"ImageObject","inLanguage":"es","@id":"https:\/\/seryhumano.com\/web\/?p=32713#primaryimage","url":"https:\/\/seryhumano.com\/web\/wp-content\/uploads\/2019\/10\/Caminar.jpg","contentUrl":"https:\/\/seryhumano.com\/web\/wp-content\/uploads\/2019\/10\/Caminar.jpg","width":1024,"height":678},{"@type":"BreadcrumbList","@id":"https:\/\/seryhumano.com\/web\/?p=32713#breadcrumb","itemListElement":[{"@type":"ListItem","position":1,"name":"Portada","item":"https:\/\/seryhumano.com\/web\/"},{"@type":"ListItem","position":2,"name":"\u00a1Acelera!: Caminar lento estar\u00eda relacionado con un envejecimiento m\u00e1s r\u00e1pido"}]},{"@type":"WebSite","@id":"https:\/\/seryhumano.com\/web\/#website","url":"https:\/\/seryhumano.com\/web\/","name":"SeryHumano.com","description":"Revista digital muy humana, donde lo mas importante es el Ser...","publisher":{"@id":"https:\/\/seryhumano.com\/web\/#organization"},"potentialAction":[{"@type":"SearchAction","target":{"@type":"EntryPoint","urlTemplate":"https:\/\/seryhumano.com\/web\/?s={search_term_string}"},"query-input":{"@type":"PropertyValueSpecification","valueRequired":true,"valueName":"search_term_string"}}],"inLanguage":"es"},{"@type":"Organization","@id":"https:\/\/seryhumano.com\/web\/#organization","name":"SeryHumano.com","url":"https:\/\/seryhumano.com\/web\/","logo":{"@type":"ImageObject","inLanguage":"es","@id":"https:\/\/seryhumano.com\/web\/#\/schema\/logo\/image\/","url":"https:\/\/seryhumano.com\/web\/wp-content\/uploads\/2020\/02\/JNe5VRwH_400x400-2.jpg","contentUrl":"https:\/\/seryhumano.com\/web\/wp-content\/uploads\/2020\/02\/JNe5VRwH_400x400-2.jpg","width":400,"height":400,"caption":"SeryHumano.com"},"image":{"@id":"https:\/\/seryhumano.com\/web\/#\/schema\/logo\/image\/"},"sameAs":["https:\/\/www.facebook.com\/seryhumano\/","https:\/\/x.com\/SeryHumano","https:\/\/www.instagram.com\/seryhumano\/","https:\/\/www.linkedin.com\/company\/seryhumano-com\/","https:\/\/www.youtube.com\/channel\/UCYfgIGSxygVnJAW0e9ZBZWg"]},{"@type":"Person","@id":"https:\/\/seryhumano.com\/web\/#\/schema\/person\/6423e788c80fc3d815aded8e720e5916","name":"Juan E. Kiklikian D.","sameAs":["http:\/\/seryhumano.com"],"url":"https:\/\/seryhumano.com\/web\/?author=306"}]}},"_links":{"self":[{"href":"https:\/\/seryhumano.com\/web\/index.php?rest_route=\/wp\/v2\/posts\/32713","targetHints":{"allow":["GET"]}}],"collection":[{"href":"https:\/\/seryhumano.com\/web\/index.php?rest_route=\/wp\/v2\/posts"}],"about":[{"href":"https:\/\/seryhumano.com\/web\/index.php?rest_route=\/wp\/v2\/types\/post"}],"author":[{"embeddable":true,"href":"https:\/\/seryhumano.com\/web\/index.php?rest_route=\/wp\/v2\/users\/306"}],"replies":[{"embeddable":true,"href":"https:\/\/seryhumano.com\/web\/index.php?rest_route=%2Fwp%2Fv2%2Fcomments&post=32713"}],"version-history":[{"count":0,"href":"https:\/\/seryhumano.com\/web\/index.php?rest_route=\/wp\/v2\/posts\/32713\/revisions"}],"wp:featuredmedia":[{"embeddable":true,"href":"https:\/\/seryhumano.com\/web\/index.php?rest_route=\/wp\/v2\/media\/32714"}],"wp:attachment":[{"href":"https:\/\/seryhumano.com\/web\/index.php?rest_route=%2Fwp%2Fv2%2Fmedia&parent=32713"}],"wp:term":[{"taxonomy":"category","embeddable":true,"href":"https:\/\/seryhumano.com\/web\/index.php?rest_route=%2Fwp%2Fv2%2Fcategories&post=32713"},{"taxonomy":"post_tag","embeddable":true,"href":"https:\/\/seryhumano.com\/web\/index.php?rest_route=%2Fwp%2Fv2%2Ftags&post=32713"}],"curies":[{"name":"wp","href":"https:\/\/api.w.org\/{rel}","templated":true}]}}