{"id":32724,"date":"2019-10-18T06:20:32","date_gmt":"2019-10-18T10:50:32","guid":{"rendered":"https:\/\/seryhumano.com\/web\/?p=32724"},"modified":"2019-10-18T06:20:50","modified_gmt":"2019-10-18T10:50:50","slug":"santiago-pol-rechaza-premio-nacional-de-cultura","status":"publish","type":"post","link":"https:\/\/seryhumano.com\/web\/?p=32724","title":{"rendered":"Santiago Pol rechaza Premio Nacional de Cultura"},"content":{"rendered":"\n<blockquote style=\"text-align:center\" class=\"wp-block-quote is-layout-flow wp-block-quote-is-layout-flow\"><p><br><strong> \u201c<em>Estoy totalmente en contra de este r\u00e9gimen de terror que se ha dado a la tarea de destruir sistem\u00e1ticamente a Venezuela<\/em>\u201d, asegur\u00f3 el artista de 73 a\u00f1os reconocido en la categor\u00eda Dise\u00f1o, que se entrega por primera vez en la edici\u00f3n 2016-2018<\/strong><\/p><\/blockquote>\n\n\n\n<div class=\"wp-block-image\"><figure class=\"aligncenter\"><img loading=\"lazy\" decoding=\"async\" width=\"392\" height=\"1024\" src=\"https:\/\/seryhumano.com\/web\/wp-content\/uploads\/2019\/10\/Santiago-2-392x1024.jpg\" alt=\"\" class=\"wp-image-32727\"\/><\/figure><\/div>\n\n\n\n<p>Luego de 50 a\u00f1os de trayectoria como destacado dise\u00f1ador\ngr\u00e1fico, el trabajo de Santiago Pol fue reconocido con el Premio Nacional de\nCultura 2016-2018, categor\u00eda Dise\u00f1o. Pero el artista lo rechaz\u00f3.<\/p>\n\n\n\n<p>\u00ab<em>Como dise\u00f1ador, como artista, como docente y como ser\nhumano estoy totalmente en contra de este r\u00e9gimen de terror que se ha dado a la\ntarea de destruir sistem\u00e1ticamente a Venezuela.&nbsp;\nPor esta raz\u00f3n y muchas otras rechazo el&nbsp;\nPremio Nacional de Cultura 2016 -2018 en Dise\u00f1o<\/em>\u00bb, dijo el artista\nresidenciado en Barcelona.<\/p>\n\n\n\n<p>Se enter\u00f3 tarde. El premio se otorg\u00f3 el 29 de septiembre.\nPol ser\u00eda el primero en recibir el reconocimiento en la categor\u00eda Dise\u00f1o, que\nse incorpor\u00f3 en esta edici\u00f3n al galard\u00f3n que se realiza de forma bienal desde\n2001.<\/p>\n\n\n\n<p>Ese mismo a\u00f1o, comenzando el nuevo milenio, Hugo Ch\u00e1vez\nanunci\u00f3 en el que era su programa dominical <strong><em>Alo, presidente<\/em><\/strong> el\ninicio de una \u00ab<em>revoluci\u00f3n cultural<\/em>\u00bb. Nombr\u00f3 nuevos directores de museos,\ngaler\u00edas, teatros, editoriales as\u00ed como del sector cine, danza y m\u00fasica. Todo\ndeb\u00eda estar en sinton\u00eda con el \u00abproceso revolucionario\u00bb del que fue l\u00edder.<\/p>\n\n\n\n<p>Todo el sistema cultural de Venezuela se politiz\u00f3, lo que\nincluye al Premio Nacional de Cultura en todas sus categor\u00edas: Artes Pl\u00e1sticas,\nLiteratura, Arquitectura, Teatro, M\u00fasica, Saberes Tradicionales, Humanidades,\nCine, Fotograf\u00eda y Danza. Artesan\u00eda se cre\u00f3 en 2015.<\/p>\n\n\n\n<p>Pol es cartelista. Antes de llegar all\u00ed pas\u00f3 por la\npintura. Pero cuando domin\u00f3 la t\u00e9cnica se dio cuenta de que no era suficiente.\nEstaba entrando a la Escuela de Bellas Artes de Caracas. Estuvo en Par\u00eds tres\na\u00f1os gracias a una beca que le ofreci\u00f3 Alejandro Otero. Al regresar ya ten\u00eda la\nidea de hacer carteles en la cabeza.<\/p>\n\n\n\n<p>Durante 50 a\u00f1os ha dise\u00f1ado m\u00e1s de quinientos carteles en\nVenezuela y el mundo. A pesar de su talento, no se considera el mejor en el\n\u00e1rea y se\u00f1ala que \u00ab<em>meti\u00f3 mucho la pata<\/em>\u00bb. No tiene pactos con ning\u00fan\nestilo, tendencia o concepto. Durante el auge de nuevas tecnolog\u00edas, consider\u00f3\nque le facilitar\u00edan el trabajo.<\/p>\n\n\n\n<p>Sus carteles se exhibieron en 12 estaciones del Metro de\nCaracas, como parte del proyecto cultural de la instituci\u00f3n en el siglo pasado,\nque llev\u00f3 Antonio Padr\u00f3n. Tambi\u00e9n han estado en el Museo de Arte Moderno de\nNueva York (MoMA) y represent\u00f3 a Venezuela en la Bienal de Arte de Venecia de\n2005.<\/p>\n\n\n\n<p>Ha sido ganador de premios como la Paloma de Oro al Mejor\nAfiche en el Festival de Cine en Leipzig, Alemania; Premio al M\u00e9rito en la\nsexta exposici\u00f3n Club de Directores de Arte de Nueva York; menci\u00f3n honor\u00edfica\nen la VI Bienal de Afiches Varsovia; Medalla de Bronce en la Trienal de Afiches\nde Toyama, Jap\u00f3n, entre otros.<\/p>\n\n\n\n<p>seryhumano.com <\/p>\n\n\n\n<p><strong>Si quiere recibir en su celular esta y otras informaciones y art\u00edculos descargue Telegram, ingrese al link <a href=\"https:\/\/t.me\/seryhumano\">htts:\/\/t.ime\/seryhumano <\/a>y dele click a +Unirme<\/strong><\/p>\n","protected":false},"excerpt":{"rendered":"<p>\u201cEstoy totalmente en contra de este r\u00e9gimen de terror que se ha dado a la tarea de destruir sistem\u00e1ticamente a Venezuela\u201d, asegur\u00f3 el artista de 73 a\u00f1os reconocido en la categor\u00eda Dise\u00f1o, que se entrega por primera vez en la edici\u00f3n 2016-2018 Luego de 50 a\u00f1os de trayectoria como destacado dise\u00f1ador gr\u00e1fico, el trabajo de&hellip;<\/p>\n","protected":false},"author":305,"featured_media":32727,"comment_status":"closed","ping_status":"closed","sticky":false,"template":"","format":"standard","meta":{"footnotes":""},"categories":[122],"tags":[],"class_list":["post-32724","post","type-post","status-publish","format-standard","has-post-thumbnail","hentry","category-cultura","category-122","description-off"],"yoast_head":"<!-- This site is optimized with the Yoast SEO plugin v25.4 - https:\/\/yoast.com\/wordpress\/plugins\/seo\/ -->\n<title>Santiago Pol rechaza Premio Nacional de Cultura &#187; SeryHumano.com<\/title>\n<meta name=\"robots\" content=\"index, follow, max-snippet:-1, max-image-preview:large, max-video-preview:-1\" \/>\n<link rel=\"canonical\" href=\"https:\/\/seryhumano.com\/web\/?p=32724\" \/>\n<meta property=\"og:locale\" content=\"es_ES\" \/>\n<meta property=\"og:type\" content=\"article\" \/>\n<meta property=\"og:title\" content=\"Santiago Pol rechaza Premio Nacional de Cultura &#187; SeryHumano.com\" \/>\n<meta property=\"og:description\" content=\"\u201cEstoy totalmente en contra de este r\u00e9gimen de terror que se ha dado a la tarea de destruir sistem\u00e1ticamente a Venezuela\u201d, asegur\u00f3 el artista de 73 a\u00f1os reconocido en la categor\u00eda Dise\u00f1o, que se entrega por primera vez en la edici\u00f3n 2016-2018 Luego de 50 a\u00f1os de trayectoria como destacado dise\u00f1ador gr\u00e1fico, el trabajo de&hellip;\" \/>\n<meta property=\"og:url\" content=\"https:\/\/seryhumano.com\/web\/?p=32724\" \/>\n<meta property=\"og:site_name\" content=\"SeryHumano.com\" \/>\n<meta property=\"article:publisher\" content=\"https:\/\/www.facebook.com\/seryhumano\/\" \/>\n<meta property=\"article:published_time\" content=\"2019-10-18T10:50:32+00:00\" \/>\n<meta property=\"article:modified_time\" content=\"2019-10-18T10:50:50+00:00\" \/>\n<meta property=\"og:image\" content=\"https:\/\/seryhumano.com\/web\/wp-content\/uploads\/2019\/10\/Santiago-2-e1571395737679.jpg\" \/>\n\t<meta property=\"og:image:width\" content=\"392\" \/>\n\t<meta property=\"og:image:height\" content=\"1024\" \/>\n\t<meta property=\"og:image:type\" content=\"image\/jpeg\" \/>\n<meta name=\"author\" content=\"Redacci\u00f3n SeryHumano.com\" \/>\n<meta name=\"twitter:card\" content=\"summary_large_image\" \/>\n<meta name=\"twitter:creator\" content=\"@SeryHumano\" \/>\n<meta name=\"twitter:site\" content=\"@SeryHumano\" \/>\n<meta name=\"twitter:label1\" content=\"Escrito por\" \/>\n\t<meta name=\"twitter:data1\" content=\"Redacci\u00f3n SeryHumano.com\" \/>\n\t<meta name=\"twitter:label2\" content=\"Tiempo de lectura\" \/>\n\t<meta name=\"twitter:data2\" content=\"3 minutos\" \/>\n<script type=\"application\/ld+json\" class=\"yoast-schema-graph\">{\"@context\":\"https:\/\/schema.org\",\"@graph\":[{\"@type\":\"Article\",\"@id\":\"https:\/\/seryhumano.com\/web\/?p=32724#article\",\"isPartOf\":{\"@id\":\"https:\/\/seryhumano.com\/web\/?p=32724\"},\"author\":{\"name\":\"Redacci\u00f3n SeryHumano.com\",\"@id\":\"https:\/\/seryhumano.com\/web\/#\/schema\/person\/f4adb88e2944ce8c1d005724eb1186d6\"},\"headline\":\"Santiago Pol rechaza Premio Nacional de Cultura\",\"datePublished\":\"2019-10-18T10:50:32+00:00\",\"dateModified\":\"2019-10-18T10:50:50+00:00\",\"mainEntityOfPage\":{\"@id\":\"https:\/\/seryhumano.com\/web\/?p=32724\"},\"wordCount\":565,\"publisher\":{\"@id\":\"https:\/\/seryhumano.com\/web\/#organization\"},\"image\":{\"@id\":\"https:\/\/seryhumano.com\/web\/?p=32724#primaryimage\"},\"thumbnailUrl\":\"https:\/\/seryhumano.com\/web\/wp-content\/uploads\/2019\/10\/Santiago-2-e1571395737679.jpg\",\"articleSection\":[\"Cultura del Ser\"],\"inLanguage\":\"es\"},{\"@type\":\"WebPage\",\"@id\":\"https:\/\/seryhumano.com\/web\/?p=32724\",\"url\":\"https:\/\/seryhumano.com\/web\/?p=32724\",\"name\":\"Santiago Pol rechaza Premio Nacional de Cultura &#187; SeryHumano.com\",\"isPartOf\":{\"@id\":\"https:\/\/seryhumano.com\/web\/#website\"},\"primaryImageOfPage\":{\"@id\":\"https:\/\/seryhumano.com\/web\/?p=32724#primaryimage\"},\"image\":{\"@id\":\"https:\/\/seryhumano.com\/web\/?p=32724#primaryimage\"},\"thumbnailUrl\":\"https:\/\/seryhumano.com\/web\/wp-content\/uploads\/2019\/10\/Santiago-2-e1571395737679.jpg\",\"datePublished\":\"2019-10-18T10:50:32+00:00\",\"dateModified\":\"2019-10-18T10:50:50+00:00\",\"breadcrumb\":{\"@id\":\"https:\/\/seryhumano.com\/web\/?p=32724#breadcrumb\"},\"inLanguage\":\"es\",\"potentialAction\":[{\"@type\":\"ReadAction\",\"target\":[\"https:\/\/seryhumano.com\/web\/?p=32724\"]}]},{\"@type\":\"ImageObject\",\"inLanguage\":\"es\",\"@id\":\"https:\/\/seryhumano.com\/web\/?p=32724#primaryimage\",\"url\":\"https:\/\/seryhumano.com\/web\/wp-content\/uploads\/2019\/10\/Santiago-2-e1571395737679.jpg\",\"contentUrl\":\"https:\/\/seryhumano.com\/web\/wp-content\/uploads\/2019\/10\/Santiago-2-e1571395737679.jpg\",\"width\":392,\"height\":1024},{\"@type\":\"BreadcrumbList\",\"@id\":\"https:\/\/seryhumano.com\/web\/?p=32724#breadcrumb\",\"itemListElement\":[{\"@type\":\"ListItem\",\"position\":1,\"name\":\"Portada\",\"item\":\"https:\/\/seryhumano.com\/web\/\"},{\"@type\":\"ListItem\",\"position\":2,\"name\":\"Santiago Pol rechaza Premio Nacional de Cultura\"}]},{\"@type\":\"WebSite\",\"@id\":\"https:\/\/seryhumano.com\/web\/#website\",\"url\":\"https:\/\/seryhumano.com\/web\/\",\"name\":\"SeryHumano.com\",\"description\":\"Revista digital muy humana, donde lo mas importante es el Ser...\",\"publisher\":{\"@id\":\"https:\/\/seryhumano.com\/web\/#organization\"},\"potentialAction\":[{\"@type\":\"SearchAction\",\"target\":{\"@type\":\"EntryPoint\",\"urlTemplate\":\"https:\/\/seryhumano.com\/web\/?s={search_term_string}\"},\"query-input\":{\"@type\":\"PropertyValueSpecification\",\"valueRequired\":true,\"valueName\":\"search_term_string\"}}],\"inLanguage\":\"es\"},{\"@type\":\"Organization\",\"@id\":\"https:\/\/seryhumano.com\/web\/#organization\",\"name\":\"SeryHumano.com\",\"url\":\"https:\/\/seryhumano.com\/web\/\",\"logo\":{\"@type\":\"ImageObject\",\"inLanguage\":\"es\",\"@id\":\"https:\/\/seryhumano.com\/web\/#\/schema\/logo\/image\/\",\"url\":\"https:\/\/seryhumano.com\/web\/wp-content\/uploads\/2020\/02\/JNe5VRwH_400x400-2.jpg\",\"contentUrl\":\"https:\/\/seryhumano.com\/web\/wp-content\/uploads\/2020\/02\/JNe5VRwH_400x400-2.jpg\",\"width\":400,\"height\":400,\"caption\":\"SeryHumano.com\"},\"image\":{\"@id\":\"https:\/\/seryhumano.com\/web\/#\/schema\/logo\/image\/\"},\"sameAs\":[\"https:\/\/www.facebook.com\/seryhumano\/\",\"https:\/\/x.com\/SeryHumano\",\"https:\/\/www.instagram.com\/seryhumano\/\",\"https:\/\/www.linkedin.com\/company\/seryhumano-com\/\",\"https:\/\/www.youtube.com\/channel\/UCYfgIGSxygVnJAW0e9ZBZWg\"]},{\"@type\":\"Person\",\"@id\":\"https:\/\/seryhumano.com\/web\/#\/schema\/person\/f4adb88e2944ce8c1d005724eb1186d6\",\"name\":\"Redacci\u00f3n SeryHumano.com\",\"sameAs\":[\"http:\/\/seryhumano.com\"],\"url\":\"https:\/\/seryhumano.com\/web\/?author=305\"}]}<\/script>\n<!-- \/ Yoast SEO plugin. -->","yoast_head_json":{"title":"Santiago Pol rechaza Premio Nacional de Cultura &#187; SeryHumano.com","robots":{"index":"index","follow":"follow","max-snippet":"max-snippet:-1","max-image-preview":"max-image-preview:large","max-video-preview":"max-video-preview:-1"},"canonical":"https:\/\/seryhumano.com\/web\/?p=32724","og_locale":"es_ES","og_type":"article","og_title":"Santiago Pol rechaza Premio Nacional de Cultura &#187; SeryHumano.com","og_description":"\u201cEstoy totalmente en contra de este r\u00e9gimen de terror que se ha dado a la tarea de destruir sistem\u00e1ticamente a Venezuela\u201d, asegur\u00f3 el artista de 73 a\u00f1os reconocido en la categor\u00eda Dise\u00f1o, que se entrega por primera vez en la edici\u00f3n 2016-2018 Luego de 50 a\u00f1os de trayectoria como destacado dise\u00f1ador gr\u00e1fico, el trabajo de&hellip;","og_url":"https:\/\/seryhumano.com\/web\/?p=32724","og_site_name":"SeryHumano.com","article_publisher":"https:\/\/www.facebook.com\/seryhumano\/","article_published_time":"2019-10-18T10:50:32+00:00","article_modified_time":"2019-10-18T10:50:50+00:00","og_image":[{"width":392,"height":1024,"url":"https:\/\/seryhumano.com\/web\/wp-content\/uploads\/2019\/10\/Santiago-2-e1571395737679.jpg","type":"image\/jpeg"}],"author":"Redacci\u00f3n SeryHumano.com","twitter_card":"summary_large_image","twitter_creator":"@SeryHumano","twitter_site":"@SeryHumano","twitter_misc":{"Escrito por":"Redacci\u00f3n SeryHumano.com","Tiempo de lectura":"3 minutos"},"schema":{"@context":"https:\/\/schema.org","@graph":[{"@type":"Article","@id":"https:\/\/seryhumano.com\/web\/?p=32724#article","isPartOf":{"@id":"https:\/\/seryhumano.com\/web\/?p=32724"},"author":{"name":"Redacci\u00f3n SeryHumano.com","@id":"https:\/\/seryhumano.com\/web\/#\/schema\/person\/f4adb88e2944ce8c1d005724eb1186d6"},"headline":"Santiago Pol rechaza Premio Nacional de Cultura","datePublished":"2019-10-18T10:50:32+00:00","dateModified":"2019-10-18T10:50:50+00:00","mainEntityOfPage":{"@id":"https:\/\/seryhumano.com\/web\/?p=32724"},"wordCount":565,"publisher":{"@id":"https:\/\/seryhumano.com\/web\/#organization"},"image":{"@id":"https:\/\/seryhumano.com\/web\/?p=32724#primaryimage"},"thumbnailUrl":"https:\/\/seryhumano.com\/web\/wp-content\/uploads\/2019\/10\/Santiago-2-e1571395737679.jpg","articleSection":["Cultura del Ser"],"inLanguage":"es"},{"@type":"WebPage","@id":"https:\/\/seryhumano.com\/web\/?p=32724","url":"https:\/\/seryhumano.com\/web\/?p=32724","name":"Santiago Pol rechaza Premio Nacional de Cultura &#187; SeryHumano.com","isPartOf":{"@id":"https:\/\/seryhumano.com\/web\/#website"},"primaryImageOfPage":{"@id":"https:\/\/seryhumano.com\/web\/?p=32724#primaryimage"},"image":{"@id":"https:\/\/seryhumano.com\/web\/?p=32724#primaryimage"},"thumbnailUrl":"https:\/\/seryhumano.com\/web\/wp-content\/uploads\/2019\/10\/Santiago-2-e1571395737679.jpg","datePublished":"2019-10-18T10:50:32+00:00","dateModified":"2019-10-18T10:50:50+00:00","breadcrumb":{"@id":"https:\/\/seryhumano.com\/web\/?p=32724#breadcrumb"},"inLanguage":"es","potentialAction":[{"@type":"ReadAction","target":["https:\/\/seryhumano.com\/web\/?p=32724"]}]},{"@type":"ImageObject","inLanguage":"es","@id":"https:\/\/seryhumano.com\/web\/?p=32724#primaryimage","url":"https:\/\/seryhumano.com\/web\/wp-content\/uploads\/2019\/10\/Santiago-2-e1571395737679.jpg","contentUrl":"https:\/\/seryhumano.com\/web\/wp-content\/uploads\/2019\/10\/Santiago-2-e1571395737679.jpg","width":392,"height":1024},{"@type":"BreadcrumbList","@id":"https:\/\/seryhumano.com\/web\/?p=32724#breadcrumb","itemListElement":[{"@type":"ListItem","position":1,"name":"Portada","item":"https:\/\/seryhumano.com\/web\/"},{"@type":"ListItem","position":2,"name":"Santiago Pol rechaza Premio Nacional de Cultura"}]},{"@type":"WebSite","@id":"https:\/\/seryhumano.com\/web\/#website","url":"https:\/\/seryhumano.com\/web\/","name":"SeryHumano.com","description":"Revista digital muy humana, donde lo mas importante es el Ser...","publisher":{"@id":"https:\/\/seryhumano.com\/web\/#organization"},"potentialAction":[{"@type":"SearchAction","target":{"@type":"EntryPoint","urlTemplate":"https:\/\/seryhumano.com\/web\/?s={search_term_string}"},"query-input":{"@type":"PropertyValueSpecification","valueRequired":true,"valueName":"search_term_string"}}],"inLanguage":"es"},{"@type":"Organization","@id":"https:\/\/seryhumano.com\/web\/#organization","name":"SeryHumano.com","url":"https:\/\/seryhumano.com\/web\/","logo":{"@type":"ImageObject","inLanguage":"es","@id":"https:\/\/seryhumano.com\/web\/#\/schema\/logo\/image\/","url":"https:\/\/seryhumano.com\/web\/wp-content\/uploads\/2020\/02\/JNe5VRwH_400x400-2.jpg","contentUrl":"https:\/\/seryhumano.com\/web\/wp-content\/uploads\/2020\/02\/JNe5VRwH_400x400-2.jpg","width":400,"height":400,"caption":"SeryHumano.com"},"image":{"@id":"https:\/\/seryhumano.com\/web\/#\/schema\/logo\/image\/"},"sameAs":["https:\/\/www.facebook.com\/seryhumano\/","https:\/\/x.com\/SeryHumano","https:\/\/www.instagram.com\/seryhumano\/","https:\/\/www.linkedin.com\/company\/seryhumano-com\/","https:\/\/www.youtube.com\/channel\/UCYfgIGSxygVnJAW0e9ZBZWg"]},{"@type":"Person","@id":"https:\/\/seryhumano.com\/web\/#\/schema\/person\/f4adb88e2944ce8c1d005724eb1186d6","name":"Redacci\u00f3n SeryHumano.com","sameAs":["http:\/\/seryhumano.com"],"url":"https:\/\/seryhumano.com\/web\/?author=305"}]}},"_links":{"self":[{"href":"https:\/\/seryhumano.com\/web\/index.php?rest_route=\/wp\/v2\/posts\/32724","targetHints":{"allow":["GET"]}}],"collection":[{"href":"https:\/\/seryhumano.com\/web\/index.php?rest_route=\/wp\/v2\/posts"}],"about":[{"href":"https:\/\/seryhumano.com\/web\/index.php?rest_route=\/wp\/v2\/types\/post"}],"author":[{"embeddable":true,"href":"https:\/\/seryhumano.com\/web\/index.php?rest_route=\/wp\/v2\/users\/305"}],"replies":[{"embeddable":true,"href":"https:\/\/seryhumano.com\/web\/index.php?rest_route=%2Fwp%2Fv2%2Fcomments&post=32724"}],"version-history":[{"count":0,"href":"https:\/\/seryhumano.com\/web\/index.php?rest_route=\/wp\/v2\/posts\/32724\/revisions"}],"wp:featuredmedia":[{"embeddable":true,"href":"https:\/\/seryhumano.com\/web\/index.php?rest_route=\/wp\/v2\/media\/32727"}],"wp:attachment":[{"href":"https:\/\/seryhumano.com\/web\/index.php?rest_route=%2Fwp%2Fv2%2Fmedia&parent=32724"}],"wp:term":[{"taxonomy":"category","embeddable":true,"href":"https:\/\/seryhumano.com\/web\/index.php?rest_route=%2Fwp%2Fv2%2Fcategories&post=32724"},{"taxonomy":"post_tag","embeddable":true,"href":"https:\/\/seryhumano.com\/web\/index.php?rest_route=%2Fwp%2Fv2%2Ftags&post=32724"}],"curies":[{"name":"wp","href":"https:\/\/api.w.org\/{rel}","templated":true}]}}