{"id":34145,"date":"2020-04-17T03:35:12","date_gmt":"2020-04-17T08:05:12","guid":{"rendered":"https:\/\/seryhumano.com\/web\/?p=34145"},"modified":"2020-04-17T03:35:19","modified_gmt":"2020-04-17T08:05:19","slug":"oracion-diaria-dios-de-la-vida","status":"publish","type":"post","link":"https:\/\/seryhumano.com\/web\/?p=34145","title":{"rendered":"Oraci\u00f3n Diaria: Dios de la vida"},"content":{"rendered":"\n<p class=\"has-text-align-center\"><strong><em>\u201cEl Esp\u00edritu de Dios me ha hecho, y el aliento del Todopoderoso me da vida.\u201d<\/em><\/strong> <strong>\u00a0Job 33:4<\/strong><\/p>\n\n\n\n<figure class=\"wp-block-gallery aligncenter columns-1 is-cropped wp-block-gallery-1 is-layout-flex wp-block-gallery-is-layout-flex\"><ul class=\"blocks-gallery-grid\"><li class=\"blocks-gallery-item\"><figure><img loading=\"lazy\" decoding=\"async\" width=\"1024\" height=\"685\" src=\"https:\/\/seryhumano.com\/web\/wp-content\/uploads\/2020\/04\/Oraci\u00f3n-31-1024x685.jpg\" alt=\"\" data-id=\"34146\" data-full-url=\"https:\/\/seryhumano.com\/web\/wp-content\/uploads\/2020\/04\/Oraci\u00f3n-31.jpg\" data-link=\"https:\/\/seryhumano.com\/web\/?attachment_id=34146\" class=\"wp-image-34146\" srcset=\"https:\/\/seryhumano.com\/web\/wp-content\/uploads\/2020\/04\/Oraci\u00f3n-31-1024x685.jpg 1024w, https:\/\/seryhumano.com\/web\/wp-content\/uploads\/2020\/04\/Oraci\u00f3n-31-300x201.jpg 300w, https:\/\/seryhumano.com\/web\/wp-content\/uploads\/2020\/04\/Oraci\u00f3n-31-768x514.jpg 768w, https:\/\/seryhumano.com\/web\/wp-content\/uploads\/2020\/04\/Oraci\u00f3n-31-1536x1028.jpg 1536w, https:\/\/seryhumano.com\/web\/wp-content\/uploads\/2020\/04\/Oraci\u00f3n-31.jpg 1920w\" sizes=\"auto, (max-width: 1024px) 100vw, 1024px\" \/><\/figure><\/li><\/ul><\/figure>\n\n\n\n<p>Dios de la vida y de lo bueno, que te alegras con nuestros pensamientos, palabras y obras, cuando han llevado beneficios, y sufres cuando han llevado malestar, porque tu voluntad es la construcci\u00f3n del bien para todos.<\/p>\n\n\n\n<p>Te pido mi Se\u00f1or ens\u00e9\u00f1ame a perdonar seg\u00fan tu santa voluntad, y as\u00ed, yo, con esa virtud, perdonar a todo aquel que me ha tra\u00eddo tristeza y dolor, Dios dales la sabidur\u00eda para reconocer sus actos impuros e indignos, que crezcan como seres humanos, espirituales, para que sean dignos de Ti mi Se\u00f1or.<\/p>\n\n\n\n<p>Dios, ahora pido perd\u00f3n por el mal que yo he hecho, cuando por mis acciones y omisiones personas cercanas y lejanas han sufrido.<\/p>\n\n\n\n<p>Dios mu\u00e9strame mis faltas y ay\u00fadame a corregirlas, para crecer en tu Reino de paz y amor.<\/p>\n\n\n\n<p>Que el bien sea nuestra esencia de vida.<\/p>\n\n\n\n<p>Te lo pido por Jesucristo tu Hijo nuestro Se\u00f1or. Am\u00e9n, am\u00e9n, am\u00e9n.<\/p>\n\n\n\n<p><a href=\"https:\/\/seryhumano.com\/web\/oracion-diaria-padre-nuestro-en-latin\/\">ORACI\u00d3N DIARIA<\/a><\/p>\n\n\n\n<p>\u00a1DIOS TE BENDIGA!<\/p>\n\n\n\n<h2 class=\"has-text-align-center wp-block-heading\">Padre Nuestro<\/h2>\n\n\n\n<p class=\"has-text-align-center\">Padre Nuestro, que est\u00e1s en el cielo,<\/p>\n\n\n\n<p class=\"has-text-align-center\">santificado sea tu nombre;<\/p>\n\n\n\n<p class=\"has-text-align-center\">venga a nosotros tu reino;<\/p>\n\n\n\n<p class=\"has-text-align-center\">h\u00e1gase tu voluntad, en la tierra como en el cielo.<\/p>\n\n\n\n<p class=\"has-text-align-center\">Danos hoy nuestro pan de cada d\u00eda;<\/p>\n\n\n\n<p class=\"has-text-align-center\">perdona nuestras ofensas,<\/p>\n\n\n\n<p class=\"has-text-align-center\">como tambi\u00e9n nosotros perdonamos a los que nos ofenden;<\/p>\n\n\n\n<p class=\"has-text-align-center\">no nos dejes caer en la tentaci\u00f3n,<\/p>\n\n\n\n<p class=\"has-text-align-center\">y l\u00edbranos del mal.<\/p>\n\n\n\n<p class=\"has-text-align-center\">Am\u00e9n.<\/p>\n\n\n\n<h2 class=\"has-text-align-center wp-block-heading\">Padre Nuestro en Lat\u00ed\u00adn \u2013 Pater Noster<\/h2>\n\n\n\n<p class=\"has-text-align-center\">Pater noster, qui es in caelis:<\/p>\n\n\n\n<p class=\"has-text-align-center\">sanctificetur Nomen Tuum;<\/p>\n\n\n\n<p class=\"has-text-align-center\">adveniat Regnum Tuum;<\/p>\n\n\n\n<p class=\"has-text-align-center\">fiat voluntas Tua,<\/p>\n\n\n\n<p class=\"has-text-align-center\">sicut in caelo, et in terra.<\/p>\n\n\n\n<p class=\"has-text-align-center\">Panem nostrum cotidianum da nobis hodie;<\/p>\n\n\n\n<p class=\"has-text-align-center\">et dimitte nobis debita nostra,<\/p>\n\n\n\n<p class=\"has-text-align-center\">sicut et nos dimittimus debitoribus nostris;<\/p>\n\n\n\n<p class=\"has-text-align-center\">et ne nos inducas in tentationem;<\/p>\n\n\n\n<p class=\"has-text-align-center\">sed libera nos a Malo.<\/p>\n\n\n\n<p>seryhumano.com<\/p>\n\n\n\n<p>Si quiere recibir en su celular esta y otras informaciones y art\u00edculos descargue Telegram, ingrese al link <a href=\"htts:\/\/t.ime\/seryhumano \">htts:\/\/t.ime\/seryhumano <\/a>y dele clic a +Unirme<\/p>\n","protected":false},"excerpt":{"rendered":"<p>\u201cEl Esp\u00edritu de Dios me ha hecho, y el aliento del Todopoderoso me da vida.\u201d \u00a0Job 33:4 Dios de la vida y de lo bueno, que te alegras con nuestros pensamientos, palabras y obras, cuando han llevado beneficios, y sufres cuando han llevado malestar, porque tu voluntad es la construcci\u00f3n del bien para todos. Te&hellip;<\/p>\n","protected":false},"author":305,"featured_media":34146,"comment_status":"closed","ping_status":"closed","sticky":false,"template":"","format":"standard","meta":{"footnotes":""},"categories":[5614],"tags":[6053,262,5484,6109,415],"class_list":["post-34145","post","type-post","status-publish","format-standard","has-post-thumbnail","hentry","category-oracion","tag-creencia","tag-dios","tag-oracion","tag-padre-nuestro","tag-religion","category-5614","description-off"],"yoast_head":"<!-- This site is optimized with the Yoast SEO plugin v25.4 - https:\/\/yoast.com\/wordpress\/plugins\/seo\/ -->\n<title>Oraci\u00f3n Diaria: Dios de la vida &#187; SeryHumano.com<\/title>\n<meta name=\"description\" content=\"Te pido es esta oraci\u00f3n mi Se\u00f1or ens\u00e9\u00f1ame a perdonar seg\u00fan tu santa voluntad, y as\u00ed, yo, con esa virtud, perdonar a todo aquel que me ha traido tristeza\" \/>\n<meta name=\"robots\" content=\"index, follow, max-snippet:-1, max-image-preview:large, max-video-preview:-1\" \/>\n<link rel=\"canonical\" href=\"https:\/\/seryhumano.com\/web\/?p=34145\" \/>\n<meta property=\"og:locale\" content=\"es_ES\" \/>\n<meta property=\"og:type\" content=\"article\" \/>\n<meta property=\"og:title\" content=\"Oraci\u00f3n Diaria: Dios de la vida &#187; SeryHumano.com\" \/>\n<meta property=\"og:description\" content=\"Te pido es esta oraci\u00f3n mi Se\u00f1or ens\u00e9\u00f1ame a perdonar seg\u00fan tu santa voluntad, y as\u00ed, yo, con esa virtud, perdonar a todo aquel que me ha traido tristeza\" \/>\n<meta property=\"og:url\" content=\"https:\/\/seryhumano.com\/web\/?p=34145\" \/>\n<meta property=\"og:site_name\" content=\"SeryHumano.com\" \/>\n<meta property=\"article:publisher\" content=\"https:\/\/www.facebook.com\/seryhumano\/\" \/>\n<meta property=\"article:published_time\" content=\"2020-04-17T08:05:12+00:00\" \/>\n<meta property=\"article:modified_time\" content=\"2020-04-17T08:05:19+00:00\" \/>\n<meta property=\"og:image\" content=\"https:\/\/seryhumano.com\/web\/wp-content\/uploads\/2020\/04\/Oraci\u00f3n-31.jpg\" \/>\n\t<meta property=\"og:image:width\" content=\"1920\" \/>\n\t<meta property=\"og:image:height\" content=\"1285\" \/>\n\t<meta property=\"og:image:type\" content=\"image\/jpeg\" \/>\n<meta name=\"author\" content=\"Redacci\u00f3n SeryHumano.com\" \/>\n<meta name=\"twitter:card\" content=\"summary_large_image\" \/>\n<meta name=\"twitter:creator\" content=\"@SeryHumano\" \/>\n<meta name=\"twitter:site\" content=\"@SeryHumano\" \/>\n<meta name=\"twitter:label1\" content=\"Escrito por\" \/>\n\t<meta name=\"twitter:data1\" content=\"Redacci\u00f3n SeryHumano.com\" \/>\n\t<meta name=\"twitter:label2\" content=\"Tiempo de lectura\" \/>\n\t<meta name=\"twitter:data2\" content=\"2 minutos\" \/>\n<script type=\"application\/ld+json\" class=\"yoast-schema-graph\">{\"@context\":\"https:\/\/schema.org\",\"@graph\":[{\"@type\":\"Article\",\"@id\":\"https:\/\/seryhumano.com\/web\/?p=34145#article\",\"isPartOf\":{\"@id\":\"https:\/\/seryhumano.com\/web\/?p=34145\"},\"author\":{\"name\":\"Redacci\u00f3n SeryHumano.com\",\"@id\":\"https:\/\/seryhumano.com\/web\/#\/schema\/person\/f4adb88e2944ce8c1d005724eb1186d6\"},\"headline\":\"Oraci\u00f3n Diaria: Dios de la vida\",\"datePublished\":\"2020-04-17T08:05:12+00:00\",\"dateModified\":\"2020-04-17T08:05:19+00:00\",\"mainEntityOfPage\":{\"@id\":\"https:\/\/seryhumano.com\/web\/?p=34145\"},\"wordCount\":345,\"publisher\":{\"@id\":\"https:\/\/seryhumano.com\/web\/#organization\"},\"image\":{\"@id\":\"https:\/\/seryhumano.com\/web\/?p=34145#primaryimage\"},\"thumbnailUrl\":\"https:\/\/seryhumano.com\/web\/wp-content\/uploads\/2020\/04\/Oraci\u00f3n-31.jpg\",\"keywords\":[\"Creencia\",\"Dios\",\"Oraci\u00f3n\",\"Padre Nuestro\",\"Religi\u00f3n\"],\"articleSection\":[\"Oraci\u00f3n\"],\"inLanguage\":\"es\"},{\"@type\":\"WebPage\",\"@id\":\"https:\/\/seryhumano.com\/web\/?p=34145\",\"url\":\"https:\/\/seryhumano.com\/web\/?p=34145\",\"name\":\"Oraci\u00f3n Diaria: Dios de la vida &#187; SeryHumano.com\",\"isPartOf\":{\"@id\":\"https:\/\/seryhumano.com\/web\/#website\"},\"primaryImageOfPage\":{\"@id\":\"https:\/\/seryhumano.com\/web\/?p=34145#primaryimage\"},\"image\":{\"@id\":\"https:\/\/seryhumano.com\/web\/?p=34145#primaryimage\"},\"thumbnailUrl\":\"https:\/\/seryhumano.com\/web\/wp-content\/uploads\/2020\/04\/Oraci\u00f3n-31.jpg\",\"datePublished\":\"2020-04-17T08:05:12+00:00\",\"dateModified\":\"2020-04-17T08:05:19+00:00\",\"description\":\"Te pido es esta oraci\u00f3n mi Se\u00f1or ens\u00e9\u00f1ame a perdonar seg\u00fan tu santa voluntad, y as\u00ed, yo, con esa virtud, perdonar a todo aquel que me ha traido tristeza\",\"breadcrumb\":{\"@id\":\"https:\/\/seryhumano.com\/web\/?p=34145#breadcrumb\"},\"inLanguage\":\"es\",\"potentialAction\":[{\"@type\":\"ReadAction\",\"target\":[\"https:\/\/seryhumano.com\/web\/?p=34145\"]}]},{\"@type\":\"ImageObject\",\"inLanguage\":\"es\",\"@id\":\"https:\/\/seryhumano.com\/web\/?p=34145#primaryimage\",\"url\":\"https:\/\/seryhumano.com\/web\/wp-content\/uploads\/2020\/04\/Oraci\u00f3n-31.jpg\",\"contentUrl\":\"https:\/\/seryhumano.com\/web\/wp-content\/uploads\/2020\/04\/Oraci\u00f3n-31.jpg\",\"width\":1920,\"height\":1285},{\"@type\":\"BreadcrumbList\",\"@id\":\"https:\/\/seryhumano.com\/web\/?p=34145#breadcrumb\",\"itemListElement\":[{\"@type\":\"ListItem\",\"position\":1,\"name\":\"Portada\",\"item\":\"https:\/\/seryhumano.com\/web\/\"},{\"@type\":\"ListItem\",\"position\":2,\"name\":\"Oraci\u00f3n Diaria: Dios de la vida\"}]},{\"@type\":\"WebSite\",\"@id\":\"https:\/\/seryhumano.com\/web\/#website\",\"url\":\"https:\/\/seryhumano.com\/web\/\",\"name\":\"SeryHumano.com\",\"description\":\"Revista digital muy humana, donde lo mas importante es el Ser...\",\"publisher\":{\"@id\":\"https:\/\/seryhumano.com\/web\/#organization\"},\"potentialAction\":[{\"@type\":\"SearchAction\",\"target\":{\"@type\":\"EntryPoint\",\"urlTemplate\":\"https:\/\/seryhumano.com\/web\/?s={search_term_string}\"},\"query-input\":{\"@type\":\"PropertyValueSpecification\",\"valueRequired\":true,\"valueName\":\"search_term_string\"}}],\"inLanguage\":\"es\"},{\"@type\":\"Organization\",\"@id\":\"https:\/\/seryhumano.com\/web\/#organization\",\"name\":\"SeryHumano.com\",\"url\":\"https:\/\/seryhumano.com\/web\/\",\"logo\":{\"@type\":\"ImageObject\",\"inLanguage\":\"es\",\"@id\":\"https:\/\/seryhumano.com\/web\/#\/schema\/logo\/image\/\",\"url\":\"https:\/\/seryhumano.com\/web\/wp-content\/uploads\/2020\/02\/JNe5VRwH_400x400-2.jpg\",\"contentUrl\":\"https:\/\/seryhumano.com\/web\/wp-content\/uploads\/2020\/02\/JNe5VRwH_400x400-2.jpg\",\"width\":400,\"height\":400,\"caption\":\"SeryHumano.com\"},\"image\":{\"@id\":\"https:\/\/seryhumano.com\/web\/#\/schema\/logo\/image\/\"},\"sameAs\":[\"https:\/\/www.facebook.com\/seryhumano\/\",\"https:\/\/x.com\/SeryHumano\",\"https:\/\/www.instagram.com\/seryhumano\/\",\"https:\/\/www.linkedin.com\/company\/seryhumano-com\/\",\"https:\/\/www.youtube.com\/channel\/UCYfgIGSxygVnJAW0e9ZBZWg\"]},{\"@type\":\"Person\",\"@id\":\"https:\/\/seryhumano.com\/web\/#\/schema\/person\/f4adb88e2944ce8c1d005724eb1186d6\",\"name\":\"Redacci\u00f3n SeryHumano.com\",\"sameAs\":[\"http:\/\/seryhumano.com\"],\"url\":\"https:\/\/seryhumano.com\/web\/?author=305\"}]}<\/script>\n<!-- \/ Yoast SEO plugin. -->","yoast_head_json":{"title":"Oraci\u00f3n Diaria: Dios de la vida &#187; SeryHumano.com","description":"Te pido es esta oraci\u00f3n mi Se\u00f1or ens\u00e9\u00f1ame a perdonar seg\u00fan tu santa voluntad, y as\u00ed, yo, con esa virtud, perdonar a todo aquel que me ha traido tristeza","robots":{"index":"index","follow":"follow","max-snippet":"max-snippet:-1","max-image-preview":"max-image-preview:large","max-video-preview":"max-video-preview:-1"},"canonical":"https:\/\/seryhumano.com\/web\/?p=34145","og_locale":"es_ES","og_type":"article","og_title":"Oraci\u00f3n Diaria: Dios de la vida &#187; SeryHumano.com","og_description":"Te pido es esta oraci\u00f3n mi Se\u00f1or ens\u00e9\u00f1ame a perdonar seg\u00fan tu santa voluntad, y as\u00ed, yo, con esa virtud, perdonar a todo aquel que me ha traido tristeza","og_url":"https:\/\/seryhumano.com\/web\/?p=34145","og_site_name":"SeryHumano.com","article_publisher":"https:\/\/www.facebook.com\/seryhumano\/","article_published_time":"2020-04-17T08:05:12+00:00","article_modified_time":"2020-04-17T08:05:19+00:00","og_image":[{"width":1920,"height":1285,"url":"https:\/\/seryhumano.com\/web\/wp-content\/uploads\/2020\/04\/Oraci\u00f3n-31.jpg","type":"image\/jpeg"}],"author":"Redacci\u00f3n SeryHumano.com","twitter_card":"summary_large_image","twitter_creator":"@SeryHumano","twitter_site":"@SeryHumano","twitter_misc":{"Escrito por":"Redacci\u00f3n SeryHumano.com","Tiempo de lectura":"2 minutos"},"schema":{"@context":"https:\/\/schema.org","@graph":[{"@type":"Article","@id":"https:\/\/seryhumano.com\/web\/?p=34145#article","isPartOf":{"@id":"https:\/\/seryhumano.com\/web\/?p=34145"},"author":{"name":"Redacci\u00f3n SeryHumano.com","@id":"https:\/\/seryhumano.com\/web\/#\/schema\/person\/f4adb88e2944ce8c1d005724eb1186d6"},"headline":"Oraci\u00f3n Diaria: Dios de la vida","datePublished":"2020-04-17T08:05:12+00:00","dateModified":"2020-04-17T08:05:19+00:00","mainEntityOfPage":{"@id":"https:\/\/seryhumano.com\/web\/?p=34145"},"wordCount":345,"publisher":{"@id":"https:\/\/seryhumano.com\/web\/#organization"},"image":{"@id":"https:\/\/seryhumano.com\/web\/?p=34145#primaryimage"},"thumbnailUrl":"https:\/\/seryhumano.com\/web\/wp-content\/uploads\/2020\/04\/Oraci\u00f3n-31.jpg","keywords":["Creencia","Dios","Oraci\u00f3n","Padre Nuestro","Religi\u00f3n"],"articleSection":["Oraci\u00f3n"],"inLanguage":"es"},{"@type":"WebPage","@id":"https:\/\/seryhumano.com\/web\/?p=34145","url":"https:\/\/seryhumano.com\/web\/?p=34145","name":"Oraci\u00f3n Diaria: Dios de la vida &#187; SeryHumano.com","isPartOf":{"@id":"https:\/\/seryhumano.com\/web\/#website"},"primaryImageOfPage":{"@id":"https:\/\/seryhumano.com\/web\/?p=34145#primaryimage"},"image":{"@id":"https:\/\/seryhumano.com\/web\/?p=34145#primaryimage"},"thumbnailUrl":"https:\/\/seryhumano.com\/web\/wp-content\/uploads\/2020\/04\/Oraci\u00f3n-31.jpg","datePublished":"2020-04-17T08:05:12+00:00","dateModified":"2020-04-17T08:05:19+00:00","description":"Te pido es esta oraci\u00f3n mi Se\u00f1or ens\u00e9\u00f1ame a perdonar seg\u00fan tu santa voluntad, y as\u00ed, yo, con esa virtud, perdonar a todo aquel que me ha traido tristeza","breadcrumb":{"@id":"https:\/\/seryhumano.com\/web\/?p=34145#breadcrumb"},"inLanguage":"es","potentialAction":[{"@type":"ReadAction","target":["https:\/\/seryhumano.com\/web\/?p=34145"]}]},{"@type":"ImageObject","inLanguage":"es","@id":"https:\/\/seryhumano.com\/web\/?p=34145#primaryimage","url":"https:\/\/seryhumano.com\/web\/wp-content\/uploads\/2020\/04\/Oraci\u00f3n-31.jpg","contentUrl":"https:\/\/seryhumano.com\/web\/wp-content\/uploads\/2020\/04\/Oraci\u00f3n-31.jpg","width":1920,"height":1285},{"@type":"BreadcrumbList","@id":"https:\/\/seryhumano.com\/web\/?p=34145#breadcrumb","itemListElement":[{"@type":"ListItem","position":1,"name":"Portada","item":"https:\/\/seryhumano.com\/web\/"},{"@type":"ListItem","position":2,"name":"Oraci\u00f3n Diaria: Dios de la vida"}]},{"@type":"WebSite","@id":"https:\/\/seryhumano.com\/web\/#website","url":"https:\/\/seryhumano.com\/web\/","name":"SeryHumano.com","description":"Revista digital muy humana, donde lo mas importante es el Ser...","publisher":{"@id":"https:\/\/seryhumano.com\/web\/#organization"},"potentialAction":[{"@type":"SearchAction","target":{"@type":"EntryPoint","urlTemplate":"https:\/\/seryhumano.com\/web\/?s={search_term_string}"},"query-input":{"@type":"PropertyValueSpecification","valueRequired":true,"valueName":"search_term_string"}}],"inLanguage":"es"},{"@type":"Organization","@id":"https:\/\/seryhumano.com\/web\/#organization","name":"SeryHumano.com","url":"https:\/\/seryhumano.com\/web\/","logo":{"@type":"ImageObject","inLanguage":"es","@id":"https:\/\/seryhumano.com\/web\/#\/schema\/logo\/image\/","url":"https:\/\/seryhumano.com\/web\/wp-content\/uploads\/2020\/02\/JNe5VRwH_400x400-2.jpg","contentUrl":"https:\/\/seryhumano.com\/web\/wp-content\/uploads\/2020\/02\/JNe5VRwH_400x400-2.jpg","width":400,"height":400,"caption":"SeryHumano.com"},"image":{"@id":"https:\/\/seryhumano.com\/web\/#\/schema\/logo\/image\/"},"sameAs":["https:\/\/www.facebook.com\/seryhumano\/","https:\/\/x.com\/SeryHumano","https:\/\/www.instagram.com\/seryhumano\/","https:\/\/www.linkedin.com\/company\/seryhumano-com\/","https:\/\/www.youtube.com\/channel\/UCYfgIGSxygVnJAW0e9ZBZWg"]},{"@type":"Person","@id":"https:\/\/seryhumano.com\/web\/#\/schema\/person\/f4adb88e2944ce8c1d005724eb1186d6","name":"Redacci\u00f3n SeryHumano.com","sameAs":["http:\/\/seryhumano.com"],"url":"https:\/\/seryhumano.com\/web\/?author=305"}]}},"_links":{"self":[{"href":"https:\/\/seryhumano.com\/web\/index.php?rest_route=\/wp\/v2\/posts\/34145","targetHints":{"allow":["GET"]}}],"collection":[{"href":"https:\/\/seryhumano.com\/web\/index.php?rest_route=\/wp\/v2\/posts"}],"about":[{"href":"https:\/\/seryhumano.com\/web\/index.php?rest_route=\/wp\/v2\/types\/post"}],"author":[{"embeddable":true,"href":"https:\/\/seryhumano.com\/web\/index.php?rest_route=\/wp\/v2\/users\/305"}],"replies":[{"embeddable":true,"href":"https:\/\/seryhumano.com\/web\/index.php?rest_route=%2Fwp%2Fv2%2Fcomments&post=34145"}],"version-history":[{"count":0,"href":"https:\/\/seryhumano.com\/web\/index.php?rest_route=\/wp\/v2\/posts\/34145\/revisions"}],"wp:featuredmedia":[{"embeddable":true,"href":"https:\/\/seryhumano.com\/web\/index.php?rest_route=\/wp\/v2\/media\/34146"}],"wp:attachment":[{"href":"https:\/\/seryhumano.com\/web\/index.php?rest_route=%2Fwp%2Fv2%2Fmedia&parent=34145"}],"wp:term":[{"taxonomy":"category","embeddable":true,"href":"https:\/\/seryhumano.com\/web\/index.php?rest_route=%2Fwp%2Fv2%2Fcategories&post=34145"},{"taxonomy":"post_tag","embeddable":true,"href":"https:\/\/seryhumano.com\/web\/index.php?rest_route=%2Fwp%2Fv2%2Ftags&post=34145"}],"curies":[{"name":"wp","href":"https:\/\/api.w.org\/{rel}","templated":true}]}}