{"id":34192,"date":"2020-04-21T04:28:42","date_gmt":"2020-04-21T08:58:42","guid":{"rendered":"https:\/\/seryhumano.com\/web\/?p=34192"},"modified":"2020-04-21T04:28:50","modified_gmt":"2020-04-21T08:58:50","slug":"oracion-diaria-dios-bendito","status":"publish","type":"post","link":"https:\/\/seryhumano.com\/web\/?p=34192","title":{"rendered":"Oraci\u00f3n Diaria: Dios Bendito"},"content":{"rendered":"\n<h2 class=\"has-text-align-center wp-block-heading\">\u201c<em>Grande es el Se\u00f1or, y digno de toda alabanza; su grandeza es insondable<\/em>.\u201d Salmos 145:3<\/h2>\n\n\n\n<div class=\"wp-block-image\"><figure class=\"aligncenter size-large\"><img loading=\"lazy\" decoding=\"async\" width=\"1024\" height=\"682\" src=\"https:\/\/seryhumano.com\/web\/wp-content\/uploads\/2020\/04\/oraci\u00f3n-32-1024x682.jpg\" alt=\"oraci\u00f3n\" class=\"wp-image-34193\" srcset=\"https:\/\/seryhumano.com\/web\/wp-content\/uploads\/2020\/04\/oraci\u00f3n-32-1024x682.jpg 1024w, https:\/\/seryhumano.com\/web\/wp-content\/uploads\/2020\/04\/oraci\u00f3n-32-300x200.jpg 300w, https:\/\/seryhumano.com\/web\/wp-content\/uploads\/2020\/04\/oraci\u00f3n-32-768x512.jpg 768w, https:\/\/seryhumano.com\/web\/wp-content\/uploads\/2020\/04\/oraci\u00f3n-32.jpg 1280w\" sizes=\"auto, (max-width: 1024px) 100vw, 1024px\" \/><\/figure><\/div>\n\n\n\n<h2 class=\"has-text-align-center wp-block-heading\"><strong>Dios, Bendito eres Rey de la Gloria<\/strong><\/h2>\n\n\n\n<p>Gracias por este despertar, por la alegr\u00eda de vivir que siembras en mi coraz\u00f3n, por las benditas gracias que me mantienen en ti, por los momentos que me permiten escuchar tu santa voz.<\/p>\n\n\n\n<p>Gracias Dios de misericordia, porque me concedes lo que necesito y todo cuanto te pido, gracias por llenarme de paciencia, por hacerme fuerte ante el pecado, por llenarme de dones.<\/p>\n\n\n\n<p>Gracias porque me rodeas de \u00e1ngeles, porque tu palabra me conforta, porque tu paz llena mi vida, porque no importa que tan fuerte sea la tormenta tus promesas son mi esperanza.<\/p>\n\n\n\n<p>Acoge Dios m\u00edo a mis seres queridos, p\u00f3sate en mi hogar, conc\u00e9denos el pan de cada d\u00eda y el sustento en nuestras necesidades.<\/p>\n\n\n\n<p>Por Jesucristo tu Hijo nuestro Se\u00f1or. Am\u00e9n, am\u00e9n, am\u00e9n.<\/p>\n\n\n\n<p><a href=\"https:\/\/seryhumano.com\/web\/oracion-diaria-68\/\">ORACI\u00d3N DIARIA<\/a><\/p>\n\n\n\n<p>\u00a1DIOS TE BENDIGA!<\/p>\n\n\n\n<h2 class=\"has-text-align-center wp-block-heading\">Padre Nuestro<\/h2>\n\n\n\n<p class=\"has-text-align-center\">Padre Nuestro, que est\u00e1s en el cielo,<\/p>\n\n\n\n<p class=\"has-text-align-center\">santificado sea tu nombre;<\/p>\n\n\n\n<p class=\"has-text-align-center\">venga a nosotros tu reino;<\/p>\n\n\n\n<p class=\"has-text-align-center\">h\u00e1gase tu voluntad, en la tierra como en el cielo.<\/p>\n\n\n\n<p class=\"has-text-align-center\">Danos hoy nuestro pan de cada d\u00eda;<\/p>\n\n\n\n<p class=\"has-text-align-center\">perdona nuestras ofensas,<\/p>\n\n\n\n<p class=\"has-text-align-center\">como tambi\u00e9n nosotros perdonamos a los que nos ofenden;<\/p>\n\n\n\n<p class=\"has-text-align-center\">no nos dejes caer en la tentaci\u00f3n,<\/p>\n\n\n\n<p class=\"has-text-align-center\">y l\u00edbranos del mal.<\/p>\n\n\n\n<p class=\"has-text-align-center\">Am\u00e9n.<\/p>\n\n\n\n<h2 class=\"has-text-align-center wp-block-heading\">Padre Nuestro en Lat\u00ed\u00adn \u2013 Pater Noster<\/h2>\n\n\n\n<p class=\"has-text-align-center\">Pater noster, qui es in caelis:<\/p>\n\n\n\n<p class=\"has-text-align-center\">sanctificetur Nomen Tuum;<\/p>\n\n\n\n<p class=\"has-text-align-center\">adveniat Regnum Tuum;<\/p>\n\n\n\n<p class=\"has-text-align-center\">fiat voluntas Tua,<\/p>\n\n\n\n<p class=\"has-text-align-center\">sicut in caelo, et in terra.<\/p>\n\n\n\n<p class=\"has-text-align-center\">Panem nostrum cotidianum da nobis hodie;<\/p>\n\n\n\n<p class=\"has-text-align-center\">et dimitte nobis debita nostra,<\/p>\n\n\n\n<p class=\"has-text-align-center\">sicut et nos dimittimus debitoribus nostris;<\/p>\n\n\n\n<p class=\"has-text-align-center\">et ne nos inducas in tentationem;<\/p>\n\n\n\n<p class=\"has-text-align-center\">sed libera nos a Malo.<\/p>\n\n\n\n<p>seryhumano.com<\/p>\n\n\n\n<p>Si quiere recibir en su celular esta y otras informaciones y art\u00edculos descargue Telegram, ingrese al link <a href=\"htts:\/\/t.ime\/seryhumano \">htts:\/\/t.ime\/seryhumano <\/a>y dele clic a +Unirme<\/p>\n","protected":false},"excerpt":{"rendered":"<p>\u201cGrande es el Se\u00f1or, y digno de toda alabanza; su grandeza es insondable.\u201d Salmos 145:3 Dios, Bendito eres Rey de la Gloria Gracias por este despertar, por la alegr\u00eda de vivir que siembras en mi coraz\u00f3n, por las benditas gracias que me mantienen en ti, por los momentos que me permiten escuchar tu santa voz.&hellip;<\/p>\n","protected":false},"author":305,"featured_media":34193,"comment_status":"closed","ping_status":"closed","sticky":false,"template":"","format":"standard","meta":{"footnotes":""},"categories":[5614],"tags":[6053,262,5484,6109,415],"class_list":["post-34192","post","type-post","status-publish","format-standard","has-post-thumbnail","hentry","category-oracion","tag-creencia","tag-dios","tag-oracion","tag-padre-nuestro","tag-religion","category-5614","description-off"],"yoast_head":"<!-- This site is optimized with the Yoast SEO plugin v25.4 - https:\/\/yoast.com\/wordpress\/plugins\/seo\/ -->\n<title>Oraci\u00f3n Diaria: Dios Bendito &#187; SeryHumano.com<\/title>\n<meta name=\"description\" content=\"Oraci\u00f3n Dios, Bendito eres Rey de la Gloria Gracias por este despertar, por la alegr\u00eda de vivir que siembras en mi coraz\u00f3n, por las benditas gracias\" \/>\n<meta name=\"robots\" content=\"index, follow, max-snippet:-1, max-image-preview:large, max-video-preview:-1\" \/>\n<link rel=\"canonical\" href=\"https:\/\/seryhumano.com\/web\/?p=34192\" \/>\n<meta property=\"og:locale\" content=\"es_ES\" \/>\n<meta property=\"og:type\" content=\"article\" \/>\n<meta property=\"og:title\" content=\"Oraci\u00f3n Diaria: Dios Bendito &#187; SeryHumano.com\" \/>\n<meta property=\"og:description\" content=\"Oraci\u00f3n Dios, Bendito eres Rey de la Gloria Gracias por este despertar, por la alegr\u00eda de vivir que siembras en mi coraz\u00f3n, por las benditas gracias\" \/>\n<meta property=\"og:url\" content=\"https:\/\/seryhumano.com\/web\/?p=34192\" \/>\n<meta property=\"og:site_name\" content=\"SeryHumano.com\" \/>\n<meta property=\"article:publisher\" content=\"https:\/\/www.facebook.com\/seryhumano\/\" \/>\n<meta property=\"article:published_time\" content=\"2020-04-21T08:58:42+00:00\" \/>\n<meta property=\"article:modified_time\" content=\"2020-04-21T08:58:50+00:00\" \/>\n<meta property=\"og:image\" content=\"https:\/\/seryhumano.com\/web\/wp-content\/uploads\/2020\/04\/oraci\u00f3n-32.jpg\" \/>\n\t<meta property=\"og:image:width\" content=\"1280\" \/>\n\t<meta property=\"og:image:height\" content=\"853\" \/>\n\t<meta property=\"og:image:type\" content=\"image\/jpeg\" \/>\n<meta name=\"author\" content=\"Redacci\u00f3n SeryHumano.com\" \/>\n<meta name=\"twitter:card\" content=\"summary_large_image\" \/>\n<meta name=\"twitter:creator\" content=\"@SeryHumano\" \/>\n<meta name=\"twitter:site\" content=\"@SeryHumano\" \/>\n<meta name=\"twitter:label1\" content=\"Escrito por\" \/>\n\t<meta name=\"twitter:data1\" content=\"Redacci\u00f3n SeryHumano.com\" \/>\n\t<meta name=\"twitter:label2\" content=\"Tiempo de lectura\" \/>\n\t<meta name=\"twitter:data2\" content=\"2 minutos\" \/>\n<script type=\"application\/ld+json\" class=\"yoast-schema-graph\">{\"@context\":\"https:\/\/schema.org\",\"@graph\":[{\"@type\":\"Article\",\"@id\":\"https:\/\/seryhumano.com\/web\/?p=34192#article\",\"isPartOf\":{\"@id\":\"https:\/\/seryhumano.com\/web\/?p=34192\"},\"author\":{\"name\":\"Redacci\u00f3n SeryHumano.com\",\"@id\":\"https:\/\/seryhumano.com\/web\/#\/schema\/person\/f4adb88e2944ce8c1d005724eb1186d6\"},\"headline\":\"Oraci\u00f3n Diaria: Dios Bendito\",\"datePublished\":\"2020-04-21T08:58:42+00:00\",\"dateModified\":\"2020-04-21T08:58:50+00:00\",\"mainEntityOfPage\":{\"@id\":\"https:\/\/seryhumano.com\/web\/?p=34192\"},\"wordCount\":320,\"publisher\":{\"@id\":\"https:\/\/seryhumano.com\/web\/#organization\"},\"image\":{\"@id\":\"https:\/\/seryhumano.com\/web\/?p=34192#primaryimage\"},\"thumbnailUrl\":\"https:\/\/seryhumano.com\/web\/wp-content\/uploads\/2020\/04\/oraci\u00f3n-32.jpg\",\"keywords\":[\"Creencia\",\"Dios\",\"Oraci\u00f3n\",\"Padre Nuestro\",\"Religi\u00f3n\"],\"articleSection\":[\"Oraci\u00f3n\"],\"inLanguage\":\"es\"},{\"@type\":\"WebPage\",\"@id\":\"https:\/\/seryhumano.com\/web\/?p=34192\",\"url\":\"https:\/\/seryhumano.com\/web\/?p=34192\",\"name\":\"Oraci\u00f3n Diaria: Dios Bendito &#187; SeryHumano.com\",\"isPartOf\":{\"@id\":\"https:\/\/seryhumano.com\/web\/#website\"},\"primaryImageOfPage\":{\"@id\":\"https:\/\/seryhumano.com\/web\/?p=34192#primaryimage\"},\"image\":{\"@id\":\"https:\/\/seryhumano.com\/web\/?p=34192#primaryimage\"},\"thumbnailUrl\":\"https:\/\/seryhumano.com\/web\/wp-content\/uploads\/2020\/04\/oraci\u00f3n-32.jpg\",\"datePublished\":\"2020-04-21T08:58:42+00:00\",\"dateModified\":\"2020-04-21T08:58:50+00:00\",\"description\":\"Oraci\u00f3n Dios, Bendito eres Rey de la Gloria Gracias por este despertar, por la alegr\u00eda de vivir que siembras en mi coraz\u00f3n, por las benditas gracias\",\"breadcrumb\":{\"@id\":\"https:\/\/seryhumano.com\/web\/?p=34192#breadcrumb\"},\"inLanguage\":\"es\",\"potentialAction\":[{\"@type\":\"ReadAction\",\"target\":[\"https:\/\/seryhumano.com\/web\/?p=34192\"]}]},{\"@type\":\"ImageObject\",\"inLanguage\":\"es\",\"@id\":\"https:\/\/seryhumano.com\/web\/?p=34192#primaryimage\",\"url\":\"https:\/\/seryhumano.com\/web\/wp-content\/uploads\/2020\/04\/oraci\u00f3n-32.jpg\",\"contentUrl\":\"https:\/\/seryhumano.com\/web\/wp-content\/uploads\/2020\/04\/oraci\u00f3n-32.jpg\",\"width\":1280,\"height\":853},{\"@type\":\"BreadcrumbList\",\"@id\":\"https:\/\/seryhumano.com\/web\/?p=34192#breadcrumb\",\"itemListElement\":[{\"@type\":\"ListItem\",\"position\":1,\"name\":\"Portada\",\"item\":\"https:\/\/seryhumano.com\/web\/\"},{\"@type\":\"ListItem\",\"position\":2,\"name\":\"Oraci\u00f3n Diaria: Dios Bendito\"}]},{\"@type\":\"WebSite\",\"@id\":\"https:\/\/seryhumano.com\/web\/#website\",\"url\":\"https:\/\/seryhumano.com\/web\/\",\"name\":\"SeryHumano.com\",\"description\":\"Revista digital muy humana, donde lo mas importante es el Ser...\",\"publisher\":{\"@id\":\"https:\/\/seryhumano.com\/web\/#organization\"},\"potentialAction\":[{\"@type\":\"SearchAction\",\"target\":{\"@type\":\"EntryPoint\",\"urlTemplate\":\"https:\/\/seryhumano.com\/web\/?s={search_term_string}\"},\"query-input\":{\"@type\":\"PropertyValueSpecification\",\"valueRequired\":true,\"valueName\":\"search_term_string\"}}],\"inLanguage\":\"es\"},{\"@type\":\"Organization\",\"@id\":\"https:\/\/seryhumano.com\/web\/#organization\",\"name\":\"SeryHumano.com\",\"url\":\"https:\/\/seryhumano.com\/web\/\",\"logo\":{\"@type\":\"ImageObject\",\"inLanguage\":\"es\",\"@id\":\"https:\/\/seryhumano.com\/web\/#\/schema\/logo\/image\/\",\"url\":\"https:\/\/seryhumano.com\/web\/wp-content\/uploads\/2020\/02\/JNe5VRwH_400x400-2.jpg\",\"contentUrl\":\"https:\/\/seryhumano.com\/web\/wp-content\/uploads\/2020\/02\/JNe5VRwH_400x400-2.jpg\",\"width\":400,\"height\":400,\"caption\":\"SeryHumano.com\"},\"image\":{\"@id\":\"https:\/\/seryhumano.com\/web\/#\/schema\/logo\/image\/\"},\"sameAs\":[\"https:\/\/www.facebook.com\/seryhumano\/\",\"https:\/\/x.com\/SeryHumano\",\"https:\/\/www.instagram.com\/seryhumano\/\",\"https:\/\/www.linkedin.com\/company\/seryhumano-com\/\",\"https:\/\/www.youtube.com\/channel\/UCYfgIGSxygVnJAW0e9ZBZWg\"]},{\"@type\":\"Person\",\"@id\":\"https:\/\/seryhumano.com\/web\/#\/schema\/person\/f4adb88e2944ce8c1d005724eb1186d6\",\"name\":\"Redacci\u00f3n SeryHumano.com\",\"sameAs\":[\"http:\/\/seryhumano.com\"],\"url\":\"https:\/\/seryhumano.com\/web\/?author=305\"}]}<\/script>\n<!-- \/ Yoast SEO plugin. -->","yoast_head_json":{"title":"Oraci\u00f3n Diaria: Dios Bendito &#187; SeryHumano.com","description":"Oraci\u00f3n Dios, Bendito eres Rey de la Gloria Gracias por este despertar, por la alegr\u00eda de vivir que siembras en mi coraz\u00f3n, por las benditas gracias","robots":{"index":"index","follow":"follow","max-snippet":"max-snippet:-1","max-image-preview":"max-image-preview:large","max-video-preview":"max-video-preview:-1"},"canonical":"https:\/\/seryhumano.com\/web\/?p=34192","og_locale":"es_ES","og_type":"article","og_title":"Oraci\u00f3n Diaria: Dios Bendito &#187; SeryHumano.com","og_description":"Oraci\u00f3n Dios, Bendito eres Rey de la Gloria Gracias por este despertar, por la alegr\u00eda de vivir que siembras en mi coraz\u00f3n, por las benditas gracias","og_url":"https:\/\/seryhumano.com\/web\/?p=34192","og_site_name":"SeryHumano.com","article_publisher":"https:\/\/www.facebook.com\/seryhumano\/","article_published_time":"2020-04-21T08:58:42+00:00","article_modified_time":"2020-04-21T08:58:50+00:00","og_image":[{"width":1280,"height":853,"url":"https:\/\/seryhumano.com\/web\/wp-content\/uploads\/2020\/04\/oraci\u00f3n-32.jpg","type":"image\/jpeg"}],"author":"Redacci\u00f3n SeryHumano.com","twitter_card":"summary_large_image","twitter_creator":"@SeryHumano","twitter_site":"@SeryHumano","twitter_misc":{"Escrito por":"Redacci\u00f3n SeryHumano.com","Tiempo de lectura":"2 minutos"},"schema":{"@context":"https:\/\/schema.org","@graph":[{"@type":"Article","@id":"https:\/\/seryhumano.com\/web\/?p=34192#article","isPartOf":{"@id":"https:\/\/seryhumano.com\/web\/?p=34192"},"author":{"name":"Redacci\u00f3n SeryHumano.com","@id":"https:\/\/seryhumano.com\/web\/#\/schema\/person\/f4adb88e2944ce8c1d005724eb1186d6"},"headline":"Oraci\u00f3n Diaria: Dios Bendito","datePublished":"2020-04-21T08:58:42+00:00","dateModified":"2020-04-21T08:58:50+00:00","mainEntityOfPage":{"@id":"https:\/\/seryhumano.com\/web\/?p=34192"},"wordCount":320,"publisher":{"@id":"https:\/\/seryhumano.com\/web\/#organization"},"image":{"@id":"https:\/\/seryhumano.com\/web\/?p=34192#primaryimage"},"thumbnailUrl":"https:\/\/seryhumano.com\/web\/wp-content\/uploads\/2020\/04\/oraci\u00f3n-32.jpg","keywords":["Creencia","Dios","Oraci\u00f3n","Padre Nuestro","Religi\u00f3n"],"articleSection":["Oraci\u00f3n"],"inLanguage":"es"},{"@type":"WebPage","@id":"https:\/\/seryhumano.com\/web\/?p=34192","url":"https:\/\/seryhumano.com\/web\/?p=34192","name":"Oraci\u00f3n Diaria: Dios Bendito &#187; SeryHumano.com","isPartOf":{"@id":"https:\/\/seryhumano.com\/web\/#website"},"primaryImageOfPage":{"@id":"https:\/\/seryhumano.com\/web\/?p=34192#primaryimage"},"image":{"@id":"https:\/\/seryhumano.com\/web\/?p=34192#primaryimage"},"thumbnailUrl":"https:\/\/seryhumano.com\/web\/wp-content\/uploads\/2020\/04\/oraci\u00f3n-32.jpg","datePublished":"2020-04-21T08:58:42+00:00","dateModified":"2020-04-21T08:58:50+00:00","description":"Oraci\u00f3n Dios, Bendito eres Rey de la Gloria Gracias por este despertar, por la alegr\u00eda de vivir que siembras en mi coraz\u00f3n, por las benditas gracias","breadcrumb":{"@id":"https:\/\/seryhumano.com\/web\/?p=34192#breadcrumb"},"inLanguage":"es","potentialAction":[{"@type":"ReadAction","target":["https:\/\/seryhumano.com\/web\/?p=34192"]}]},{"@type":"ImageObject","inLanguage":"es","@id":"https:\/\/seryhumano.com\/web\/?p=34192#primaryimage","url":"https:\/\/seryhumano.com\/web\/wp-content\/uploads\/2020\/04\/oraci\u00f3n-32.jpg","contentUrl":"https:\/\/seryhumano.com\/web\/wp-content\/uploads\/2020\/04\/oraci\u00f3n-32.jpg","width":1280,"height":853},{"@type":"BreadcrumbList","@id":"https:\/\/seryhumano.com\/web\/?p=34192#breadcrumb","itemListElement":[{"@type":"ListItem","position":1,"name":"Portada","item":"https:\/\/seryhumano.com\/web\/"},{"@type":"ListItem","position":2,"name":"Oraci\u00f3n Diaria: Dios Bendito"}]},{"@type":"WebSite","@id":"https:\/\/seryhumano.com\/web\/#website","url":"https:\/\/seryhumano.com\/web\/","name":"SeryHumano.com","description":"Revista digital muy humana, donde lo mas importante es el Ser...","publisher":{"@id":"https:\/\/seryhumano.com\/web\/#organization"},"potentialAction":[{"@type":"SearchAction","target":{"@type":"EntryPoint","urlTemplate":"https:\/\/seryhumano.com\/web\/?s={search_term_string}"},"query-input":{"@type":"PropertyValueSpecification","valueRequired":true,"valueName":"search_term_string"}}],"inLanguage":"es"},{"@type":"Organization","@id":"https:\/\/seryhumano.com\/web\/#organization","name":"SeryHumano.com","url":"https:\/\/seryhumano.com\/web\/","logo":{"@type":"ImageObject","inLanguage":"es","@id":"https:\/\/seryhumano.com\/web\/#\/schema\/logo\/image\/","url":"https:\/\/seryhumano.com\/web\/wp-content\/uploads\/2020\/02\/JNe5VRwH_400x400-2.jpg","contentUrl":"https:\/\/seryhumano.com\/web\/wp-content\/uploads\/2020\/02\/JNe5VRwH_400x400-2.jpg","width":400,"height":400,"caption":"SeryHumano.com"},"image":{"@id":"https:\/\/seryhumano.com\/web\/#\/schema\/logo\/image\/"},"sameAs":["https:\/\/www.facebook.com\/seryhumano\/","https:\/\/x.com\/SeryHumano","https:\/\/www.instagram.com\/seryhumano\/","https:\/\/www.linkedin.com\/company\/seryhumano-com\/","https:\/\/www.youtube.com\/channel\/UCYfgIGSxygVnJAW0e9ZBZWg"]},{"@type":"Person","@id":"https:\/\/seryhumano.com\/web\/#\/schema\/person\/f4adb88e2944ce8c1d005724eb1186d6","name":"Redacci\u00f3n SeryHumano.com","sameAs":["http:\/\/seryhumano.com"],"url":"https:\/\/seryhumano.com\/web\/?author=305"}]}},"_links":{"self":[{"href":"https:\/\/seryhumano.com\/web\/index.php?rest_route=\/wp\/v2\/posts\/34192","targetHints":{"allow":["GET"]}}],"collection":[{"href":"https:\/\/seryhumano.com\/web\/index.php?rest_route=\/wp\/v2\/posts"}],"about":[{"href":"https:\/\/seryhumano.com\/web\/index.php?rest_route=\/wp\/v2\/types\/post"}],"author":[{"embeddable":true,"href":"https:\/\/seryhumano.com\/web\/index.php?rest_route=\/wp\/v2\/users\/305"}],"replies":[{"embeddable":true,"href":"https:\/\/seryhumano.com\/web\/index.php?rest_route=%2Fwp%2Fv2%2Fcomments&post=34192"}],"version-history":[{"count":0,"href":"https:\/\/seryhumano.com\/web\/index.php?rest_route=\/wp\/v2\/posts\/34192\/revisions"}],"wp:featuredmedia":[{"embeddable":true,"href":"https:\/\/seryhumano.com\/web\/index.php?rest_route=\/wp\/v2\/media\/34193"}],"wp:attachment":[{"href":"https:\/\/seryhumano.com\/web\/index.php?rest_route=%2Fwp%2Fv2%2Fmedia&parent=34192"}],"wp:term":[{"taxonomy":"category","embeddable":true,"href":"https:\/\/seryhumano.com\/web\/index.php?rest_route=%2Fwp%2Fv2%2Fcategories&post=34192"},{"taxonomy":"post_tag","embeddable":true,"href":"https:\/\/seryhumano.com\/web\/index.php?rest_route=%2Fwp%2Fv2%2Ftags&post=34192"}],"curies":[{"name":"wp","href":"https:\/\/api.w.org\/{rel}","templated":true}]}}