{"id":34196,"date":"2020-04-21T04:54:41","date_gmt":"2020-04-21T09:24:41","guid":{"rendered":"https:\/\/seryhumano.com\/web\/?p=34196"},"modified":"2020-04-21T04:54:44","modified_gmt":"2020-04-21T09:24:44","slug":"dia-mundial-de-la-creatividad-y-la-innovacion","status":"publish","type":"post","link":"https:\/\/seryhumano.com\/web\/?p=34196","title":{"rendered":"D\u00eda Mundial de la Creatividad y la Innovaci\u00f3n"},"content":{"rendered":"\n<h2 class=\"has-text-align-center wp-block-heading\">El D\u00eda de la Creatividad y la Innovaci\u00f3n, se celebra el 21 de abril de cada a\u00f1o y tiene como principal objetivo poner de manifiesto todo el potencial creativo de las personas a nivel mundial.<\/h2>\n\n\n\n<div class=\"wp-block-image\"><figure class=\"aligncenter size-large\"><img loading=\"lazy\" decoding=\"async\" width=\"1024\" height=\"682\" src=\"https:\/\/seryhumano.com\/web\/wp-content\/uploads\/2020\/04\/innovaci\u00f3n-1024x682.jpg\" alt=\"Creatividad y la Innovaci\u00f3n\" class=\"wp-image-34197\" srcset=\"https:\/\/seryhumano.com\/web\/wp-content\/uploads\/2020\/04\/innovaci\u00f3n-1024x682.jpg 1024w, https:\/\/seryhumano.com\/web\/wp-content\/uploads\/2020\/04\/innovaci\u00f3n-300x200.jpg 300w, https:\/\/seryhumano.com\/web\/wp-content\/uploads\/2020\/04\/innovaci\u00f3n-768x512.jpg 768w, https:\/\/seryhumano.com\/web\/wp-content\/uploads\/2020\/04\/innovaci\u00f3n.jpg 1280w\" sizes=\"auto, (max-width: 1024px) 100vw, 1024px\" \/><\/figure><\/div>\n\n\n\n<p>La fecha fue escogida por ser la fecha en que naci\u00f3 uno de los personajes m\u00e1s creativos e influyentes de la historia, como fue Leonardo Da Vinci. Esto fue gracias al dise\u00f1ador publicitario Marci Segal.<\/p>\n\n\n\n<h2 class=\"wp-block-heading\"><strong>\u00bfQu\u00e9 se entiende por creatividad e innovaci\u00f3n?<\/strong><\/h2>\n\n\n\n<p>Aunque parezcan definiciones distintas, tanto la creatividad como la innovaci\u00f3n van cogidas de la mano. La creatividad se refiere a ideas o pensamientos novedosos, que para que se concreten, es necesaria la puesta en marcha de planes innovadores que se transformen luego en una realidad palpable.<\/p>\n\n\n\n<h2 class=\"wp-block-heading\"><strong>Creatividad e innovaci\u00f3n como elementos claves para la vida<\/strong><\/h2>\n\n\n\n<p>En el mundo moderno de hoy, se necesita m\u00e1s que nunca de mujeres y hombres creativos e innovadores, ya que personas con estas habilidades son las que se requieren para desempe\u00f1ar puestos altamente competitivos.<\/p>\n\n\n\n<p>Cada vez m\u00e1s, la demanda del mercado laboral, va en busca de nuevos talentos, capaces de ser verdaderos l\u00edderes. Estos dos activos, son habilidades o cualidades humanas, que la mayor\u00eda de las personas poseen, pero que muchos desconocen.<\/p>\n\n\n\n<p>Sin embargo, la creatividad e innovaci\u00f3n pueden desarrollarse si se ponen en marcha una serie de ejercicios, que a muchas personas le han resultado muy efectivos. S\u00f3lo bastar\u00e1 tener la constancia, la disciplina y la motivaci\u00f3n para alcanzar resultados satisfactorios.<\/p>\n\n\n\n<h2 class=\"wp-block-heading\"><strong>Principales t\u00e9cnicas para desarrollar la creatividad<\/strong><\/h2>\n\n\n\n<p>S\u00ed lo que buscas es que la creatividad innata que existe en todos nosotros aflore, entonces ser\u00e1 necesario llevar a la pr\u00e1ctica una serie de t\u00e9cnicas muy conocidas, que te ayudar\u00e1n a desarrollar potencialidades aun no exploradas ni conocidas, pero que habitan en el interior de todos los seres humanos.<\/p>\n\n\n\n<p>A continuaci\u00f3n, te dejamos una breve descripci\u00f3n de las m\u00e1s conocidas para que descubras tus verdaderas potencialidades:<\/p>\n\n\n\n<h2 class=\"wp-block-heading\"><strong>La T\u00e9cnica Da Vinci<\/strong><\/h2>\n\n\n\n<p>Es una original t\u00e9cnica, que consiste en que, a trav\u00e9s de una serie de pasos, se puede desarrollar la creatividad. Lo primero es despertar la curiosidad, luego crear distintas perspectivas, afinar los sentidos, aceptar lo incierto, descubrir el equilibrio, trabajar cuerpo y mente y finalmente, ir hacia lo nuevo y desconocido.<\/p>\n\n\n\n<h2 class=\"wp-block-heading\"><strong>La T\u00e9cnica Dal\u00ed<\/strong><\/h2>\n\n\n\n<p>Con este m\u00e9todo, el pintor intent\u00f3 trascender el mundo de la l\u00f3gica y la raz\u00f3n para indagar e introducirse en el mundo on\u00edrico y a trav\u00e9s de \u00e9l, desarrollar el arte.<\/p>\n\n\n\n<h2 class=\"wp-block-heading\"><strong>Lista de atributos<\/strong><\/h2>\n\n\n\n<p>A trav\u00e9s de esta t\u00e9cnica, se busca crear una lista de atributos, con la intenci\u00f3n de ir cambiando y perfeccionando aquellos que tengan mayor relevancia.<\/p>\n\n\n\n<h2 class=\"wp-block-heading\"><strong>La T\u00e9cnica de los Microdibujos<\/strong><\/h2>\n\n\n\n<p>Es una t\u00e9cnica que consiste en la interpretaci\u00f3n de una serie de im\u00e1genes a trav\u00e9s del subconsciente usando para ello, la estad\u00edstica y la aleatoriedad.<\/p>\n\n\n\n<h2 class=\"wp-block-heading\"><strong>Leonardo Da Vinci y la mente creadora de un genio<\/strong><\/h2>\n\n\n\n<p>Leonado Da Vinci es conocido por su gran legado a la humanidad. Fue el inventor de grandes proyectos que han resultado de gran ayuda al hombre moderno. Fue un gran apasionado de la naturaleza y desde muy ni\u00f1o mostr\u00f3 curiosidad por el mundo que le rodeaba.<\/p>\n\n\n\n<p>Este rasgo tan particular en \u00e9l, fue el que m\u00e1s tarde lo convertir\u00eda en una de las figuras m\u00e1s importantes de la historia. Su inagotable b\u00fasqueda por entender el verdadero sentido de la existencia humana, lo transformo en un verdadero genio, por eso, aprovechando que su cumplea\u00f1os coincide con el D\u00eda Mundial de la Creatividad y la Innovaci\u00f3n, tambi\u00e9n se le rinde un merecido homenaje.<\/p>\n\n\n\n<p>Quiz\u00e1s desee leer: <a href=\"https:\/\/seryhumano.com\/web\/dia-meteorologico-mundial\/\">D\u00eda Meteorol\u00f3gico Mundial<\/a><\/p>\n\n\n\n<h2 class=\"wp-block-heading\"><strong>\u00bfC\u00f3mo celebrar el Mundial de la creatividad y la Innovaci\u00f3n?<\/strong><\/h2>\n\n\n\n<p>El D\u00eda Mundial de la Creatividad y la Innovaci\u00f3n se conmemora en muchos lugares del mundo con la realizaci\u00f3n de una serie de eventos y actividades como talleres creativos, encuentros musicales, exposiciones de artes, grupos de teatro, donde participan personalidades influyentes, con gran talento y creatividad.<\/p>\n\n\n\n<p>Sin embargo, este a\u00f1o, la cita no podr\u00e1 ser presencial, debido a la pandemia conocida con el nombre de COVID 19, que en la actualidad azota a todo el planeta. Debido a esta situaci\u00f3n, ha sido necesario quedarse en casa.<\/p>\n\n\n\n<p>Por esta raz\u00f3n, te invitamos a que celebres este d\u00eda de una manera diferente aportando lo que sabes hacer ya sea a trav\u00e9s de la m\u00fasica, la escritura, la pintura o cualquier forma creativa e innovadora y lo compartas en las distintas redes sociales.<\/p>\n\n\n\n<p>seryhumano.com<\/p>\n\n\n\n<p>Si quiere recibir en su celular esta y otras informaciones y art\u00edculos descargue Telegram, ingrese al link <a href=\"htts:\/\/t.ime\/seryhumano\">htts:\/\/t.ime\/seryhumano<\/a> y dele clic a +Unirme<\/p>\n","protected":false},"excerpt":{"rendered":"<p>El D\u00eda de la Creatividad y la Innovaci\u00f3n, se celebra el 21 de abril de cada a\u00f1o y tiene como principal objetivo poner de manifiesto todo el potencial creativo de las personas a nivel mundial. La fecha fue escogida por ser la fecha en que naci\u00f3 uno de los personajes m\u00e1s creativos e influyentes de&hellip;<\/p>\n","protected":false},"author":305,"featured_media":34197,"comment_status":"closed","ping_status":"closed","sticky":false,"template":"","format":"standard","meta":{"footnotes":""},"categories":[110],"tags":[],"class_list":["post-34196","post","type-post","status-publish","format-standard","has-post-thumbnail","hentry","category-noticias","category-110","description-off"],"yoast_head":"<!-- This site is optimized with the Yoast SEO plugin v25.4 - https:\/\/yoast.com\/wordpress\/plugins\/seo\/ -->\n<title>D\u00eda Mundial de la Creatividad y la Innovaci\u00f3n &#187; SeryHumano.com<\/title>\n<meta name=\"description\" content=\"El D\u00eda de la Creatividad y la Innovaci\u00f3n, se celebra el 21 de abril de cada a\u00f1o y tiene como principal objetivo poner de manifiesto todo el potencial creativo\" \/>\n<meta name=\"robots\" content=\"index, follow, max-snippet:-1, max-image-preview:large, max-video-preview:-1\" \/>\n<link rel=\"canonical\" href=\"https:\/\/seryhumano.com\/web\/?p=34196\" \/>\n<meta property=\"og:locale\" content=\"es_ES\" \/>\n<meta property=\"og:type\" content=\"article\" \/>\n<meta property=\"og:title\" content=\"D\u00eda Mundial de la Creatividad y la Innovaci\u00f3n &#187; SeryHumano.com\" \/>\n<meta property=\"og:description\" content=\"El D\u00eda de la Creatividad y la Innovaci\u00f3n, se celebra el 21 de abril de cada a\u00f1o y tiene como principal objetivo poner de manifiesto todo el potencial creativo\" \/>\n<meta property=\"og:url\" content=\"https:\/\/seryhumano.com\/web\/?p=34196\" \/>\n<meta property=\"og:site_name\" content=\"SeryHumano.com\" \/>\n<meta property=\"article:publisher\" content=\"https:\/\/www.facebook.com\/seryhumano\/\" \/>\n<meta property=\"article:published_time\" content=\"2020-04-21T09:24:41+00:00\" \/>\n<meta property=\"article:modified_time\" content=\"2020-04-21T09:24:44+00:00\" \/>\n<meta property=\"og:image\" content=\"https:\/\/seryhumano.com\/web\/wp-content\/uploads\/2020\/04\/innovaci\u00f3n.jpg\" \/>\n\t<meta property=\"og:image:width\" content=\"1280\" \/>\n\t<meta property=\"og:image:height\" content=\"853\" \/>\n\t<meta property=\"og:image:type\" content=\"image\/jpeg\" \/>\n<meta name=\"author\" content=\"Redacci\u00f3n SeryHumano.com\" \/>\n<meta name=\"twitter:card\" content=\"summary_large_image\" \/>\n<meta name=\"twitter:creator\" content=\"@SeryHumano\" \/>\n<meta name=\"twitter:site\" content=\"@SeryHumano\" \/>\n<meta name=\"twitter:label1\" content=\"Escrito por\" \/>\n\t<meta name=\"twitter:data1\" content=\"Redacci\u00f3n SeryHumano.com\" \/>\n\t<meta name=\"twitter:label2\" content=\"Tiempo de lectura\" \/>\n\t<meta name=\"twitter:data2\" content=\"4 minutos\" \/>\n<script type=\"application\/ld+json\" class=\"yoast-schema-graph\">{\"@context\":\"https:\/\/schema.org\",\"@graph\":[{\"@type\":\"Article\",\"@id\":\"https:\/\/seryhumano.com\/web\/?p=34196#article\",\"isPartOf\":{\"@id\":\"https:\/\/seryhumano.com\/web\/?p=34196\"},\"author\":{\"name\":\"Redacci\u00f3n SeryHumano.com\",\"@id\":\"https:\/\/seryhumano.com\/web\/#\/schema\/person\/f4adb88e2944ce8c1d005724eb1186d6\"},\"headline\":\"D\u00eda Mundial de la Creatividad y la Innovaci\u00f3n\",\"datePublished\":\"2020-04-21T09:24:41+00:00\",\"dateModified\":\"2020-04-21T09:24:44+00:00\",\"mainEntityOfPage\":{\"@id\":\"https:\/\/seryhumano.com\/web\/?p=34196\"},\"wordCount\":832,\"publisher\":{\"@id\":\"https:\/\/seryhumano.com\/web\/#organization\"},\"image\":{\"@id\":\"https:\/\/seryhumano.com\/web\/?p=34196#primaryimage\"},\"thumbnailUrl\":\"https:\/\/seryhumano.com\/web\/wp-content\/uploads\/2020\/04\/innovaci\u00f3n.jpg\",\"articleSection\":[\"Noticias\"],\"inLanguage\":\"es\"},{\"@type\":\"WebPage\",\"@id\":\"https:\/\/seryhumano.com\/web\/?p=34196\",\"url\":\"https:\/\/seryhumano.com\/web\/?p=34196\",\"name\":\"D\u00eda Mundial de la Creatividad y la Innovaci\u00f3n &#187; SeryHumano.com\",\"isPartOf\":{\"@id\":\"https:\/\/seryhumano.com\/web\/#website\"},\"primaryImageOfPage\":{\"@id\":\"https:\/\/seryhumano.com\/web\/?p=34196#primaryimage\"},\"image\":{\"@id\":\"https:\/\/seryhumano.com\/web\/?p=34196#primaryimage\"},\"thumbnailUrl\":\"https:\/\/seryhumano.com\/web\/wp-content\/uploads\/2020\/04\/innovaci\u00f3n.jpg\",\"datePublished\":\"2020-04-21T09:24:41+00:00\",\"dateModified\":\"2020-04-21T09:24:44+00:00\",\"description\":\"El D\u00eda de la Creatividad y la Innovaci\u00f3n, se celebra el 21 de abril de cada a\u00f1o y tiene como principal objetivo poner de manifiesto todo el potencial creativo\",\"breadcrumb\":{\"@id\":\"https:\/\/seryhumano.com\/web\/?p=34196#breadcrumb\"},\"inLanguage\":\"es\",\"potentialAction\":[{\"@type\":\"ReadAction\",\"target\":[\"https:\/\/seryhumano.com\/web\/?p=34196\"]}]},{\"@type\":\"ImageObject\",\"inLanguage\":\"es\",\"@id\":\"https:\/\/seryhumano.com\/web\/?p=34196#primaryimage\",\"url\":\"https:\/\/seryhumano.com\/web\/wp-content\/uploads\/2020\/04\/innovaci\u00f3n.jpg\",\"contentUrl\":\"https:\/\/seryhumano.com\/web\/wp-content\/uploads\/2020\/04\/innovaci\u00f3n.jpg\",\"width\":1280,\"height\":853},{\"@type\":\"BreadcrumbList\",\"@id\":\"https:\/\/seryhumano.com\/web\/?p=34196#breadcrumb\",\"itemListElement\":[{\"@type\":\"ListItem\",\"position\":1,\"name\":\"Portada\",\"item\":\"https:\/\/seryhumano.com\/web\/\"},{\"@type\":\"ListItem\",\"position\":2,\"name\":\"D\u00eda Mundial de la Creatividad y la Innovaci\u00f3n\"}]},{\"@type\":\"WebSite\",\"@id\":\"https:\/\/seryhumano.com\/web\/#website\",\"url\":\"https:\/\/seryhumano.com\/web\/\",\"name\":\"SeryHumano.com\",\"description\":\"Revista digital muy humana, donde lo mas importante es el Ser...\",\"publisher\":{\"@id\":\"https:\/\/seryhumano.com\/web\/#organization\"},\"potentialAction\":[{\"@type\":\"SearchAction\",\"target\":{\"@type\":\"EntryPoint\",\"urlTemplate\":\"https:\/\/seryhumano.com\/web\/?s={search_term_string}\"},\"query-input\":{\"@type\":\"PropertyValueSpecification\",\"valueRequired\":true,\"valueName\":\"search_term_string\"}}],\"inLanguage\":\"es\"},{\"@type\":\"Organization\",\"@id\":\"https:\/\/seryhumano.com\/web\/#organization\",\"name\":\"SeryHumano.com\",\"url\":\"https:\/\/seryhumano.com\/web\/\",\"logo\":{\"@type\":\"ImageObject\",\"inLanguage\":\"es\",\"@id\":\"https:\/\/seryhumano.com\/web\/#\/schema\/logo\/image\/\",\"url\":\"https:\/\/seryhumano.com\/web\/wp-content\/uploads\/2020\/02\/JNe5VRwH_400x400-2.jpg\",\"contentUrl\":\"https:\/\/seryhumano.com\/web\/wp-content\/uploads\/2020\/02\/JNe5VRwH_400x400-2.jpg\",\"width\":400,\"height\":400,\"caption\":\"SeryHumano.com\"},\"image\":{\"@id\":\"https:\/\/seryhumano.com\/web\/#\/schema\/logo\/image\/\"},\"sameAs\":[\"https:\/\/www.facebook.com\/seryhumano\/\",\"https:\/\/x.com\/SeryHumano\",\"https:\/\/www.instagram.com\/seryhumano\/\",\"https:\/\/www.linkedin.com\/company\/seryhumano-com\/\",\"https:\/\/www.youtube.com\/channel\/UCYfgIGSxygVnJAW0e9ZBZWg\"]},{\"@type\":\"Person\",\"@id\":\"https:\/\/seryhumano.com\/web\/#\/schema\/person\/f4adb88e2944ce8c1d005724eb1186d6\",\"name\":\"Redacci\u00f3n SeryHumano.com\",\"sameAs\":[\"http:\/\/seryhumano.com\"],\"url\":\"https:\/\/seryhumano.com\/web\/?author=305\"}]}<\/script>\n<!-- \/ Yoast SEO plugin. -->","yoast_head_json":{"title":"D\u00eda Mundial de la Creatividad y la Innovaci\u00f3n &#187; SeryHumano.com","description":"El D\u00eda de la Creatividad y la Innovaci\u00f3n, se celebra el 21 de abril de cada a\u00f1o y tiene como principal objetivo poner de manifiesto todo el potencial creativo","robots":{"index":"index","follow":"follow","max-snippet":"max-snippet:-1","max-image-preview":"max-image-preview:large","max-video-preview":"max-video-preview:-1"},"canonical":"https:\/\/seryhumano.com\/web\/?p=34196","og_locale":"es_ES","og_type":"article","og_title":"D\u00eda Mundial de la Creatividad y la Innovaci\u00f3n &#187; SeryHumano.com","og_description":"El D\u00eda de la Creatividad y la Innovaci\u00f3n, se celebra el 21 de abril de cada a\u00f1o y tiene como principal objetivo poner de manifiesto todo el potencial creativo","og_url":"https:\/\/seryhumano.com\/web\/?p=34196","og_site_name":"SeryHumano.com","article_publisher":"https:\/\/www.facebook.com\/seryhumano\/","article_published_time":"2020-04-21T09:24:41+00:00","article_modified_time":"2020-04-21T09:24:44+00:00","og_image":[{"width":1280,"height":853,"url":"https:\/\/seryhumano.com\/web\/wp-content\/uploads\/2020\/04\/innovaci\u00f3n.jpg","type":"image\/jpeg"}],"author":"Redacci\u00f3n SeryHumano.com","twitter_card":"summary_large_image","twitter_creator":"@SeryHumano","twitter_site":"@SeryHumano","twitter_misc":{"Escrito por":"Redacci\u00f3n SeryHumano.com","Tiempo de lectura":"4 minutos"},"schema":{"@context":"https:\/\/schema.org","@graph":[{"@type":"Article","@id":"https:\/\/seryhumano.com\/web\/?p=34196#article","isPartOf":{"@id":"https:\/\/seryhumano.com\/web\/?p=34196"},"author":{"name":"Redacci\u00f3n SeryHumano.com","@id":"https:\/\/seryhumano.com\/web\/#\/schema\/person\/f4adb88e2944ce8c1d005724eb1186d6"},"headline":"D\u00eda Mundial de la Creatividad y la Innovaci\u00f3n","datePublished":"2020-04-21T09:24:41+00:00","dateModified":"2020-04-21T09:24:44+00:00","mainEntityOfPage":{"@id":"https:\/\/seryhumano.com\/web\/?p=34196"},"wordCount":832,"publisher":{"@id":"https:\/\/seryhumano.com\/web\/#organization"},"image":{"@id":"https:\/\/seryhumano.com\/web\/?p=34196#primaryimage"},"thumbnailUrl":"https:\/\/seryhumano.com\/web\/wp-content\/uploads\/2020\/04\/innovaci\u00f3n.jpg","articleSection":["Noticias"],"inLanguage":"es"},{"@type":"WebPage","@id":"https:\/\/seryhumano.com\/web\/?p=34196","url":"https:\/\/seryhumano.com\/web\/?p=34196","name":"D\u00eda Mundial de la Creatividad y la Innovaci\u00f3n &#187; SeryHumano.com","isPartOf":{"@id":"https:\/\/seryhumano.com\/web\/#website"},"primaryImageOfPage":{"@id":"https:\/\/seryhumano.com\/web\/?p=34196#primaryimage"},"image":{"@id":"https:\/\/seryhumano.com\/web\/?p=34196#primaryimage"},"thumbnailUrl":"https:\/\/seryhumano.com\/web\/wp-content\/uploads\/2020\/04\/innovaci\u00f3n.jpg","datePublished":"2020-04-21T09:24:41+00:00","dateModified":"2020-04-21T09:24:44+00:00","description":"El D\u00eda de la Creatividad y la Innovaci\u00f3n, se celebra el 21 de abril de cada a\u00f1o y tiene como principal objetivo poner de manifiesto todo el potencial creativo","breadcrumb":{"@id":"https:\/\/seryhumano.com\/web\/?p=34196#breadcrumb"},"inLanguage":"es","potentialAction":[{"@type":"ReadAction","target":["https:\/\/seryhumano.com\/web\/?p=34196"]}]},{"@type":"ImageObject","inLanguage":"es","@id":"https:\/\/seryhumano.com\/web\/?p=34196#primaryimage","url":"https:\/\/seryhumano.com\/web\/wp-content\/uploads\/2020\/04\/innovaci\u00f3n.jpg","contentUrl":"https:\/\/seryhumano.com\/web\/wp-content\/uploads\/2020\/04\/innovaci\u00f3n.jpg","width":1280,"height":853},{"@type":"BreadcrumbList","@id":"https:\/\/seryhumano.com\/web\/?p=34196#breadcrumb","itemListElement":[{"@type":"ListItem","position":1,"name":"Portada","item":"https:\/\/seryhumano.com\/web\/"},{"@type":"ListItem","position":2,"name":"D\u00eda Mundial de la Creatividad y la Innovaci\u00f3n"}]},{"@type":"WebSite","@id":"https:\/\/seryhumano.com\/web\/#website","url":"https:\/\/seryhumano.com\/web\/","name":"SeryHumano.com","description":"Revista digital muy humana, donde lo mas importante es el Ser...","publisher":{"@id":"https:\/\/seryhumano.com\/web\/#organization"},"potentialAction":[{"@type":"SearchAction","target":{"@type":"EntryPoint","urlTemplate":"https:\/\/seryhumano.com\/web\/?s={search_term_string}"},"query-input":{"@type":"PropertyValueSpecification","valueRequired":true,"valueName":"search_term_string"}}],"inLanguage":"es"},{"@type":"Organization","@id":"https:\/\/seryhumano.com\/web\/#organization","name":"SeryHumano.com","url":"https:\/\/seryhumano.com\/web\/","logo":{"@type":"ImageObject","inLanguage":"es","@id":"https:\/\/seryhumano.com\/web\/#\/schema\/logo\/image\/","url":"https:\/\/seryhumano.com\/web\/wp-content\/uploads\/2020\/02\/JNe5VRwH_400x400-2.jpg","contentUrl":"https:\/\/seryhumano.com\/web\/wp-content\/uploads\/2020\/02\/JNe5VRwH_400x400-2.jpg","width":400,"height":400,"caption":"SeryHumano.com"},"image":{"@id":"https:\/\/seryhumano.com\/web\/#\/schema\/logo\/image\/"},"sameAs":["https:\/\/www.facebook.com\/seryhumano\/","https:\/\/x.com\/SeryHumano","https:\/\/www.instagram.com\/seryhumano\/","https:\/\/www.linkedin.com\/company\/seryhumano-com\/","https:\/\/www.youtube.com\/channel\/UCYfgIGSxygVnJAW0e9ZBZWg"]},{"@type":"Person","@id":"https:\/\/seryhumano.com\/web\/#\/schema\/person\/f4adb88e2944ce8c1d005724eb1186d6","name":"Redacci\u00f3n SeryHumano.com","sameAs":["http:\/\/seryhumano.com"],"url":"https:\/\/seryhumano.com\/web\/?author=305"}]}},"_links":{"self":[{"href":"https:\/\/seryhumano.com\/web\/index.php?rest_route=\/wp\/v2\/posts\/34196","targetHints":{"allow":["GET"]}}],"collection":[{"href":"https:\/\/seryhumano.com\/web\/index.php?rest_route=\/wp\/v2\/posts"}],"about":[{"href":"https:\/\/seryhumano.com\/web\/index.php?rest_route=\/wp\/v2\/types\/post"}],"author":[{"embeddable":true,"href":"https:\/\/seryhumano.com\/web\/index.php?rest_route=\/wp\/v2\/users\/305"}],"replies":[{"embeddable":true,"href":"https:\/\/seryhumano.com\/web\/index.php?rest_route=%2Fwp%2Fv2%2Fcomments&post=34196"}],"version-history":[{"count":0,"href":"https:\/\/seryhumano.com\/web\/index.php?rest_route=\/wp\/v2\/posts\/34196\/revisions"}],"wp:featuredmedia":[{"embeddable":true,"href":"https:\/\/seryhumano.com\/web\/index.php?rest_route=\/wp\/v2\/media\/34197"}],"wp:attachment":[{"href":"https:\/\/seryhumano.com\/web\/index.php?rest_route=%2Fwp%2Fv2%2Fmedia&parent=34196"}],"wp:term":[{"taxonomy":"category","embeddable":true,"href":"https:\/\/seryhumano.com\/web\/index.php?rest_route=%2Fwp%2Fv2%2Fcategories&post=34196"},{"taxonomy":"post_tag","embeddable":true,"href":"https:\/\/seryhumano.com\/web\/index.php?rest_route=%2Fwp%2Fv2%2Ftags&post=34196"}],"curies":[{"name":"wp","href":"https:\/\/api.w.org\/{rel}","templated":true}]}}