{"id":34329,"date":"2020-05-05T09:32:43","date_gmt":"2020-05-05T14:02:43","guid":{"rendered":"https:\/\/seryhumano.com\/web\/?p=34329"},"modified":"2020-05-05T09:32:45","modified_gmt":"2020-05-05T14:02:45","slug":"dia-mundial-del-asma","status":"publish","type":"post","link":"https:\/\/seryhumano.com\/web\/?p=34329","title":{"rendered":"D\u00eda Mundial del Asma"},"content":{"rendered":"\n<h2 class=\"has-text-align-center wp-block-heading\"><strong>Para celebrar este d\u00eda solo bastar\u00e1 con crear conciencia de la importancia que tiene el tomar las debidas precauciones contra una enfermedad cr\u00f3nica, que afecta a tantas personas en el mundo.<\/strong><\/h2>\n\n\n\n<div class=\"wp-block-image\"><figure class=\"aligncenter size-large\"><img loading=\"lazy\" decoding=\"async\" width=\"1024\" height=\"1024\" src=\"https:\/\/seryhumano.com\/web\/wp-content\/uploads\/2020\/05\/Asma-1024x1024.png\" alt=\"Asma\" class=\"wp-image-34330\" srcset=\"https:\/\/seryhumano.com\/web\/wp-content\/uploads\/2020\/05\/Asma-1024x1024.png 1024w, https:\/\/seryhumano.com\/web\/wp-content\/uploads\/2020\/05\/Asma-300x300.png 300w, https:\/\/seryhumano.com\/web\/wp-content\/uploads\/2020\/05\/Asma-150x150.png 150w, https:\/\/seryhumano.com\/web\/wp-content\/uploads\/2020\/05\/Asma-768x768.png 768w, https:\/\/seryhumano.com\/web\/wp-content\/uploads\/2020\/05\/Asma.png 1280w\" sizes=\"auto, (max-width: 1024px) 100vw, 1024px\" \/><\/figure><\/div>\n\n\n\n<p>El primer martes de mayo se celebra el <strong>D\u00eda Mundial del Asma<\/strong>, un evento organizado por GINA (Iniciativa Global para el Asma). El objetivo es involucrar a los pacientes con la atenci\u00f3n y control del asma, reducir los posibles factores de riesgo y ense\u00f1ar qu\u00e9 se debe hacer ante un posible ataque o crisis de esta enfermedad.<\/p>\n\n\n\n<p>El D\u00eda Mundial del Asma se celebra desde 1998, y desde ese momento el \u00fanico lema ha sido: \u00ab<em>Puedes Controlar tu Asma<\/em>\u00bb (You can control your asthma), y pretende involucrar a los pacientes en el control de su enfermedad. Sin embargo, este a\u00f1o 2020 el lema se ha modificado, siendo: \u00ab<em>Basta ya de muertes por asma<\/em>\u00bb (Enough Asthma Deaths).<\/p>\n\n\n\n<h2 class=\"wp-block-heading\"><strong>\u00bfQu\u00e9 es el asma?<\/strong><\/h2>\n\n\n\n<p>El asma es una patolog\u00eda que ocasiona que los pulmones no funcionen de forma correcta. Esto provoca que tanto la entrada como la salida del aire no sean de calidad por una inflamaci\u00f3n del aparato respiratorio.<\/p>\n\n\n\n<p>Las personas que sufren esta enfermedad, por lo general son m\u00e1s vulnerables a los factores externos como por ejemplo el clima, el polvo, el humo con sustancias qu\u00edmicas, los cuales pueden f\u00e1cilmente desencadenar un brote de asma.<\/p>\n\n\n\n<p>Quiz\u00e1s desee leer: <a href=\"https:\/\/seryhumano.com\/web\/el-eslabon-perdido-de-nuestra-salud\/\">El eslab\u00f3n perdido de nuestra salud<\/a><\/p>\n\n\n\n<h2 class=\"wp-block-heading\"><strong>Principales s\u00edntomas del asma<\/strong><\/h2>\n\n\n\n<p>El asma se considera un padecimiento cr\u00f3nico, que provoca una serie de s\u00edntomas previos:<\/p>\n\n\n\n<ul class=\"wp-block-list\"><li>Uno de los s\u00edntomas m\u00e1s caracter\u00edsticos de padecer asma, es la presencia de un sonido como de un silbido cada vez que la persona respira. Es m\u00e1s notable si se est\u00e1 agitado o cansado.<\/li><li>Otro s\u00edntoma, es la presencia de tos, que suele ser m\u00e1s recurrente durante las noches.<\/li><li>Hay dificultad para respirar y la persona siente la sensaci\u00f3n de ahogamiento.<\/li><li>Es muy frecuente, la sensaci\u00f3n de opresi\u00f3n en el pecho.<\/li><li>Puede o no haber presencia de secreci\u00f3n o mucosidad al toser.<\/li><\/ul>\n\n\n\n<h2 class=\"wp-block-heading\"><strong>El rol del paciente asm\u00e1tico ante una eventual crisis<\/strong><\/h2>\n\n\n\n<p>Se sabe que el asma es una patolog\u00eda cr\u00f3nica que afecta a un alto porcentaje de la poblaci\u00f3n mundial, siendo los ni\u00f1os los m\u00e1s vulnerables a esta enfermedad. Seg\u00fan la Organizaci\u00f3n Mundial de la Salud, son aproximadamente 235 millones los afectados por este mal a nivel global.<\/p>\n\n\n\n<p>Aunque el asma puede manifestarse con un nivel de frecuencia y complejidad que puede variar de un individuo a otro, si es importante tener en cuenta, que una vez que se manifiestan los s\u00edntomas hay que tomar las medidas preventivas para que el brote asm\u00e1tico no vaya a mayores.<\/p>\n\n\n\n<p>En este sentido, es esencial que las personas aprendan a detectarlos y controlarlos y para ello deber\u00e1n:<\/p>\n\n\n\n<ul class=\"wp-block-list\"><li>Seguir al pie de la letra el tratamiento que ha sido prescrito por el m\u00e9dico.<\/li><li>Asistir de forma peri\u00f3dica a los controles m\u00e9dicos.<\/li><li>Usar los controles en caso de manifestarse una crisis o un brote de la enfermedad.<\/li><li>Evitar los factores externos que puedan incidir en una crisis de asma.<\/li><\/ul>\n\n\n\n<p>seryhumano.com<\/p>\n\n\n\n<p>Si quiere recibir en su celular esta y otras informaciones y art\u00edculos descargue Telegram, ingrese al link <a href=\"htts:\/\/t.ime\/seryhumano\">htts:\/\/t.ime\/seryhumano<\/a> y dele clic a +Unirme<\/p>\n","protected":false},"excerpt":{"rendered":"<p>Para celebrar este d\u00eda solo bastar\u00e1 con crear conciencia de la importancia que tiene el tomar las debidas precauciones contra una enfermedad cr\u00f3nica, que afecta a tantas personas en el mundo. El primer martes de mayo se celebra el D\u00eda Mundial del Asma, un evento organizado por GINA (Iniciativa Global para el Asma). El objetivo&hellip;<\/p>\n","protected":false},"author":305,"featured_media":34330,"comment_status":"closed","ping_status":"closed","sticky":false,"template":"","format":"standard","meta":{"footnotes":""},"categories":[120],"tags":[],"class_list":["post-34329","post","type-post","status-publish","format-standard","has-post-thumbnail","hentry","category-ser-saludable","category-120","description-off"],"yoast_head":"<!-- This site is optimized with the Yoast SEO plugin v25.4 - https:\/\/yoast.com\/wordpress\/plugins\/seo\/ -->\n<title>D\u00eda Mundial del Asma &#187; SeryHumano.com<\/title>\n<meta name=\"description\" content=\"Para celebrar el D\u00eda Mundial del Asma solo bastar\u00e1 con crear conciencia de la importancia que tiene el tomar las debidas precauciones contra una enfermedad\" \/>\n<meta name=\"robots\" content=\"index, follow, max-snippet:-1, max-image-preview:large, max-video-preview:-1\" \/>\n<link rel=\"canonical\" href=\"https:\/\/seryhumano.com\/web\/?p=34329\" \/>\n<meta property=\"og:locale\" content=\"es_ES\" \/>\n<meta property=\"og:type\" content=\"article\" \/>\n<meta property=\"og:title\" content=\"D\u00eda Mundial del Asma &#187; SeryHumano.com\" \/>\n<meta property=\"og:description\" content=\"Para celebrar el D\u00eda Mundial del Asma solo bastar\u00e1 con crear conciencia de la importancia que tiene el tomar las debidas precauciones contra una enfermedad\" \/>\n<meta property=\"og:url\" content=\"https:\/\/seryhumano.com\/web\/?p=34329\" \/>\n<meta property=\"og:site_name\" content=\"SeryHumano.com\" \/>\n<meta property=\"article:publisher\" content=\"https:\/\/www.facebook.com\/seryhumano\/\" \/>\n<meta property=\"article:published_time\" content=\"2020-05-05T14:02:43+00:00\" \/>\n<meta property=\"article:modified_time\" content=\"2020-05-05T14:02:45+00:00\" \/>\n<meta property=\"og:image\" content=\"https:\/\/seryhumano.com\/web\/wp-content\/uploads\/2020\/05\/Asma.png\" \/>\n\t<meta property=\"og:image:width\" content=\"1280\" \/>\n\t<meta property=\"og:image:height\" content=\"1280\" \/>\n\t<meta property=\"og:image:type\" content=\"image\/png\" \/>\n<meta name=\"author\" content=\"Redacci\u00f3n SeryHumano.com\" \/>\n<meta name=\"twitter:card\" content=\"summary_large_image\" \/>\n<meta name=\"twitter:creator\" content=\"@SeryHumano\" \/>\n<meta name=\"twitter:site\" content=\"@SeryHumano\" \/>\n<meta name=\"twitter:label1\" content=\"Escrito por\" \/>\n\t<meta name=\"twitter:data1\" content=\"Redacci\u00f3n SeryHumano.com\" \/>\n\t<meta name=\"twitter:label2\" content=\"Tiempo de lectura\" \/>\n\t<meta name=\"twitter:data2\" content=\"3 minutos\" \/>\n<script type=\"application\/ld+json\" class=\"yoast-schema-graph\">{\"@context\":\"https:\/\/schema.org\",\"@graph\":[{\"@type\":\"Article\",\"@id\":\"https:\/\/seryhumano.com\/web\/?p=34329#article\",\"isPartOf\":{\"@id\":\"https:\/\/seryhumano.com\/web\/?p=34329\"},\"author\":{\"name\":\"Redacci\u00f3n SeryHumano.com\",\"@id\":\"https:\/\/seryhumano.com\/web\/#\/schema\/person\/f4adb88e2944ce8c1d005724eb1186d6\"},\"headline\":\"D\u00eda Mundial del Asma\",\"datePublished\":\"2020-05-05T14:02:43+00:00\",\"dateModified\":\"2020-05-05T14:02:45+00:00\",\"mainEntityOfPage\":{\"@id\":\"https:\/\/seryhumano.com\/web\/?p=34329\"},\"wordCount\":577,\"publisher\":{\"@id\":\"https:\/\/seryhumano.com\/web\/#organization\"},\"image\":{\"@id\":\"https:\/\/seryhumano.com\/web\/?p=34329#primaryimage\"},\"thumbnailUrl\":\"https:\/\/seryhumano.com\/web\/wp-content\/uploads\/2020\/05\/Asma.png\",\"articleSection\":[\"Ser Saludable\"],\"inLanguage\":\"es\"},{\"@type\":\"WebPage\",\"@id\":\"https:\/\/seryhumano.com\/web\/?p=34329\",\"url\":\"https:\/\/seryhumano.com\/web\/?p=34329\",\"name\":\"D\u00eda Mundial del Asma &#187; SeryHumano.com\",\"isPartOf\":{\"@id\":\"https:\/\/seryhumano.com\/web\/#website\"},\"primaryImageOfPage\":{\"@id\":\"https:\/\/seryhumano.com\/web\/?p=34329#primaryimage\"},\"image\":{\"@id\":\"https:\/\/seryhumano.com\/web\/?p=34329#primaryimage\"},\"thumbnailUrl\":\"https:\/\/seryhumano.com\/web\/wp-content\/uploads\/2020\/05\/Asma.png\",\"datePublished\":\"2020-05-05T14:02:43+00:00\",\"dateModified\":\"2020-05-05T14:02:45+00:00\",\"description\":\"Para celebrar el D\u00eda Mundial del Asma solo bastar\u00e1 con crear conciencia de la importancia que tiene el tomar las debidas precauciones contra una enfermedad\",\"breadcrumb\":{\"@id\":\"https:\/\/seryhumano.com\/web\/?p=34329#breadcrumb\"},\"inLanguage\":\"es\",\"potentialAction\":[{\"@type\":\"ReadAction\",\"target\":[\"https:\/\/seryhumano.com\/web\/?p=34329\"]}]},{\"@type\":\"ImageObject\",\"inLanguage\":\"es\",\"@id\":\"https:\/\/seryhumano.com\/web\/?p=34329#primaryimage\",\"url\":\"https:\/\/seryhumano.com\/web\/wp-content\/uploads\/2020\/05\/Asma.png\",\"contentUrl\":\"https:\/\/seryhumano.com\/web\/wp-content\/uploads\/2020\/05\/Asma.png\",\"width\":1280,\"height\":1280},{\"@type\":\"BreadcrumbList\",\"@id\":\"https:\/\/seryhumano.com\/web\/?p=34329#breadcrumb\",\"itemListElement\":[{\"@type\":\"ListItem\",\"position\":1,\"name\":\"Portada\",\"item\":\"https:\/\/seryhumano.com\/web\/\"},{\"@type\":\"ListItem\",\"position\":2,\"name\":\"D\u00eda Mundial del Asma\"}]},{\"@type\":\"WebSite\",\"@id\":\"https:\/\/seryhumano.com\/web\/#website\",\"url\":\"https:\/\/seryhumano.com\/web\/\",\"name\":\"SeryHumano.com\",\"description\":\"Revista digital muy humana, donde lo mas importante es el Ser...\",\"publisher\":{\"@id\":\"https:\/\/seryhumano.com\/web\/#organization\"},\"potentialAction\":[{\"@type\":\"SearchAction\",\"target\":{\"@type\":\"EntryPoint\",\"urlTemplate\":\"https:\/\/seryhumano.com\/web\/?s={search_term_string}\"},\"query-input\":{\"@type\":\"PropertyValueSpecification\",\"valueRequired\":true,\"valueName\":\"search_term_string\"}}],\"inLanguage\":\"es\"},{\"@type\":\"Organization\",\"@id\":\"https:\/\/seryhumano.com\/web\/#organization\",\"name\":\"SeryHumano.com\",\"url\":\"https:\/\/seryhumano.com\/web\/\",\"logo\":{\"@type\":\"ImageObject\",\"inLanguage\":\"es\",\"@id\":\"https:\/\/seryhumano.com\/web\/#\/schema\/logo\/image\/\",\"url\":\"https:\/\/seryhumano.com\/web\/wp-content\/uploads\/2020\/02\/JNe5VRwH_400x400-2.jpg\",\"contentUrl\":\"https:\/\/seryhumano.com\/web\/wp-content\/uploads\/2020\/02\/JNe5VRwH_400x400-2.jpg\",\"width\":400,\"height\":400,\"caption\":\"SeryHumano.com\"},\"image\":{\"@id\":\"https:\/\/seryhumano.com\/web\/#\/schema\/logo\/image\/\"},\"sameAs\":[\"https:\/\/www.facebook.com\/seryhumano\/\",\"https:\/\/x.com\/SeryHumano\",\"https:\/\/www.instagram.com\/seryhumano\/\",\"https:\/\/www.linkedin.com\/company\/seryhumano-com\/\",\"https:\/\/www.youtube.com\/channel\/UCYfgIGSxygVnJAW0e9ZBZWg\"]},{\"@type\":\"Person\",\"@id\":\"https:\/\/seryhumano.com\/web\/#\/schema\/person\/f4adb88e2944ce8c1d005724eb1186d6\",\"name\":\"Redacci\u00f3n SeryHumano.com\",\"sameAs\":[\"http:\/\/seryhumano.com\"],\"url\":\"https:\/\/seryhumano.com\/web\/?author=305\"}]}<\/script>\n<!-- \/ Yoast SEO plugin. -->","yoast_head_json":{"title":"D\u00eda Mundial del Asma &#187; SeryHumano.com","description":"Para celebrar el D\u00eda Mundial del Asma solo bastar\u00e1 con crear conciencia de la importancia que tiene el tomar las debidas precauciones contra una enfermedad","robots":{"index":"index","follow":"follow","max-snippet":"max-snippet:-1","max-image-preview":"max-image-preview:large","max-video-preview":"max-video-preview:-1"},"canonical":"https:\/\/seryhumano.com\/web\/?p=34329","og_locale":"es_ES","og_type":"article","og_title":"D\u00eda Mundial del Asma &#187; SeryHumano.com","og_description":"Para celebrar el D\u00eda Mundial del Asma solo bastar\u00e1 con crear conciencia de la importancia que tiene el tomar las debidas precauciones contra una enfermedad","og_url":"https:\/\/seryhumano.com\/web\/?p=34329","og_site_name":"SeryHumano.com","article_publisher":"https:\/\/www.facebook.com\/seryhumano\/","article_published_time":"2020-05-05T14:02:43+00:00","article_modified_time":"2020-05-05T14:02:45+00:00","og_image":[{"width":1280,"height":1280,"url":"https:\/\/seryhumano.com\/web\/wp-content\/uploads\/2020\/05\/Asma.png","type":"image\/png"}],"author":"Redacci\u00f3n SeryHumano.com","twitter_card":"summary_large_image","twitter_creator":"@SeryHumano","twitter_site":"@SeryHumano","twitter_misc":{"Escrito por":"Redacci\u00f3n SeryHumano.com","Tiempo de lectura":"3 minutos"},"schema":{"@context":"https:\/\/schema.org","@graph":[{"@type":"Article","@id":"https:\/\/seryhumano.com\/web\/?p=34329#article","isPartOf":{"@id":"https:\/\/seryhumano.com\/web\/?p=34329"},"author":{"name":"Redacci\u00f3n SeryHumano.com","@id":"https:\/\/seryhumano.com\/web\/#\/schema\/person\/f4adb88e2944ce8c1d005724eb1186d6"},"headline":"D\u00eda Mundial del Asma","datePublished":"2020-05-05T14:02:43+00:00","dateModified":"2020-05-05T14:02:45+00:00","mainEntityOfPage":{"@id":"https:\/\/seryhumano.com\/web\/?p=34329"},"wordCount":577,"publisher":{"@id":"https:\/\/seryhumano.com\/web\/#organization"},"image":{"@id":"https:\/\/seryhumano.com\/web\/?p=34329#primaryimage"},"thumbnailUrl":"https:\/\/seryhumano.com\/web\/wp-content\/uploads\/2020\/05\/Asma.png","articleSection":["Ser Saludable"],"inLanguage":"es"},{"@type":"WebPage","@id":"https:\/\/seryhumano.com\/web\/?p=34329","url":"https:\/\/seryhumano.com\/web\/?p=34329","name":"D\u00eda Mundial del Asma &#187; SeryHumano.com","isPartOf":{"@id":"https:\/\/seryhumano.com\/web\/#website"},"primaryImageOfPage":{"@id":"https:\/\/seryhumano.com\/web\/?p=34329#primaryimage"},"image":{"@id":"https:\/\/seryhumano.com\/web\/?p=34329#primaryimage"},"thumbnailUrl":"https:\/\/seryhumano.com\/web\/wp-content\/uploads\/2020\/05\/Asma.png","datePublished":"2020-05-05T14:02:43+00:00","dateModified":"2020-05-05T14:02:45+00:00","description":"Para celebrar el D\u00eda Mundial del Asma solo bastar\u00e1 con crear conciencia de la importancia que tiene el tomar las debidas precauciones contra una enfermedad","breadcrumb":{"@id":"https:\/\/seryhumano.com\/web\/?p=34329#breadcrumb"},"inLanguage":"es","potentialAction":[{"@type":"ReadAction","target":["https:\/\/seryhumano.com\/web\/?p=34329"]}]},{"@type":"ImageObject","inLanguage":"es","@id":"https:\/\/seryhumano.com\/web\/?p=34329#primaryimage","url":"https:\/\/seryhumano.com\/web\/wp-content\/uploads\/2020\/05\/Asma.png","contentUrl":"https:\/\/seryhumano.com\/web\/wp-content\/uploads\/2020\/05\/Asma.png","width":1280,"height":1280},{"@type":"BreadcrumbList","@id":"https:\/\/seryhumano.com\/web\/?p=34329#breadcrumb","itemListElement":[{"@type":"ListItem","position":1,"name":"Portada","item":"https:\/\/seryhumano.com\/web\/"},{"@type":"ListItem","position":2,"name":"D\u00eda Mundial del Asma"}]},{"@type":"WebSite","@id":"https:\/\/seryhumano.com\/web\/#website","url":"https:\/\/seryhumano.com\/web\/","name":"SeryHumano.com","description":"Revista digital muy humana, donde lo mas importante es el Ser...","publisher":{"@id":"https:\/\/seryhumano.com\/web\/#organization"},"potentialAction":[{"@type":"SearchAction","target":{"@type":"EntryPoint","urlTemplate":"https:\/\/seryhumano.com\/web\/?s={search_term_string}"},"query-input":{"@type":"PropertyValueSpecification","valueRequired":true,"valueName":"search_term_string"}}],"inLanguage":"es"},{"@type":"Organization","@id":"https:\/\/seryhumano.com\/web\/#organization","name":"SeryHumano.com","url":"https:\/\/seryhumano.com\/web\/","logo":{"@type":"ImageObject","inLanguage":"es","@id":"https:\/\/seryhumano.com\/web\/#\/schema\/logo\/image\/","url":"https:\/\/seryhumano.com\/web\/wp-content\/uploads\/2020\/02\/JNe5VRwH_400x400-2.jpg","contentUrl":"https:\/\/seryhumano.com\/web\/wp-content\/uploads\/2020\/02\/JNe5VRwH_400x400-2.jpg","width":400,"height":400,"caption":"SeryHumano.com"},"image":{"@id":"https:\/\/seryhumano.com\/web\/#\/schema\/logo\/image\/"},"sameAs":["https:\/\/www.facebook.com\/seryhumano\/","https:\/\/x.com\/SeryHumano","https:\/\/www.instagram.com\/seryhumano\/","https:\/\/www.linkedin.com\/company\/seryhumano-com\/","https:\/\/www.youtube.com\/channel\/UCYfgIGSxygVnJAW0e9ZBZWg"]},{"@type":"Person","@id":"https:\/\/seryhumano.com\/web\/#\/schema\/person\/f4adb88e2944ce8c1d005724eb1186d6","name":"Redacci\u00f3n SeryHumano.com","sameAs":["http:\/\/seryhumano.com"],"url":"https:\/\/seryhumano.com\/web\/?author=305"}]}},"_links":{"self":[{"href":"https:\/\/seryhumano.com\/web\/index.php?rest_route=\/wp\/v2\/posts\/34329","targetHints":{"allow":["GET"]}}],"collection":[{"href":"https:\/\/seryhumano.com\/web\/index.php?rest_route=\/wp\/v2\/posts"}],"about":[{"href":"https:\/\/seryhumano.com\/web\/index.php?rest_route=\/wp\/v2\/types\/post"}],"author":[{"embeddable":true,"href":"https:\/\/seryhumano.com\/web\/index.php?rest_route=\/wp\/v2\/users\/305"}],"replies":[{"embeddable":true,"href":"https:\/\/seryhumano.com\/web\/index.php?rest_route=%2Fwp%2Fv2%2Fcomments&post=34329"}],"version-history":[{"count":0,"href":"https:\/\/seryhumano.com\/web\/index.php?rest_route=\/wp\/v2\/posts\/34329\/revisions"}],"wp:featuredmedia":[{"embeddable":true,"href":"https:\/\/seryhumano.com\/web\/index.php?rest_route=\/wp\/v2\/media\/34330"}],"wp:attachment":[{"href":"https:\/\/seryhumano.com\/web\/index.php?rest_route=%2Fwp%2Fv2%2Fmedia&parent=34329"}],"wp:term":[{"taxonomy":"category","embeddable":true,"href":"https:\/\/seryhumano.com\/web\/index.php?rest_route=%2Fwp%2Fv2%2Fcategories&post=34329"},{"taxonomy":"post_tag","embeddable":true,"href":"https:\/\/seryhumano.com\/web\/index.php?rest_route=%2Fwp%2Fv2%2Ftags&post=34329"}],"curies":[{"name":"wp","href":"https:\/\/api.w.org\/{rel}","templated":true}]}}