{"id":34436,"date":"2020-05-08T07:38:28","date_gmt":"2020-05-08T12:08:28","guid":{"rendered":"https:\/\/seryhumano.com\/web\/?p=34436"},"modified":"2020-05-08T07:38:32","modified_gmt":"2020-05-08T12:08:32","slug":"dia-mundial-de-la-cruz-roja-y-de-la-media-luna-roja","status":"publish","type":"post","link":"https:\/\/seryhumano.com\/web\/?p=34436","title":{"rendered":"D\u00eda Mundial de la Cruz Roja y de la Media Luna Roja"},"content":{"rendered":"\n<h2 class=\"has-text-align-center wp-block-heading\"><strong>El 8 de mayo se celebra el D\u00eda Mundial de la Cruz Roja y de la Media Luna Roja en conmemoraci\u00f3n del nacimiento de Henry Dunant, el fundador de la Cruz Roja.<\/strong><\/h2>\n\n\n\n<div class=\"wp-block-image\"><figure class=\"aligncenter size-large\"><img loading=\"lazy\" decoding=\"async\" width=\"1024\" height=\"776\" src=\"https:\/\/seryhumano.com\/web\/wp-content\/uploads\/2020\/05\/D\u00eda-Mundial-de-la-Cruz-Roja-1024x776.png\" alt=\"D\u00eda Mundial\" class=\"wp-image-34437\" srcset=\"https:\/\/seryhumano.com\/web\/wp-content\/uploads\/2020\/05\/D\u00eda-Mundial-de-la-Cruz-Roja-1024x776.png 1024w, https:\/\/seryhumano.com\/web\/wp-content\/uploads\/2020\/05\/D\u00eda-Mundial-de-la-Cruz-Roja-300x227.png 300w, https:\/\/seryhumano.com\/web\/wp-content\/uploads\/2020\/05\/D\u00eda-Mundial-de-la-Cruz-Roja-768x582.png 768w, https:\/\/seryhumano.com\/web\/wp-content\/uploads\/2020\/05\/D\u00eda-Mundial-de-la-Cruz-Roja-1536x1164.png 1536w, https:\/\/seryhumano.com\/web\/wp-content\/uploads\/2020\/05\/D\u00eda-Mundial-de-la-Cruz-Roja.png 1600w\" sizes=\"auto, (max-width: 1024px) 100vw, 1024px\" \/><\/figure><\/div>\n\n\n\n<p>El objetivo de este d\u00eda es reconocer la encomiable labor de voluntarios y empleados que todos los d\u00edas salvan vidas, ayudan a los m\u00e1s desfavorecidos y cambian mentalidades.<\/p>\n\n\n\n<h2 class=\"wp-block-heading\"><strong>\u00bfQu\u00e9 es la Cruz Roja y Media Luna Roja?<\/strong><\/h2>\n\n\n\n<p>Se trata de la red humanitaria m\u00e1s grande del mundo. Cuenta con empleados y voluntarios que desde las comunidades ayudan a las personas m\u00e1s necesitadas y vulnerables del mundo, aquellas que viven en pa\u00edses con pocos recursos sanitarios y econ\u00f3micos, las que han sufrido de primera mano alguna cat\u00e1strofe clim\u00e1tica o como consecuencia de guerras, refugiados y desplazados.<\/p>\n\n\n\n<p>Quiz\u00e1s desee leer: <a href=\"https:\/\/seryhumano.com\/web\/dia-del-kinesiologo-y-el-nutricionista\/\">D\u00cdA DEL KINESI\u00d3LOGO Y EL NUTRICIONISTA<\/a><\/p>\n\n\n\n<p>Tambi\u00e9n act\u00faan en las ciudades, en los barrios m\u00e1s marginales.<\/p>\n\n\n\n<p>Su emblema de la cruz roja sobre fondo blanco es reconocido en todo el mundo como s\u00edmbolo de ayuda humanitaria y suele ser respetado en todas las circunstancias, para que puedan desarrollar su labor en pa\u00edses en conflicto.<\/p>\n\n\n\n<h2 class=\"wp-block-heading\"><strong>Origen humanitario de la Cruz Roja<\/strong><\/h2>\n\n\n\n<p>Henry Dunant era un banquero suizo que, mientras se dedicaba a sus negocios en Argelia, viaj\u00f3 al Norte de Italia en el mismo momento en que all\u00ed se enfrentaban los ej\u00e9rcitos austriaco, franc\u00e9s y piamont\u00e9s.<\/p>\n\n\n\n<p>Al anochecer, visit\u00f3 el campo de batalla de Solferino, el 24 de junio de 1859. All\u00ed yac\u00edan 40.000 hombres pr\u00e1cticamente abandonados a su suerte.<\/p>\n\n\n\n<p>Dunant vio morir a muchos hombres sin asistencia de ning\u00fan tipo, y, ayudado por gente de las poblaciones cercanas, se dedic\u00f3 a socorrerlos y atenderlos, sin importar de qu\u00e9 bando eran, usando el lema Tutti fratelli (Todos hermanos) acu\u00f1ado por las mujeres de la cercana ciudad de Castiglione dello Stiviere.<\/p>\n\n\n\n<p>Qued\u00f3 tan impresionado por esta experiencia que tres a\u00f1os despu\u00e9s public\u00f3 sus reflexiones para ayudar en situaciones parecidas, en un libro titulado <strong><em><a href=\"https:\/\/volunteeringredcross.org\/wp-content\/uploads\/2019\/09\/Un-recuerdo-de-Solferino-Henry-Dunant.pdf\">Un recuerdo de Solferino<\/a><\/em><\/strong>. Un libro que fue el germen de la Cruz Roja.<\/p>\n\n\n\n<h2 class=\"wp-block-heading\"><strong>Situaciones en las que act\u00faa la Cruz Roja y la Media Luna Roja<\/strong><\/h2>\n\n\n\n<p>All\u00ed donde hay una necesidad de cubrir necesidades humanitarias, puedes encontrar a esta organizaci\u00f3n. Algunos de los eventos m\u00e1s importantes en los que act\u00faan los nombramos a continuaci\u00f3n:<\/p>\n\n\n\n<ul class=\"wp-block-list\"><li><strong>Desastres naturales<\/strong>: b\u00fasqueda y rescate de personas, atenci\u00f3n prehospitalaria, abastecimiento de agua y alojamiento de personas necesitadas.<\/li><\/ul>\n\n\n\n<ul class=\"wp-block-list\"><li><strong>Preparaci\u00f3n para desastres<\/strong>: recolecci\u00f3n de ropa, juguetes, medicamentos y alimentos, primeros auxilios y donaciones voluntarias.<\/li><\/ul>\n\n\n\n<ul class=\"wp-block-list\"><li><strong>Mejora de los servicios de salud<\/strong>: donaci\u00f3n de sangre, servicio de ambulancias, servicios m\u00e9dicos y psicol\u00f3gicos.<\/li><\/ul>\n\n\n\n<ul class=\"wp-block-list\"><li><strong>Inclusi\u00f3n social y empleo en comunidades desfavorecidas.<\/strong><\/li><\/ul>\n\n\n\n<p>seryhumano.com<\/p>\n\n\n\n<p>Si quiere recibir en su celular esta y otras informaciones y art\u00edculos descargue Telegram, ingrese al link <a href=\"htts:\/\/t.ime\/seryhumano\">htts:\/\/t.ime\/seryhumano<\/a> y dele clic a +Unirme<\/p>\n","protected":false},"excerpt":{"rendered":"<p>El 8 de mayo se celebra el D\u00eda Mundial de la Cruz Roja y de la Media Luna Roja en conmemoraci\u00f3n del nacimiento de Henry Dunant, el fundador de la Cruz Roja. El objetivo de este d\u00eda es reconocer la encomiable labor de voluntarios y empleados que todos los d\u00edas salvan vidas, ayudan a los&hellip;<\/p>\n","protected":false},"author":305,"featured_media":34437,"comment_status":"closed","ping_status":"closed","sticky":false,"template":"","format":"standard","meta":{"footnotes":""},"categories":[122],"tags":[],"class_list":["post-34436","post","type-post","status-publish","format-standard","has-post-thumbnail","hentry","category-cultura","category-122","description-off"],"yoast_head":"<!-- This site is optimized with the Yoast SEO plugin v25.4 - https:\/\/yoast.com\/wordpress\/plugins\/seo\/ -->\n<title>D\u00eda Mundial de la Cruz Roja y de la Media Luna Roja &#187; SeryHumano.com<\/title>\n<meta name=\"description\" content=\"D\u00eda Mundial de la Cruz Roja y de la Media Luna Roja. El objetivo de este d\u00eda es reconocer la encomiable labor de voluntarios y empleados que todos los d\u00edas\" \/>\n<meta name=\"robots\" content=\"index, follow, max-snippet:-1, max-image-preview:large, max-video-preview:-1\" \/>\n<link rel=\"canonical\" href=\"https:\/\/seryhumano.com\/web\/?p=34436\" \/>\n<meta property=\"og:locale\" content=\"es_ES\" \/>\n<meta property=\"og:type\" content=\"article\" \/>\n<meta property=\"og:title\" content=\"D\u00eda Mundial de la Cruz Roja y de la Media Luna Roja &#187; SeryHumano.com\" \/>\n<meta property=\"og:description\" content=\"D\u00eda Mundial de la Cruz Roja y de la Media Luna Roja. El objetivo de este d\u00eda es reconocer la encomiable labor de voluntarios y empleados que todos los d\u00edas\" \/>\n<meta property=\"og:url\" content=\"https:\/\/seryhumano.com\/web\/?p=34436\" \/>\n<meta property=\"og:site_name\" content=\"SeryHumano.com\" \/>\n<meta property=\"article:publisher\" content=\"https:\/\/www.facebook.com\/seryhumano\/\" \/>\n<meta property=\"article:published_time\" content=\"2020-05-08T12:08:28+00:00\" \/>\n<meta property=\"article:modified_time\" content=\"2020-05-08T12:08:32+00:00\" \/>\n<meta property=\"og:image\" content=\"https:\/\/seryhumano.com\/web\/wp-content\/uploads\/2020\/05\/D\u00eda-Mundial-de-la-Cruz-Roja.png\" \/>\n\t<meta property=\"og:image:width\" content=\"1600\" \/>\n\t<meta property=\"og:image:height\" content=\"1212\" \/>\n\t<meta property=\"og:image:type\" content=\"image\/png\" \/>\n<meta name=\"author\" content=\"Redacci\u00f3n SeryHumano.com\" \/>\n<meta name=\"twitter:card\" content=\"summary_large_image\" \/>\n<meta name=\"twitter:creator\" content=\"@SeryHumano\" \/>\n<meta name=\"twitter:site\" content=\"@SeryHumano\" \/>\n<meta name=\"twitter:label1\" content=\"Escrito por\" \/>\n\t<meta name=\"twitter:data1\" content=\"Redacci\u00f3n SeryHumano.com\" \/>\n\t<meta name=\"twitter:label2\" content=\"Tiempo de lectura\" \/>\n\t<meta name=\"twitter:data2\" content=\"2 minutos\" \/>\n<script type=\"application\/ld+json\" class=\"yoast-schema-graph\">{\"@context\":\"https:\/\/schema.org\",\"@graph\":[{\"@type\":\"Article\",\"@id\":\"https:\/\/seryhumano.com\/web\/?p=34436#article\",\"isPartOf\":{\"@id\":\"https:\/\/seryhumano.com\/web\/?p=34436\"},\"author\":{\"name\":\"Redacci\u00f3n SeryHumano.com\",\"@id\":\"https:\/\/seryhumano.com\/web\/#\/schema\/person\/f4adb88e2944ce8c1d005724eb1186d6\"},\"headline\":\"D\u00eda Mundial de la Cruz Roja y de la Media Luna Roja\",\"datePublished\":\"2020-05-08T12:08:28+00:00\",\"dateModified\":\"2020-05-08T12:08:32+00:00\",\"mainEntityOfPage\":{\"@id\":\"https:\/\/seryhumano.com\/web\/?p=34436\"},\"wordCount\":510,\"publisher\":{\"@id\":\"https:\/\/seryhumano.com\/web\/#organization\"},\"image\":{\"@id\":\"https:\/\/seryhumano.com\/web\/?p=34436#primaryimage\"},\"thumbnailUrl\":\"https:\/\/seryhumano.com\/web\/wp-content\/uploads\/2020\/05\/D\u00eda-Mundial-de-la-Cruz-Roja.png\",\"articleSection\":[\"Cultura del Ser\"],\"inLanguage\":\"es\"},{\"@type\":\"WebPage\",\"@id\":\"https:\/\/seryhumano.com\/web\/?p=34436\",\"url\":\"https:\/\/seryhumano.com\/web\/?p=34436\",\"name\":\"D\u00eda Mundial de la Cruz Roja y de la Media Luna Roja &#187; SeryHumano.com\",\"isPartOf\":{\"@id\":\"https:\/\/seryhumano.com\/web\/#website\"},\"primaryImageOfPage\":{\"@id\":\"https:\/\/seryhumano.com\/web\/?p=34436#primaryimage\"},\"image\":{\"@id\":\"https:\/\/seryhumano.com\/web\/?p=34436#primaryimage\"},\"thumbnailUrl\":\"https:\/\/seryhumano.com\/web\/wp-content\/uploads\/2020\/05\/D\u00eda-Mundial-de-la-Cruz-Roja.png\",\"datePublished\":\"2020-05-08T12:08:28+00:00\",\"dateModified\":\"2020-05-08T12:08:32+00:00\",\"description\":\"D\u00eda Mundial de la Cruz Roja y de la Media Luna Roja. El objetivo de este d\u00eda es reconocer la encomiable labor de voluntarios y empleados que todos los d\u00edas\",\"breadcrumb\":{\"@id\":\"https:\/\/seryhumano.com\/web\/?p=34436#breadcrumb\"},\"inLanguage\":\"es\",\"potentialAction\":[{\"@type\":\"ReadAction\",\"target\":[\"https:\/\/seryhumano.com\/web\/?p=34436\"]}]},{\"@type\":\"ImageObject\",\"inLanguage\":\"es\",\"@id\":\"https:\/\/seryhumano.com\/web\/?p=34436#primaryimage\",\"url\":\"https:\/\/seryhumano.com\/web\/wp-content\/uploads\/2020\/05\/D\u00eda-Mundial-de-la-Cruz-Roja.png\",\"contentUrl\":\"https:\/\/seryhumano.com\/web\/wp-content\/uploads\/2020\/05\/D\u00eda-Mundial-de-la-Cruz-Roja.png\",\"width\":1600,\"height\":1212},{\"@type\":\"BreadcrumbList\",\"@id\":\"https:\/\/seryhumano.com\/web\/?p=34436#breadcrumb\",\"itemListElement\":[{\"@type\":\"ListItem\",\"position\":1,\"name\":\"Portada\",\"item\":\"https:\/\/seryhumano.com\/web\/\"},{\"@type\":\"ListItem\",\"position\":2,\"name\":\"D\u00eda Mundial de la Cruz Roja y de la Media Luna Roja\"}]},{\"@type\":\"WebSite\",\"@id\":\"https:\/\/seryhumano.com\/web\/#website\",\"url\":\"https:\/\/seryhumano.com\/web\/\",\"name\":\"SeryHumano.com\",\"description\":\"Revista digital muy humana, donde lo mas importante es el Ser...\",\"publisher\":{\"@id\":\"https:\/\/seryhumano.com\/web\/#organization\"},\"potentialAction\":[{\"@type\":\"SearchAction\",\"target\":{\"@type\":\"EntryPoint\",\"urlTemplate\":\"https:\/\/seryhumano.com\/web\/?s={search_term_string}\"},\"query-input\":{\"@type\":\"PropertyValueSpecification\",\"valueRequired\":true,\"valueName\":\"search_term_string\"}}],\"inLanguage\":\"es\"},{\"@type\":\"Organization\",\"@id\":\"https:\/\/seryhumano.com\/web\/#organization\",\"name\":\"SeryHumano.com\",\"url\":\"https:\/\/seryhumano.com\/web\/\",\"logo\":{\"@type\":\"ImageObject\",\"inLanguage\":\"es\",\"@id\":\"https:\/\/seryhumano.com\/web\/#\/schema\/logo\/image\/\",\"url\":\"https:\/\/seryhumano.com\/web\/wp-content\/uploads\/2020\/02\/JNe5VRwH_400x400-2.jpg\",\"contentUrl\":\"https:\/\/seryhumano.com\/web\/wp-content\/uploads\/2020\/02\/JNe5VRwH_400x400-2.jpg\",\"width\":400,\"height\":400,\"caption\":\"SeryHumano.com\"},\"image\":{\"@id\":\"https:\/\/seryhumano.com\/web\/#\/schema\/logo\/image\/\"},\"sameAs\":[\"https:\/\/www.facebook.com\/seryhumano\/\",\"https:\/\/x.com\/SeryHumano\",\"https:\/\/www.instagram.com\/seryhumano\/\",\"https:\/\/www.linkedin.com\/company\/seryhumano-com\/\",\"https:\/\/www.youtube.com\/channel\/UCYfgIGSxygVnJAW0e9ZBZWg\"]},{\"@type\":\"Person\",\"@id\":\"https:\/\/seryhumano.com\/web\/#\/schema\/person\/f4adb88e2944ce8c1d005724eb1186d6\",\"name\":\"Redacci\u00f3n SeryHumano.com\",\"sameAs\":[\"http:\/\/seryhumano.com\"],\"url\":\"https:\/\/seryhumano.com\/web\/?author=305\"}]}<\/script>\n<!-- \/ Yoast SEO plugin. -->","yoast_head_json":{"title":"D\u00eda Mundial de la Cruz Roja y de la Media Luna Roja &#187; SeryHumano.com","description":"D\u00eda Mundial de la Cruz Roja y de la Media Luna Roja. El objetivo de este d\u00eda es reconocer la encomiable labor de voluntarios y empleados que todos los d\u00edas","robots":{"index":"index","follow":"follow","max-snippet":"max-snippet:-1","max-image-preview":"max-image-preview:large","max-video-preview":"max-video-preview:-1"},"canonical":"https:\/\/seryhumano.com\/web\/?p=34436","og_locale":"es_ES","og_type":"article","og_title":"D\u00eda Mundial de la Cruz Roja y de la Media Luna Roja &#187; SeryHumano.com","og_description":"D\u00eda Mundial de la Cruz Roja y de la Media Luna Roja. El objetivo de este d\u00eda es reconocer la encomiable labor de voluntarios y empleados que todos los d\u00edas","og_url":"https:\/\/seryhumano.com\/web\/?p=34436","og_site_name":"SeryHumano.com","article_publisher":"https:\/\/www.facebook.com\/seryhumano\/","article_published_time":"2020-05-08T12:08:28+00:00","article_modified_time":"2020-05-08T12:08:32+00:00","og_image":[{"width":1600,"height":1212,"url":"https:\/\/seryhumano.com\/web\/wp-content\/uploads\/2020\/05\/D\u00eda-Mundial-de-la-Cruz-Roja.png","type":"image\/png"}],"author":"Redacci\u00f3n SeryHumano.com","twitter_card":"summary_large_image","twitter_creator":"@SeryHumano","twitter_site":"@SeryHumano","twitter_misc":{"Escrito por":"Redacci\u00f3n SeryHumano.com","Tiempo de lectura":"2 minutos"},"schema":{"@context":"https:\/\/schema.org","@graph":[{"@type":"Article","@id":"https:\/\/seryhumano.com\/web\/?p=34436#article","isPartOf":{"@id":"https:\/\/seryhumano.com\/web\/?p=34436"},"author":{"name":"Redacci\u00f3n SeryHumano.com","@id":"https:\/\/seryhumano.com\/web\/#\/schema\/person\/f4adb88e2944ce8c1d005724eb1186d6"},"headline":"D\u00eda Mundial de la Cruz Roja y de la Media Luna Roja","datePublished":"2020-05-08T12:08:28+00:00","dateModified":"2020-05-08T12:08:32+00:00","mainEntityOfPage":{"@id":"https:\/\/seryhumano.com\/web\/?p=34436"},"wordCount":510,"publisher":{"@id":"https:\/\/seryhumano.com\/web\/#organization"},"image":{"@id":"https:\/\/seryhumano.com\/web\/?p=34436#primaryimage"},"thumbnailUrl":"https:\/\/seryhumano.com\/web\/wp-content\/uploads\/2020\/05\/D\u00eda-Mundial-de-la-Cruz-Roja.png","articleSection":["Cultura del Ser"],"inLanguage":"es"},{"@type":"WebPage","@id":"https:\/\/seryhumano.com\/web\/?p=34436","url":"https:\/\/seryhumano.com\/web\/?p=34436","name":"D\u00eda Mundial de la Cruz Roja y de la Media Luna Roja &#187; SeryHumano.com","isPartOf":{"@id":"https:\/\/seryhumano.com\/web\/#website"},"primaryImageOfPage":{"@id":"https:\/\/seryhumano.com\/web\/?p=34436#primaryimage"},"image":{"@id":"https:\/\/seryhumano.com\/web\/?p=34436#primaryimage"},"thumbnailUrl":"https:\/\/seryhumano.com\/web\/wp-content\/uploads\/2020\/05\/D\u00eda-Mundial-de-la-Cruz-Roja.png","datePublished":"2020-05-08T12:08:28+00:00","dateModified":"2020-05-08T12:08:32+00:00","description":"D\u00eda Mundial de la Cruz Roja y de la Media Luna Roja. El objetivo de este d\u00eda es reconocer la encomiable labor de voluntarios y empleados que todos los d\u00edas","breadcrumb":{"@id":"https:\/\/seryhumano.com\/web\/?p=34436#breadcrumb"},"inLanguage":"es","potentialAction":[{"@type":"ReadAction","target":["https:\/\/seryhumano.com\/web\/?p=34436"]}]},{"@type":"ImageObject","inLanguage":"es","@id":"https:\/\/seryhumano.com\/web\/?p=34436#primaryimage","url":"https:\/\/seryhumano.com\/web\/wp-content\/uploads\/2020\/05\/D\u00eda-Mundial-de-la-Cruz-Roja.png","contentUrl":"https:\/\/seryhumano.com\/web\/wp-content\/uploads\/2020\/05\/D\u00eda-Mundial-de-la-Cruz-Roja.png","width":1600,"height":1212},{"@type":"BreadcrumbList","@id":"https:\/\/seryhumano.com\/web\/?p=34436#breadcrumb","itemListElement":[{"@type":"ListItem","position":1,"name":"Portada","item":"https:\/\/seryhumano.com\/web\/"},{"@type":"ListItem","position":2,"name":"D\u00eda Mundial de la Cruz Roja y de la Media Luna Roja"}]},{"@type":"WebSite","@id":"https:\/\/seryhumano.com\/web\/#website","url":"https:\/\/seryhumano.com\/web\/","name":"SeryHumano.com","description":"Revista digital muy humana, donde lo mas importante es el Ser...","publisher":{"@id":"https:\/\/seryhumano.com\/web\/#organization"},"potentialAction":[{"@type":"SearchAction","target":{"@type":"EntryPoint","urlTemplate":"https:\/\/seryhumano.com\/web\/?s={search_term_string}"},"query-input":{"@type":"PropertyValueSpecification","valueRequired":true,"valueName":"search_term_string"}}],"inLanguage":"es"},{"@type":"Organization","@id":"https:\/\/seryhumano.com\/web\/#organization","name":"SeryHumano.com","url":"https:\/\/seryhumano.com\/web\/","logo":{"@type":"ImageObject","inLanguage":"es","@id":"https:\/\/seryhumano.com\/web\/#\/schema\/logo\/image\/","url":"https:\/\/seryhumano.com\/web\/wp-content\/uploads\/2020\/02\/JNe5VRwH_400x400-2.jpg","contentUrl":"https:\/\/seryhumano.com\/web\/wp-content\/uploads\/2020\/02\/JNe5VRwH_400x400-2.jpg","width":400,"height":400,"caption":"SeryHumano.com"},"image":{"@id":"https:\/\/seryhumano.com\/web\/#\/schema\/logo\/image\/"},"sameAs":["https:\/\/www.facebook.com\/seryhumano\/","https:\/\/x.com\/SeryHumano","https:\/\/www.instagram.com\/seryhumano\/","https:\/\/www.linkedin.com\/company\/seryhumano-com\/","https:\/\/www.youtube.com\/channel\/UCYfgIGSxygVnJAW0e9ZBZWg"]},{"@type":"Person","@id":"https:\/\/seryhumano.com\/web\/#\/schema\/person\/f4adb88e2944ce8c1d005724eb1186d6","name":"Redacci\u00f3n SeryHumano.com","sameAs":["http:\/\/seryhumano.com"],"url":"https:\/\/seryhumano.com\/web\/?author=305"}]}},"_links":{"self":[{"href":"https:\/\/seryhumano.com\/web\/index.php?rest_route=\/wp\/v2\/posts\/34436","targetHints":{"allow":["GET"]}}],"collection":[{"href":"https:\/\/seryhumano.com\/web\/index.php?rest_route=\/wp\/v2\/posts"}],"about":[{"href":"https:\/\/seryhumano.com\/web\/index.php?rest_route=\/wp\/v2\/types\/post"}],"author":[{"embeddable":true,"href":"https:\/\/seryhumano.com\/web\/index.php?rest_route=\/wp\/v2\/users\/305"}],"replies":[{"embeddable":true,"href":"https:\/\/seryhumano.com\/web\/index.php?rest_route=%2Fwp%2Fv2%2Fcomments&post=34436"}],"version-history":[{"count":0,"href":"https:\/\/seryhumano.com\/web\/index.php?rest_route=\/wp\/v2\/posts\/34436\/revisions"}],"wp:featuredmedia":[{"embeddable":true,"href":"https:\/\/seryhumano.com\/web\/index.php?rest_route=\/wp\/v2\/media\/34437"}],"wp:attachment":[{"href":"https:\/\/seryhumano.com\/web\/index.php?rest_route=%2Fwp%2Fv2%2Fmedia&parent=34436"}],"wp:term":[{"taxonomy":"category","embeddable":true,"href":"https:\/\/seryhumano.com\/web\/index.php?rest_route=%2Fwp%2Fv2%2Fcategories&post=34436"},{"taxonomy":"post_tag","embeddable":true,"href":"https:\/\/seryhumano.com\/web\/index.php?rest_route=%2Fwp%2Fv2%2Ftags&post=34436"}],"curies":[{"name":"wp","href":"https:\/\/api.w.org\/{rel}","templated":true}]}}