{"id":34575,"date":"2020-05-28T13:26:49","date_gmt":"2020-05-28T17:56:49","guid":{"rendered":"https:\/\/seryhumano.com\/web\/?p=34575"},"modified":"2020-05-28T13:26:52","modified_gmt":"2020-05-28T17:56:52","slug":"plan-vuelta-a-la-patria-pone-en-riesgo-la-vida-de-los-venezolanos","status":"publish","type":"post","link":"https:\/\/seryhumano.com\/web\/?p=34575","title":{"rendered":"Plan Vuelta a la Patria pone en riesgo la vida de los venezolanos que regresan al pa\u00eds"},"content":{"rendered":"\n<h2 class=\"has-text-align-center wp-block-heading\">\u201c<em>El gobierno nacional, <a href=\"https:\/\/www.acnur.org\/\">ACNUR<\/a> y la OIM deben asumir con seriedad su compromiso frente a los casos de pandemia en Venezuela<\/em>\u201d<\/h2>\n\n\n\n<div class=\"wp-block-image\"><figure class=\"aligncenter size-large\"><img loading=\"lazy\" decoding=\"async\" width=\"1024\" height=\"614\" src=\"https:\/\/seryhumano.com\/web\/wp-content\/uploads\/2020\/05\/\u00c1vila-Omar-1024x614.jpg\" alt=\"Plan Vuelta a la Patria\" class=\"wp-image-34365\" srcset=\"https:\/\/seryhumano.com\/web\/wp-content\/uploads\/2020\/05\/\u00c1vila-Omar-1024x614.jpg 1024w, https:\/\/seryhumano.com\/web\/wp-content\/uploads\/2020\/05\/\u00c1vila-Omar-300x180.jpg 300w, https:\/\/seryhumano.com\/web\/wp-content\/uploads\/2020\/05\/\u00c1vila-Omar-768x461.jpg 768w, https:\/\/seryhumano.com\/web\/wp-content\/uploads\/2020\/05\/\u00c1vila-Omar.jpg 1080w\" sizes=\"auto, (max-width: 1024px) 100vw, 1024px\" \/><figcaption>Diputado Omar \u00c1vila<\/figcaption><\/figure><\/div>\n\n\n\n<p>El secretario general nacional de Unidad Visi\u00f3n Venezuela, diputado Omar \u00c1vila, lament\u00f3 que una de las consecuencias del Covid19 en la Regi\u00f3n, es la salida masiva de migrantes, por haberse quedado desempleados, o en su defecto se vieron imposibilitados de sostenerse con la econom\u00eda informal por las diversas pol\u00edticas de aislamiento y protecci\u00f3n aplicadas en diferentes pa\u00edses.<\/p>\n\n\n\n<p>\u201c<em>Nicol\u00e1s Maduro puso en marcha su maquinaria propagand\u00edstica y reactiv\u00f3 la operaci\u00f3n de retorno de migrantes venezolanos, conocida como Plan Vuelta a la Patria, en el marco de la crisis pand\u00e9mica; era de esperarse \u2013lamentablemente- que, en menos de 40 d\u00edas, m\u00e1s de 50 mil personas que se movilizan para retornar al pa\u00eds, representan seg\u00fan las cifras que el r\u00e9gimen maneja cerca del 69% de los casos registrados en los meses de abril y mayo<\/em>\u201d. Se\u00f1al\u00f3 \u00c1vila.<\/p>\n\n\n\n<p>En ese sentido agreg\u00f3, que debido a las \u201c<em>precarias<\/em>\u201d condiciones en dotaci\u00f3n de bioseguridad, se est\u00e1n infectando masivamente los gremios ligados a la salud y protecci\u00f3n de quienes est\u00e1n encargados de recibir a los venezolanos que retornan al pa\u00eds.<\/p>\n\n\n\n<h2 class=\"has-text-align-right wp-block-heading\"><strong>Desde Unidad Visi\u00f3n Venezuela le pedimos a los ciudadanos venezolanos que ingresan al pa\u00eds -y a sus familiares que los reciben- que por favor cumplan cabalmente con las recomendaciones<\/strong><\/h2>\n\n\n\n<p>\u00ab<em>Desde Unidad Visi\u00f3n Venezuela le pedimos a los ciudadanos venezolanos que ingresan al pa\u00eds -y a sus familiares que los reciben- que por favor cumplan cabalmente con las recomendaciones dadas por los organismos sanitarios, ya que estos lugares se han convertido en focos de contagio; esta situaci\u00f3n es tanto sanitaria como humanitaria. Se han sumado dos calvarios que socavan m\u00e1s profundamente el colapso del pa\u00eds, por ello es urgente que se entienda que el Plan Vuelta a la Patria es una pol\u00edtica que debe contemplarse con seriedad y adaptarse a la situaci\u00f3n pand\u00e9mica<\/em>\u201d.<\/p>\n\n\n\n<p>Quiz\u00e1s desee leer: <a href=\"https:\/\/seryhumano.com\/web\/urge-un-gran-acuerdo-nacional-por-omar-avila\/\">\u201cUrge un gran acuerdo nacional\u201d<\/a><\/p>\n\n\n\n<p>El dirigente pol\u00edtico calific\u00f3 de \u201c<em>irresponsables<\/em>\u201d las declaraciones que hiciera Nicol\u00e1s Maduro en d\u00edas pasados en las que afirmaba que: \u201c<em>De un momento a otro los empezaron a montar en autobuses, le dieron unas bolsitas con unos pancitos, ellos salieron sanos (\u2026) y ellos presumen que los contaminaron en los autobuses<\/em>\u201d.<\/p>\n\n\n\n<p>\u00c1vila exigi\u00f3 a organizaciones como Acnur y la Organizaci\u00f3n Internacional para las Migraciones (OIM), y a pa\u00edses de la Regi\u00f3n que dieron estatus de refugiados a miles de venezolanos, \u201c<em>que asuman su responsabilidad, y que, as\u00ed como pudieron pedir plata a nombre de estos, protejan a todos esos compatriotas que hoy se encuentran desamparados, desesperados, producto del Covid19<\/em>\u201d.<\/p>\n\n\n\n<h2 class=\"has-text-align-right wp-block-heading\"><strong>Ni\u00f1os, j\u00f3venes y ancianos no pueden quedar deambulando en nuestras fronteras sin la debida atenci\u00f3n<\/strong><\/h2>\n\n\n\n<p>A su juicio, se hab\u00eda tratado con rigor la pandemia, pero el retorno incontrolado fue un error que urge corregir, debido a que, al generar esa oleada inmigrante repentina, el prolongado periodo de aislamiento y el retorno de migrantes, debe atenderse con premura y humanidad. \u201c<em>Ni\u00f1os, j\u00f3venes y ancianos no pueden quedar deambulando en nuestras fronteras sin la debida atenci\u00f3n; es indispensable establecer un cord\u00f3n epidemiol\u00f3gico, un corredor humanitario y un seguimiento digno a la poblaci\u00f3n con todos los par\u00e1metros recomendados es m\u00e1s sensato que cerrar las fronteras. La realidad no puede evadirse, y Venezuela no es una isla como Cuba o Hait\u00ed<\/em>\u201d.<\/p>\n\n\n\n<p>Para \u00c1vila, existen evidencias que la Operaci\u00f3n Plan Vuelta a la Patria no opera con cumplimiento de sus premisas, puesto el retorno masivo de migrantes al pa\u00eds en condiciones inadecuadas implica un riesgo may\u00fasculo, por sus condiciones actuales: Present\u00f3 algunos reportes de situaciones irregulares en los PASI, en los que mencion\u00f3 las \u201c<em>protestas, cacerolazos y griter\u00eda<\/em>\u201d en el PASI de Barquisimeto (Villa Bolivariana) el 9\/05\/2020.<\/p>\n\n\n\n<p>Record\u00f3 que los alojados denunciaban, \u201c<em>solo haber recibido una comida al d\u00eda, carecer de productos de aseo e higiene, carecer de suministro de agua, el fallecimiento de un menor, hacinamiento de hasta 15 personas en 30 metros cuadrados, cuando las especificaciones epidemiol\u00f3gicas obligan a garantizar un m\u00ednimo de 8 metros cuadrados por persona en aislamiento<\/em>\u201d.<\/p>\n\n\n\n<h2 class=\"has-text-align-right wp-block-heading\">Nicol\u00e1s Maduro, deber\u00eda reconocer la necesidad de recibir asistencia externa para atender a los retornados<\/h2>\n\n\n\n<p>Finalmente manifest\u00f3 que Nicol\u00e1s Maduro, en lugar de calificar a los retornados venezolanos como un arma de destrucci\u00f3n masiva o de guerra biol\u00f3gica, deber\u00eda reconocer la necesidad de recibir asistencia externa para atender a los retornados y a m\u00e1s de 9 millones de venezolanos en situaci\u00f3n de alta vulnerabilidad humanitaria.<\/p>\n\n\n\n<p>As\u00ed como generar un protocolo t\u00e9cnico que permita ir desconfinando los territorios y poblaciones con presencia baja o nula de casos de Covid19, para as\u00ed palear la crisis econ\u00f3mica, brindar alojamiento temporal al personal que labora en la atenci\u00f3n de los PASI, para evitar la diseminaci\u00f3n de potenciales brotes a partir de estos, y reforzar la vigilancia del per\u00edmetro de los PASI para reducir la posibilidad de evasiones.<\/p>\n\n\n\n<p>seryhumano.com<\/p>\n\n\n\n<p>Nota de Prensa<\/p>\n\n\n\n<p>Si quiere recibir en su celular esta y otras informaciones y art\u00edculos descargue Telegram, ingrese al link <a href=\"htts:\/\/t.ime\/seryhumano \">htts:\/\/t.ime\/seryhumano <\/a>y dele click a +Unirme<\/p>\n","protected":false},"excerpt":{"rendered":"<p>\u201cEl gobierno nacional, ACNUR y la OIM deben asumir con seriedad su compromiso frente a los casos de pandemia en Venezuela\u201d El secretario general nacional de Unidad Visi\u00f3n Venezuela, diputado Omar \u00c1vila, lament\u00f3 que una de las consecuencias del Covid19 en la Regi\u00f3n, es la salida masiva de migrantes, por haberse quedado desempleados, o en&hellip;<\/p>\n","protected":false},"author":305,"featured_media":34365,"comment_status":"closed","ping_status":"closed","sticky":false,"template":"","format":"standard","meta":{"footnotes":""},"categories":[138],"tags":[],"class_list":["post-34575","post","type-post","status-publish","format-standard","has-post-thumbnail","hentry","category-seres-que-opinan","category-138","description-off"],"yoast_head":"<!-- This site is optimized with the Yoast SEO plugin v25.4 - https:\/\/yoast.com\/wordpress\/plugins\/seo\/ -->\n<title>Plan Vuelta a la Patria pone en riesgo la vida de los venezolanos<\/title>\n<meta name=\"description\" content=\"Plan Vuelta a la Patria. \u201cEl gobierno nacional, ACNUR y la OIM deben asumir con seriedad su compromiso frente a los casos de pandemia en Venezuela\u201d\" \/>\n<meta name=\"robots\" content=\"index, follow, max-snippet:-1, max-image-preview:large, max-video-preview:-1\" \/>\n<link rel=\"canonical\" href=\"https:\/\/seryhumano.com\/web\/?p=34575\" \/>\n<meta property=\"og:locale\" content=\"es_ES\" \/>\n<meta property=\"og:type\" content=\"article\" \/>\n<meta property=\"og:title\" content=\"Plan Vuelta a la Patria pone en riesgo la vida de los venezolanos\" \/>\n<meta property=\"og:description\" content=\"Plan Vuelta a la Patria. \u201cEl gobierno nacional, ACNUR y la OIM deben asumir con seriedad su compromiso frente a los casos de pandemia en Venezuela\u201d\" \/>\n<meta property=\"og:url\" content=\"https:\/\/seryhumano.com\/web\/?p=34575\" \/>\n<meta property=\"og:site_name\" content=\"SeryHumano.com\" \/>\n<meta property=\"article:publisher\" content=\"https:\/\/www.facebook.com\/seryhumano\/\" \/>\n<meta property=\"article:published_time\" content=\"2020-05-28T17:56:49+00:00\" \/>\n<meta property=\"article:modified_time\" content=\"2020-05-28T17:56:52+00:00\" \/>\n<meta property=\"og:image\" content=\"https:\/\/seryhumano.com\/web\/wp-content\/uploads\/2020\/05\/\u00c1vila-Omar.jpg\" \/>\n\t<meta property=\"og:image:width\" content=\"1080\" \/>\n\t<meta property=\"og:image:height\" content=\"648\" \/>\n\t<meta property=\"og:image:type\" content=\"image\/jpeg\" \/>\n<meta name=\"author\" content=\"Redacci\u00f3n SeryHumano.com\" \/>\n<meta name=\"twitter:card\" content=\"summary_large_image\" \/>\n<meta name=\"twitter:creator\" content=\"@SeryHumano\" \/>\n<meta name=\"twitter:site\" content=\"@SeryHumano\" \/>\n<meta name=\"twitter:label1\" content=\"Escrito por\" \/>\n\t<meta name=\"twitter:data1\" content=\"Redacci\u00f3n SeryHumano.com\" \/>\n\t<meta name=\"twitter:label2\" content=\"Tiempo de lectura\" \/>\n\t<meta name=\"twitter:data2\" content=\"5 minutos\" \/>\n<script type=\"application\/ld+json\" class=\"yoast-schema-graph\">{\"@context\":\"https:\/\/schema.org\",\"@graph\":[{\"@type\":\"Article\",\"@id\":\"https:\/\/seryhumano.com\/web\/?p=34575#article\",\"isPartOf\":{\"@id\":\"https:\/\/seryhumano.com\/web\/?p=34575\"},\"author\":{\"name\":\"Redacci\u00f3n SeryHumano.com\",\"@id\":\"https:\/\/seryhumano.com\/web\/#\/schema\/person\/f4adb88e2944ce8c1d005724eb1186d6\"},\"headline\":\"Plan Vuelta a la Patria pone en riesgo la vida de los venezolanos que regresan al pa\u00eds\",\"datePublished\":\"2020-05-28T17:56:49+00:00\",\"dateModified\":\"2020-05-28T17:56:52+00:00\",\"mainEntityOfPage\":{\"@id\":\"https:\/\/seryhumano.com\/web\/?p=34575\"},\"wordCount\":918,\"publisher\":{\"@id\":\"https:\/\/seryhumano.com\/web\/#organization\"},\"image\":{\"@id\":\"https:\/\/seryhumano.com\/web\/?p=34575#primaryimage\"},\"thumbnailUrl\":\"https:\/\/seryhumano.com\/web\/wp-content\/uploads\/2020\/05\/\u00c1vila-Omar.jpg\",\"articleSection\":[\"Seres que opinan\"],\"inLanguage\":\"es\"},{\"@type\":\"WebPage\",\"@id\":\"https:\/\/seryhumano.com\/web\/?p=34575\",\"url\":\"https:\/\/seryhumano.com\/web\/?p=34575\",\"name\":\"Plan Vuelta a la Patria pone en riesgo la vida de los venezolanos\",\"isPartOf\":{\"@id\":\"https:\/\/seryhumano.com\/web\/#website\"},\"primaryImageOfPage\":{\"@id\":\"https:\/\/seryhumano.com\/web\/?p=34575#primaryimage\"},\"image\":{\"@id\":\"https:\/\/seryhumano.com\/web\/?p=34575#primaryimage\"},\"thumbnailUrl\":\"https:\/\/seryhumano.com\/web\/wp-content\/uploads\/2020\/05\/\u00c1vila-Omar.jpg\",\"datePublished\":\"2020-05-28T17:56:49+00:00\",\"dateModified\":\"2020-05-28T17:56:52+00:00\",\"description\":\"Plan Vuelta a la Patria. \u201cEl gobierno nacional, ACNUR y la OIM deben asumir con seriedad su compromiso frente a los casos de pandemia en Venezuela\u201d\",\"breadcrumb\":{\"@id\":\"https:\/\/seryhumano.com\/web\/?p=34575#breadcrumb\"},\"inLanguage\":\"es\",\"potentialAction\":[{\"@type\":\"ReadAction\",\"target\":[\"https:\/\/seryhumano.com\/web\/?p=34575\"]}]},{\"@type\":\"ImageObject\",\"inLanguage\":\"es\",\"@id\":\"https:\/\/seryhumano.com\/web\/?p=34575#primaryimage\",\"url\":\"https:\/\/seryhumano.com\/web\/wp-content\/uploads\/2020\/05\/\u00c1vila-Omar.jpg\",\"contentUrl\":\"https:\/\/seryhumano.com\/web\/wp-content\/uploads\/2020\/05\/\u00c1vila-Omar.jpg\",\"width\":1080,\"height\":648},{\"@type\":\"BreadcrumbList\",\"@id\":\"https:\/\/seryhumano.com\/web\/?p=34575#breadcrumb\",\"itemListElement\":[{\"@type\":\"ListItem\",\"position\":1,\"name\":\"Portada\",\"item\":\"https:\/\/seryhumano.com\/web\/\"},{\"@type\":\"ListItem\",\"position\":2,\"name\":\"Plan Vuelta a la Patria pone en riesgo la vida de los venezolanos que regresan al pa\u00eds\"}]},{\"@type\":\"WebSite\",\"@id\":\"https:\/\/seryhumano.com\/web\/#website\",\"url\":\"https:\/\/seryhumano.com\/web\/\",\"name\":\"SeryHumano.com\",\"description\":\"Revista digital muy humana, donde lo mas importante es el Ser...\",\"publisher\":{\"@id\":\"https:\/\/seryhumano.com\/web\/#organization\"},\"potentialAction\":[{\"@type\":\"SearchAction\",\"target\":{\"@type\":\"EntryPoint\",\"urlTemplate\":\"https:\/\/seryhumano.com\/web\/?s={search_term_string}\"},\"query-input\":{\"@type\":\"PropertyValueSpecification\",\"valueRequired\":true,\"valueName\":\"search_term_string\"}}],\"inLanguage\":\"es\"},{\"@type\":\"Organization\",\"@id\":\"https:\/\/seryhumano.com\/web\/#organization\",\"name\":\"SeryHumano.com\",\"url\":\"https:\/\/seryhumano.com\/web\/\",\"logo\":{\"@type\":\"ImageObject\",\"inLanguage\":\"es\",\"@id\":\"https:\/\/seryhumano.com\/web\/#\/schema\/logo\/image\/\",\"url\":\"https:\/\/seryhumano.com\/web\/wp-content\/uploads\/2020\/02\/JNe5VRwH_400x400-2.jpg\",\"contentUrl\":\"https:\/\/seryhumano.com\/web\/wp-content\/uploads\/2020\/02\/JNe5VRwH_400x400-2.jpg\",\"width\":400,\"height\":400,\"caption\":\"SeryHumano.com\"},\"image\":{\"@id\":\"https:\/\/seryhumano.com\/web\/#\/schema\/logo\/image\/\"},\"sameAs\":[\"https:\/\/www.facebook.com\/seryhumano\/\",\"https:\/\/x.com\/SeryHumano\",\"https:\/\/www.instagram.com\/seryhumano\/\",\"https:\/\/www.linkedin.com\/company\/seryhumano-com\/\",\"https:\/\/www.youtube.com\/channel\/UCYfgIGSxygVnJAW0e9ZBZWg\"]},{\"@type\":\"Person\",\"@id\":\"https:\/\/seryhumano.com\/web\/#\/schema\/person\/f4adb88e2944ce8c1d005724eb1186d6\",\"name\":\"Redacci\u00f3n SeryHumano.com\",\"sameAs\":[\"http:\/\/seryhumano.com\"],\"url\":\"https:\/\/seryhumano.com\/web\/?author=305\"}]}<\/script>\n<!-- \/ Yoast SEO plugin. -->","yoast_head_json":{"title":"Plan Vuelta a la Patria pone en riesgo la vida de los venezolanos","description":"Plan Vuelta a la Patria. \u201cEl gobierno nacional, ACNUR y la OIM deben asumir con seriedad su compromiso frente a los casos de pandemia en Venezuela\u201d","robots":{"index":"index","follow":"follow","max-snippet":"max-snippet:-1","max-image-preview":"max-image-preview:large","max-video-preview":"max-video-preview:-1"},"canonical":"https:\/\/seryhumano.com\/web\/?p=34575","og_locale":"es_ES","og_type":"article","og_title":"Plan Vuelta a la Patria pone en riesgo la vida de los venezolanos","og_description":"Plan Vuelta a la Patria. \u201cEl gobierno nacional, ACNUR y la OIM deben asumir con seriedad su compromiso frente a los casos de pandemia en Venezuela\u201d","og_url":"https:\/\/seryhumano.com\/web\/?p=34575","og_site_name":"SeryHumano.com","article_publisher":"https:\/\/www.facebook.com\/seryhumano\/","article_published_time":"2020-05-28T17:56:49+00:00","article_modified_time":"2020-05-28T17:56:52+00:00","og_image":[{"width":1080,"height":648,"url":"https:\/\/seryhumano.com\/web\/wp-content\/uploads\/2020\/05\/\u00c1vila-Omar.jpg","type":"image\/jpeg"}],"author":"Redacci\u00f3n SeryHumano.com","twitter_card":"summary_large_image","twitter_creator":"@SeryHumano","twitter_site":"@SeryHumano","twitter_misc":{"Escrito por":"Redacci\u00f3n SeryHumano.com","Tiempo de lectura":"5 minutos"},"schema":{"@context":"https:\/\/schema.org","@graph":[{"@type":"Article","@id":"https:\/\/seryhumano.com\/web\/?p=34575#article","isPartOf":{"@id":"https:\/\/seryhumano.com\/web\/?p=34575"},"author":{"name":"Redacci\u00f3n SeryHumano.com","@id":"https:\/\/seryhumano.com\/web\/#\/schema\/person\/f4adb88e2944ce8c1d005724eb1186d6"},"headline":"Plan Vuelta a la Patria pone en riesgo la vida de los venezolanos que regresan al pa\u00eds","datePublished":"2020-05-28T17:56:49+00:00","dateModified":"2020-05-28T17:56:52+00:00","mainEntityOfPage":{"@id":"https:\/\/seryhumano.com\/web\/?p=34575"},"wordCount":918,"publisher":{"@id":"https:\/\/seryhumano.com\/web\/#organization"},"image":{"@id":"https:\/\/seryhumano.com\/web\/?p=34575#primaryimage"},"thumbnailUrl":"https:\/\/seryhumano.com\/web\/wp-content\/uploads\/2020\/05\/\u00c1vila-Omar.jpg","articleSection":["Seres que opinan"],"inLanguage":"es"},{"@type":"WebPage","@id":"https:\/\/seryhumano.com\/web\/?p=34575","url":"https:\/\/seryhumano.com\/web\/?p=34575","name":"Plan Vuelta a la Patria pone en riesgo la vida de los venezolanos","isPartOf":{"@id":"https:\/\/seryhumano.com\/web\/#website"},"primaryImageOfPage":{"@id":"https:\/\/seryhumano.com\/web\/?p=34575#primaryimage"},"image":{"@id":"https:\/\/seryhumano.com\/web\/?p=34575#primaryimage"},"thumbnailUrl":"https:\/\/seryhumano.com\/web\/wp-content\/uploads\/2020\/05\/\u00c1vila-Omar.jpg","datePublished":"2020-05-28T17:56:49+00:00","dateModified":"2020-05-28T17:56:52+00:00","description":"Plan Vuelta a la Patria. \u201cEl gobierno nacional, ACNUR y la OIM deben asumir con seriedad su compromiso frente a los casos de pandemia en Venezuela\u201d","breadcrumb":{"@id":"https:\/\/seryhumano.com\/web\/?p=34575#breadcrumb"},"inLanguage":"es","potentialAction":[{"@type":"ReadAction","target":["https:\/\/seryhumano.com\/web\/?p=34575"]}]},{"@type":"ImageObject","inLanguage":"es","@id":"https:\/\/seryhumano.com\/web\/?p=34575#primaryimage","url":"https:\/\/seryhumano.com\/web\/wp-content\/uploads\/2020\/05\/\u00c1vila-Omar.jpg","contentUrl":"https:\/\/seryhumano.com\/web\/wp-content\/uploads\/2020\/05\/\u00c1vila-Omar.jpg","width":1080,"height":648},{"@type":"BreadcrumbList","@id":"https:\/\/seryhumano.com\/web\/?p=34575#breadcrumb","itemListElement":[{"@type":"ListItem","position":1,"name":"Portada","item":"https:\/\/seryhumano.com\/web\/"},{"@type":"ListItem","position":2,"name":"Plan Vuelta a la Patria pone en riesgo la vida de los venezolanos que regresan al pa\u00eds"}]},{"@type":"WebSite","@id":"https:\/\/seryhumano.com\/web\/#website","url":"https:\/\/seryhumano.com\/web\/","name":"SeryHumano.com","description":"Revista digital muy humana, donde lo mas importante es el Ser...","publisher":{"@id":"https:\/\/seryhumano.com\/web\/#organization"},"potentialAction":[{"@type":"SearchAction","target":{"@type":"EntryPoint","urlTemplate":"https:\/\/seryhumano.com\/web\/?s={search_term_string}"},"query-input":{"@type":"PropertyValueSpecification","valueRequired":true,"valueName":"search_term_string"}}],"inLanguage":"es"},{"@type":"Organization","@id":"https:\/\/seryhumano.com\/web\/#organization","name":"SeryHumano.com","url":"https:\/\/seryhumano.com\/web\/","logo":{"@type":"ImageObject","inLanguage":"es","@id":"https:\/\/seryhumano.com\/web\/#\/schema\/logo\/image\/","url":"https:\/\/seryhumano.com\/web\/wp-content\/uploads\/2020\/02\/JNe5VRwH_400x400-2.jpg","contentUrl":"https:\/\/seryhumano.com\/web\/wp-content\/uploads\/2020\/02\/JNe5VRwH_400x400-2.jpg","width":400,"height":400,"caption":"SeryHumano.com"},"image":{"@id":"https:\/\/seryhumano.com\/web\/#\/schema\/logo\/image\/"},"sameAs":["https:\/\/www.facebook.com\/seryhumano\/","https:\/\/x.com\/SeryHumano","https:\/\/www.instagram.com\/seryhumano\/","https:\/\/www.linkedin.com\/company\/seryhumano-com\/","https:\/\/www.youtube.com\/channel\/UCYfgIGSxygVnJAW0e9ZBZWg"]},{"@type":"Person","@id":"https:\/\/seryhumano.com\/web\/#\/schema\/person\/f4adb88e2944ce8c1d005724eb1186d6","name":"Redacci\u00f3n SeryHumano.com","sameAs":["http:\/\/seryhumano.com"],"url":"https:\/\/seryhumano.com\/web\/?author=305"}]}},"_links":{"self":[{"href":"https:\/\/seryhumano.com\/web\/index.php?rest_route=\/wp\/v2\/posts\/34575","targetHints":{"allow":["GET"]}}],"collection":[{"href":"https:\/\/seryhumano.com\/web\/index.php?rest_route=\/wp\/v2\/posts"}],"about":[{"href":"https:\/\/seryhumano.com\/web\/index.php?rest_route=\/wp\/v2\/types\/post"}],"author":[{"embeddable":true,"href":"https:\/\/seryhumano.com\/web\/index.php?rest_route=\/wp\/v2\/users\/305"}],"replies":[{"embeddable":true,"href":"https:\/\/seryhumano.com\/web\/index.php?rest_route=%2Fwp%2Fv2%2Fcomments&post=34575"}],"version-history":[{"count":0,"href":"https:\/\/seryhumano.com\/web\/index.php?rest_route=\/wp\/v2\/posts\/34575\/revisions"}],"wp:featuredmedia":[{"embeddable":true,"href":"https:\/\/seryhumano.com\/web\/index.php?rest_route=\/wp\/v2\/media\/34365"}],"wp:attachment":[{"href":"https:\/\/seryhumano.com\/web\/index.php?rest_route=%2Fwp%2Fv2%2Fmedia&parent=34575"}],"wp:term":[{"taxonomy":"category","embeddable":true,"href":"https:\/\/seryhumano.com\/web\/index.php?rest_route=%2Fwp%2Fv2%2Fcategories&post=34575"},{"taxonomy":"post_tag","embeddable":true,"href":"https:\/\/seryhumano.com\/web\/index.php?rest_route=%2Fwp%2Fv2%2Ftags&post=34575"}],"curies":[{"name":"wp","href":"https:\/\/api.w.org\/{rel}","templated":true}]}}