{"id":34603,"date":"2020-06-01T09:10:07","date_gmt":"2020-06-01T13:40:07","guid":{"rendered":"https:\/\/seryhumano.com\/web\/?p=34603"},"modified":"2020-06-01T09:10:13","modified_gmt":"2020-06-01T13:40:13","slug":"jose-madera-nino-la-salsa-se-convirtio-en-parte-de-mi-crecer","status":"publish","type":"post","link":"https:\/\/seryhumano.com\/web\/?p=34603","title":{"rendered":"Jos\u00e9 Madera Ni\u00f1o: \u201cLa salsa se convirti\u00f3 en parte de mi crecer\u201d"},"content":{"rendered":"\n<h2 class=\"has-text-align-center wp-block-heading\">El tambi\u00e9n artista pl\u00e1stico cuenta con la tecnolog\u00eda para culminar su proyecto en medio de la pandemia<\/h2>\n\n\n\n<div class=\"wp-block-image\"><figure class=\"aligncenter size-large\"><img loading=\"lazy\" decoding=\"async\" width=\"600\" height=\"600\" src=\"https:\/\/seryhumano.com\/web\/wp-content\/uploads\/2020\/06\/Me-gustas-pero\u2026-es-lo-nuevo-de-Jos\u00e9-Madera-Ni\u00f1o-3er.Mundo_.jpg\" alt=\"Jos\u00e9 Madera Ni\u00f1o\" class=\"wp-image-34604\" srcset=\"https:\/\/seryhumano.com\/web\/wp-content\/uploads\/2020\/06\/Me-gustas-pero\u2026-es-lo-nuevo-de-Jos\u00e9-Madera-Ni\u00f1o-3er.Mundo_.jpg 600w, https:\/\/seryhumano.com\/web\/wp-content\/uploads\/2020\/06\/Me-gustas-pero\u2026-es-lo-nuevo-de-Jos\u00e9-Madera-Ni\u00f1o-3er.Mundo_-300x300.jpg 300w, https:\/\/seryhumano.com\/web\/wp-content\/uploads\/2020\/06\/Me-gustas-pero\u2026-es-lo-nuevo-de-Jos\u00e9-Madera-Ni\u00f1o-3er.Mundo_-150x150.jpg 150w\" sizes=\"auto, (max-width: 600px) 100vw, 600px\" \/><\/figure><\/div>\n\n\n\n<p>La orquesta venezolana <a href=\"https:\/\/twitter.com\/JoseMaderanino\">Jos\u00e9 Madera Ni\u00f1o &amp; 3er.Mundo<\/a> realiz\u00f3 el lanzamiento de su nuevo tema \u201c<em>Me gusta, pero\u2026\u201d,<\/em> en la voz del cantante invitado Memo Arroyave, acompa\u00f1ado de un videoclip que muestra la otra faceta de Madera Ni\u00f1o: la pintura. Este sencillo es el quinto en formar parte de su segunda producci\u00f3n titulada Matices.<\/p>\n\n\n\n<p>El m\u00fasico, compositor y l\u00edder de la orquesta aclar\u00f3: \u201c<em>Este tema de mi autor\u00eda ya se encontraba en fase de postproducci\u00f3n cuando fue anunciada la pandemia. Sin la tecnolog\u00eda, la dedicaci\u00f3n y el compromiso de Irving Manuel y Jorge Est\u00e9vez, para la mezcla y masterizaci\u00f3n, las horas de trabajo de Alfredo Montilla para la edici\u00f3n de videoclip entre Venezuela y Colombia, no hubiese sido posible culminar este proyecto desde nuestros hogares<\/em>\u201d.<\/p>\n\n\n\n<p>Jos\u00e9 \u201c<em>Flaco<\/em>\u201d Berm\u00fadez estuvo al frente de la direcci\u00f3n musical y arreglos. La ejecuci\u00f3n sonora estuvo a cargo de Yomar M\u00e9ndez \u201c<em>Caballo<\/em>\u201d (timbal), Arnaldo Guacar\u00e1n \u201c<em>Patat\u00edn<\/em>\u201d (bong\u00f3 y campana), Wilman S\u00e1nchez Jr. (trompetas), Hugo Olivero (saxof\u00f3n), Jos\u00e9 Antonio Padilla (tromb\u00f3n), David Gonz\u00e1lez (bajo) e Irving Manuel (Piano); en los coros, Rodrigo Mendoza y Eloy R\u00edos, todos bajo la producci\u00f3n ejecutiva de Jos\u00e9 Madera Ni\u00f1o (congas y percusi\u00f3n menor).<\/p>\n\n\n\n<p>Matices conjuga la diversidad de colores de voz de cada uno de los cantantes solistas invitados hasta el momento, como lo son Pedrito Flores, Irving Manuel y Charlie Guzm\u00e1n. Este disco de salsa estar\u00e1 integrado por diez piezas y contar\u00e1 con la participaci\u00f3n de varios int\u00e9rpretes: \u201c<em>Queremos regalar al mundo buena m\u00fasica, alimento para el alma y el esp\u00edritu durante este momento tan dif\u00edcil que estamos viviendo<\/em>\u201d.<\/p>\n\n\n\n<h2 class=\"wp-block-heading\"><strong>POLIFAC\u00c9TICO<\/strong><\/h2>\n\n\n\n<p>Se debe resaltar que Jos\u00e9 Madera Ni\u00f1o es muy polifac\u00e9tico porque adem\u00e1s de artista pl\u00e1stico como profesi\u00f3n es m\u00fasico por convicci\u00f3n: \u201c<em>Dibujo desde que tengo uso de raz\u00f3n. A los catorce a\u00f1os entr\u00e9 a la Escuela de Artes Pl\u00e1sticas Crist\u00f3bal Rojas. Esto lo alternaba con mis estudios de bachillerato y los fines de semana eran para la m\u00fasica<\/em>\u201d.<\/p>\n\n\n\n<p>De ah\u00ed que se convierte en un percusionista autodidacta desde muy chamo, gracias al auge de la salsa en Venezuela a mediados de los a\u00f1os setenta. Esta sinergia entre sus dos pasiones, lo lleva a formar su propia orquesta: <strong><em>Jos\u00e9 Madera Ni\u00f1o &amp; 3er Mundo<\/em><\/strong>, que coquetea con el Latin Jazz. La misma tiene como prop\u00f3sito extrapolar sus composiciones pl\u00e1sticas a la m\u00fasica, creando verdaderas obras de arte para el o\u00eddo del mel\u00f3mano exigente, pero a la vez para el bailador elegante.<\/p>\n\n\n\n<p>Su primera grabaci\u00f3n, <strong><em>De amor, desamor y rumba<\/em><\/strong>, dur\u00f3 cuatro a\u00f1os para salir, debido a las pausas que nos impone la autogesti\u00f3n: \u201c<em>No es nada f\u00e1cil hacer un disco sin contar con un s\u00f3lido respaldo econ\u00f3mico. Este primer disco es una especie de cr\u00f3nica del d\u00eda a d\u00eda de cualquier persona com\u00fan y corriente. Inspirada en toda la m\u00fasica que escuch\u00e9 en mi adolescencia, con un lenguaje sencillo y di\u00e1fano<\/em>\u201d.<\/p>\n\n\n\n<p>La periodista Mar\u00eda Fernanda Le\u00f3n lo entrevist\u00f3 recientemente por su segundo CD, Matices, que consta de diez temas. Entre el a\u00f1o pasado y 2020 ha lanzado cuatro por las plataformas digitales.<\/p>\n\n\n\n<p><strong>\u00bfPor qu\u00e9 el nombre de 3er Mundo?<\/strong><\/p>\n\n\n\n<p><em>Lo del nombre fue una manera irreverente de decir que a pesar de las desventajas que podamos tener, somos capaces de hacer grandes cosas, desde la pasi\u00f3n, el talento y el estudio. Somos mucho m\u00e1s que una calificaci\u00f3n.<\/em><\/p>\n\n\n\n<p><strong>\u00bfPor qu\u00e9 salsa y no otro g\u00e9nero?<\/strong><\/p>\n\n\n\n<p><em>Escucho todo tipo de m\u00fasica. De hecho, al decidir vivir de ella, nos toca manejar diferentes g\u00e9neros y eso lo disfruto, pero siento un gusto especial por la salsa porque se convirti\u00f3 en parte de mi crecimiento. Siempre estuvo en la atm\u00f3sfera mientras jugaba en la calle de mi barrio, en el liceo y en el autob\u00fas cuando me dirig\u00eda a la escuela de arte.<\/em><\/p>\n\n\n\n<p><strong>La mayor\u00eda de los temas vienen de tu pu\u00f1o y letra. \u00bfQu\u00e9 te inspira?<\/strong><\/p>\n\n\n\n<p><em>Siempre me llam\u00f3 la atenci\u00f3n escribir, ten\u00eda muchas ideas inconclusas, engavetadas. Cuando comenc\u00e9 la pre-producci\u00f3n desempolv\u00e9 todo ese material y lo convert\u00ed en canciones.<\/em><\/p>\n\n\n\n<p><strong>\u00bfPor qu\u00e9 Matices?<\/strong><\/p>\n\n\n\n<p><em>Esta producci\u00f3n es una especie de lienzo; la m\u00fasica es el pigmento, la materia. Los m\u00fasicos y cantantes son sus matices. Creo que es una producci\u00f3n distinta a la primera, pero con la misma esencia.<\/em><\/p>\n\n\n\n<p><strong>Cambiaste tu concepto de un disco con un solo int\u00e9rprete. Ahora invitaste a varios\u2026<\/strong><\/p>\n\n\n\n<p><em>Para m\u00ed fue de mucha importancia construir una sonoridad, que el p\u00fablico al escuchar un tema nuestro nos reconociera. Gustavo Gerardo fue, por mucho tiempo, la voz que nos identific\u00f3, pero no es f\u00e1cil retener a alguien si no puedes garantizarle una estabilidad econ\u00f3mica. Adem\u00e1s, ya estaba en sus planes emprender una carrera como solista que por cierto ya empieza a dar sus frutos a nivel internacional.<\/em><\/p>\n\n\n\n<p><strong>\u00bfQui\u00e9nes participan?<\/strong><\/p>\n\n\n\n<p><em>En esta segunda producci\u00f3n cuento con Pedrito Flores, quien es un excelente cantante y hered\u00f3 esta responsabilidad al frente de la banda en las presentaciones en vivo. Adem\u00e1s, tengo el privilegio de contar con varios vocalistas invitados como Rodrigo Mendoza, Irving Manuel, Charlie Guzm\u00e1n y Memo Arroyave, entre otros, que pronto estar\u00e9 anunciando. Todo esto con la intenci\u00f3n de llegar a un p\u00fablico m\u00e1s amplio. Pienso que este tipo de alianzas son beneficiosas para el g\u00e9nero.<\/em><\/p>\n\n\n\n<p><strong>\u00bfCu\u00e1ndo saldr\u00e1n del horno todos los temas?<\/strong><\/p>\n\n\n\n<p><em>Los temas los he ido presentando como sencillos, cada mes o cada 45 d\u00edas hago un lanzamiento, esto hasta completar los diez temas. Desde finales del a\u00f1o pasado y hasta ahora van cuatro. Sin embargo, la pandemia que afecta al mundo entero retrasa un poco m\u00e1s la producci\u00f3n, pero seguimos trabajando.<\/em><\/p>\n\n\n\n<p><strong>Eres artista pl\u00e1stico. \u00bfC\u00f3mo alternas tus dos pasiones?<\/strong><\/p>\n\n\n\n<p><em>No es f\u00e1cil, pero creo que ser\u00eda m\u00e1s dif\u00edcil no hacerlo. No soy muy organizado as\u00ed que vivo en un constante esfuerzo por distribuir el tiempo. He participado en m\u00e1s de sesenta exposiciones colectivas y tres exposiciones individuales. Mi obra est\u00e1 presente en varias galer\u00edas de arte y colecciones privadas.<\/em><\/p>\n\n\n\n<p><strong>Tu hijo tambi\u00e9n incursion\u00f3 en la salsa el a\u00f1o pasado. \u00bfQu\u00e9 piensas del apoyo que hoy se le ofrece al talento?<\/strong><\/p>\n\n\n\n<p><em>Creo que los muchachos est\u00e1n cada vez mejor preparados para asumir los retos. La industria ha cambiado y quiz\u00e1s a nosotros los que tenemos a\u00f1os en este negocio nos cuesta m\u00e1s asimilarlo. Los j\u00f3venes saben que adem\u00e1s de grabar por cuenta propia deben manejar las m\u00faltiples formas de promocionarse, saben de dise\u00f1o gr\u00e1fico, marketing etc. Y eso es muy bueno porque ya no hay disqueras que inviertan en artistas emergentes. Hay mucho talento joven.<\/em><\/p>\n\n\n\n<p><strong>\u00bfC\u00f3mo ves la salsa en Venezuela? \u00bfHay suficiente promoci\u00f3n y apoyo?<\/strong><\/p>\n\n\n\n<p><em>No hay el suficiente apoyo por lo que creo que no podemos seguir esperando, tenemos que actuar nosotros mismos. Trabajar duro por nuestros sue\u00f1os, debemos aprender a utilizar las herramientas que nos ofrece la tecnolog\u00eda.<\/em><\/p>\n\n\n\n<p><strong>\u00bfConsideras tus discos una obra de arte?<\/strong><\/p>\n\n\n\n<p><em>S\u00ed, constan de los mismos elementos: color, equilibrio, espacio, atm\u00f3sferas.<\/em><\/p>\n\n\n\n<p><strong>\u00bfQu\u00e9 quiere mostrar Jos\u00e9 Madera Ni\u00f1o cada vez que est\u00e1 en escena?<\/strong><\/p>\n\n\n\n<p><em>Un buen espect\u00e1culo, una banda bien ensamblada, un vestuario acorde, en fin, el respeto que el p\u00fablico merece.<\/em><\/p>\n\n\n\n<p>seryhumano.com \/ Lic. Mar\u00eda Fernanda Le\u00f3n<\/p>\n\n\n\n<p>Fotos\/ Cortes\u00eda: Jos\u00e9 Madera Ni\u00f1o Si quiere recibir en su celular esta y otras informaciones y art\u00edculos descargue Telegram, ingrese al link <a href=\"htts:\/\/t.ime\/seryhumano\">htts:\/\/t.ime\/seryhumano<\/a> y dele click a +Unirme<\/p>\n","protected":false},"excerpt":{"rendered":"<p>El tambi\u00e9n artista pl\u00e1stico cuenta con la tecnolog\u00eda para culminar su proyecto en medio de la pandemia La orquesta venezolana Jos\u00e9 Madera Ni\u00f1o &amp; 3er.Mundo realiz\u00f3 el lanzamiento de su nuevo tema \u201cMe gusta, pero\u2026\u201d, en la voz del cantante invitado Memo Arroyave, acompa\u00f1ado de un videoclip que muestra la otra faceta de Madera Ni\u00f1o:&hellip;<\/p>\n","protected":false},"author":305,"featured_media":34604,"comment_status":"closed","ping_status":"closed","sticky":false,"template":"","format":"standard","meta":{"footnotes":""},"categories":[114],"tags":[],"class_list":["post-34603","post","type-post","status-publish","format-standard","has-post-thumbnail","hentry","category-sonidos","category-114","description-off"],"yoast_head":"<!-- This site is optimized with the Yoast SEO plugin v25.4 - https:\/\/yoast.com\/wordpress\/plugins\/seo\/ -->\n<title>Jos\u00e9 Madera Ni\u00f1o: \u201cLa salsa se convirti\u00f3 en parte de mi crecer\u201d<\/title>\n<meta name=\"description\" content=\"Jos\u00e9 Madera Ni\u00f1o: \u201cLa salsa se convirti\u00f3 en parte de mi crecer\u201d. En esta segunda producci\u00f3n cuento con Pedrito Flores, quien es un excelente cantante y he\" \/>\n<meta name=\"robots\" content=\"index, follow, max-snippet:-1, max-image-preview:large, max-video-preview:-1\" \/>\n<link rel=\"canonical\" href=\"https:\/\/seryhumano.com\/web\/?p=34603\" \/>\n<meta property=\"og:locale\" content=\"es_ES\" \/>\n<meta property=\"og:type\" content=\"article\" \/>\n<meta property=\"og:title\" content=\"Jos\u00e9 Madera Ni\u00f1o: \u201cLa salsa se convirti\u00f3 en parte de mi crecer\u201d\" \/>\n<meta property=\"og:description\" content=\"Jos\u00e9 Madera Ni\u00f1o: \u201cLa salsa se convirti\u00f3 en parte de mi crecer\u201d. En esta segunda producci\u00f3n cuento con Pedrito Flores, quien es un excelente cantante y he\" \/>\n<meta property=\"og:url\" content=\"https:\/\/seryhumano.com\/web\/?p=34603\" \/>\n<meta property=\"og:site_name\" content=\"SeryHumano.com\" \/>\n<meta property=\"article:publisher\" content=\"https:\/\/www.facebook.com\/seryhumano\/\" \/>\n<meta property=\"article:published_time\" content=\"2020-06-01T13:40:07+00:00\" \/>\n<meta property=\"article:modified_time\" content=\"2020-06-01T13:40:13+00:00\" \/>\n<meta property=\"og:image\" content=\"https:\/\/seryhumano.com\/web\/wp-content\/uploads\/2020\/06\/Me-gustas-pero\u2026-es-lo-nuevo-de-Jos\u00e9-Madera-Ni\u00f1o-3er.Mundo_.jpg\" \/>\n\t<meta property=\"og:image:width\" content=\"600\" \/>\n\t<meta property=\"og:image:height\" content=\"600\" \/>\n\t<meta property=\"og:image:type\" content=\"image\/jpeg\" \/>\n<meta name=\"author\" content=\"Redacci\u00f3n SeryHumano.com\" \/>\n<meta name=\"twitter:card\" content=\"summary_large_image\" \/>\n<meta name=\"twitter:creator\" content=\"@SeryHumano\" \/>\n<meta name=\"twitter:site\" content=\"@SeryHumano\" \/>\n<meta name=\"twitter:label1\" content=\"Escrito por\" \/>\n\t<meta name=\"twitter:data1\" content=\"Redacci\u00f3n SeryHumano.com\" \/>\n\t<meta name=\"twitter:label2\" content=\"Tiempo de lectura\" \/>\n\t<meta name=\"twitter:data2\" content=\"7 minutos\" \/>\n<script type=\"application\/ld+json\" class=\"yoast-schema-graph\">{\"@context\":\"https:\/\/schema.org\",\"@graph\":[{\"@type\":\"Article\",\"@id\":\"https:\/\/seryhumano.com\/web\/?p=34603#article\",\"isPartOf\":{\"@id\":\"https:\/\/seryhumano.com\/web\/?p=34603\"},\"author\":{\"name\":\"Redacci\u00f3n SeryHumano.com\",\"@id\":\"https:\/\/seryhumano.com\/web\/#\/schema\/person\/f4adb88e2944ce8c1d005724eb1186d6\"},\"headline\":\"Jos\u00e9 Madera Ni\u00f1o: \u201cLa salsa se convirti\u00f3 en parte de mi crecer\u201d\",\"datePublished\":\"2020-06-01T13:40:07+00:00\",\"dateModified\":\"2020-06-01T13:40:13+00:00\",\"mainEntityOfPage\":{\"@id\":\"https:\/\/seryhumano.com\/web\/?p=34603\"},\"wordCount\":1364,\"publisher\":{\"@id\":\"https:\/\/seryhumano.com\/web\/#organization\"},\"image\":{\"@id\":\"https:\/\/seryhumano.com\/web\/?p=34603#primaryimage\"},\"thumbnailUrl\":\"https:\/\/seryhumano.com\/web\/wp-content\/uploads\/2020\/06\/Me-gustas-pero\u2026-es-lo-nuevo-de-Jos\u00e9-Madera-Ni\u00f1o-3er.Mundo_.jpg\",\"articleSection\":[\"Sonidos del Ser\"],\"inLanguage\":\"es\"},{\"@type\":\"WebPage\",\"@id\":\"https:\/\/seryhumano.com\/web\/?p=34603\",\"url\":\"https:\/\/seryhumano.com\/web\/?p=34603\",\"name\":\"Jos\u00e9 Madera Ni\u00f1o: \u201cLa salsa se convirti\u00f3 en parte de mi crecer\u201d\",\"isPartOf\":{\"@id\":\"https:\/\/seryhumano.com\/web\/#website\"},\"primaryImageOfPage\":{\"@id\":\"https:\/\/seryhumano.com\/web\/?p=34603#primaryimage\"},\"image\":{\"@id\":\"https:\/\/seryhumano.com\/web\/?p=34603#primaryimage\"},\"thumbnailUrl\":\"https:\/\/seryhumano.com\/web\/wp-content\/uploads\/2020\/06\/Me-gustas-pero\u2026-es-lo-nuevo-de-Jos\u00e9-Madera-Ni\u00f1o-3er.Mundo_.jpg\",\"datePublished\":\"2020-06-01T13:40:07+00:00\",\"dateModified\":\"2020-06-01T13:40:13+00:00\",\"description\":\"Jos\u00e9 Madera Ni\u00f1o: \u201cLa salsa se convirti\u00f3 en parte de mi crecer\u201d. En esta segunda producci\u00f3n cuento con Pedrito Flores, quien es un excelente cantante y he\",\"breadcrumb\":{\"@id\":\"https:\/\/seryhumano.com\/web\/?p=34603#breadcrumb\"},\"inLanguage\":\"es\",\"potentialAction\":[{\"@type\":\"ReadAction\",\"target\":[\"https:\/\/seryhumano.com\/web\/?p=34603\"]}]},{\"@type\":\"ImageObject\",\"inLanguage\":\"es\",\"@id\":\"https:\/\/seryhumano.com\/web\/?p=34603#primaryimage\",\"url\":\"https:\/\/seryhumano.com\/web\/wp-content\/uploads\/2020\/06\/Me-gustas-pero\u2026-es-lo-nuevo-de-Jos\u00e9-Madera-Ni\u00f1o-3er.Mundo_.jpg\",\"contentUrl\":\"https:\/\/seryhumano.com\/web\/wp-content\/uploads\/2020\/06\/Me-gustas-pero\u2026-es-lo-nuevo-de-Jos\u00e9-Madera-Ni\u00f1o-3er.Mundo_.jpg\",\"width\":600,\"height\":600},{\"@type\":\"BreadcrumbList\",\"@id\":\"https:\/\/seryhumano.com\/web\/?p=34603#breadcrumb\",\"itemListElement\":[{\"@type\":\"ListItem\",\"position\":1,\"name\":\"Portada\",\"item\":\"https:\/\/seryhumano.com\/web\/\"},{\"@type\":\"ListItem\",\"position\":2,\"name\":\"Jos\u00e9 Madera Ni\u00f1o: \u201cLa salsa se convirti\u00f3 en parte de mi crecer\u201d\"}]},{\"@type\":\"WebSite\",\"@id\":\"https:\/\/seryhumano.com\/web\/#website\",\"url\":\"https:\/\/seryhumano.com\/web\/\",\"name\":\"SeryHumano.com\",\"description\":\"Revista digital muy humana, donde lo mas importante es el Ser...\",\"publisher\":{\"@id\":\"https:\/\/seryhumano.com\/web\/#organization\"},\"potentialAction\":[{\"@type\":\"SearchAction\",\"target\":{\"@type\":\"EntryPoint\",\"urlTemplate\":\"https:\/\/seryhumano.com\/web\/?s={search_term_string}\"},\"query-input\":{\"@type\":\"PropertyValueSpecification\",\"valueRequired\":true,\"valueName\":\"search_term_string\"}}],\"inLanguage\":\"es\"},{\"@type\":\"Organization\",\"@id\":\"https:\/\/seryhumano.com\/web\/#organization\",\"name\":\"SeryHumano.com\",\"url\":\"https:\/\/seryhumano.com\/web\/\",\"logo\":{\"@type\":\"ImageObject\",\"inLanguage\":\"es\",\"@id\":\"https:\/\/seryhumano.com\/web\/#\/schema\/logo\/image\/\",\"url\":\"https:\/\/seryhumano.com\/web\/wp-content\/uploads\/2020\/02\/JNe5VRwH_400x400-2.jpg\",\"contentUrl\":\"https:\/\/seryhumano.com\/web\/wp-content\/uploads\/2020\/02\/JNe5VRwH_400x400-2.jpg\",\"width\":400,\"height\":400,\"caption\":\"SeryHumano.com\"},\"image\":{\"@id\":\"https:\/\/seryhumano.com\/web\/#\/schema\/logo\/image\/\"},\"sameAs\":[\"https:\/\/www.facebook.com\/seryhumano\/\",\"https:\/\/x.com\/SeryHumano\",\"https:\/\/www.instagram.com\/seryhumano\/\",\"https:\/\/www.linkedin.com\/company\/seryhumano-com\/\",\"https:\/\/www.youtube.com\/channel\/UCYfgIGSxygVnJAW0e9ZBZWg\"]},{\"@type\":\"Person\",\"@id\":\"https:\/\/seryhumano.com\/web\/#\/schema\/person\/f4adb88e2944ce8c1d005724eb1186d6\",\"name\":\"Redacci\u00f3n SeryHumano.com\",\"sameAs\":[\"http:\/\/seryhumano.com\"],\"url\":\"https:\/\/seryhumano.com\/web\/?author=305\"}]}<\/script>\n<!-- \/ Yoast SEO plugin. -->","yoast_head_json":{"title":"Jos\u00e9 Madera Ni\u00f1o: \u201cLa salsa se convirti\u00f3 en parte de mi crecer\u201d","description":"Jos\u00e9 Madera Ni\u00f1o: \u201cLa salsa se convirti\u00f3 en parte de mi crecer\u201d. En esta segunda producci\u00f3n cuento con Pedrito Flores, quien es un excelente cantante y he","robots":{"index":"index","follow":"follow","max-snippet":"max-snippet:-1","max-image-preview":"max-image-preview:large","max-video-preview":"max-video-preview:-1"},"canonical":"https:\/\/seryhumano.com\/web\/?p=34603","og_locale":"es_ES","og_type":"article","og_title":"Jos\u00e9 Madera Ni\u00f1o: \u201cLa salsa se convirti\u00f3 en parte de mi crecer\u201d","og_description":"Jos\u00e9 Madera Ni\u00f1o: \u201cLa salsa se convirti\u00f3 en parte de mi crecer\u201d. En esta segunda producci\u00f3n cuento con Pedrito Flores, quien es un excelente cantante y he","og_url":"https:\/\/seryhumano.com\/web\/?p=34603","og_site_name":"SeryHumano.com","article_publisher":"https:\/\/www.facebook.com\/seryhumano\/","article_published_time":"2020-06-01T13:40:07+00:00","article_modified_time":"2020-06-01T13:40:13+00:00","og_image":[{"width":600,"height":600,"url":"https:\/\/seryhumano.com\/web\/wp-content\/uploads\/2020\/06\/Me-gustas-pero\u2026-es-lo-nuevo-de-Jos\u00e9-Madera-Ni\u00f1o-3er.Mundo_.jpg","type":"image\/jpeg"}],"author":"Redacci\u00f3n SeryHumano.com","twitter_card":"summary_large_image","twitter_creator":"@SeryHumano","twitter_site":"@SeryHumano","twitter_misc":{"Escrito por":"Redacci\u00f3n SeryHumano.com","Tiempo de lectura":"7 minutos"},"schema":{"@context":"https:\/\/schema.org","@graph":[{"@type":"Article","@id":"https:\/\/seryhumano.com\/web\/?p=34603#article","isPartOf":{"@id":"https:\/\/seryhumano.com\/web\/?p=34603"},"author":{"name":"Redacci\u00f3n SeryHumano.com","@id":"https:\/\/seryhumano.com\/web\/#\/schema\/person\/f4adb88e2944ce8c1d005724eb1186d6"},"headline":"Jos\u00e9 Madera Ni\u00f1o: \u201cLa salsa se convirti\u00f3 en parte de mi crecer\u201d","datePublished":"2020-06-01T13:40:07+00:00","dateModified":"2020-06-01T13:40:13+00:00","mainEntityOfPage":{"@id":"https:\/\/seryhumano.com\/web\/?p=34603"},"wordCount":1364,"publisher":{"@id":"https:\/\/seryhumano.com\/web\/#organization"},"image":{"@id":"https:\/\/seryhumano.com\/web\/?p=34603#primaryimage"},"thumbnailUrl":"https:\/\/seryhumano.com\/web\/wp-content\/uploads\/2020\/06\/Me-gustas-pero\u2026-es-lo-nuevo-de-Jos\u00e9-Madera-Ni\u00f1o-3er.Mundo_.jpg","articleSection":["Sonidos del Ser"],"inLanguage":"es"},{"@type":"WebPage","@id":"https:\/\/seryhumano.com\/web\/?p=34603","url":"https:\/\/seryhumano.com\/web\/?p=34603","name":"Jos\u00e9 Madera Ni\u00f1o: \u201cLa salsa se convirti\u00f3 en parte de mi crecer\u201d","isPartOf":{"@id":"https:\/\/seryhumano.com\/web\/#website"},"primaryImageOfPage":{"@id":"https:\/\/seryhumano.com\/web\/?p=34603#primaryimage"},"image":{"@id":"https:\/\/seryhumano.com\/web\/?p=34603#primaryimage"},"thumbnailUrl":"https:\/\/seryhumano.com\/web\/wp-content\/uploads\/2020\/06\/Me-gustas-pero\u2026-es-lo-nuevo-de-Jos\u00e9-Madera-Ni\u00f1o-3er.Mundo_.jpg","datePublished":"2020-06-01T13:40:07+00:00","dateModified":"2020-06-01T13:40:13+00:00","description":"Jos\u00e9 Madera Ni\u00f1o: \u201cLa salsa se convirti\u00f3 en parte de mi crecer\u201d. En esta segunda producci\u00f3n cuento con Pedrito Flores, quien es un excelente cantante y he","breadcrumb":{"@id":"https:\/\/seryhumano.com\/web\/?p=34603#breadcrumb"},"inLanguage":"es","potentialAction":[{"@type":"ReadAction","target":["https:\/\/seryhumano.com\/web\/?p=34603"]}]},{"@type":"ImageObject","inLanguage":"es","@id":"https:\/\/seryhumano.com\/web\/?p=34603#primaryimage","url":"https:\/\/seryhumano.com\/web\/wp-content\/uploads\/2020\/06\/Me-gustas-pero\u2026-es-lo-nuevo-de-Jos\u00e9-Madera-Ni\u00f1o-3er.Mundo_.jpg","contentUrl":"https:\/\/seryhumano.com\/web\/wp-content\/uploads\/2020\/06\/Me-gustas-pero\u2026-es-lo-nuevo-de-Jos\u00e9-Madera-Ni\u00f1o-3er.Mundo_.jpg","width":600,"height":600},{"@type":"BreadcrumbList","@id":"https:\/\/seryhumano.com\/web\/?p=34603#breadcrumb","itemListElement":[{"@type":"ListItem","position":1,"name":"Portada","item":"https:\/\/seryhumano.com\/web\/"},{"@type":"ListItem","position":2,"name":"Jos\u00e9 Madera Ni\u00f1o: \u201cLa salsa se convirti\u00f3 en parte de mi crecer\u201d"}]},{"@type":"WebSite","@id":"https:\/\/seryhumano.com\/web\/#website","url":"https:\/\/seryhumano.com\/web\/","name":"SeryHumano.com","description":"Revista digital muy humana, donde lo mas importante es el Ser...","publisher":{"@id":"https:\/\/seryhumano.com\/web\/#organization"},"potentialAction":[{"@type":"SearchAction","target":{"@type":"EntryPoint","urlTemplate":"https:\/\/seryhumano.com\/web\/?s={search_term_string}"},"query-input":{"@type":"PropertyValueSpecification","valueRequired":true,"valueName":"search_term_string"}}],"inLanguage":"es"},{"@type":"Organization","@id":"https:\/\/seryhumano.com\/web\/#organization","name":"SeryHumano.com","url":"https:\/\/seryhumano.com\/web\/","logo":{"@type":"ImageObject","inLanguage":"es","@id":"https:\/\/seryhumano.com\/web\/#\/schema\/logo\/image\/","url":"https:\/\/seryhumano.com\/web\/wp-content\/uploads\/2020\/02\/JNe5VRwH_400x400-2.jpg","contentUrl":"https:\/\/seryhumano.com\/web\/wp-content\/uploads\/2020\/02\/JNe5VRwH_400x400-2.jpg","width":400,"height":400,"caption":"SeryHumano.com"},"image":{"@id":"https:\/\/seryhumano.com\/web\/#\/schema\/logo\/image\/"},"sameAs":["https:\/\/www.facebook.com\/seryhumano\/","https:\/\/x.com\/SeryHumano","https:\/\/www.instagram.com\/seryhumano\/","https:\/\/www.linkedin.com\/company\/seryhumano-com\/","https:\/\/www.youtube.com\/channel\/UCYfgIGSxygVnJAW0e9ZBZWg"]},{"@type":"Person","@id":"https:\/\/seryhumano.com\/web\/#\/schema\/person\/f4adb88e2944ce8c1d005724eb1186d6","name":"Redacci\u00f3n SeryHumano.com","sameAs":["http:\/\/seryhumano.com"],"url":"https:\/\/seryhumano.com\/web\/?author=305"}]}},"_links":{"self":[{"href":"https:\/\/seryhumano.com\/web\/index.php?rest_route=\/wp\/v2\/posts\/34603","targetHints":{"allow":["GET"]}}],"collection":[{"href":"https:\/\/seryhumano.com\/web\/index.php?rest_route=\/wp\/v2\/posts"}],"about":[{"href":"https:\/\/seryhumano.com\/web\/index.php?rest_route=\/wp\/v2\/types\/post"}],"author":[{"embeddable":true,"href":"https:\/\/seryhumano.com\/web\/index.php?rest_route=\/wp\/v2\/users\/305"}],"replies":[{"embeddable":true,"href":"https:\/\/seryhumano.com\/web\/index.php?rest_route=%2Fwp%2Fv2%2Fcomments&post=34603"}],"version-history":[{"count":0,"href":"https:\/\/seryhumano.com\/web\/index.php?rest_route=\/wp\/v2\/posts\/34603\/revisions"}],"wp:featuredmedia":[{"embeddable":true,"href":"https:\/\/seryhumano.com\/web\/index.php?rest_route=\/wp\/v2\/media\/34604"}],"wp:attachment":[{"href":"https:\/\/seryhumano.com\/web\/index.php?rest_route=%2Fwp%2Fv2%2Fmedia&parent=34603"}],"wp:term":[{"taxonomy":"category","embeddable":true,"href":"https:\/\/seryhumano.com\/web\/index.php?rest_route=%2Fwp%2Fv2%2Fcategories&post=34603"},{"taxonomy":"post_tag","embeddable":true,"href":"https:\/\/seryhumano.com\/web\/index.php?rest_route=%2Fwp%2Fv2%2Ftags&post=34603"}],"curies":[{"name":"wp","href":"https:\/\/api.w.org\/{rel}","templated":true}]}}