{"id":34778,"date":"2020-06-17T13:20:20","date_gmt":"2020-06-17T17:50:20","guid":{"rendered":"https:\/\/seryhumano.com\/web\/?p=34778"},"modified":"2020-06-17T13:20:31","modified_gmt":"2020-06-17T17:50:31","slug":"cronica-de-una-causa-improbable","status":"publish","type":"post","link":"https:\/\/seryhumano.com\/web\/?p=34778","title":{"rendered":"Cr\u00f3nica de una causa improbable"},"content":{"rendered":"\n<blockquote class=\"wp-block-quote is-layout-flow wp-block-quote-is-layout-flow\"><p>Por Jos\u00e9 Brice\u00f1o<\/p><\/blockquote>\n\n\n\n<h2 class=\"has-text-align-center wp-block-heading\"><strong>Reclamamos el derecho de nombrarnos iberodescendientes tal como otras razas reclaman su origen. Como reivindicaci\u00f3n por su estado de ser v\u00edctimas del racismo<\/strong><\/h2>\n\n\n\n<div class=\"wp-block-image\"><figure class=\"aligncenter size-large\"><img loading=\"lazy\" decoding=\"async\" width=\"1024\" height=\"575\" src=\"https:\/\/seryhumano.com\/web\/wp-content\/uploads\/2020\/06\/racismo-1024x575.jpg\" alt=\"Cr\u00f3nica\" class=\"wp-image-34779\" srcset=\"https:\/\/seryhumano.com\/web\/wp-content\/uploads\/2020\/06\/racismo-1024x575.jpg 1024w, https:\/\/seryhumano.com\/web\/wp-content\/uploads\/2020\/06\/racismo-300x168.jpg 300w, https:\/\/seryhumano.com\/web\/wp-content\/uploads\/2020\/06\/racismo-768x431.jpg 768w, https:\/\/seryhumano.com\/web\/wp-content\/uploads\/2020\/06\/racismo-1536x862.jpg 1536w, https:\/\/seryhumano.com\/web\/wp-content\/uploads\/2020\/06\/racismo.jpg 1920w\" sizes=\"auto, (max-width: 1024px) 100vw, 1024px\" \/><\/figure><\/div>\n\n\n\n<p>En estos tiempos absurdos he comprobado que con un m\u00ednimo de talento cualquier persona se puede hacer pasar por cuerda. En vista de eso, yo, como representante supremo, reclamo el derecho de mis antepasados, los habitantes ancestrales (400 a\u00f1os nos hacen ancestrales) de las monta\u00f1as tachirenses quienes a nombre de su Majestad tomamos como una extensi\u00f3n de la madre patria y para cumplir como servidores de la cat\u00f3lica majestad residida en el Rey, lo que nos hizo representantes de la corona y del Dios de los pobres con el sagrado deber de cristianizar esta tierra inculta.<\/p>\n\n\n\n<p>Reclamamos el derecho de nombrarnos iberodescendientes tal como otras razas reclaman su origen como reivindicaci\u00f3n por su estado de ser v\u00edctimas del racismo, hago valer el mismo derecho que ellos, para emprender acciones que conlleven al justo reconocimiento de mi causa.<\/p>\n\n\n\n<h2 class=\"has-text-align-right wp-block-heading\">Por favor lea el texto \u00edntegro, a pesar de sus pruritos de lo pol\u00edticamente correcto; este articulo pretende demostrar el absoluto rid\u00edculo de algunos movimientos libertarios del siglo XXI<\/h2>\n\n\n\n<p>Ante la avasallante carrera por exhibir banderas de protesta sobre causas ex\u00f3ticas he decidido sumar mi voz para hacer del mundo, un sitio m\u00e1s amable para todo.<\/p>\n\n\n\n<p>En pro de la justicia debo levantar mi voz para exigir justicia sobre el da\u00f1o moral que ha cargado mi pueblo, desde tiempos antiguos, bajo el yugo temible primero de la corona espa\u00f1ola, que bajo enga\u00f1o nos abandon\u00f3 a nuestra suerte, luego, de otros advenedizos que a costa de su fuerza dejaron a mis ancestros en la calle, sin tomar en cuenta que fueron gente de trabajo y tes\u00f3n, emigrantes legales que no hicieron m\u00e1s que engrandecer este pa\u00eds con compromiso honrado.<\/p>\n\n\n\n<p>Quiz\u00e1s desee leer: <a href=\"https:\/\/seryhumano.com\/web\/el-deber-ser-humano\/\">El (deber) ser humano<\/a><\/p>\n\n\n\n<p>Hace quinientos a\u00f1os el primero de mi estirpe lleg\u00f3 a Venezuela, sin un c\u00e9ntimo en su cartera. Aun cuando ten\u00eda la tez blanca y los ojos azules, pronto se sum\u00f3 a sus iguales en la tarea de sembrar las monta\u00f1as andinas de cafetos, gracias a ellos, comenz\u00f3 a brotar una fortuna labrada a mano.<\/p>\n\n\n\n<p>El t\u00e1tara nieto de \u00e9ste, en el siglo XVIII construy\u00f3 la primera escuela p\u00fablica en esas monta\u00f1as andinas para que los hijos de sus vecinos aprendiesen las primeras herramientas con las cuales, en un futuro no muy lejano, pudiesen encargarse de los negocios familiares.<\/p>\n\n\n\n<p>En aquellos a\u00f1os duros, donde la agricultura y la ganader\u00eda era oficio de gentes fuertes, a las que las agarraba la ma\u00f1ana en el campo y la noche en su casa, sin grandes vicios, ni m\u00e1s norte que el trabajo duro cada ma\u00f1ana.<\/p>\n\n\n\n<p>A principios del siglo XIX la fortuna familiar comenz\u00f3 a mermar, eso debido a la exigencia del distante, su cat\u00f3lica majestad, el Rey Fernando VII quien design\u00f3 a unos abominables agentes, de una tal compa\u00f1\u00eda guipuzcoana, para esquilmar un alto porcentaje de las ganancias que ellos, tan duramente crearon con su duro trabajo.<\/p>\n\n\n\n<p>Este distante Rey se quedaba con el sesenta por ciento de todo como impuesto real, sin que tuviesen como defenderse de este odioso impuesto que los llev\u00f3 eventualmente a la ruina. Tan feo fue que, aquel bisabuelo tuvo que vender sus esclavos para encargar a la familia en pleno, a labores que no estaban permitidos a su raza.<\/p>\n\n\n\n<h2 class=\"has-text-align-right wp-block-heading\">Este ancestro envi\u00f3 a dos de sus hijos a estudiar en Espa\u00f1a de donde se supon\u00eda eran connacionales, uno de ellos muri\u00f3 ahogado gracias a las balas de un corsario ingl\u00e9s cuando atravesaron el caribe rumbo al puerto de Veracruz.<\/h2>\n\n\n\n<p>El otro, luego de todos desplantes sufridos por los que, hasta ese momento consider\u00f3 sus iguales, todos los se\u00f1oritos que le hicieron el feo por ser \u201c<em>blanco de orilla<\/em>\u201d, solo al escuchar su acento era inmediatamente rechazado de todos los aforos sociales, fueron los a\u00f1os que conoci\u00f3 al joven Sim\u00f3n all\u00e1 en Madrid con quien intercambi\u00f3 opiniones, haciendo el compromiso de hacer pagar a la corona espa\u00f1ola el negarse a reconocer a sus colonos tan blancos como ellos mismo.<\/p>\n\n\n\n<p>El racismo il\u00f3gico designado por el lugar de nacimiento de esos dos ilustres reto\u00f1os de familias blancas de Venezuela que a\u00f1os m\u00e1s tarde logr\u00f3 aquella promesa hecha en la sala del burdel real, siendo oficiales del despiadado ej\u00e9rcito republicano.<\/p>\n\n\n\n<p>Mi antepasado muri\u00f3 a manos de los odiados soldados que representaban al Rey, siendo fusilado sumariamente como traidor a la corona con el alevoso cargo no solo estar en rebeli\u00f3n si no de repartir rangos militares seg\u00fan la cantidad de cabezas espa\u00f1olas presentadas como aval de su fanatismo, siendo posible pasar de don nadie a general, si has asesinado a veinte enemigos decapit\u00e1ndolos para aspirar al rango.<\/p>\n\n\n\n<h2 class=\"has-text-align-right wp-block-heading\">Una cosa de esas que solo suceden en las guerras. Lo que en realidad sucedi\u00f3 fue que lo castigaron por no haber nacido en Espa\u00f1a, purgando el racista mote de <em>Blanco de orilla<\/em>, como si de una bacteria se tratase. El racismo es terrible.<\/h2>\n\n\n\n<p>Los sobrevivientes se quedaron en sus monta\u00f1as cosechando caf\u00e9, ahora le ten\u00edan que pagar una bonificaci\u00f3n revolucionaria a los antiguos esclavos por algo que hasta hacia poco les pagaban d\u00e1ndoles techo, comida y hasta educaci\u00f3n cristiana a cambio de su trabajo.<\/p>\n\n\n\n<p>Eran tratados como una familia extendida, unos hijos adoptados a quienes hab\u00eda que meter en cintura de vez en cuando y, con m\u00e9todos duros, porque no eran muy inteligentes que se diga, hasta que llegaron otra vez los pol\u00edticos para hacernos trabajar.<\/p>\n\n\n\n<p>Adem\u00e1s, de comenzar a pagar sueldos a quienes antes proteg\u00edamos, ahora encima de todo, hay que cuidarse de las cuentas con ellos, eso fue una injusticia en contra de las tradiciones, mil a\u00f1os de esclavitud sancionada con benepl\u00e1cito no solo por nuestros reyes, tambi\u00e9n por el Papa en su alto sitial como representantes de Dios.<\/p>\n\n\n\n<p>Esa doble bendici\u00f3n les permit\u00eda a los honrados agricultores poder tener en producci\u00f3n sus valiosa tierras, desde que se las adjudicaron a los primeros propietarios quienes se ganaron el honor, luego de a\u00f1os de arriesgar su vida al servicio de la corona en contra de los infames malvados abor\u00edgenes que los odiaban tambi\u00e9n por ser blancos en aquella \u00e9poca ser de diferente color o lugar de nacimiento, lo cual era muy mal visto.<\/p>\n\n\n\n<p>Luego de la desgracia acaecida por el racismo espa\u00f1ol que no permit\u00eda que&nbsp; los tratasen como iguales, la familia decidi\u00f3 que los pr\u00f3ximos candidatos para una educaci\u00f3n formal deb\u00edan ser formados en los afamados internados ubicadas en la ahora llamada Bogot\u00e1, antes Santa Fe, donde no ten\u00eda cabida el racismo.<\/p>\n\n\n\n<p>Ah\u00ed los trataban seg\u00fan la dignidad de su raza, tal como corresponde a los descendientes de blancos de castilla como todos ellos, la \u00faltima afrenta que sufrimos como rechazados por nuestro pa\u00eds fue justo antes de que el padrino de mi bisabuelo, Don Juan Vicente G\u00f3mez los pusiera en su sitio a esos los sitiadores centrales, que invadieron la sacrosanta tierra de nuestros ancestros, con excusas de legalidad.<\/p>\n\n\n\n<p>Aquellos otros descendientes de los blancos de castilla que por la abigarrada y her\u00e9tica mezcla racial de los nacidos, en eso que llamaban centro del pa\u00eds, se dec\u00edan nuestros parientes lejanos, pero en realidad no eran m\u00e1s que unos barbaros, acostumbrados a la violencia antes que al trabajo. En los Andes no sab\u00edan ni de que pertenec\u00edan a la misma naci\u00f3n.<\/p>\n\n\n\n<h2 class=\"has-text-align-right wp-block-heading\">Desde tiempos del General nos fuimos, como familia, saliendo de las monta\u00f1as para emigrar al centro del pa\u00eds, aunque ya no nos consideramos blancos de castilla por un asunto de costumbre, ahora somos gochos, ese pa\u00eds distante que pervive en Venezuela por un asunto administrativo.<\/h2>\n\n\n\n<p>Luego de muchos a\u00f1os luciendo con orgullo nuestro color de piel y cas\u00e1ndonos solo con nuestros iguales para seguir manteniendo el tipo familiar, volvemos a ser parte de las v\u00edctimas del racismo, los afrodescendientes nos hostigan con sus malas caras y las consignas de que somos burgueses como si vivir en La Lagunita en una casa con apenas 1200 metros de jardines nos hiciera culpables m\u00e1s que de trabajar.<\/p>\n\n\n\n<p>Si a ver vamos mis choznos (el antepasado del primer&nbsp; tatarabuelo), hasta los bisabuelos tuvieron esclavos bajo la santa aprobaci\u00f3n del Papa, quien no ten\u00eda esclavos porque para eso son los novicios y las monjas, si el representante en la Tierra de nuestro Se\u00f1or Jesucristo lo aprueba, quiere decir, que no es pecado, por otra parte, si el Rey lo aprobaba, entonces est\u00e1bamos ante la doble legalidad por lo que no fue tal crimen; y de eso fue hace doscientos cincuenta a\u00f1os y yo no tengo ni la m\u00e1s remota idea de donde est\u00e1n enterrados esos ancestros.<\/p>\n\n\n\n<p>Entonces como descendientes directos por nuestro puro ADN de los <em>Blancos de Castilla<\/em>, exigimos como grupo \u00e9tnico, nos adjetiven de ahora en adelante como <strong>Iberodescendientes<\/strong> con pleno reconocimiento hasta en las actas civiles, tambi\u00e9n a sus majestades cat\u00f3licas que reconozcan como siervos fieles y nos otorgue el pasaporte europeo, adem\u00e1s de la nacionalidad como descendientes directos de la madre patria, para acceder a la libertad que nos deben desde que nos declararon despectivamente \u201c<em>Blancos de Orilla<\/em>\u201d, priv\u00e1ndonos del derecho que nos asist\u00eda a tener t\u00edtulos nobiliarios.<\/p>\n\n\n\n<p>Quiz\u00e1s hoy estar\u00eda escribiendo esto desde el Marques de Los Olivos d\u00e1ndonos el estatus que nos merecemos, luego de tanto racismo en nuestra contra; por otra parte, queremos exigir al mundo, que nos respete como lo que somos, <em>Blancos Europeos<\/em> jam\u00e1s sudacas ni caribe\u00f1os, de este modo el mundo resarcir\u00e1 el da\u00f1o que le han hecho a mi pueblo.<\/p>\n\n\n\n<h2 class=\"has-text-align-right wp-block-heading\">As\u00ed se defiende una causa absurda para presentarla como un drama para ganar adeptos que fabrican locas teor\u00edas en base a su creencia, sin caer en cuenta de lo est\u00fapido de su proceder a estas alturas del siglo XXI.<\/h2>\n\n\n\n<p>Eso precisamente est\u00e1 sucediendo en todas partes, a pesar de que absolutamente todo este cuento es falso, bien puede ser el s\u00edmil de cualquier declaraci\u00f3n que d\u00e9 comienzo a un movimiento sedicioso de catires buscando escapar del horror venezolano para \u201c<em>obligar<\/em>\u201d a los falsos culpables de su pobreza a reconocerlos y, quiz\u00e1s hasta sacar un boleto de loter\u00eda con pasaporte incluido para ejercer legalmente su t\u00edtulo en un sitio donde, cuando menos, su sueldo le dar\u00e1 para comer feliz aun siendo infeliz lejos del mar caribe.<\/p>\n\n\n\n<p>La \u00fanica diferencia que deber\u00eda ser tomada en cuenta es la intelectual, no para hacer el mundo m\u00e1s estratificado, todo lo contrario, es m\u00e1s f\u00e1cil adquirir cultura que cambiarse la piel, por tanto, creerse algo por ser de un color de tez especifico, esgrimir tragedias a\u00f1ejas, sin m\u00e1s m\u00e9rito que la violencia, es un silogismo de la l\u00f3gica del resentido promedio, un mal que se agiganta con el tiempo.<\/p>\n\n\n\n<p>Es una l\u00e1stima que este holocausto del fin del mundo les haya dado poder; no podr\u00eda imaginar un peor planeta que el gobernado por la idiotez\u2026siempre me imagin\u00e9 el siglo XXI como algo brillante, tristemente la realidad es otra&nbsp; .<\/p>\n\n\n\n<p>seryhumano.com \/ <a href=\"https:\/\/twitter.com\/jbdiwancomeback\">Jos\u00e9 Ram\u00f3n Brice\u00f1o<\/a>*<\/p>\n\n\n\n<p>*Ganador de varios galardones nacionales y regionales. Exprofesor de fotograf\u00eda de la Universidad de Carabobo y Universidad Bicentenaria de Aragua. Actualmente dedicado al ejercicio freelance<\/p>\n\n\n\n<p>Si quiere recibir en su celular esta y otras informaciones y art\u00edculos descargue Telegram, ingrese al link <a href=\"htts:\/\/t.ime\/seryhumano\">htts:\/\/t.ime\/seryhumano<\/a> y dele clic a +Unirme<\/p>\n","protected":false},"excerpt":{"rendered":"<p>Por Jos\u00e9 Brice\u00f1o Reclamamos el derecho de nombrarnos iberodescendientes tal como otras razas reclaman su origen. Como reivindicaci\u00f3n por su estado de ser v\u00edctimas del racismo En estos tiempos absurdos he comprobado que con un m\u00ednimo de talento cualquier persona se puede hacer pasar por cuerda. En vista de eso, yo, como representante supremo, reclamo&hellip;<\/p>\n","protected":false},"author":305,"featured_media":34779,"comment_status":"closed","ping_status":"closed","sticky":false,"template":"","format":"standard","meta":{"footnotes":""},"categories":[138],"tags":[],"class_list":["post-34778","post","type-post","status-publish","format-standard","has-post-thumbnail","hentry","category-seres-que-opinan","category-138","description-off"],"yoast_head":"<!-- This site is optimized with the Yoast SEO plugin v25.4 - https:\/\/yoast.com\/wordpress\/plugins\/seo\/ -->\n<title>Cr\u00f3nica de una causa improbable &#187; SeryHumano.com<\/title>\n<meta name=\"description\" content=\"Cr\u00f3nica de una causa improbable. Es una l\u00e1stima que este holocausto del fin del mundo les haya dado poder; no podr\u00eda imaginar un peor planeta que el goberna\" \/>\n<meta name=\"robots\" content=\"index, follow, max-snippet:-1, max-image-preview:large, max-video-preview:-1\" \/>\n<link rel=\"canonical\" href=\"https:\/\/seryhumano.com\/web\/?p=34778\" \/>\n<meta property=\"og:locale\" content=\"es_ES\" \/>\n<meta property=\"og:type\" content=\"article\" \/>\n<meta property=\"og:title\" content=\"Cr\u00f3nica de una causa improbable &#187; SeryHumano.com\" \/>\n<meta property=\"og:description\" content=\"Cr\u00f3nica de una causa improbable. Es una l\u00e1stima que este holocausto del fin del mundo les haya dado poder; no podr\u00eda imaginar un peor planeta que el goberna\" \/>\n<meta property=\"og:url\" content=\"https:\/\/seryhumano.com\/web\/?p=34778\" \/>\n<meta property=\"og:site_name\" content=\"SeryHumano.com\" \/>\n<meta property=\"article:publisher\" content=\"https:\/\/www.facebook.com\/seryhumano\/\" \/>\n<meta property=\"article:published_time\" content=\"2020-06-17T17:50:20+00:00\" \/>\n<meta property=\"article:modified_time\" content=\"2020-06-17T17:50:31+00:00\" \/>\n<meta property=\"og:image\" content=\"https:\/\/seryhumano.com\/web\/wp-content\/uploads\/2020\/06\/racismo.jpg\" \/>\n\t<meta property=\"og:image:width\" content=\"1920\" \/>\n\t<meta property=\"og:image:height\" content=\"1078\" \/>\n\t<meta property=\"og:image:type\" content=\"image\/jpeg\" \/>\n<meta name=\"author\" content=\"Redacci\u00f3n SeryHumano.com\" \/>\n<meta name=\"twitter:card\" content=\"summary_large_image\" \/>\n<meta name=\"twitter:creator\" content=\"@SeryHumano\" \/>\n<meta name=\"twitter:site\" content=\"@SeryHumano\" \/>\n<meta name=\"twitter:label1\" content=\"Escrito por\" \/>\n\t<meta name=\"twitter:data1\" content=\"Redacci\u00f3n SeryHumano.com\" \/>\n\t<meta name=\"twitter:label2\" content=\"Tiempo de lectura\" \/>\n\t<meta name=\"twitter:data2\" content=\"10 minutos\" \/>\n<script type=\"application\/ld+json\" class=\"yoast-schema-graph\">{\"@context\":\"https:\/\/schema.org\",\"@graph\":[{\"@type\":\"Article\",\"@id\":\"https:\/\/seryhumano.com\/web\/?p=34778#article\",\"isPartOf\":{\"@id\":\"https:\/\/seryhumano.com\/web\/?p=34778\"},\"author\":{\"name\":\"Redacci\u00f3n SeryHumano.com\",\"@id\":\"https:\/\/seryhumano.com\/web\/#\/schema\/person\/f4adb88e2944ce8c1d005724eb1186d6\"},\"headline\":\"Cr\u00f3nica de una causa improbable\",\"datePublished\":\"2020-06-17T17:50:20+00:00\",\"dateModified\":\"2020-06-17T17:50:31+00:00\",\"mainEntityOfPage\":{\"@id\":\"https:\/\/seryhumano.com\/web\/?p=34778\"},\"wordCount\":2006,\"publisher\":{\"@id\":\"https:\/\/seryhumano.com\/web\/#organization\"},\"image\":{\"@id\":\"https:\/\/seryhumano.com\/web\/?p=34778#primaryimage\"},\"thumbnailUrl\":\"https:\/\/seryhumano.com\/web\/wp-content\/uploads\/2020\/06\/racismo.jpg\",\"articleSection\":[\"Seres que opinan\"],\"inLanguage\":\"es\"},{\"@type\":\"WebPage\",\"@id\":\"https:\/\/seryhumano.com\/web\/?p=34778\",\"url\":\"https:\/\/seryhumano.com\/web\/?p=34778\",\"name\":\"Cr\u00f3nica de una causa improbable &#187; SeryHumano.com\",\"isPartOf\":{\"@id\":\"https:\/\/seryhumano.com\/web\/#website\"},\"primaryImageOfPage\":{\"@id\":\"https:\/\/seryhumano.com\/web\/?p=34778#primaryimage\"},\"image\":{\"@id\":\"https:\/\/seryhumano.com\/web\/?p=34778#primaryimage\"},\"thumbnailUrl\":\"https:\/\/seryhumano.com\/web\/wp-content\/uploads\/2020\/06\/racismo.jpg\",\"datePublished\":\"2020-06-17T17:50:20+00:00\",\"dateModified\":\"2020-06-17T17:50:31+00:00\",\"description\":\"Cr\u00f3nica de una causa improbable. Es una l\u00e1stima que este holocausto del fin del mundo les haya dado poder; no podr\u00eda imaginar un peor planeta que el goberna\",\"breadcrumb\":{\"@id\":\"https:\/\/seryhumano.com\/web\/?p=34778#breadcrumb\"},\"inLanguage\":\"es\",\"potentialAction\":[{\"@type\":\"ReadAction\",\"target\":[\"https:\/\/seryhumano.com\/web\/?p=34778\"]}]},{\"@type\":\"ImageObject\",\"inLanguage\":\"es\",\"@id\":\"https:\/\/seryhumano.com\/web\/?p=34778#primaryimage\",\"url\":\"https:\/\/seryhumano.com\/web\/wp-content\/uploads\/2020\/06\/racismo.jpg\",\"contentUrl\":\"https:\/\/seryhumano.com\/web\/wp-content\/uploads\/2020\/06\/racismo.jpg\",\"width\":1920,\"height\":1078},{\"@type\":\"BreadcrumbList\",\"@id\":\"https:\/\/seryhumano.com\/web\/?p=34778#breadcrumb\",\"itemListElement\":[{\"@type\":\"ListItem\",\"position\":1,\"name\":\"Portada\",\"item\":\"https:\/\/seryhumano.com\/web\/\"},{\"@type\":\"ListItem\",\"position\":2,\"name\":\"Cr\u00f3nica de una causa improbable\"}]},{\"@type\":\"WebSite\",\"@id\":\"https:\/\/seryhumano.com\/web\/#website\",\"url\":\"https:\/\/seryhumano.com\/web\/\",\"name\":\"SeryHumano.com\",\"description\":\"Revista digital muy humana, donde lo mas importante es el Ser...\",\"publisher\":{\"@id\":\"https:\/\/seryhumano.com\/web\/#organization\"},\"potentialAction\":[{\"@type\":\"SearchAction\",\"target\":{\"@type\":\"EntryPoint\",\"urlTemplate\":\"https:\/\/seryhumano.com\/web\/?s={search_term_string}\"},\"query-input\":{\"@type\":\"PropertyValueSpecification\",\"valueRequired\":true,\"valueName\":\"search_term_string\"}}],\"inLanguage\":\"es\"},{\"@type\":\"Organization\",\"@id\":\"https:\/\/seryhumano.com\/web\/#organization\",\"name\":\"SeryHumano.com\",\"url\":\"https:\/\/seryhumano.com\/web\/\",\"logo\":{\"@type\":\"ImageObject\",\"inLanguage\":\"es\",\"@id\":\"https:\/\/seryhumano.com\/web\/#\/schema\/logo\/image\/\",\"url\":\"https:\/\/seryhumano.com\/web\/wp-content\/uploads\/2020\/02\/JNe5VRwH_400x400-2.jpg\",\"contentUrl\":\"https:\/\/seryhumano.com\/web\/wp-content\/uploads\/2020\/02\/JNe5VRwH_400x400-2.jpg\",\"width\":400,\"height\":400,\"caption\":\"SeryHumano.com\"},\"image\":{\"@id\":\"https:\/\/seryhumano.com\/web\/#\/schema\/logo\/image\/\"},\"sameAs\":[\"https:\/\/www.facebook.com\/seryhumano\/\",\"https:\/\/x.com\/SeryHumano\",\"https:\/\/www.instagram.com\/seryhumano\/\",\"https:\/\/www.linkedin.com\/company\/seryhumano-com\/\",\"https:\/\/www.youtube.com\/channel\/UCYfgIGSxygVnJAW0e9ZBZWg\"]},{\"@type\":\"Person\",\"@id\":\"https:\/\/seryhumano.com\/web\/#\/schema\/person\/f4adb88e2944ce8c1d005724eb1186d6\",\"name\":\"Redacci\u00f3n SeryHumano.com\",\"sameAs\":[\"http:\/\/seryhumano.com\"],\"url\":\"https:\/\/seryhumano.com\/web\/?author=305\"}]}<\/script>\n<!-- \/ Yoast SEO plugin. -->","yoast_head_json":{"title":"Cr\u00f3nica de una causa improbable &#187; SeryHumano.com","description":"Cr\u00f3nica de una causa improbable. Es una l\u00e1stima que este holocausto del fin del mundo les haya dado poder; no podr\u00eda imaginar un peor planeta que el goberna","robots":{"index":"index","follow":"follow","max-snippet":"max-snippet:-1","max-image-preview":"max-image-preview:large","max-video-preview":"max-video-preview:-1"},"canonical":"https:\/\/seryhumano.com\/web\/?p=34778","og_locale":"es_ES","og_type":"article","og_title":"Cr\u00f3nica de una causa improbable &#187; SeryHumano.com","og_description":"Cr\u00f3nica de una causa improbable. Es una l\u00e1stima que este holocausto del fin del mundo les haya dado poder; no podr\u00eda imaginar un peor planeta que el goberna","og_url":"https:\/\/seryhumano.com\/web\/?p=34778","og_site_name":"SeryHumano.com","article_publisher":"https:\/\/www.facebook.com\/seryhumano\/","article_published_time":"2020-06-17T17:50:20+00:00","article_modified_time":"2020-06-17T17:50:31+00:00","og_image":[{"width":1920,"height":1078,"url":"https:\/\/seryhumano.com\/web\/wp-content\/uploads\/2020\/06\/racismo.jpg","type":"image\/jpeg"}],"author":"Redacci\u00f3n SeryHumano.com","twitter_card":"summary_large_image","twitter_creator":"@SeryHumano","twitter_site":"@SeryHumano","twitter_misc":{"Escrito por":"Redacci\u00f3n SeryHumano.com","Tiempo de lectura":"10 minutos"},"schema":{"@context":"https:\/\/schema.org","@graph":[{"@type":"Article","@id":"https:\/\/seryhumano.com\/web\/?p=34778#article","isPartOf":{"@id":"https:\/\/seryhumano.com\/web\/?p=34778"},"author":{"name":"Redacci\u00f3n SeryHumano.com","@id":"https:\/\/seryhumano.com\/web\/#\/schema\/person\/f4adb88e2944ce8c1d005724eb1186d6"},"headline":"Cr\u00f3nica de una causa improbable","datePublished":"2020-06-17T17:50:20+00:00","dateModified":"2020-06-17T17:50:31+00:00","mainEntityOfPage":{"@id":"https:\/\/seryhumano.com\/web\/?p=34778"},"wordCount":2006,"publisher":{"@id":"https:\/\/seryhumano.com\/web\/#organization"},"image":{"@id":"https:\/\/seryhumano.com\/web\/?p=34778#primaryimage"},"thumbnailUrl":"https:\/\/seryhumano.com\/web\/wp-content\/uploads\/2020\/06\/racismo.jpg","articleSection":["Seres que opinan"],"inLanguage":"es"},{"@type":"WebPage","@id":"https:\/\/seryhumano.com\/web\/?p=34778","url":"https:\/\/seryhumano.com\/web\/?p=34778","name":"Cr\u00f3nica de una causa improbable &#187; SeryHumano.com","isPartOf":{"@id":"https:\/\/seryhumano.com\/web\/#website"},"primaryImageOfPage":{"@id":"https:\/\/seryhumano.com\/web\/?p=34778#primaryimage"},"image":{"@id":"https:\/\/seryhumano.com\/web\/?p=34778#primaryimage"},"thumbnailUrl":"https:\/\/seryhumano.com\/web\/wp-content\/uploads\/2020\/06\/racismo.jpg","datePublished":"2020-06-17T17:50:20+00:00","dateModified":"2020-06-17T17:50:31+00:00","description":"Cr\u00f3nica de una causa improbable. Es una l\u00e1stima que este holocausto del fin del mundo les haya dado poder; no podr\u00eda imaginar un peor planeta que el goberna","breadcrumb":{"@id":"https:\/\/seryhumano.com\/web\/?p=34778#breadcrumb"},"inLanguage":"es","potentialAction":[{"@type":"ReadAction","target":["https:\/\/seryhumano.com\/web\/?p=34778"]}]},{"@type":"ImageObject","inLanguage":"es","@id":"https:\/\/seryhumano.com\/web\/?p=34778#primaryimage","url":"https:\/\/seryhumano.com\/web\/wp-content\/uploads\/2020\/06\/racismo.jpg","contentUrl":"https:\/\/seryhumano.com\/web\/wp-content\/uploads\/2020\/06\/racismo.jpg","width":1920,"height":1078},{"@type":"BreadcrumbList","@id":"https:\/\/seryhumano.com\/web\/?p=34778#breadcrumb","itemListElement":[{"@type":"ListItem","position":1,"name":"Portada","item":"https:\/\/seryhumano.com\/web\/"},{"@type":"ListItem","position":2,"name":"Cr\u00f3nica de una causa improbable"}]},{"@type":"WebSite","@id":"https:\/\/seryhumano.com\/web\/#website","url":"https:\/\/seryhumano.com\/web\/","name":"SeryHumano.com","description":"Revista digital muy humana, donde lo mas importante es el Ser...","publisher":{"@id":"https:\/\/seryhumano.com\/web\/#organization"},"potentialAction":[{"@type":"SearchAction","target":{"@type":"EntryPoint","urlTemplate":"https:\/\/seryhumano.com\/web\/?s={search_term_string}"},"query-input":{"@type":"PropertyValueSpecification","valueRequired":true,"valueName":"search_term_string"}}],"inLanguage":"es"},{"@type":"Organization","@id":"https:\/\/seryhumano.com\/web\/#organization","name":"SeryHumano.com","url":"https:\/\/seryhumano.com\/web\/","logo":{"@type":"ImageObject","inLanguage":"es","@id":"https:\/\/seryhumano.com\/web\/#\/schema\/logo\/image\/","url":"https:\/\/seryhumano.com\/web\/wp-content\/uploads\/2020\/02\/JNe5VRwH_400x400-2.jpg","contentUrl":"https:\/\/seryhumano.com\/web\/wp-content\/uploads\/2020\/02\/JNe5VRwH_400x400-2.jpg","width":400,"height":400,"caption":"SeryHumano.com"},"image":{"@id":"https:\/\/seryhumano.com\/web\/#\/schema\/logo\/image\/"},"sameAs":["https:\/\/www.facebook.com\/seryhumano\/","https:\/\/x.com\/SeryHumano","https:\/\/www.instagram.com\/seryhumano\/","https:\/\/www.linkedin.com\/company\/seryhumano-com\/","https:\/\/www.youtube.com\/channel\/UCYfgIGSxygVnJAW0e9ZBZWg"]},{"@type":"Person","@id":"https:\/\/seryhumano.com\/web\/#\/schema\/person\/f4adb88e2944ce8c1d005724eb1186d6","name":"Redacci\u00f3n SeryHumano.com","sameAs":["http:\/\/seryhumano.com"],"url":"https:\/\/seryhumano.com\/web\/?author=305"}]}},"_links":{"self":[{"href":"https:\/\/seryhumano.com\/web\/index.php?rest_route=\/wp\/v2\/posts\/34778","targetHints":{"allow":["GET"]}}],"collection":[{"href":"https:\/\/seryhumano.com\/web\/index.php?rest_route=\/wp\/v2\/posts"}],"about":[{"href":"https:\/\/seryhumano.com\/web\/index.php?rest_route=\/wp\/v2\/types\/post"}],"author":[{"embeddable":true,"href":"https:\/\/seryhumano.com\/web\/index.php?rest_route=\/wp\/v2\/users\/305"}],"replies":[{"embeddable":true,"href":"https:\/\/seryhumano.com\/web\/index.php?rest_route=%2Fwp%2Fv2%2Fcomments&post=34778"}],"version-history":[{"count":0,"href":"https:\/\/seryhumano.com\/web\/index.php?rest_route=\/wp\/v2\/posts\/34778\/revisions"}],"wp:featuredmedia":[{"embeddable":true,"href":"https:\/\/seryhumano.com\/web\/index.php?rest_route=\/wp\/v2\/media\/34779"}],"wp:attachment":[{"href":"https:\/\/seryhumano.com\/web\/index.php?rest_route=%2Fwp%2Fv2%2Fmedia&parent=34778"}],"wp:term":[{"taxonomy":"category","embeddable":true,"href":"https:\/\/seryhumano.com\/web\/index.php?rest_route=%2Fwp%2Fv2%2Fcategories&post=34778"},{"taxonomy":"post_tag","embeddable":true,"href":"https:\/\/seryhumano.com\/web\/index.php?rest_route=%2Fwp%2Fv2%2Ftags&post=34778"}],"curies":[{"name":"wp","href":"https:\/\/api.w.org\/{rel}","templated":true}]}}