{"id":35460,"date":"2020-08-11T13:35:38","date_gmt":"2020-08-11T18:05:38","guid":{"rendered":"https:\/\/seryhumano.com\/web\/?p=35460"},"modified":"2020-08-11T13:35:42","modified_gmt":"2020-08-11T18:05:42","slug":"se-forma-huracan-elida-frente-al-occidente-de-mexico","status":"publish","type":"post","link":"https:\/\/seryhumano.com\/web\/?p=35460","title":{"rendered":"Se forma hurac\u00e1n Elida frente al occidente de M\u00e9xico"},"content":{"rendered":"\n<h2 class=\"has-text-align-center wp-block-heading\"><strong>La tormenta Elida se convirti\u00f3 en hurac\u00e1n este lunes en el Pac\u00edfico frente al occidente de M\u00e9xico, pero se prev\u00e9 que se desplace hacia el oeste y se adentre en el oc\u00e9ano.<\/strong><\/h2>\n\n\n\n<div class=\"wp-block-image\"><figure class=\"aligncenter size-large\"><img loading=\"lazy\" decoding=\"async\" width=\"922\" height=\"1024\" src=\"https:\/\/seryhumano.com\/web\/wp-content\/uploads\/2020\/08\/Hurac\u00e1n-922x1024.jpg\" alt=\"Hurac\u00e1n\" class=\"wp-image-35461\" srcset=\"https:\/\/seryhumano.com\/web\/wp-content\/uploads\/2020\/08\/Hurac\u00e1n-922x1024.jpg 922w, https:\/\/seryhumano.com\/web\/wp-content\/uploads\/2020\/08\/Hurac\u00e1n-270x300.jpg 270w, https:\/\/seryhumano.com\/web\/wp-content\/uploads\/2020\/08\/Hurac\u00e1n-768x853.jpg 768w, https:\/\/seryhumano.com\/web\/wp-content\/uploads\/2020\/08\/Hurac\u00e1n-1382x1536.jpg 1382w, https:\/\/seryhumano.com\/web\/wp-content\/uploads\/2020\/08\/Hurac\u00e1n.jpg 1728w\" sizes=\"auto, (max-width: 922px) 100vw, 922px\" \/><\/figure><\/div>\n\n\n\n<p>No se ha emitido ninguna advertencia, report\u00f3 el Centro Nacional de Huracanes de Estados Unidos. Elida tiene vientos sostenidos m\u00e1ximos de 120 km\/h (75 mph) y se ubica a unos 380 kil\u00f3metros (235 millas) al sur-suroeste del extremo sur de la pen\u00ednsula de Baja California.<\/p>\n\n\n\n<p>Se desplaza en direcci\u00f3n oeste-noroeste a 22 km\/h (14 mph), y se prev\u00e9 que comience a debilitarse para el mi\u00e9rcoles o el jueves.<\/p>\n\n\n\n<p>El Centro Nacional de Huracanes advirti\u00f3 que la marejada generada por Elida podr\u00eda afectar porciones de la costa del occidente de M\u00e9xico y el sur de Baja California en los pr\u00f3ximos dos d\u00edas.<\/p>\n\n\n\n<p><a href=\"https:\/\/twitter.com\/SeryHumano\">seryhumano.com<\/a><\/p>\n\n\n\n<p>Fuente: prensanews<\/p>\n\n\n\n<p>Si quiere recibir en su celular esta y otras informaciones y art\u00edculos descargue Telegram, ingrese al link <a href=\"htts:\/\/t.ime\/seryhumano\">htts:\/\/t.ime\/seryhumano<\/a> y dele clic a +Unirme<\/p>\n","protected":false},"excerpt":{"rendered":"<p>La tormenta Elida se convirti\u00f3 en hurac\u00e1n este lunes en el Pac\u00edfico frente al occidente de M\u00e9xico, pero se prev\u00e9 que se desplace hacia el oeste y se adentre en el oc\u00e9ano. No se ha emitido ninguna advertencia, report\u00f3 el Centro Nacional de Huracanes de Estados Unidos. Elida tiene vientos sostenidos m\u00e1ximos de 120 km\/h&hellip;<\/p>\n","protected":false},"author":305,"featured_media":35461,"comment_status":"closed","ping_status":"closed","sticky":false,"template":"","format":"standard","meta":{"footnotes":""},"categories":[110],"tags":[],"class_list":["post-35460","post","type-post","status-publish","format-standard","has-post-thumbnail","hentry","category-noticias","category-110","description-off"],"yoast_head":"<!-- This site is optimized with the Yoast SEO plugin v25.4 - https:\/\/yoast.com\/wordpress\/plugins\/seo\/ -->\n<title>Se forma hurac\u00e1n Elida frente al occidente de M\u00e9xico &#187; SeryHumano.com<\/title>\n<meta name=\"description\" content=\"Se forma hurac\u00e1n Elida frente al occidente de M\u00e9xico. El Centro Nacional de Huracanes advirti\u00f3 que la marejada generada por Elida podr\u00eda a\" \/>\n<meta name=\"robots\" content=\"index, follow, max-snippet:-1, max-image-preview:large, max-video-preview:-1\" \/>\n<link rel=\"canonical\" href=\"https:\/\/seryhumano.com\/web\/?p=35460\" \/>\n<meta property=\"og:locale\" content=\"es_ES\" \/>\n<meta property=\"og:type\" content=\"article\" \/>\n<meta property=\"og:title\" content=\"Se forma hurac\u00e1n Elida frente al occidente de M\u00e9xico &#187; SeryHumano.com\" \/>\n<meta property=\"og:description\" content=\"Se forma hurac\u00e1n Elida frente al occidente de M\u00e9xico. El Centro Nacional de Huracanes advirti\u00f3 que la marejada generada por Elida podr\u00eda a\" \/>\n<meta property=\"og:url\" content=\"https:\/\/seryhumano.com\/web\/?p=35460\" \/>\n<meta property=\"og:site_name\" content=\"SeryHumano.com\" \/>\n<meta property=\"article:publisher\" content=\"https:\/\/www.facebook.com\/seryhumano\/\" \/>\n<meta property=\"article:published_time\" content=\"2020-08-11T18:05:38+00:00\" \/>\n<meta property=\"article:modified_time\" content=\"2020-08-11T18:05:42+00:00\" \/>\n<meta property=\"og:image\" content=\"https:\/\/seryhumano.com\/web\/wp-content\/uploads\/2020\/08\/Hurac\u00e1n.jpg\" \/>\n\t<meta property=\"og:image:width\" content=\"1728\" \/>\n\t<meta property=\"og:image:height\" content=\"1920\" \/>\n\t<meta property=\"og:image:type\" content=\"image\/jpeg\" \/>\n<meta name=\"author\" content=\"Redacci\u00f3n SeryHumano.com\" \/>\n<meta name=\"twitter:card\" content=\"summary_large_image\" \/>\n<meta name=\"twitter:creator\" content=\"@SeryHumano\" \/>\n<meta name=\"twitter:site\" content=\"@SeryHumano\" \/>\n<meta name=\"twitter:label1\" content=\"Escrito por\" \/>\n\t<meta name=\"twitter:data1\" content=\"Redacci\u00f3n SeryHumano.com\" \/>\n\t<meta name=\"twitter:label2\" content=\"Tiempo de lectura\" \/>\n\t<meta name=\"twitter:data2\" content=\"1 minuto\" \/>\n<script type=\"application\/ld+json\" class=\"yoast-schema-graph\">{\"@context\":\"https:\/\/schema.org\",\"@graph\":[{\"@type\":\"Article\",\"@id\":\"https:\/\/seryhumano.com\/web\/?p=35460#article\",\"isPartOf\":{\"@id\":\"https:\/\/seryhumano.com\/web\/?p=35460\"},\"author\":{\"name\":\"Redacci\u00f3n SeryHumano.com\",\"@id\":\"https:\/\/seryhumano.com\/web\/#\/schema\/person\/f4adb88e2944ce8c1d005724eb1186d6\"},\"headline\":\"Se forma hurac\u00e1n Elida frente al occidente de M\u00e9xico\",\"datePublished\":\"2020-08-11T18:05:38+00:00\",\"dateModified\":\"2020-08-11T18:05:42+00:00\",\"mainEntityOfPage\":{\"@id\":\"https:\/\/seryhumano.com\/web\/?p=35460\"},\"wordCount\":184,\"publisher\":{\"@id\":\"https:\/\/seryhumano.com\/web\/#organization\"},\"image\":{\"@id\":\"https:\/\/seryhumano.com\/web\/?p=35460#primaryimage\"},\"thumbnailUrl\":\"https:\/\/seryhumano.com\/web\/wp-content\/uploads\/2020\/08\/Hurac\u00e1n.jpg\",\"articleSection\":[\"Noticias\"],\"inLanguage\":\"es\"},{\"@type\":\"WebPage\",\"@id\":\"https:\/\/seryhumano.com\/web\/?p=35460\",\"url\":\"https:\/\/seryhumano.com\/web\/?p=35460\",\"name\":\"Se forma hurac\u00e1n Elida frente al occidente de M\u00e9xico &#187; SeryHumano.com\",\"isPartOf\":{\"@id\":\"https:\/\/seryhumano.com\/web\/#website\"},\"primaryImageOfPage\":{\"@id\":\"https:\/\/seryhumano.com\/web\/?p=35460#primaryimage\"},\"image\":{\"@id\":\"https:\/\/seryhumano.com\/web\/?p=35460#primaryimage\"},\"thumbnailUrl\":\"https:\/\/seryhumano.com\/web\/wp-content\/uploads\/2020\/08\/Hurac\u00e1n.jpg\",\"datePublished\":\"2020-08-11T18:05:38+00:00\",\"dateModified\":\"2020-08-11T18:05:42+00:00\",\"description\":\"Se forma hurac\u00e1n Elida frente al occidente de M\u00e9xico. El Centro Nacional de Huracanes advirti\u00f3 que la marejada generada por Elida podr\u00eda a\",\"breadcrumb\":{\"@id\":\"https:\/\/seryhumano.com\/web\/?p=35460#breadcrumb\"},\"inLanguage\":\"es\",\"potentialAction\":[{\"@type\":\"ReadAction\",\"target\":[\"https:\/\/seryhumano.com\/web\/?p=35460\"]}]},{\"@type\":\"ImageObject\",\"inLanguage\":\"es\",\"@id\":\"https:\/\/seryhumano.com\/web\/?p=35460#primaryimage\",\"url\":\"https:\/\/seryhumano.com\/web\/wp-content\/uploads\/2020\/08\/Hurac\u00e1n.jpg\",\"contentUrl\":\"https:\/\/seryhumano.com\/web\/wp-content\/uploads\/2020\/08\/Hurac\u00e1n.jpg\",\"width\":1728,\"height\":1920},{\"@type\":\"BreadcrumbList\",\"@id\":\"https:\/\/seryhumano.com\/web\/?p=35460#breadcrumb\",\"itemListElement\":[{\"@type\":\"ListItem\",\"position\":1,\"name\":\"Portada\",\"item\":\"https:\/\/seryhumano.com\/web\/\"},{\"@type\":\"ListItem\",\"position\":2,\"name\":\"Se forma hurac\u00e1n Elida frente al occidente de M\u00e9xico\"}]},{\"@type\":\"WebSite\",\"@id\":\"https:\/\/seryhumano.com\/web\/#website\",\"url\":\"https:\/\/seryhumano.com\/web\/\",\"name\":\"SeryHumano.com\",\"description\":\"Revista digital muy humana, donde lo mas importante es el Ser...\",\"publisher\":{\"@id\":\"https:\/\/seryhumano.com\/web\/#organization\"},\"potentialAction\":[{\"@type\":\"SearchAction\",\"target\":{\"@type\":\"EntryPoint\",\"urlTemplate\":\"https:\/\/seryhumano.com\/web\/?s={search_term_string}\"},\"query-input\":{\"@type\":\"PropertyValueSpecification\",\"valueRequired\":true,\"valueName\":\"search_term_string\"}}],\"inLanguage\":\"es\"},{\"@type\":\"Organization\",\"@id\":\"https:\/\/seryhumano.com\/web\/#organization\",\"name\":\"SeryHumano.com\",\"url\":\"https:\/\/seryhumano.com\/web\/\",\"logo\":{\"@type\":\"ImageObject\",\"inLanguage\":\"es\",\"@id\":\"https:\/\/seryhumano.com\/web\/#\/schema\/logo\/image\/\",\"url\":\"https:\/\/seryhumano.com\/web\/wp-content\/uploads\/2020\/02\/JNe5VRwH_400x400-2.jpg\",\"contentUrl\":\"https:\/\/seryhumano.com\/web\/wp-content\/uploads\/2020\/02\/JNe5VRwH_400x400-2.jpg\",\"width\":400,\"height\":400,\"caption\":\"SeryHumano.com\"},\"image\":{\"@id\":\"https:\/\/seryhumano.com\/web\/#\/schema\/logo\/image\/\"},\"sameAs\":[\"https:\/\/www.facebook.com\/seryhumano\/\",\"https:\/\/x.com\/SeryHumano\",\"https:\/\/www.instagram.com\/seryhumano\/\",\"https:\/\/www.linkedin.com\/company\/seryhumano-com\/\",\"https:\/\/www.youtube.com\/channel\/UCYfgIGSxygVnJAW0e9ZBZWg\"]},{\"@type\":\"Person\",\"@id\":\"https:\/\/seryhumano.com\/web\/#\/schema\/person\/f4adb88e2944ce8c1d005724eb1186d6\",\"name\":\"Redacci\u00f3n SeryHumano.com\",\"sameAs\":[\"http:\/\/seryhumano.com\"],\"url\":\"https:\/\/seryhumano.com\/web\/?author=305\"}]}<\/script>\n<!-- \/ Yoast SEO plugin. -->","yoast_head_json":{"title":"Se forma hurac\u00e1n Elida frente al occidente de M\u00e9xico &#187; SeryHumano.com","description":"Se forma hurac\u00e1n Elida frente al occidente de M\u00e9xico. El Centro Nacional de Huracanes advirti\u00f3 que la marejada generada por Elida podr\u00eda a","robots":{"index":"index","follow":"follow","max-snippet":"max-snippet:-1","max-image-preview":"max-image-preview:large","max-video-preview":"max-video-preview:-1"},"canonical":"https:\/\/seryhumano.com\/web\/?p=35460","og_locale":"es_ES","og_type":"article","og_title":"Se forma hurac\u00e1n Elida frente al occidente de M\u00e9xico &#187; SeryHumano.com","og_description":"Se forma hurac\u00e1n Elida frente al occidente de M\u00e9xico. El Centro Nacional de Huracanes advirti\u00f3 que la marejada generada por Elida podr\u00eda a","og_url":"https:\/\/seryhumano.com\/web\/?p=35460","og_site_name":"SeryHumano.com","article_publisher":"https:\/\/www.facebook.com\/seryhumano\/","article_published_time":"2020-08-11T18:05:38+00:00","article_modified_time":"2020-08-11T18:05:42+00:00","og_image":[{"width":1728,"height":1920,"url":"https:\/\/seryhumano.com\/web\/wp-content\/uploads\/2020\/08\/Hurac\u00e1n.jpg","type":"image\/jpeg"}],"author":"Redacci\u00f3n SeryHumano.com","twitter_card":"summary_large_image","twitter_creator":"@SeryHumano","twitter_site":"@SeryHumano","twitter_misc":{"Escrito por":"Redacci\u00f3n SeryHumano.com","Tiempo de lectura":"1 minuto"},"schema":{"@context":"https:\/\/schema.org","@graph":[{"@type":"Article","@id":"https:\/\/seryhumano.com\/web\/?p=35460#article","isPartOf":{"@id":"https:\/\/seryhumano.com\/web\/?p=35460"},"author":{"name":"Redacci\u00f3n SeryHumano.com","@id":"https:\/\/seryhumano.com\/web\/#\/schema\/person\/f4adb88e2944ce8c1d005724eb1186d6"},"headline":"Se forma hurac\u00e1n Elida frente al occidente de M\u00e9xico","datePublished":"2020-08-11T18:05:38+00:00","dateModified":"2020-08-11T18:05:42+00:00","mainEntityOfPage":{"@id":"https:\/\/seryhumano.com\/web\/?p=35460"},"wordCount":184,"publisher":{"@id":"https:\/\/seryhumano.com\/web\/#organization"},"image":{"@id":"https:\/\/seryhumano.com\/web\/?p=35460#primaryimage"},"thumbnailUrl":"https:\/\/seryhumano.com\/web\/wp-content\/uploads\/2020\/08\/Hurac\u00e1n.jpg","articleSection":["Noticias"],"inLanguage":"es"},{"@type":"WebPage","@id":"https:\/\/seryhumano.com\/web\/?p=35460","url":"https:\/\/seryhumano.com\/web\/?p=35460","name":"Se forma hurac\u00e1n Elida frente al occidente de M\u00e9xico &#187; SeryHumano.com","isPartOf":{"@id":"https:\/\/seryhumano.com\/web\/#website"},"primaryImageOfPage":{"@id":"https:\/\/seryhumano.com\/web\/?p=35460#primaryimage"},"image":{"@id":"https:\/\/seryhumano.com\/web\/?p=35460#primaryimage"},"thumbnailUrl":"https:\/\/seryhumano.com\/web\/wp-content\/uploads\/2020\/08\/Hurac\u00e1n.jpg","datePublished":"2020-08-11T18:05:38+00:00","dateModified":"2020-08-11T18:05:42+00:00","description":"Se forma hurac\u00e1n Elida frente al occidente de M\u00e9xico. El Centro Nacional de Huracanes advirti\u00f3 que la marejada generada por Elida podr\u00eda a","breadcrumb":{"@id":"https:\/\/seryhumano.com\/web\/?p=35460#breadcrumb"},"inLanguage":"es","potentialAction":[{"@type":"ReadAction","target":["https:\/\/seryhumano.com\/web\/?p=35460"]}]},{"@type":"ImageObject","inLanguage":"es","@id":"https:\/\/seryhumano.com\/web\/?p=35460#primaryimage","url":"https:\/\/seryhumano.com\/web\/wp-content\/uploads\/2020\/08\/Hurac\u00e1n.jpg","contentUrl":"https:\/\/seryhumano.com\/web\/wp-content\/uploads\/2020\/08\/Hurac\u00e1n.jpg","width":1728,"height":1920},{"@type":"BreadcrumbList","@id":"https:\/\/seryhumano.com\/web\/?p=35460#breadcrumb","itemListElement":[{"@type":"ListItem","position":1,"name":"Portada","item":"https:\/\/seryhumano.com\/web\/"},{"@type":"ListItem","position":2,"name":"Se forma hurac\u00e1n Elida frente al occidente de M\u00e9xico"}]},{"@type":"WebSite","@id":"https:\/\/seryhumano.com\/web\/#website","url":"https:\/\/seryhumano.com\/web\/","name":"SeryHumano.com","description":"Revista digital muy humana, donde lo mas importante es el Ser...","publisher":{"@id":"https:\/\/seryhumano.com\/web\/#organization"},"potentialAction":[{"@type":"SearchAction","target":{"@type":"EntryPoint","urlTemplate":"https:\/\/seryhumano.com\/web\/?s={search_term_string}"},"query-input":{"@type":"PropertyValueSpecification","valueRequired":true,"valueName":"search_term_string"}}],"inLanguage":"es"},{"@type":"Organization","@id":"https:\/\/seryhumano.com\/web\/#organization","name":"SeryHumano.com","url":"https:\/\/seryhumano.com\/web\/","logo":{"@type":"ImageObject","inLanguage":"es","@id":"https:\/\/seryhumano.com\/web\/#\/schema\/logo\/image\/","url":"https:\/\/seryhumano.com\/web\/wp-content\/uploads\/2020\/02\/JNe5VRwH_400x400-2.jpg","contentUrl":"https:\/\/seryhumano.com\/web\/wp-content\/uploads\/2020\/02\/JNe5VRwH_400x400-2.jpg","width":400,"height":400,"caption":"SeryHumano.com"},"image":{"@id":"https:\/\/seryhumano.com\/web\/#\/schema\/logo\/image\/"},"sameAs":["https:\/\/www.facebook.com\/seryhumano\/","https:\/\/x.com\/SeryHumano","https:\/\/www.instagram.com\/seryhumano\/","https:\/\/www.linkedin.com\/company\/seryhumano-com\/","https:\/\/www.youtube.com\/channel\/UCYfgIGSxygVnJAW0e9ZBZWg"]},{"@type":"Person","@id":"https:\/\/seryhumano.com\/web\/#\/schema\/person\/f4adb88e2944ce8c1d005724eb1186d6","name":"Redacci\u00f3n SeryHumano.com","sameAs":["http:\/\/seryhumano.com"],"url":"https:\/\/seryhumano.com\/web\/?author=305"}]}},"_links":{"self":[{"href":"https:\/\/seryhumano.com\/web\/index.php?rest_route=\/wp\/v2\/posts\/35460","targetHints":{"allow":["GET"]}}],"collection":[{"href":"https:\/\/seryhumano.com\/web\/index.php?rest_route=\/wp\/v2\/posts"}],"about":[{"href":"https:\/\/seryhumano.com\/web\/index.php?rest_route=\/wp\/v2\/types\/post"}],"author":[{"embeddable":true,"href":"https:\/\/seryhumano.com\/web\/index.php?rest_route=\/wp\/v2\/users\/305"}],"replies":[{"embeddable":true,"href":"https:\/\/seryhumano.com\/web\/index.php?rest_route=%2Fwp%2Fv2%2Fcomments&post=35460"}],"version-history":[{"count":0,"href":"https:\/\/seryhumano.com\/web\/index.php?rest_route=\/wp\/v2\/posts\/35460\/revisions"}],"wp:featuredmedia":[{"embeddable":true,"href":"https:\/\/seryhumano.com\/web\/index.php?rest_route=\/wp\/v2\/media\/35461"}],"wp:attachment":[{"href":"https:\/\/seryhumano.com\/web\/index.php?rest_route=%2Fwp%2Fv2%2Fmedia&parent=35460"}],"wp:term":[{"taxonomy":"category","embeddable":true,"href":"https:\/\/seryhumano.com\/web\/index.php?rest_route=%2Fwp%2Fv2%2Fcategories&post=35460"},{"taxonomy":"post_tag","embeddable":true,"href":"https:\/\/seryhumano.com\/web\/index.php?rest_route=%2Fwp%2Fv2%2Ftags&post=35460"}],"curies":[{"name":"wp","href":"https:\/\/api.w.org\/{rel}","templated":true}]}}