{"id":35475,"date":"2020-08-13T07:25:53","date_gmt":"2020-08-13T11:55:53","guid":{"rendered":"https:\/\/seryhumano.com\/web\/?p=35475"},"modified":"2020-08-13T07:29:22","modified_gmt":"2020-08-13T11:59:22","slug":"oracion-diaria-dios-amado-senor-y-creador-del-universo","status":"publish","type":"post","link":"https:\/\/seryhumano.com\/web\/?p=35475","title":{"rendered":"Oraci\u00f3n Diaria: \u00a1Dios amado, Se\u00f1or y creador del Universo!"},"content":{"rendered":"\n<blockquote class=\"wp-block-quote has-text-align-center is-layout-flow wp-block-quote-is-layout-flow\"><p><strong><em>\u201cEn el principio cre\u00f3 Dios los cielos y la tierra<\/em><\/strong>.\u201d G\u00e9nesis 1:1<\/p><p><\/p><\/blockquote>\n\n\n\n<div class=\"wp-block-image\"><figure class=\"aligncenter size-large\"><img loading=\"lazy\" decoding=\"async\" width=\"1024\" height=\"682\" src=\"https:\/\/seryhumano.com\/web\/wp-content\/uploads\/2020\/08\/Oracion41-1024x682.jpg\" alt=\"Dios amado\" class=\"wp-image-35476\" srcset=\"https:\/\/seryhumano.com\/web\/wp-content\/uploads\/2020\/08\/Oracion41-1024x682.jpg 1024w, https:\/\/seryhumano.com\/web\/wp-content\/uploads\/2020\/08\/Oracion41-300x200.jpg 300w, https:\/\/seryhumano.com\/web\/wp-content\/uploads\/2020\/08\/Oracion41-768x512.jpg 768w, https:\/\/seryhumano.com\/web\/wp-content\/uploads\/2020\/08\/Oracion41.jpg 1280w\" sizes=\"auto, (max-width: 1024px) 100vw, 1024px\" \/><\/figure><\/div>\n\n\n\n<p>Dios, amado Se\u00f1or, Padre y creador del Universo, te alabo y te bendigo por todos los beneficios recibidos.<\/p>\n\n\n\n<p>Gracias Padre por el cielo que me llena de tu presencia, por tu compa\u00f1\u00eda, porque s\u00e9 que cada nuevo d\u00eda viene lleno de ti, te pido mi Se\u00f1or, protege mi coraz\u00f3n de todo mal, que mis acciones est\u00e9n rebosantes de amor y de la necesidad de hacer al otro feliz, que mi misi\u00f3n de vida sea amar m\u00e1s al que est\u00e1 a mi lado.<\/p>\n\n\n\n<p>Que la tolerancia habite en m\u00ed y una sonrisa en mis labios sea la muestra de tu presencia en mi vida, que toque, con mi testimonio de fe, la vida de quien tiene dudas, y lo invite a la conversi\u00f3n plena, para que ande por tus caminos.<\/p>\n\n\n\n<p><strong><u><a href=\"https:\/\/seryhumano.com\/web\/oracion-diaria-32\/\">Oraci\u00f3n Diaria: \u00a1Amanece y vengo a ti mi Se\u00f1or!<\/a><\/u><\/strong><\/p>\n\n\n\n<p>Amado Dios, gracias por abrir mis o\u00eddos y mis ojos, perm\u00edteme usarlos para tu obra Se\u00f1or.<\/p>\n\n\n\n<p>Que nada pueda opacar el brillo que siembras en mi rostro y en mi coraz\u00f3n y la paz llegue a nosotros por la gracia de tu Esp\u00edritu Santo.<\/p>\n\n\n\n<p>Am\u00e9n, Am\u00e9n, Am\u00e9n.<\/p>\n\n\n\n<p>\u00a1DIOS NOS BENDIGA!<\/p>\n\n\n\n<p class=\"has-text-align-center\"><strong>Padre Nuestro<\/strong><\/p>\n\n\n\n<p class=\"has-text-align-center\">Padre Nuestro, que est\u00e1s en el cielo,<\/p>\n\n\n\n<p class=\"has-text-align-center\">santificado sea tu nombre;<\/p>\n\n\n\n<p class=\"has-text-align-center\">venga a nosotros tu reino;<\/p>\n\n\n\n<p class=\"has-text-align-center\">h\u00e1gase tu voluntad, en la tierra como en el cielo.<\/p>\n\n\n\n<p class=\"has-text-align-center\">Danos hoy nuestro pan de cada d\u00eda;<\/p>\n\n\n\n<p class=\"has-text-align-center\">perdona nuestras ofensas,<\/p>\n\n\n\n<p class=\"has-text-align-center\">como tambi\u00e9n nosotros perdonamos a los que nos ofenden;<\/p>\n\n\n\n<p class=\"has-text-align-center\">no nos dejes caer en la tentaci\u00f3n,<\/p>\n\n\n\n<p class=\"has-text-align-center\">y l\u00edbranos del mal.<\/p>\n\n\n\n<p class=\"has-text-align-center\">Am\u00e9n.<\/p>\n\n\n\n<p class=\"has-text-align-center\"><strong>Padre Nuestro en lat\u00edn \u2013 Pater Noster<\/strong><\/p>\n\n\n\n<p class=\"has-text-align-center\">Pater noster, qui es in caelis:<\/p>\n\n\n\n<p class=\"has-text-align-center\">sanctificetur Nomen Tuum;<\/p>\n\n\n\n<p class=\"has-text-align-center\">adveniat Regnum Tuum;<\/p>\n\n\n\n<p class=\"has-text-align-center\">fiat voluntas Tua,<\/p>\n\n\n\n<p class=\"has-text-align-center\">sicut in caelo, et in terra.<\/p>\n\n\n\n<p class=\"has-text-align-center\">Panem nostrum cotidianum da nobis hodie;<\/p>\n\n\n\n<p class=\"has-text-align-center\">et dimitte nobis debita nostra,<\/p>\n\n\n\n<p class=\"has-text-align-center\">sicut et nos dimittimus debitoribus nostris;<\/p>\n\n\n\n<p class=\"has-text-align-center\">et ne nos inducas in tentationem;<\/p>\n\n\n\n<p class=\"has-text-align-center\">sed libera nos a Malo.<\/p>\n\n\n\n<p>seryhumano.com<\/p>\n\n\n\n<p>Si quiere recibir en su celular esta y otras informaciones y art\u00edculos descargue Telegram, ingrese al link <a href=\"htts:\/\/t.me\/seryhumano\">htts:\/\/t.me\/seryhumano<\/a> y dele clic a +Unirme<\/p>\n","protected":false},"excerpt":{"rendered":"<p>\u201cEn el principio cre\u00f3 Dios los cielos y la tierra.\u201d G\u00e9nesis 1:1 Dios, amado Se\u00f1or, Padre y creador del Universo, te alabo y te bendigo por todos los beneficios recibidos. Gracias Padre por el cielo que me llena de tu presencia, por tu compa\u00f1\u00eda, porque s\u00e9 que cada nuevo d\u00eda viene lleno de ti, te&hellip;<\/p>\n","protected":false},"author":305,"featured_media":35476,"comment_status":"closed","ping_status":"closed","sticky":false,"template":"","format":"standard","meta":{"footnotes":""},"categories":[5614],"tags":[],"class_list":["post-35475","post","type-post","status-publish","format-standard","has-post-thumbnail","hentry","category-oracion","category-5614","description-off"],"yoast_head":"<!-- This site is optimized with the Yoast SEO plugin v25.4 - https:\/\/yoast.com\/wordpress\/plugins\/seo\/ -->\n<title>Oraci\u00f3n Diaria: \u00a1Dios, amado Se\u00f1or y creador del Universo!<\/title>\n<meta name=\"description\" content=\"Oraci\u00f3n Diaria: \u00a1Dios, amado Se\u00f1or y creador del Universo! Gracias Padre por el cielo que me llena de tu presencia, por tu compa\u00f1\u00eda, porque s\" \/>\n<meta name=\"robots\" content=\"index, follow, max-snippet:-1, max-image-preview:large, max-video-preview:-1\" \/>\n<link rel=\"canonical\" href=\"https:\/\/seryhumano.com\/web\/?p=35475\" \/>\n<meta property=\"og:locale\" content=\"es_ES\" \/>\n<meta property=\"og:type\" content=\"article\" \/>\n<meta property=\"og:title\" content=\"Oraci\u00f3n Diaria: \u00a1Dios, amado Se\u00f1or y creador del Universo!\" \/>\n<meta property=\"og:description\" content=\"Oraci\u00f3n Diaria: \u00a1Dios, amado Se\u00f1or y creador del Universo! Gracias Padre por el cielo que me llena de tu presencia, por tu compa\u00f1\u00eda, porque s\" \/>\n<meta property=\"og:url\" content=\"https:\/\/seryhumano.com\/web\/?p=35475\" \/>\n<meta property=\"og:site_name\" content=\"SeryHumano.com\" \/>\n<meta property=\"article:publisher\" content=\"https:\/\/www.facebook.com\/seryhumano\/\" \/>\n<meta property=\"article:published_time\" content=\"2020-08-13T11:55:53+00:00\" \/>\n<meta property=\"article:modified_time\" content=\"2020-08-13T11:59:22+00:00\" \/>\n<meta property=\"og:image\" content=\"https:\/\/seryhumano.com\/web\/wp-content\/uploads\/2020\/08\/Oracion41.jpg\" \/>\n\t<meta property=\"og:image:width\" content=\"1280\" \/>\n\t<meta property=\"og:image:height\" content=\"853\" \/>\n\t<meta property=\"og:image:type\" content=\"image\/jpeg\" \/>\n<meta name=\"author\" content=\"Redacci\u00f3n SeryHumano.com\" \/>\n<meta name=\"twitter:card\" content=\"summary_large_image\" \/>\n<meta name=\"twitter:creator\" content=\"@SeryHumano\" \/>\n<meta name=\"twitter:site\" content=\"@SeryHumano\" \/>\n<meta name=\"twitter:label1\" content=\"Escrito por\" \/>\n\t<meta name=\"twitter:data1\" content=\"Redacci\u00f3n SeryHumano.com\" \/>\n\t<meta name=\"twitter:label2\" content=\"Tiempo de lectura\" \/>\n\t<meta name=\"twitter:data2\" content=\"2 minutos\" \/>\n<script type=\"application\/ld+json\" class=\"yoast-schema-graph\">{\"@context\":\"https:\/\/schema.org\",\"@graph\":[{\"@type\":\"Article\",\"@id\":\"https:\/\/seryhumano.com\/web\/?p=35475#article\",\"isPartOf\":{\"@id\":\"https:\/\/seryhumano.com\/web\/?p=35475\"},\"author\":{\"name\":\"Redacci\u00f3n SeryHumano.com\",\"@id\":\"https:\/\/seryhumano.com\/web\/#\/schema\/person\/f4adb88e2944ce8c1d005724eb1186d6\"},\"headline\":\"Oraci\u00f3n Diaria: \u00a1Dios amado, Se\u00f1or y creador del Universo!\",\"datePublished\":\"2020-08-13T11:55:53+00:00\",\"dateModified\":\"2020-08-13T11:59:22+00:00\",\"mainEntityOfPage\":{\"@id\":\"https:\/\/seryhumano.com\/web\/?p=35475\"},\"wordCount\":381,\"publisher\":{\"@id\":\"https:\/\/seryhumano.com\/web\/#organization\"},\"image\":{\"@id\":\"https:\/\/seryhumano.com\/web\/?p=35475#primaryimage\"},\"thumbnailUrl\":\"https:\/\/seryhumano.com\/web\/wp-content\/uploads\/2020\/08\/Oracion41.jpg\",\"articleSection\":[\"Oraci\u00f3n\"],\"inLanguage\":\"es\"},{\"@type\":\"WebPage\",\"@id\":\"https:\/\/seryhumano.com\/web\/?p=35475\",\"url\":\"https:\/\/seryhumano.com\/web\/?p=35475\",\"name\":\"Oraci\u00f3n Diaria: \u00a1Dios, amado Se\u00f1or y creador del Universo!\",\"isPartOf\":{\"@id\":\"https:\/\/seryhumano.com\/web\/#website\"},\"primaryImageOfPage\":{\"@id\":\"https:\/\/seryhumano.com\/web\/?p=35475#primaryimage\"},\"image\":{\"@id\":\"https:\/\/seryhumano.com\/web\/?p=35475#primaryimage\"},\"thumbnailUrl\":\"https:\/\/seryhumano.com\/web\/wp-content\/uploads\/2020\/08\/Oracion41.jpg\",\"datePublished\":\"2020-08-13T11:55:53+00:00\",\"dateModified\":\"2020-08-13T11:59:22+00:00\",\"description\":\"Oraci\u00f3n Diaria: \u00a1Dios, amado Se\u00f1or y creador del Universo! Gracias Padre por el cielo que me llena de tu presencia, por tu compa\u00f1\u00eda, porque s\",\"breadcrumb\":{\"@id\":\"https:\/\/seryhumano.com\/web\/?p=35475#breadcrumb\"},\"inLanguage\":\"es\",\"potentialAction\":[{\"@type\":\"ReadAction\",\"target\":[\"https:\/\/seryhumano.com\/web\/?p=35475\"]}]},{\"@type\":\"ImageObject\",\"inLanguage\":\"es\",\"@id\":\"https:\/\/seryhumano.com\/web\/?p=35475#primaryimage\",\"url\":\"https:\/\/seryhumano.com\/web\/wp-content\/uploads\/2020\/08\/Oracion41.jpg\",\"contentUrl\":\"https:\/\/seryhumano.com\/web\/wp-content\/uploads\/2020\/08\/Oracion41.jpg\",\"width\":1280,\"height\":853},{\"@type\":\"BreadcrumbList\",\"@id\":\"https:\/\/seryhumano.com\/web\/?p=35475#breadcrumb\",\"itemListElement\":[{\"@type\":\"ListItem\",\"position\":1,\"name\":\"Portada\",\"item\":\"https:\/\/seryhumano.com\/web\/\"},{\"@type\":\"ListItem\",\"position\":2,\"name\":\"Oraci\u00f3n Diaria: \u00a1Dios amado, Se\u00f1or y creador del Universo!\"}]},{\"@type\":\"WebSite\",\"@id\":\"https:\/\/seryhumano.com\/web\/#website\",\"url\":\"https:\/\/seryhumano.com\/web\/\",\"name\":\"SeryHumano.com\",\"description\":\"Revista digital muy humana, donde lo mas importante es el Ser...\",\"publisher\":{\"@id\":\"https:\/\/seryhumano.com\/web\/#organization\"},\"potentialAction\":[{\"@type\":\"SearchAction\",\"target\":{\"@type\":\"EntryPoint\",\"urlTemplate\":\"https:\/\/seryhumano.com\/web\/?s={search_term_string}\"},\"query-input\":{\"@type\":\"PropertyValueSpecification\",\"valueRequired\":true,\"valueName\":\"search_term_string\"}}],\"inLanguage\":\"es\"},{\"@type\":\"Organization\",\"@id\":\"https:\/\/seryhumano.com\/web\/#organization\",\"name\":\"SeryHumano.com\",\"url\":\"https:\/\/seryhumano.com\/web\/\",\"logo\":{\"@type\":\"ImageObject\",\"inLanguage\":\"es\",\"@id\":\"https:\/\/seryhumano.com\/web\/#\/schema\/logo\/image\/\",\"url\":\"https:\/\/seryhumano.com\/web\/wp-content\/uploads\/2020\/02\/JNe5VRwH_400x400-2.jpg\",\"contentUrl\":\"https:\/\/seryhumano.com\/web\/wp-content\/uploads\/2020\/02\/JNe5VRwH_400x400-2.jpg\",\"width\":400,\"height\":400,\"caption\":\"SeryHumano.com\"},\"image\":{\"@id\":\"https:\/\/seryhumano.com\/web\/#\/schema\/logo\/image\/\"},\"sameAs\":[\"https:\/\/www.facebook.com\/seryhumano\/\",\"https:\/\/x.com\/SeryHumano\",\"https:\/\/www.instagram.com\/seryhumano\/\",\"https:\/\/www.linkedin.com\/company\/seryhumano-com\/\",\"https:\/\/www.youtube.com\/channel\/UCYfgIGSxygVnJAW0e9ZBZWg\"]},{\"@type\":\"Person\",\"@id\":\"https:\/\/seryhumano.com\/web\/#\/schema\/person\/f4adb88e2944ce8c1d005724eb1186d6\",\"name\":\"Redacci\u00f3n SeryHumano.com\",\"sameAs\":[\"http:\/\/seryhumano.com\"],\"url\":\"https:\/\/seryhumano.com\/web\/?author=305\"}]}<\/script>\n<!-- \/ Yoast SEO plugin. -->","yoast_head_json":{"title":"Oraci\u00f3n Diaria: \u00a1Dios, amado Se\u00f1or y creador del Universo!","description":"Oraci\u00f3n Diaria: \u00a1Dios, amado Se\u00f1or y creador del Universo! Gracias Padre por el cielo que me llena de tu presencia, por tu compa\u00f1\u00eda, porque s","robots":{"index":"index","follow":"follow","max-snippet":"max-snippet:-1","max-image-preview":"max-image-preview:large","max-video-preview":"max-video-preview:-1"},"canonical":"https:\/\/seryhumano.com\/web\/?p=35475","og_locale":"es_ES","og_type":"article","og_title":"Oraci\u00f3n Diaria: \u00a1Dios, amado Se\u00f1or y creador del Universo!","og_description":"Oraci\u00f3n Diaria: \u00a1Dios, amado Se\u00f1or y creador del Universo! Gracias Padre por el cielo que me llena de tu presencia, por tu compa\u00f1\u00eda, porque s","og_url":"https:\/\/seryhumano.com\/web\/?p=35475","og_site_name":"SeryHumano.com","article_publisher":"https:\/\/www.facebook.com\/seryhumano\/","article_published_time":"2020-08-13T11:55:53+00:00","article_modified_time":"2020-08-13T11:59:22+00:00","og_image":[{"width":1280,"height":853,"url":"https:\/\/seryhumano.com\/web\/wp-content\/uploads\/2020\/08\/Oracion41.jpg","type":"image\/jpeg"}],"author":"Redacci\u00f3n SeryHumano.com","twitter_card":"summary_large_image","twitter_creator":"@SeryHumano","twitter_site":"@SeryHumano","twitter_misc":{"Escrito por":"Redacci\u00f3n SeryHumano.com","Tiempo de lectura":"2 minutos"},"schema":{"@context":"https:\/\/schema.org","@graph":[{"@type":"Article","@id":"https:\/\/seryhumano.com\/web\/?p=35475#article","isPartOf":{"@id":"https:\/\/seryhumano.com\/web\/?p=35475"},"author":{"name":"Redacci\u00f3n SeryHumano.com","@id":"https:\/\/seryhumano.com\/web\/#\/schema\/person\/f4adb88e2944ce8c1d005724eb1186d6"},"headline":"Oraci\u00f3n Diaria: \u00a1Dios amado, Se\u00f1or y creador del Universo!","datePublished":"2020-08-13T11:55:53+00:00","dateModified":"2020-08-13T11:59:22+00:00","mainEntityOfPage":{"@id":"https:\/\/seryhumano.com\/web\/?p=35475"},"wordCount":381,"publisher":{"@id":"https:\/\/seryhumano.com\/web\/#organization"},"image":{"@id":"https:\/\/seryhumano.com\/web\/?p=35475#primaryimage"},"thumbnailUrl":"https:\/\/seryhumano.com\/web\/wp-content\/uploads\/2020\/08\/Oracion41.jpg","articleSection":["Oraci\u00f3n"],"inLanguage":"es"},{"@type":"WebPage","@id":"https:\/\/seryhumano.com\/web\/?p=35475","url":"https:\/\/seryhumano.com\/web\/?p=35475","name":"Oraci\u00f3n Diaria: \u00a1Dios, amado Se\u00f1or y creador del Universo!","isPartOf":{"@id":"https:\/\/seryhumano.com\/web\/#website"},"primaryImageOfPage":{"@id":"https:\/\/seryhumano.com\/web\/?p=35475#primaryimage"},"image":{"@id":"https:\/\/seryhumano.com\/web\/?p=35475#primaryimage"},"thumbnailUrl":"https:\/\/seryhumano.com\/web\/wp-content\/uploads\/2020\/08\/Oracion41.jpg","datePublished":"2020-08-13T11:55:53+00:00","dateModified":"2020-08-13T11:59:22+00:00","description":"Oraci\u00f3n Diaria: \u00a1Dios, amado Se\u00f1or y creador del Universo! Gracias Padre por el cielo que me llena de tu presencia, por tu compa\u00f1\u00eda, porque s","breadcrumb":{"@id":"https:\/\/seryhumano.com\/web\/?p=35475#breadcrumb"},"inLanguage":"es","potentialAction":[{"@type":"ReadAction","target":["https:\/\/seryhumano.com\/web\/?p=35475"]}]},{"@type":"ImageObject","inLanguage":"es","@id":"https:\/\/seryhumano.com\/web\/?p=35475#primaryimage","url":"https:\/\/seryhumano.com\/web\/wp-content\/uploads\/2020\/08\/Oracion41.jpg","contentUrl":"https:\/\/seryhumano.com\/web\/wp-content\/uploads\/2020\/08\/Oracion41.jpg","width":1280,"height":853},{"@type":"BreadcrumbList","@id":"https:\/\/seryhumano.com\/web\/?p=35475#breadcrumb","itemListElement":[{"@type":"ListItem","position":1,"name":"Portada","item":"https:\/\/seryhumano.com\/web\/"},{"@type":"ListItem","position":2,"name":"Oraci\u00f3n Diaria: \u00a1Dios amado, Se\u00f1or y creador del Universo!"}]},{"@type":"WebSite","@id":"https:\/\/seryhumano.com\/web\/#website","url":"https:\/\/seryhumano.com\/web\/","name":"SeryHumano.com","description":"Revista digital muy humana, donde lo mas importante es el Ser...","publisher":{"@id":"https:\/\/seryhumano.com\/web\/#organization"},"potentialAction":[{"@type":"SearchAction","target":{"@type":"EntryPoint","urlTemplate":"https:\/\/seryhumano.com\/web\/?s={search_term_string}"},"query-input":{"@type":"PropertyValueSpecification","valueRequired":true,"valueName":"search_term_string"}}],"inLanguage":"es"},{"@type":"Organization","@id":"https:\/\/seryhumano.com\/web\/#organization","name":"SeryHumano.com","url":"https:\/\/seryhumano.com\/web\/","logo":{"@type":"ImageObject","inLanguage":"es","@id":"https:\/\/seryhumano.com\/web\/#\/schema\/logo\/image\/","url":"https:\/\/seryhumano.com\/web\/wp-content\/uploads\/2020\/02\/JNe5VRwH_400x400-2.jpg","contentUrl":"https:\/\/seryhumano.com\/web\/wp-content\/uploads\/2020\/02\/JNe5VRwH_400x400-2.jpg","width":400,"height":400,"caption":"SeryHumano.com"},"image":{"@id":"https:\/\/seryhumano.com\/web\/#\/schema\/logo\/image\/"},"sameAs":["https:\/\/www.facebook.com\/seryhumano\/","https:\/\/x.com\/SeryHumano","https:\/\/www.instagram.com\/seryhumano\/","https:\/\/www.linkedin.com\/company\/seryhumano-com\/","https:\/\/www.youtube.com\/channel\/UCYfgIGSxygVnJAW0e9ZBZWg"]},{"@type":"Person","@id":"https:\/\/seryhumano.com\/web\/#\/schema\/person\/f4adb88e2944ce8c1d005724eb1186d6","name":"Redacci\u00f3n SeryHumano.com","sameAs":["http:\/\/seryhumano.com"],"url":"https:\/\/seryhumano.com\/web\/?author=305"}]}},"_links":{"self":[{"href":"https:\/\/seryhumano.com\/web\/index.php?rest_route=\/wp\/v2\/posts\/35475","targetHints":{"allow":["GET"]}}],"collection":[{"href":"https:\/\/seryhumano.com\/web\/index.php?rest_route=\/wp\/v2\/posts"}],"about":[{"href":"https:\/\/seryhumano.com\/web\/index.php?rest_route=\/wp\/v2\/types\/post"}],"author":[{"embeddable":true,"href":"https:\/\/seryhumano.com\/web\/index.php?rest_route=\/wp\/v2\/users\/305"}],"replies":[{"embeddable":true,"href":"https:\/\/seryhumano.com\/web\/index.php?rest_route=%2Fwp%2Fv2%2Fcomments&post=35475"}],"version-history":[{"count":0,"href":"https:\/\/seryhumano.com\/web\/index.php?rest_route=\/wp\/v2\/posts\/35475\/revisions"}],"wp:featuredmedia":[{"embeddable":true,"href":"https:\/\/seryhumano.com\/web\/index.php?rest_route=\/wp\/v2\/media\/35476"}],"wp:attachment":[{"href":"https:\/\/seryhumano.com\/web\/index.php?rest_route=%2Fwp%2Fv2%2Fmedia&parent=35475"}],"wp:term":[{"taxonomy":"category","embeddable":true,"href":"https:\/\/seryhumano.com\/web\/index.php?rest_route=%2Fwp%2Fv2%2Fcategories&post=35475"},{"taxonomy":"post_tag","embeddable":true,"href":"https:\/\/seryhumano.com\/web\/index.php?rest_route=%2Fwp%2Fv2%2Ftags&post=35475"}],"curies":[{"name":"wp","href":"https:\/\/api.w.org\/{rel}","templated":true}]}}