{"id":35591,"date":"2020-09-09T07:17:00","date_gmt":"2020-09-09T11:47:00","guid":{"rendered":"https:\/\/seryhumano.com\/web\/?p=35591"},"modified":"2020-09-17T14:08:49","modified_gmt":"2020-09-17T18:38:49","slug":"infectologo-mexicano-responde-preguntas-acerca-del-covid-19","status":"publish","type":"post","link":"https:\/\/seryhumano.com\/web\/?p=35591","title":{"rendered":"Infect\u00f3logo mexicano, responde preguntas acerca del COVID-19"},"content":{"rendered":"\n<p class=\"has-text-align-center\">Victor Fainstein<\/p>\n\n\n\n<h2 class=\"has-text-align-center wp-block-heading\">Preguntas y respuestas con el Dr. Victor Fainstein, infect\u00f3logo mexicano, jefe del Departamento de Enfermedades Infecciosas y director m\u00e9dico de Servicios Globales de Cuidados a la Salud del Hospital Houston Methodist<\/h2>\n\n\n\n<div class=\"wp-block-image\"><figure class=\"aligncenter size-large\"><img loading=\"lazy\" decoding=\"async\" width=\"789\" height=\"452\" src=\"https:\/\/seryhumano.com\/web\/wp-content\/uploads\/2020\/09\/Victor-Fainstein.jpg\" alt=\"Victor Fainstein\" class=\"wp-image-35592\" srcset=\"https:\/\/seryhumano.com\/web\/wp-content\/uploads\/2020\/09\/Victor-Fainstein.jpg 789w, https:\/\/seryhumano.com\/web\/wp-content\/uploads\/2020\/09\/Victor-Fainstein-300x172.jpg 300w, https:\/\/seryhumano.com\/web\/wp-content\/uploads\/2020\/09\/Victor-Fainstein-768x440.jpg 768w\" sizes=\"auto, (max-width: 789px) 100vw, 789px\" \/><figcaption>Victor Fainstein<\/figcaption><\/figure><\/div>\n\n\n\n<h2 class=\"wp-block-heading\">1- En su opini\u00f3n Dr. Fainstein, \u00bfcu\u00e1l es el factor diferenciador que ha hecho que pa\u00edses como Uruguay hayan contenido tan bien la pandemia y otros est\u00e9n sufriendo contagios en crecimiento?<\/h2>\n\n\n\n<p>S\u00ed, en Uruguay tienen el menor n\u00famero de casos per c\u00e1pita de Am\u00e9rica del Sur. Siendo un ejemplo para el continente de c\u00f3mo el compromiso con las medidas de salud p\u00fablica, la ciencia y la ciudadan\u00eda se traducen en un efectivo control ante pandemias. La intervenci\u00f3n temprana es fundamental. Sus resultados son similares a algunos pa\u00edses n\u00f3rdicos europeos.<\/p>\n\n\n\n<h2 class=\"wp-block-heading\">2- \u00bfCu\u00e1l es el efecto de Remdesivir sobre el paciente con COVID-19?<\/h2>\n\n\n\n<p>Remdesivir es un potente medicamento antiviral que, al ser combinado con otras medidas, ayuda a tratar el COVID-19. En los estudios realizados por el Hospital Houston Methodist, al igual que en la mayor\u00eda de otros estudios, hemos visto que este medicamento ayuda a estabilizar y mejorar a los pacientes. A\u00fan se est\u00e1n realizando muchos estudios para evaluar el mejor momento para administrarlo a los pacientes.<\/p>\n\n\n\n<h2 class=\"wp-block-heading\">3- \u00bfUna vez que uno se contagia, es probable que uno pueda reinfectarse; o es verdad que las personas se vuelven inmunes? La gran inc\u00f3gnita ahora es: \u00bfla inmunidad dura unos meses o no?<\/h2>\n\n\n\n<p>Seg\u00fan datos preliminares, parece que no durar\u00e1 toda la vida, desafortunadamente. Por lo cual, las personas que estaban previamente infectadas necesitar\u00e1n vacunarse anualmente, quiz\u00e1s requiriendo dos inyecciones. Apenas se comienzan a documentar las primeras reinfecciones aparentes.<\/p>\n\n\n\n<h2 class=\"wp-block-heading\">4- \u00bfQu\u00e9 se sabe sobre la vacuna que se est\u00e1 desarrollando en Rusia y cu\u00e1ndo podr\u00e1 estar lista la vacuna de Moderna?<\/h2>\n\n\n\n<p>Esta vacuna rusa se someti\u00f3 a un proceso acelerado de pruebas, incluso mayor que todas las dem\u00e1s posibles vacunas candidatas.<\/p>\n\n\n\n<p>Recientemente se anunci\u00f3 que la vacuna rusa ya hab\u00eda sido registrada como la primera vacuna contra el COVID-19 por aquel pa\u00eds. Sin embargo, todav\u00eda no hay mucha informaci\u00f3n disponible sobre estudios cl\u00ednicos que demuestren su eficacia y seguridad. En el caso de la vacuna de Moderna que se encuentra en fase III, se est\u00e1n contemplando voluntarios en aproximadamente 80 zonas.<\/p>\n\n\n\n<p>Si se determina que no es t\u00f3xica y es efectiva, se necesitar\u00e1n varios meses para analizar los datos y producirla. Es dif\u00edcil predecir cu\u00e1ndo estar\u00e1 disponible, pero con suerte, de cinco a seis meses, en caso de que sea segura. Adem\u00e1s, hay otras vacunas que tambi\u00e9n est\u00e1n en el mismo camino de investigaci\u00f3n y que son muy promisorias como la de AstraZeneca y la Universidad de Oxford.<\/p>\n\n\n\n<h2 class=\"wp-block-heading\">5- \u00bfC\u00f3mo considera el tratamiento de la pandemia en M\u00e9xico? Hoy junto con Estados Unidos y Brasil son los pa\u00edses con mayor n\u00famero de muertos.<\/h2>\n\n\n\n<p>En varios pa\u00edses se ha retrasado la implementaci\u00f3n de medidas de salud p\u00fablica, por lo tanto, la pandemia estar\u00e1 activa hasta que se alcance a aplanar la curva; ojal\u00e1 que sea pronto.<\/p>\n\n\n\n<p>Quiz\u00e1s desee leer: <a href=\"https:\/\/seryhumano.com\/web\/cinco-maneras-de-estimular-tu-sistema-inmunologico-ante-el-covid-19\/\">Cinco maneras de estimular tu sistema inmunol\u00f3gico ante el COVID-19<\/a><\/p>\n\n\n\n<h2 class=\"wp-block-heading\">6- \u00bfConsidera usted peligroso vacunarse sin tener el tiempo apropiado de probar una vacuna?<\/h2>\n\n\n\n<p>Vacunarse sin saber las consecuencias a largo plazo, puede ser muy negativo para la salud. Los ensayos de vacunaci\u00f3n requieren tiempo y experiencia. Inicialmente se investigan in vitro en laboratorio, y luego en animales. Los ensayos en personas voluntarias constan de varias fases, para asegurar as\u00ed que el resultado final sea efectivo, y sin toxicidades importantes.<\/p>\n\n\n\n<h2 class=\"wp-block-heading\">7- \u00bfCu\u00e1les ser\u00edan los riesgos para una mujer embarazada y el feto, si la madre llega a contagiarse en los distintos trimestres de un embarazo?<\/h2>\n\n\n\n<p>Las mujeres embarazadas tienen un riesgo algo mayor de contraer este y otros virus, debido a una respuesta inmunitaria disminuida. La mayor\u00eda de los estudios hasta ahora muestran buenos resultados para los reci\u00e9n nacidos. Al igual que con otros virus, el primer semestre de embarazo representa un mayor riesgo.<\/p>\n\n\n\n<h2 class=\"wp-block-heading\">8- En el Hospital Houston Methodist ustedes muestran una experiencia exitosa, pero me gustar\u00eda saber si han comparado sus resultados con otros centros hospitalarios que atienden el COVID-19 a nivel mundial, y si tienen estudios de los tratamientos de otros centros y c\u00f3mo se parecen o se diferencian de los de ustedes.<\/h2>\n\n\n\n<p>El Hospital <a href=\"https:\/\/www.houstonmethodist.org\/\">Houston Methodist<\/a> tiene varios estudios sobre antivirales, y protocolos que buscan evitar la intubaci\u00f3n en los pacientes y ya publicamos nuestro estudio enfocado en el uso de plasma convaleciente, el cual fue el primero en el mundo en mostrar buenos resultados.<\/p>\n\n\n\n<p>seryhumano.com<\/p>\n\n\n\n<p>Si quiere recibir en su celular esta y otras informaciones y art\u00edculos descargue Telegram, ingrese al link <a href=\"htts:\/\/t.me\/seryhumano\">htts:\/\/t.me\/seryhumano<\/a> y dele clic a +Unirme<\/p>\n\n\n\n<p>Victor Fainstein<\/p>\n","protected":false},"excerpt":{"rendered":"<p>Victor Fainstein Preguntas y respuestas con el Dr. Victor Fainstein, infect\u00f3logo mexicano, jefe del Departamento de Enfermedades Infecciosas y director m\u00e9dico de Servicios Globales de Cuidados a la Salud del Hospital Houston Methodist 1- En su opini\u00f3n Dr. Fainstein, \u00bfcu\u00e1l es el factor diferenciador que ha hecho que pa\u00edses como Uruguay hayan contenido tan bien&hellip;<\/p>\n","protected":false},"author":305,"featured_media":35592,"comment_status":"closed","ping_status":"closed","sticky":false,"template":"","format":"standard","meta":{"footnotes":""},"categories":[120],"tags":[6089,6627,6629,6628,6204,172],"class_list":["post-35591","post","type-post","status-publish","format-standard","has-post-thumbnail","hentry","category-ser-saludable","tag-covid-19","tag-hospital-houston-methodist","tag-infectologo","tag-mexicano","tag-preguntas","tag-salud","category-120","description-off"],"yoast_head":"<!-- This site is optimized with the Yoast SEO plugin v25.4 - https:\/\/yoast.com\/wordpress\/plugins\/seo\/ -->\n<title>Infect\u00f3logo mexicano, responde preguntas acerca del COVID-19<\/title>\n<meta name=\"description\" content=\"Victor Fainstein: Infect\u00f3logo mexicano, responde sobre COVID-19. Vacunarse sin saber las consecuencias a largo plazo y m\u00e1s...\" \/>\n<meta name=\"robots\" content=\"index, follow, max-snippet:-1, max-image-preview:large, max-video-preview:-1\" \/>\n<link rel=\"canonical\" href=\"https:\/\/seryhumano.com\/web\/?p=35591\" \/>\n<meta property=\"og:locale\" content=\"es_ES\" \/>\n<meta property=\"og:type\" content=\"article\" \/>\n<meta property=\"og:title\" content=\"Infect\u00f3logo mexicano, responde preguntas acerca del COVID-19\" \/>\n<meta property=\"og:description\" content=\"Victor Fainstein: Infect\u00f3logo mexicano, responde sobre COVID-19. Vacunarse sin saber las consecuencias a largo plazo y m\u00e1s...\" \/>\n<meta property=\"og:url\" content=\"https:\/\/seryhumano.com\/web\/?p=35591\" \/>\n<meta property=\"og:site_name\" content=\"SeryHumano.com\" \/>\n<meta property=\"article:publisher\" content=\"https:\/\/www.facebook.com\/seryhumano\/\" \/>\n<meta property=\"article:published_time\" content=\"2020-09-09T11:47:00+00:00\" \/>\n<meta property=\"article:modified_time\" content=\"2020-09-17T18:38:49+00:00\" \/>\n<meta property=\"og:image\" content=\"https:\/\/seryhumano.com\/web\/wp-content\/uploads\/2020\/09\/Victor-Fainstein.jpg\" \/>\n\t<meta property=\"og:image:width\" content=\"789\" \/>\n\t<meta property=\"og:image:height\" content=\"452\" \/>\n\t<meta property=\"og:image:type\" content=\"image\/jpeg\" \/>\n<meta name=\"author\" content=\"Redacci\u00f3n SeryHumano.com\" \/>\n<meta name=\"twitter:card\" content=\"summary_large_image\" \/>\n<meta name=\"twitter:creator\" content=\"@SeryHumano\" \/>\n<meta name=\"twitter:site\" content=\"@SeryHumano\" \/>\n<meta name=\"twitter:label1\" content=\"Escrito por\" \/>\n\t<meta name=\"twitter:data1\" content=\"Redacci\u00f3n SeryHumano.com\" \/>\n\t<meta name=\"twitter:label2\" content=\"Tiempo de lectura\" \/>\n\t<meta name=\"twitter:data2\" content=\"4 minutos\" \/>\n<script type=\"application\/ld+json\" class=\"yoast-schema-graph\">{\"@context\":\"https:\/\/schema.org\",\"@graph\":[{\"@type\":\"Article\",\"@id\":\"https:\/\/seryhumano.com\/web\/?p=35591#article\",\"isPartOf\":{\"@id\":\"https:\/\/seryhumano.com\/web\/?p=35591\"},\"author\":{\"name\":\"Redacci\u00f3n SeryHumano.com\",\"@id\":\"https:\/\/seryhumano.com\/web\/#\/schema\/person\/f4adb88e2944ce8c1d005724eb1186d6\"},\"headline\":\"Infect\u00f3logo mexicano, responde preguntas acerca del COVID-19\",\"datePublished\":\"2020-09-09T11:47:00+00:00\",\"dateModified\":\"2020-09-17T18:38:49+00:00\",\"mainEntityOfPage\":{\"@id\":\"https:\/\/seryhumano.com\/web\/?p=35591\"},\"wordCount\":843,\"publisher\":{\"@id\":\"https:\/\/seryhumano.com\/web\/#organization\"},\"image\":{\"@id\":\"https:\/\/seryhumano.com\/web\/?p=35591#primaryimage\"},\"thumbnailUrl\":\"https:\/\/seryhumano.com\/web\/wp-content\/uploads\/2020\/09\/Victor-Fainstein.jpg\",\"keywords\":[\"Covid-19\",\"Hospital Houston Methodist\",\"Infect\u00f3logo\",\"mexicano\",\"preguntas\",\"salud\"],\"articleSection\":[\"Ser Saludable\"],\"inLanguage\":\"es\"},{\"@type\":\"WebPage\",\"@id\":\"https:\/\/seryhumano.com\/web\/?p=35591\",\"url\":\"https:\/\/seryhumano.com\/web\/?p=35591\",\"name\":\"Infect\u00f3logo mexicano, responde preguntas acerca del COVID-19\",\"isPartOf\":{\"@id\":\"https:\/\/seryhumano.com\/web\/#website\"},\"primaryImageOfPage\":{\"@id\":\"https:\/\/seryhumano.com\/web\/?p=35591#primaryimage\"},\"image\":{\"@id\":\"https:\/\/seryhumano.com\/web\/?p=35591#primaryimage\"},\"thumbnailUrl\":\"https:\/\/seryhumano.com\/web\/wp-content\/uploads\/2020\/09\/Victor-Fainstein.jpg\",\"datePublished\":\"2020-09-09T11:47:00+00:00\",\"dateModified\":\"2020-09-17T18:38:49+00:00\",\"description\":\"Victor Fainstein: Infect\u00f3logo mexicano, responde sobre COVID-19. Vacunarse sin saber las consecuencias a largo plazo y m\u00e1s...\",\"breadcrumb\":{\"@id\":\"https:\/\/seryhumano.com\/web\/?p=35591#breadcrumb\"},\"inLanguage\":\"es\",\"potentialAction\":[{\"@type\":\"ReadAction\",\"target\":[\"https:\/\/seryhumano.com\/web\/?p=35591\"]}]},{\"@type\":\"ImageObject\",\"inLanguage\":\"es\",\"@id\":\"https:\/\/seryhumano.com\/web\/?p=35591#primaryimage\",\"url\":\"https:\/\/seryhumano.com\/web\/wp-content\/uploads\/2020\/09\/Victor-Fainstein.jpg\",\"contentUrl\":\"https:\/\/seryhumano.com\/web\/wp-content\/uploads\/2020\/09\/Victor-Fainstein.jpg\",\"width\":789,\"height\":452},{\"@type\":\"BreadcrumbList\",\"@id\":\"https:\/\/seryhumano.com\/web\/?p=35591#breadcrumb\",\"itemListElement\":[{\"@type\":\"ListItem\",\"position\":1,\"name\":\"Portada\",\"item\":\"https:\/\/seryhumano.com\/web\/\"},{\"@type\":\"ListItem\",\"position\":2,\"name\":\"Infect\u00f3logo mexicano, responde preguntas acerca del COVID-19\"}]},{\"@type\":\"WebSite\",\"@id\":\"https:\/\/seryhumano.com\/web\/#website\",\"url\":\"https:\/\/seryhumano.com\/web\/\",\"name\":\"SeryHumano.com\",\"description\":\"Revista digital muy humana, donde lo mas importante es el Ser...\",\"publisher\":{\"@id\":\"https:\/\/seryhumano.com\/web\/#organization\"},\"potentialAction\":[{\"@type\":\"SearchAction\",\"target\":{\"@type\":\"EntryPoint\",\"urlTemplate\":\"https:\/\/seryhumano.com\/web\/?s={search_term_string}\"},\"query-input\":{\"@type\":\"PropertyValueSpecification\",\"valueRequired\":true,\"valueName\":\"search_term_string\"}}],\"inLanguage\":\"es\"},{\"@type\":\"Organization\",\"@id\":\"https:\/\/seryhumano.com\/web\/#organization\",\"name\":\"SeryHumano.com\",\"url\":\"https:\/\/seryhumano.com\/web\/\",\"logo\":{\"@type\":\"ImageObject\",\"inLanguage\":\"es\",\"@id\":\"https:\/\/seryhumano.com\/web\/#\/schema\/logo\/image\/\",\"url\":\"https:\/\/seryhumano.com\/web\/wp-content\/uploads\/2020\/02\/JNe5VRwH_400x400-2.jpg\",\"contentUrl\":\"https:\/\/seryhumano.com\/web\/wp-content\/uploads\/2020\/02\/JNe5VRwH_400x400-2.jpg\",\"width\":400,\"height\":400,\"caption\":\"SeryHumano.com\"},\"image\":{\"@id\":\"https:\/\/seryhumano.com\/web\/#\/schema\/logo\/image\/\"},\"sameAs\":[\"https:\/\/www.facebook.com\/seryhumano\/\",\"https:\/\/x.com\/SeryHumano\",\"https:\/\/www.instagram.com\/seryhumano\/\",\"https:\/\/www.linkedin.com\/company\/seryhumano-com\/\",\"https:\/\/www.youtube.com\/channel\/UCYfgIGSxygVnJAW0e9ZBZWg\"]},{\"@type\":\"Person\",\"@id\":\"https:\/\/seryhumano.com\/web\/#\/schema\/person\/f4adb88e2944ce8c1d005724eb1186d6\",\"name\":\"Redacci\u00f3n SeryHumano.com\",\"sameAs\":[\"http:\/\/seryhumano.com\"],\"url\":\"https:\/\/seryhumano.com\/web\/?author=305\"}]}<\/script>\n<!-- \/ Yoast SEO plugin. -->","yoast_head_json":{"title":"Infect\u00f3logo mexicano, responde preguntas acerca del COVID-19","description":"Victor Fainstein: Infect\u00f3logo mexicano, responde sobre COVID-19. Vacunarse sin saber las consecuencias a largo plazo y m\u00e1s...","robots":{"index":"index","follow":"follow","max-snippet":"max-snippet:-1","max-image-preview":"max-image-preview:large","max-video-preview":"max-video-preview:-1"},"canonical":"https:\/\/seryhumano.com\/web\/?p=35591","og_locale":"es_ES","og_type":"article","og_title":"Infect\u00f3logo mexicano, responde preguntas acerca del COVID-19","og_description":"Victor Fainstein: Infect\u00f3logo mexicano, responde sobre COVID-19. Vacunarse sin saber las consecuencias a largo plazo y m\u00e1s...","og_url":"https:\/\/seryhumano.com\/web\/?p=35591","og_site_name":"SeryHumano.com","article_publisher":"https:\/\/www.facebook.com\/seryhumano\/","article_published_time":"2020-09-09T11:47:00+00:00","article_modified_time":"2020-09-17T18:38:49+00:00","og_image":[{"width":789,"height":452,"url":"https:\/\/seryhumano.com\/web\/wp-content\/uploads\/2020\/09\/Victor-Fainstein.jpg","type":"image\/jpeg"}],"author":"Redacci\u00f3n SeryHumano.com","twitter_card":"summary_large_image","twitter_creator":"@SeryHumano","twitter_site":"@SeryHumano","twitter_misc":{"Escrito por":"Redacci\u00f3n SeryHumano.com","Tiempo de lectura":"4 minutos"},"schema":{"@context":"https:\/\/schema.org","@graph":[{"@type":"Article","@id":"https:\/\/seryhumano.com\/web\/?p=35591#article","isPartOf":{"@id":"https:\/\/seryhumano.com\/web\/?p=35591"},"author":{"name":"Redacci\u00f3n SeryHumano.com","@id":"https:\/\/seryhumano.com\/web\/#\/schema\/person\/f4adb88e2944ce8c1d005724eb1186d6"},"headline":"Infect\u00f3logo mexicano, responde preguntas acerca del COVID-19","datePublished":"2020-09-09T11:47:00+00:00","dateModified":"2020-09-17T18:38:49+00:00","mainEntityOfPage":{"@id":"https:\/\/seryhumano.com\/web\/?p=35591"},"wordCount":843,"publisher":{"@id":"https:\/\/seryhumano.com\/web\/#organization"},"image":{"@id":"https:\/\/seryhumano.com\/web\/?p=35591#primaryimage"},"thumbnailUrl":"https:\/\/seryhumano.com\/web\/wp-content\/uploads\/2020\/09\/Victor-Fainstein.jpg","keywords":["Covid-19","Hospital Houston Methodist","Infect\u00f3logo","mexicano","preguntas","salud"],"articleSection":["Ser Saludable"],"inLanguage":"es"},{"@type":"WebPage","@id":"https:\/\/seryhumano.com\/web\/?p=35591","url":"https:\/\/seryhumano.com\/web\/?p=35591","name":"Infect\u00f3logo mexicano, responde preguntas acerca del COVID-19","isPartOf":{"@id":"https:\/\/seryhumano.com\/web\/#website"},"primaryImageOfPage":{"@id":"https:\/\/seryhumano.com\/web\/?p=35591#primaryimage"},"image":{"@id":"https:\/\/seryhumano.com\/web\/?p=35591#primaryimage"},"thumbnailUrl":"https:\/\/seryhumano.com\/web\/wp-content\/uploads\/2020\/09\/Victor-Fainstein.jpg","datePublished":"2020-09-09T11:47:00+00:00","dateModified":"2020-09-17T18:38:49+00:00","description":"Victor Fainstein: Infect\u00f3logo mexicano, responde sobre COVID-19. Vacunarse sin saber las consecuencias a largo plazo y m\u00e1s...","breadcrumb":{"@id":"https:\/\/seryhumano.com\/web\/?p=35591#breadcrumb"},"inLanguage":"es","potentialAction":[{"@type":"ReadAction","target":["https:\/\/seryhumano.com\/web\/?p=35591"]}]},{"@type":"ImageObject","inLanguage":"es","@id":"https:\/\/seryhumano.com\/web\/?p=35591#primaryimage","url":"https:\/\/seryhumano.com\/web\/wp-content\/uploads\/2020\/09\/Victor-Fainstein.jpg","contentUrl":"https:\/\/seryhumano.com\/web\/wp-content\/uploads\/2020\/09\/Victor-Fainstein.jpg","width":789,"height":452},{"@type":"BreadcrumbList","@id":"https:\/\/seryhumano.com\/web\/?p=35591#breadcrumb","itemListElement":[{"@type":"ListItem","position":1,"name":"Portada","item":"https:\/\/seryhumano.com\/web\/"},{"@type":"ListItem","position":2,"name":"Infect\u00f3logo mexicano, responde preguntas acerca del COVID-19"}]},{"@type":"WebSite","@id":"https:\/\/seryhumano.com\/web\/#website","url":"https:\/\/seryhumano.com\/web\/","name":"SeryHumano.com","description":"Revista digital muy humana, donde lo mas importante es el Ser...","publisher":{"@id":"https:\/\/seryhumano.com\/web\/#organization"},"potentialAction":[{"@type":"SearchAction","target":{"@type":"EntryPoint","urlTemplate":"https:\/\/seryhumano.com\/web\/?s={search_term_string}"},"query-input":{"@type":"PropertyValueSpecification","valueRequired":true,"valueName":"search_term_string"}}],"inLanguage":"es"},{"@type":"Organization","@id":"https:\/\/seryhumano.com\/web\/#organization","name":"SeryHumano.com","url":"https:\/\/seryhumano.com\/web\/","logo":{"@type":"ImageObject","inLanguage":"es","@id":"https:\/\/seryhumano.com\/web\/#\/schema\/logo\/image\/","url":"https:\/\/seryhumano.com\/web\/wp-content\/uploads\/2020\/02\/JNe5VRwH_400x400-2.jpg","contentUrl":"https:\/\/seryhumano.com\/web\/wp-content\/uploads\/2020\/02\/JNe5VRwH_400x400-2.jpg","width":400,"height":400,"caption":"SeryHumano.com"},"image":{"@id":"https:\/\/seryhumano.com\/web\/#\/schema\/logo\/image\/"},"sameAs":["https:\/\/www.facebook.com\/seryhumano\/","https:\/\/x.com\/SeryHumano","https:\/\/www.instagram.com\/seryhumano\/","https:\/\/www.linkedin.com\/company\/seryhumano-com\/","https:\/\/www.youtube.com\/channel\/UCYfgIGSxygVnJAW0e9ZBZWg"]},{"@type":"Person","@id":"https:\/\/seryhumano.com\/web\/#\/schema\/person\/f4adb88e2944ce8c1d005724eb1186d6","name":"Redacci\u00f3n SeryHumano.com","sameAs":["http:\/\/seryhumano.com"],"url":"https:\/\/seryhumano.com\/web\/?author=305"}]}},"_links":{"self":[{"href":"https:\/\/seryhumano.com\/web\/index.php?rest_route=\/wp\/v2\/posts\/35591","targetHints":{"allow":["GET"]}}],"collection":[{"href":"https:\/\/seryhumano.com\/web\/index.php?rest_route=\/wp\/v2\/posts"}],"about":[{"href":"https:\/\/seryhumano.com\/web\/index.php?rest_route=\/wp\/v2\/types\/post"}],"author":[{"embeddable":true,"href":"https:\/\/seryhumano.com\/web\/index.php?rest_route=\/wp\/v2\/users\/305"}],"replies":[{"embeddable":true,"href":"https:\/\/seryhumano.com\/web\/index.php?rest_route=%2Fwp%2Fv2%2Fcomments&post=35591"}],"version-history":[{"count":0,"href":"https:\/\/seryhumano.com\/web\/index.php?rest_route=\/wp\/v2\/posts\/35591\/revisions"}],"wp:featuredmedia":[{"embeddable":true,"href":"https:\/\/seryhumano.com\/web\/index.php?rest_route=\/wp\/v2\/media\/35592"}],"wp:attachment":[{"href":"https:\/\/seryhumano.com\/web\/index.php?rest_route=%2Fwp%2Fv2%2Fmedia&parent=35591"}],"wp:term":[{"taxonomy":"category","embeddable":true,"href":"https:\/\/seryhumano.com\/web\/index.php?rest_route=%2Fwp%2Fv2%2Fcategories&post=35591"},{"taxonomy":"post_tag","embeddable":true,"href":"https:\/\/seryhumano.com\/web\/index.php?rest_route=%2Fwp%2Fv2%2Ftags&post=35591"}],"curies":[{"name":"wp","href":"https:\/\/api.w.org\/{rel}","templated":true}]}}