{"id":35977,"date":"2020-10-16T07:50:59","date_gmt":"2020-10-16T12:20:59","guid":{"rendered":"https:\/\/seryhumano.com\/web\/?p=35977"},"modified":"2020-10-16T07:51:05","modified_gmt":"2020-10-16T12:21:05","slug":"plebiscito-y-el-chile-que-viene-palabras-de-axel-kaiser","status":"publish","type":"post","link":"https:\/\/seryhumano.com\/web\/?p=35977","title":{"rendered":"Plebiscito y el Chile que viene: Palabras de Axel Kaiser"},"content":{"rendered":"\n<div class=\"wp-block-image\"><figure class=\"aligncenter size-large\"><img loading=\"lazy\" decoding=\"async\" width=\"1006\" height=\"1024\" src=\"https:\/\/seryhumano.com\/web\/wp-content\/uploads\/2020\/10\/Plebiscito-1006x1024.png\" alt=\"Plebiscito \" class=\"wp-image-35978\" srcset=\"https:\/\/seryhumano.com\/web\/wp-content\/uploads\/2020\/10\/Plebiscito-1006x1024.png 1006w, https:\/\/seryhumano.com\/web\/wp-content\/uploads\/2020\/10\/Plebiscito-295x300.png 295w, https:\/\/seryhumano.com\/web\/wp-content\/uploads\/2020\/10\/Plebiscito-768x782.png 768w, https:\/\/seryhumano.com\/web\/wp-content\/uploads\/2020\/10\/Plebiscito.png 1257w\" sizes=\"auto, (max-width: 1006px) 100vw, 1006px\" \/><\/figure><\/div>\n\n\n\n<p>Axel Kaiser, Presidente del directorio Fundaci\u00f3n para el Progreso (FPP), conversa junto a Eugenio Guerrero, investigador FPP, sobre el plebiscito que est\u00e1 a punto de ocurrir en Chile y lo que viene, seg\u00fan su criterio, en los pr\u00f3ximos a\u00f1os.<\/p>\n\n\n\n<p><a href=\"https:\/\/seryhumano.com\/web\/la-neoinquisicion-por-axel-kaiser\/\">LA NEOINQUISICI\u00d3N por Axel Kaiser<\/a><\/p>\n\n\n\n<p>Axel Kaiser es Presidente del Directorio de la Fundaci\u00f3n para el progreso. Es abogado. Doctor en Filosof\u00eda por la Universidad de Heidelberg (Alemania). Columnista de los diarios Financiero y El Mercurio. Autor de \u00abEl Chile que viene\u00bb (2007), \u201cLa fatal ignorancia\u201d (2009), \u201cLa miseria del intervencionismo\u201d (2012) y \u201cLa Tiran\u00eda de la Igualdad\u00bb (2015),\u00bbEl Enga\u00f1o Populista\u00bb (2016), \u00abEl Papa y el capitalismo\u00bb (2018).<\/p>\n\n\n\n<figure class=\"wp-block-embed-youtube wp-block-embed is-type-video is-provider-youtube wp-embed-aspect-16-9 wp-has-aspect-ratio\"><div class=\"wp-block-embed__wrapper\">\n<iframe loading=\"lazy\" title=\"Axel Kaiser | Plebiscito y el Chile que viene - \u00c1gora Live\" width=\"1200\" height=\"675\" src=\"https:\/\/www.youtube.com\/embed\/f0D-W9I4cm8?start=733&#038;feature=oembed\" frameborder=\"0\" allow=\"accelerometer; autoplay; clipboard-write; encrypted-media; gyroscope; picture-in-picture; web-share\" referrerpolicy=\"strict-origin-when-cross-origin\" allowfullscreen><\/iframe>\n<\/div><\/figure>\n\n\n\n<p>seryumano.com<\/p>\n\n\n\n<p>Si quiere recibir en su celular esta y otras informaciones y art\u00edculos descargue Telegram, ingrese al link <a href=\"htts:\/\/t.me\/seryhumano\">htts:\/\/t.me\/seryhumano<\/a> y dele clic a +Unirme<\/p>\n","protected":false},"excerpt":{"rendered":"<p>Axel Kaiser, Presidente del directorio Fundaci\u00f3n para el Progreso (FPP), conversa junto a Eugenio Guerrero, investigador FPP, sobre el plebiscito que est\u00e1 a punto de ocurrir en Chile y lo que viene, seg\u00fan su criterio, en los pr\u00f3ximos a\u00f1os. LA NEOINQUISICI\u00d3N por Axel Kaiser Axel Kaiser es Presidente del Directorio de la Fundaci\u00f3n para el&hellip;<\/p>\n","protected":false},"author":305,"featured_media":35978,"comment_status":"closed","ping_status":"closed","sticky":false,"template":"","format":"standard","meta":{"footnotes":""},"categories":[122],"tags":[],"class_list":["post-35977","post","type-post","status-publish","format-standard","has-post-thumbnail","hentry","category-cultura","category-122","description-off"],"yoast_head":"<!-- This site is optimized with the Yoast SEO plugin v25.4 - https:\/\/yoast.com\/wordpress\/plugins\/seo\/ -->\n<title>Plebiscito y el Chile que viene: Palabras de Axel Kaiser<\/title>\n<meta name=\"description\" content=\"Plebiscito y el Chile que viene: Palabras de Axel Kaiser. Axel Kaiser, Presidente del directorio Fundaci\u00f3n para el Progreso (FPP), conversa\" \/>\n<meta name=\"robots\" content=\"index, follow, max-snippet:-1, max-image-preview:large, max-video-preview:-1\" \/>\n<link rel=\"canonical\" href=\"https:\/\/seryhumano.com\/web\/?p=35977\" \/>\n<meta property=\"og:locale\" content=\"es_ES\" \/>\n<meta property=\"og:type\" content=\"article\" \/>\n<meta property=\"og:title\" content=\"Plebiscito y el Chile que viene: Palabras de Axel Kaiser\" \/>\n<meta property=\"og:description\" content=\"Plebiscito y el Chile que viene: Palabras de Axel Kaiser. Axel Kaiser, Presidente del directorio Fundaci\u00f3n para el Progreso (FPP), conversa\" \/>\n<meta property=\"og:url\" content=\"https:\/\/seryhumano.com\/web\/?p=35977\" \/>\n<meta property=\"og:site_name\" content=\"SeryHumano.com\" \/>\n<meta property=\"article:publisher\" content=\"https:\/\/www.facebook.com\/seryhumano\/\" \/>\n<meta property=\"article:published_time\" content=\"2020-10-16T12:20:59+00:00\" \/>\n<meta property=\"article:modified_time\" content=\"2020-10-16T12:21:05+00:00\" \/>\n<meta property=\"og:image\" content=\"https:\/\/seryhumano.com\/web\/wp-content\/uploads\/2020\/10\/Plebiscito.png\" \/>\n\t<meta property=\"og:image:width\" content=\"1257\" \/>\n\t<meta property=\"og:image:height\" content=\"1280\" \/>\n\t<meta property=\"og:image:type\" content=\"image\/png\" \/>\n<meta name=\"author\" content=\"Redacci\u00f3n SeryHumano.com\" \/>\n<meta name=\"twitter:card\" content=\"summary_large_image\" \/>\n<meta name=\"twitter:creator\" content=\"@SeryHumano\" \/>\n<meta name=\"twitter:site\" content=\"@SeryHumano\" \/>\n<meta name=\"twitter:label1\" content=\"Escrito por\" \/>\n\t<meta name=\"twitter:data1\" content=\"Redacci\u00f3n SeryHumano.com\" \/>\n\t<meta name=\"twitter:label2\" content=\"Tiempo de lectura\" \/>\n\t<meta name=\"twitter:data2\" content=\"1 minuto\" \/>\n<script type=\"application\/ld+json\" class=\"yoast-schema-graph\">{\"@context\":\"https:\/\/schema.org\",\"@graph\":[{\"@type\":\"Article\",\"@id\":\"https:\/\/seryhumano.com\/web\/?p=35977#article\",\"isPartOf\":{\"@id\":\"https:\/\/seryhumano.com\/web\/?p=35977\"},\"author\":{\"name\":\"Redacci\u00f3n SeryHumano.com\",\"@id\":\"https:\/\/seryhumano.com\/web\/#\/schema\/person\/f4adb88e2944ce8c1d005724eb1186d6\"},\"headline\":\"Plebiscito y el Chile que viene: Palabras de Axel Kaiser\",\"datePublished\":\"2020-10-16T12:20:59+00:00\",\"dateModified\":\"2020-10-16T12:21:05+00:00\",\"mainEntityOfPage\":{\"@id\":\"https:\/\/seryhumano.com\/web\/?p=35977\"},\"wordCount\":163,\"publisher\":{\"@id\":\"https:\/\/seryhumano.com\/web\/#organization\"},\"image\":{\"@id\":\"https:\/\/seryhumano.com\/web\/?p=35977#primaryimage\"},\"thumbnailUrl\":\"https:\/\/seryhumano.com\/web\/wp-content\/uploads\/2020\/10\/Plebiscito.png\",\"articleSection\":[\"Cultura del Ser\"],\"inLanguage\":\"es\"},{\"@type\":\"WebPage\",\"@id\":\"https:\/\/seryhumano.com\/web\/?p=35977\",\"url\":\"https:\/\/seryhumano.com\/web\/?p=35977\",\"name\":\"Plebiscito y el Chile que viene: Palabras de Axel Kaiser\",\"isPartOf\":{\"@id\":\"https:\/\/seryhumano.com\/web\/#website\"},\"primaryImageOfPage\":{\"@id\":\"https:\/\/seryhumano.com\/web\/?p=35977#primaryimage\"},\"image\":{\"@id\":\"https:\/\/seryhumano.com\/web\/?p=35977#primaryimage\"},\"thumbnailUrl\":\"https:\/\/seryhumano.com\/web\/wp-content\/uploads\/2020\/10\/Plebiscito.png\",\"datePublished\":\"2020-10-16T12:20:59+00:00\",\"dateModified\":\"2020-10-16T12:21:05+00:00\",\"description\":\"Plebiscito y el Chile que viene: Palabras de Axel Kaiser. Axel Kaiser, Presidente del directorio Fundaci\u00f3n para el Progreso (FPP), conversa\",\"breadcrumb\":{\"@id\":\"https:\/\/seryhumano.com\/web\/?p=35977#breadcrumb\"},\"inLanguage\":\"es\",\"potentialAction\":[{\"@type\":\"ReadAction\",\"target\":[\"https:\/\/seryhumano.com\/web\/?p=35977\"]}]},{\"@type\":\"ImageObject\",\"inLanguage\":\"es\",\"@id\":\"https:\/\/seryhumano.com\/web\/?p=35977#primaryimage\",\"url\":\"https:\/\/seryhumano.com\/web\/wp-content\/uploads\/2020\/10\/Plebiscito.png\",\"contentUrl\":\"https:\/\/seryhumano.com\/web\/wp-content\/uploads\/2020\/10\/Plebiscito.png\",\"width\":1257,\"height\":1280},{\"@type\":\"BreadcrumbList\",\"@id\":\"https:\/\/seryhumano.com\/web\/?p=35977#breadcrumb\",\"itemListElement\":[{\"@type\":\"ListItem\",\"position\":1,\"name\":\"Portada\",\"item\":\"https:\/\/seryhumano.com\/web\/\"},{\"@type\":\"ListItem\",\"position\":2,\"name\":\"Plebiscito y el Chile que viene: Palabras de Axel Kaiser\"}]},{\"@type\":\"WebSite\",\"@id\":\"https:\/\/seryhumano.com\/web\/#website\",\"url\":\"https:\/\/seryhumano.com\/web\/\",\"name\":\"SeryHumano.com\",\"description\":\"Revista digital muy humana, donde lo mas importante es el Ser...\",\"publisher\":{\"@id\":\"https:\/\/seryhumano.com\/web\/#organization\"},\"potentialAction\":[{\"@type\":\"SearchAction\",\"target\":{\"@type\":\"EntryPoint\",\"urlTemplate\":\"https:\/\/seryhumano.com\/web\/?s={search_term_string}\"},\"query-input\":{\"@type\":\"PropertyValueSpecification\",\"valueRequired\":true,\"valueName\":\"search_term_string\"}}],\"inLanguage\":\"es\"},{\"@type\":\"Organization\",\"@id\":\"https:\/\/seryhumano.com\/web\/#organization\",\"name\":\"SeryHumano.com\",\"url\":\"https:\/\/seryhumano.com\/web\/\",\"logo\":{\"@type\":\"ImageObject\",\"inLanguage\":\"es\",\"@id\":\"https:\/\/seryhumano.com\/web\/#\/schema\/logo\/image\/\",\"url\":\"https:\/\/seryhumano.com\/web\/wp-content\/uploads\/2020\/02\/JNe5VRwH_400x400-2.jpg\",\"contentUrl\":\"https:\/\/seryhumano.com\/web\/wp-content\/uploads\/2020\/02\/JNe5VRwH_400x400-2.jpg\",\"width\":400,\"height\":400,\"caption\":\"SeryHumano.com\"},\"image\":{\"@id\":\"https:\/\/seryhumano.com\/web\/#\/schema\/logo\/image\/\"},\"sameAs\":[\"https:\/\/www.facebook.com\/seryhumano\/\",\"https:\/\/x.com\/SeryHumano\",\"https:\/\/www.instagram.com\/seryhumano\/\",\"https:\/\/www.linkedin.com\/company\/seryhumano-com\/\",\"https:\/\/www.youtube.com\/channel\/UCYfgIGSxygVnJAW0e9ZBZWg\"]},{\"@type\":\"Person\",\"@id\":\"https:\/\/seryhumano.com\/web\/#\/schema\/person\/f4adb88e2944ce8c1d005724eb1186d6\",\"name\":\"Redacci\u00f3n SeryHumano.com\",\"sameAs\":[\"http:\/\/seryhumano.com\"],\"url\":\"https:\/\/seryhumano.com\/web\/?author=305\"}]}<\/script>\n<!-- \/ Yoast SEO plugin. -->","yoast_head_json":{"title":"Plebiscito y el Chile que viene: Palabras de Axel Kaiser","description":"Plebiscito y el Chile que viene: Palabras de Axel Kaiser. Axel Kaiser, Presidente del directorio Fundaci\u00f3n para el Progreso (FPP), conversa","robots":{"index":"index","follow":"follow","max-snippet":"max-snippet:-1","max-image-preview":"max-image-preview:large","max-video-preview":"max-video-preview:-1"},"canonical":"https:\/\/seryhumano.com\/web\/?p=35977","og_locale":"es_ES","og_type":"article","og_title":"Plebiscito y el Chile que viene: Palabras de Axel Kaiser","og_description":"Plebiscito y el Chile que viene: Palabras de Axel Kaiser. Axel Kaiser, Presidente del directorio Fundaci\u00f3n para el Progreso (FPP), conversa","og_url":"https:\/\/seryhumano.com\/web\/?p=35977","og_site_name":"SeryHumano.com","article_publisher":"https:\/\/www.facebook.com\/seryhumano\/","article_published_time":"2020-10-16T12:20:59+00:00","article_modified_time":"2020-10-16T12:21:05+00:00","og_image":[{"width":1257,"height":1280,"url":"https:\/\/seryhumano.com\/web\/wp-content\/uploads\/2020\/10\/Plebiscito.png","type":"image\/png"}],"author":"Redacci\u00f3n SeryHumano.com","twitter_card":"summary_large_image","twitter_creator":"@SeryHumano","twitter_site":"@SeryHumano","twitter_misc":{"Escrito por":"Redacci\u00f3n SeryHumano.com","Tiempo de lectura":"1 minuto"},"schema":{"@context":"https:\/\/schema.org","@graph":[{"@type":"Article","@id":"https:\/\/seryhumano.com\/web\/?p=35977#article","isPartOf":{"@id":"https:\/\/seryhumano.com\/web\/?p=35977"},"author":{"name":"Redacci\u00f3n SeryHumano.com","@id":"https:\/\/seryhumano.com\/web\/#\/schema\/person\/f4adb88e2944ce8c1d005724eb1186d6"},"headline":"Plebiscito y el Chile que viene: Palabras de Axel Kaiser","datePublished":"2020-10-16T12:20:59+00:00","dateModified":"2020-10-16T12:21:05+00:00","mainEntityOfPage":{"@id":"https:\/\/seryhumano.com\/web\/?p=35977"},"wordCount":163,"publisher":{"@id":"https:\/\/seryhumano.com\/web\/#organization"},"image":{"@id":"https:\/\/seryhumano.com\/web\/?p=35977#primaryimage"},"thumbnailUrl":"https:\/\/seryhumano.com\/web\/wp-content\/uploads\/2020\/10\/Plebiscito.png","articleSection":["Cultura del Ser"],"inLanguage":"es"},{"@type":"WebPage","@id":"https:\/\/seryhumano.com\/web\/?p=35977","url":"https:\/\/seryhumano.com\/web\/?p=35977","name":"Plebiscito y el Chile que viene: Palabras de Axel Kaiser","isPartOf":{"@id":"https:\/\/seryhumano.com\/web\/#website"},"primaryImageOfPage":{"@id":"https:\/\/seryhumano.com\/web\/?p=35977#primaryimage"},"image":{"@id":"https:\/\/seryhumano.com\/web\/?p=35977#primaryimage"},"thumbnailUrl":"https:\/\/seryhumano.com\/web\/wp-content\/uploads\/2020\/10\/Plebiscito.png","datePublished":"2020-10-16T12:20:59+00:00","dateModified":"2020-10-16T12:21:05+00:00","description":"Plebiscito y el Chile que viene: Palabras de Axel Kaiser. Axel Kaiser, Presidente del directorio Fundaci\u00f3n para el Progreso (FPP), conversa","breadcrumb":{"@id":"https:\/\/seryhumano.com\/web\/?p=35977#breadcrumb"},"inLanguage":"es","potentialAction":[{"@type":"ReadAction","target":["https:\/\/seryhumano.com\/web\/?p=35977"]}]},{"@type":"ImageObject","inLanguage":"es","@id":"https:\/\/seryhumano.com\/web\/?p=35977#primaryimage","url":"https:\/\/seryhumano.com\/web\/wp-content\/uploads\/2020\/10\/Plebiscito.png","contentUrl":"https:\/\/seryhumano.com\/web\/wp-content\/uploads\/2020\/10\/Plebiscito.png","width":1257,"height":1280},{"@type":"BreadcrumbList","@id":"https:\/\/seryhumano.com\/web\/?p=35977#breadcrumb","itemListElement":[{"@type":"ListItem","position":1,"name":"Portada","item":"https:\/\/seryhumano.com\/web\/"},{"@type":"ListItem","position":2,"name":"Plebiscito y el Chile que viene: Palabras de Axel Kaiser"}]},{"@type":"WebSite","@id":"https:\/\/seryhumano.com\/web\/#website","url":"https:\/\/seryhumano.com\/web\/","name":"SeryHumano.com","description":"Revista digital muy humana, donde lo mas importante es el Ser...","publisher":{"@id":"https:\/\/seryhumano.com\/web\/#organization"},"potentialAction":[{"@type":"SearchAction","target":{"@type":"EntryPoint","urlTemplate":"https:\/\/seryhumano.com\/web\/?s={search_term_string}"},"query-input":{"@type":"PropertyValueSpecification","valueRequired":true,"valueName":"search_term_string"}}],"inLanguage":"es"},{"@type":"Organization","@id":"https:\/\/seryhumano.com\/web\/#organization","name":"SeryHumano.com","url":"https:\/\/seryhumano.com\/web\/","logo":{"@type":"ImageObject","inLanguage":"es","@id":"https:\/\/seryhumano.com\/web\/#\/schema\/logo\/image\/","url":"https:\/\/seryhumano.com\/web\/wp-content\/uploads\/2020\/02\/JNe5VRwH_400x400-2.jpg","contentUrl":"https:\/\/seryhumano.com\/web\/wp-content\/uploads\/2020\/02\/JNe5VRwH_400x400-2.jpg","width":400,"height":400,"caption":"SeryHumano.com"},"image":{"@id":"https:\/\/seryhumano.com\/web\/#\/schema\/logo\/image\/"},"sameAs":["https:\/\/www.facebook.com\/seryhumano\/","https:\/\/x.com\/SeryHumano","https:\/\/www.instagram.com\/seryhumano\/","https:\/\/www.linkedin.com\/company\/seryhumano-com\/","https:\/\/www.youtube.com\/channel\/UCYfgIGSxygVnJAW0e9ZBZWg"]},{"@type":"Person","@id":"https:\/\/seryhumano.com\/web\/#\/schema\/person\/f4adb88e2944ce8c1d005724eb1186d6","name":"Redacci\u00f3n SeryHumano.com","sameAs":["http:\/\/seryhumano.com"],"url":"https:\/\/seryhumano.com\/web\/?author=305"}]}},"_links":{"self":[{"href":"https:\/\/seryhumano.com\/web\/index.php?rest_route=\/wp\/v2\/posts\/35977","targetHints":{"allow":["GET"]}}],"collection":[{"href":"https:\/\/seryhumano.com\/web\/index.php?rest_route=\/wp\/v2\/posts"}],"about":[{"href":"https:\/\/seryhumano.com\/web\/index.php?rest_route=\/wp\/v2\/types\/post"}],"author":[{"embeddable":true,"href":"https:\/\/seryhumano.com\/web\/index.php?rest_route=\/wp\/v2\/users\/305"}],"replies":[{"embeddable":true,"href":"https:\/\/seryhumano.com\/web\/index.php?rest_route=%2Fwp%2Fv2%2Fcomments&post=35977"}],"version-history":[{"count":0,"href":"https:\/\/seryhumano.com\/web\/index.php?rest_route=\/wp\/v2\/posts\/35977\/revisions"}],"wp:featuredmedia":[{"embeddable":true,"href":"https:\/\/seryhumano.com\/web\/index.php?rest_route=\/wp\/v2\/media\/35978"}],"wp:attachment":[{"href":"https:\/\/seryhumano.com\/web\/index.php?rest_route=%2Fwp%2Fv2%2Fmedia&parent=35977"}],"wp:term":[{"taxonomy":"category","embeddable":true,"href":"https:\/\/seryhumano.com\/web\/index.php?rest_route=%2Fwp%2Fv2%2Fcategories&post=35977"},{"taxonomy":"post_tag","embeddable":true,"href":"https:\/\/seryhumano.com\/web\/index.php?rest_route=%2Fwp%2Fv2%2Ftags&post=35977"}],"curies":[{"name":"wp","href":"https:\/\/api.w.org\/{rel}","templated":true}]}}