{"id":36299,"date":"2020-11-17T13:39:50","date_gmt":"2020-11-17T18:09:50","guid":{"rendered":"https:\/\/seryhumano.com\/web\/?p=36299"},"modified":"2020-11-17T13:39:58","modified_gmt":"2020-11-17T18:09:58","slug":"dano-pancreatico-en-pacientes-con-diabetes-y-covid-19","status":"publish","type":"post","link":"https:\/\/seryhumano.com\/web\/?p=36299","title":{"rendered":"Da\u00f1o pancre\u00e1tico en pacientes con diabetes y COVID-19"},"content":{"rendered":"\n<div class=\"wp-block-image\"><figure class=\"aligncenter size-large\"><img loading=\"lazy\" decoding=\"async\" width=\"768\" height=\"432\" src=\"https:\/\/seryhumano.com\/web\/wp-content\/uploads\/2020\/11\/Dano.jpg\" alt=\"Da\u00f1o\" class=\"wp-image-36300\" srcset=\"https:\/\/seryhumano.com\/web\/wp-content\/uploads\/2020\/11\/Dano.jpg 768w, https:\/\/seryhumano.com\/web\/wp-content\/uploads\/2020\/11\/Dano-300x169.jpg 300w\" sizes=\"auto, (max-width: 768px) 100vw, 768px\" \/><\/figure><\/div>\n\n\n\n<p>En M\u00e9xico existen cerca 8.6 millones de personas que viven con Diabetes y durante esta pandemia este grupo se ha convertido en uno de los m\u00e1s vulnerables debido a que su sistema inmune est\u00e1 comprometido luchando con una condici\u00f3n de salud preexistente, la diabetes.<\/p>\n\n\n\n<p>Asimismo, aunque la gravedad de la infecci\u00f3n viene determinada sobre todo por la aparici\u00f3n de neumon\u00eda grave, se han descrito otras afectaciones en distintos aparatos y sistemas. A nivel del aparato digestivo es frecuente la aparici\u00f3n de v\u00f3mitos, diarrea y dolor abdominal. Tambi\u00e9n es com\u00fan la afectaci\u00f3n hep\u00e1tica, e incluso se han estudiado casos de pancreatitis relacionadas con infecci\u00f3n del COVID-19.<\/p>\n\n\n\n<p>El Dr. Al\u00ed Raza, m\u00e9dico gastroenter\u00f3logo del Hospital Houston Methodist, explic\u00f3 que como es bien sabido, \u201cla diabetes es una afecci\u00f3n m\u00e9dica cr\u00f3nica en la que hay un nivel elevado de az\u00facar en la sangre debido a problemas previos de autocuidado o debido a la deficiencia de insulina del paciente.\u201d<\/p>\n\n\n\n<p>Agreg\u00f3 que, \u201cestudios han demostrado que cada vez que un paciente con este problema espec\u00edfico contrae COVID-19, la enfermedad se complica presentando un pron\u00f3stico m\u00e1s adverso que el de una persona que no tiene diabetes.\u201d<\/p>\n\n\n\n<p>En cuanto al da\u00f1o al p\u00e1ncreas (pancreatitis aguda) en un paciente con infecci\u00f3n por COVID-19, el Dr. Raza describi\u00f3: \u201cRecientemente se ha publicado en revistas cient\u00edficas que se encontr\u00f3 que los pacientes que ingresaron con una infecci\u00f3n por COVID-19 ten\u00edan inflamaci\u00f3n pancre\u00e1tica aguda relacionada con el virus.\u201d<\/p>\n\n\n\n<p><strong><u><a href=\"https:\/\/seryhumano.com\/web\/el-eslabon-perdido-de-nuestra-salud\/\">El eslab\u00f3n perdido de nuestra salud<\/a><\/u><\/strong><\/p>\n\n\n\n<p>\u201cPara estos pacientes, el grado de inflamaci\u00f3n pancre\u00e1tica relacionada con COVID-19 fue variable. En mi experiencia, he visto personas con una infecci\u00f3n por COVID-19 que desarrollaron pancreatitis, donde se descartaron otras causas (c\u00e1lculos biliares, alcoholismo y otros factores de riesgo metab\u00f3lico) de pancreatitis. A\u00fan es muy pronto para decir con certeza si el virus causa da\u00f1o citop\u00e1tico directo al p\u00e1ncreas o si la inflamaci\u00f3n es consecuencia de una enfermedad general grave por COVID-19\u201d, explic\u00f3 el especialista.<\/p>\n\n\n\n<p>Con respecto a los pacientes con diabetes que han tenido inflamaci\u00f3n pancre\u00e1tica que podr\u00eda estar relacionada con COVID-19, el Dr. Ali Raza afirm\u00f3 que \u201clos pacientes que tienen problemas metab\u00f3licos, incluida la diabetes, pueden tener niveles muy altos de triglic\u00e9ridos, y esto solo puede causar esta inflamaci\u00f3n independientemente de COVID-19.<\/p>\n\n\n\n<p>Adem\u00e1s, las personas que luchan contra el virus en la UCI pueden estar tomando varios medicamentos (incluidos los del ensayo), que tambi\u00e9n podr\u00edan ser otra causa de pancreatitis. Por ahora, es dif\u00edcil para nosotros identificar claramente si la pancreatitis se debe a medicamentos, factores de riesgo metab\u00f3lico o al virus mismo en un paciente cr\u00edticamente enfermo con infecci\u00f3n por COVID-19\u201d.<\/p>\n\n\n\n<p>Al hablar de tratamientos espec\u00edficos para da\u00f1o pancre\u00e1tico en pacientes que est\u00e1n luchando contra este coronavirus, el especialista explic\u00f3 que \u201cen situaciones de infecci\u00f3n por COVID y pancreatitis, nos enfrentamos al dilema de si pudi\u00e9ramos bajar los l\u00edquidos, que es el tratamiento t\u00edpico de la pancreatitis, pero esto nos puede provocar que el paciente presente un edema u otras complicaciones pulmonares. Esto nos ha llevado a cuidar muy bien a este grupo de pacientes, hidrat\u00e1ndolos muy ligero y controlando tambi\u00e9n su estado respiratorio.\u201d<\/p>\n\n\n\n<p>Para finalizar el gastroenter\u00f3logo del Hospital Houston Methodist subray\u00f3 la necesidad de que las personas con diabetes o alguna enfermedad preexistente mantengan un control de su enfermedad y sigan las medidas de seguridad a fin de evitar un contagio cuyo pron\u00f3stico puede ser delicado.<\/p>\n\n\n\n<p><a href=\"https:\/\/www.instagram.com\/seryhumano\/\">seryhumano.com<\/a> \/ \u00c1ngelo Pinto<\/p>\n\n\n\n<p>Si quiere recibir en su celular esta y otras informaciones y art\u00edculos descargue Telegram, ingrese al link <a href=\"htts:\/\/t.me\/seryhumano\">htts:\/\/t.me\/seryhumano<\/a> y dele clic a +Unirme<\/p>\n","protected":false},"excerpt":{"rendered":"<p>En M\u00e9xico existen cerca 8.6 millones de personas que viven con Diabetes y durante esta pandemia este grupo se ha convertido en uno de los m\u00e1s vulnerables debido a que su sistema inmune est\u00e1 comprometido luchando con una condici\u00f3n de salud preexistente, la diabetes. Asimismo, aunque la gravedad de la infecci\u00f3n viene determinada sobre todo&hellip;<\/p>\n","protected":false},"author":305,"featured_media":36300,"comment_status":"closed","ping_status":"closed","sticky":false,"template":"","format":"standard","meta":{"footnotes":""},"categories":[120],"tags":[208,6089,6676,6275,6846,6845,172,5717],"class_list":["post-36299","post","type-post","status-publish","format-standard","has-post-thumbnail","hentry","category-ser-saludable","tag-alimentacion","tag-covid-19","tag-dano","tag-diabetes","tag-hepatica","tag-pancreas","tag-salud","tag-saludable","category-120","description-off"],"yoast_head":"<!-- This site is optimized with the Yoast SEO plugin v25.4 - https:\/\/yoast.com\/wordpress\/plugins\/seo\/ -->\n<title>Da\u00f1o pancre\u00e1tico en pacientes con diabetes y COVID-19<\/title>\n<meta name=\"description\" content=\"Da\u00f1o pancre\u00e1tico en pacientes con diabetes y COVID-19. Con respecto a los pacientes con diabetes que han tenido inflamaci\u00f3n pancre\u00e1tica que\" \/>\n<meta name=\"robots\" content=\"index, follow, max-snippet:-1, max-image-preview:large, max-video-preview:-1\" \/>\n<link rel=\"canonical\" href=\"https:\/\/seryhumano.com\/web\/?p=36299\" \/>\n<meta property=\"og:locale\" content=\"es_ES\" \/>\n<meta property=\"og:type\" content=\"article\" \/>\n<meta property=\"og:title\" content=\"Da\u00f1o pancre\u00e1tico en pacientes con diabetes y COVID-19\" \/>\n<meta property=\"og:description\" content=\"Da\u00f1o pancre\u00e1tico en pacientes con diabetes y COVID-19. Con respecto a los pacientes con diabetes que han tenido inflamaci\u00f3n pancre\u00e1tica que\" \/>\n<meta property=\"og:url\" content=\"https:\/\/seryhumano.com\/web\/?p=36299\" \/>\n<meta property=\"og:site_name\" content=\"SeryHumano.com\" \/>\n<meta property=\"article:publisher\" content=\"https:\/\/www.facebook.com\/seryhumano\/\" \/>\n<meta property=\"article:published_time\" content=\"2020-11-17T18:09:50+00:00\" \/>\n<meta property=\"article:modified_time\" content=\"2020-11-17T18:09:58+00:00\" \/>\n<meta property=\"og:image\" content=\"https:\/\/seryhumano.com\/web\/wp-content\/uploads\/2020\/11\/Dano.jpg\" \/>\n\t<meta property=\"og:image:width\" content=\"768\" \/>\n\t<meta property=\"og:image:height\" content=\"432\" \/>\n\t<meta property=\"og:image:type\" content=\"image\/jpeg\" \/>\n<meta name=\"author\" content=\"Redacci\u00f3n SeryHumano.com\" \/>\n<meta name=\"twitter:card\" content=\"summary_large_image\" \/>\n<meta name=\"twitter:creator\" content=\"@SeryHumano\" \/>\n<meta name=\"twitter:site\" content=\"@SeryHumano\" \/>\n<meta name=\"twitter:label1\" content=\"Escrito por\" \/>\n\t<meta name=\"twitter:data1\" content=\"Redacci\u00f3n SeryHumano.com\" \/>\n\t<meta name=\"twitter:label2\" content=\"Tiempo de lectura\" \/>\n\t<meta name=\"twitter:data2\" content=\"3 minutos\" \/>\n<script type=\"application\/ld+json\" class=\"yoast-schema-graph\">{\"@context\":\"https:\/\/schema.org\",\"@graph\":[{\"@type\":\"Article\",\"@id\":\"https:\/\/seryhumano.com\/web\/?p=36299#article\",\"isPartOf\":{\"@id\":\"https:\/\/seryhumano.com\/web\/?p=36299\"},\"author\":{\"name\":\"Redacci\u00f3n SeryHumano.com\",\"@id\":\"https:\/\/seryhumano.com\/web\/#\/schema\/person\/f4adb88e2944ce8c1d005724eb1186d6\"},\"headline\":\"Da\u00f1o pancre\u00e1tico en pacientes con diabetes y COVID-19\",\"datePublished\":\"2020-11-17T18:09:50+00:00\",\"dateModified\":\"2020-11-17T18:09:58+00:00\",\"mainEntityOfPage\":{\"@id\":\"https:\/\/seryhumano.com\/web\/?p=36299\"},\"wordCount\":662,\"publisher\":{\"@id\":\"https:\/\/seryhumano.com\/web\/#organization\"},\"image\":{\"@id\":\"https:\/\/seryhumano.com\/web\/?p=36299#primaryimage\"},\"thumbnailUrl\":\"https:\/\/seryhumano.com\/web\/wp-content\/uploads\/2020\/11\/Dano.jpg\",\"keywords\":[\"alimentaci\u00f3n\",\"Covid-19\",\"da\u00f1o\",\"Diabetes\",\"hep\u00e1tica\",\"P\u00e1ncreas\",\"salud\",\"Saludable\"],\"articleSection\":[\"Ser Saludable\"],\"inLanguage\":\"es\"},{\"@type\":\"WebPage\",\"@id\":\"https:\/\/seryhumano.com\/web\/?p=36299\",\"url\":\"https:\/\/seryhumano.com\/web\/?p=36299\",\"name\":\"Da\u00f1o pancre\u00e1tico en pacientes con diabetes y COVID-19\",\"isPartOf\":{\"@id\":\"https:\/\/seryhumano.com\/web\/#website\"},\"primaryImageOfPage\":{\"@id\":\"https:\/\/seryhumano.com\/web\/?p=36299#primaryimage\"},\"image\":{\"@id\":\"https:\/\/seryhumano.com\/web\/?p=36299#primaryimage\"},\"thumbnailUrl\":\"https:\/\/seryhumano.com\/web\/wp-content\/uploads\/2020\/11\/Dano.jpg\",\"datePublished\":\"2020-11-17T18:09:50+00:00\",\"dateModified\":\"2020-11-17T18:09:58+00:00\",\"description\":\"Da\u00f1o pancre\u00e1tico en pacientes con diabetes y COVID-19. Con respecto a los pacientes con diabetes que han tenido inflamaci\u00f3n pancre\u00e1tica que\",\"breadcrumb\":{\"@id\":\"https:\/\/seryhumano.com\/web\/?p=36299#breadcrumb\"},\"inLanguage\":\"es\",\"potentialAction\":[{\"@type\":\"ReadAction\",\"target\":[\"https:\/\/seryhumano.com\/web\/?p=36299\"]}]},{\"@type\":\"ImageObject\",\"inLanguage\":\"es\",\"@id\":\"https:\/\/seryhumano.com\/web\/?p=36299#primaryimage\",\"url\":\"https:\/\/seryhumano.com\/web\/wp-content\/uploads\/2020\/11\/Dano.jpg\",\"contentUrl\":\"https:\/\/seryhumano.com\/web\/wp-content\/uploads\/2020\/11\/Dano.jpg\",\"width\":768,\"height\":432},{\"@type\":\"BreadcrumbList\",\"@id\":\"https:\/\/seryhumano.com\/web\/?p=36299#breadcrumb\",\"itemListElement\":[{\"@type\":\"ListItem\",\"position\":1,\"name\":\"Portada\",\"item\":\"https:\/\/seryhumano.com\/web\/\"},{\"@type\":\"ListItem\",\"position\":2,\"name\":\"Da\u00f1o pancre\u00e1tico en pacientes con diabetes y COVID-19\"}]},{\"@type\":\"WebSite\",\"@id\":\"https:\/\/seryhumano.com\/web\/#website\",\"url\":\"https:\/\/seryhumano.com\/web\/\",\"name\":\"SeryHumano.com\",\"description\":\"Revista digital muy humana, donde lo mas importante es el Ser...\",\"publisher\":{\"@id\":\"https:\/\/seryhumano.com\/web\/#organization\"},\"potentialAction\":[{\"@type\":\"SearchAction\",\"target\":{\"@type\":\"EntryPoint\",\"urlTemplate\":\"https:\/\/seryhumano.com\/web\/?s={search_term_string}\"},\"query-input\":{\"@type\":\"PropertyValueSpecification\",\"valueRequired\":true,\"valueName\":\"search_term_string\"}}],\"inLanguage\":\"es\"},{\"@type\":\"Organization\",\"@id\":\"https:\/\/seryhumano.com\/web\/#organization\",\"name\":\"SeryHumano.com\",\"url\":\"https:\/\/seryhumano.com\/web\/\",\"logo\":{\"@type\":\"ImageObject\",\"inLanguage\":\"es\",\"@id\":\"https:\/\/seryhumano.com\/web\/#\/schema\/logo\/image\/\",\"url\":\"https:\/\/seryhumano.com\/web\/wp-content\/uploads\/2020\/02\/JNe5VRwH_400x400-2.jpg\",\"contentUrl\":\"https:\/\/seryhumano.com\/web\/wp-content\/uploads\/2020\/02\/JNe5VRwH_400x400-2.jpg\",\"width\":400,\"height\":400,\"caption\":\"SeryHumano.com\"},\"image\":{\"@id\":\"https:\/\/seryhumano.com\/web\/#\/schema\/logo\/image\/\"},\"sameAs\":[\"https:\/\/www.facebook.com\/seryhumano\/\",\"https:\/\/x.com\/SeryHumano\",\"https:\/\/www.instagram.com\/seryhumano\/\",\"https:\/\/www.linkedin.com\/company\/seryhumano-com\/\",\"https:\/\/www.youtube.com\/channel\/UCYfgIGSxygVnJAW0e9ZBZWg\"]},{\"@type\":\"Person\",\"@id\":\"https:\/\/seryhumano.com\/web\/#\/schema\/person\/f4adb88e2944ce8c1d005724eb1186d6\",\"name\":\"Redacci\u00f3n SeryHumano.com\",\"sameAs\":[\"http:\/\/seryhumano.com\"],\"url\":\"https:\/\/seryhumano.com\/web\/?author=305\"}]}<\/script>\n<!-- \/ Yoast SEO plugin. -->","yoast_head_json":{"title":"Da\u00f1o pancre\u00e1tico en pacientes con diabetes y COVID-19","description":"Da\u00f1o pancre\u00e1tico en pacientes con diabetes y COVID-19. Con respecto a los pacientes con diabetes que han tenido inflamaci\u00f3n pancre\u00e1tica que","robots":{"index":"index","follow":"follow","max-snippet":"max-snippet:-1","max-image-preview":"max-image-preview:large","max-video-preview":"max-video-preview:-1"},"canonical":"https:\/\/seryhumano.com\/web\/?p=36299","og_locale":"es_ES","og_type":"article","og_title":"Da\u00f1o pancre\u00e1tico en pacientes con diabetes y COVID-19","og_description":"Da\u00f1o pancre\u00e1tico en pacientes con diabetes y COVID-19. Con respecto a los pacientes con diabetes que han tenido inflamaci\u00f3n pancre\u00e1tica que","og_url":"https:\/\/seryhumano.com\/web\/?p=36299","og_site_name":"SeryHumano.com","article_publisher":"https:\/\/www.facebook.com\/seryhumano\/","article_published_time":"2020-11-17T18:09:50+00:00","article_modified_time":"2020-11-17T18:09:58+00:00","og_image":[{"width":768,"height":432,"url":"https:\/\/seryhumano.com\/web\/wp-content\/uploads\/2020\/11\/Dano.jpg","type":"image\/jpeg"}],"author":"Redacci\u00f3n SeryHumano.com","twitter_card":"summary_large_image","twitter_creator":"@SeryHumano","twitter_site":"@SeryHumano","twitter_misc":{"Escrito por":"Redacci\u00f3n SeryHumano.com","Tiempo de lectura":"3 minutos"},"schema":{"@context":"https:\/\/schema.org","@graph":[{"@type":"Article","@id":"https:\/\/seryhumano.com\/web\/?p=36299#article","isPartOf":{"@id":"https:\/\/seryhumano.com\/web\/?p=36299"},"author":{"name":"Redacci\u00f3n SeryHumano.com","@id":"https:\/\/seryhumano.com\/web\/#\/schema\/person\/f4adb88e2944ce8c1d005724eb1186d6"},"headline":"Da\u00f1o pancre\u00e1tico en pacientes con diabetes y COVID-19","datePublished":"2020-11-17T18:09:50+00:00","dateModified":"2020-11-17T18:09:58+00:00","mainEntityOfPage":{"@id":"https:\/\/seryhumano.com\/web\/?p=36299"},"wordCount":662,"publisher":{"@id":"https:\/\/seryhumano.com\/web\/#organization"},"image":{"@id":"https:\/\/seryhumano.com\/web\/?p=36299#primaryimage"},"thumbnailUrl":"https:\/\/seryhumano.com\/web\/wp-content\/uploads\/2020\/11\/Dano.jpg","keywords":["alimentaci\u00f3n","Covid-19","da\u00f1o","Diabetes","hep\u00e1tica","P\u00e1ncreas","salud","Saludable"],"articleSection":["Ser Saludable"],"inLanguage":"es"},{"@type":"WebPage","@id":"https:\/\/seryhumano.com\/web\/?p=36299","url":"https:\/\/seryhumano.com\/web\/?p=36299","name":"Da\u00f1o pancre\u00e1tico en pacientes con diabetes y COVID-19","isPartOf":{"@id":"https:\/\/seryhumano.com\/web\/#website"},"primaryImageOfPage":{"@id":"https:\/\/seryhumano.com\/web\/?p=36299#primaryimage"},"image":{"@id":"https:\/\/seryhumano.com\/web\/?p=36299#primaryimage"},"thumbnailUrl":"https:\/\/seryhumano.com\/web\/wp-content\/uploads\/2020\/11\/Dano.jpg","datePublished":"2020-11-17T18:09:50+00:00","dateModified":"2020-11-17T18:09:58+00:00","description":"Da\u00f1o pancre\u00e1tico en pacientes con diabetes y COVID-19. Con respecto a los pacientes con diabetes que han tenido inflamaci\u00f3n pancre\u00e1tica que","breadcrumb":{"@id":"https:\/\/seryhumano.com\/web\/?p=36299#breadcrumb"},"inLanguage":"es","potentialAction":[{"@type":"ReadAction","target":["https:\/\/seryhumano.com\/web\/?p=36299"]}]},{"@type":"ImageObject","inLanguage":"es","@id":"https:\/\/seryhumano.com\/web\/?p=36299#primaryimage","url":"https:\/\/seryhumano.com\/web\/wp-content\/uploads\/2020\/11\/Dano.jpg","contentUrl":"https:\/\/seryhumano.com\/web\/wp-content\/uploads\/2020\/11\/Dano.jpg","width":768,"height":432},{"@type":"BreadcrumbList","@id":"https:\/\/seryhumano.com\/web\/?p=36299#breadcrumb","itemListElement":[{"@type":"ListItem","position":1,"name":"Portada","item":"https:\/\/seryhumano.com\/web\/"},{"@type":"ListItem","position":2,"name":"Da\u00f1o pancre\u00e1tico en pacientes con diabetes y COVID-19"}]},{"@type":"WebSite","@id":"https:\/\/seryhumano.com\/web\/#website","url":"https:\/\/seryhumano.com\/web\/","name":"SeryHumano.com","description":"Revista digital muy humana, donde lo mas importante es el Ser...","publisher":{"@id":"https:\/\/seryhumano.com\/web\/#organization"},"potentialAction":[{"@type":"SearchAction","target":{"@type":"EntryPoint","urlTemplate":"https:\/\/seryhumano.com\/web\/?s={search_term_string}"},"query-input":{"@type":"PropertyValueSpecification","valueRequired":true,"valueName":"search_term_string"}}],"inLanguage":"es"},{"@type":"Organization","@id":"https:\/\/seryhumano.com\/web\/#organization","name":"SeryHumano.com","url":"https:\/\/seryhumano.com\/web\/","logo":{"@type":"ImageObject","inLanguage":"es","@id":"https:\/\/seryhumano.com\/web\/#\/schema\/logo\/image\/","url":"https:\/\/seryhumano.com\/web\/wp-content\/uploads\/2020\/02\/JNe5VRwH_400x400-2.jpg","contentUrl":"https:\/\/seryhumano.com\/web\/wp-content\/uploads\/2020\/02\/JNe5VRwH_400x400-2.jpg","width":400,"height":400,"caption":"SeryHumano.com"},"image":{"@id":"https:\/\/seryhumano.com\/web\/#\/schema\/logo\/image\/"},"sameAs":["https:\/\/www.facebook.com\/seryhumano\/","https:\/\/x.com\/SeryHumano","https:\/\/www.instagram.com\/seryhumano\/","https:\/\/www.linkedin.com\/company\/seryhumano-com\/","https:\/\/www.youtube.com\/channel\/UCYfgIGSxygVnJAW0e9ZBZWg"]},{"@type":"Person","@id":"https:\/\/seryhumano.com\/web\/#\/schema\/person\/f4adb88e2944ce8c1d005724eb1186d6","name":"Redacci\u00f3n SeryHumano.com","sameAs":["http:\/\/seryhumano.com"],"url":"https:\/\/seryhumano.com\/web\/?author=305"}]}},"_links":{"self":[{"href":"https:\/\/seryhumano.com\/web\/index.php?rest_route=\/wp\/v2\/posts\/36299","targetHints":{"allow":["GET"]}}],"collection":[{"href":"https:\/\/seryhumano.com\/web\/index.php?rest_route=\/wp\/v2\/posts"}],"about":[{"href":"https:\/\/seryhumano.com\/web\/index.php?rest_route=\/wp\/v2\/types\/post"}],"author":[{"embeddable":true,"href":"https:\/\/seryhumano.com\/web\/index.php?rest_route=\/wp\/v2\/users\/305"}],"replies":[{"embeddable":true,"href":"https:\/\/seryhumano.com\/web\/index.php?rest_route=%2Fwp%2Fv2%2Fcomments&post=36299"}],"version-history":[{"count":0,"href":"https:\/\/seryhumano.com\/web\/index.php?rest_route=\/wp\/v2\/posts\/36299\/revisions"}],"wp:featuredmedia":[{"embeddable":true,"href":"https:\/\/seryhumano.com\/web\/index.php?rest_route=\/wp\/v2\/media\/36300"}],"wp:attachment":[{"href":"https:\/\/seryhumano.com\/web\/index.php?rest_route=%2Fwp%2Fv2%2Fmedia&parent=36299"}],"wp:term":[{"taxonomy":"category","embeddable":true,"href":"https:\/\/seryhumano.com\/web\/index.php?rest_route=%2Fwp%2Fv2%2Fcategories&post=36299"},{"taxonomy":"post_tag","embeddable":true,"href":"https:\/\/seryhumano.com\/web\/index.php?rest_route=%2Fwp%2Fv2%2Ftags&post=36299"}],"curies":[{"name":"wp","href":"https:\/\/api.w.org\/{rel}","templated":true}]}}