{"id":363,"date":"2012-09-07T10:12:02","date_gmt":"2012-09-07T14:42:02","guid":{"rendered":"https:\/\/seryhumano.com\/web\/?p=363"},"modified":"2012-09-07T11:03:48","modified_gmt":"2012-09-07T15:33:48","slug":"el-papa-y-la-ecologia","status":"publish","type":"post","link":"https:\/\/seryhumano.com\/web\/?p=363","title":{"rendered":"El Papa y la Ecolog\u00eda"},"content":{"rendered":"<p><em>\u201cNo se conseguir\u00e1 el justo equilibrio ecol\u00f3gico, si no se afrontan directamente las formas estructurales de pobreza existentes en el mundo\u00bb \u00a0 \u00a0 \u00a0 \u00a0 \u00a0 \u00a0 \u00a0 \u00a0 \u00a0 \u00a0\u00a0<\/em><strong>Juan Pablo II<\/strong><\/p>\n<p>Entre las noticias del d\u00eda de hoy he le\u00eddo lo siguiente:<\/p>\n<p><a href=\"https:\/\/seryhumano.com\/web\/wp-content\/uploads\/2012\/09\/Papamovil.jpg\"><img loading=\"lazy\" decoding=\"async\" class=\"alignleft size-full wp-image-366\" title=\"Papamovil\" src=\"https:\/\/seryhumano.com\/web\/wp-content\/uploads\/2012\/09\/Papamovil.jpg\" alt=\"\" width=\"289\" height=\"175\" \/><\/a>\u201cLa firma francesa Renault entreg\u00f3 en el Vaticano dos unidades del Kangoo Z.E al Papa Benedicto XVI. El nuevo \u201cPapam\u00f3vil ecol\u00f3gico\u201d est\u00e1 propulsado por un motor el\u00e9ctrico de 60 CV con el que alcanza una autonom\u00eda de hasta 170 kil\u00f3metros\u201d (parabrisas.perfil.com).<\/p>\n<p>El tema ecol\u00f3gico no es nuevo en los predios del Vaticano, \u00a0ya en 1989 el pensamiento \u00abecologista\u00bb de Juan Pablo II \u00a0se hac\u00eda evidente cuando \u00a0en la\u00a0XXV Conferencia general<em> de la FAO (Organizaci\u00f3n de las ONU para la Alimentaci\u00f3n y la Agricultura)<\/em>\u2013 comunicaba que \u201cla ecolog\u00eda no se limita s\u00f3lo a la defensa de la naturaleza, sino que se extiende al bienestar total de la humanidad\u201d.<\/p>\n<p><strong><br \/>\n<\/strong>A finales de los a\u00f1os 60 los vocablos \u00abecolog\u00eda\u00bb y \u00abmedio ambiente\u00bb eran relativamente extra\u00f1os en nuestra sociedad, fuera de un reducido grupo acad\u00e9mico formado por bi\u00f3logos, ge\u00f3grafos y soci\u00f3logos que trabajaban e investigaban en Ecolog\u00eda vegetal y animal por un lado, y en Ecolog\u00eda humana y social, por otro. (Extracto del art\u00edculo de \u201cEl pensamiento ecol\u00f3gico de Juan Pablo II\u201d)<a href=\"https:\/\/seryhumano.com\/web\/wp-content\/uploads\/2012\/09\/JPII2.jpg\"><img loading=\"lazy\" decoding=\"async\" class=\"alignright size-full wp-image-367\" title=\"JPII\" src=\"https:\/\/seryhumano.com\/web\/wp-content\/uploads\/2012\/09\/JPII2.jpg\" alt=\"\" width=\"305\" height=\"165\" srcset=\"https:\/\/seryhumano.com\/web\/wp-content\/uploads\/2012\/09\/JPII2.jpg 305w, https:\/\/seryhumano.com\/web\/wp-content\/uploads\/2012\/09\/JPII2-300x162.jpg 300w\" sizes=\"auto, (max-width: 305px) 100vw, 305px\" \/><\/a><\/p>\n<p>A\u00fan cuando no haya dedicado ninguna enc\u00edclica a esta tem\u00e1tica, resulta de hecho emblem\u00e1tico que su m\u00e1s consistente toma de posici\u00f3n \u00abambiental\u00bb se encuentre en la enc\u00edclica\u00a0<em>Centesimus annus,<\/em>\u00a0el documento publicado con motivo del centenario de aquel hito decisivo de la doctrina a social cat\u00f3lica que es la\u00a0<em>Rerum novarum<\/em>\u00a0de Le\u00f3n XIII. Un texto en el que el Papa Wojtyla interviene, denunciando que se da una muy escasa preocupaci\u00f3n \u00abpor salvaguardar las condiciones morales de una aut\u00e9ntica ecolog\u00eda humana\u00bb, y subraya que \u00abla Tierra le ha sido dada por Dios al hombre, quien tiene que disfrutarla respetando la intenci\u00f3n originaria de bien, sobre la base de la cual le ha sido entregada\u00bb.<\/p>\n<p>Son afirmaciones que con autoridad reclamaron, una mayor atenci\u00f3n hacia los problemas ambientales por parte de toda la Iglesia, y respaldadas tambi\u00e9n por precisos gestos, entre ellos, el nombramiento de san Francisco de As\u00eds como \u00abcelestial patrono de los amigos de la ecolog\u00eda\u00bb, en el ya lejano 1979, a pocos meses de su elecci\u00f3n al pontificado.<\/p>\n<p><a href=\"https:\/\/seryhumano.com\/web\/wp-content\/uploads\/2012\/09\/Jardines-ecol\u00f3gicos.jpg\"><img loading=\"lazy\" decoding=\"async\" class=\"alignleft size-full wp-image-368\" title=\"Jardines ecol\u00f3gicos\" src=\"https:\/\/seryhumano.com\/web\/wp-content\/uploads\/2012\/09\/Jardines-ecol\u00f3gicos.jpg\" alt=\"\" width=\"260\" height=\"194\" \/><\/a>Sin embargo, ha sido Benedicto XVI el que se ha ganado\u00a0 el apodo de \u201cel Papa verde\u201d\u00a0 \u00a0tras promocionar las\u00a0biblias ecol\u00f3gicas\u00a0y empezar a tomar medidas sostenibles en la Santa Sede, por lo que la Iglesia ayudar\u00e1 a\u00a0concienciar a la poblaci\u00f3n\u00a0para que se tomen medidas con el fin de\u00a0preservar la naturaleza del planeta.<\/p>\n<p>El papa\u00a0Ratzinger<strong>\u00a0<\/strong>compr\u00f3 un bosque h\u00fangaro que, seg\u00fan sus c\u00e1lculos, compensar\u00e1 las emisiones de CO2 del peque\u00f1o Estado del Vaticano\u00a0y se convertir\u00e1 en el primero en provocar un impacto cero a la atm\u00f3sfera.<\/p>\n<p>Lo que a\u00fan no me queda muy claro es \u00bfde qu\u00e9 sirve que el Sumo Pont\u00edfice use uno o dos veh\u00edculos ecol\u00f3gicos, mientras en el resto del planeta se siguen usando millones de autos, que consumen diariamente, miles de millones de litros de combustible \u00a0f\u00f3sil?<a href=\"https:\/\/seryhumano.com\/web\/wp-content\/uploads\/2012\/09\/Contaminaci\u00f3n.jpg\"><img loading=\"lazy\" decoding=\"async\" class=\"alignright size-full wp-image-369\" title=\"Contaminaci\u00f3n\" src=\"https:\/\/seryhumano.com\/web\/wp-content\/uploads\/2012\/09\/Contaminaci\u00f3n.jpg\" alt=\"\" width=\"271\" height=\"186\" \/><\/a><\/p>\n<p>A pesar de que no hace ninguna diferencia, \u00a0para la atmosfera del planeta el que, en el Vaticano se usen un par de autos \u201cverdes\u201d, lo que si lo har\u00eda es que tomen en serio las palabras de Joseph Aloisius Ratzinger \u00a0cuando afirma que \u201ctenemos que salvar el planeta antes de que sea demasiado tarde\u201d.<\/p>\n<p>Seryhumano.com \/ Yosmar Herrera<\/p>\n<p>Fuentes: www.almudi.org<\/p>\n<p>www.san-pablo.com.ar<\/p>\n<p>www.ecologiaverde.com<\/p>\n<p>&nbsp;<\/p>\n","protected":false},"excerpt":{"rendered":"<p>\u201cNo se conseguir\u00e1 el justo equilibrio ecol\u00f3gico, si no se afrontan directamente las formas estructurales de pobreza existentes en el mundo\u00bb \u00a0 \u00a0 \u00a0 \u00a0 \u00a0 \u00a0 \u00a0 \u00a0 \u00a0 \u00a0\u00a0Juan Pablo II Entre las noticias del d\u00eda de hoy he le\u00eddo lo siguiente: \u201cLa firma francesa Renault entreg\u00f3 en el Vaticano dos unidades del&hellip;<\/p>\n","protected":false},"author":2,"featured_media":374,"comment_status":"closed","ping_status":"closed","sticky":false,"template":"","format":"standard","meta":{"footnotes":""},"categories":[116],"tags":[111],"class_list":["post-363","post","type-post","status-publish","format-standard","has-post-thumbnail","hentry","category-ser-ecologico","tag-slider","category-116","description-off"],"yoast_head":"<!-- This site is optimized with the Yoast SEO plugin v25.4 - https:\/\/yoast.com\/wordpress\/plugins\/seo\/ -->\n<title>El Papa y la Ecolog\u00eda &#187; SeryHumano.com<\/title>\n<meta name=\"robots\" content=\"index, follow, max-snippet:-1, max-image-preview:large, max-video-preview:-1\" \/>\n<link rel=\"canonical\" href=\"https:\/\/seryhumano.com\/web\/?p=363\" \/>\n<meta property=\"og:locale\" content=\"es_ES\" \/>\n<meta property=\"og:type\" content=\"article\" \/>\n<meta property=\"og:title\" content=\"El Papa y la Ecolog\u00eda &#187; SeryHumano.com\" \/>\n<meta property=\"og:description\" content=\"\u201cNo se conseguir\u00e1 el justo equilibrio ecol\u00f3gico, si no se afrontan directamente las formas estructurales de pobreza existentes en el mundo\u00bb \u00a0 \u00a0 \u00a0 \u00a0 \u00a0 \u00a0 \u00a0 \u00a0 \u00a0 \u00a0\u00a0Juan Pablo II Entre las noticias del d\u00eda de hoy he le\u00eddo lo siguiente: \u201cLa firma francesa Renault entreg\u00f3 en el Vaticano dos unidades del&hellip;\" \/>\n<meta property=\"og:url\" content=\"https:\/\/seryhumano.com\/web\/?p=363\" \/>\n<meta property=\"og:site_name\" content=\"SeryHumano.com\" \/>\n<meta property=\"article:publisher\" content=\"https:\/\/www.facebook.com\/seryhumano\/\" \/>\n<meta property=\"article:published_time\" content=\"2012-09-07T14:42:02+00:00\" \/>\n<meta property=\"article:modified_time\" content=\"2012-09-07T15:33:48+00:00\" \/>\n<meta property=\"og:image\" content=\"https:\/\/seryhumano.com\/web\/wp-content\/uploads\/2012\/09\/featureslidervaticano+.jpg\" \/>\n\t<meta property=\"og:image:width\" content=\"910\" \/>\n\t<meta property=\"og:image:height\" content=\"227\" \/>\n\t<meta property=\"og:image:type\" content=\"image\/jpeg\" \/>\n<meta name=\"author\" content=\"@herrera_yosmar\" \/>\n<meta name=\"twitter:card\" content=\"summary_large_image\" \/>\n<meta name=\"twitter:creator\" content=\"@SeryHumano\" \/>\n<meta name=\"twitter:site\" content=\"@SeryHumano\" \/>\n<meta name=\"twitter:label1\" content=\"Escrito por\" \/>\n\t<meta name=\"twitter:data1\" content=\"@herrera_yosmar\" \/>\n\t<meta name=\"twitter:label2\" content=\"Tiempo de lectura\" \/>\n\t<meta name=\"twitter:data2\" content=\"3 minutos\" \/>\n<script type=\"application\/ld+json\" class=\"yoast-schema-graph\">{\"@context\":\"https:\/\/schema.org\",\"@graph\":[{\"@type\":\"Article\",\"@id\":\"https:\/\/seryhumano.com\/web\/?p=363#article\",\"isPartOf\":{\"@id\":\"https:\/\/seryhumano.com\/web\/?p=363\"},\"author\":{\"name\":\"@herrera_yosmar\",\"@id\":\"https:\/\/seryhumano.com\/web\/#\/schema\/person\/fd30e8e0b394a62344b44d9b0fe75795\"},\"headline\":\"El Papa y la Ecolog\u00eda\",\"datePublished\":\"2012-09-07T14:42:02+00:00\",\"dateModified\":\"2012-09-07T15:33:48+00:00\",\"mainEntityOfPage\":{\"@id\":\"https:\/\/seryhumano.com\/web\/?p=363\"},\"wordCount\":642,\"publisher\":{\"@id\":\"https:\/\/seryhumano.com\/web\/#organization\"},\"image\":{\"@id\":\"https:\/\/seryhumano.com\/web\/?p=363#primaryimage\"},\"thumbnailUrl\":\"https:\/\/seryhumano.com\/web\/wp-content\/uploads\/2012\/09\/featureslidervaticano+.jpg\",\"keywords\":[\"Slider\"],\"articleSection\":[\"Ser Ecol\u00f3gico\"],\"inLanguage\":\"es\"},{\"@type\":\"WebPage\",\"@id\":\"https:\/\/seryhumano.com\/web\/?p=363\",\"url\":\"https:\/\/seryhumano.com\/web\/?p=363\",\"name\":\"El Papa y la Ecolog\u00eda &#187; SeryHumano.com\",\"isPartOf\":{\"@id\":\"https:\/\/seryhumano.com\/web\/#website\"},\"primaryImageOfPage\":{\"@id\":\"https:\/\/seryhumano.com\/web\/?p=363#primaryimage\"},\"image\":{\"@id\":\"https:\/\/seryhumano.com\/web\/?p=363#primaryimage\"},\"thumbnailUrl\":\"https:\/\/seryhumano.com\/web\/wp-content\/uploads\/2012\/09\/featureslidervaticano+.jpg\",\"datePublished\":\"2012-09-07T14:42:02+00:00\",\"dateModified\":\"2012-09-07T15:33:48+00:00\",\"breadcrumb\":{\"@id\":\"https:\/\/seryhumano.com\/web\/?p=363#breadcrumb\"},\"inLanguage\":\"es\",\"potentialAction\":[{\"@type\":\"ReadAction\",\"target\":[\"https:\/\/seryhumano.com\/web\/?p=363\"]}]},{\"@type\":\"ImageObject\",\"inLanguage\":\"es\",\"@id\":\"https:\/\/seryhumano.com\/web\/?p=363#primaryimage\",\"url\":\"https:\/\/seryhumano.com\/web\/wp-content\/uploads\/2012\/09\/featureslidervaticano+.jpg\",\"contentUrl\":\"https:\/\/seryhumano.com\/web\/wp-content\/uploads\/2012\/09\/featureslidervaticano+.jpg\",\"width\":\"910\",\"height\":\"227\"},{\"@type\":\"BreadcrumbList\",\"@id\":\"https:\/\/seryhumano.com\/web\/?p=363#breadcrumb\",\"itemListElement\":[{\"@type\":\"ListItem\",\"position\":1,\"name\":\"Portada\",\"item\":\"https:\/\/seryhumano.com\/web\/\"},{\"@type\":\"ListItem\",\"position\":2,\"name\":\"El Papa y la Ecolog\u00eda\"}]},{\"@type\":\"WebSite\",\"@id\":\"https:\/\/seryhumano.com\/web\/#website\",\"url\":\"https:\/\/seryhumano.com\/web\/\",\"name\":\"SeryHumano.com\",\"description\":\"Revista digital muy humana, donde lo mas importante es el Ser...\",\"publisher\":{\"@id\":\"https:\/\/seryhumano.com\/web\/#organization\"},\"potentialAction\":[{\"@type\":\"SearchAction\",\"target\":{\"@type\":\"EntryPoint\",\"urlTemplate\":\"https:\/\/seryhumano.com\/web\/?s={search_term_string}\"},\"query-input\":{\"@type\":\"PropertyValueSpecification\",\"valueRequired\":true,\"valueName\":\"search_term_string\"}}],\"inLanguage\":\"es\"},{\"@type\":\"Organization\",\"@id\":\"https:\/\/seryhumano.com\/web\/#organization\",\"name\":\"SeryHumano.com\",\"url\":\"https:\/\/seryhumano.com\/web\/\",\"logo\":{\"@type\":\"ImageObject\",\"inLanguage\":\"es\",\"@id\":\"https:\/\/seryhumano.com\/web\/#\/schema\/logo\/image\/\",\"url\":\"https:\/\/seryhumano.com\/web\/wp-content\/uploads\/2020\/02\/JNe5VRwH_400x400-2.jpg\",\"contentUrl\":\"https:\/\/seryhumano.com\/web\/wp-content\/uploads\/2020\/02\/JNe5VRwH_400x400-2.jpg\",\"width\":400,\"height\":400,\"caption\":\"SeryHumano.com\"},\"image\":{\"@id\":\"https:\/\/seryhumano.com\/web\/#\/schema\/logo\/image\/\"},\"sameAs\":[\"https:\/\/www.facebook.com\/seryhumano\/\",\"https:\/\/x.com\/SeryHumano\",\"https:\/\/www.instagram.com\/seryhumano\/\",\"https:\/\/www.linkedin.com\/company\/seryhumano-com\/\",\"https:\/\/www.youtube.com\/channel\/UCYfgIGSxygVnJAW0e9ZBZWg\"]},{\"@type\":\"Person\",\"@id\":\"https:\/\/seryhumano.com\/web\/#\/schema\/person\/fd30e8e0b394a62344b44d9b0fe75795\",\"name\":\"@herrera_yosmar\",\"description\":\"Eterna enamorada de la vida, comunicadora, mam\u00e1 de tres\",\"sameAs\":[\"http:\/\/seryhumano.com\"],\"url\":\"https:\/\/seryhumano.com\/web\/?author=2\"}]}<\/script>\n<!-- \/ Yoast SEO plugin. -->","yoast_head_json":{"title":"El Papa y la Ecolog\u00eda &#187; SeryHumano.com","robots":{"index":"index","follow":"follow","max-snippet":"max-snippet:-1","max-image-preview":"max-image-preview:large","max-video-preview":"max-video-preview:-1"},"canonical":"https:\/\/seryhumano.com\/web\/?p=363","og_locale":"es_ES","og_type":"article","og_title":"El Papa y la Ecolog\u00eda &#187; SeryHumano.com","og_description":"\u201cNo se conseguir\u00e1 el justo equilibrio ecol\u00f3gico, si no se afrontan directamente las formas estructurales de pobreza existentes en el mundo\u00bb \u00a0 \u00a0 \u00a0 \u00a0 \u00a0 \u00a0 \u00a0 \u00a0 \u00a0 \u00a0\u00a0Juan Pablo II Entre las noticias del d\u00eda de hoy he le\u00eddo lo siguiente: \u201cLa firma francesa Renault entreg\u00f3 en el Vaticano dos unidades del&hellip;","og_url":"https:\/\/seryhumano.com\/web\/?p=363","og_site_name":"SeryHumano.com","article_publisher":"https:\/\/www.facebook.com\/seryhumano\/","article_published_time":"2012-09-07T14:42:02+00:00","article_modified_time":"2012-09-07T15:33:48+00:00","og_image":[{"width":910,"height":227,"url":"https:\/\/seryhumano.com\/web\/wp-content\/uploads\/2012\/09\/featureslidervaticano+.jpg","type":"image\/jpeg"}],"author":"@herrera_yosmar","twitter_card":"summary_large_image","twitter_creator":"@SeryHumano","twitter_site":"@SeryHumano","twitter_misc":{"Escrito por":"@herrera_yosmar","Tiempo de lectura":"3 minutos"},"schema":{"@context":"https:\/\/schema.org","@graph":[{"@type":"Article","@id":"https:\/\/seryhumano.com\/web\/?p=363#article","isPartOf":{"@id":"https:\/\/seryhumano.com\/web\/?p=363"},"author":{"name":"@herrera_yosmar","@id":"https:\/\/seryhumano.com\/web\/#\/schema\/person\/fd30e8e0b394a62344b44d9b0fe75795"},"headline":"El Papa y la Ecolog\u00eda","datePublished":"2012-09-07T14:42:02+00:00","dateModified":"2012-09-07T15:33:48+00:00","mainEntityOfPage":{"@id":"https:\/\/seryhumano.com\/web\/?p=363"},"wordCount":642,"publisher":{"@id":"https:\/\/seryhumano.com\/web\/#organization"},"image":{"@id":"https:\/\/seryhumano.com\/web\/?p=363#primaryimage"},"thumbnailUrl":"https:\/\/seryhumano.com\/web\/wp-content\/uploads\/2012\/09\/featureslidervaticano+.jpg","keywords":["Slider"],"articleSection":["Ser Ecol\u00f3gico"],"inLanguage":"es"},{"@type":"WebPage","@id":"https:\/\/seryhumano.com\/web\/?p=363","url":"https:\/\/seryhumano.com\/web\/?p=363","name":"El Papa y la Ecolog\u00eda &#187; SeryHumano.com","isPartOf":{"@id":"https:\/\/seryhumano.com\/web\/#website"},"primaryImageOfPage":{"@id":"https:\/\/seryhumano.com\/web\/?p=363#primaryimage"},"image":{"@id":"https:\/\/seryhumano.com\/web\/?p=363#primaryimage"},"thumbnailUrl":"https:\/\/seryhumano.com\/web\/wp-content\/uploads\/2012\/09\/featureslidervaticano+.jpg","datePublished":"2012-09-07T14:42:02+00:00","dateModified":"2012-09-07T15:33:48+00:00","breadcrumb":{"@id":"https:\/\/seryhumano.com\/web\/?p=363#breadcrumb"},"inLanguage":"es","potentialAction":[{"@type":"ReadAction","target":["https:\/\/seryhumano.com\/web\/?p=363"]}]},{"@type":"ImageObject","inLanguage":"es","@id":"https:\/\/seryhumano.com\/web\/?p=363#primaryimage","url":"https:\/\/seryhumano.com\/web\/wp-content\/uploads\/2012\/09\/featureslidervaticano+.jpg","contentUrl":"https:\/\/seryhumano.com\/web\/wp-content\/uploads\/2012\/09\/featureslidervaticano+.jpg","width":"910","height":"227"},{"@type":"BreadcrumbList","@id":"https:\/\/seryhumano.com\/web\/?p=363#breadcrumb","itemListElement":[{"@type":"ListItem","position":1,"name":"Portada","item":"https:\/\/seryhumano.com\/web\/"},{"@type":"ListItem","position":2,"name":"El Papa y la Ecolog\u00eda"}]},{"@type":"WebSite","@id":"https:\/\/seryhumano.com\/web\/#website","url":"https:\/\/seryhumano.com\/web\/","name":"SeryHumano.com","description":"Revista digital muy humana, donde lo mas importante es el Ser...","publisher":{"@id":"https:\/\/seryhumano.com\/web\/#organization"},"potentialAction":[{"@type":"SearchAction","target":{"@type":"EntryPoint","urlTemplate":"https:\/\/seryhumano.com\/web\/?s={search_term_string}"},"query-input":{"@type":"PropertyValueSpecification","valueRequired":true,"valueName":"search_term_string"}}],"inLanguage":"es"},{"@type":"Organization","@id":"https:\/\/seryhumano.com\/web\/#organization","name":"SeryHumano.com","url":"https:\/\/seryhumano.com\/web\/","logo":{"@type":"ImageObject","inLanguage":"es","@id":"https:\/\/seryhumano.com\/web\/#\/schema\/logo\/image\/","url":"https:\/\/seryhumano.com\/web\/wp-content\/uploads\/2020\/02\/JNe5VRwH_400x400-2.jpg","contentUrl":"https:\/\/seryhumano.com\/web\/wp-content\/uploads\/2020\/02\/JNe5VRwH_400x400-2.jpg","width":400,"height":400,"caption":"SeryHumano.com"},"image":{"@id":"https:\/\/seryhumano.com\/web\/#\/schema\/logo\/image\/"},"sameAs":["https:\/\/www.facebook.com\/seryhumano\/","https:\/\/x.com\/SeryHumano","https:\/\/www.instagram.com\/seryhumano\/","https:\/\/www.linkedin.com\/company\/seryhumano-com\/","https:\/\/www.youtube.com\/channel\/UCYfgIGSxygVnJAW0e9ZBZWg"]},{"@type":"Person","@id":"https:\/\/seryhumano.com\/web\/#\/schema\/person\/fd30e8e0b394a62344b44d9b0fe75795","name":"@herrera_yosmar","description":"Eterna enamorada de la vida, comunicadora, mam\u00e1 de tres","sameAs":["http:\/\/seryhumano.com"],"url":"https:\/\/seryhumano.com\/web\/?author=2"}]}},"_links":{"self":[{"href":"https:\/\/seryhumano.com\/web\/index.php?rest_route=\/wp\/v2\/posts\/363","targetHints":{"allow":["GET"]}}],"collection":[{"href":"https:\/\/seryhumano.com\/web\/index.php?rest_route=\/wp\/v2\/posts"}],"about":[{"href":"https:\/\/seryhumano.com\/web\/index.php?rest_route=\/wp\/v2\/types\/post"}],"author":[{"embeddable":true,"href":"https:\/\/seryhumano.com\/web\/index.php?rest_route=\/wp\/v2\/users\/2"}],"replies":[{"embeddable":true,"href":"https:\/\/seryhumano.com\/web\/index.php?rest_route=%2Fwp%2Fv2%2Fcomments&post=363"}],"version-history":[{"count":0,"href":"https:\/\/seryhumano.com\/web\/index.php?rest_route=\/wp\/v2\/posts\/363\/revisions"}],"wp:featuredmedia":[{"embeddable":true,"href":"https:\/\/seryhumano.com\/web\/index.php?rest_route=\/wp\/v2\/media\/374"}],"wp:attachment":[{"href":"https:\/\/seryhumano.com\/web\/index.php?rest_route=%2Fwp%2Fv2%2Fmedia&parent=363"}],"wp:term":[{"taxonomy":"category","embeddable":true,"href":"https:\/\/seryhumano.com\/web\/index.php?rest_route=%2Fwp%2Fv2%2Fcategories&post=363"},{"taxonomy":"post_tag","embeddable":true,"href":"https:\/\/seryhumano.com\/web\/index.php?rest_route=%2Fwp%2Fv2%2Ftags&post=363"}],"curies":[{"name":"wp","href":"https:\/\/api.w.org\/{rel}","templated":true}]}}