{"id":36609,"date":"2021-01-05T05:53:22","date_gmt":"2021-01-05T10:23:22","guid":{"rendered":"https:\/\/seryhumano.com\/web\/?p=36609"},"modified":"2021-01-05T05:54:22","modified_gmt":"2021-01-05T10:24:22","slug":"la-desaparicion-de-la-gripe-estacional-reabre-las-incognitas-sobre-la-pandemia-de-coronavirus","status":"publish","type":"post","link":"https:\/\/seryhumano.com\/web\/?p=36609","title":{"rendered":"La desaparici\u00f3n de la gripe estacional reabre las inc\u00f3gnitas sobre la pandemia de coronavirus"},"content":{"rendered":"\n<h2 class=\"has-text-align-center wp-block-heading\"><strong>Cuando los \u201cexpertos\u201d se ponen a largar explicaciones, incurren en caricaturas, como vienen haciendo a lo largo de toda la pandemia.<\/strong><\/h2>\n\n\n\n<div class=\"wp-block-image\"><figure class=\"aligncenter size-large\"><img loading=\"lazy\" decoding=\"async\" width=\"1024\" height=\"682\" src=\"https:\/\/seryhumano.com\/web\/wp-content\/uploads\/2021\/01\/Gripe-1024x682.jpg\" alt=\"La desaparici\u00f3n\" class=\"wp-image-36610\" srcset=\"https:\/\/seryhumano.com\/web\/wp-content\/uploads\/2021\/01\/Gripe-1024x682.jpg 1024w, https:\/\/seryhumano.com\/web\/wp-content\/uploads\/2021\/01\/Gripe-300x200.jpg 300w, https:\/\/seryhumano.com\/web\/wp-content\/uploads\/2021\/01\/Gripe-768x512.jpg 768w, https:\/\/seryhumano.com\/web\/wp-content\/uploads\/2021\/01\/Gripe.jpg 1280w\" sizes=\"auto, (max-width: 1024px) 100vw, 1024px\" \/><\/figure><\/div>\n\n\n\n<p>Una de las caracter\u00edsticas m\u00e1s extra\u00f1as de esta pandemia ha sido la desaparici\u00f3n de la gripe estacional de los registros m\u00e9dicos y de salud p\u00fablica en todos los pa\u00edses del mundo.<\/p>\n\n\n\n<p>Los casos registrados de gripe estacional han disminuido un 98 por ciento en todo el mundo. Es como si se hubiera evaporado en el aire despu\u00e9s de haber sido el virus respiratorio estacional m\u00e1s com\u00fan, un a\u00f1o tras otro.<\/p>\n\n\n\n<p>\u201cLa desaparici\u00f3n comenz\u00f3 cuando el Covid-19 lleg\u00f3 al final de nuestra temporada de gripe en marzo. Y la velocidad con la que cayeron las tasas se puede ver en los datos de \u2018vigilancia\u2019 recogidos por la Organizaci\u00f3n Mundial de la Salud\u201d, dice el Daily Mail (1).<\/p>\n\n\n\n<p>Recientemente la portavoz de la OMS, la doctora Sylvie Briand, admiti\u00f3 en una rueda de prensa que \u201cliteralmente no hubo casi ning\u00fan caso de gripe en el hemisferio sur\u201d del mundo en 2020, pero no dio ninguna explicaci\u00f3n sobre los motivos.<\/p>\n\n\n\n<h2 class=\"has-text-align-right wp-block-heading\"><strong>Cuando los \u201cexpertos\u201d se ponen a largar explicaciones, incurren en caricaturas, como vienen haciendo a lo largo de toda la pandemia.<\/strong><\/h2>\n\n\n\n<p>A principios de diciembre, el canal de noticias Kusi, del sur de California, inform\u00f3 sobre esta extra\u00f1a desaparici\u00f3n de la gripe (2), provocando m\u00e1s interrogantes sobre las estad\u00edsticas de la pandemia en su regi\u00f3n.<\/p>\n\n\n\n<p>Los \u201ccasos\u201d de coronavirus aumentan en California, al mismo tiempo que los \u201ccasos\u201d de gripe desaparecen o son extremadamente bajos en comparaci\u00f3n con el mismo per\u00edodo de a\u00f1os anteriores.<\/p>\n\n\n\n<p>Los datos oficiales del condado de San Diego solo registran 36 \u201ccasos\u201d de gripe en lo que va de a\u00f1o, frente a un promedio por encima de 17.000 en los a\u00f1os anteriores.<\/p>\n\n\n\n<p>Las dudas se van generalizando entre los sectores m\u00e1s reacios, que hasta ahora ven\u00edan devorando las estad\u00edsticas oficiales. No saben de d\u00f3nde sacan las cifras, por qu\u00e9 motivo hay tanto coronavirus y tan poca gripe.<\/p>\n\n\n\n<p><a href=\"https:\/\/seryhumano.com\/web\/\">seyhumano.com<\/a><\/p>\n\n\n\n<p>Fuentes:<\/p>\n\n\n\n<p>(1) <a href=\"https:\/\/www.dailymail.co.uk\/health\/article-8875201\/Has-Covid-killed-flu.html\">https:\/\/www.dailymail.co.uk\/health\/article-8875201\/Has-Covid-killed-flu.html<\/a><\/p>\n\n\n\n<p>(2) <a href=\"https:\/\/www.kusi.com\/carl-demaio-calls-for-audit-of-covid-19-data-only-36-flu-cases-reported\/\">https:\/\/www.kusi.com\/carl-demaio-calls-for-audit-of-covid-19-data-only-36-flu-cases-reported\/<\/a><\/p>\n\n\n\n<p>Si quiere recibir en su celular esta y otras informaciones y art\u00edculos descargue Telegram, ingrese al link <a href=\"htts:\/\/t.me\/seryhumano\">htts:\/\/t.me\/seryhumano<\/a> y dele clic a +Unirme<\/p>\n","protected":false},"excerpt":{"rendered":"<p>Cuando los \u201cexpertos\u201d se ponen a largar explicaciones, incurren en caricaturas, como vienen haciendo a lo largo de toda la pandemia. Una de las caracter\u00edsticas m\u00e1s extra\u00f1as de esta pandemia ha sido la desaparici\u00f3n de la gripe estacional de los registros m\u00e9dicos y de salud p\u00fablica en todos los pa\u00edses del mundo. Los casos registrados&hellip;<\/p>\n","protected":false},"author":305,"featured_media":36610,"comment_status":"closed","ping_status":"closed","sticky":false,"template":"","format":"standard","meta":{"footnotes":""},"categories":[120],"tags":[5969,6995,6996,6994,3585,6997,679,4161,172,5717],"class_list":["post-36609","post","type-post","status-publish","format-standard","has-post-thumbnail","hentry","category-ser-saludable","tag-coronavirus","tag-desaparicion","tag-estacional","tag-estadisticas","tag-gripe","tag-incognitas","tag-oms","tag-pandemia","tag-salud","tag-saludable","category-120","description-off"],"yoast_head":"<!-- This site is optimized with the Yoast SEO plugin v25.4 - https:\/\/yoast.com\/wordpress\/plugins\/seo\/ -->\n<title>La desaparici\u00f3n de la gripe estacional reabre inc\u00f3gnitas sobre la pandemia<\/title>\n<meta name=\"description\" content=\"La desaparici\u00f3n de la gripe estacional reabre las inc\u00f3gnitas sobre la pandemia de coronavirus. A principios de diciembre, el canal de noticias\" \/>\n<meta name=\"robots\" content=\"index, follow, max-snippet:-1, max-image-preview:large, max-video-preview:-1\" \/>\n<link rel=\"canonical\" href=\"https:\/\/seryhumano.com\/web\/?p=36609\" \/>\n<meta property=\"og:locale\" content=\"es_ES\" \/>\n<meta property=\"og:type\" content=\"article\" \/>\n<meta property=\"og:title\" content=\"La desaparici\u00f3n de la gripe estacional reabre inc\u00f3gnitas sobre la pandemia\" \/>\n<meta property=\"og:description\" content=\"La desaparici\u00f3n de la gripe estacional reabre las inc\u00f3gnitas sobre la pandemia de coronavirus. A principios de diciembre, el canal de noticias\" \/>\n<meta property=\"og:url\" content=\"https:\/\/seryhumano.com\/web\/?p=36609\" \/>\n<meta property=\"og:site_name\" content=\"SeryHumano.com\" \/>\n<meta property=\"article:publisher\" content=\"https:\/\/www.facebook.com\/seryhumano\/\" \/>\n<meta property=\"article:published_time\" content=\"2021-01-05T10:23:22+00:00\" \/>\n<meta property=\"article:modified_time\" content=\"2021-01-05T10:24:22+00:00\" \/>\n<meta property=\"og:image\" content=\"https:\/\/seryhumano.com\/web\/wp-content\/uploads\/2021\/01\/Gripe.jpg\" \/>\n\t<meta property=\"og:image:width\" content=\"1280\" \/>\n\t<meta property=\"og:image:height\" content=\"853\" \/>\n\t<meta property=\"og:image:type\" content=\"image\/jpeg\" \/>\n<meta name=\"author\" content=\"Redacci\u00f3n SeryHumano.com\" \/>\n<meta name=\"twitter:card\" content=\"summary_large_image\" \/>\n<meta name=\"twitter:creator\" content=\"@SeryHumano\" \/>\n<meta name=\"twitter:site\" content=\"@SeryHumano\" \/>\n<meta name=\"twitter:label1\" content=\"Escrito por\" \/>\n\t<meta name=\"twitter:data1\" content=\"Redacci\u00f3n SeryHumano.com\" \/>\n\t<meta name=\"twitter:label2\" content=\"Tiempo de lectura\" \/>\n\t<meta name=\"twitter:data2\" content=\"2 minutos\" \/>\n<script type=\"application\/ld+json\" class=\"yoast-schema-graph\">{\"@context\":\"https:\/\/schema.org\",\"@graph\":[{\"@type\":\"Article\",\"@id\":\"https:\/\/seryhumano.com\/web\/?p=36609#article\",\"isPartOf\":{\"@id\":\"https:\/\/seryhumano.com\/web\/?p=36609\"},\"author\":{\"name\":\"Redacci\u00f3n SeryHumano.com\",\"@id\":\"https:\/\/seryhumano.com\/web\/#\/schema\/person\/f4adb88e2944ce8c1d005724eb1186d6\"},\"headline\":\"La desaparici\u00f3n de la gripe estacional reabre las inc\u00f3gnitas sobre la pandemia de coronavirus\",\"datePublished\":\"2021-01-05T10:23:22+00:00\",\"dateModified\":\"2021-01-05T10:24:22+00:00\",\"mainEntityOfPage\":{\"@id\":\"https:\/\/seryhumano.com\/web\/?p=36609\"},\"wordCount\":414,\"publisher\":{\"@id\":\"https:\/\/seryhumano.com\/web\/#organization\"},\"image\":{\"@id\":\"https:\/\/seryhumano.com\/web\/?p=36609#primaryimage\"},\"thumbnailUrl\":\"https:\/\/seryhumano.com\/web\/wp-content\/uploads\/2021\/01\/Gripe.jpg\",\"keywords\":[\"Coronavirus\",\"Desaparici\u00f3n\",\"estacional\",\"estad\u00edsticas\",\"Gripe\",\"inc\u00f3gnitas\",\"OMS\",\"Pandemia\",\"salud\",\"Saludable\"],\"articleSection\":[\"Ser Saludable\"],\"inLanguage\":\"es\"},{\"@type\":\"WebPage\",\"@id\":\"https:\/\/seryhumano.com\/web\/?p=36609\",\"url\":\"https:\/\/seryhumano.com\/web\/?p=36609\",\"name\":\"La desaparici\u00f3n de la gripe estacional reabre inc\u00f3gnitas sobre la pandemia\",\"isPartOf\":{\"@id\":\"https:\/\/seryhumano.com\/web\/#website\"},\"primaryImageOfPage\":{\"@id\":\"https:\/\/seryhumano.com\/web\/?p=36609#primaryimage\"},\"image\":{\"@id\":\"https:\/\/seryhumano.com\/web\/?p=36609#primaryimage\"},\"thumbnailUrl\":\"https:\/\/seryhumano.com\/web\/wp-content\/uploads\/2021\/01\/Gripe.jpg\",\"datePublished\":\"2021-01-05T10:23:22+00:00\",\"dateModified\":\"2021-01-05T10:24:22+00:00\",\"description\":\"La desaparici\u00f3n de la gripe estacional reabre las inc\u00f3gnitas sobre la pandemia de coronavirus. A principios de diciembre, el canal de noticias\",\"breadcrumb\":{\"@id\":\"https:\/\/seryhumano.com\/web\/?p=36609#breadcrumb\"},\"inLanguage\":\"es\",\"potentialAction\":[{\"@type\":\"ReadAction\",\"target\":[\"https:\/\/seryhumano.com\/web\/?p=36609\"]}]},{\"@type\":\"ImageObject\",\"inLanguage\":\"es\",\"@id\":\"https:\/\/seryhumano.com\/web\/?p=36609#primaryimage\",\"url\":\"https:\/\/seryhumano.com\/web\/wp-content\/uploads\/2021\/01\/Gripe.jpg\",\"contentUrl\":\"https:\/\/seryhumano.com\/web\/wp-content\/uploads\/2021\/01\/Gripe.jpg\",\"width\":1280,\"height\":853},{\"@type\":\"BreadcrumbList\",\"@id\":\"https:\/\/seryhumano.com\/web\/?p=36609#breadcrumb\",\"itemListElement\":[{\"@type\":\"ListItem\",\"position\":1,\"name\":\"Portada\",\"item\":\"https:\/\/seryhumano.com\/web\/\"},{\"@type\":\"ListItem\",\"position\":2,\"name\":\"La desaparici\u00f3n de la gripe estacional reabre las inc\u00f3gnitas sobre la pandemia de coronavirus\"}]},{\"@type\":\"WebSite\",\"@id\":\"https:\/\/seryhumano.com\/web\/#website\",\"url\":\"https:\/\/seryhumano.com\/web\/\",\"name\":\"SeryHumano.com\",\"description\":\"Revista digital muy humana, donde lo mas importante es el Ser...\",\"publisher\":{\"@id\":\"https:\/\/seryhumano.com\/web\/#organization\"},\"potentialAction\":[{\"@type\":\"SearchAction\",\"target\":{\"@type\":\"EntryPoint\",\"urlTemplate\":\"https:\/\/seryhumano.com\/web\/?s={search_term_string}\"},\"query-input\":{\"@type\":\"PropertyValueSpecification\",\"valueRequired\":true,\"valueName\":\"search_term_string\"}}],\"inLanguage\":\"es\"},{\"@type\":\"Organization\",\"@id\":\"https:\/\/seryhumano.com\/web\/#organization\",\"name\":\"SeryHumano.com\",\"url\":\"https:\/\/seryhumano.com\/web\/\",\"logo\":{\"@type\":\"ImageObject\",\"inLanguage\":\"es\",\"@id\":\"https:\/\/seryhumano.com\/web\/#\/schema\/logo\/image\/\",\"url\":\"https:\/\/seryhumano.com\/web\/wp-content\/uploads\/2020\/02\/JNe5VRwH_400x400-2.jpg\",\"contentUrl\":\"https:\/\/seryhumano.com\/web\/wp-content\/uploads\/2020\/02\/JNe5VRwH_400x400-2.jpg\",\"width\":400,\"height\":400,\"caption\":\"SeryHumano.com\"},\"image\":{\"@id\":\"https:\/\/seryhumano.com\/web\/#\/schema\/logo\/image\/\"},\"sameAs\":[\"https:\/\/www.facebook.com\/seryhumano\/\",\"https:\/\/x.com\/SeryHumano\",\"https:\/\/www.instagram.com\/seryhumano\/\",\"https:\/\/www.linkedin.com\/company\/seryhumano-com\/\",\"https:\/\/www.youtube.com\/channel\/UCYfgIGSxygVnJAW0e9ZBZWg\"]},{\"@type\":\"Person\",\"@id\":\"https:\/\/seryhumano.com\/web\/#\/schema\/person\/f4adb88e2944ce8c1d005724eb1186d6\",\"name\":\"Redacci\u00f3n SeryHumano.com\",\"sameAs\":[\"http:\/\/seryhumano.com\"],\"url\":\"https:\/\/seryhumano.com\/web\/?author=305\"}]}<\/script>\n<!-- \/ Yoast SEO plugin. -->","yoast_head_json":{"title":"La desaparici\u00f3n de la gripe estacional reabre inc\u00f3gnitas sobre la pandemia","description":"La desaparici\u00f3n de la gripe estacional reabre las inc\u00f3gnitas sobre la pandemia de coronavirus. A principios de diciembre, el canal de noticias","robots":{"index":"index","follow":"follow","max-snippet":"max-snippet:-1","max-image-preview":"max-image-preview:large","max-video-preview":"max-video-preview:-1"},"canonical":"https:\/\/seryhumano.com\/web\/?p=36609","og_locale":"es_ES","og_type":"article","og_title":"La desaparici\u00f3n de la gripe estacional reabre inc\u00f3gnitas sobre la pandemia","og_description":"La desaparici\u00f3n de la gripe estacional reabre las inc\u00f3gnitas sobre la pandemia de coronavirus. A principios de diciembre, el canal de noticias","og_url":"https:\/\/seryhumano.com\/web\/?p=36609","og_site_name":"SeryHumano.com","article_publisher":"https:\/\/www.facebook.com\/seryhumano\/","article_published_time":"2021-01-05T10:23:22+00:00","article_modified_time":"2021-01-05T10:24:22+00:00","og_image":[{"width":1280,"height":853,"url":"https:\/\/seryhumano.com\/web\/wp-content\/uploads\/2021\/01\/Gripe.jpg","type":"image\/jpeg"}],"author":"Redacci\u00f3n SeryHumano.com","twitter_card":"summary_large_image","twitter_creator":"@SeryHumano","twitter_site":"@SeryHumano","twitter_misc":{"Escrito por":"Redacci\u00f3n SeryHumano.com","Tiempo de lectura":"2 minutos"},"schema":{"@context":"https:\/\/schema.org","@graph":[{"@type":"Article","@id":"https:\/\/seryhumano.com\/web\/?p=36609#article","isPartOf":{"@id":"https:\/\/seryhumano.com\/web\/?p=36609"},"author":{"name":"Redacci\u00f3n SeryHumano.com","@id":"https:\/\/seryhumano.com\/web\/#\/schema\/person\/f4adb88e2944ce8c1d005724eb1186d6"},"headline":"La desaparici\u00f3n de la gripe estacional reabre las inc\u00f3gnitas sobre la pandemia de coronavirus","datePublished":"2021-01-05T10:23:22+00:00","dateModified":"2021-01-05T10:24:22+00:00","mainEntityOfPage":{"@id":"https:\/\/seryhumano.com\/web\/?p=36609"},"wordCount":414,"publisher":{"@id":"https:\/\/seryhumano.com\/web\/#organization"},"image":{"@id":"https:\/\/seryhumano.com\/web\/?p=36609#primaryimage"},"thumbnailUrl":"https:\/\/seryhumano.com\/web\/wp-content\/uploads\/2021\/01\/Gripe.jpg","keywords":["Coronavirus","Desaparici\u00f3n","estacional","estad\u00edsticas","Gripe","inc\u00f3gnitas","OMS","Pandemia","salud","Saludable"],"articleSection":["Ser Saludable"],"inLanguage":"es"},{"@type":"WebPage","@id":"https:\/\/seryhumano.com\/web\/?p=36609","url":"https:\/\/seryhumano.com\/web\/?p=36609","name":"La desaparici\u00f3n de la gripe estacional reabre inc\u00f3gnitas sobre la pandemia","isPartOf":{"@id":"https:\/\/seryhumano.com\/web\/#website"},"primaryImageOfPage":{"@id":"https:\/\/seryhumano.com\/web\/?p=36609#primaryimage"},"image":{"@id":"https:\/\/seryhumano.com\/web\/?p=36609#primaryimage"},"thumbnailUrl":"https:\/\/seryhumano.com\/web\/wp-content\/uploads\/2021\/01\/Gripe.jpg","datePublished":"2021-01-05T10:23:22+00:00","dateModified":"2021-01-05T10:24:22+00:00","description":"La desaparici\u00f3n de la gripe estacional reabre las inc\u00f3gnitas sobre la pandemia de coronavirus. A principios de diciembre, el canal de noticias","breadcrumb":{"@id":"https:\/\/seryhumano.com\/web\/?p=36609#breadcrumb"},"inLanguage":"es","potentialAction":[{"@type":"ReadAction","target":["https:\/\/seryhumano.com\/web\/?p=36609"]}]},{"@type":"ImageObject","inLanguage":"es","@id":"https:\/\/seryhumano.com\/web\/?p=36609#primaryimage","url":"https:\/\/seryhumano.com\/web\/wp-content\/uploads\/2021\/01\/Gripe.jpg","contentUrl":"https:\/\/seryhumano.com\/web\/wp-content\/uploads\/2021\/01\/Gripe.jpg","width":1280,"height":853},{"@type":"BreadcrumbList","@id":"https:\/\/seryhumano.com\/web\/?p=36609#breadcrumb","itemListElement":[{"@type":"ListItem","position":1,"name":"Portada","item":"https:\/\/seryhumano.com\/web\/"},{"@type":"ListItem","position":2,"name":"La desaparici\u00f3n de la gripe estacional reabre las inc\u00f3gnitas sobre la pandemia de coronavirus"}]},{"@type":"WebSite","@id":"https:\/\/seryhumano.com\/web\/#website","url":"https:\/\/seryhumano.com\/web\/","name":"SeryHumano.com","description":"Revista digital muy humana, donde lo mas importante es el Ser...","publisher":{"@id":"https:\/\/seryhumano.com\/web\/#organization"},"potentialAction":[{"@type":"SearchAction","target":{"@type":"EntryPoint","urlTemplate":"https:\/\/seryhumano.com\/web\/?s={search_term_string}"},"query-input":{"@type":"PropertyValueSpecification","valueRequired":true,"valueName":"search_term_string"}}],"inLanguage":"es"},{"@type":"Organization","@id":"https:\/\/seryhumano.com\/web\/#organization","name":"SeryHumano.com","url":"https:\/\/seryhumano.com\/web\/","logo":{"@type":"ImageObject","inLanguage":"es","@id":"https:\/\/seryhumano.com\/web\/#\/schema\/logo\/image\/","url":"https:\/\/seryhumano.com\/web\/wp-content\/uploads\/2020\/02\/JNe5VRwH_400x400-2.jpg","contentUrl":"https:\/\/seryhumano.com\/web\/wp-content\/uploads\/2020\/02\/JNe5VRwH_400x400-2.jpg","width":400,"height":400,"caption":"SeryHumano.com"},"image":{"@id":"https:\/\/seryhumano.com\/web\/#\/schema\/logo\/image\/"},"sameAs":["https:\/\/www.facebook.com\/seryhumano\/","https:\/\/x.com\/SeryHumano","https:\/\/www.instagram.com\/seryhumano\/","https:\/\/www.linkedin.com\/company\/seryhumano-com\/","https:\/\/www.youtube.com\/channel\/UCYfgIGSxygVnJAW0e9ZBZWg"]},{"@type":"Person","@id":"https:\/\/seryhumano.com\/web\/#\/schema\/person\/f4adb88e2944ce8c1d005724eb1186d6","name":"Redacci\u00f3n SeryHumano.com","sameAs":["http:\/\/seryhumano.com"],"url":"https:\/\/seryhumano.com\/web\/?author=305"}]}},"_links":{"self":[{"href":"https:\/\/seryhumano.com\/web\/index.php?rest_route=\/wp\/v2\/posts\/36609","targetHints":{"allow":["GET"]}}],"collection":[{"href":"https:\/\/seryhumano.com\/web\/index.php?rest_route=\/wp\/v2\/posts"}],"about":[{"href":"https:\/\/seryhumano.com\/web\/index.php?rest_route=\/wp\/v2\/types\/post"}],"author":[{"embeddable":true,"href":"https:\/\/seryhumano.com\/web\/index.php?rest_route=\/wp\/v2\/users\/305"}],"replies":[{"embeddable":true,"href":"https:\/\/seryhumano.com\/web\/index.php?rest_route=%2Fwp%2Fv2%2Fcomments&post=36609"}],"version-history":[{"count":0,"href":"https:\/\/seryhumano.com\/web\/index.php?rest_route=\/wp\/v2\/posts\/36609\/revisions"}],"wp:featuredmedia":[{"embeddable":true,"href":"https:\/\/seryhumano.com\/web\/index.php?rest_route=\/wp\/v2\/media\/36610"}],"wp:attachment":[{"href":"https:\/\/seryhumano.com\/web\/index.php?rest_route=%2Fwp%2Fv2%2Fmedia&parent=36609"}],"wp:term":[{"taxonomy":"category","embeddable":true,"href":"https:\/\/seryhumano.com\/web\/index.php?rest_route=%2Fwp%2Fv2%2Fcategories&post=36609"},{"taxonomy":"post_tag","embeddable":true,"href":"https:\/\/seryhumano.com\/web\/index.php?rest_route=%2Fwp%2Fv2%2Ftags&post=36609"}],"curies":[{"name":"wp","href":"https:\/\/api.w.org\/{rel}","templated":true}]}}