{"id":36743,"date":"2021-01-23T06:23:13","date_gmt":"2021-01-23T10:53:13","guid":{"rendered":"https:\/\/seryhumano.com\/web\/?p=36743"},"modified":"2021-01-25T18:08:54","modified_gmt":"2021-01-25T22:38:54","slug":"dia-internacional-de-la-educacion","status":"publish","type":"post","link":"https:\/\/seryhumano.com\/web\/?p=36743","title":{"rendered":"D\u00eda Internacional de la Educaci\u00f3n"},"content":{"rendered":"\n<div class=\"wp-block-image\"><figure class=\"aligncenter size-large\"><img decoding=\"async\" src=\"https:\/\/seryhumano.com\/web\/wp-content\/uploads\/2021\/01\/Educacion-1024x682.jpg\" alt=\"Educaci\u00f3n\" class=\"wp-image-36744\"\/><\/figure><\/div>\n\n\n\n<p>El 24 de enero se celebra el D\u00eda Internacional de la Educaci\u00f3n, una fecha proclamada por la Organizaci\u00f3n de las Naciones Unidas (ONU) con el objetivo de concienciar a todo el planeta de la importancia de la educaci\u00f3n para conseguir los Objetivos de Desarrollo Sostenible. Concretamente el Objetivo n\u00famero cuatro establece una Educaci\u00f3n de Calidad.<\/p>\n\n\n\n<p>En realidad, la educaci\u00f3n es la base para una sociedad justa, igualitaria y autosuficiente. La educaci\u00f3n aumenta la productividad de las personas y como consecuencia, el potencial de crecimiento econ\u00f3mico. Hace que las personas trabajen en lo que les guste y en lo que son buenos, e influye directamente en la felicidad de las personas. <strong>Porque una persona realizada es una persona feliz.<\/strong><\/p>\n\n\n\n<p>Por eso la educaci\u00f3n ayuda a erradicar la pobreza y el hambre, contribuye a mejorar la salud y puede reducir la desigualdad. En definitiva, hace sociedades mejores.<\/p>\n\n\n\n<h2 class=\"wp-block-heading\"><strong>Datos negativos sobre la educaci\u00f3n en el mundo<\/strong><\/h2>\n\n\n\n<p>A pesar de que todos parecen estar de acuerdo en este tema, a\u00fan hay muchas carencias y los datos hacen pensar que queda mucho trabajo por hacer para conseguir el acceso de todos a una educaci\u00f3n de calidad.<\/p>\n\n\n\n<ul class=\"wp-block-list\"><li>En el mundo hay aproximadamente 258 millones de ni\u00f1os y j\u00f3venes sin escolarizar.<\/li><li>617 millones de ni\u00f1os y adolescentes no saben leer ni tienen conocimientos b\u00e1sicos de matem\u00e1ticas, lo m\u00ednimo para defenderse en la vida cotidiana.<\/li><li>En los pa\u00edses en desarrollo el 91% de los ni\u00f1os se matriculan en la escuela, pero de ellos, 57 millones de ni\u00f1os no asisten a la escuela.<\/li><li>\u00c1frica Subsahariana tiene el record de ni\u00f1os sin escolarizar.<\/li><li>Los conflictos y guerras impiden que los ni\u00f1os asistan al colegio.<\/li><li>Los ni\u00f1os refugiados tampoco pueden asistir, alcanzando la cifra de 4 millones.<\/li><\/ul>\n\n\n\n<h2 class=\"wp-block-heading\"><strong>Recuperar y revitalizar la educaci\u00f3n para la generaci\u00f3n COVID-19<\/strong><\/h2>\n\n\n\n<p>Durante el confinamiento por la pandemia de COVID-19 que ha afectado al mundo entero, la educaci\u00f3n ha sido uno de los aspectos m\u00e1s afectados, ya que millones de ni\u00f1os no han podido ir a la escuela, y ha supuesto la falta de escolarizaci\u00f3n para ni\u00f1os y ni\u00f1as m\u00e1s vulnerables, sobre todo en los pa\u00edses pobres y con falta de recursos.<\/p>\n\n\n\n<p>Aunque se han hecho verdaderos esfuerzos por la educaci\u00f3n, en muchos pa\u00edses ha sido imposible una educaci\u00f3n de calidad a distancia.<\/p>\n\n\n\n<p>As\u00ed, en este 2021, el lema del D\u00eda Internacional de la Educaci\u00f3n se centra en la recuperaci\u00f3n y la revitalizaci\u00f3n para una generaci\u00f3n entera que se ha visto afectada.<\/p>\n\n\n\n<p>El lema de 2020 se centr\u00f3 en que la educaci\u00f3n tiene que estar enfocada a la realizaci\u00f3n colectiva, empezando por los pueblos y actuando sobre todo el planeta para lograr la prosperidad y la paz mundial.<\/p>\n\n\n\n<h2 class=\"wp-block-heading\"><strong>C\u00f3mo celebrar el D\u00eda de la Educaci\u00f3n<\/strong><\/h2>\n\n\n\n<p>Se ha creado una p\u00e1gina <a href=\"https:\/\/es.unesco.org\/commemorations\/educationday\">web para centralizar toda la informaci\u00f3n<\/a> y los eventos que se van a desarrollar durante este a\u00f1o.<\/p>\n\n\n\n<p>Comparte en redes sociales con los hashtags #EducationDay #D\u00edadelaEducaci\u00f3n.<\/p>\n\n\n\n<p><a href=\"https:\/\/seryhumano.com\/web\/\">seryhumano.com<\/a><\/p>\n\n\n\n<p>Fuente: D\u00eda Internacional<\/p>\n\n\n\n<p>Si quiere recibir en su celular esta y otras informaciones y art\u00edculos descargue Telegram, ingrese al link <a href=\"htts:\/\/t.me\/seryhumano\">htts:\/\/t.me\/seryhumano <\/a>y dele clic a +Unirme<\/p>\n","protected":false},"excerpt":{"rendered":"<p>El 24 de enero se celebra el D\u00eda Internacional de la Educaci\u00f3n, una fecha proclamada por la Organizaci\u00f3n de las Naciones Unidas (ONU) con el objetivo de concienciar a todo el planeta de la importancia de la educaci\u00f3n para conseguir los Objetivos de Desarrollo Sostenible. Concretamente el Objetivo n\u00famero cuatro establece una Educaci\u00f3n de Calidad.&hellip;<\/p>\n","protected":false},"author":305,"featured_media":36754,"comment_status":"closed","ping_status":"closed","sticky":false,"template":"","format":"standard","meta":{"footnotes":""},"categories":[6530],"tags":[5925,379],"class_list":["post-36743","post","type-post","status-publish","format-standard","has-post-thumbnail","hentry","category-educacion","tag-dia-internacional","tag-educacion","category-6530","description-off"],"yoast_head":"<!-- This site is optimized with the Yoast SEO plugin v25.4 - https:\/\/yoast.com\/wordpress\/plugins\/seo\/ -->\n<title>D\u00eda Internacional de la Educaci\u00f3n &#187; SeryHumano.com<\/title>\n<meta name=\"description\" content=\"D\u00eda Internacional de la Educaci\u00f3n. El lema de 2020 se centr\u00f3 en que la educaci\u00f3n tiene que estar enfocada a la realizaci\u00f3n colectiva,\" \/>\n<meta name=\"robots\" content=\"index, follow, max-snippet:-1, max-image-preview:large, max-video-preview:-1\" \/>\n<link rel=\"canonical\" href=\"https:\/\/seryhumano.com\/web\/?p=36743\" \/>\n<meta property=\"og:locale\" content=\"es_ES\" \/>\n<meta property=\"og:type\" content=\"article\" \/>\n<meta property=\"og:title\" content=\"D\u00eda Internacional de la Educaci\u00f3n &#187; SeryHumano.com\" \/>\n<meta property=\"og:description\" content=\"D\u00eda Internacional de la Educaci\u00f3n. El lema de 2020 se centr\u00f3 en que la educaci\u00f3n tiene que estar enfocada a la realizaci\u00f3n colectiva,\" \/>\n<meta property=\"og:url\" content=\"https:\/\/seryhumano.com\/web\/?p=36743\" \/>\n<meta property=\"og:site_name\" content=\"SeryHumano.com\" \/>\n<meta property=\"article:publisher\" content=\"https:\/\/www.facebook.com\/seryhumano\/\" \/>\n<meta property=\"article:published_time\" content=\"2021-01-23T10:53:13+00:00\" \/>\n<meta property=\"article:modified_time\" content=\"2021-01-25T22:38:54+00:00\" \/>\n<meta property=\"og:image\" content=\"https:\/\/seryhumano.com\/web\/wp-content\/uploads\/2021\/01\/Educacion-1.jpg\" \/>\n\t<meta property=\"og:image:width\" content=\"1280\" \/>\n\t<meta property=\"og:image:height\" content=\"853\" \/>\n\t<meta property=\"og:image:type\" content=\"image\/jpeg\" \/>\n<meta name=\"author\" content=\"Redacci\u00f3n SeryHumano.com\" \/>\n<meta name=\"twitter:card\" content=\"summary_large_image\" \/>\n<meta name=\"twitter:creator\" content=\"@SeryHumano\" \/>\n<meta name=\"twitter:site\" content=\"@SeryHumano\" \/>\n<meta name=\"twitter:label1\" content=\"Escrito por\" \/>\n\t<meta name=\"twitter:data1\" content=\"Redacci\u00f3n SeryHumano.com\" \/>\n\t<meta name=\"twitter:label2\" content=\"Tiempo de lectura\" \/>\n\t<meta name=\"twitter:data2\" content=\"3 minutos\" \/>\n<script type=\"application\/ld+json\" class=\"yoast-schema-graph\">{\"@context\":\"https:\/\/schema.org\",\"@graph\":[{\"@type\":\"Article\",\"@id\":\"https:\/\/seryhumano.com\/web\/?p=36743#article\",\"isPartOf\":{\"@id\":\"https:\/\/seryhumano.com\/web\/?p=36743\"},\"author\":{\"name\":\"Redacci\u00f3n SeryHumano.com\",\"@id\":\"https:\/\/seryhumano.com\/web\/#\/schema\/person\/f4adb88e2944ce8c1d005724eb1186d6\"},\"headline\":\"D\u00eda Internacional de la Educaci\u00f3n\",\"datePublished\":\"2021-01-23T10:53:13+00:00\",\"dateModified\":\"2021-01-25T22:38:54+00:00\",\"mainEntityOfPage\":{\"@id\":\"https:\/\/seryhumano.com\/web\/?p=36743\"},\"wordCount\":564,\"publisher\":{\"@id\":\"https:\/\/seryhumano.com\/web\/#organization\"},\"image\":{\"@id\":\"https:\/\/seryhumano.com\/web\/?p=36743#primaryimage\"},\"thumbnailUrl\":\"https:\/\/seryhumano.com\/web\/wp-content\/uploads\/2021\/01\/Educacion-1.jpg\",\"keywords\":[\"D\u00eda Internacional\",\"educaci\u00f3n\"],\"articleSection\":[\"Educaci\u00f3n\"],\"inLanguage\":\"es\"},{\"@type\":\"WebPage\",\"@id\":\"https:\/\/seryhumano.com\/web\/?p=36743\",\"url\":\"https:\/\/seryhumano.com\/web\/?p=36743\",\"name\":\"D\u00eda Internacional de la Educaci\u00f3n &#187; SeryHumano.com\",\"isPartOf\":{\"@id\":\"https:\/\/seryhumano.com\/web\/#website\"},\"primaryImageOfPage\":{\"@id\":\"https:\/\/seryhumano.com\/web\/?p=36743#primaryimage\"},\"image\":{\"@id\":\"https:\/\/seryhumano.com\/web\/?p=36743#primaryimage\"},\"thumbnailUrl\":\"https:\/\/seryhumano.com\/web\/wp-content\/uploads\/2021\/01\/Educacion-1.jpg\",\"datePublished\":\"2021-01-23T10:53:13+00:00\",\"dateModified\":\"2021-01-25T22:38:54+00:00\",\"description\":\"D\u00eda Internacional de la Educaci\u00f3n. El lema de 2020 se centr\u00f3 en que la educaci\u00f3n tiene que estar enfocada a la realizaci\u00f3n colectiva,\",\"breadcrumb\":{\"@id\":\"https:\/\/seryhumano.com\/web\/?p=36743#breadcrumb\"},\"inLanguage\":\"es\",\"potentialAction\":[{\"@type\":\"ReadAction\",\"target\":[\"https:\/\/seryhumano.com\/web\/?p=36743\"]}]},{\"@type\":\"ImageObject\",\"inLanguage\":\"es\",\"@id\":\"https:\/\/seryhumano.com\/web\/?p=36743#primaryimage\",\"url\":\"https:\/\/seryhumano.com\/web\/wp-content\/uploads\/2021\/01\/Educacion-1.jpg\",\"contentUrl\":\"https:\/\/seryhumano.com\/web\/wp-content\/uploads\/2021\/01\/Educacion-1.jpg\",\"width\":1280,\"height\":853},{\"@type\":\"BreadcrumbList\",\"@id\":\"https:\/\/seryhumano.com\/web\/?p=36743#breadcrumb\",\"itemListElement\":[{\"@type\":\"ListItem\",\"position\":1,\"name\":\"Portada\",\"item\":\"https:\/\/seryhumano.com\/web\/\"},{\"@type\":\"ListItem\",\"position\":2,\"name\":\"D\u00eda Internacional de la Educaci\u00f3n\"}]},{\"@type\":\"WebSite\",\"@id\":\"https:\/\/seryhumano.com\/web\/#website\",\"url\":\"https:\/\/seryhumano.com\/web\/\",\"name\":\"SeryHumano.com\",\"description\":\"Revista digital muy humana, donde lo mas importante es el Ser...\",\"publisher\":{\"@id\":\"https:\/\/seryhumano.com\/web\/#organization\"},\"potentialAction\":[{\"@type\":\"SearchAction\",\"target\":{\"@type\":\"EntryPoint\",\"urlTemplate\":\"https:\/\/seryhumano.com\/web\/?s={search_term_string}\"},\"query-input\":{\"@type\":\"PropertyValueSpecification\",\"valueRequired\":true,\"valueName\":\"search_term_string\"}}],\"inLanguage\":\"es\"},{\"@type\":\"Organization\",\"@id\":\"https:\/\/seryhumano.com\/web\/#organization\",\"name\":\"SeryHumano.com\",\"url\":\"https:\/\/seryhumano.com\/web\/\",\"logo\":{\"@type\":\"ImageObject\",\"inLanguage\":\"es\",\"@id\":\"https:\/\/seryhumano.com\/web\/#\/schema\/logo\/image\/\",\"url\":\"https:\/\/seryhumano.com\/web\/wp-content\/uploads\/2020\/02\/JNe5VRwH_400x400-2.jpg\",\"contentUrl\":\"https:\/\/seryhumano.com\/web\/wp-content\/uploads\/2020\/02\/JNe5VRwH_400x400-2.jpg\",\"width\":400,\"height\":400,\"caption\":\"SeryHumano.com\"},\"image\":{\"@id\":\"https:\/\/seryhumano.com\/web\/#\/schema\/logo\/image\/\"},\"sameAs\":[\"https:\/\/www.facebook.com\/seryhumano\/\",\"https:\/\/x.com\/SeryHumano\",\"https:\/\/www.instagram.com\/seryhumano\/\",\"https:\/\/www.linkedin.com\/company\/seryhumano-com\/\",\"https:\/\/www.youtube.com\/channel\/UCYfgIGSxygVnJAW0e9ZBZWg\"]},{\"@type\":\"Person\",\"@id\":\"https:\/\/seryhumano.com\/web\/#\/schema\/person\/f4adb88e2944ce8c1d005724eb1186d6\",\"name\":\"Redacci\u00f3n SeryHumano.com\",\"sameAs\":[\"http:\/\/seryhumano.com\"],\"url\":\"https:\/\/seryhumano.com\/web\/?author=305\"}]}<\/script>\n<!-- \/ Yoast SEO plugin. -->","yoast_head_json":{"title":"D\u00eda Internacional de la Educaci\u00f3n &#187; SeryHumano.com","description":"D\u00eda Internacional de la Educaci\u00f3n. El lema de 2020 se centr\u00f3 en que la educaci\u00f3n tiene que estar enfocada a la realizaci\u00f3n colectiva,","robots":{"index":"index","follow":"follow","max-snippet":"max-snippet:-1","max-image-preview":"max-image-preview:large","max-video-preview":"max-video-preview:-1"},"canonical":"https:\/\/seryhumano.com\/web\/?p=36743","og_locale":"es_ES","og_type":"article","og_title":"D\u00eda Internacional de la Educaci\u00f3n &#187; SeryHumano.com","og_description":"D\u00eda Internacional de la Educaci\u00f3n. El lema de 2020 se centr\u00f3 en que la educaci\u00f3n tiene que estar enfocada a la realizaci\u00f3n colectiva,","og_url":"https:\/\/seryhumano.com\/web\/?p=36743","og_site_name":"SeryHumano.com","article_publisher":"https:\/\/www.facebook.com\/seryhumano\/","article_published_time":"2021-01-23T10:53:13+00:00","article_modified_time":"2021-01-25T22:38:54+00:00","og_image":[{"width":1280,"height":853,"url":"https:\/\/seryhumano.com\/web\/wp-content\/uploads\/2021\/01\/Educacion-1.jpg","type":"image\/jpeg"}],"author":"Redacci\u00f3n SeryHumano.com","twitter_card":"summary_large_image","twitter_creator":"@SeryHumano","twitter_site":"@SeryHumano","twitter_misc":{"Escrito por":"Redacci\u00f3n SeryHumano.com","Tiempo de lectura":"3 minutos"},"schema":{"@context":"https:\/\/schema.org","@graph":[{"@type":"Article","@id":"https:\/\/seryhumano.com\/web\/?p=36743#article","isPartOf":{"@id":"https:\/\/seryhumano.com\/web\/?p=36743"},"author":{"name":"Redacci\u00f3n SeryHumano.com","@id":"https:\/\/seryhumano.com\/web\/#\/schema\/person\/f4adb88e2944ce8c1d005724eb1186d6"},"headline":"D\u00eda Internacional de la Educaci\u00f3n","datePublished":"2021-01-23T10:53:13+00:00","dateModified":"2021-01-25T22:38:54+00:00","mainEntityOfPage":{"@id":"https:\/\/seryhumano.com\/web\/?p=36743"},"wordCount":564,"publisher":{"@id":"https:\/\/seryhumano.com\/web\/#organization"},"image":{"@id":"https:\/\/seryhumano.com\/web\/?p=36743#primaryimage"},"thumbnailUrl":"https:\/\/seryhumano.com\/web\/wp-content\/uploads\/2021\/01\/Educacion-1.jpg","keywords":["D\u00eda Internacional","educaci\u00f3n"],"articleSection":["Educaci\u00f3n"],"inLanguage":"es"},{"@type":"WebPage","@id":"https:\/\/seryhumano.com\/web\/?p=36743","url":"https:\/\/seryhumano.com\/web\/?p=36743","name":"D\u00eda Internacional de la Educaci\u00f3n &#187; SeryHumano.com","isPartOf":{"@id":"https:\/\/seryhumano.com\/web\/#website"},"primaryImageOfPage":{"@id":"https:\/\/seryhumano.com\/web\/?p=36743#primaryimage"},"image":{"@id":"https:\/\/seryhumano.com\/web\/?p=36743#primaryimage"},"thumbnailUrl":"https:\/\/seryhumano.com\/web\/wp-content\/uploads\/2021\/01\/Educacion-1.jpg","datePublished":"2021-01-23T10:53:13+00:00","dateModified":"2021-01-25T22:38:54+00:00","description":"D\u00eda Internacional de la Educaci\u00f3n. El lema de 2020 se centr\u00f3 en que la educaci\u00f3n tiene que estar enfocada a la realizaci\u00f3n colectiva,","breadcrumb":{"@id":"https:\/\/seryhumano.com\/web\/?p=36743#breadcrumb"},"inLanguage":"es","potentialAction":[{"@type":"ReadAction","target":["https:\/\/seryhumano.com\/web\/?p=36743"]}]},{"@type":"ImageObject","inLanguage":"es","@id":"https:\/\/seryhumano.com\/web\/?p=36743#primaryimage","url":"https:\/\/seryhumano.com\/web\/wp-content\/uploads\/2021\/01\/Educacion-1.jpg","contentUrl":"https:\/\/seryhumano.com\/web\/wp-content\/uploads\/2021\/01\/Educacion-1.jpg","width":1280,"height":853},{"@type":"BreadcrumbList","@id":"https:\/\/seryhumano.com\/web\/?p=36743#breadcrumb","itemListElement":[{"@type":"ListItem","position":1,"name":"Portada","item":"https:\/\/seryhumano.com\/web\/"},{"@type":"ListItem","position":2,"name":"D\u00eda Internacional de la Educaci\u00f3n"}]},{"@type":"WebSite","@id":"https:\/\/seryhumano.com\/web\/#website","url":"https:\/\/seryhumano.com\/web\/","name":"SeryHumano.com","description":"Revista digital muy humana, donde lo mas importante es el Ser...","publisher":{"@id":"https:\/\/seryhumano.com\/web\/#organization"},"potentialAction":[{"@type":"SearchAction","target":{"@type":"EntryPoint","urlTemplate":"https:\/\/seryhumano.com\/web\/?s={search_term_string}"},"query-input":{"@type":"PropertyValueSpecification","valueRequired":true,"valueName":"search_term_string"}}],"inLanguage":"es"},{"@type":"Organization","@id":"https:\/\/seryhumano.com\/web\/#organization","name":"SeryHumano.com","url":"https:\/\/seryhumano.com\/web\/","logo":{"@type":"ImageObject","inLanguage":"es","@id":"https:\/\/seryhumano.com\/web\/#\/schema\/logo\/image\/","url":"https:\/\/seryhumano.com\/web\/wp-content\/uploads\/2020\/02\/JNe5VRwH_400x400-2.jpg","contentUrl":"https:\/\/seryhumano.com\/web\/wp-content\/uploads\/2020\/02\/JNe5VRwH_400x400-2.jpg","width":400,"height":400,"caption":"SeryHumano.com"},"image":{"@id":"https:\/\/seryhumano.com\/web\/#\/schema\/logo\/image\/"},"sameAs":["https:\/\/www.facebook.com\/seryhumano\/","https:\/\/x.com\/SeryHumano","https:\/\/www.instagram.com\/seryhumano\/","https:\/\/www.linkedin.com\/company\/seryhumano-com\/","https:\/\/www.youtube.com\/channel\/UCYfgIGSxygVnJAW0e9ZBZWg"]},{"@type":"Person","@id":"https:\/\/seryhumano.com\/web\/#\/schema\/person\/f4adb88e2944ce8c1d005724eb1186d6","name":"Redacci\u00f3n SeryHumano.com","sameAs":["http:\/\/seryhumano.com"],"url":"https:\/\/seryhumano.com\/web\/?author=305"}]}},"_links":{"self":[{"href":"https:\/\/seryhumano.com\/web\/index.php?rest_route=\/wp\/v2\/posts\/36743","targetHints":{"allow":["GET"]}}],"collection":[{"href":"https:\/\/seryhumano.com\/web\/index.php?rest_route=\/wp\/v2\/posts"}],"about":[{"href":"https:\/\/seryhumano.com\/web\/index.php?rest_route=\/wp\/v2\/types\/post"}],"author":[{"embeddable":true,"href":"https:\/\/seryhumano.com\/web\/index.php?rest_route=\/wp\/v2\/users\/305"}],"replies":[{"embeddable":true,"href":"https:\/\/seryhumano.com\/web\/index.php?rest_route=%2Fwp%2Fv2%2Fcomments&post=36743"}],"version-history":[{"count":0,"href":"https:\/\/seryhumano.com\/web\/index.php?rest_route=\/wp\/v2\/posts\/36743\/revisions"}],"wp:featuredmedia":[{"embeddable":true,"href":"https:\/\/seryhumano.com\/web\/index.php?rest_route=\/wp\/v2\/media\/36754"}],"wp:attachment":[{"href":"https:\/\/seryhumano.com\/web\/index.php?rest_route=%2Fwp%2Fv2%2Fmedia&parent=36743"}],"wp:term":[{"taxonomy":"category","embeddable":true,"href":"https:\/\/seryhumano.com\/web\/index.php?rest_route=%2Fwp%2Fv2%2Fcategories&post=36743"},{"taxonomy":"post_tag","embeddable":true,"href":"https:\/\/seryhumano.com\/web\/index.php?rest_route=%2Fwp%2Fv2%2Ftags&post=36743"}],"curies":[{"name":"wp","href":"https:\/\/api.w.org\/{rel}","templated":true}]}}